{"id":37231,"date":"2017-02-21T17:12:27","date_gmt":"2017-02-21T16:12:27","guid":{"rendered":"https:\/\/www.immobilienbusiness.ch\/?p=6394"},"modified":"2017-02-21T17:12:27","modified_gmt":"2017-02-21T16:12:27","slug":"rueckblick-67-schweizer-immobiliengespraech","status":"publish","type":"post","link":"https:\/\/www.immobilienbusiness.ch\/de\/allgemein\/2017-02-21\/rueckblick-67-schweizer-immobiliengespraech\/","title":{"rendered":"R\u00fcckblick 67. Schweizer Immobiliengespr\u00e4ch"},"content":{"rendered":"<figure id=\"attachment_6395\" aria-describedby=\"caption-attachment-6395\" style=\"width: 680px\" class=\"wp-caption alignnone\"><img loading=\"lazy\" decoding=\"async\" class=\"size-medium wp-image-6395\" src=\"https:\/\/www.immobilienbusiness.ch\/wp-content\/uploads\/2017\/02\/R\u00fcckblick-67.-Schweizer-Immobiliengespr\u00e4ch_IMMOBILIEN-Business_1_Podium.jpg\" alt=\"Das 67. Schweizer Immobiliengespr\u00e4ch fand am 16. Februar 2017 im Restaurant Metropol in Z\u00fcrich statt\" width=\"680\" height=\"382\" \/><figcaption id=\"caption-attachment-6395\" class=\"wp-caption-text\">Das 67. Schweizer Immobiliengespr\u00e4ch fand am 16. Februar 2017 im Restaurant Metropol in Z\u00fcrich statt<\/figcaption><\/figure>\n<p>Marc Rudolf, Director der Wirtschaftsf\u00f6rderungsgesellschaft <a href=\"https:\/\/www.greaterzuricharea.com\/\" target=\"_blank\" rel=\"noopener noreferrer\">Greater Zurich Area<\/a>, wies zu Beginn darauf hin, dass die Schweiz zu den attraktivsten Standorten weltweit z\u00e4hle, aber allein in Europa mit mehr als einem Dutzend anderer Metropolitanregionen im Wettkampf um die Ansiedlung von Unternehmungen stehe. Die f\u00fcr das Land wichtigsten Faktoren seien Rechtssicherheit, Planbarkeit und Verl\u00e4sslichkeit sowie die \u00abVerf\u00fcgbarkeit von Talenten\u00bb, so Rudolf. Auf dem Immobilienmarkt verortete er u.a. die langen Planungszeitr\u00e4ume, so zum Beispiel bei Umzonungsprojekten, als Hemmschuh. Positiv sei jedoch, dass die Schweiz den Negativfaktor der hohen Arbeitskosten durch viele andere Marktkomponenten wettmachen k\u00f6nne.<\/p>\n<p><img loading=\"lazy\" decoding=\"async\" class=\"alignnone size-medium wp-image-6397\" src=\"https:\/\/www.immobilienbusiness.ch\/wp-content\/uploads\/2017\/02\/R\u00fcckblick-67.-Schweizer-Immobiliengespr\u00e4ch_IMMOBILIEN_Business_3.jpg\" alt=\"\" width=\"341\" height=\"383\" \/><\/p>\n<p>Auch Markus Mettler, CEO der Halter AG, diagnostizierte eine \u00abhohe Wettbewerbsf\u00e4higkeit der Schweiz\u00bb. Zugleich attestierte er der Eidgenossenschaft jedoch auch ein \u00abvergiftetes Wirtschaftswachstum\u00bb, da vor allem die kernwertsch\u00f6pfenden Branchen beschleunigt Stellenabbau betreiben w\u00fcrden. Ein echtes Wachstum macht Mettler hingegen lediglich im staatlichen bzw. para-staatlichen Bereich aus. So seien die Mitarbeiterst\u00e4be in den \u00f6ffentlichen Verwaltungen zuletzt stark hochgefahren worden, kritisierte er. Einher ginge dies mit einem verst\u00e4rkten Regulierungswahn im Bau- und Immobilienmarkt. Nur wenige Unternehmen begehrten dagegen auf. \u00abIch bef\u00fcrchte, nach 16 Jahren Bauboom sind einfach viele Akteure tr\u00e4ge geworden\u00bb, bilanzierte Mettler.<\/p>\n<p>Der Bauunternehmer und Z\u00fcrcher Kantonsrat Josef Wiederkehr forderte schliesslich mehr Vertreter der Bau- und Immobilienbranche in Bundesbern, um dort die Interessen der Zunft zu vertreten, aber auch die Wettbewerbsf\u00e4higkeit der Schweiz im internationalen Kontext zu verbessern. Das Scheitern der USR III an der Urne zeige, dass noch viel Aufkl\u00e4rungsarbeit n\u00f6tig sei. Eine Neuformulierung bed\u00fcrfe nun vermutlich einige Jahre Zeit, waren sich die Podiumsteilnehmer einig.<\/p>\n<ul>\n<li>Das n\u00e4chste Schweizer Immobiliengespr\u00e4ch findet am 2. Mai im Restaurant Metropol in Z\u00fcrich statt. Das Thema wird in K\u00fcrze bekanntgegeben.<\/li>\n<\/ul>\n<p>Hier finden Sie die Pr\u00e4sentationen der Referenten zum Download:<\/p>\n<p><a href=\"https:\/\/www.immobilienbusiness.ch\/wp-content\/uploads\/2017\/02\/Mettler_Halter_Pr\u00e4sentation.pdf\" target=\"_blank\" rel=\"noopener noreferrer\">Markus Mettler, Halter AG<\/a><\/p>\n<p><a href=\"https:\/\/www.immobilienbusiness.ch\/wp-content\/uploads\/2017\/02\/Rudolf_Greater-Zurich-Area_Pr\u00e4sentation.pdf\" target=\"_blank\" rel=\"noopener noreferrer\">Marc Rudolf, Greater Zurich Area<\/a><\/p>\n<p>&nbsp;<\/p>\n<p><img loading=\"lazy\" decoding=\"async\" class=\"alignnone size-medium wp-image-6396\" src=\"https:\/\/www.immobilienbusiness.ch\/wp-content\/uploads\/2017\/02\/R\u00fcckblick-67.-Schweizer-Immobiliengespr\u00e4ch_IMMOBILIEN-Business_2_Ap\u00e9ro.jpg\" alt=\"\" width=\"680\" height=\"382\" \/><\/p>\n","protected":false},"excerpt":{"rendered":"<p>Das 67. Schweizer Immobiliengespr\u00e4ch am 16. Februar 2017 im Z\u00fcrcher Restaurant Metropol befasste sich mit dem Thema \u00abWie bleibt die Schweiz konkurrenzf\u00e4hig?\u00bb. Auf dem Podium wurde dies \u2013 gerade auch nach Ablehnung der Unternehmenssteuerreform III (USR III) \u2013 kontrovers diskutiert.<\/p>\n","protected":false},"author":102,"featured_media":6395,"comment_status":"open","ping_status":"open","sticky":false,"template":"","format":"standard","meta":{"_acf_changed":false,"_yoast_wpseo_focuskw":"Immobiliengespr\u00e4ch","_yoast_wpseo_title":"","_yoast_wpseo_metadesc":"Das 67. Schweizer Immobiliengespr\u00e4ch fand am 16. Februar 2017 im Restaurant Metropol statt und zog Fachpersonen aus der ganzen Immobilienwirtschaft an.","_yoast_wpseo_linkdex":87,"pgc_sgb_lightbox_settings":"","footnotes":""},"categories":[1],"tags":[],"class_list":["post-37231","post","type-post","status-publish","format-standard","has-post-thumbnail","hentry","category-allgemein"],"acf":[],"yoast_head":"<!-- This site is optimized with the Yoast SEO plugin v27.5 - https:\/\/yoast.com\/product\/yoast-seo-wordpress\/ -->\n<title>R\u00fcckblick 67. Schweizer Immobiliengespr\u00e4ch - IMMOBILIEN Business<\/title>\n<meta name=\"description\" content=\"Das 67. Schweizer Immobiliengespr\u00e4ch fand am 16. Februar 2017 im Restaurant Metropol statt und zog Fachpersonen aus der ganzen Immobilienwirtschaft an.\" \/>\n<meta name=\"robots\" content=\"index, follow, max-snippet:-1, max-image-preview:large, max-video-preview:-1\" \/>\n<link rel=\"canonical\" href=\"https:\/\/www.immobilienbusiness.ch\/de\/allgemein\/2017-02-21\/rueckblick-67-schweizer-immobiliengespraech\/\" \/>\n<meta property=\"og:locale\" content=\"de_DE\" \/>\n<meta property=\"og:type\" content=\"article\" \/>\n<meta property=\"og:title\" content=\"R\u00fcckblick 67. Schweizer Immobiliengespr\u00e4ch - IMMOBILIEN Business\" \/>\n<meta property=\"og:description\" content=\"Das 67. Schweizer Immobiliengespr\u00e4ch fand am 16. Februar 2017 im Restaurant Metropol statt und zog Fachpersonen aus der ganzen Immobilienwirtschaft an.\" \/>\n<meta property=\"og:url\" content=\"https:\/\/www.immobilienbusiness.ch\/de\/allgemein\/2017-02-21\/rueckblick-67-schweizer-immobiliengespraech\/\" \/>\n<meta property=\"og:site_name\" content=\"IMMOBILIEN Business\" \/>\n<meta property=\"article:publisher\" content=\"https:\/\/www.facebook.com\/immobilienbusiness\/\" \/>\n<meta property=\"article:published_time\" content=\"2017-02-21T16:12:27+00:00\" \/>\n<meta property=\"og:image\" content=\"https:\/\/www.immobilienbusiness.ch\/wp-content\/uploads\/2017\/02\/Rueckblick-67.-Schweizer-Immobiliengespraech_IMMOBILIEN-Business_1_Podium-1024x575.jpg\" \/>\n\t<meta property=\"og:image:width\" content=\"1024\" \/>\n\t<meta property=\"og:image:height\" content=\"575\" \/>\n\t<meta property=\"og:image:type\" content=\"image\/jpeg\" \/>\n<meta name=\"author\" content=\"Alexander Wachter\" \/>\n<meta name=\"twitter:card\" content=\"summary_large_image\" \/>\n<script type=\"application\/ld+json\" class=\"yoast-schema-graph\">{\"@context\":\"https:\\\/\\\/schema.org\",\"@graph\":[{\"@type\":\"Article\",\"@id\":\"https:\\\/\\\/www.immobilienbusiness.ch\\\/allgemein\\\/2017-02-21\\\/rueckblick-67-schweizer-immobiliengespraech\\\/#article\",\"isPartOf\":{\"@id\":\"https:\\\/\\\/www.immobilienbusiness.ch\\\/allgemein\\\/2017-02-21\\\/rueckblick-67-schweizer-immobiliengespraech\\\/\"},\"author\":{\"name\":\"Alexander Wachter\",\"@id\":\"https:\\\/\\\/www.immobilienbusiness.ch\\\/#\\\/schema\\\/person\\\/aba8bea2db926aa0c24c08c43fe1fcd5\"},\"headline\":\"R\u00fcckblick 67. Schweizer Immobiliengespr\u00e4ch\",\"datePublished\":\"2017-02-21T16:12:27+00:00\",\"mainEntityOfPage\":{\"@id\":\"https:\\\/\\\/www.immobilienbusiness.ch\\\/allgemein\\\/2017-02-21\\\/rueckblick-67-schweizer-immobiliengespraech\\\/\"},\"wordCount\":335,\"commentCount\":0,\"publisher\":{\"@id\":\"https:\\\/\\\/www.immobilienbusiness.ch\\\/#organization\"},\"image\":{\"@id\":\"https:\\\/\\\/www.immobilienbusiness.ch\\\/allgemein\\\/2017-02-21\\\/rueckblick-67-schweizer-immobiliengespraech\\\/#primaryimage\"},\"thumbnailUrl\":\"https:\\\/\\\/www.immobilienbusiness.ch\\\/wp-content\\\/uploads\\\/2017\\\/02\\\/Rueckblick-67.-Schweizer-Immobiliengespraech_IMMOBILIEN-Business_1_Podium.jpg\",\"inLanguage\":\"de\"},{\"@type\":\"WebPage\",\"@id\":\"https:\\\/\\\/www.immobilienbusiness.ch\\\/allgemein\\\/2017-02-21\\\/rueckblick-67-schweizer-immobiliengespraech\\\/\",\"url\":\"https:\\\/\\\/www.immobilienbusiness.ch\\\/allgemein\\\/2017-02-21\\\/rueckblick-67-schweizer-immobiliengespraech\\\/\",\"name\":\"R\u00fcckblick 67. Schweizer Immobiliengespr\u00e4ch - IMMOBILIEN Business\",\"isPartOf\":{\"@id\":\"https:\\\/\\\/www.immobilienbusiness.ch\\\/#website\"},\"primaryImageOfPage\":{\"@id\":\"https:\\\/\\\/www.immobilienbusiness.ch\\\/allgemein\\\/2017-02-21\\\/rueckblick-67-schweizer-immobiliengespraech\\\/#primaryimage\"},\"image\":{\"@id\":\"https:\\\/\\\/www.immobilienbusiness.ch\\\/allgemein\\\/2017-02-21\\\/rueckblick-67-schweizer-immobiliengespraech\\\/#primaryimage\"},\"thumbnailUrl\":\"https:\\\/\\\/www.immobilienbusiness.ch\\\/wp-content\\\/uploads\\\/2017\\\/02\\\/Rueckblick-67.-Schweizer-Immobiliengespraech_IMMOBILIEN-Business_1_Podium.jpg\",\"datePublished\":\"2017-02-21T16:12:27+00:00\",\"description\":\"Das 67. Schweizer Immobiliengespr\u00e4ch fand am 16. Februar 2017 im Restaurant Metropol statt und zog Fachpersonen aus der ganzen Immobilienwirtschaft an.\",\"breadcrumb\":{\"@id\":\"https:\\\/\\\/www.immobilienbusiness.ch\\\/allgemein\\\/2017-02-21\\\/rueckblick-67-schweizer-immobiliengespraech\\\/#breadcrumb\"},\"inLanguage\":\"de\",\"potentialAction\":[{\"@type\":\"ReadAction\",\"target\":[\"https:\\\/\\\/www.immobilienbusiness.ch\\\/allgemein\\\/2017-02-21\\\/rueckblick-67-schweizer-immobiliengespraech\\\/\"]}]},{\"@type\":\"ImageObject\",\"inLanguage\":\"de\",\"@id\":\"https:\\\/\\\/www.immobilienbusiness.ch\\\/allgemein\\\/2017-02-21\\\/rueckblick-67-schweizer-immobiliengespraech\\\/#primaryimage\",\"url\":\"https:\\\/\\\/www.immobilienbusiness.ch\\\/wp-content\\\/uploads\\\/2017\\\/02\\\/Rueckblick-67.-Schweizer-Immobiliengespraech_IMMOBILIEN-Business_1_Podium.jpg\",\"contentUrl\":\"https:\\\/\\\/www.immobilienbusiness.ch\\\/wp-content\\\/uploads\\\/2017\\\/02\\\/Rueckblick-67.-Schweizer-Immobiliengespraech_IMMOBILIEN-Business_1_Podium.jpg\",\"width\":2560,\"height\":1439,\"caption\":\"Das 67. Schweizer Immobiliengespr\u00e4ch fand am 16. Februar 2017 im Restaurant Metropol in Z\u00fcrich statt\"},{\"@type\":\"BreadcrumbList\",\"@id\":\"https:\\\/\\\/www.immobilienbusiness.ch\\\/allgemein\\\/2017-02-21\\\/rueckblick-67-schweizer-immobiliengespraech\\\/#breadcrumb\",\"itemListElement\":[{\"@type\":\"ListItem\",\"position\":1,\"name\":\"Home\",\"item\":\"https:\\\/\\\/www.immobilienbusiness.ch\\\/\"},{\"@type\":\"ListItem\",\"position\":2,\"name\":\"R\u00fcckblick 67. Schweizer Immobiliengespr\u00e4ch\"}]},{\"@type\":\"WebSite\",\"@id\":\"https:\\\/\\\/www.immobilienbusiness.ch\\\/#website\",\"url\":\"https:\\\/\\\/www.immobilienbusiness.ch\\\/\",\"name\":\"IMMOBILIEN Business\",\"description\":\"Unabh\u00e4ngiges Schweizer Wirtschaftsmagazin mit Fokus auf Immobilien, Architektur- und Bau sowie Investment- und Finanzierung.\",\"publisher\":{\"@id\":\"https:\\\/\\\/www.immobilienbusiness.ch\\\/#organization\"},\"potentialAction\":[{\"@type\":\"SearchAction\",\"target\":{\"@type\":\"EntryPoint\",\"urlTemplate\":\"https:\\\/\\\/www.immobilienbusiness.ch\\\/?s={search_term_string}\"},\"query-input\":{\"@type\":\"PropertyValueSpecification\",\"valueRequired\":true,\"valueName\":\"search_term_string\"}}],\"inLanguage\":\"de\"},{\"@type\":\"Organization\",\"@id\":\"https:\\\/\\\/www.immobilienbusiness.ch\\\/#organization\",\"name\":\"IMMOBILIEN Business\",\"url\":\"https:\\\/\\\/www.immobilienbusiness.ch\\\/\",\"logo\":{\"@type\":\"ImageObject\",\"inLanguage\":\"de\",\"@id\":\"https:\\\/\\\/www.immobilienbusiness.ch\\\/#\\\/schema\\\/logo\\\/image\\\/\",\"url\":\"https:\\\/\\\/www.immobilienbusiness.ch\\\/wp-content\\\/uploads\\\/2021\\\/07\\\/logo_ib.png\",\"contentUrl\":\"https:\\\/\\\/www.immobilienbusiness.ch\\\/wp-content\\\/uploads\\\/2021\\\/07\\\/logo_ib.png\",\"width\":800,\"height\":181,\"caption\":\"IMMOBILIEN Business\"},\"image\":{\"@id\":\"https:\\\/\\\/www.immobilienbusiness.ch\\\/#\\\/schema\\\/logo\\\/image\\\/\"},\"sameAs\":[\"https:\\\/\\\/www.facebook.com\\\/immobilienbusiness\\\/\"]},{\"@type\":\"Person\",\"@id\":\"https:\\\/\\\/www.immobilienbusiness.ch\\\/#\\\/schema\\\/person\\\/aba8bea2db926aa0c24c08c43fe1fcd5\",\"name\":\"Alexander Wachter\",\"image\":{\"@type\":\"ImageObject\",\"inLanguage\":\"de\",\"@id\":\"https:\\\/\\\/secure.gravatar.com\\\/avatar\\\/1a09e471f5389b0e0a6416eac287e0927c7c97a7b77f9e787eba3af7aee281dd?s=96&d=mm&r=g\",\"url\":\"https:\\\/\\\/secure.gravatar.com\\\/avatar\\\/1a09e471f5389b0e0a6416eac287e0927c7c97a7b77f9e787eba3af7aee281dd?s=96&d=mm&r=g\",\"contentUrl\":\"https:\\\/\\\/secure.gravatar.com\\\/avatar\\\/1a09e471f5389b0e0a6416eac287e0927c7c97a7b77f9e787eba3af7aee281dd?s=96&d=mm&r=g\",\"caption\":\"Alexander Wachter\"},\"url\":\"https:\\\/\\\/www.immobilienbusiness.ch\\\/de\\\/author\\\/alexander-wachter\\\/\"}]}<\/script>\n<!-- \/ Yoast SEO plugin. -->","yoast_head_json":{"title":"R\u00fcckblick 67. Schweizer Immobiliengespr\u00e4ch - IMMOBILIEN Business","description":"Das 67. Schweizer Immobiliengespr\u00e4ch fand am 16. Februar 2017 im Restaurant Metropol statt und zog Fachpersonen aus der ganzen Immobilienwirtschaft an.","robots":{"index":"index","follow":"follow","max-snippet":"max-snippet:-1","max-image-preview":"max-image-preview:large","max-video-preview":"max-video-preview:-1"},"canonical":"https:\/\/www.immobilienbusiness.ch\/de\/allgemein\/2017-02-21\/rueckblick-67-schweizer-immobiliengespraech\/","og_locale":"de_DE","og_type":"article","og_title":"R\u00fcckblick 67. Schweizer Immobiliengespr\u00e4ch - IMMOBILIEN Business","og_description":"Das 67. Schweizer Immobiliengespr\u00e4ch fand am 16. Februar 2017 im Restaurant Metropol statt und zog Fachpersonen aus der ganzen Immobilienwirtschaft an.","og_url":"https:\/\/www.immobilienbusiness.ch\/de\/allgemein\/2017-02-21\/rueckblick-67-schweizer-immobiliengespraech\/","og_site_name":"IMMOBILIEN Business","article_publisher":"https:\/\/www.facebook.com\/immobilienbusiness\/","article_published_time":"2017-02-21T16:12:27+00:00","og_image":[{"width":1024,"height":575,"url":"https:\/\/www.immobilienbusiness.ch\/wp-content\/uploads\/2017\/02\/Rueckblick-67.-Schweizer-Immobiliengespraech_IMMOBILIEN-Business_1_Podium-1024x575.jpg","type":"image\/jpeg"}],"author":"Alexander Wachter","twitter_card":"summary_large_image","schema":{"@context":"https:\/\/schema.org","@graph":[{"@type":"Article","@id":"https:\/\/www.immobilienbusiness.ch\/allgemein\/2017-02-21\/rueckblick-67-schweizer-immobiliengespraech\/#article","isPartOf":{"@id":"https:\/\/www.immobilienbusiness.ch\/allgemein\/2017-02-21\/rueckblick-67-schweizer-immobiliengespraech\/"},"author":{"name":"Alexander Wachter","@id":"https:\/\/www.immobilienbusiness.ch\/#\/schema\/person\/aba8bea2db926aa0c24c08c43fe1fcd5"},"headline":"R\u00fcckblick 67. Schweizer Immobiliengespr\u00e4ch","datePublished":"2017-02-21T16:12:27+00:00","mainEntityOfPage":{"@id":"https:\/\/www.immobilienbusiness.ch\/allgemein\/2017-02-21\/rueckblick-67-schweizer-immobiliengespraech\/"},"wordCount":335,"commentCount":0,"publisher":{"@id":"https:\/\/www.immobilienbusiness.ch\/#organization"},"image":{"@id":"https:\/\/www.immobilienbusiness.ch\/allgemein\/2017-02-21\/rueckblick-67-schweizer-immobiliengespraech\/#primaryimage"},"thumbnailUrl":"https:\/\/www.immobilienbusiness.ch\/wp-content\/uploads\/2017\/02\/Rueckblick-67.-Schweizer-Immobiliengespraech_IMMOBILIEN-Business_1_Podium.jpg","inLanguage":"de"},{"@type":"WebPage","@id":"https:\/\/www.immobilienbusiness.ch\/allgemein\/2017-02-21\/rueckblick-67-schweizer-immobiliengespraech\/","url":"https:\/\/www.immobilienbusiness.ch\/allgemein\/2017-02-21\/rueckblick-67-schweizer-immobiliengespraech\/","name":"R\u00fcckblick 67. Schweizer Immobiliengespr\u00e4ch - IMMOBILIEN Business","isPartOf":{"@id":"https:\/\/www.immobilienbusiness.ch\/#website"},"primaryImageOfPage":{"@id":"https:\/\/www.immobilienbusiness.ch\/allgemein\/2017-02-21\/rueckblick-67-schweizer-immobiliengespraech\/#primaryimage"},"image":{"@id":"https:\/\/www.immobilienbusiness.ch\/allgemein\/2017-02-21\/rueckblick-67-schweizer-immobiliengespraech\/#primaryimage"},"thumbnailUrl":"https:\/\/www.immobilienbusiness.ch\/wp-content\/uploads\/2017\/02\/Rueckblick-67.-Schweizer-Immobiliengespraech_IMMOBILIEN-Business_1_Podium.jpg","datePublished":"2017-02-21T16:12:27+00:00","description":"Das 67. Schweizer Immobiliengespr\u00e4ch fand am 16. Februar 2017 im Restaurant Metropol statt und zog Fachpersonen aus der ganzen Immobilienwirtschaft an.","breadcrumb":{"@id":"https:\/\/www.immobilienbusiness.ch\/allgemein\/2017-02-21\/rueckblick-67-schweizer-immobiliengespraech\/#breadcrumb"},"inLanguage":"de","potentialAction":[{"@type":"ReadAction","target":["https:\/\/www.immobilienbusiness.ch\/allgemein\/2017-02-21\/rueckblick-67-schweizer-immobiliengespraech\/"]}]},{"@type":"ImageObject","inLanguage":"de","@id":"https:\/\/www.immobilienbusiness.ch\/allgemein\/2017-02-21\/rueckblick-67-schweizer-immobiliengespraech\/#primaryimage","url":"https:\/\/www.immobilienbusiness.ch\/wp-content\/uploads\/2017\/02\/Rueckblick-67.-Schweizer-Immobiliengespraech_IMMOBILIEN-Business_1_Podium.jpg","contentUrl":"https:\/\/www.immobilienbusiness.ch\/wp-content\/uploads\/2017\/02\/Rueckblick-67.-Schweizer-Immobiliengespraech_IMMOBILIEN-Business_1_Podium.jpg","width":2560,"height":1439,"caption":"Das 67. Schweizer Immobiliengespr\u00e4ch fand am 16. Februar 2017 im Restaurant Metropol in Z\u00fcrich statt"},{"@type":"BreadcrumbList","@id":"https:\/\/www.immobilienbusiness.ch\/allgemein\/2017-02-21\/rueckblick-67-schweizer-immobiliengespraech\/#breadcrumb","itemListElement":[{"@type":"ListItem","position":1,"name":"Home","item":"https:\/\/www.immobilienbusiness.ch\/"},{"@type":"ListItem","position":2,"name":"R\u00fcckblick 67. Schweizer Immobiliengespr\u00e4ch"}]},{"@type":"WebSite","@id":"https:\/\/www.immobilienbusiness.ch\/#website","url":"https:\/\/www.immobilienbusiness.ch\/","name":"IMMOBILIEN Business","description":"Unabh\u00e4ngiges Schweizer Wirtschaftsmagazin mit Fokus auf Immobilien, Architektur- und Bau sowie Investment- und Finanzierung.","publisher":{"@id":"https:\/\/www.immobilienbusiness.ch\/#organization"},"potentialAction":[{"@type":"SearchAction","target":{"@type":"EntryPoint","urlTemplate":"https:\/\/www.immobilienbusiness.ch\/?s={search_term_string}"},"query-input":{"@type":"PropertyValueSpecification","valueRequired":true,"valueName":"search_term_string"}}],"inLanguage":"de"},{"@type":"Organization","@id":"https:\/\/www.immobilienbusiness.ch\/#organization","name":"IMMOBILIEN Business","url":"https:\/\/www.immobilienbusiness.ch\/","logo":{"@type":"ImageObject","inLanguage":"de","@id":"https:\/\/www.immobilienbusiness.ch\/#\/schema\/logo\/image\/","url":"https:\/\/www.immobilienbusiness.ch\/wp-content\/uploads\/2021\/07\/logo_ib.png","contentUrl":"https:\/\/www.immobilienbusiness.ch\/wp-content\/uploads\/2021\/07\/logo_ib.png","width":800,"height":181,"caption":"IMMOBILIEN Business"},"image":{"@id":"https:\/\/www.immobilienbusiness.ch\/#\/schema\/logo\/image\/"},"sameAs":["https:\/\/www.facebook.com\/immobilienbusiness\/"]},{"@type":"Person","@id":"https:\/\/www.immobilienbusiness.ch\/#\/schema\/person\/aba8bea2db926aa0c24c08c43fe1fcd5","name":"Alexander Wachter","image":{"@type":"ImageObject","inLanguage":"de","@id":"https:\/\/secure.gravatar.com\/avatar\/1a09e471f5389b0e0a6416eac287e0927c7c97a7b77f9e787eba3af7aee281dd?s=96&d=mm&r=g","url":"https:\/\/secure.gravatar.com\/avatar\/1a09e471f5389b0e0a6416eac287e0927c7c97a7b77f9e787eba3af7aee281dd?s=96&d=mm&r=g","contentUrl":"https:\/\/secure.gravatar.com\/avatar\/1a09e471f5389b0e0a6416eac287e0927c7c97a7b77f9e787eba3af7aee281dd?s=96&d=mm&r=g","caption":"Alexander Wachter"},"url":"https:\/\/www.immobilienbusiness.ch\/de\/author\/alexander-wachter\/"}]}},"_links":{"self":[{"href":"https:\/\/www.immobilienbusiness.ch\/de\/wp-json\/wp\/v2\/posts\/37231","targetHints":{"allow":["GET"]}}],"collection":[{"href":"https:\/\/www.immobilienbusiness.ch\/de\/wp-json\/wp\/v2\/posts"}],"about":[{"href":"https:\/\/www.immobilienbusiness.ch\/de\/wp-json\/wp\/v2\/types\/post"}],"author":[{"embeddable":true,"href":"https:\/\/www.immobilienbusiness.ch\/de\/wp-json\/wp\/v2\/users\/102"}],"replies":[{"embeddable":true,"href":"https:\/\/www.immobilienbusiness.ch\/de\/wp-json\/wp\/v2\/comments?post=37231"}],"version-history":[{"count":0,"href":"https:\/\/www.immobilienbusiness.ch\/de\/wp-json\/wp\/v2\/posts\/37231\/revisions"}],"wp:featuredmedia":[{"embeddable":true,"href":"https:\/\/www.immobilienbusiness.ch\/de\/wp-json\/wp\/v2\/media\/6395"}],"wp:attachment":[{"href":"https:\/\/www.immobilienbusiness.ch\/de\/wp-json\/wp\/v2\/media?parent=37231"}],"wp:term":[{"taxonomy":"category","embeddable":true,"href":"https:\/\/www.immobilienbusiness.ch\/de\/wp-json\/wp\/v2\/categories?post=37231"},{"taxonomy":"post_tag","embeddable":true,"href":"https:\/\/www.immobilienbusiness.ch\/de\/wp-json\/wp\/v2\/tags?post=37231"}],"curies":[{"name":"wp","href":"https:\/\/api.w.org\/{rel}","templated":true}]}}