{"id":3697,"date":"2016-08-29T08:32:04","date_gmt":"2016-08-29T06:32:04","guid":{"rendered":"http:\/\/dev.immobilienbusiness.ch\/?p=3697"},"modified":"2016-08-29T08:32:04","modified_gmt":"2016-08-29T06:32:04","slug":"schweiz-frankreich-und-deutschland-planen-trinationales-wohnquartier","status":"publish","type":"post","link":"https:\/\/www.immobilienbusiness.ch\/de\/residential\/2016-08-29\/schweiz-frankreich-und-deutschland-planen-trinationales-wohnquartier\/","title":{"rendered":"Schweiz, Frankreich und Deutschland planen trinationales Wohnquartier"},"content":{"rendered":"<figure id=\"attachment_3698\" aria-describedby=\"caption-attachment-3698\" style=\"width: 680px\" class=\"wp-caption alignnone\"><img loading=\"lazy\" decoding=\"async\" class=\"size-medium wp-image-3698\" src=\"https:\/\/immobilienbusiness.ch\/wp-content\/uploads\/2016\/12\/Schweiz-Frankreich-und-Deutschland-planen-trinationales-Wohnquartier-immobilien-business.jpg\" alt=\"Entwicklungsvision \u00ab3Land\u00bb (Grafik\/Visualisierung: IBA Basel 2020)\" width=\"680\" height=\"571\" srcset=\"https:\/\/www.immobilienbusiness.ch\/wp-content\/uploads\/2016\/12\/Schweiz-Frankreich-und-Deutschland-planen-trinationales-Wohnquartier-immobilien-business.jpg 2560w, https:\/\/www.immobilienbusiness.ch\/wp-content\/uploads\/2016\/12\/Schweiz-Frankreich-und-Deutschland-planen-trinationales-Wohnquartier-immobilien-business-300x252.jpg 300w, https:\/\/www.immobilienbusiness.ch\/wp-content\/uploads\/2016\/12\/Schweiz-Frankreich-und-Deutschland-planen-trinationales-Wohnquartier-immobilien-business-1024x860.jpg 1024w, https:\/\/www.immobilienbusiness.ch\/wp-content\/uploads\/2016\/12\/Schweiz-Frankreich-und-Deutschland-planen-trinationales-Wohnquartier-immobilien-business-768x645.jpg 768w, https:\/\/www.immobilienbusiness.ch\/wp-content\/uploads\/2016\/12\/Schweiz-Frankreich-und-Deutschland-planen-trinationales-Wohnquartier-immobilien-business-1536x1289.jpg 1536w, https:\/\/www.immobilienbusiness.ch\/wp-content\/uploads\/2016\/12\/Schweiz-Frankreich-und-Deutschland-planen-trinationales-Wohnquartier-immobilien-business-2048x1719.jpg 2048w, https:\/\/www.immobilienbusiness.ch\/wp-content\/uploads\/2016\/12\/Schweiz-Frankreich-und-Deutschland-planen-trinationales-Wohnquartier-immobilien-business-14x12.jpg 14w, https:\/\/www.immobilienbusiness.ch\/wp-content\/uploads\/2016\/12\/Schweiz-Frankreich-und-Deutschland-planen-trinationales-Wohnquartier-immobilien-business-208x175.jpg 208w, https:\/\/www.immobilienbusiness.ch\/wp-content\/uploads\/2016\/12\/Schweiz-Frankreich-und-Deutschland-planen-trinationales-Wohnquartier-immobilien-business-417x350.jpg 417w, https:\/\/www.immobilienbusiness.ch\/wp-content\/uploads\/2016\/12\/Schweiz-Frankreich-und-Deutschland-planen-trinationales-Wohnquartier-immobilien-business-953x800.jpg 953w, https:\/\/www.immobilienbusiness.ch\/wp-content\/uploads\/2016\/12\/Schweiz-Frankreich-und-Deutschland-planen-trinationales-Wohnquartier-immobilien-business-920x772.jpg 920w, https:\/\/www.immobilienbusiness.ch\/wp-content\/uploads\/2016\/12\/Schweiz-Frankreich-und-Deutschland-planen-trinationales-Wohnquartier-immobilien-business-1400x1175.jpg 1400w, https:\/\/www.immobilienbusiness.ch\/wp-content\/uploads\/2016\/12\/Schweiz-Frankreich-und-Deutschland-planen-trinationales-Wohnquartier-immobilien-business-1668x1400.jpg 1668w\" sizes=\"auto, (max-width: 680px) 100vw, 680px\" \/><figcaption id=\"caption-attachment-3698\" class=\"wp-caption-text\">Entwicklungsvision \u00ab3Land\u00bb (Grafik\/Visualisierung: IBA Basel 2020)<\/figcaption><\/figure>\n<p>Hintergrund des Vorhabens ist der Strukturwandel in den Hafen- und Industriearealen entlang des Rheins, der neue st\u00e4dtebauliche Optionen er\u00f6ffnet. Die Partner wollen verschiedene Projekte auf einer Fl\u00e4che von rund 430 Hektaren &#8211;\u00a0 zwischen der Palmrainbr\u00fccke im Norden und der Dreirosenbr\u00fccke im S\u00fcden &#8211; gemeinsam planen, aufeinander abstimmen und den Rhein wieder besser &#8222;als verbindendes Element im kollektiven Bewusstsein der Region verankern&#8220;, wie es in einer Mitteilung heisst. Die Initiatoren erhoffen, dass das Stadtentwicklungsprojekt \u00e4hnlich wie die Hamburger Hafencity neue Potenziale er\u00f6ffnet. Auf der Internationalen Bauaustellung (IBA) Basel 2020 sollen die ersten konkreten Vorhaben vorgestellt werden.<\/p>\n<p>Die Idee zu der gemeinsamen Stadtentwicklung stammt aus dem Jahr 2011, als das niederl\u00e4ndische B\u00fcro MVRDV den Masterplan \u00abEntwicklungsvision 3Land\u00bb entwarf. Im September 2012 schlossen Basel, Weil am Rhein und H\u00fcningen eine erste Planungsvereinbarung und beauftragten 2013 mit finanzieller Unterst\u00fctzung der EU das Berliner B\u00fcro LIN mit dem \u00abRaumkonzept 3Land\u00bb. Vor wenigen Tagen haben die Partner vereinbart, wie sie die Planung weiterf\u00fchren wollen und es wurden drei Schwerpunkte definiert: Br\u00fccken\/Mobilit\u00e4t, Landschaft und Initialnutzungen. Zudem wurden mit Saint-Louis und dem Kreis L\u00f6rrach zwei neue Partner an Bord geholt. Damit geh\u00f6ren nun sieben Gebietsk\u00f6rperschaften \u2013 die St\u00e4dte Weil am Rhein, H\u00fcningen und Saint-Louis, der Kanton Basel-Stadt, der Gemeindeverbund der Communaut\u00e9 d\u2019Agglom\u00e9ration des Trois Fronti\u00e8res, das D\u00e9partement du Haut-Rhin und der Kreis L\u00f6rrach \u2013 der Projektgruppe an, ausserdem der Trinationale Eurodistrict Basel (TEB) und die IBA Basel.<\/p>\n<p>In den n\u00e4chsten beiden Jahren werden weitere Grundlagen erarbeitet, von 2018 an sollen erste Projekte umgesetzt werden.<\/p>\n<p>Das Verkehrskonzept sieht unter anderem eine neue Br\u00fccke vor, die H\u00fcningen und Basel verbindet, sowie eine Fuss- und Radfahrerbr\u00fccke \u00fcber die Hafeneinfahrt, die Weil und Basel verkn\u00fcpft. Ein weiteres Ziel sind Initialnutzungen mit innovativen Themen und Verfahren, die zukunftsweisend sind und bauliche Entwicklungen anstossen. (ah)<\/p>\n","protected":false},"excerpt":{"rendered":"<p>Im Dreil\u00e4ndereck bei Basel soll ein trinationales Quartier mit Wohnraum und Arbeitspl\u00e4tzen f\u00fcr 20.000 Menschen entstehen. Das Grossprojekt \u00ab3Land\u00bb kam nun einen entscheidenden Schritt weiter: Die Arbeiten am Raumkonzept sind abgeschlossen, zudem kamen Saint Louis im Elsass und der deutsche Landkreis L\u00f6rrach als Projektpartner hinzu.<\/p>\n","protected":false},"author":1,"featured_media":3698,"comment_status":"open","ping_status":"open","sticky":false,"template":"","format":"standard","meta":{"_acf_changed":false,"_yoast_wpseo_focuskw":"Trinationales Wohnquartier","_yoast_wpseo_title":"","_yoast_wpseo_metadesc":"Trinationales Wohnquartier: Im Dreil\u00e4ndereck bei Basel soll ein trinationales Quartier mit Wohnraum und Arbeitspl\u00e4tzen f\u00fcr 20.000 Menschen entstehen.","_yoast_wpseo_linkdex":73,"pgc_sgb_lightbox_settings":"","footnotes":""},"categories":[986],"tags":[1069,1601,1639,1862],"class_list":["post-3697","post","type-post","status-publish","format-standard","has-post-thumbnail","hentry","category-residential","tag-basel","tag-projektentwicklung","tag-residential","tag-wohnen"],"acf":[],"yoast_head":"<!-- This site is optimized with the Yoast SEO plugin v27.4 - https:\/\/yoast.com\/product\/yoast-seo-wordpress\/ -->\n<title>Schweiz, Frankreich und Deutschland planen trinationales Wohnquartier - IMMOBILIEN Business<\/title>\n<meta name=\"description\" content=\"Trinationales Wohnquartier: Im Dreil\u00e4ndereck bei Basel soll ein trinationales Quartier mit Wohnraum und Arbeitspl\u00e4tzen f\u00fcr 20.000 Menschen entstehen.\" \/>\n<meta name=\"robots\" content=\"index, follow, max-snippet:-1, max-image-preview:large, max-video-preview:-1\" \/>\n<link rel=\"canonical\" href=\"https:\/\/www.immobilienbusiness.ch\/de\/residential\/2016-08-29\/schweiz-frankreich-und-deutschland-planen-trinationales-wohnquartier\/\" \/>\n<meta property=\"og:locale\" content=\"de_DE\" \/>\n<meta property=\"og:type\" content=\"article\" \/>\n<meta property=\"og:title\" content=\"Schweiz, Frankreich und Deutschland planen trinationales Wohnquartier\" \/>\n<meta property=\"og:description\" content=\"Im Dreil\u00e4ndereck bei Basel soll ein trinationales Quartier mit Wohnraum und Arbeitspl\u00e4tzen f\u00fcr 20.000 Menschen entstehen. Das Grossprojekt \u00ab3Land\u00bb kam nun einen entscheidenden Schritt weiter: Die Arbeiten am Raumkonzept sind abgeschlossen, zudem kamen Saint Louis im Elsass und der deutsche Landkreis L\u00f6rrach als Projektpartner hinzu.\" \/>\n<meta property=\"og:url\" content=\"https:\/\/www.immobilienbusiness.ch\/de\/residential\/2016-08-29\/schweiz-frankreich-und-deutschland-planen-trinationales-wohnquartier\/\" \/>\n<meta property=\"og:site_name\" content=\"IMMOBILIEN Business\" \/>\n<meta property=\"article:publisher\" content=\"https:\/\/www.facebook.com\/immobilienbusiness\/\" \/>\n<meta property=\"article:published_time\" content=\"2016-08-29T06:32:04+00:00\" \/>\n<meta name=\"author\" content=\"Redaktion\" \/>\n<meta name=\"twitter:card\" content=\"summary_large_image\" \/>\n<meta name=\"twitter:image\" content=\"https:\/\/www.immobilienbusiness.ch\/wp-content\/uploads\/2016\/12\/Schweiz-Frankreich-und-Deutschland-planen-trinationales-Wohnquartier-immobilien-business.jpg\" \/>\n<script type=\"application\/ld+json\" class=\"yoast-schema-graph\">{\"@context\":\"https:\\\/\\\/schema.org\",\"@graph\":[{\"@type\":\"Article\",\"@id\":\"https:\\\/\\\/www.immobilienbusiness.ch\\\/fr\\\/residential\\\/2016-08-29\\\/schweiz-frankreich-und-deutschland-planen-trinationales-wohnquartier\\\/#article\",\"isPartOf\":{\"@id\":\"https:\\\/\\\/www.immobilienbusiness.ch\\\/fr\\\/residential\\\/2016-08-29\\\/schweiz-frankreich-und-deutschland-planen-trinationales-wohnquartier\\\/\"},\"author\":{\"name\":\"Redaktion\",\"@id\":\"https:\\\/\\\/www.immobilienbusiness.ch\\\/#\\\/schema\\\/person\\\/aa2bace6c5c5aad60102004a50c4eb1c\"},\"headline\":\"Schweiz, Frankreich und Deutschland planen trinationales Wohnquartier\",\"datePublished\":\"2016-08-29T06:32:04+00:00\",\"mainEntityOfPage\":{\"@id\":\"https:\\\/\\\/www.immobilienbusiness.ch\\\/fr\\\/residential\\\/2016-08-29\\\/schweiz-frankreich-und-deutschland-planen-trinationales-wohnquartier\\\/\"},\"wordCount\":334,\"commentCount\":0,\"publisher\":{\"@id\":\"https:\\\/\\\/www.immobilienbusiness.ch\\\/#organization\"},\"image\":{\"@id\":\"https:\\\/\\\/www.immobilienbusiness.ch\\\/fr\\\/residential\\\/2016-08-29\\\/schweiz-frankreich-und-deutschland-planen-trinationales-wohnquartier\\\/#primaryimage\"},\"thumbnailUrl\":\"https:\\\/\\\/www.immobilienbusiness.ch\\\/wp-content\\\/uploads\\\/2016\\\/12\\\/Schweiz-Frankreich-und-Deutschland-planen-trinationales-Wohnquartier-immobilien-business.jpg\",\"keywords\":[\"Basel\",\"Projektentwicklung\",\"Residential\",\"Wohnen\"],\"articleSection\":[\"RESIDENTIAL\"],\"inLanguage\":\"de\"},{\"@type\":\"WebPage\",\"@id\":\"https:\\\/\\\/www.immobilienbusiness.ch\\\/fr\\\/residential\\\/2016-08-29\\\/schweiz-frankreich-und-deutschland-planen-trinationales-wohnquartier\\\/\",\"url\":\"https:\\\/\\\/www.immobilienbusiness.ch\\\/fr\\\/residential\\\/2016-08-29\\\/schweiz-frankreich-und-deutschland-planen-trinationales-wohnquartier\\\/\",\"name\":\"Schweiz, Frankreich und Deutschland planen trinationales Wohnquartier - IMMOBILIEN Business\",\"isPartOf\":{\"@id\":\"https:\\\/\\\/www.immobilienbusiness.ch\\\/#website\"},\"primaryImageOfPage\":{\"@id\":\"https:\\\/\\\/www.immobilienbusiness.ch\\\/fr\\\/residential\\\/2016-08-29\\\/schweiz-frankreich-und-deutschland-planen-trinationales-wohnquartier\\\/#primaryimage\"},\"image\":{\"@id\":\"https:\\\/\\\/www.immobilienbusiness.ch\\\/fr\\\/residential\\\/2016-08-29\\\/schweiz-frankreich-und-deutschland-planen-trinationales-wohnquartier\\\/#primaryimage\"},\"thumbnailUrl\":\"https:\\\/\\\/www.immobilienbusiness.ch\\\/wp-content\\\/uploads\\\/2016\\\/12\\\/Schweiz-Frankreich-und-Deutschland-planen-trinationales-Wohnquartier-immobilien-business.jpg\",\"datePublished\":\"2016-08-29T06:32:04+00:00\",\"description\":\"Trinationales Wohnquartier: Im Dreil\u00e4ndereck bei Basel soll ein trinationales Quartier mit Wohnraum und Arbeitspl\u00e4tzen f\u00fcr 20.000 Menschen entstehen.\",\"breadcrumb\":{\"@id\":\"https:\\\/\\\/www.immobilienbusiness.ch\\\/fr\\\/residential\\\/2016-08-29\\\/schweiz-frankreich-und-deutschland-planen-trinationales-wohnquartier\\\/#breadcrumb\"},\"inLanguage\":\"de\",\"potentialAction\":[{\"@type\":\"ReadAction\",\"target\":[\"https:\\\/\\\/www.immobilienbusiness.ch\\\/fr\\\/residential\\\/2016-08-29\\\/schweiz-frankreich-und-deutschland-planen-trinationales-wohnquartier\\\/\"]}]},{\"@type\":\"ImageObject\",\"inLanguage\":\"de\",\"@id\":\"https:\\\/\\\/www.immobilienbusiness.ch\\\/fr\\\/residential\\\/2016-08-29\\\/schweiz-frankreich-und-deutschland-planen-trinationales-wohnquartier\\\/#primaryimage\",\"url\":\"https:\\\/\\\/www.immobilienbusiness.ch\\\/wp-content\\\/uploads\\\/2016\\\/12\\\/Schweiz-Frankreich-und-Deutschland-planen-trinationales-Wohnquartier-immobilien-business.jpg\",\"contentUrl\":\"https:\\\/\\\/www.immobilienbusiness.ch\\\/wp-content\\\/uploads\\\/2016\\\/12\\\/Schweiz-Frankreich-und-Deutschland-planen-trinationales-Wohnquartier-immobilien-business.jpg\",\"width\":2560,\"height\":2149,\"caption\":\"Entwicklungsvision \u00ab3Land\u00bb (Grafik\\\/Visualisierung: IBA Basel 2020)\"},{\"@type\":\"BreadcrumbList\",\"@id\":\"https:\\\/\\\/www.immobilienbusiness.ch\\\/fr\\\/residential\\\/2016-08-29\\\/schweiz-frankreich-und-deutschland-planen-trinationales-wohnquartier\\\/#breadcrumb\",\"itemListElement\":[{\"@type\":\"ListItem\",\"position\":1,\"name\":\"Home\",\"item\":\"https:\\\/\\\/www.immobilienbusiness.ch\\\/\"},{\"@type\":\"ListItem\",\"position\":2,\"name\":\"Schweiz, Frankreich und Deutschland planen trinationales Wohnquartier\"}]},{\"@type\":\"WebSite\",\"@id\":\"https:\\\/\\\/www.immobilienbusiness.ch\\\/#website\",\"url\":\"https:\\\/\\\/www.immobilienbusiness.ch\\\/\",\"name\":\"IMMOBILIEN Business\",\"description\":\"Unabh\u00e4ngiges Schweizer Wirtschaftsmagazin mit Fokus auf Immobilien, Architektur- und Bau sowie Investment- und Finanzierung.\",\"publisher\":{\"@id\":\"https:\\\/\\\/www.immobilienbusiness.ch\\\/#organization\"},\"potentialAction\":[{\"@type\":\"SearchAction\",\"target\":{\"@type\":\"EntryPoint\",\"urlTemplate\":\"https:\\\/\\\/www.immobilienbusiness.ch\\\/?s={search_term_string}\"},\"query-input\":{\"@type\":\"PropertyValueSpecification\",\"valueRequired\":true,\"valueName\":\"search_term_string\"}}],\"inLanguage\":\"de\"},{\"@type\":\"Organization\",\"@id\":\"https:\\\/\\\/www.immobilienbusiness.ch\\\/#organization\",\"name\":\"IMMOBILIEN Business\",\"url\":\"https:\\\/\\\/www.immobilienbusiness.ch\\\/\",\"logo\":{\"@type\":\"ImageObject\",\"inLanguage\":\"de\",\"@id\":\"https:\\\/\\\/www.immobilienbusiness.ch\\\/#\\\/schema\\\/logo\\\/image\\\/\",\"url\":\"https:\\\/\\\/www.immobilienbusiness.ch\\\/wp-content\\\/uploads\\\/2021\\\/07\\\/logo_ib.png\",\"contentUrl\":\"https:\\\/\\\/www.immobilienbusiness.ch\\\/wp-content\\\/uploads\\\/2021\\\/07\\\/logo_ib.png\",\"width\":800,\"height\":181,\"caption\":\"IMMOBILIEN Business\"},\"image\":{\"@id\":\"https:\\\/\\\/www.immobilienbusiness.ch\\\/#\\\/schema\\\/logo\\\/image\\\/\"},\"sameAs\":[\"https:\\\/\\\/www.facebook.com\\\/immobilienbusiness\\\/\"]},{\"@type\":\"Person\",\"@id\":\"https:\\\/\\\/www.immobilienbusiness.ch\\\/#\\\/schema\\\/person\\\/aa2bace6c5c5aad60102004a50c4eb1c\",\"name\":\"Redaktion\",\"image\":{\"@type\":\"ImageObject\",\"inLanguage\":\"de\",\"@id\":\"https:\\\/\\\/secure.gravatar.com\\\/avatar\\\/ae2f4d718e6c49043e314ce431e7e645d646302a24a5ef5a8bc8e3f5a032e319?s=96&d=mm&r=g\",\"url\":\"https:\\\/\\\/secure.gravatar.com\\\/avatar\\\/ae2f4d718e6c49043e314ce431e7e645d646302a24a5ef5a8bc8e3f5a032e319?s=96&d=mm&r=g\",\"contentUrl\":\"https:\\\/\\\/secure.gravatar.com\\\/avatar\\\/ae2f4d718e6c49043e314ce431e7e645d646302a24a5ef5a8bc8e3f5a032e319?s=96&d=mm&r=g\",\"caption\":\"Redaktion\"},\"sameAs\":[\"http:\\\/\\\/develop.organisator.galledia.ch\"],\"url\":\"https:\\\/\\\/www.immobilienbusiness.ch\\\/de\\\/author\\\/admin\\\/\"}]}<\/script>\n<!-- \/ Yoast SEO plugin. -->","yoast_head_json":{"title":"Schweiz, Frankreich und Deutschland planen trinationales Wohnquartier - IMMOBILIEN Business","description":"Trinationales Wohnquartier: Im Dreil\u00e4ndereck bei Basel soll ein trinationales Quartier mit Wohnraum und Arbeitspl\u00e4tzen f\u00fcr 20.000 Menschen entstehen.","robots":{"index":"index","follow":"follow","max-snippet":"max-snippet:-1","max-image-preview":"max-image-preview:large","max-video-preview":"max-video-preview:-1"},"canonical":"https:\/\/www.immobilienbusiness.ch\/de\/residential\/2016-08-29\/schweiz-frankreich-und-deutschland-planen-trinationales-wohnquartier\/","og_locale":"de_DE","og_type":"article","og_title":"Schweiz, Frankreich und Deutschland planen trinationales Wohnquartier","og_description":"Im Dreil\u00e4ndereck bei Basel soll ein trinationales Quartier mit Wohnraum und Arbeitspl\u00e4tzen f\u00fcr 20.000 Menschen entstehen. Das Grossprojekt \u00ab3Land\u00bb kam nun einen entscheidenden Schritt weiter: Die Arbeiten am Raumkonzept sind abgeschlossen, zudem kamen Saint Louis im Elsass und der deutsche Landkreis L\u00f6rrach als Projektpartner hinzu.","og_url":"https:\/\/www.immobilienbusiness.ch\/de\/residential\/2016-08-29\/schweiz-frankreich-und-deutschland-planen-trinationales-wohnquartier\/","og_site_name":"IMMOBILIEN Business","article_publisher":"https:\/\/www.facebook.com\/immobilienbusiness\/","article_published_time":"2016-08-29T06:32:04+00:00","author":"Redaktion","twitter_card":"summary_large_image","twitter_image":"https:\/\/www.immobilienbusiness.ch\/wp-content\/uploads\/2016\/12\/Schweiz-Frankreich-und-Deutschland-planen-trinationales-Wohnquartier-immobilien-business.jpg","schema":{"@context":"https:\/\/schema.org","@graph":[{"@type":"Article","@id":"https:\/\/www.immobilienbusiness.ch\/fr\/residential\/2016-08-29\/schweiz-frankreich-und-deutschland-planen-trinationales-wohnquartier\/#article","isPartOf":{"@id":"https:\/\/www.immobilienbusiness.ch\/fr\/residential\/2016-08-29\/schweiz-frankreich-und-deutschland-planen-trinationales-wohnquartier\/"},"author":{"name":"Redaktion","@id":"https:\/\/www.immobilienbusiness.ch\/#\/schema\/person\/aa2bace6c5c5aad60102004a50c4eb1c"},"headline":"Schweiz, Frankreich und Deutschland planen trinationales Wohnquartier","datePublished":"2016-08-29T06:32:04+00:00","mainEntityOfPage":{"@id":"https:\/\/www.immobilienbusiness.ch\/fr\/residential\/2016-08-29\/schweiz-frankreich-und-deutschland-planen-trinationales-wohnquartier\/"},"wordCount":334,"commentCount":0,"publisher":{"@id":"https:\/\/www.immobilienbusiness.ch\/#organization"},"image":{"@id":"https:\/\/www.immobilienbusiness.ch\/fr\/residential\/2016-08-29\/schweiz-frankreich-und-deutschland-planen-trinationales-wohnquartier\/#primaryimage"},"thumbnailUrl":"https:\/\/www.immobilienbusiness.ch\/wp-content\/uploads\/2016\/12\/Schweiz-Frankreich-und-Deutschland-planen-trinationales-Wohnquartier-immobilien-business.jpg","keywords":["Basel","Projektentwicklung","Residential","Wohnen"],"articleSection":["RESIDENTIAL"],"inLanguage":"de"},{"@type":"WebPage","@id":"https:\/\/www.immobilienbusiness.ch\/fr\/residential\/2016-08-29\/schweiz-frankreich-und-deutschland-planen-trinationales-wohnquartier\/","url":"https:\/\/www.immobilienbusiness.ch\/fr\/residential\/2016-08-29\/schweiz-frankreich-und-deutschland-planen-trinationales-wohnquartier\/","name":"Schweiz, Frankreich und Deutschland planen trinationales Wohnquartier - IMMOBILIEN Business","isPartOf":{"@id":"https:\/\/www.immobilienbusiness.ch\/#website"},"primaryImageOfPage":{"@id":"https:\/\/www.immobilienbusiness.ch\/fr\/residential\/2016-08-29\/schweiz-frankreich-und-deutschland-planen-trinationales-wohnquartier\/#primaryimage"},"image":{"@id":"https:\/\/www.immobilienbusiness.ch\/fr\/residential\/2016-08-29\/schweiz-frankreich-und-deutschland-planen-trinationales-wohnquartier\/#primaryimage"},"thumbnailUrl":"https:\/\/www.immobilienbusiness.ch\/wp-content\/uploads\/2016\/12\/Schweiz-Frankreich-und-Deutschland-planen-trinationales-Wohnquartier-immobilien-business.jpg","datePublished":"2016-08-29T06:32:04+00:00","description":"Trinationales Wohnquartier: Im Dreil\u00e4ndereck bei Basel soll ein trinationales Quartier mit Wohnraum und Arbeitspl\u00e4tzen f\u00fcr 20.000 Menschen entstehen.","breadcrumb":{"@id":"https:\/\/www.immobilienbusiness.ch\/fr\/residential\/2016-08-29\/schweiz-frankreich-und-deutschland-planen-trinationales-wohnquartier\/#breadcrumb"},"inLanguage":"de","potentialAction":[{"@type":"ReadAction","target":["https:\/\/www.immobilienbusiness.ch\/fr\/residential\/2016-08-29\/schweiz-frankreich-und-deutschland-planen-trinationales-wohnquartier\/"]}]},{"@type":"ImageObject","inLanguage":"de","@id":"https:\/\/www.immobilienbusiness.ch\/fr\/residential\/2016-08-29\/schweiz-frankreich-und-deutschland-planen-trinationales-wohnquartier\/#primaryimage","url":"https:\/\/www.immobilienbusiness.ch\/wp-content\/uploads\/2016\/12\/Schweiz-Frankreich-und-Deutschland-planen-trinationales-Wohnquartier-immobilien-business.jpg","contentUrl":"https:\/\/www.immobilienbusiness.ch\/wp-content\/uploads\/2016\/12\/Schweiz-Frankreich-und-Deutschland-planen-trinationales-Wohnquartier-immobilien-business.jpg","width":2560,"height":2149,"caption":"Entwicklungsvision \u00ab3Land\u00bb (Grafik\/Visualisierung: IBA Basel 2020)"},{"@type":"BreadcrumbList","@id":"https:\/\/www.immobilienbusiness.ch\/fr\/residential\/2016-08-29\/schweiz-frankreich-und-deutschland-planen-trinationales-wohnquartier\/#breadcrumb","itemListElement":[{"@type":"ListItem","position":1,"name":"Home","item":"https:\/\/www.immobilienbusiness.ch\/"},{"@type":"ListItem","position":2,"name":"Schweiz, Frankreich und Deutschland planen trinationales Wohnquartier"}]},{"@type":"WebSite","@id":"https:\/\/www.immobilienbusiness.ch\/#website","url":"https:\/\/www.immobilienbusiness.ch\/","name":"IMMOBILIEN Business","description":"Unabh\u00e4ngiges Schweizer Wirtschaftsmagazin mit Fokus auf Immobilien, Architektur- und Bau sowie Investment- und Finanzierung.","publisher":{"@id":"https:\/\/www.immobilienbusiness.ch\/#organization"},"potentialAction":[{"@type":"SearchAction","target":{"@type":"EntryPoint","urlTemplate":"https:\/\/www.immobilienbusiness.ch\/?s={search_term_string}"},"query-input":{"@type":"PropertyValueSpecification","valueRequired":true,"valueName":"search_term_string"}}],"inLanguage":"de"},{"@type":"Organization","@id":"https:\/\/www.immobilienbusiness.ch\/#organization","name":"IMMOBILIEN Business","url":"https:\/\/www.immobilienbusiness.ch\/","logo":{"@type":"ImageObject","inLanguage":"de","@id":"https:\/\/www.immobilienbusiness.ch\/#\/schema\/logo\/image\/","url":"https:\/\/www.immobilienbusiness.ch\/wp-content\/uploads\/2021\/07\/logo_ib.png","contentUrl":"https:\/\/www.immobilienbusiness.ch\/wp-content\/uploads\/2021\/07\/logo_ib.png","width":800,"height":181,"caption":"IMMOBILIEN Business"},"image":{"@id":"https:\/\/www.immobilienbusiness.ch\/#\/schema\/logo\/image\/"},"sameAs":["https:\/\/www.facebook.com\/immobilienbusiness\/"]},{"@type":"Person","@id":"https:\/\/www.immobilienbusiness.ch\/#\/schema\/person\/aa2bace6c5c5aad60102004a50c4eb1c","name":"Redaktion","image":{"@type":"ImageObject","inLanguage":"de","@id":"https:\/\/secure.gravatar.com\/avatar\/ae2f4d718e6c49043e314ce431e7e645d646302a24a5ef5a8bc8e3f5a032e319?s=96&d=mm&r=g","url":"https:\/\/secure.gravatar.com\/avatar\/ae2f4d718e6c49043e314ce431e7e645d646302a24a5ef5a8bc8e3f5a032e319?s=96&d=mm&r=g","contentUrl":"https:\/\/secure.gravatar.com\/avatar\/ae2f4d718e6c49043e314ce431e7e645d646302a24a5ef5a8bc8e3f5a032e319?s=96&d=mm&r=g","caption":"Redaktion"},"sameAs":["http:\/\/develop.organisator.galledia.ch"],"url":"https:\/\/www.immobilienbusiness.ch\/de\/author\/admin\/"}]}},"_links":{"self":[{"href":"https:\/\/www.immobilienbusiness.ch\/de\/wp-json\/wp\/v2\/posts\/3697","targetHints":{"allow":["GET"]}}],"collection":[{"href":"https:\/\/www.immobilienbusiness.ch\/de\/wp-json\/wp\/v2\/posts"}],"about":[{"href":"https:\/\/www.immobilienbusiness.ch\/de\/wp-json\/wp\/v2\/types\/post"}],"author":[{"embeddable":true,"href":"https:\/\/www.immobilienbusiness.ch\/de\/wp-json\/wp\/v2\/users\/1"}],"replies":[{"embeddable":true,"href":"https:\/\/www.immobilienbusiness.ch\/de\/wp-json\/wp\/v2\/comments?post=3697"}],"version-history":[{"count":0,"href":"https:\/\/www.immobilienbusiness.ch\/de\/wp-json\/wp\/v2\/posts\/3697\/revisions"}],"wp:featuredmedia":[{"embeddable":true,"href":"https:\/\/www.immobilienbusiness.ch\/de\/wp-json\/wp\/v2\/media\/3698"}],"wp:attachment":[{"href":"https:\/\/www.immobilienbusiness.ch\/de\/wp-json\/wp\/v2\/media?parent=3697"}],"wp:term":[{"taxonomy":"category","embeddable":true,"href":"https:\/\/www.immobilienbusiness.ch\/de\/wp-json\/wp\/v2\/categories?post=3697"},{"taxonomy":"post_tag","embeddable":true,"href":"https:\/\/www.immobilienbusiness.ch\/de\/wp-json\/wp\/v2\/tags?post=3697"}],"curies":[{"name":"wp","href":"https:\/\/api.w.org\/{rel}","templated":true}]}}