{"id":3516,"date":"2016-08-15T07:07:17","date_gmt":"2016-08-15T05:07:17","guid":{"rendered":"http:\/\/dev.immobilienbusiness.ch\/?p=3516"},"modified":"2016-08-15T07:07:17","modified_gmt":"2016-08-15T05:07:17","slug":"luzern-dr-oetker-eroeffnet-erstes-cafe","status":"publish","type":"post","link":"https:\/\/www.immobilienbusiness.ch\/de\/retail\/2016-08-15\/luzern-dr-oetker-eroeffnet-erstes-cafe\/","title":{"rendered":"Luzern: Dr. Oetker er\u00f6ffnet erstes Caf\u00e9"},"content":{"rendered":"<figure id=\"attachment_3517\" aria-describedby=\"caption-attachment-3517\" style=\"width: 680px\" class=\"wp-caption alignnone\"><img loading=\"lazy\" decoding=\"async\" class=\"size-medium wp-image-3517\" src=\"https:\/\/immobilienbusiness.ch\/wp-content\/uploads\/2016\/12\/Luzern-Dr-Oetker-er\u00f6ffnet-erstes-Caf\u00e9-immobilien-business.jpg\" alt=\"Luzern: Dr. Oetker er\u00f6ffnet erstmals ein Caf\u00e9 (Foto: Pixabay)\" width=\"680\" height=\"510\" \/><figcaption id=\"caption-attachment-3517\" class=\"wp-caption-text\">Luzern: Dr. Oetker er\u00f6ffnet erstmals ein Caf\u00e9 (Foto: Pixabay)<\/figcaption><\/figure>\n<p>Insgesamt 80 Kunden sollen in dem Lokal an der Waldst\u00e4tterstrasse in der Luzerner Neustadt Platz finden. Neben dem Caf\u00e9-Betrieb sollen die Kunden &#8211; wie in einer Schaub\u00e4ckerei &#8211; den Mitarbeitern beim Backen zuschauen k\u00f6nnen. \u00abDamit k\u00f6nnen wir uns von einheimischen B\u00e4ckereien abheben\u00bb, sagt Pascal Remmert, Gesch\u00e4ftsf\u00fchrer von Dr. Oetker Schweiz, gegen\u00fcber der <em>Neuen Luzerner Zeitung<\/em>, die zuerst \u00fcber die Neuer\u00f6ffnung berichtet hatte.<\/p>\n<p>Investiert werde ein mittlerer sechsstelliger Betrag, ungef\u00e4hr zw\u00f6lf Mitarbeitende sollen k\u00fcnftig im Caf\u00e9 t\u00e4tig sein. Das Angebot wird vorwiegend aus Torten und Kuchen, aber auch Brot bestehen. Weitere Caf\u00e9s sind derzeit dem Vernehmen nach nicht geplant. (ah)<\/p>\n","protected":false},"excerpt":{"rendered":"<p>Der deutsche Lebensmittelkonzern Dr. Oetker betritt Neuland: In Luzern will das Unternehmen Ende Jahr sein erstes Caf\u00e9 weltweit er\u00f6ffnen.<\/p>\n","protected":false},"author":1,"featured_media":3517,"comment_status":"open","ping_status":"open","sticky":false,"template":"","format":"standard","meta":{"_acf_changed":false,"_yoast_wpseo_focuskw":"Dr. Oetker er\u00f6ffnet erstes Caf\u00e9","_yoast_wpseo_title":"","_yoast_wpseo_metadesc":"Der deutsche Lebensmittelkonzern Dr. Oetker betritt Neuland: In Luzern will das Unternehmen Ende Jahr sein erstes Caf\u00e9 weltweit er\u00f6ffnen.","_yoast_wpseo_linkdex":49,"pgc_sgb_lightbox_settings":"","footnotes":""},"categories":[987],"tags":[1459,1643],"class_list":["post-3516","post","type-post","status-publish","format-standard","has-post-thumbnail","hentry","category-retail","tag-luzern","tag-retail"],"acf":[],"yoast_head":"<!-- This site is optimized with the Yoast SEO plugin v27.4 - https:\/\/yoast.com\/product\/yoast-seo-wordpress\/ -->\n<title>Luzern: Dr. Oetker er\u00f6ffnet erstes Caf\u00e9 - IMMOBILIEN Business<\/title>\n<meta name=\"description\" content=\"Der deutsche Lebensmittelkonzern Dr. Oetker betritt Neuland: In Luzern will das Unternehmen Ende Jahr sein erstes Caf\u00e9 weltweit er\u00f6ffnen.\" \/>\n<meta name=\"robots\" content=\"index, follow, max-snippet:-1, max-image-preview:large, max-video-preview:-1\" \/>\n<link rel=\"canonical\" href=\"https:\/\/www.immobilienbusiness.ch\/de\/retail\/2016-08-15\/luzern-dr-oetker-eroeffnet-erstes-cafe\/\" \/>\n<meta property=\"og:locale\" content=\"de_DE\" \/>\n<meta property=\"og:type\" content=\"article\" \/>\n<meta property=\"og:title\" content=\"Luzern: Dr. Oetker er\u00f6ffnet erstes Caf\u00e9\" \/>\n<meta property=\"og:description\" content=\"Der deutsche Lebensmittelkonzern Dr. Oetker betritt Neuland: In Luzern will das Unternehmen Ende Jahr sein erstes Caf\u00e9 weltweit er\u00f6ffnen.\" \/>\n<meta property=\"og:url\" content=\"https:\/\/www.immobilienbusiness.ch\/de\/retail\/2016-08-15\/luzern-dr-oetker-eroeffnet-erstes-cafe\/\" \/>\n<meta property=\"og:site_name\" content=\"IMMOBILIEN Business\" \/>\n<meta property=\"article:publisher\" content=\"https:\/\/www.facebook.com\/immobilienbusiness\/\" \/>\n<meta property=\"article:published_time\" content=\"2016-08-15T05:07:17+00:00\" \/>\n<meta name=\"author\" content=\"Redaktion\" \/>\n<meta name=\"twitter:card\" content=\"summary_large_image\" \/>\n<meta name=\"twitter:image\" content=\"https:\/\/www.immobilienbusiness.ch\/wp-content\/uploads\/2016\/12\/Luzern-Dr-Oetker-eroeffnet-erstes-Cafe-immobilien-business.jpg\" \/>\n<script type=\"application\/ld+json\" class=\"yoast-schema-graph\">{\"@context\":\"https:\\\/\\\/schema.org\",\"@graph\":[{\"@type\":\"Article\",\"@id\":\"https:\\\/\\\/www.immobilienbusiness.ch\\\/retail\\\/2016-08-15\\\/luzern-dr-oetker-eroeffnet-erstes-cafe\\\/#article\",\"isPartOf\":{\"@id\":\"https:\\\/\\\/www.immobilienbusiness.ch\\\/retail\\\/2016-08-15\\\/luzern-dr-oetker-eroeffnet-erstes-cafe\\\/\"},\"author\":{\"name\":\"Redaktion\",\"@id\":\"https:\\\/\\\/www.immobilienbusiness.ch\\\/#\\\/schema\\\/person\\\/aa2bace6c5c5aad60102004a50c4eb1c\"},\"headline\":\"Luzern: Dr. Oetker er\u00f6ffnet erstes Caf\u00e9\",\"datePublished\":\"2016-08-15T05:07:17+00:00\",\"mainEntityOfPage\":{\"@id\":\"https:\\\/\\\/www.immobilienbusiness.ch\\\/retail\\\/2016-08-15\\\/luzern-dr-oetker-eroeffnet-erstes-cafe\\\/\"},\"wordCount\":137,\"commentCount\":0,\"publisher\":{\"@id\":\"https:\\\/\\\/www.immobilienbusiness.ch\\\/#organization\"},\"image\":{\"@id\":\"https:\\\/\\\/www.immobilienbusiness.ch\\\/retail\\\/2016-08-15\\\/luzern-dr-oetker-eroeffnet-erstes-cafe\\\/#primaryimage\"},\"thumbnailUrl\":\"https:\\\/\\\/www.immobilienbusiness.ch\\\/wp-content\\\/uploads\\\/2016\\\/12\\\/Luzern-Dr-Oetker-eroeffnet-erstes-Cafe-immobilien-business.jpg\",\"keywords\":[\"Luzern\",\"Retail\"],\"articleSection\":[\"RETAIL\"],\"inLanguage\":\"de\"},{\"@type\":\"WebPage\",\"@id\":\"https:\\\/\\\/www.immobilienbusiness.ch\\\/retail\\\/2016-08-15\\\/luzern-dr-oetker-eroeffnet-erstes-cafe\\\/\",\"url\":\"https:\\\/\\\/www.immobilienbusiness.ch\\\/retail\\\/2016-08-15\\\/luzern-dr-oetker-eroeffnet-erstes-cafe\\\/\",\"name\":\"Luzern: Dr. Oetker er\u00f6ffnet erstes Caf\u00e9 - IMMOBILIEN Business\",\"isPartOf\":{\"@id\":\"https:\\\/\\\/www.immobilienbusiness.ch\\\/#website\"},\"primaryImageOfPage\":{\"@id\":\"https:\\\/\\\/www.immobilienbusiness.ch\\\/retail\\\/2016-08-15\\\/luzern-dr-oetker-eroeffnet-erstes-cafe\\\/#primaryimage\"},\"image\":{\"@id\":\"https:\\\/\\\/www.immobilienbusiness.ch\\\/retail\\\/2016-08-15\\\/luzern-dr-oetker-eroeffnet-erstes-cafe\\\/#primaryimage\"},\"thumbnailUrl\":\"https:\\\/\\\/www.immobilienbusiness.ch\\\/wp-content\\\/uploads\\\/2016\\\/12\\\/Luzern-Dr-Oetker-eroeffnet-erstes-Cafe-immobilien-business.jpg\",\"datePublished\":\"2016-08-15T05:07:17+00:00\",\"description\":\"Der deutsche Lebensmittelkonzern Dr. Oetker betritt Neuland: In Luzern will das Unternehmen Ende Jahr sein erstes Caf\u00e9 weltweit er\u00f6ffnen.\",\"breadcrumb\":{\"@id\":\"https:\\\/\\\/www.immobilienbusiness.ch\\\/retail\\\/2016-08-15\\\/luzern-dr-oetker-eroeffnet-erstes-cafe\\\/#breadcrumb\"},\"inLanguage\":\"de\",\"potentialAction\":[{\"@type\":\"ReadAction\",\"target\":[\"https:\\\/\\\/www.immobilienbusiness.ch\\\/retail\\\/2016-08-15\\\/luzern-dr-oetker-eroeffnet-erstes-cafe\\\/\"]}]},{\"@type\":\"ImageObject\",\"inLanguage\":\"de\",\"@id\":\"https:\\\/\\\/www.immobilienbusiness.ch\\\/retail\\\/2016-08-15\\\/luzern-dr-oetker-eroeffnet-erstes-cafe\\\/#primaryimage\",\"url\":\"https:\\\/\\\/www.immobilienbusiness.ch\\\/wp-content\\\/uploads\\\/2016\\\/12\\\/Luzern-Dr-Oetker-eroeffnet-erstes-Cafe-immobilien-business.jpg\",\"contentUrl\":\"https:\\\/\\\/www.immobilienbusiness.ch\\\/wp-content\\\/uploads\\\/2016\\\/12\\\/Luzern-Dr-Oetker-eroeffnet-erstes-Cafe-immobilien-business.jpg\",\"width\":1280,\"height\":960,\"caption\":\"Luzern: Dr. Oetker er\u00f6ffnet erstmals ein Caf\u00e9 (Foto: Pixabay)\"},{\"@type\":\"BreadcrumbList\",\"@id\":\"https:\\\/\\\/www.immobilienbusiness.ch\\\/retail\\\/2016-08-15\\\/luzern-dr-oetker-eroeffnet-erstes-cafe\\\/#breadcrumb\",\"itemListElement\":[{\"@type\":\"ListItem\",\"position\":1,\"name\":\"Home\",\"item\":\"https:\\\/\\\/www.immobilienbusiness.ch\\\/\"},{\"@type\":\"ListItem\",\"position\":2,\"name\":\"Luzern: Dr. Oetker er\u00f6ffnet erstes Caf\u00e9\"}]},{\"@type\":\"WebSite\",\"@id\":\"https:\\\/\\\/www.immobilienbusiness.ch\\\/#website\",\"url\":\"https:\\\/\\\/www.immobilienbusiness.ch\\\/\",\"name\":\"IMMOBILIEN Business\",\"description\":\"Unabh\u00e4ngiges Schweizer Wirtschaftsmagazin mit Fokus auf Immobilien, Architektur- und Bau sowie Investment- und Finanzierung.\",\"publisher\":{\"@id\":\"https:\\\/\\\/www.immobilienbusiness.ch\\\/#organization\"},\"potentialAction\":[{\"@type\":\"SearchAction\",\"target\":{\"@type\":\"EntryPoint\",\"urlTemplate\":\"https:\\\/\\\/www.immobilienbusiness.ch\\\/?s={search_term_string}\"},\"query-input\":{\"@type\":\"PropertyValueSpecification\",\"valueRequired\":true,\"valueName\":\"search_term_string\"}}],\"inLanguage\":\"de\"},{\"@type\":\"Organization\",\"@id\":\"https:\\\/\\\/www.immobilienbusiness.ch\\\/#organization\",\"name\":\"IMMOBILIEN Business\",\"url\":\"https:\\\/\\\/www.immobilienbusiness.ch\\\/\",\"logo\":{\"@type\":\"ImageObject\",\"inLanguage\":\"de\",\"@id\":\"https:\\\/\\\/www.immobilienbusiness.ch\\\/#\\\/schema\\\/logo\\\/image\\\/\",\"url\":\"https:\\\/\\\/www.immobilienbusiness.ch\\\/wp-content\\\/uploads\\\/2021\\\/07\\\/logo_ib.png\",\"contentUrl\":\"https:\\\/\\\/www.immobilienbusiness.ch\\\/wp-content\\\/uploads\\\/2021\\\/07\\\/logo_ib.png\",\"width\":800,\"height\":181,\"caption\":\"IMMOBILIEN Business\"},\"image\":{\"@id\":\"https:\\\/\\\/www.immobilienbusiness.ch\\\/#\\\/schema\\\/logo\\\/image\\\/\"},\"sameAs\":[\"https:\\\/\\\/www.facebook.com\\\/immobilienbusiness\\\/\"]},{\"@type\":\"Person\",\"@id\":\"https:\\\/\\\/www.immobilienbusiness.ch\\\/#\\\/schema\\\/person\\\/aa2bace6c5c5aad60102004a50c4eb1c\",\"name\":\"Redaktion\",\"image\":{\"@type\":\"ImageObject\",\"inLanguage\":\"de\",\"@id\":\"https:\\\/\\\/secure.gravatar.com\\\/avatar\\\/ae2f4d718e6c49043e314ce431e7e645d646302a24a5ef5a8bc8e3f5a032e319?s=96&d=mm&r=g\",\"url\":\"https:\\\/\\\/secure.gravatar.com\\\/avatar\\\/ae2f4d718e6c49043e314ce431e7e645d646302a24a5ef5a8bc8e3f5a032e319?s=96&d=mm&r=g\",\"contentUrl\":\"https:\\\/\\\/secure.gravatar.com\\\/avatar\\\/ae2f4d718e6c49043e314ce431e7e645d646302a24a5ef5a8bc8e3f5a032e319?s=96&d=mm&r=g\",\"caption\":\"Redaktion\"},\"sameAs\":[\"http:\\\/\\\/develop.organisator.galledia.ch\"],\"url\":\"https:\\\/\\\/www.immobilienbusiness.ch\\\/de\\\/author\\\/admin\\\/\"}]}<\/script>\n<!-- \/ Yoast SEO plugin. -->","yoast_head_json":{"title":"Luzern: Dr. Oetker er\u00f6ffnet erstes Caf\u00e9 - IMMOBILIEN Business","description":"Der deutsche Lebensmittelkonzern Dr. Oetker betritt Neuland: In Luzern will das Unternehmen Ende Jahr sein erstes Caf\u00e9 weltweit er\u00f6ffnen.","robots":{"index":"index","follow":"follow","max-snippet":"max-snippet:-1","max-image-preview":"max-image-preview:large","max-video-preview":"max-video-preview:-1"},"canonical":"https:\/\/www.immobilienbusiness.ch\/de\/retail\/2016-08-15\/luzern-dr-oetker-eroeffnet-erstes-cafe\/","og_locale":"de_DE","og_type":"article","og_title":"Luzern: Dr. Oetker er\u00f6ffnet erstes Caf\u00e9","og_description":"Der deutsche Lebensmittelkonzern Dr. Oetker betritt Neuland: In Luzern will das Unternehmen Ende Jahr sein erstes Caf\u00e9 weltweit er\u00f6ffnen.","og_url":"https:\/\/www.immobilienbusiness.ch\/de\/retail\/2016-08-15\/luzern-dr-oetker-eroeffnet-erstes-cafe\/","og_site_name":"IMMOBILIEN Business","article_publisher":"https:\/\/www.facebook.com\/immobilienbusiness\/","article_published_time":"2016-08-15T05:07:17+00:00","author":"Redaktion","twitter_card":"summary_large_image","twitter_image":"https:\/\/www.immobilienbusiness.ch\/wp-content\/uploads\/2016\/12\/Luzern-Dr-Oetker-eroeffnet-erstes-Cafe-immobilien-business.jpg","schema":{"@context":"https:\/\/schema.org","@graph":[{"@type":"Article","@id":"https:\/\/www.immobilienbusiness.ch\/retail\/2016-08-15\/luzern-dr-oetker-eroeffnet-erstes-cafe\/#article","isPartOf":{"@id":"https:\/\/www.immobilienbusiness.ch\/retail\/2016-08-15\/luzern-dr-oetker-eroeffnet-erstes-cafe\/"},"author":{"name":"Redaktion","@id":"https:\/\/www.immobilienbusiness.ch\/#\/schema\/person\/aa2bace6c5c5aad60102004a50c4eb1c"},"headline":"Luzern: Dr. Oetker er\u00f6ffnet erstes Caf\u00e9","datePublished":"2016-08-15T05:07:17+00:00","mainEntityOfPage":{"@id":"https:\/\/www.immobilienbusiness.ch\/retail\/2016-08-15\/luzern-dr-oetker-eroeffnet-erstes-cafe\/"},"wordCount":137,"commentCount":0,"publisher":{"@id":"https:\/\/www.immobilienbusiness.ch\/#organization"},"image":{"@id":"https:\/\/www.immobilienbusiness.ch\/retail\/2016-08-15\/luzern-dr-oetker-eroeffnet-erstes-cafe\/#primaryimage"},"thumbnailUrl":"https:\/\/www.immobilienbusiness.ch\/wp-content\/uploads\/2016\/12\/Luzern-Dr-Oetker-eroeffnet-erstes-Cafe-immobilien-business.jpg","keywords":["Luzern","Retail"],"articleSection":["RETAIL"],"inLanguage":"de"},{"@type":"WebPage","@id":"https:\/\/www.immobilienbusiness.ch\/retail\/2016-08-15\/luzern-dr-oetker-eroeffnet-erstes-cafe\/","url":"https:\/\/www.immobilienbusiness.ch\/retail\/2016-08-15\/luzern-dr-oetker-eroeffnet-erstes-cafe\/","name":"Luzern: Dr. Oetker er\u00f6ffnet erstes Caf\u00e9 - IMMOBILIEN Business","isPartOf":{"@id":"https:\/\/www.immobilienbusiness.ch\/#website"},"primaryImageOfPage":{"@id":"https:\/\/www.immobilienbusiness.ch\/retail\/2016-08-15\/luzern-dr-oetker-eroeffnet-erstes-cafe\/#primaryimage"},"image":{"@id":"https:\/\/www.immobilienbusiness.ch\/retail\/2016-08-15\/luzern-dr-oetker-eroeffnet-erstes-cafe\/#primaryimage"},"thumbnailUrl":"https:\/\/www.immobilienbusiness.ch\/wp-content\/uploads\/2016\/12\/Luzern-Dr-Oetker-eroeffnet-erstes-Cafe-immobilien-business.jpg","datePublished":"2016-08-15T05:07:17+00:00","description":"Der deutsche Lebensmittelkonzern Dr. Oetker betritt Neuland: In Luzern will das Unternehmen Ende Jahr sein erstes Caf\u00e9 weltweit er\u00f6ffnen.","breadcrumb":{"@id":"https:\/\/www.immobilienbusiness.ch\/retail\/2016-08-15\/luzern-dr-oetker-eroeffnet-erstes-cafe\/#breadcrumb"},"inLanguage":"de","potentialAction":[{"@type":"ReadAction","target":["https:\/\/www.immobilienbusiness.ch\/retail\/2016-08-15\/luzern-dr-oetker-eroeffnet-erstes-cafe\/"]}]},{"@type":"ImageObject","inLanguage":"de","@id":"https:\/\/www.immobilienbusiness.ch\/retail\/2016-08-15\/luzern-dr-oetker-eroeffnet-erstes-cafe\/#primaryimage","url":"https:\/\/www.immobilienbusiness.ch\/wp-content\/uploads\/2016\/12\/Luzern-Dr-Oetker-eroeffnet-erstes-Cafe-immobilien-business.jpg","contentUrl":"https:\/\/www.immobilienbusiness.ch\/wp-content\/uploads\/2016\/12\/Luzern-Dr-Oetker-eroeffnet-erstes-Cafe-immobilien-business.jpg","width":1280,"height":960,"caption":"Luzern: Dr. Oetker er\u00f6ffnet erstmals ein Caf\u00e9 (Foto: Pixabay)"},{"@type":"BreadcrumbList","@id":"https:\/\/www.immobilienbusiness.ch\/retail\/2016-08-15\/luzern-dr-oetker-eroeffnet-erstes-cafe\/#breadcrumb","itemListElement":[{"@type":"ListItem","position":1,"name":"Home","item":"https:\/\/www.immobilienbusiness.ch\/"},{"@type":"ListItem","position":2,"name":"Luzern: Dr. Oetker er\u00f6ffnet erstes Caf\u00e9"}]},{"@type":"WebSite","@id":"https:\/\/www.immobilienbusiness.ch\/#website","url":"https:\/\/www.immobilienbusiness.ch\/","name":"IMMOBILIEN Business","description":"Unabh\u00e4ngiges Schweizer Wirtschaftsmagazin mit Fokus auf Immobilien, Architektur- und Bau sowie Investment- und Finanzierung.","publisher":{"@id":"https:\/\/www.immobilienbusiness.ch\/#organization"},"potentialAction":[{"@type":"SearchAction","target":{"@type":"EntryPoint","urlTemplate":"https:\/\/www.immobilienbusiness.ch\/?s={search_term_string}"},"query-input":{"@type":"PropertyValueSpecification","valueRequired":true,"valueName":"search_term_string"}}],"inLanguage":"de"},{"@type":"Organization","@id":"https:\/\/www.immobilienbusiness.ch\/#organization","name":"IMMOBILIEN Business","url":"https:\/\/www.immobilienbusiness.ch\/","logo":{"@type":"ImageObject","inLanguage":"de","@id":"https:\/\/www.immobilienbusiness.ch\/#\/schema\/logo\/image\/","url":"https:\/\/www.immobilienbusiness.ch\/wp-content\/uploads\/2021\/07\/logo_ib.png","contentUrl":"https:\/\/www.immobilienbusiness.ch\/wp-content\/uploads\/2021\/07\/logo_ib.png","width":800,"height":181,"caption":"IMMOBILIEN Business"},"image":{"@id":"https:\/\/www.immobilienbusiness.ch\/#\/schema\/logo\/image\/"},"sameAs":["https:\/\/www.facebook.com\/immobilienbusiness\/"]},{"@type":"Person","@id":"https:\/\/www.immobilienbusiness.ch\/#\/schema\/person\/aa2bace6c5c5aad60102004a50c4eb1c","name":"Redaktion","image":{"@type":"ImageObject","inLanguage":"de","@id":"https:\/\/secure.gravatar.com\/avatar\/ae2f4d718e6c49043e314ce431e7e645d646302a24a5ef5a8bc8e3f5a032e319?s=96&d=mm&r=g","url":"https:\/\/secure.gravatar.com\/avatar\/ae2f4d718e6c49043e314ce431e7e645d646302a24a5ef5a8bc8e3f5a032e319?s=96&d=mm&r=g","contentUrl":"https:\/\/secure.gravatar.com\/avatar\/ae2f4d718e6c49043e314ce431e7e645d646302a24a5ef5a8bc8e3f5a032e319?s=96&d=mm&r=g","caption":"Redaktion"},"sameAs":["http:\/\/develop.organisator.galledia.ch"],"url":"https:\/\/www.immobilienbusiness.ch\/de\/author\/admin\/"}]}},"_links":{"self":[{"href":"https:\/\/www.immobilienbusiness.ch\/de\/wp-json\/wp\/v2\/posts\/3516","targetHints":{"allow":["GET"]}}],"collection":[{"href":"https:\/\/www.immobilienbusiness.ch\/de\/wp-json\/wp\/v2\/posts"}],"about":[{"href":"https:\/\/www.immobilienbusiness.ch\/de\/wp-json\/wp\/v2\/types\/post"}],"author":[{"embeddable":true,"href":"https:\/\/www.immobilienbusiness.ch\/de\/wp-json\/wp\/v2\/users\/1"}],"replies":[{"embeddable":true,"href":"https:\/\/www.immobilienbusiness.ch\/de\/wp-json\/wp\/v2\/comments?post=3516"}],"version-history":[{"count":0,"href":"https:\/\/www.immobilienbusiness.ch\/de\/wp-json\/wp\/v2\/posts\/3516\/revisions"}],"wp:featuredmedia":[{"embeddable":true,"href":"https:\/\/www.immobilienbusiness.ch\/de\/wp-json\/wp\/v2\/media\/3517"}],"wp:attachment":[{"href":"https:\/\/www.immobilienbusiness.ch\/de\/wp-json\/wp\/v2\/media?parent=3516"}],"wp:term":[{"taxonomy":"category","embeddable":true,"href":"https:\/\/www.immobilienbusiness.ch\/de\/wp-json\/wp\/v2\/categories?post=3516"},{"taxonomy":"post_tag","embeddable":true,"href":"https:\/\/www.immobilienbusiness.ch\/de\/wp-json\/wp\/v2\/tags?post=3516"}],"curies":[{"name":"wp","href":"https:\/\/api.w.org\/{rel}","templated":true}]}}