{"id":3429,"date":"2016-08-05T09:05:42","date_gmt":"2016-08-05T07:05:42","guid":{"rendered":"http:\/\/dev.immobilienbusiness.ch\/?p=3429"},"modified":"2016-08-05T09:05:42","modified_gmt":"2016-08-05T07:05:42","slug":"bern-migros-eroeffnet-neues-retail-konzeptcenter","status":"publish","type":"post","link":"https:\/\/www.immobilienbusiness.ch\/de\/retail\/2016-08-05\/bern-migros-eroeffnet-neues-retail-konzeptcenter\/","title":{"rendered":"Bern: Migros er\u00f6ffnet neues Retail-Konzeptcenter"},"content":{"rendered":"<figure id=\"attachment_3430\" aria-describedby=\"caption-attachment-3430\" style=\"width: 680px\" class=\"wp-caption alignnone\"><img loading=\"lazy\" decoding=\"async\" class=\"size-medium wp-image-3430\" src=\"https:\/\/immobilienbusiness.ch\/wp-content\/uploads\/2016\/12\/Bern-Migros-er\u00f6ffnet-neues-Retail-Konzeptcenter-immobilien-business.jpg\" alt=\"Neuartige Retail-Angebote finden sich in der Welle 7 der Migros in Bern (Foto: Migros Aare)\" width=\"680\" height=\"383\" \/><figcaption id=\"caption-attachment-3430\" class=\"wp-caption-text\">Neuartige Retail-Angebote finden sich in der Welle 7 der Migros in Bern (Foto: Migros Aare)<\/figcaption><\/figure>\n<p>Im PostParc am Bahnhof Bern bietet Migros auf acht Decks und 10.000 qm einen Mix aus 25 Shops, Take-away- und Service-Angeboten sowie Restaurants. Hinzu kommen eine Migros-Klubschule, Raumkomzepte f\u00fcr Sitzungen und Seminare sowie ein Coworking-Space.<\/p>\n<p>Im Retail-Bereich (Deck 0 bis Deck 2) bietet die Welle 7 einige neuartige Dienstleistungen: Kunden k\u00f6nnen sich Briefe und Pakete in die \u00abCollect-Lounge\u00bb liefern lassen und deren Inhalt gleich vor Ort ausprobieren. Auch im Flagship-Store der Online-Apotheke Zur Rose k\u00f6nnen im Internet bestellte Medikamente abgeholt werden. Menschen, die unterwegs ihre W\u00e4sche erledigen und dazu noch einen Kaffee und einen italienischen Snack m\u00f6chten, k\u00f6nnen dies in der \u00abWashbar\u00bb tun. Deck 2 verf\u00fcgt \u00fcber einen direkten Zugang von der Bahnhof-Passerelle aus.<\/p>\n<p>\u00abWir freuen uns sehr, dass wir nach einer intensiven Vorbereitungszeit plangem\u00e4ss mit einem der richtungsweisendsten Center seiner Art starten k\u00f6nnen\u00bb, sagt Beat Zahnd, Gesch\u00e4ftsleiter der Migros Aare. \u00abWir sind \u00fcberzeugt, dass die Welle 7 zur unverzichtbaren Drehscheibe im anspruchsvollen und schnellen Alltag mobiler Menschen wird.\u00bb<\/p>\n<p>Die Investitionen belaufen sich laut Medienberichten auf 55 Millionen CHF. Innert f\u00fcnf Jahren solle das neue Zentrum \u00abzum Laufen gebracht werden\u00bb, wie Anton G\u00e4umann, der k\u00fcnftige Gesch\u00e4ftsleiter der Migros Aare, im Gespr\u00e4ch mit der <em>sda<\/em> sagte. Rund 50.000 Menschen kommen t\u00e4glich an der Welle 7 vorbei. (ah)<\/p>\n","protected":false},"excerpt":{"rendered":"<p>Am 8. August er\u00f6ffnet die Migros Aare beim Bahnhof Bern die Welle 7, ein Center mit neuartigen Retail-Konzepten. Zielgruppe der Angebote sind laut Migros \u00abmobile Menschen mit knappem Zeitbudget\u00bb.<\/p>\n","protected":false},"author":1,"featured_media":3430,"comment_status":"open","ping_status":"open","sticky":false,"template":"","format":"standard","meta":{"_acf_changed":false,"_yoast_wpseo_focuskw":"Retail-Konzeptcenter","_yoast_wpseo_title":"","_yoast_wpseo_metadesc":"Am 8. August er\u00f6ffnet die Migros Aare beim Bahnhof Bern die Welle 7, ein neuartiges Retail-Konzeptcenter.","_yoast_wpseo_linkdex":71,"pgc_sgb_lightbox_settings":"","footnotes":""},"categories":[987],"tags":[1091,1643],"class_list":["post-3429","post","type-post","status-publish","format-standard","has-post-thumbnail","hentry","category-retail","tag-bern","tag-retail"],"acf":[],"yoast_head":"<!-- This site is optimized with the Yoast SEO plugin v27.4 - https:\/\/yoast.com\/product\/yoast-seo-wordpress\/ -->\n<title>Bern: Migros er\u00f6ffnet neues Retail-Konzeptcenter - IMMOBILIEN Business<\/title>\n<meta name=\"description\" content=\"Am 8. August er\u00f6ffnet die Migros Aare beim Bahnhof Bern die Welle 7, ein neuartiges Retail-Konzeptcenter.\" \/>\n<meta name=\"robots\" content=\"index, follow, max-snippet:-1, max-image-preview:large, max-video-preview:-1\" \/>\n<link rel=\"canonical\" href=\"https:\/\/www.immobilienbusiness.ch\/de\/retail\/2016-08-05\/bern-migros-eroeffnet-neues-retail-konzeptcenter\/\" \/>\n<meta property=\"og:locale\" content=\"de_DE\" \/>\n<meta property=\"og:type\" content=\"article\" \/>\n<meta property=\"og:title\" content=\"Bern: Migros er\u00f6ffnet neues Retail-Konzeptcenter\" \/>\n<meta property=\"og:description\" content=\"Am 8. August er\u00f6ffnet die Migros Aare beim Bahnhof Bern die Welle 7, ein Center mit neuartigen Retail-Konzepten. Zielgruppe der Angebote sind laut Migros \u00abmobile Menschen mit knappem Zeitbudget\u00bb.\" \/>\n<meta property=\"og:url\" content=\"https:\/\/www.immobilienbusiness.ch\/de\/retail\/2016-08-05\/bern-migros-eroeffnet-neues-retail-konzeptcenter\/\" \/>\n<meta property=\"og:site_name\" content=\"IMMOBILIEN Business\" \/>\n<meta property=\"article:publisher\" content=\"https:\/\/www.facebook.com\/immobilienbusiness\/\" \/>\n<meta property=\"article:published_time\" content=\"2016-08-05T07:05:42+00:00\" \/>\n<meta name=\"author\" content=\"Redaktion\" \/>\n<meta name=\"twitter:card\" content=\"summary_large_image\" \/>\n<meta name=\"twitter:image\" content=\"https:\/\/www.immobilienbusiness.ch\/wp-content\/uploads\/2016\/12\/Bern-Migros-eroeffnet-neues-Retail-Konzeptcenter-immobilien-business.jpg\" \/>\n<script type=\"application\/ld+json\" class=\"yoast-schema-graph\">{\"@context\":\"https:\\\/\\\/schema.org\",\"@graph\":[{\"@type\":\"Article\",\"@id\":\"https:\\\/\\\/www.immobilienbusiness.ch\\\/retail\\\/2016-08-05\\\/bern-migros-eroeffnet-neues-retail-konzeptcenter\\\/#article\",\"isPartOf\":{\"@id\":\"https:\\\/\\\/www.immobilienbusiness.ch\\\/retail\\\/2016-08-05\\\/bern-migros-eroeffnet-neues-retail-konzeptcenter\\\/\"},\"author\":{\"name\":\"Redaktion\",\"@id\":\"https:\\\/\\\/www.immobilienbusiness.ch\\\/#\\\/schema\\\/person\\\/aa2bace6c5c5aad60102004a50c4eb1c\"},\"headline\":\"Bern: Migros er\u00f6ffnet neues Retail-Konzeptcenter\",\"datePublished\":\"2016-08-05T07:05:42+00:00\",\"mainEntityOfPage\":{\"@id\":\"https:\\\/\\\/www.immobilienbusiness.ch\\\/retail\\\/2016-08-05\\\/bern-migros-eroeffnet-neues-retail-konzeptcenter\\\/\"},\"wordCount\":239,\"commentCount\":0,\"publisher\":{\"@id\":\"https:\\\/\\\/www.immobilienbusiness.ch\\\/#organization\"},\"image\":{\"@id\":\"https:\\\/\\\/www.immobilienbusiness.ch\\\/retail\\\/2016-08-05\\\/bern-migros-eroeffnet-neues-retail-konzeptcenter\\\/#primaryimage\"},\"thumbnailUrl\":\"https:\\\/\\\/www.immobilienbusiness.ch\\\/wp-content\\\/uploads\\\/2016\\\/12\\\/Bern-Migros-eroeffnet-neues-Retail-Konzeptcenter-immobilien-business.jpg\",\"keywords\":[\"Bern\",\"Retail\"],\"articleSection\":[\"RETAIL\"],\"inLanguage\":\"de\"},{\"@type\":\"WebPage\",\"@id\":\"https:\\\/\\\/www.immobilienbusiness.ch\\\/retail\\\/2016-08-05\\\/bern-migros-eroeffnet-neues-retail-konzeptcenter\\\/\",\"url\":\"https:\\\/\\\/www.immobilienbusiness.ch\\\/retail\\\/2016-08-05\\\/bern-migros-eroeffnet-neues-retail-konzeptcenter\\\/\",\"name\":\"Bern: Migros er\u00f6ffnet neues Retail-Konzeptcenter - IMMOBILIEN Business\",\"isPartOf\":{\"@id\":\"https:\\\/\\\/www.immobilienbusiness.ch\\\/#website\"},\"primaryImageOfPage\":{\"@id\":\"https:\\\/\\\/www.immobilienbusiness.ch\\\/retail\\\/2016-08-05\\\/bern-migros-eroeffnet-neues-retail-konzeptcenter\\\/#primaryimage\"},\"image\":{\"@id\":\"https:\\\/\\\/www.immobilienbusiness.ch\\\/retail\\\/2016-08-05\\\/bern-migros-eroeffnet-neues-retail-konzeptcenter\\\/#primaryimage\"},\"thumbnailUrl\":\"https:\\\/\\\/www.immobilienbusiness.ch\\\/wp-content\\\/uploads\\\/2016\\\/12\\\/Bern-Migros-eroeffnet-neues-Retail-Konzeptcenter-immobilien-business.jpg\",\"datePublished\":\"2016-08-05T07:05:42+00:00\",\"description\":\"Am 8. August er\u00f6ffnet die Migros Aare beim Bahnhof Bern die Welle 7, ein neuartiges Retail-Konzeptcenter.\",\"breadcrumb\":{\"@id\":\"https:\\\/\\\/www.immobilienbusiness.ch\\\/retail\\\/2016-08-05\\\/bern-migros-eroeffnet-neues-retail-konzeptcenter\\\/#breadcrumb\"},\"inLanguage\":\"de\",\"potentialAction\":[{\"@type\":\"ReadAction\",\"target\":[\"https:\\\/\\\/www.immobilienbusiness.ch\\\/retail\\\/2016-08-05\\\/bern-migros-eroeffnet-neues-retail-konzeptcenter\\\/\"]}]},{\"@type\":\"ImageObject\",\"inLanguage\":\"de\",\"@id\":\"https:\\\/\\\/www.immobilienbusiness.ch\\\/retail\\\/2016-08-05\\\/bern-migros-eroeffnet-neues-retail-konzeptcenter\\\/#primaryimage\",\"url\":\"https:\\\/\\\/www.immobilienbusiness.ch\\\/wp-content\\\/uploads\\\/2016\\\/12\\\/Bern-Migros-eroeffnet-neues-Retail-Konzeptcenter-immobilien-business.jpg\",\"contentUrl\":\"https:\\\/\\\/www.immobilienbusiness.ch\\\/wp-content\\\/uploads\\\/2016\\\/12\\\/Bern-Migros-eroeffnet-neues-Retail-Konzeptcenter-immobilien-business.jpg\",\"width\":960,\"height\":540,\"caption\":\"Neuartige Retail-Angebote finden sich in der Welle 7 der Migros in Bern (Foto: Migros Aare)\"},{\"@type\":\"BreadcrumbList\",\"@id\":\"https:\\\/\\\/www.immobilienbusiness.ch\\\/retail\\\/2016-08-05\\\/bern-migros-eroeffnet-neues-retail-konzeptcenter\\\/#breadcrumb\",\"itemListElement\":[{\"@type\":\"ListItem\",\"position\":1,\"name\":\"Home\",\"item\":\"https:\\\/\\\/www.immobilienbusiness.ch\\\/\"},{\"@type\":\"ListItem\",\"position\":2,\"name\":\"Bern: Migros er\u00f6ffnet neues Retail-Konzeptcenter\"}]},{\"@type\":\"WebSite\",\"@id\":\"https:\\\/\\\/www.immobilienbusiness.ch\\\/#website\",\"url\":\"https:\\\/\\\/www.immobilienbusiness.ch\\\/\",\"name\":\"IMMOBILIEN Business\",\"description\":\"Unabh\u00e4ngiges Schweizer Wirtschaftsmagazin mit Fokus auf Immobilien, Architektur- und Bau sowie Investment- und Finanzierung.\",\"publisher\":{\"@id\":\"https:\\\/\\\/www.immobilienbusiness.ch\\\/#organization\"},\"potentialAction\":[{\"@type\":\"SearchAction\",\"target\":{\"@type\":\"EntryPoint\",\"urlTemplate\":\"https:\\\/\\\/www.immobilienbusiness.ch\\\/?s={search_term_string}\"},\"query-input\":{\"@type\":\"PropertyValueSpecification\",\"valueRequired\":true,\"valueName\":\"search_term_string\"}}],\"inLanguage\":\"de\"},{\"@type\":\"Organization\",\"@id\":\"https:\\\/\\\/www.immobilienbusiness.ch\\\/#organization\",\"name\":\"IMMOBILIEN Business\",\"url\":\"https:\\\/\\\/www.immobilienbusiness.ch\\\/\",\"logo\":{\"@type\":\"ImageObject\",\"inLanguage\":\"de\",\"@id\":\"https:\\\/\\\/www.immobilienbusiness.ch\\\/#\\\/schema\\\/logo\\\/image\\\/\",\"url\":\"https:\\\/\\\/www.immobilienbusiness.ch\\\/wp-content\\\/uploads\\\/2021\\\/07\\\/logo_ib.png\",\"contentUrl\":\"https:\\\/\\\/www.immobilienbusiness.ch\\\/wp-content\\\/uploads\\\/2021\\\/07\\\/logo_ib.png\",\"width\":800,\"height\":181,\"caption\":\"IMMOBILIEN Business\"},\"image\":{\"@id\":\"https:\\\/\\\/www.immobilienbusiness.ch\\\/#\\\/schema\\\/logo\\\/image\\\/\"},\"sameAs\":[\"https:\\\/\\\/www.facebook.com\\\/immobilienbusiness\\\/\"]},{\"@type\":\"Person\",\"@id\":\"https:\\\/\\\/www.immobilienbusiness.ch\\\/#\\\/schema\\\/person\\\/aa2bace6c5c5aad60102004a50c4eb1c\",\"name\":\"Redaktion\",\"image\":{\"@type\":\"ImageObject\",\"inLanguage\":\"de\",\"@id\":\"https:\\\/\\\/secure.gravatar.com\\\/avatar\\\/ae2f4d718e6c49043e314ce431e7e645d646302a24a5ef5a8bc8e3f5a032e319?s=96&d=mm&r=g\",\"url\":\"https:\\\/\\\/secure.gravatar.com\\\/avatar\\\/ae2f4d718e6c49043e314ce431e7e645d646302a24a5ef5a8bc8e3f5a032e319?s=96&d=mm&r=g\",\"contentUrl\":\"https:\\\/\\\/secure.gravatar.com\\\/avatar\\\/ae2f4d718e6c49043e314ce431e7e645d646302a24a5ef5a8bc8e3f5a032e319?s=96&d=mm&r=g\",\"caption\":\"Redaktion\"},\"sameAs\":[\"http:\\\/\\\/develop.organisator.galledia.ch\"],\"url\":\"https:\\\/\\\/www.immobilienbusiness.ch\\\/de\\\/author\\\/admin\\\/\"}]}<\/script>\n<!-- \/ Yoast SEO plugin. -->","yoast_head_json":{"title":"Bern: Migros er\u00f6ffnet neues Retail-Konzeptcenter - IMMOBILIEN Business","description":"Am 8. August er\u00f6ffnet die Migros Aare beim Bahnhof Bern die Welle 7, ein neuartiges Retail-Konzeptcenter.","robots":{"index":"index","follow":"follow","max-snippet":"max-snippet:-1","max-image-preview":"max-image-preview:large","max-video-preview":"max-video-preview:-1"},"canonical":"https:\/\/www.immobilienbusiness.ch\/de\/retail\/2016-08-05\/bern-migros-eroeffnet-neues-retail-konzeptcenter\/","og_locale":"de_DE","og_type":"article","og_title":"Bern: Migros er\u00f6ffnet neues Retail-Konzeptcenter","og_description":"Am 8. August er\u00f6ffnet die Migros Aare beim Bahnhof Bern die Welle 7, ein Center mit neuartigen Retail-Konzepten. Zielgruppe der Angebote sind laut Migros \u00abmobile Menschen mit knappem Zeitbudget\u00bb.","og_url":"https:\/\/www.immobilienbusiness.ch\/de\/retail\/2016-08-05\/bern-migros-eroeffnet-neues-retail-konzeptcenter\/","og_site_name":"IMMOBILIEN Business","article_publisher":"https:\/\/www.facebook.com\/immobilienbusiness\/","article_published_time":"2016-08-05T07:05:42+00:00","author":"Redaktion","twitter_card":"summary_large_image","twitter_image":"https:\/\/www.immobilienbusiness.ch\/wp-content\/uploads\/2016\/12\/Bern-Migros-eroeffnet-neues-Retail-Konzeptcenter-immobilien-business.jpg","schema":{"@context":"https:\/\/schema.org","@graph":[{"@type":"Article","@id":"https:\/\/www.immobilienbusiness.ch\/retail\/2016-08-05\/bern-migros-eroeffnet-neues-retail-konzeptcenter\/#article","isPartOf":{"@id":"https:\/\/www.immobilienbusiness.ch\/retail\/2016-08-05\/bern-migros-eroeffnet-neues-retail-konzeptcenter\/"},"author":{"name":"Redaktion","@id":"https:\/\/www.immobilienbusiness.ch\/#\/schema\/person\/aa2bace6c5c5aad60102004a50c4eb1c"},"headline":"Bern: Migros er\u00f6ffnet neues Retail-Konzeptcenter","datePublished":"2016-08-05T07:05:42+00:00","mainEntityOfPage":{"@id":"https:\/\/www.immobilienbusiness.ch\/retail\/2016-08-05\/bern-migros-eroeffnet-neues-retail-konzeptcenter\/"},"wordCount":239,"commentCount":0,"publisher":{"@id":"https:\/\/www.immobilienbusiness.ch\/#organization"},"image":{"@id":"https:\/\/www.immobilienbusiness.ch\/retail\/2016-08-05\/bern-migros-eroeffnet-neues-retail-konzeptcenter\/#primaryimage"},"thumbnailUrl":"https:\/\/www.immobilienbusiness.ch\/wp-content\/uploads\/2016\/12\/Bern-Migros-eroeffnet-neues-Retail-Konzeptcenter-immobilien-business.jpg","keywords":["Bern","Retail"],"articleSection":["RETAIL"],"inLanguage":"de"},{"@type":"WebPage","@id":"https:\/\/www.immobilienbusiness.ch\/retail\/2016-08-05\/bern-migros-eroeffnet-neues-retail-konzeptcenter\/","url":"https:\/\/www.immobilienbusiness.ch\/retail\/2016-08-05\/bern-migros-eroeffnet-neues-retail-konzeptcenter\/","name":"Bern: Migros er\u00f6ffnet neues Retail-Konzeptcenter - IMMOBILIEN Business","isPartOf":{"@id":"https:\/\/www.immobilienbusiness.ch\/#website"},"primaryImageOfPage":{"@id":"https:\/\/www.immobilienbusiness.ch\/retail\/2016-08-05\/bern-migros-eroeffnet-neues-retail-konzeptcenter\/#primaryimage"},"image":{"@id":"https:\/\/www.immobilienbusiness.ch\/retail\/2016-08-05\/bern-migros-eroeffnet-neues-retail-konzeptcenter\/#primaryimage"},"thumbnailUrl":"https:\/\/www.immobilienbusiness.ch\/wp-content\/uploads\/2016\/12\/Bern-Migros-eroeffnet-neues-Retail-Konzeptcenter-immobilien-business.jpg","datePublished":"2016-08-05T07:05:42+00:00","description":"Am 8. August er\u00f6ffnet die Migros Aare beim Bahnhof Bern die Welle 7, ein neuartiges Retail-Konzeptcenter.","breadcrumb":{"@id":"https:\/\/www.immobilienbusiness.ch\/retail\/2016-08-05\/bern-migros-eroeffnet-neues-retail-konzeptcenter\/#breadcrumb"},"inLanguage":"de","potentialAction":[{"@type":"ReadAction","target":["https:\/\/www.immobilienbusiness.ch\/retail\/2016-08-05\/bern-migros-eroeffnet-neues-retail-konzeptcenter\/"]}]},{"@type":"ImageObject","inLanguage":"de","@id":"https:\/\/www.immobilienbusiness.ch\/retail\/2016-08-05\/bern-migros-eroeffnet-neues-retail-konzeptcenter\/#primaryimage","url":"https:\/\/www.immobilienbusiness.ch\/wp-content\/uploads\/2016\/12\/Bern-Migros-eroeffnet-neues-Retail-Konzeptcenter-immobilien-business.jpg","contentUrl":"https:\/\/www.immobilienbusiness.ch\/wp-content\/uploads\/2016\/12\/Bern-Migros-eroeffnet-neues-Retail-Konzeptcenter-immobilien-business.jpg","width":960,"height":540,"caption":"Neuartige Retail-Angebote finden sich in der Welle 7 der Migros in Bern (Foto: Migros Aare)"},{"@type":"BreadcrumbList","@id":"https:\/\/www.immobilienbusiness.ch\/retail\/2016-08-05\/bern-migros-eroeffnet-neues-retail-konzeptcenter\/#breadcrumb","itemListElement":[{"@type":"ListItem","position":1,"name":"Home","item":"https:\/\/www.immobilienbusiness.ch\/"},{"@type":"ListItem","position":2,"name":"Bern: Migros er\u00f6ffnet neues Retail-Konzeptcenter"}]},{"@type":"WebSite","@id":"https:\/\/www.immobilienbusiness.ch\/#website","url":"https:\/\/www.immobilienbusiness.ch\/","name":"IMMOBILIEN Business","description":"Unabh\u00e4ngiges Schweizer Wirtschaftsmagazin mit Fokus auf Immobilien, Architektur- und Bau sowie Investment- und Finanzierung.","publisher":{"@id":"https:\/\/www.immobilienbusiness.ch\/#organization"},"potentialAction":[{"@type":"SearchAction","target":{"@type":"EntryPoint","urlTemplate":"https:\/\/www.immobilienbusiness.ch\/?s={search_term_string}"},"query-input":{"@type":"PropertyValueSpecification","valueRequired":true,"valueName":"search_term_string"}}],"inLanguage":"de"},{"@type":"Organization","@id":"https:\/\/www.immobilienbusiness.ch\/#organization","name":"IMMOBILIEN Business","url":"https:\/\/www.immobilienbusiness.ch\/","logo":{"@type":"ImageObject","inLanguage":"de","@id":"https:\/\/www.immobilienbusiness.ch\/#\/schema\/logo\/image\/","url":"https:\/\/www.immobilienbusiness.ch\/wp-content\/uploads\/2021\/07\/logo_ib.png","contentUrl":"https:\/\/www.immobilienbusiness.ch\/wp-content\/uploads\/2021\/07\/logo_ib.png","width":800,"height":181,"caption":"IMMOBILIEN Business"},"image":{"@id":"https:\/\/www.immobilienbusiness.ch\/#\/schema\/logo\/image\/"},"sameAs":["https:\/\/www.facebook.com\/immobilienbusiness\/"]},{"@type":"Person","@id":"https:\/\/www.immobilienbusiness.ch\/#\/schema\/person\/aa2bace6c5c5aad60102004a50c4eb1c","name":"Redaktion","image":{"@type":"ImageObject","inLanguage":"de","@id":"https:\/\/secure.gravatar.com\/avatar\/ae2f4d718e6c49043e314ce431e7e645d646302a24a5ef5a8bc8e3f5a032e319?s=96&d=mm&r=g","url":"https:\/\/secure.gravatar.com\/avatar\/ae2f4d718e6c49043e314ce431e7e645d646302a24a5ef5a8bc8e3f5a032e319?s=96&d=mm&r=g","contentUrl":"https:\/\/secure.gravatar.com\/avatar\/ae2f4d718e6c49043e314ce431e7e645d646302a24a5ef5a8bc8e3f5a032e319?s=96&d=mm&r=g","caption":"Redaktion"},"sameAs":["http:\/\/develop.organisator.galledia.ch"],"url":"https:\/\/www.immobilienbusiness.ch\/de\/author\/admin\/"}]}},"_links":{"self":[{"href":"https:\/\/www.immobilienbusiness.ch\/de\/wp-json\/wp\/v2\/posts\/3429","targetHints":{"allow":["GET"]}}],"collection":[{"href":"https:\/\/www.immobilienbusiness.ch\/de\/wp-json\/wp\/v2\/posts"}],"about":[{"href":"https:\/\/www.immobilienbusiness.ch\/de\/wp-json\/wp\/v2\/types\/post"}],"author":[{"embeddable":true,"href":"https:\/\/www.immobilienbusiness.ch\/de\/wp-json\/wp\/v2\/users\/1"}],"replies":[{"embeddable":true,"href":"https:\/\/www.immobilienbusiness.ch\/de\/wp-json\/wp\/v2\/comments?post=3429"}],"version-history":[{"count":0,"href":"https:\/\/www.immobilienbusiness.ch\/de\/wp-json\/wp\/v2\/posts\/3429\/revisions"}],"wp:featuredmedia":[{"embeddable":true,"href":"https:\/\/www.immobilienbusiness.ch\/de\/wp-json\/wp\/v2\/media\/3430"}],"wp:attachment":[{"href":"https:\/\/www.immobilienbusiness.ch\/de\/wp-json\/wp\/v2\/media?parent=3429"}],"wp:term":[{"taxonomy":"category","embeddable":true,"href":"https:\/\/www.immobilienbusiness.ch\/de\/wp-json\/wp\/v2\/categories?post=3429"},{"taxonomy":"post_tag","embeddable":true,"href":"https:\/\/www.immobilienbusiness.ch\/de\/wp-json\/wp\/v2\/tags?post=3429"}],"curies":[{"name":"wp","href":"https:\/\/api.w.org\/{rel}","templated":true}]}}