{"id":342,"date":"2016-12-01T09:13:25","date_gmt":"2016-12-01T08:13:25","guid":{"rendered":"http:\/\/dev.immobilienbusiness.ch\/?p=342"},"modified":"2023-04-22T19:50:52","modified_gmt":"2023-04-22T17:50:52","slug":"zuehlke-wird-ankermieter-auf-nzz-areal-in-schlieren","status":"publish","type":"post","link":"https:\/\/www.immobilienbusiness.ch\/de\/buero\/2016-12-01\/zuehlke-wird-ankermieter-auf-nzz-areal-in-schlieren\/","title":{"rendered":"Z\u00fchlke wird Ankermieter auf NZZ-Areal in Schlieren"},"content":{"rendered":"<figure id=\"attachment_5032\" aria-describedby=\"caption-attachment-5032\" style=\"width: 680px\" class=\"wp-caption alignnone\"><img loading=\"lazy\" decoding=\"async\" class=\"wp-image-5032 size-medium\" src=\"https:\/\/immobilienbusiness.ch\/wp-content\/uploads\/2016\/12\/Z\u00fchlke-wird-Ankermieter-auf-NZZ-Areal-in-Schlieren-immobilien-business.jpg\" width=\"680\" height=\"597\" \/><figcaption id=\"caption-attachment-5032\" class=\"wp-caption-text\">Philipp Sutter, CEO Z\u00fchlke Schweiz, und Peter Lehmann, CIO Swiss Prime Site, bei der Vertragsunterzeichnung (Foto: Swiss Prime Site AG)<\/figcaption><\/figure>\n<p>Die Swiss Prime Site hat das ehemalige NZZ-Druckzentrum in Schlieren Ende 2015 mit dem Ziel erworben, das gut erschlossene Areal mit einer Grundst\u00fcckfl\u00e4che von rund 26.700 qm zu entwickeln und neu zu positionieren.<\/p>\n<p>Als erster Schritt in diesem Entwicklungsprozess wurde am 29. November 2016 ein langfristiger Mietvertrag mit Z\u00fchlke unterzeichnet. Das Unternehmen deckt alle Phasen des Business-Innovations-Prozesses ab und begleitet Produkte sowie Anwendungen von der Idee \u00fcber die Realisierung bis zum Betrieb. Z\u00fchlke besch\u00e4ftigt \u00fcber 700 Mitarbeitende in der Schweiz, Deutschland, Grossbritannien, \u00d6sterreich und Serbien.<\/p>\n<p>Peter Lehmann, CIO Swiss Prime Site, sagt, das ehemalige NZZ-Druckzentrum werde \u00abin den kommenden 24 Monaten eine eigentliche Renaissance erleben\u00bb. Mit der Unterzeichnung des Mietvertrages mit Z\u00fchlke sei der Grundstein gelegt, ein \u00abZentrum f\u00fcr Unternehmertum, Innovation und Wissenstransfer zu realisieren\u00bb. JLL hat Z\u00fchlke bei der Standortsuche und den Mietverhandlungen als Berater exklusiv begleitet. (ah)<\/p>\n","protected":false},"excerpt":{"rendered":"<p>Die Swiss Prime Site hat mit dem Dienstleistungsunternehmen Z\u00fchlke einen Ankermieter f\u00fcr das NZZ-Areal in Schlieren gefunden. Z\u00fchlke verlagert im Laufe des Gesch\u00e4ftsjahres 2019 den Schweizer Hauptsitz in das ehemalige NZZ-Druckzentrum.<\/p>\n","protected":false},"author":1,"featured_media":5032,"comment_status":"closed","ping_status":"closed","sticky":false,"template":"","format":"standard","meta":{"_acf_changed":false,"_yoast_wpseo_focuskw":"Ankermieter","_yoast_wpseo_title":"","_yoast_wpseo_metadesc":"Die Swiss Prime Site hat mit dem Dienstleistungsunternehmen Z\u00fchlke einen Ankermieter f\u00fcr das NZZ-Areal in Schlieren gefunden.","_yoast_wpseo_linkdex":56,"pgc_sgb_lightbox_settings":"","footnotes":""},"categories":[983],"tags":[1118,1888],"class_list":["post-342","post","type-post","status-publish","format-standard","has-post-thumbnail","hentry","category-buero","tag-buero","tag-zuerich"],"acf":[],"yoast_head":"<!-- This site is optimized with the Yoast SEO plugin v27.4 - https:\/\/yoast.com\/product\/yoast-seo-wordpress\/ -->\n<title>Z\u00fchlke wird Ankermieter auf NZZ-Areal in Schlieren - IMMOBILIEN Business<\/title>\n<meta name=\"description\" content=\"Die Swiss Prime Site hat mit dem Dienstleistungsunternehmen Z\u00fchlke einen Ankermieter f\u00fcr das NZZ-Areal in Schlieren gefunden.\" \/>\n<meta name=\"robots\" content=\"index, follow, max-snippet:-1, max-image-preview:large, max-video-preview:-1\" \/>\n<link rel=\"canonical\" href=\"https:\/\/www.immobilienbusiness.ch\/de\/buero\/2016-12-01\/zuehlke-wird-ankermieter-auf-nzz-areal-in-schlieren\/\" \/>\n<meta property=\"og:locale\" content=\"de_DE\" \/>\n<meta property=\"og:type\" content=\"article\" \/>\n<meta property=\"og:title\" content=\"Z\u00fchlke wird Ankermieter auf NZZ-Areal in Schlieren\" \/>\n<meta property=\"og:description\" content=\"Die Swiss Prime Site hat mit dem Dienstleistungsunternehmen Z\u00fchlke einen Ankermieter f\u00fcr das NZZ-Areal in Schlieren gefunden. Z\u00fchlke verlagert im Laufe des Gesch\u00e4ftsjahres 2019 den Schweizer Hauptsitz in das ehemalige NZZ-Druckzentrum.\" \/>\n<meta property=\"og:url\" content=\"https:\/\/www.immobilienbusiness.ch\/de\/buero\/2016-12-01\/zuehlke-wird-ankermieter-auf-nzz-areal-in-schlieren\/\" \/>\n<meta property=\"og:site_name\" content=\"IMMOBILIEN Business\" \/>\n<meta property=\"article:publisher\" content=\"https:\/\/www.facebook.com\/immobilienbusiness\/\" \/>\n<meta property=\"article:published_time\" content=\"2016-12-01T08:13:25+00:00\" \/>\n<meta property=\"article:modified_time\" content=\"2023-04-22T17:50:52+00:00\" \/>\n<meta name=\"author\" content=\"Redaktion\" \/>\n<meta name=\"twitter:card\" content=\"summary_large_image\" \/>\n<meta name=\"twitter:image\" content=\"https:\/\/www.immobilienbusiness.ch\/wp-content\/uploads\/2016\/12\/Zuehlke-wird-Ankermieter-auf-NZZ-Areal-in-Schlieren-immobilien-business.jpg\" \/>\n<script type=\"application\/ld+json\" class=\"yoast-schema-graph\">{\"@context\":\"https:\\\/\\\/schema.org\",\"@graph\":[{\"@type\":\"Article\",\"@id\":\"https:\\\/\\\/www.immobilienbusiness.ch\\\/buero\\\/2016-12-01\\\/zuehlke-wird-ankermieter-auf-nzz-areal-in-schlieren\\\/#article\",\"isPartOf\":{\"@id\":\"https:\\\/\\\/www.immobilienbusiness.ch\\\/buero\\\/2016-12-01\\\/zuehlke-wird-ankermieter-auf-nzz-areal-in-schlieren\\\/\"},\"author\":{\"name\":\"Redaktion\",\"@id\":\"https:\\\/\\\/www.immobilienbusiness.ch\\\/#\\\/schema\\\/person\\\/aa2bace6c5c5aad60102004a50c4eb1c\"},\"headline\":\"Z\u00fchlke wird Ankermieter auf NZZ-Areal in Schlieren\",\"datePublished\":\"2016-12-01T08:13:25+00:00\",\"dateModified\":\"2023-04-22T17:50:52+00:00\",\"mainEntityOfPage\":{\"@id\":\"https:\\\/\\\/www.immobilienbusiness.ch\\\/buero\\\/2016-12-01\\\/zuehlke-wird-ankermieter-auf-nzz-areal-in-schlieren\\\/\"},\"wordCount\":177,\"publisher\":{\"@id\":\"https:\\\/\\\/www.immobilienbusiness.ch\\\/#organization\"},\"image\":{\"@id\":\"https:\\\/\\\/www.immobilienbusiness.ch\\\/buero\\\/2016-12-01\\\/zuehlke-wird-ankermieter-auf-nzz-areal-in-schlieren\\\/#primaryimage\"},\"thumbnailUrl\":\"https:\\\/\\\/www.immobilienbusiness.ch\\\/wp-content\\\/uploads\\\/2016\\\/12\\\/Zuehlke-wird-Ankermieter-auf-NZZ-Areal-in-Schlieren-immobilien-business.jpg\",\"keywords\":[\"B\u00fcro\",\"Z\u00fcrich\"],\"articleSection\":[\"B\u00dcRO\"],\"inLanguage\":\"de\"},{\"@type\":\"WebPage\",\"@id\":\"https:\\\/\\\/www.immobilienbusiness.ch\\\/buero\\\/2016-12-01\\\/zuehlke-wird-ankermieter-auf-nzz-areal-in-schlieren\\\/\",\"url\":\"https:\\\/\\\/www.immobilienbusiness.ch\\\/buero\\\/2016-12-01\\\/zuehlke-wird-ankermieter-auf-nzz-areal-in-schlieren\\\/\",\"name\":\"Z\u00fchlke wird Ankermieter auf NZZ-Areal in Schlieren - IMMOBILIEN Business\",\"isPartOf\":{\"@id\":\"https:\\\/\\\/www.immobilienbusiness.ch\\\/#website\"},\"primaryImageOfPage\":{\"@id\":\"https:\\\/\\\/www.immobilienbusiness.ch\\\/buero\\\/2016-12-01\\\/zuehlke-wird-ankermieter-auf-nzz-areal-in-schlieren\\\/#primaryimage\"},\"image\":{\"@id\":\"https:\\\/\\\/www.immobilienbusiness.ch\\\/buero\\\/2016-12-01\\\/zuehlke-wird-ankermieter-auf-nzz-areal-in-schlieren\\\/#primaryimage\"},\"thumbnailUrl\":\"https:\\\/\\\/www.immobilienbusiness.ch\\\/wp-content\\\/uploads\\\/2016\\\/12\\\/Zuehlke-wird-Ankermieter-auf-NZZ-Areal-in-Schlieren-immobilien-business.jpg\",\"datePublished\":\"2016-12-01T08:13:25+00:00\",\"dateModified\":\"2023-04-22T17:50:52+00:00\",\"description\":\"Die Swiss Prime Site hat mit dem Dienstleistungsunternehmen Z\u00fchlke einen Ankermieter f\u00fcr das NZZ-Areal in Schlieren gefunden.\",\"breadcrumb\":{\"@id\":\"https:\\\/\\\/www.immobilienbusiness.ch\\\/buero\\\/2016-12-01\\\/zuehlke-wird-ankermieter-auf-nzz-areal-in-schlieren\\\/#breadcrumb\"},\"inLanguage\":\"de\",\"potentialAction\":[{\"@type\":\"ReadAction\",\"target\":[\"https:\\\/\\\/www.immobilienbusiness.ch\\\/buero\\\/2016-12-01\\\/zuehlke-wird-ankermieter-auf-nzz-areal-in-schlieren\\\/\"]}]},{\"@type\":\"ImageObject\",\"inLanguage\":\"de\",\"@id\":\"https:\\\/\\\/www.immobilienbusiness.ch\\\/buero\\\/2016-12-01\\\/zuehlke-wird-ankermieter-auf-nzz-areal-in-schlieren\\\/#primaryimage\",\"url\":\"https:\\\/\\\/www.immobilienbusiness.ch\\\/wp-content\\\/uploads\\\/2016\\\/12\\\/Zuehlke-wird-Ankermieter-auf-NZZ-Areal-in-Schlieren-immobilien-business.jpg\",\"contentUrl\":\"https:\\\/\\\/www.immobilienbusiness.ch\\\/wp-content\\\/uploads\\\/2016\\\/12\\\/Zuehlke-wird-Ankermieter-auf-NZZ-Areal-in-Schlieren-immobilien-business.jpg\",\"width\":1691,\"height\":1485,\"caption\":\"Philipp Sutter, CEO Z\u00fchlke Schweiz, und Peter Lehmann, CIO Swiss Prime Site, bei der Vertragsunterzeichnung (Foto: Swiss Prime Site AG)\"},{\"@type\":\"BreadcrumbList\",\"@id\":\"https:\\\/\\\/www.immobilienbusiness.ch\\\/buero\\\/2016-12-01\\\/zuehlke-wird-ankermieter-auf-nzz-areal-in-schlieren\\\/#breadcrumb\",\"itemListElement\":[{\"@type\":\"ListItem\",\"position\":1,\"name\":\"Home\",\"item\":\"https:\\\/\\\/www.immobilienbusiness.ch\\\/\"},{\"@type\":\"ListItem\",\"position\":2,\"name\":\"Z\u00fchlke wird Ankermieter auf NZZ-Areal in Schlieren\"}]},{\"@type\":\"WebSite\",\"@id\":\"https:\\\/\\\/www.immobilienbusiness.ch\\\/#website\",\"url\":\"https:\\\/\\\/www.immobilienbusiness.ch\\\/\",\"name\":\"IMMOBILIEN Business\",\"description\":\"Unabh\u00e4ngiges Schweizer Wirtschaftsmagazin mit Fokus auf Immobilien, Architektur- und Bau sowie Investment- und Finanzierung.\",\"publisher\":{\"@id\":\"https:\\\/\\\/www.immobilienbusiness.ch\\\/#organization\"},\"potentialAction\":[{\"@type\":\"SearchAction\",\"target\":{\"@type\":\"EntryPoint\",\"urlTemplate\":\"https:\\\/\\\/www.immobilienbusiness.ch\\\/?s={search_term_string}\"},\"query-input\":{\"@type\":\"PropertyValueSpecification\",\"valueRequired\":true,\"valueName\":\"search_term_string\"}}],\"inLanguage\":\"de\"},{\"@type\":\"Organization\",\"@id\":\"https:\\\/\\\/www.immobilienbusiness.ch\\\/#organization\",\"name\":\"IMMOBILIEN Business\",\"url\":\"https:\\\/\\\/www.immobilienbusiness.ch\\\/\",\"logo\":{\"@type\":\"ImageObject\",\"inLanguage\":\"de\",\"@id\":\"https:\\\/\\\/www.immobilienbusiness.ch\\\/#\\\/schema\\\/logo\\\/image\\\/\",\"url\":\"https:\\\/\\\/www.immobilienbusiness.ch\\\/wp-content\\\/uploads\\\/2021\\\/07\\\/logo_ib.png\",\"contentUrl\":\"https:\\\/\\\/www.immobilienbusiness.ch\\\/wp-content\\\/uploads\\\/2021\\\/07\\\/logo_ib.png\",\"width\":800,\"height\":181,\"caption\":\"IMMOBILIEN Business\"},\"image\":{\"@id\":\"https:\\\/\\\/www.immobilienbusiness.ch\\\/#\\\/schema\\\/logo\\\/image\\\/\"},\"sameAs\":[\"https:\\\/\\\/www.facebook.com\\\/immobilienbusiness\\\/\"]},{\"@type\":\"Person\",\"@id\":\"https:\\\/\\\/www.immobilienbusiness.ch\\\/#\\\/schema\\\/person\\\/aa2bace6c5c5aad60102004a50c4eb1c\",\"name\":\"Redaktion\",\"image\":{\"@type\":\"ImageObject\",\"inLanguage\":\"de\",\"@id\":\"https:\\\/\\\/secure.gravatar.com\\\/avatar\\\/ae2f4d718e6c49043e314ce431e7e645d646302a24a5ef5a8bc8e3f5a032e319?s=96&d=mm&r=g\",\"url\":\"https:\\\/\\\/secure.gravatar.com\\\/avatar\\\/ae2f4d718e6c49043e314ce431e7e645d646302a24a5ef5a8bc8e3f5a032e319?s=96&d=mm&r=g\",\"contentUrl\":\"https:\\\/\\\/secure.gravatar.com\\\/avatar\\\/ae2f4d718e6c49043e314ce431e7e645d646302a24a5ef5a8bc8e3f5a032e319?s=96&d=mm&r=g\",\"caption\":\"Redaktion\"},\"sameAs\":[\"http:\\\/\\\/develop.organisator.galledia.ch\"],\"url\":\"https:\\\/\\\/www.immobilienbusiness.ch\\\/de\\\/author\\\/admin\\\/\"}]}<\/script>\n<!-- \/ Yoast SEO plugin. -->","yoast_head_json":{"title":"Z\u00fchlke wird Ankermieter auf NZZ-Areal in Schlieren - IMMOBILIEN Business","description":"Die Swiss Prime Site hat mit dem Dienstleistungsunternehmen Z\u00fchlke einen Ankermieter f\u00fcr das NZZ-Areal in Schlieren gefunden.","robots":{"index":"index","follow":"follow","max-snippet":"max-snippet:-1","max-image-preview":"max-image-preview:large","max-video-preview":"max-video-preview:-1"},"canonical":"https:\/\/www.immobilienbusiness.ch\/de\/buero\/2016-12-01\/zuehlke-wird-ankermieter-auf-nzz-areal-in-schlieren\/","og_locale":"de_DE","og_type":"article","og_title":"Z\u00fchlke wird Ankermieter auf NZZ-Areal in Schlieren","og_description":"Die Swiss Prime Site hat mit dem Dienstleistungsunternehmen Z\u00fchlke einen Ankermieter f\u00fcr das NZZ-Areal in Schlieren gefunden. Z\u00fchlke verlagert im Laufe des Gesch\u00e4ftsjahres 2019 den Schweizer Hauptsitz in das ehemalige NZZ-Druckzentrum.","og_url":"https:\/\/www.immobilienbusiness.ch\/de\/buero\/2016-12-01\/zuehlke-wird-ankermieter-auf-nzz-areal-in-schlieren\/","og_site_name":"IMMOBILIEN Business","article_publisher":"https:\/\/www.facebook.com\/immobilienbusiness\/","article_published_time":"2016-12-01T08:13:25+00:00","article_modified_time":"2023-04-22T17:50:52+00:00","author":"Redaktion","twitter_card":"summary_large_image","twitter_image":"https:\/\/www.immobilienbusiness.ch\/wp-content\/uploads\/2016\/12\/Zuehlke-wird-Ankermieter-auf-NZZ-Areal-in-Schlieren-immobilien-business.jpg","schema":{"@context":"https:\/\/schema.org","@graph":[{"@type":"Article","@id":"https:\/\/www.immobilienbusiness.ch\/buero\/2016-12-01\/zuehlke-wird-ankermieter-auf-nzz-areal-in-schlieren\/#article","isPartOf":{"@id":"https:\/\/www.immobilienbusiness.ch\/buero\/2016-12-01\/zuehlke-wird-ankermieter-auf-nzz-areal-in-schlieren\/"},"author":{"name":"Redaktion","@id":"https:\/\/www.immobilienbusiness.ch\/#\/schema\/person\/aa2bace6c5c5aad60102004a50c4eb1c"},"headline":"Z\u00fchlke wird Ankermieter auf NZZ-Areal in Schlieren","datePublished":"2016-12-01T08:13:25+00:00","dateModified":"2023-04-22T17:50:52+00:00","mainEntityOfPage":{"@id":"https:\/\/www.immobilienbusiness.ch\/buero\/2016-12-01\/zuehlke-wird-ankermieter-auf-nzz-areal-in-schlieren\/"},"wordCount":177,"publisher":{"@id":"https:\/\/www.immobilienbusiness.ch\/#organization"},"image":{"@id":"https:\/\/www.immobilienbusiness.ch\/buero\/2016-12-01\/zuehlke-wird-ankermieter-auf-nzz-areal-in-schlieren\/#primaryimage"},"thumbnailUrl":"https:\/\/www.immobilienbusiness.ch\/wp-content\/uploads\/2016\/12\/Zuehlke-wird-Ankermieter-auf-NZZ-Areal-in-Schlieren-immobilien-business.jpg","keywords":["B\u00fcro","Z\u00fcrich"],"articleSection":["B\u00dcRO"],"inLanguage":"de"},{"@type":"WebPage","@id":"https:\/\/www.immobilienbusiness.ch\/buero\/2016-12-01\/zuehlke-wird-ankermieter-auf-nzz-areal-in-schlieren\/","url":"https:\/\/www.immobilienbusiness.ch\/buero\/2016-12-01\/zuehlke-wird-ankermieter-auf-nzz-areal-in-schlieren\/","name":"Z\u00fchlke wird Ankermieter auf NZZ-Areal in Schlieren - IMMOBILIEN Business","isPartOf":{"@id":"https:\/\/www.immobilienbusiness.ch\/#website"},"primaryImageOfPage":{"@id":"https:\/\/www.immobilienbusiness.ch\/buero\/2016-12-01\/zuehlke-wird-ankermieter-auf-nzz-areal-in-schlieren\/#primaryimage"},"image":{"@id":"https:\/\/www.immobilienbusiness.ch\/buero\/2016-12-01\/zuehlke-wird-ankermieter-auf-nzz-areal-in-schlieren\/#primaryimage"},"thumbnailUrl":"https:\/\/www.immobilienbusiness.ch\/wp-content\/uploads\/2016\/12\/Zuehlke-wird-Ankermieter-auf-NZZ-Areal-in-Schlieren-immobilien-business.jpg","datePublished":"2016-12-01T08:13:25+00:00","dateModified":"2023-04-22T17:50:52+00:00","description":"Die Swiss Prime Site hat mit dem Dienstleistungsunternehmen Z\u00fchlke einen Ankermieter f\u00fcr das NZZ-Areal in Schlieren gefunden.","breadcrumb":{"@id":"https:\/\/www.immobilienbusiness.ch\/buero\/2016-12-01\/zuehlke-wird-ankermieter-auf-nzz-areal-in-schlieren\/#breadcrumb"},"inLanguage":"de","potentialAction":[{"@type":"ReadAction","target":["https:\/\/www.immobilienbusiness.ch\/buero\/2016-12-01\/zuehlke-wird-ankermieter-auf-nzz-areal-in-schlieren\/"]}]},{"@type":"ImageObject","inLanguage":"de","@id":"https:\/\/www.immobilienbusiness.ch\/buero\/2016-12-01\/zuehlke-wird-ankermieter-auf-nzz-areal-in-schlieren\/#primaryimage","url":"https:\/\/www.immobilienbusiness.ch\/wp-content\/uploads\/2016\/12\/Zuehlke-wird-Ankermieter-auf-NZZ-Areal-in-Schlieren-immobilien-business.jpg","contentUrl":"https:\/\/www.immobilienbusiness.ch\/wp-content\/uploads\/2016\/12\/Zuehlke-wird-Ankermieter-auf-NZZ-Areal-in-Schlieren-immobilien-business.jpg","width":1691,"height":1485,"caption":"Philipp Sutter, CEO Z\u00fchlke Schweiz, und Peter Lehmann, CIO Swiss Prime Site, bei der Vertragsunterzeichnung (Foto: Swiss Prime Site AG)"},{"@type":"BreadcrumbList","@id":"https:\/\/www.immobilienbusiness.ch\/buero\/2016-12-01\/zuehlke-wird-ankermieter-auf-nzz-areal-in-schlieren\/#breadcrumb","itemListElement":[{"@type":"ListItem","position":1,"name":"Home","item":"https:\/\/www.immobilienbusiness.ch\/"},{"@type":"ListItem","position":2,"name":"Z\u00fchlke wird Ankermieter auf NZZ-Areal in Schlieren"}]},{"@type":"WebSite","@id":"https:\/\/www.immobilienbusiness.ch\/#website","url":"https:\/\/www.immobilienbusiness.ch\/","name":"IMMOBILIEN Business","description":"Unabh\u00e4ngiges Schweizer Wirtschaftsmagazin mit Fokus auf Immobilien, Architektur- und Bau sowie Investment- und Finanzierung.","publisher":{"@id":"https:\/\/www.immobilienbusiness.ch\/#organization"},"potentialAction":[{"@type":"SearchAction","target":{"@type":"EntryPoint","urlTemplate":"https:\/\/www.immobilienbusiness.ch\/?s={search_term_string}"},"query-input":{"@type":"PropertyValueSpecification","valueRequired":true,"valueName":"search_term_string"}}],"inLanguage":"de"},{"@type":"Organization","@id":"https:\/\/www.immobilienbusiness.ch\/#organization","name":"IMMOBILIEN Business","url":"https:\/\/www.immobilienbusiness.ch\/","logo":{"@type":"ImageObject","inLanguage":"de","@id":"https:\/\/www.immobilienbusiness.ch\/#\/schema\/logo\/image\/","url":"https:\/\/www.immobilienbusiness.ch\/wp-content\/uploads\/2021\/07\/logo_ib.png","contentUrl":"https:\/\/www.immobilienbusiness.ch\/wp-content\/uploads\/2021\/07\/logo_ib.png","width":800,"height":181,"caption":"IMMOBILIEN Business"},"image":{"@id":"https:\/\/www.immobilienbusiness.ch\/#\/schema\/logo\/image\/"},"sameAs":["https:\/\/www.facebook.com\/immobilienbusiness\/"]},{"@type":"Person","@id":"https:\/\/www.immobilienbusiness.ch\/#\/schema\/person\/aa2bace6c5c5aad60102004a50c4eb1c","name":"Redaktion","image":{"@type":"ImageObject","inLanguage":"de","@id":"https:\/\/secure.gravatar.com\/avatar\/ae2f4d718e6c49043e314ce431e7e645d646302a24a5ef5a8bc8e3f5a032e319?s=96&d=mm&r=g","url":"https:\/\/secure.gravatar.com\/avatar\/ae2f4d718e6c49043e314ce431e7e645d646302a24a5ef5a8bc8e3f5a032e319?s=96&d=mm&r=g","contentUrl":"https:\/\/secure.gravatar.com\/avatar\/ae2f4d718e6c49043e314ce431e7e645d646302a24a5ef5a8bc8e3f5a032e319?s=96&d=mm&r=g","caption":"Redaktion"},"sameAs":["http:\/\/develop.organisator.galledia.ch"],"url":"https:\/\/www.immobilienbusiness.ch\/de\/author\/admin\/"}]}},"_links":{"self":[{"href":"https:\/\/www.immobilienbusiness.ch\/de\/wp-json\/wp\/v2\/posts\/342","targetHints":{"allow":["GET"]}}],"collection":[{"href":"https:\/\/www.immobilienbusiness.ch\/de\/wp-json\/wp\/v2\/posts"}],"about":[{"href":"https:\/\/www.immobilienbusiness.ch\/de\/wp-json\/wp\/v2\/types\/post"}],"author":[{"embeddable":true,"href":"https:\/\/www.immobilienbusiness.ch\/de\/wp-json\/wp\/v2\/users\/1"}],"replies":[{"embeddable":true,"href":"https:\/\/www.immobilienbusiness.ch\/de\/wp-json\/wp\/v2\/comments?post=342"}],"version-history":[{"count":1,"href":"https:\/\/www.immobilienbusiness.ch\/de\/wp-json\/wp\/v2\/posts\/342\/revisions"}],"predecessor-version":[{"id":46749,"href":"https:\/\/www.immobilienbusiness.ch\/de\/wp-json\/wp\/v2\/posts\/342\/revisions\/46749"}],"wp:featuredmedia":[{"embeddable":true,"href":"https:\/\/www.immobilienbusiness.ch\/de\/wp-json\/wp\/v2\/media\/5032"}],"wp:attachment":[{"href":"https:\/\/www.immobilienbusiness.ch\/de\/wp-json\/wp\/v2\/media?parent=342"}],"wp:term":[{"taxonomy":"category","embeddable":true,"href":"https:\/\/www.immobilienbusiness.ch\/de\/wp-json\/wp\/v2\/categories?post=342"},{"taxonomy":"post_tag","embeddable":true,"href":"https:\/\/www.immobilienbusiness.ch\/de\/wp-json\/wp\/v2\/tags?post=342"}],"curies":[{"name":"wp","href":"https:\/\/api.w.org\/{rel}","templated":true}]}}