{"id":3391,"date":"2016-08-02T08:59:14","date_gmt":"2016-08-02T06:59:14","guid":{"rendered":"http:\/\/dev.immobilienbusiness.ch\/?p=3391"},"modified":"2016-08-02T08:59:14","modified_gmt":"2016-08-02T06:59:14","slug":"basel-cs-anlagestiftung-verkauft-markthalle","status":"publish","type":"post","link":"https:\/\/www.immobilienbusiness.ch\/de\/allgemein\/2016-08-02\/basel-cs-anlagestiftung-verkauft-markthalle\/","title":{"rendered":"Basel: CS-Anlagestiftung verkauft Markthalle"},"content":{"rendered":"<figure id=\"attachment_3392\" aria-describedby=\"caption-attachment-3392\" style=\"width: 680px\" class=\"wp-caption alignnone\"><img loading=\"lazy\" decoding=\"async\" class=\"size-medium wp-image-3392\" src=\"https:\/\/immobilienbusiness.ch\/wp-content\/uploads\/2016\/12\/Basel-CS-Anlagestiftung-verkauft-Markthalle-immobilien-business.jpg\" alt=\"CSA RES verkauft die Basler Markthalle an die Edith Maryon AG (Foto: Edith Maryon AG)\" width=\"680\" height=\"453\" srcset=\"https:\/\/www.immobilienbusiness.ch\/wp-content\/uploads\/2016\/12\/Basel-CS-Anlagestiftung-verkauft-Markthalle-immobilien-business.jpg 2560w, https:\/\/www.immobilienbusiness.ch\/wp-content\/uploads\/2016\/12\/Basel-CS-Anlagestiftung-verkauft-Markthalle-immobilien-business-300x200.jpg 300w, https:\/\/www.immobilienbusiness.ch\/wp-content\/uploads\/2016\/12\/Basel-CS-Anlagestiftung-verkauft-Markthalle-immobilien-business-1024x683.jpg 1024w, https:\/\/www.immobilienbusiness.ch\/wp-content\/uploads\/2016\/12\/Basel-CS-Anlagestiftung-verkauft-Markthalle-immobilien-business-768x512.jpg 768w, https:\/\/www.immobilienbusiness.ch\/wp-content\/uploads\/2016\/12\/Basel-CS-Anlagestiftung-verkauft-Markthalle-immobilien-business-1536x1024.jpg 1536w, https:\/\/www.immobilienbusiness.ch\/wp-content\/uploads\/2016\/12\/Basel-CS-Anlagestiftung-verkauft-Markthalle-immobilien-business-2048x1365.jpg 2048w, https:\/\/www.immobilienbusiness.ch\/wp-content\/uploads\/2016\/12\/Basel-CS-Anlagestiftung-verkauft-Markthalle-immobilien-business-16x12.jpg 16w, https:\/\/www.immobilienbusiness.ch\/wp-content\/uploads\/2016\/12\/Basel-CS-Anlagestiftung-verkauft-Markthalle-immobilien-business-263x175.jpg 263w, https:\/\/www.immobilienbusiness.ch\/wp-content\/uploads\/2016\/12\/Basel-CS-Anlagestiftung-verkauft-Markthalle-immobilien-business-525x350.jpg 525w, https:\/\/www.immobilienbusiness.ch\/wp-content\/uploads\/2016\/12\/Basel-CS-Anlagestiftung-verkauft-Markthalle-immobilien-business-1200x800.jpg 1200w, https:\/\/www.immobilienbusiness.ch\/wp-content\/uploads\/2016\/12\/Basel-CS-Anlagestiftung-verkauft-Markthalle-immobilien-business-920x613.jpg 920w, https:\/\/www.immobilienbusiness.ch\/wp-content\/uploads\/2016\/12\/Basel-CS-Anlagestiftung-verkauft-Markthalle-immobilien-business-1400x933.jpg 1400w\" sizes=\"auto, (max-width: 680px) 100vw, 680px\" \/><figcaption id=\"caption-attachment-3392\" class=\"wp-caption-text\">CSA RES verkauft die Basler Markthalle an die Edith Maryon AG (Foto: Edith Maryon AG)<\/figcaption><\/figure>\n<p>Die Edith Maryon AG, ein Tochterunternehmen der Stiftung Edith Maryon, kauft die im Jahr 1929 errichtete Markthalle Basel mit zugeh\u00f6rigen Randbauten, aber ohne den im Jahr 2011 errichteten Wohnturm, welcher im Eigentum der Verk\u00e4uferin CSA RES verbleibt. Somit wechseln Liegenschaften mit einer Nutzfl\u00e4che von insgesamt 13.822 qm den Eigent\u00fcmer.<\/p>\n<p>Zu den Mietern der Randbauten und der Sockelebene z\u00e4hlen u.a. die Wohnstadt Bau\u2010 und Verwaltungsgenossenschaft, der Bergsportausr\u00fcster B\u00e4chli, die Saner Apotheke, das Ita Wegman Ambulatorium, ein Schwangerschafts\u2010 und Stillmodegesch\u00e4ft sowie ein Elektronikh\u00e4ndler. Alle bestehenden Mietvertr\u00e4ge werden \u00fcbernommen. \u00dcber den Kaufpreis wurde Stillschweigen vereinbart.<\/p>\n<p>In der Markthalle, Basels gr\u00f6sstem\u00a0Kuppelbau, betreiben die Markthallen AG Basel und Partner seit Oktober 2013 zahlreiche gastronomische und kulturelle Angebote. Die Edith Maryon AG will dieses Konzept weiterf\u00fchren und ausbauen. Geplant ist, neben den gastronomischen Kleinunternehmen vermehrt Produzenten anzusiedeln, darunter etwa Hersteller von Brot\u2010 und Backwaren sowie Milchprodukten, Marktst\u00e4nde f\u00fcr Handwerk und Lebensmittel sowie Manufakturbetriebe.<\/p>\n<p>Die Immobilie hat eine lange und bewegte Geschichte hinter sich. Bis 2003 wurde der Bau als Markthalle genutzt. Im Jahr 2006 erwarb die Allreal AG laut lokalen Medien\u00a0den zuvor dem Kanton geh\u00f6renden Bau. Mit der \u00dcbernahme verbunden waren Auflagen betreffend den Denkmalschutz und die \u00f6ffentliche Nutzung der Halle.\u00a0Ende 2012 \u00fcbernahm\u00a0die CSA RES das Objekt.<\/p>\n<p>Das Geb\u00e4ude sollte zun\u00e4chst als Einkaufszentrum genutzt werden, was jedoch scheiterte. Ab Oktober 2013 wurde das Markthallen-Konzept mit gastronomischen Angeboten und kleinen Gesch\u00e4ften zun\u00e4chst als Zwischennutzung gestartet.\u00a0Dieses Konzept sei zwar erfolgreich, bringe jedoch nicht die Einnahmen, mit denen die Anlagestiftung urspr\u00fcnglich gerechnet hatte, sagte deren Leiter Andreas Roth gegen\u00fcber lokalen Medien. Deshalb habe man zusammen mit der Markthallen AG eine L\u00f6sung f\u00fcr die Zeit nach dem Ablauf des aktuellen Vertrags Ende 2017 gesucht. Mit dem Verkauf der kommerziellen Teile der Markthalle will sich die CSA RES gem\u00e4ss Roth nun auf ihren eigentlichen Fokus, die Vermietung von Wohnraum, konzentrieren. (ah)<\/p>\n","protected":false},"excerpt":{"rendered":"<p>Die Markthalle in Basel hat einen neuen Eigent\u00fcmer. Per 1. August erwirbt die gemeinn\u00fctzige Edith Maryon AG die Liegenschaft von der CSA Real Estate Switzerland (CSA RES), einer Anlagegruppe der Credit Suisse Anlagestiftung.<\/p>\n","protected":false},"author":1,"featured_media":3392,"comment_status":"open","ping_status":"open","sticky":false,"template":"","format":"standard","meta":{"_acf_changed":false,"_yoast_wpseo_focuskw":"Markthalle","_yoast_wpseo_title":"","_yoast_wpseo_metadesc":"Die Markthalle in Basel hat einen neuen Eigent\u00fcmer. Per 1. August erwirbt die gemeinn\u00fctzige Edith Maryon AG die Liegenschaft von der CSA RES.","_yoast_wpseo_linkdex":93,"pgc_sgb_lightbox_settings":"","footnotes":""},"categories":[1],"tags":[1069],"class_list":["post-3391","post","type-post","status-publish","format-standard","has-post-thumbnail","hentry","category-allgemein","tag-basel"],"acf":[],"yoast_head":"<!-- This site is optimized with the Yoast SEO plugin v27.5 - https:\/\/yoast.com\/product\/yoast-seo-wordpress\/ -->\n<title>Basel: CS-Anlagestiftung verkauft Markthalle - IMMOBILIEN Business<\/title>\n<meta name=\"description\" content=\"Die Markthalle in Basel hat einen neuen Eigent\u00fcmer. Per 1. August erwirbt die gemeinn\u00fctzige Edith Maryon AG die Liegenschaft von der CSA RES.\" \/>\n<meta name=\"robots\" content=\"index, follow, max-snippet:-1, max-image-preview:large, max-video-preview:-1\" \/>\n<link rel=\"canonical\" href=\"https:\/\/www.immobilienbusiness.ch\/de\/allgemein\/2016-08-02\/basel-cs-anlagestiftung-verkauft-markthalle\/\" \/>\n<meta property=\"og:locale\" content=\"de_DE\" \/>\n<meta property=\"og:type\" content=\"article\" \/>\n<meta property=\"og:title\" content=\"Basel: CS-Anlagestiftung verkauft Markthalle\" \/>\n<meta property=\"og:description\" content=\"Die Markthalle in Basel hat einen neuen Eigent\u00fcmer. Per 1. August erwirbt die gemeinn\u00fctzige Edith Maryon AG die Liegenschaft von der CSA Real Estate Switzerland (CSA RES), einer Anlagegruppe der Credit Suisse Anlagestiftung.\" \/>\n<meta property=\"og:url\" content=\"https:\/\/www.immobilienbusiness.ch\/de\/allgemein\/2016-08-02\/basel-cs-anlagestiftung-verkauft-markthalle\/\" \/>\n<meta property=\"og:site_name\" content=\"IMMOBILIEN Business\" \/>\n<meta property=\"article:publisher\" content=\"https:\/\/www.facebook.com\/immobilienbusiness\/\" \/>\n<meta property=\"article:published_time\" content=\"2016-08-02T06:59:14+00:00\" \/>\n<meta name=\"author\" content=\"Redaktion\" \/>\n<meta name=\"twitter:card\" content=\"summary_large_image\" \/>\n<meta name=\"twitter:image\" content=\"https:\/\/www.immobilienbusiness.ch\/wp-content\/uploads\/2016\/12\/Basel-CS-Anlagestiftung-verkauft-Markthalle-immobilien-business.jpg\" \/>\n<script type=\"application\/ld+json\" class=\"yoast-schema-graph\">{\"@context\":\"https:\\\/\\\/schema.org\",\"@graph\":[{\"@type\":\"Article\",\"@id\":\"https:\\\/\\\/www.immobilienbusiness.ch\\\/allgemein\\\/2016-08-02\\\/basel-cs-anlagestiftung-verkauft-markthalle\\\/#article\",\"isPartOf\":{\"@id\":\"https:\\\/\\\/www.immobilienbusiness.ch\\\/allgemein\\\/2016-08-02\\\/basel-cs-anlagestiftung-verkauft-markthalle\\\/\"},\"author\":{\"name\":\"Redaktion\",\"@id\":\"https:\\\/\\\/www.immobilienbusiness.ch\\\/#\\\/schema\\\/person\\\/aa2bace6c5c5aad60102004a50c4eb1c\"},\"headline\":\"Basel: CS-Anlagestiftung verkauft Markthalle\",\"datePublished\":\"2016-08-02T06:59:14+00:00\",\"mainEntityOfPage\":{\"@id\":\"https:\\\/\\\/www.immobilienbusiness.ch\\\/allgemein\\\/2016-08-02\\\/basel-cs-anlagestiftung-verkauft-markthalle\\\/\"},\"wordCount\":347,\"commentCount\":0,\"publisher\":{\"@id\":\"https:\\\/\\\/www.immobilienbusiness.ch\\\/#organization\"},\"image\":{\"@id\":\"https:\\\/\\\/www.immobilienbusiness.ch\\\/allgemein\\\/2016-08-02\\\/basel-cs-anlagestiftung-verkauft-markthalle\\\/#primaryimage\"},\"thumbnailUrl\":\"https:\\\/\\\/www.immobilienbusiness.ch\\\/wp-content\\\/uploads\\\/2016\\\/12\\\/Basel-CS-Anlagestiftung-verkauft-Markthalle-immobilien-business.jpg\",\"keywords\":[\"Basel\"],\"inLanguage\":\"de\"},{\"@type\":\"WebPage\",\"@id\":\"https:\\\/\\\/www.immobilienbusiness.ch\\\/allgemein\\\/2016-08-02\\\/basel-cs-anlagestiftung-verkauft-markthalle\\\/\",\"url\":\"https:\\\/\\\/www.immobilienbusiness.ch\\\/allgemein\\\/2016-08-02\\\/basel-cs-anlagestiftung-verkauft-markthalle\\\/\",\"name\":\"Basel: CS-Anlagestiftung verkauft Markthalle - IMMOBILIEN Business\",\"isPartOf\":{\"@id\":\"https:\\\/\\\/www.immobilienbusiness.ch\\\/#website\"},\"primaryImageOfPage\":{\"@id\":\"https:\\\/\\\/www.immobilienbusiness.ch\\\/allgemein\\\/2016-08-02\\\/basel-cs-anlagestiftung-verkauft-markthalle\\\/#primaryimage\"},\"image\":{\"@id\":\"https:\\\/\\\/www.immobilienbusiness.ch\\\/allgemein\\\/2016-08-02\\\/basel-cs-anlagestiftung-verkauft-markthalle\\\/#primaryimage\"},\"thumbnailUrl\":\"https:\\\/\\\/www.immobilienbusiness.ch\\\/wp-content\\\/uploads\\\/2016\\\/12\\\/Basel-CS-Anlagestiftung-verkauft-Markthalle-immobilien-business.jpg\",\"datePublished\":\"2016-08-02T06:59:14+00:00\",\"description\":\"Die Markthalle in Basel hat einen neuen Eigent\u00fcmer. Per 1. August erwirbt die gemeinn\u00fctzige Edith Maryon AG die Liegenschaft von der CSA RES.\",\"breadcrumb\":{\"@id\":\"https:\\\/\\\/www.immobilienbusiness.ch\\\/allgemein\\\/2016-08-02\\\/basel-cs-anlagestiftung-verkauft-markthalle\\\/#breadcrumb\"},\"inLanguage\":\"de\",\"potentialAction\":[{\"@type\":\"ReadAction\",\"target\":[\"https:\\\/\\\/www.immobilienbusiness.ch\\\/allgemein\\\/2016-08-02\\\/basel-cs-anlagestiftung-verkauft-markthalle\\\/\"]}]},{\"@type\":\"ImageObject\",\"inLanguage\":\"de\",\"@id\":\"https:\\\/\\\/www.immobilienbusiness.ch\\\/allgemein\\\/2016-08-02\\\/basel-cs-anlagestiftung-verkauft-markthalle\\\/#primaryimage\",\"url\":\"https:\\\/\\\/www.immobilienbusiness.ch\\\/wp-content\\\/uploads\\\/2016\\\/12\\\/Basel-CS-Anlagestiftung-verkauft-Markthalle-immobilien-business.jpg\",\"contentUrl\":\"https:\\\/\\\/www.immobilienbusiness.ch\\\/wp-content\\\/uploads\\\/2016\\\/12\\\/Basel-CS-Anlagestiftung-verkauft-Markthalle-immobilien-business.jpg\",\"width\":2560,\"height\":1707,\"caption\":\"CSA RES verkauft die Basler Markthalle an die Edith Maryon AG (Foto: Edith Maryon AG)\"},{\"@type\":\"BreadcrumbList\",\"@id\":\"https:\\\/\\\/www.immobilienbusiness.ch\\\/allgemein\\\/2016-08-02\\\/basel-cs-anlagestiftung-verkauft-markthalle\\\/#breadcrumb\",\"itemListElement\":[{\"@type\":\"ListItem\",\"position\":1,\"name\":\"Home\",\"item\":\"https:\\\/\\\/www.immobilienbusiness.ch\\\/\"},{\"@type\":\"ListItem\",\"position\":2,\"name\":\"Basel: CS-Anlagestiftung verkauft Markthalle\"}]},{\"@type\":\"WebSite\",\"@id\":\"https:\\\/\\\/www.immobilienbusiness.ch\\\/#website\",\"url\":\"https:\\\/\\\/www.immobilienbusiness.ch\\\/\",\"name\":\"IMMOBILIEN Business\",\"description\":\"Unabh\u00e4ngiges Schweizer Wirtschaftsmagazin mit Fokus auf Immobilien, Architektur- und Bau sowie Investment- und Finanzierung.\",\"publisher\":{\"@id\":\"https:\\\/\\\/www.immobilienbusiness.ch\\\/#organization\"},\"potentialAction\":[{\"@type\":\"SearchAction\",\"target\":{\"@type\":\"EntryPoint\",\"urlTemplate\":\"https:\\\/\\\/www.immobilienbusiness.ch\\\/?s={search_term_string}\"},\"query-input\":{\"@type\":\"PropertyValueSpecification\",\"valueRequired\":true,\"valueName\":\"search_term_string\"}}],\"inLanguage\":\"de\"},{\"@type\":\"Organization\",\"@id\":\"https:\\\/\\\/www.immobilienbusiness.ch\\\/#organization\",\"name\":\"IMMOBILIEN Business\",\"url\":\"https:\\\/\\\/www.immobilienbusiness.ch\\\/\",\"logo\":{\"@type\":\"ImageObject\",\"inLanguage\":\"de\",\"@id\":\"https:\\\/\\\/www.immobilienbusiness.ch\\\/#\\\/schema\\\/logo\\\/image\\\/\",\"url\":\"https:\\\/\\\/www.immobilienbusiness.ch\\\/wp-content\\\/uploads\\\/2021\\\/07\\\/logo_ib.png\",\"contentUrl\":\"https:\\\/\\\/www.immobilienbusiness.ch\\\/wp-content\\\/uploads\\\/2021\\\/07\\\/logo_ib.png\",\"width\":800,\"height\":181,\"caption\":\"IMMOBILIEN Business\"},\"image\":{\"@id\":\"https:\\\/\\\/www.immobilienbusiness.ch\\\/#\\\/schema\\\/logo\\\/image\\\/\"},\"sameAs\":[\"https:\\\/\\\/www.facebook.com\\\/immobilienbusiness\\\/\"]},{\"@type\":\"Person\",\"@id\":\"https:\\\/\\\/www.immobilienbusiness.ch\\\/#\\\/schema\\\/person\\\/aa2bace6c5c5aad60102004a50c4eb1c\",\"name\":\"Redaktion\",\"image\":{\"@type\":\"ImageObject\",\"inLanguage\":\"de\",\"@id\":\"https:\\\/\\\/secure.gravatar.com\\\/avatar\\\/ae2f4d718e6c49043e314ce431e7e645d646302a24a5ef5a8bc8e3f5a032e319?s=96&d=mm&r=g\",\"url\":\"https:\\\/\\\/secure.gravatar.com\\\/avatar\\\/ae2f4d718e6c49043e314ce431e7e645d646302a24a5ef5a8bc8e3f5a032e319?s=96&d=mm&r=g\",\"contentUrl\":\"https:\\\/\\\/secure.gravatar.com\\\/avatar\\\/ae2f4d718e6c49043e314ce431e7e645d646302a24a5ef5a8bc8e3f5a032e319?s=96&d=mm&r=g\",\"caption\":\"Redaktion\"},\"sameAs\":[\"http:\\\/\\\/develop.organisator.galledia.ch\"],\"url\":\"https:\\\/\\\/www.immobilienbusiness.ch\\\/de\\\/author\\\/admin\\\/\"}]}<\/script>\n<!-- \/ Yoast SEO plugin. -->","yoast_head_json":{"title":"Basel: CS-Anlagestiftung verkauft Markthalle - IMMOBILIEN Business","description":"Die Markthalle in Basel hat einen neuen Eigent\u00fcmer. Per 1. August erwirbt die gemeinn\u00fctzige Edith Maryon AG die Liegenschaft von der CSA RES.","robots":{"index":"index","follow":"follow","max-snippet":"max-snippet:-1","max-image-preview":"max-image-preview:large","max-video-preview":"max-video-preview:-1"},"canonical":"https:\/\/www.immobilienbusiness.ch\/de\/allgemein\/2016-08-02\/basel-cs-anlagestiftung-verkauft-markthalle\/","og_locale":"de_DE","og_type":"article","og_title":"Basel: CS-Anlagestiftung verkauft Markthalle","og_description":"Die Markthalle in Basel hat einen neuen Eigent\u00fcmer. Per 1. August erwirbt die gemeinn\u00fctzige Edith Maryon AG die Liegenschaft von der CSA Real Estate Switzerland (CSA RES), einer Anlagegruppe der Credit Suisse Anlagestiftung.","og_url":"https:\/\/www.immobilienbusiness.ch\/de\/allgemein\/2016-08-02\/basel-cs-anlagestiftung-verkauft-markthalle\/","og_site_name":"IMMOBILIEN Business","article_publisher":"https:\/\/www.facebook.com\/immobilienbusiness\/","article_published_time":"2016-08-02T06:59:14+00:00","author":"Redaktion","twitter_card":"summary_large_image","twitter_image":"https:\/\/www.immobilienbusiness.ch\/wp-content\/uploads\/2016\/12\/Basel-CS-Anlagestiftung-verkauft-Markthalle-immobilien-business.jpg","schema":{"@context":"https:\/\/schema.org","@graph":[{"@type":"Article","@id":"https:\/\/www.immobilienbusiness.ch\/allgemein\/2016-08-02\/basel-cs-anlagestiftung-verkauft-markthalle\/#article","isPartOf":{"@id":"https:\/\/www.immobilienbusiness.ch\/allgemein\/2016-08-02\/basel-cs-anlagestiftung-verkauft-markthalle\/"},"author":{"name":"Redaktion","@id":"https:\/\/www.immobilienbusiness.ch\/#\/schema\/person\/aa2bace6c5c5aad60102004a50c4eb1c"},"headline":"Basel: CS-Anlagestiftung verkauft Markthalle","datePublished":"2016-08-02T06:59:14+00:00","mainEntityOfPage":{"@id":"https:\/\/www.immobilienbusiness.ch\/allgemein\/2016-08-02\/basel-cs-anlagestiftung-verkauft-markthalle\/"},"wordCount":347,"commentCount":0,"publisher":{"@id":"https:\/\/www.immobilienbusiness.ch\/#organization"},"image":{"@id":"https:\/\/www.immobilienbusiness.ch\/allgemein\/2016-08-02\/basel-cs-anlagestiftung-verkauft-markthalle\/#primaryimage"},"thumbnailUrl":"https:\/\/www.immobilienbusiness.ch\/wp-content\/uploads\/2016\/12\/Basel-CS-Anlagestiftung-verkauft-Markthalle-immobilien-business.jpg","keywords":["Basel"],"inLanguage":"de"},{"@type":"WebPage","@id":"https:\/\/www.immobilienbusiness.ch\/allgemein\/2016-08-02\/basel-cs-anlagestiftung-verkauft-markthalle\/","url":"https:\/\/www.immobilienbusiness.ch\/allgemein\/2016-08-02\/basel-cs-anlagestiftung-verkauft-markthalle\/","name":"Basel: CS-Anlagestiftung verkauft Markthalle - IMMOBILIEN Business","isPartOf":{"@id":"https:\/\/www.immobilienbusiness.ch\/#website"},"primaryImageOfPage":{"@id":"https:\/\/www.immobilienbusiness.ch\/allgemein\/2016-08-02\/basel-cs-anlagestiftung-verkauft-markthalle\/#primaryimage"},"image":{"@id":"https:\/\/www.immobilienbusiness.ch\/allgemein\/2016-08-02\/basel-cs-anlagestiftung-verkauft-markthalle\/#primaryimage"},"thumbnailUrl":"https:\/\/www.immobilienbusiness.ch\/wp-content\/uploads\/2016\/12\/Basel-CS-Anlagestiftung-verkauft-Markthalle-immobilien-business.jpg","datePublished":"2016-08-02T06:59:14+00:00","description":"Die Markthalle in Basel hat einen neuen Eigent\u00fcmer. Per 1. August erwirbt die gemeinn\u00fctzige Edith Maryon AG die Liegenschaft von der CSA RES.","breadcrumb":{"@id":"https:\/\/www.immobilienbusiness.ch\/allgemein\/2016-08-02\/basel-cs-anlagestiftung-verkauft-markthalle\/#breadcrumb"},"inLanguage":"de","potentialAction":[{"@type":"ReadAction","target":["https:\/\/www.immobilienbusiness.ch\/allgemein\/2016-08-02\/basel-cs-anlagestiftung-verkauft-markthalle\/"]}]},{"@type":"ImageObject","inLanguage":"de","@id":"https:\/\/www.immobilienbusiness.ch\/allgemein\/2016-08-02\/basel-cs-anlagestiftung-verkauft-markthalle\/#primaryimage","url":"https:\/\/www.immobilienbusiness.ch\/wp-content\/uploads\/2016\/12\/Basel-CS-Anlagestiftung-verkauft-Markthalle-immobilien-business.jpg","contentUrl":"https:\/\/www.immobilienbusiness.ch\/wp-content\/uploads\/2016\/12\/Basel-CS-Anlagestiftung-verkauft-Markthalle-immobilien-business.jpg","width":2560,"height":1707,"caption":"CSA RES verkauft die Basler Markthalle an die Edith Maryon AG (Foto: Edith Maryon AG)"},{"@type":"BreadcrumbList","@id":"https:\/\/www.immobilienbusiness.ch\/allgemein\/2016-08-02\/basel-cs-anlagestiftung-verkauft-markthalle\/#breadcrumb","itemListElement":[{"@type":"ListItem","position":1,"name":"Home","item":"https:\/\/www.immobilienbusiness.ch\/"},{"@type":"ListItem","position":2,"name":"Basel: CS-Anlagestiftung verkauft Markthalle"}]},{"@type":"WebSite","@id":"https:\/\/www.immobilienbusiness.ch\/#website","url":"https:\/\/www.immobilienbusiness.ch\/","name":"IMMOBILIEN Business","description":"Unabh\u00e4ngiges Schweizer Wirtschaftsmagazin mit Fokus auf Immobilien, Architektur- und Bau sowie Investment- und Finanzierung.","publisher":{"@id":"https:\/\/www.immobilienbusiness.ch\/#organization"},"potentialAction":[{"@type":"SearchAction","target":{"@type":"EntryPoint","urlTemplate":"https:\/\/www.immobilienbusiness.ch\/?s={search_term_string}"},"query-input":{"@type":"PropertyValueSpecification","valueRequired":true,"valueName":"search_term_string"}}],"inLanguage":"de"},{"@type":"Organization","@id":"https:\/\/www.immobilienbusiness.ch\/#organization","name":"IMMOBILIEN Business","url":"https:\/\/www.immobilienbusiness.ch\/","logo":{"@type":"ImageObject","inLanguage":"de","@id":"https:\/\/www.immobilienbusiness.ch\/#\/schema\/logo\/image\/","url":"https:\/\/www.immobilienbusiness.ch\/wp-content\/uploads\/2021\/07\/logo_ib.png","contentUrl":"https:\/\/www.immobilienbusiness.ch\/wp-content\/uploads\/2021\/07\/logo_ib.png","width":800,"height":181,"caption":"IMMOBILIEN Business"},"image":{"@id":"https:\/\/www.immobilienbusiness.ch\/#\/schema\/logo\/image\/"},"sameAs":["https:\/\/www.facebook.com\/immobilienbusiness\/"]},{"@type":"Person","@id":"https:\/\/www.immobilienbusiness.ch\/#\/schema\/person\/aa2bace6c5c5aad60102004a50c4eb1c","name":"Redaktion","image":{"@type":"ImageObject","inLanguage":"de","@id":"https:\/\/secure.gravatar.com\/avatar\/ae2f4d718e6c49043e314ce431e7e645d646302a24a5ef5a8bc8e3f5a032e319?s=96&d=mm&r=g","url":"https:\/\/secure.gravatar.com\/avatar\/ae2f4d718e6c49043e314ce431e7e645d646302a24a5ef5a8bc8e3f5a032e319?s=96&d=mm&r=g","contentUrl":"https:\/\/secure.gravatar.com\/avatar\/ae2f4d718e6c49043e314ce431e7e645d646302a24a5ef5a8bc8e3f5a032e319?s=96&d=mm&r=g","caption":"Redaktion"},"sameAs":["http:\/\/develop.organisator.galledia.ch"],"url":"https:\/\/www.immobilienbusiness.ch\/de\/author\/admin\/"}]}},"_links":{"self":[{"href":"https:\/\/www.immobilienbusiness.ch\/de\/wp-json\/wp\/v2\/posts\/3391","targetHints":{"allow":["GET"]}}],"collection":[{"href":"https:\/\/www.immobilienbusiness.ch\/de\/wp-json\/wp\/v2\/posts"}],"about":[{"href":"https:\/\/www.immobilienbusiness.ch\/de\/wp-json\/wp\/v2\/types\/post"}],"author":[{"embeddable":true,"href":"https:\/\/www.immobilienbusiness.ch\/de\/wp-json\/wp\/v2\/users\/1"}],"replies":[{"embeddable":true,"href":"https:\/\/www.immobilienbusiness.ch\/de\/wp-json\/wp\/v2\/comments?post=3391"}],"version-history":[{"count":0,"href":"https:\/\/www.immobilienbusiness.ch\/de\/wp-json\/wp\/v2\/posts\/3391\/revisions"}],"wp:featuredmedia":[{"embeddable":true,"href":"https:\/\/www.immobilienbusiness.ch\/de\/wp-json\/wp\/v2\/media\/3392"}],"wp:attachment":[{"href":"https:\/\/www.immobilienbusiness.ch\/de\/wp-json\/wp\/v2\/media?parent=3391"}],"wp:term":[{"taxonomy":"category","embeddable":true,"href":"https:\/\/www.immobilienbusiness.ch\/de\/wp-json\/wp\/v2\/categories?post=3391"},{"taxonomy":"post_tag","embeddable":true,"href":"https:\/\/www.immobilienbusiness.ch\/de\/wp-json\/wp\/v2\/tags?post=3391"}],"curies":[{"name":"wp","href":"https:\/\/api.w.org\/{rel}","templated":true}]}}