{"id":3320,"date":"2016-07-25T10:00:38","date_gmt":"2016-07-25T08:00:38","guid":{"rendered":"http:\/\/dev.immobilienbusiness.ch\/?p=3320"},"modified":"2016-07-25T10:00:38","modified_gmt":"2016-07-25T08:00:38","slug":"iazi-nachfrage-nach-eigentums-wohnungen-intakt","status":"publish","type":"post","link":"https:\/\/www.immobilienbusiness.ch\/de\/regionen\/2016-07-25\/iazi-nachfrage-nach-eigentums-wohnungen-intakt\/","title":{"rendered":"IAZI: Nachfrage nach Eigentums-Wohnungen intakt"},"content":{"rendered":"<figure id=\"attachment_3321\" aria-describedby=\"caption-attachment-3321\" style=\"width: 680px\" class=\"wp-caption alignnone\"><img loading=\"lazy\" decoding=\"async\" class=\"size-medium wp-image-3321\" src=\"https:\/\/immobilienbusiness.ch\/wp-content\/uploads\/2016\/12\/IAZI-Nachfrage-nach-Eigentums-Wohnungen-intakt-immobilien-business.jpg\" alt=\"Aufw\u00e4rts ging es im zweiten Quartal bei den Preisen f\u00fcr Eigentumswohnungen, abw\u00e4rts hingegen bei Ein- und Mehrfamilienh\u00e4usern (Grafik: IAZI AG)\" width=\"680\" height=\"525\" srcset=\"https:\/\/www.immobilienbusiness.ch\/wp-content\/uploads\/2016\/12\/IAZI-Nachfrage-nach-Eigentums-Wohnungen-intakt-immobilien-business.jpg 1284w, https:\/\/www.immobilienbusiness.ch\/wp-content\/uploads\/2016\/12\/IAZI-Nachfrage-nach-Eigentums-Wohnungen-intakt-immobilien-business-300x232.jpg 300w, https:\/\/www.immobilienbusiness.ch\/wp-content\/uploads\/2016\/12\/IAZI-Nachfrage-nach-Eigentums-Wohnungen-intakt-immobilien-business-1024x791.jpg 1024w, https:\/\/www.immobilienbusiness.ch\/wp-content\/uploads\/2016\/12\/IAZI-Nachfrage-nach-Eigentums-Wohnungen-intakt-immobilien-business-768x593.jpg 768w, https:\/\/www.immobilienbusiness.ch\/wp-content\/uploads\/2016\/12\/IAZI-Nachfrage-nach-Eigentums-Wohnungen-intakt-immobilien-business-16x12.jpg 16w, https:\/\/www.immobilienbusiness.ch\/wp-content\/uploads\/2016\/12\/IAZI-Nachfrage-nach-Eigentums-Wohnungen-intakt-immobilien-business-227x175.jpg 227w, https:\/\/www.immobilienbusiness.ch\/wp-content\/uploads\/2016\/12\/IAZI-Nachfrage-nach-Eigentums-Wohnungen-intakt-immobilien-business-453x350.jpg 453w, https:\/\/www.immobilienbusiness.ch\/wp-content\/uploads\/2016\/12\/IAZI-Nachfrage-nach-Eigentums-Wohnungen-intakt-immobilien-business-1035x800.jpg 1035w, https:\/\/www.immobilienbusiness.ch\/wp-content\/uploads\/2016\/12\/IAZI-Nachfrage-nach-Eigentums-Wohnungen-intakt-immobilien-business-920x711.jpg 920w\" sizes=\"auto, (max-width: 680px) 100vw, 680px\" \/><figcaption id=\"caption-attachment-3321\" class=\"wp-caption-text\">Aufw\u00e4rts ging es im zweiten Quartal bei den Preisen f\u00fcr Eigentumswohnungen, abw\u00e4rts hingegen bei Ein- und Mehrfamilienh\u00e4usern (Grafik: IAZI AG)<\/figcaption><\/figure>\n<p>&nbsp;<\/p>\n<p><iframe loading=\"lazy\" title=\"IAZI Marktkommentar Donato Scognamiglio Immobilienindizes 2  Quartal 2016\" width=\"768\" height=\"432\" src=\"https:\/\/www.youtube.com\/embed\/v4Qb-Cw-68E?feature=oembed\" frameborder=\"0\" allow=\"accelerometer; autoplay; clipboard-write; encrypted-media; gyroscope; picture-in-picture\" allowfullscreen><\/iframe><\/p>\n<p>Donato Scognamiglio, CEO von IAZI AG, zu den Entwicklungen auf dem Schweizer H\u00e4user- und Wohnungsmarkt im zweiten Quartal 2016<\/p>\n<p>&nbsp;<\/p>\n<p>Im ersten Quartal hatte der Preisanstieg noch 0,9 Prozent betragen. Auch auf Jahresbasis betrachtet hat sich das Preiswachstum abgeschw\u00e4cht. Es betr\u00e4gt neu noch 1,1 Prozent (Vorquartal: 1,6 %; Ver\u00e4nderung: -0,5 %). Die Preise f\u00fcr Wohneigentum stiegen zurzeit nur dank der intakten Nachfrage nach Stockwerkeigentum, schreibt IAZI. \u00abEigentumswohnungen stehen hoch in der Gunst der alternden Babyboomer-Generation\u00bb, sagt Donato Scognamiglio, CEO von IAZI AG und Professor f\u00fcr Real Estate Finance an der Universit\u00e4t Bern. Wohnungen seien pflegeleichter als Einfamilienh\u00e4user und wenn man es sich leisten k\u00f6nne, sei der Entscheid oft schnell gefallen.<\/p>\n<p><strong>Preiswachstum bei Eigentumswohnungen verlangsamt<\/strong><\/p>\n<p>Die Preise f\u00fcr Eigentumswohnungen sind im zweiten Quartal noch um 0,7 Prozent gestiegen, nach 1,8 Prozent im Vorquartal. Auf Jahresbasis betrachtet betr\u00e4gt die Wachstumsrate 2,7 Prozent (Vorquartal: 3,0 %; Ver\u00e4nderung: -0,3 %). Die Wachstumsrate liegt damit leicht unterhalb des langj\u00e4hrigen durchschnittlichen Preiswachstums von 2,8 Prozent. Die Wachstumsrate f\u00fcr Einfamilienh\u00e4user war im zweiten Quartal mit minus 0,2 Prozent dagegen niedriger (Vorquartal: 0,0 %; Ver\u00e4nderung: -0,2 %). Auf Jahresbasis betrachtet betr\u00e4gt die Wachstumsrate in diesem Segment minus 0,3 Prozent (Vorquartal: +0,2 %; Ver\u00e4nderung: -0,5 %).<\/p>\n<p><strong>Leichtes Minus bei Mehrfamilienh\u00e4usern<\/strong><\/p>\n<p>Trotz Anlagenotstand ist die Wachstumsrate f\u00fcr Mehrfamilienh\u00e4user im zweiten Quartal leicht im Minus (-0,4 %; Vorquartal: +0,4 %; Ver\u00e4nderung: -0,8 %). Auf Jahresbasis betrachtet f\u00e4llt der Preisr\u00fcckgang hier mit minus 0,1 Prozent jedoch geringf\u00fcgig aus (Vorquartal: +0,1 %). Die Performance der Mehrfamilienh\u00e4user betrug im zweiten Quartal 0,5 Prozent (Vorquartal: 1,3 %; Ver\u00e4nderung: -0,8 %). Auf Jahresbasis betrachtet sank die Performance leicht auf 3,5 Prozent (Vorquartal: 3,7 %; Ver\u00e4nderung: -0,2 %). Als Performance wird die Gesamtrendite bezeichnet, welche die Netto-Cashflow-Rendite sowie die Wertsteigerung umfasst.<\/p>\n<p><strong>Entwicklung in den Schweizer Kantonen<\/strong><\/p>\n<p>Beim Blick auf die Schweizer Kantone stellt IAZI fest: Im zweiten Quartal 2016 konnte bei den Einfamilienh\u00e4usern in keinem Kanton mehr eine \u00fcberdurchschnittliche Preisentwicklung auf Jahresbasis beobachtet werden. In neun Kantonen waren r\u00fcckl\u00e4ufige Preise zu beobachten. Die h\u00f6chsten Preisabschl\u00e4ge waren in den Kantonen Genf (-4,7 %), Jura (-3,9 %) und Graub\u00fcnden (-3,2 %) zu beobachten.<\/p>\n<p>Bei den Eigentumswohnungen sieht die Situation anders aus. In zw\u00f6lf Kantonen konnten j\u00e4hrliche Preissteigerungen \u00fcber dem langj\u00e4hrigen durchschnittlichen Preiswachstum von 2,8 Prozent festgestellt werden, die in einigen Kantonen sogar ziemlich deutlich ausgefallen sind. So beispielsweise im Kanton Basel-Stadt (+5,5 %), im Kanton Neuenburg (+5,3 %) und im Thurgau (+5,1 %). R\u00fcckl\u00e4ufige Preise waren nur im Kanton Genf (-1,3 %), im Jura (-0,8 %) sowie in Graub\u00fcnden zu beobachten (-0,4 %). (mr)<\/p>\n","protected":false},"excerpt":{"rendered":"<p>Im zweiten Quartal diesen Jahres haben die Preise f\u00fcr Wohneigentum in der Schweiz leicht zugenommen. Der \u00abSWX IAZI Private Real Estate Price Index\u00bb f\u00fcr Einfamilienh\u00e4user und Eigentumswohnungen weist einen Anstieg von 0,3 Prozent aus.<\/p>\n","protected":false},"author":1,"featured_media":3321,"comment_status":"open","ping_status":"open","sticky":false,"template":"","format":"standard","meta":{"_acf_changed":false,"_yoast_wpseo_focuskw":"Nachfrage nach Eigentums-Wohnungen intakt","_yoast_wpseo_title":"","_yoast_wpseo_metadesc":"Nachfrage nach Eigentums-Wohnungen intakt: Im 2. Quartal diesen Jahres haben die Preise f\u00fcr Wohneigentum in der Schweiz leicht zugenommen.","_yoast_wpseo_linkdex":77,"pgc_sgb_lightbox_settings":"","footnotes":""},"categories":[985,986],"tags":[1069,1091,1205,1260,1438,1456,1459,1529,1546,1629,1638,1722,1775,1852,1862,1873,1888],"class_list":["post-3320","post","type-post","status-publish","format-standard","has-post-thumbnail","hentry","category-regionen","category-residential","tag-basel","tag-bern","tag-espace-mittelland","tag-genf","tag-lausanne","tag-lugano","tag-luzern","tag-nord-west-schweiz","tag-ost-schweiz","tag-regionen","tag-residental","tag-st-gallen","tag-tessin","tag-west-schweiz","tag-wohnen","tag-zentral-schweiz","tag-zuerich"],"acf":[],"yoast_head":"<!-- This site is optimized with the Yoast SEO plugin v27.5 - https:\/\/yoast.com\/product\/yoast-seo-wordpress\/ -->\n<title>IAZI: Nachfrage nach Eigentums-Wohnungen intakt - IMMOBILIEN Business<\/title>\n<meta name=\"description\" content=\"Nachfrage nach Eigentums-Wohnungen intakt: Im 2. Quartal diesen Jahres haben die Preise f\u00fcr Wohneigentum in der Schweiz leicht zugenommen.\" \/>\n<meta name=\"robots\" content=\"index, follow, max-snippet:-1, max-image-preview:large, max-video-preview:-1\" \/>\n<link rel=\"canonical\" href=\"https:\/\/www.immobilienbusiness.ch\/de\/regionen\/2016-07-25\/iazi-nachfrage-nach-eigentums-wohnungen-intakt\/\" \/>\n<meta property=\"og:locale\" content=\"de_DE\" \/>\n<meta property=\"og:type\" content=\"article\" \/>\n<meta property=\"og:title\" content=\"IAZI: Nachfrage nach Eigentums-Wohnungen intakt\" \/>\n<meta property=\"og:description\" content=\"Im zweiten Quartal diesen Jahres haben die Preise f\u00fcr Wohneigentum in der Schweiz leicht zugenommen. Der \u00abSWX IAZI Private Real Estate Price Index\u00bb f\u00fcr Einfamilienh\u00e4user und Eigentumswohnungen weist einen Anstieg von 0,3 Prozent aus.\" \/>\n<meta property=\"og:url\" content=\"https:\/\/www.immobilienbusiness.ch\/de\/regionen\/2016-07-25\/iazi-nachfrage-nach-eigentums-wohnungen-intakt\/\" \/>\n<meta property=\"og:site_name\" content=\"IMMOBILIEN Business\" \/>\n<meta property=\"article:publisher\" content=\"https:\/\/www.facebook.com\/immobilienbusiness\/\" \/>\n<meta property=\"article:published_time\" content=\"2016-07-25T08:00:38+00:00\" \/>\n<meta name=\"author\" content=\"Redaktion\" \/>\n<meta name=\"twitter:card\" content=\"summary_large_image\" \/>\n<meta name=\"twitter:image\" content=\"https:\/\/www.immobilienbusiness.ch\/wp-content\/uploads\/2016\/12\/IAZI-Nachfrage-nach-Eigentums-Wohnungen-intakt-immobilien-business.jpg\" \/>\n<script type=\"application\/ld+json\" class=\"yoast-schema-graph\">{\"@context\":\"https:\\\/\\\/schema.org\",\"@graph\":[{\"@type\":\"Article\",\"@id\":\"https:\\\/\\\/www.immobilienbusiness.ch\\\/en\\\/regionen\\\/2016-07-25\\\/iazi-nachfrage-nach-eigentums-wohnungen-intakt\\\/#article\",\"isPartOf\":{\"@id\":\"https:\\\/\\\/www.immobilienbusiness.ch\\\/en\\\/regionen\\\/2016-07-25\\\/iazi-nachfrage-nach-eigentums-wohnungen-intakt\\\/\"},\"author\":{\"name\":\"Redaktion\",\"@id\":\"https:\\\/\\\/www.immobilienbusiness.ch\\\/#\\\/schema\\\/person\\\/aa2bace6c5c5aad60102004a50c4eb1c\"},\"headline\":\"IAZI: Nachfrage nach Eigentums-Wohnungen intakt\",\"datePublished\":\"2016-07-25T08:00:38+00:00\",\"mainEntityOfPage\":{\"@id\":\"https:\\\/\\\/www.immobilienbusiness.ch\\\/en\\\/regionen\\\/2016-07-25\\\/iazi-nachfrage-nach-eigentums-wohnungen-intakt\\\/\"},\"wordCount\":450,\"commentCount\":0,\"publisher\":{\"@id\":\"https:\\\/\\\/www.immobilienbusiness.ch\\\/#organization\"},\"image\":{\"@id\":\"https:\\\/\\\/www.immobilienbusiness.ch\\\/en\\\/regionen\\\/2016-07-25\\\/iazi-nachfrage-nach-eigentums-wohnungen-intakt\\\/#primaryimage\"},\"thumbnailUrl\":\"https:\\\/\\\/www.immobilienbusiness.ch\\\/wp-content\\\/uploads\\\/2016\\\/12\\\/IAZI-Nachfrage-nach-Eigentums-Wohnungen-intakt-immobilien-business.jpg\",\"keywords\":[\"Basel\",\"Bern\",\"Espace Mittelland\",\"Genf\",\"Lausanne\",\"Lugano\",\"Luzern\",\"Nord-West-Schweiz\",\"Ost-Schweiz\",\"Regionen\",\"Residental\",\"St. Gallen\",\"Tessin\",\"West-Schweiz\",\"Wohnen\",\"Zentral-Schweiz\",\"Z\u00fcrich\"],\"articleSection\":[\"REGIONEN\",\"RESIDENTIAL\"],\"inLanguage\":\"de\"},{\"@type\":\"WebPage\",\"@id\":\"https:\\\/\\\/www.immobilienbusiness.ch\\\/en\\\/regionen\\\/2016-07-25\\\/iazi-nachfrage-nach-eigentums-wohnungen-intakt\\\/\",\"url\":\"https:\\\/\\\/www.immobilienbusiness.ch\\\/en\\\/regionen\\\/2016-07-25\\\/iazi-nachfrage-nach-eigentums-wohnungen-intakt\\\/\",\"name\":\"IAZI: Nachfrage nach Eigentums-Wohnungen intakt - IMMOBILIEN Business\",\"isPartOf\":{\"@id\":\"https:\\\/\\\/www.immobilienbusiness.ch\\\/#website\"},\"primaryImageOfPage\":{\"@id\":\"https:\\\/\\\/www.immobilienbusiness.ch\\\/en\\\/regionen\\\/2016-07-25\\\/iazi-nachfrage-nach-eigentums-wohnungen-intakt\\\/#primaryimage\"},\"image\":{\"@id\":\"https:\\\/\\\/www.immobilienbusiness.ch\\\/en\\\/regionen\\\/2016-07-25\\\/iazi-nachfrage-nach-eigentums-wohnungen-intakt\\\/#primaryimage\"},\"thumbnailUrl\":\"https:\\\/\\\/www.immobilienbusiness.ch\\\/wp-content\\\/uploads\\\/2016\\\/12\\\/IAZI-Nachfrage-nach-Eigentums-Wohnungen-intakt-immobilien-business.jpg\",\"datePublished\":\"2016-07-25T08:00:38+00:00\",\"description\":\"Nachfrage nach Eigentums-Wohnungen intakt: Im 2. Quartal diesen Jahres haben die Preise f\u00fcr Wohneigentum in der Schweiz leicht zugenommen.\",\"breadcrumb\":{\"@id\":\"https:\\\/\\\/www.immobilienbusiness.ch\\\/en\\\/regionen\\\/2016-07-25\\\/iazi-nachfrage-nach-eigentums-wohnungen-intakt\\\/#breadcrumb\"},\"inLanguage\":\"de\",\"potentialAction\":[{\"@type\":\"ReadAction\",\"target\":[\"https:\\\/\\\/www.immobilienbusiness.ch\\\/en\\\/regionen\\\/2016-07-25\\\/iazi-nachfrage-nach-eigentums-wohnungen-intakt\\\/\"]}]},{\"@type\":\"ImageObject\",\"inLanguage\":\"de\",\"@id\":\"https:\\\/\\\/www.immobilienbusiness.ch\\\/en\\\/regionen\\\/2016-07-25\\\/iazi-nachfrage-nach-eigentums-wohnungen-intakt\\\/#primaryimage\",\"url\":\"https:\\\/\\\/www.immobilienbusiness.ch\\\/wp-content\\\/uploads\\\/2016\\\/12\\\/IAZI-Nachfrage-nach-Eigentums-Wohnungen-intakt-immobilien-business.jpg\",\"contentUrl\":\"https:\\\/\\\/www.immobilienbusiness.ch\\\/wp-content\\\/uploads\\\/2016\\\/12\\\/IAZI-Nachfrage-nach-Eigentums-Wohnungen-intakt-immobilien-business.jpg\",\"width\":1284,\"height\":992,\"caption\":\"Aufw\u00e4rts ging es im zweiten Quartal bei den Preisen f\u00fcr Eigentumswohnungen, abw\u00e4rts hingegen bei Ein- und Mehrfamilienh\u00e4usern (Grafik: IAZI AG)\"},{\"@type\":\"BreadcrumbList\",\"@id\":\"https:\\\/\\\/www.immobilienbusiness.ch\\\/en\\\/regionen\\\/2016-07-25\\\/iazi-nachfrage-nach-eigentums-wohnungen-intakt\\\/#breadcrumb\",\"itemListElement\":[{\"@type\":\"ListItem\",\"position\":1,\"name\":\"Home\",\"item\":\"https:\\\/\\\/www.immobilienbusiness.ch\\\/\"},{\"@type\":\"ListItem\",\"position\":2,\"name\":\"IAZI: Nachfrage nach Eigentums-Wohnungen intakt\"}]},{\"@type\":\"WebSite\",\"@id\":\"https:\\\/\\\/www.immobilienbusiness.ch\\\/#website\",\"url\":\"https:\\\/\\\/www.immobilienbusiness.ch\\\/\",\"name\":\"IMMOBILIEN Business\",\"description\":\"Unabh\u00e4ngiges Schweizer Wirtschaftsmagazin mit Fokus auf Immobilien, Architektur- und Bau sowie Investment- und Finanzierung.\",\"publisher\":{\"@id\":\"https:\\\/\\\/www.immobilienbusiness.ch\\\/#organization\"},\"potentialAction\":[{\"@type\":\"SearchAction\",\"target\":{\"@type\":\"EntryPoint\",\"urlTemplate\":\"https:\\\/\\\/www.immobilienbusiness.ch\\\/?s={search_term_string}\"},\"query-input\":{\"@type\":\"PropertyValueSpecification\",\"valueRequired\":true,\"valueName\":\"search_term_string\"}}],\"inLanguage\":\"de\"},{\"@type\":\"Organization\",\"@id\":\"https:\\\/\\\/www.immobilienbusiness.ch\\\/#organization\",\"name\":\"IMMOBILIEN Business\",\"url\":\"https:\\\/\\\/www.immobilienbusiness.ch\\\/\",\"logo\":{\"@type\":\"ImageObject\",\"inLanguage\":\"de\",\"@id\":\"https:\\\/\\\/www.immobilienbusiness.ch\\\/#\\\/schema\\\/logo\\\/image\\\/\",\"url\":\"https:\\\/\\\/www.immobilienbusiness.ch\\\/wp-content\\\/uploads\\\/2021\\\/07\\\/logo_ib.png\",\"contentUrl\":\"https:\\\/\\\/www.immobilienbusiness.ch\\\/wp-content\\\/uploads\\\/2021\\\/07\\\/logo_ib.png\",\"width\":800,\"height\":181,\"caption\":\"IMMOBILIEN Business\"},\"image\":{\"@id\":\"https:\\\/\\\/www.immobilienbusiness.ch\\\/#\\\/schema\\\/logo\\\/image\\\/\"},\"sameAs\":[\"https:\\\/\\\/www.facebook.com\\\/immobilienbusiness\\\/\"]},{\"@type\":\"Person\",\"@id\":\"https:\\\/\\\/www.immobilienbusiness.ch\\\/#\\\/schema\\\/person\\\/aa2bace6c5c5aad60102004a50c4eb1c\",\"name\":\"Redaktion\",\"image\":{\"@type\":\"ImageObject\",\"inLanguage\":\"de\",\"@id\":\"https:\\\/\\\/secure.gravatar.com\\\/avatar\\\/ae2f4d718e6c49043e314ce431e7e645d646302a24a5ef5a8bc8e3f5a032e319?s=96&d=mm&r=g\",\"url\":\"https:\\\/\\\/secure.gravatar.com\\\/avatar\\\/ae2f4d718e6c49043e314ce431e7e645d646302a24a5ef5a8bc8e3f5a032e319?s=96&d=mm&r=g\",\"contentUrl\":\"https:\\\/\\\/secure.gravatar.com\\\/avatar\\\/ae2f4d718e6c49043e314ce431e7e645d646302a24a5ef5a8bc8e3f5a032e319?s=96&d=mm&r=g\",\"caption\":\"Redaktion\"},\"sameAs\":[\"http:\\\/\\\/develop.organisator.galledia.ch\"],\"url\":\"https:\\\/\\\/www.immobilienbusiness.ch\\\/de\\\/author\\\/admin\\\/\"}]}<\/script>\n<!-- \/ Yoast SEO plugin. -->","yoast_head_json":{"title":"IAZI: Nachfrage nach Eigentums-Wohnungen intakt - IMMOBILIEN Business","description":"Nachfrage nach Eigentums-Wohnungen intakt: Im 2. Quartal diesen Jahres haben die Preise f\u00fcr Wohneigentum in der Schweiz leicht zugenommen.","robots":{"index":"index","follow":"follow","max-snippet":"max-snippet:-1","max-image-preview":"max-image-preview:large","max-video-preview":"max-video-preview:-1"},"canonical":"https:\/\/www.immobilienbusiness.ch\/de\/regionen\/2016-07-25\/iazi-nachfrage-nach-eigentums-wohnungen-intakt\/","og_locale":"de_DE","og_type":"article","og_title":"IAZI: Nachfrage nach Eigentums-Wohnungen intakt","og_description":"Im zweiten Quartal diesen Jahres haben die Preise f\u00fcr Wohneigentum in der Schweiz leicht zugenommen. Der \u00abSWX IAZI Private Real Estate Price Index\u00bb f\u00fcr Einfamilienh\u00e4user und Eigentumswohnungen weist einen Anstieg von 0,3 Prozent aus.","og_url":"https:\/\/www.immobilienbusiness.ch\/de\/regionen\/2016-07-25\/iazi-nachfrage-nach-eigentums-wohnungen-intakt\/","og_site_name":"IMMOBILIEN Business","article_publisher":"https:\/\/www.facebook.com\/immobilienbusiness\/","article_published_time":"2016-07-25T08:00:38+00:00","author":"Redaktion","twitter_card":"summary_large_image","twitter_image":"https:\/\/www.immobilienbusiness.ch\/wp-content\/uploads\/2016\/12\/IAZI-Nachfrage-nach-Eigentums-Wohnungen-intakt-immobilien-business.jpg","schema":{"@context":"https:\/\/schema.org","@graph":[{"@type":"Article","@id":"https:\/\/www.immobilienbusiness.ch\/en\/regionen\/2016-07-25\/iazi-nachfrage-nach-eigentums-wohnungen-intakt\/#article","isPartOf":{"@id":"https:\/\/www.immobilienbusiness.ch\/en\/regionen\/2016-07-25\/iazi-nachfrage-nach-eigentums-wohnungen-intakt\/"},"author":{"name":"Redaktion","@id":"https:\/\/www.immobilienbusiness.ch\/#\/schema\/person\/aa2bace6c5c5aad60102004a50c4eb1c"},"headline":"IAZI: Nachfrage nach Eigentums-Wohnungen intakt","datePublished":"2016-07-25T08:00:38+00:00","mainEntityOfPage":{"@id":"https:\/\/www.immobilienbusiness.ch\/en\/regionen\/2016-07-25\/iazi-nachfrage-nach-eigentums-wohnungen-intakt\/"},"wordCount":450,"commentCount":0,"publisher":{"@id":"https:\/\/www.immobilienbusiness.ch\/#organization"},"image":{"@id":"https:\/\/www.immobilienbusiness.ch\/en\/regionen\/2016-07-25\/iazi-nachfrage-nach-eigentums-wohnungen-intakt\/#primaryimage"},"thumbnailUrl":"https:\/\/www.immobilienbusiness.ch\/wp-content\/uploads\/2016\/12\/IAZI-Nachfrage-nach-Eigentums-Wohnungen-intakt-immobilien-business.jpg","keywords":["Basel","Bern","Espace Mittelland","Genf","Lausanne","Lugano","Luzern","Nord-West-Schweiz","Ost-Schweiz","Regionen","Residental","St. Gallen","Tessin","West-Schweiz","Wohnen","Zentral-Schweiz","Z\u00fcrich"],"articleSection":["REGIONEN","RESIDENTIAL"],"inLanguage":"de"},{"@type":"WebPage","@id":"https:\/\/www.immobilienbusiness.ch\/en\/regionen\/2016-07-25\/iazi-nachfrage-nach-eigentums-wohnungen-intakt\/","url":"https:\/\/www.immobilienbusiness.ch\/en\/regionen\/2016-07-25\/iazi-nachfrage-nach-eigentums-wohnungen-intakt\/","name":"IAZI: Nachfrage nach Eigentums-Wohnungen intakt - IMMOBILIEN Business","isPartOf":{"@id":"https:\/\/www.immobilienbusiness.ch\/#website"},"primaryImageOfPage":{"@id":"https:\/\/www.immobilienbusiness.ch\/en\/regionen\/2016-07-25\/iazi-nachfrage-nach-eigentums-wohnungen-intakt\/#primaryimage"},"image":{"@id":"https:\/\/www.immobilienbusiness.ch\/en\/regionen\/2016-07-25\/iazi-nachfrage-nach-eigentums-wohnungen-intakt\/#primaryimage"},"thumbnailUrl":"https:\/\/www.immobilienbusiness.ch\/wp-content\/uploads\/2016\/12\/IAZI-Nachfrage-nach-Eigentums-Wohnungen-intakt-immobilien-business.jpg","datePublished":"2016-07-25T08:00:38+00:00","description":"Nachfrage nach Eigentums-Wohnungen intakt: Im 2. Quartal diesen Jahres haben die Preise f\u00fcr Wohneigentum in der Schweiz leicht zugenommen.","breadcrumb":{"@id":"https:\/\/www.immobilienbusiness.ch\/en\/regionen\/2016-07-25\/iazi-nachfrage-nach-eigentums-wohnungen-intakt\/#breadcrumb"},"inLanguage":"de","potentialAction":[{"@type":"ReadAction","target":["https:\/\/www.immobilienbusiness.ch\/en\/regionen\/2016-07-25\/iazi-nachfrage-nach-eigentums-wohnungen-intakt\/"]}]},{"@type":"ImageObject","inLanguage":"de","@id":"https:\/\/www.immobilienbusiness.ch\/en\/regionen\/2016-07-25\/iazi-nachfrage-nach-eigentums-wohnungen-intakt\/#primaryimage","url":"https:\/\/www.immobilienbusiness.ch\/wp-content\/uploads\/2016\/12\/IAZI-Nachfrage-nach-Eigentums-Wohnungen-intakt-immobilien-business.jpg","contentUrl":"https:\/\/www.immobilienbusiness.ch\/wp-content\/uploads\/2016\/12\/IAZI-Nachfrage-nach-Eigentums-Wohnungen-intakt-immobilien-business.jpg","width":1284,"height":992,"caption":"Aufw\u00e4rts ging es im zweiten Quartal bei den Preisen f\u00fcr Eigentumswohnungen, abw\u00e4rts hingegen bei Ein- und Mehrfamilienh\u00e4usern (Grafik: IAZI AG)"},{"@type":"BreadcrumbList","@id":"https:\/\/www.immobilienbusiness.ch\/en\/regionen\/2016-07-25\/iazi-nachfrage-nach-eigentums-wohnungen-intakt\/#breadcrumb","itemListElement":[{"@type":"ListItem","position":1,"name":"Home","item":"https:\/\/www.immobilienbusiness.ch\/"},{"@type":"ListItem","position":2,"name":"IAZI: Nachfrage nach Eigentums-Wohnungen intakt"}]},{"@type":"WebSite","@id":"https:\/\/www.immobilienbusiness.ch\/#website","url":"https:\/\/www.immobilienbusiness.ch\/","name":"IMMOBILIEN Business","description":"Unabh\u00e4ngiges Schweizer Wirtschaftsmagazin mit Fokus auf Immobilien, Architektur- und Bau sowie Investment- und Finanzierung.","publisher":{"@id":"https:\/\/www.immobilienbusiness.ch\/#organization"},"potentialAction":[{"@type":"SearchAction","target":{"@type":"EntryPoint","urlTemplate":"https:\/\/www.immobilienbusiness.ch\/?s={search_term_string}"},"query-input":{"@type":"PropertyValueSpecification","valueRequired":true,"valueName":"search_term_string"}}],"inLanguage":"de"},{"@type":"Organization","@id":"https:\/\/www.immobilienbusiness.ch\/#organization","name":"IMMOBILIEN Business","url":"https:\/\/www.immobilienbusiness.ch\/","logo":{"@type":"ImageObject","inLanguage":"de","@id":"https:\/\/www.immobilienbusiness.ch\/#\/schema\/logo\/image\/","url":"https:\/\/www.immobilienbusiness.ch\/wp-content\/uploads\/2021\/07\/logo_ib.png","contentUrl":"https:\/\/www.immobilienbusiness.ch\/wp-content\/uploads\/2021\/07\/logo_ib.png","width":800,"height":181,"caption":"IMMOBILIEN Business"},"image":{"@id":"https:\/\/www.immobilienbusiness.ch\/#\/schema\/logo\/image\/"},"sameAs":["https:\/\/www.facebook.com\/immobilienbusiness\/"]},{"@type":"Person","@id":"https:\/\/www.immobilienbusiness.ch\/#\/schema\/person\/aa2bace6c5c5aad60102004a50c4eb1c","name":"Redaktion","image":{"@type":"ImageObject","inLanguage":"de","@id":"https:\/\/secure.gravatar.com\/avatar\/ae2f4d718e6c49043e314ce431e7e645d646302a24a5ef5a8bc8e3f5a032e319?s=96&d=mm&r=g","url":"https:\/\/secure.gravatar.com\/avatar\/ae2f4d718e6c49043e314ce431e7e645d646302a24a5ef5a8bc8e3f5a032e319?s=96&d=mm&r=g","contentUrl":"https:\/\/secure.gravatar.com\/avatar\/ae2f4d718e6c49043e314ce431e7e645d646302a24a5ef5a8bc8e3f5a032e319?s=96&d=mm&r=g","caption":"Redaktion"},"sameAs":["http:\/\/develop.organisator.galledia.ch"],"url":"https:\/\/www.immobilienbusiness.ch\/de\/author\/admin\/"}]}},"_links":{"self":[{"href":"https:\/\/www.immobilienbusiness.ch\/de\/wp-json\/wp\/v2\/posts\/3320","targetHints":{"allow":["GET"]}}],"collection":[{"href":"https:\/\/www.immobilienbusiness.ch\/de\/wp-json\/wp\/v2\/posts"}],"about":[{"href":"https:\/\/www.immobilienbusiness.ch\/de\/wp-json\/wp\/v2\/types\/post"}],"author":[{"embeddable":true,"href":"https:\/\/www.immobilienbusiness.ch\/de\/wp-json\/wp\/v2\/users\/1"}],"replies":[{"embeddable":true,"href":"https:\/\/www.immobilienbusiness.ch\/de\/wp-json\/wp\/v2\/comments?post=3320"}],"version-history":[{"count":0,"href":"https:\/\/www.immobilienbusiness.ch\/de\/wp-json\/wp\/v2\/posts\/3320\/revisions"}],"wp:featuredmedia":[{"embeddable":true,"href":"https:\/\/www.immobilienbusiness.ch\/de\/wp-json\/wp\/v2\/media\/3321"}],"wp:attachment":[{"href":"https:\/\/www.immobilienbusiness.ch\/de\/wp-json\/wp\/v2\/media?parent=3320"}],"wp:term":[{"taxonomy":"category","embeddable":true,"href":"https:\/\/www.immobilienbusiness.ch\/de\/wp-json\/wp\/v2\/categories?post=3320"},{"taxonomy":"post_tag","embeddable":true,"href":"https:\/\/www.immobilienbusiness.ch\/de\/wp-json\/wp\/v2\/tags?post=3320"}],"curies":[{"name":"wp","href":"https:\/\/api.w.org\/{rel}","templated":true}]}}