{"id":3315,"date":"2016-05-23T09:09:59","date_gmt":"2016-05-23T07:09:59","guid":{"rendered":"http:\/\/dev.immobilienbusiness.ch\/?p=3315"},"modified":"2016-05-23T09:09:59","modified_gmt":"2016-05-23T07:09:59","slug":"hev-zuerich-waehlt-neuen-vorstand","status":"publish","type":"post","link":"https:\/\/www.immobilienbusiness.ch\/de\/allgemein\/2016-05-23\/hev-zuerich-waehlt-neuen-vorstand\/","title":{"rendered":"HEV Z\u00fcrich w\u00e4hlt neuen Vorstand"},"content":{"rendered":"<figure id=\"attachment_3322\" aria-describedby=\"caption-attachment-3322\" style=\"width: 680px\" class=\"wp-caption alignnone\"><img loading=\"lazy\" decoding=\"async\" class=\"size-medium wp-image-3322\" src=\"https:\/\/immobilienbusiness.ch\/wp-content\/uploads\/2016\/12\/HEV-Z\u00fcrich-w\u00e4hlt-neuen-Vorstand-immobilien-business.jpg\" alt=\"Dr. Josef Wiederkehr (Foto: HEV Kanton Z\u00fcrich)\" width=\"680\" height=\"454\" \/><figcaption id=\"caption-attachment-3322\" class=\"wp-caption-text\">Dr. Josef Wiederkehr (Foto: HEV Kanton Z\u00fcrich)<\/figcaption><\/figure>\n<p>Der CVP-Politiker Josef Wiederkehr (Jahrgang 1970) wurde 2005 f\u00fcr den Wahlkreis Dietikon in den Z\u00fcrcher Kantonsrat gew\u00e4hlt und ist seit August 2006 Mitglied der Kommission f\u00fcr Planung und Bau (KPB). Seit Juli 2015 ist Wiederkehr zudem Vorsitzender der kantonsr\u00e4tlichen Gruppe Wohn- und Grundeigentum (W&amp;G).<\/p>\n<p>HEV-Pr\u00e4sident Hans Egloff wurde einstimmig in seinem Amt best\u00e4tigt. Die bisherigen Vorstandsmitglieder wurden ebenfalls alle wieder gew\u00e4hlt: Neben Vizepr\u00e4sident Gregor Rutz sind dies Hans-Ulrich Bigler (Affoltern a.A.), Max Clerici (Horgen), Markus Dudler (Erlenbach), Andreas Federer (Thalwil), Jean-Luc Cornaz (Winkel) und Hans Heinrich Raths (Pf\u00e4ffikon ZH).<\/p>\n<p>Der im Jahre 1920 als Verein gegr\u00fcndete Hauseigent\u00fcmerverband Kanton Z\u00fcrich z\u00e4hlt \u00fcber 75.000 Mitglieder und ist in 24 lokale Sektionen unterteilt. (ah)<\/p>\n","protected":false},"excerpt":{"rendered":"<p>Die Delegiertenversammlung des Hauseigent\u00fcmerverband Kanton Z\u00fcrich (HEV) hat den Kantonrat Dr. Josef Wiederkehr zum neuen Vorstand gew\u00e4hlt. Wiederkehr ersetzt Hansruedi Schneider, der nach 16 Jahren Vorstandst\u00e4tigkeit altershalber zur\u00fccktritt.<\/p>\n","protected":false},"author":1,"featured_media":3322,"comment_status":"open","ping_status":"open","sticky":false,"template":"","format":"standard","meta":{"_acf_changed":false,"_yoast_wpseo_focuskw":"HEV","_yoast_wpseo_title":"","_yoast_wpseo_metadesc":"Die Delegiertenversammlung des Hauseigent\u00fcmerverband Kanton Z\u00fcrich (HEV) hat den Kantonrat Dr. Josef Wiederkehr zum neuen Vorstand gew\u00e4hlt.","_yoast_wpseo_linkdex":76,"pgc_sgb_lightbox_settings":"","footnotes":""},"categories":[1],"tags":[1564],"class_list":["post-3315","post","type-post","status-publish","format-standard","has-post-thumbnail","hentry","category-allgemein","tag-personalien"],"acf":[],"yoast_head":"<!-- This site is optimized with the Yoast SEO plugin v27.5 - https:\/\/yoast.com\/product\/yoast-seo-wordpress\/ -->\n<title>HEV Z\u00fcrich w\u00e4hlt neuen Vorstand - IMMOBILIEN Business<\/title>\n<meta name=\"description\" content=\"Die Delegiertenversammlung des Hauseigent\u00fcmerverband Kanton Z\u00fcrich (HEV) hat den Kantonrat Dr. Josef Wiederkehr zum neuen Vorstand gew\u00e4hlt.\" \/>\n<meta name=\"robots\" content=\"index, follow, max-snippet:-1, max-image-preview:large, max-video-preview:-1\" \/>\n<link rel=\"canonical\" href=\"https:\/\/www.immobilienbusiness.ch\/de\/allgemein\/2016-05-23\/hev-zuerich-waehlt-neuen-vorstand\/\" \/>\n<meta property=\"og:locale\" content=\"de_DE\" \/>\n<meta property=\"og:type\" content=\"article\" \/>\n<meta property=\"og:title\" content=\"HEV Z\u00fcrich w\u00e4hlt neuen Vorstand\" \/>\n<meta property=\"og:description\" content=\"Die Delegiertenversammlung des Hauseigent\u00fcmerverband Kanton Z\u00fcrich (HEV) hat den Kantonrat Dr. Josef Wiederkehr zum neuen Vorstand gew\u00e4hlt. Wiederkehr ersetzt Hansruedi Schneider, der nach 16 Jahren Vorstandst\u00e4tigkeit altershalber zur\u00fccktritt.\" \/>\n<meta property=\"og:url\" content=\"https:\/\/www.immobilienbusiness.ch\/de\/allgemein\/2016-05-23\/hev-zuerich-waehlt-neuen-vorstand\/\" \/>\n<meta property=\"og:site_name\" content=\"IMMOBILIEN Business\" \/>\n<meta property=\"article:publisher\" content=\"https:\/\/www.facebook.com\/immobilienbusiness\/\" \/>\n<meta property=\"article:published_time\" content=\"2016-05-23T07:09:59+00:00\" \/>\n<meta name=\"author\" content=\"Redaktion\" \/>\n<meta name=\"twitter:card\" content=\"summary_large_image\" \/>\n<meta name=\"twitter:image\" content=\"https:\/\/www.immobilienbusiness.ch\/wp-content\/uploads\/2016\/12\/HEV-Zuerich-waehlt-neuen-Vorstand-immobilien-business.jpg\" \/>\n<script type=\"application\/ld+json\" class=\"yoast-schema-graph\">{\"@context\":\"https:\\\/\\\/schema.org\",\"@graph\":[{\"@type\":\"Article\",\"@id\":\"https:\\\/\\\/www.immobilienbusiness.ch\\\/allgemein\\\/2016-05-23\\\/hev-zuerich-waehlt-neuen-vorstand\\\/#article\",\"isPartOf\":{\"@id\":\"https:\\\/\\\/www.immobilienbusiness.ch\\\/allgemein\\\/2016-05-23\\\/hev-zuerich-waehlt-neuen-vorstand\\\/\"},\"author\":{\"name\":\"Redaktion\",\"@id\":\"https:\\\/\\\/www.immobilienbusiness.ch\\\/#\\\/schema\\\/person\\\/aa2bace6c5c5aad60102004a50c4eb1c\"},\"headline\":\"HEV Z\u00fcrich w\u00e4hlt neuen Vorstand\",\"datePublished\":\"2016-05-23T07:09:59+00:00\",\"mainEntityOfPage\":{\"@id\":\"https:\\\/\\\/www.immobilienbusiness.ch\\\/allgemein\\\/2016-05-23\\\/hev-zuerich-waehlt-neuen-vorstand\\\/\"},\"wordCount\":143,\"commentCount\":0,\"publisher\":{\"@id\":\"https:\\\/\\\/www.immobilienbusiness.ch\\\/#organization\"},\"image\":{\"@id\":\"https:\\\/\\\/www.immobilienbusiness.ch\\\/allgemein\\\/2016-05-23\\\/hev-zuerich-waehlt-neuen-vorstand\\\/#primaryimage\"},\"thumbnailUrl\":\"https:\\\/\\\/www.immobilienbusiness.ch\\\/wp-content\\\/uploads\\\/2016\\\/12\\\/HEV-Zuerich-waehlt-neuen-Vorstand-immobilien-business.jpg\",\"keywords\":[\"Personalien\"],\"inLanguage\":\"de\"},{\"@type\":\"WebPage\",\"@id\":\"https:\\\/\\\/www.immobilienbusiness.ch\\\/allgemein\\\/2016-05-23\\\/hev-zuerich-waehlt-neuen-vorstand\\\/\",\"url\":\"https:\\\/\\\/www.immobilienbusiness.ch\\\/allgemein\\\/2016-05-23\\\/hev-zuerich-waehlt-neuen-vorstand\\\/\",\"name\":\"HEV Z\u00fcrich w\u00e4hlt neuen Vorstand - IMMOBILIEN Business\",\"isPartOf\":{\"@id\":\"https:\\\/\\\/www.immobilienbusiness.ch\\\/#website\"},\"primaryImageOfPage\":{\"@id\":\"https:\\\/\\\/www.immobilienbusiness.ch\\\/allgemein\\\/2016-05-23\\\/hev-zuerich-waehlt-neuen-vorstand\\\/#primaryimage\"},\"image\":{\"@id\":\"https:\\\/\\\/www.immobilienbusiness.ch\\\/allgemein\\\/2016-05-23\\\/hev-zuerich-waehlt-neuen-vorstand\\\/#primaryimage\"},\"thumbnailUrl\":\"https:\\\/\\\/www.immobilienbusiness.ch\\\/wp-content\\\/uploads\\\/2016\\\/12\\\/HEV-Zuerich-waehlt-neuen-Vorstand-immobilien-business.jpg\",\"datePublished\":\"2016-05-23T07:09:59+00:00\",\"description\":\"Die Delegiertenversammlung des Hauseigent\u00fcmerverband Kanton Z\u00fcrich (HEV) hat den Kantonrat Dr. Josef Wiederkehr zum neuen Vorstand gew\u00e4hlt.\",\"breadcrumb\":{\"@id\":\"https:\\\/\\\/www.immobilienbusiness.ch\\\/allgemein\\\/2016-05-23\\\/hev-zuerich-waehlt-neuen-vorstand\\\/#breadcrumb\"},\"inLanguage\":\"de\",\"potentialAction\":[{\"@type\":\"ReadAction\",\"target\":[\"https:\\\/\\\/www.immobilienbusiness.ch\\\/allgemein\\\/2016-05-23\\\/hev-zuerich-waehlt-neuen-vorstand\\\/\"]}]},{\"@type\":\"ImageObject\",\"inLanguage\":\"de\",\"@id\":\"https:\\\/\\\/www.immobilienbusiness.ch\\\/allgemein\\\/2016-05-23\\\/hev-zuerich-waehlt-neuen-vorstand\\\/#primaryimage\",\"url\":\"https:\\\/\\\/www.immobilienbusiness.ch\\\/wp-content\\\/uploads\\\/2016\\\/12\\\/HEV-Zuerich-waehlt-neuen-Vorstand-immobilien-business.jpg\",\"contentUrl\":\"https:\\\/\\\/www.immobilienbusiness.ch\\\/wp-content\\\/uploads\\\/2016\\\/12\\\/HEV-Zuerich-waehlt-neuen-Vorstand-immobilien-business.jpg\",\"width\":1024,\"height\":683,\"caption\":\"Dr. Josef Wiederkehr (Foto: HEV Kanton Z\u00fcrich)\"},{\"@type\":\"BreadcrumbList\",\"@id\":\"https:\\\/\\\/www.immobilienbusiness.ch\\\/allgemein\\\/2016-05-23\\\/hev-zuerich-waehlt-neuen-vorstand\\\/#breadcrumb\",\"itemListElement\":[{\"@type\":\"ListItem\",\"position\":1,\"name\":\"Home\",\"item\":\"https:\\\/\\\/www.immobilienbusiness.ch\\\/\"},{\"@type\":\"ListItem\",\"position\":2,\"name\":\"HEV Z\u00fcrich w\u00e4hlt neuen Vorstand\"}]},{\"@type\":\"WebSite\",\"@id\":\"https:\\\/\\\/www.immobilienbusiness.ch\\\/#website\",\"url\":\"https:\\\/\\\/www.immobilienbusiness.ch\\\/\",\"name\":\"IMMOBILIEN Business\",\"description\":\"Unabh\u00e4ngiges Schweizer Wirtschaftsmagazin mit Fokus auf Immobilien, Architektur- und Bau sowie Investment- und Finanzierung.\",\"publisher\":{\"@id\":\"https:\\\/\\\/www.immobilienbusiness.ch\\\/#organization\"},\"potentialAction\":[{\"@type\":\"SearchAction\",\"target\":{\"@type\":\"EntryPoint\",\"urlTemplate\":\"https:\\\/\\\/www.immobilienbusiness.ch\\\/?s={search_term_string}\"},\"query-input\":{\"@type\":\"PropertyValueSpecification\",\"valueRequired\":true,\"valueName\":\"search_term_string\"}}],\"inLanguage\":\"de\"},{\"@type\":\"Organization\",\"@id\":\"https:\\\/\\\/www.immobilienbusiness.ch\\\/#organization\",\"name\":\"IMMOBILIEN Business\",\"url\":\"https:\\\/\\\/www.immobilienbusiness.ch\\\/\",\"logo\":{\"@type\":\"ImageObject\",\"inLanguage\":\"de\",\"@id\":\"https:\\\/\\\/www.immobilienbusiness.ch\\\/#\\\/schema\\\/logo\\\/image\\\/\",\"url\":\"https:\\\/\\\/www.immobilienbusiness.ch\\\/wp-content\\\/uploads\\\/2021\\\/07\\\/logo_ib.png\",\"contentUrl\":\"https:\\\/\\\/www.immobilienbusiness.ch\\\/wp-content\\\/uploads\\\/2021\\\/07\\\/logo_ib.png\",\"width\":800,\"height\":181,\"caption\":\"IMMOBILIEN Business\"},\"image\":{\"@id\":\"https:\\\/\\\/www.immobilienbusiness.ch\\\/#\\\/schema\\\/logo\\\/image\\\/\"},\"sameAs\":[\"https:\\\/\\\/www.facebook.com\\\/immobilienbusiness\\\/\"]},{\"@type\":\"Person\",\"@id\":\"https:\\\/\\\/www.immobilienbusiness.ch\\\/#\\\/schema\\\/person\\\/aa2bace6c5c5aad60102004a50c4eb1c\",\"name\":\"Redaktion\",\"image\":{\"@type\":\"ImageObject\",\"inLanguage\":\"de\",\"@id\":\"https:\\\/\\\/secure.gravatar.com\\\/avatar\\\/ae2f4d718e6c49043e314ce431e7e645d646302a24a5ef5a8bc8e3f5a032e319?s=96&d=mm&r=g\",\"url\":\"https:\\\/\\\/secure.gravatar.com\\\/avatar\\\/ae2f4d718e6c49043e314ce431e7e645d646302a24a5ef5a8bc8e3f5a032e319?s=96&d=mm&r=g\",\"contentUrl\":\"https:\\\/\\\/secure.gravatar.com\\\/avatar\\\/ae2f4d718e6c49043e314ce431e7e645d646302a24a5ef5a8bc8e3f5a032e319?s=96&d=mm&r=g\",\"caption\":\"Redaktion\"},\"sameAs\":[\"http:\\\/\\\/develop.organisator.galledia.ch\"],\"url\":\"https:\\\/\\\/www.immobilienbusiness.ch\\\/de\\\/author\\\/admin\\\/\"}]}<\/script>\n<!-- \/ Yoast SEO plugin. -->","yoast_head_json":{"title":"HEV Z\u00fcrich w\u00e4hlt neuen Vorstand - IMMOBILIEN Business","description":"Die Delegiertenversammlung des Hauseigent\u00fcmerverband Kanton Z\u00fcrich (HEV) hat den Kantonrat Dr. Josef Wiederkehr zum neuen Vorstand gew\u00e4hlt.","robots":{"index":"index","follow":"follow","max-snippet":"max-snippet:-1","max-image-preview":"max-image-preview:large","max-video-preview":"max-video-preview:-1"},"canonical":"https:\/\/www.immobilienbusiness.ch\/de\/allgemein\/2016-05-23\/hev-zuerich-waehlt-neuen-vorstand\/","og_locale":"de_DE","og_type":"article","og_title":"HEV Z\u00fcrich w\u00e4hlt neuen Vorstand","og_description":"Die Delegiertenversammlung des Hauseigent\u00fcmerverband Kanton Z\u00fcrich (HEV) hat den Kantonrat Dr. Josef Wiederkehr zum neuen Vorstand gew\u00e4hlt. Wiederkehr ersetzt Hansruedi Schneider, der nach 16 Jahren Vorstandst\u00e4tigkeit altershalber zur\u00fccktritt.","og_url":"https:\/\/www.immobilienbusiness.ch\/de\/allgemein\/2016-05-23\/hev-zuerich-waehlt-neuen-vorstand\/","og_site_name":"IMMOBILIEN Business","article_publisher":"https:\/\/www.facebook.com\/immobilienbusiness\/","article_published_time":"2016-05-23T07:09:59+00:00","author":"Redaktion","twitter_card":"summary_large_image","twitter_image":"https:\/\/www.immobilienbusiness.ch\/wp-content\/uploads\/2016\/12\/HEV-Zuerich-waehlt-neuen-Vorstand-immobilien-business.jpg","schema":{"@context":"https:\/\/schema.org","@graph":[{"@type":"Article","@id":"https:\/\/www.immobilienbusiness.ch\/allgemein\/2016-05-23\/hev-zuerich-waehlt-neuen-vorstand\/#article","isPartOf":{"@id":"https:\/\/www.immobilienbusiness.ch\/allgemein\/2016-05-23\/hev-zuerich-waehlt-neuen-vorstand\/"},"author":{"name":"Redaktion","@id":"https:\/\/www.immobilienbusiness.ch\/#\/schema\/person\/aa2bace6c5c5aad60102004a50c4eb1c"},"headline":"HEV Z\u00fcrich w\u00e4hlt neuen Vorstand","datePublished":"2016-05-23T07:09:59+00:00","mainEntityOfPage":{"@id":"https:\/\/www.immobilienbusiness.ch\/allgemein\/2016-05-23\/hev-zuerich-waehlt-neuen-vorstand\/"},"wordCount":143,"commentCount":0,"publisher":{"@id":"https:\/\/www.immobilienbusiness.ch\/#organization"},"image":{"@id":"https:\/\/www.immobilienbusiness.ch\/allgemein\/2016-05-23\/hev-zuerich-waehlt-neuen-vorstand\/#primaryimage"},"thumbnailUrl":"https:\/\/www.immobilienbusiness.ch\/wp-content\/uploads\/2016\/12\/HEV-Zuerich-waehlt-neuen-Vorstand-immobilien-business.jpg","keywords":["Personalien"],"inLanguage":"de"},{"@type":"WebPage","@id":"https:\/\/www.immobilienbusiness.ch\/allgemein\/2016-05-23\/hev-zuerich-waehlt-neuen-vorstand\/","url":"https:\/\/www.immobilienbusiness.ch\/allgemein\/2016-05-23\/hev-zuerich-waehlt-neuen-vorstand\/","name":"HEV Z\u00fcrich w\u00e4hlt neuen Vorstand - IMMOBILIEN Business","isPartOf":{"@id":"https:\/\/www.immobilienbusiness.ch\/#website"},"primaryImageOfPage":{"@id":"https:\/\/www.immobilienbusiness.ch\/allgemein\/2016-05-23\/hev-zuerich-waehlt-neuen-vorstand\/#primaryimage"},"image":{"@id":"https:\/\/www.immobilienbusiness.ch\/allgemein\/2016-05-23\/hev-zuerich-waehlt-neuen-vorstand\/#primaryimage"},"thumbnailUrl":"https:\/\/www.immobilienbusiness.ch\/wp-content\/uploads\/2016\/12\/HEV-Zuerich-waehlt-neuen-Vorstand-immobilien-business.jpg","datePublished":"2016-05-23T07:09:59+00:00","description":"Die Delegiertenversammlung des Hauseigent\u00fcmerverband Kanton Z\u00fcrich (HEV) hat den Kantonrat Dr. Josef Wiederkehr zum neuen Vorstand gew\u00e4hlt.","breadcrumb":{"@id":"https:\/\/www.immobilienbusiness.ch\/allgemein\/2016-05-23\/hev-zuerich-waehlt-neuen-vorstand\/#breadcrumb"},"inLanguage":"de","potentialAction":[{"@type":"ReadAction","target":["https:\/\/www.immobilienbusiness.ch\/allgemein\/2016-05-23\/hev-zuerich-waehlt-neuen-vorstand\/"]}]},{"@type":"ImageObject","inLanguage":"de","@id":"https:\/\/www.immobilienbusiness.ch\/allgemein\/2016-05-23\/hev-zuerich-waehlt-neuen-vorstand\/#primaryimage","url":"https:\/\/www.immobilienbusiness.ch\/wp-content\/uploads\/2016\/12\/HEV-Zuerich-waehlt-neuen-Vorstand-immobilien-business.jpg","contentUrl":"https:\/\/www.immobilienbusiness.ch\/wp-content\/uploads\/2016\/12\/HEV-Zuerich-waehlt-neuen-Vorstand-immobilien-business.jpg","width":1024,"height":683,"caption":"Dr. Josef Wiederkehr (Foto: HEV Kanton Z\u00fcrich)"},{"@type":"BreadcrumbList","@id":"https:\/\/www.immobilienbusiness.ch\/allgemein\/2016-05-23\/hev-zuerich-waehlt-neuen-vorstand\/#breadcrumb","itemListElement":[{"@type":"ListItem","position":1,"name":"Home","item":"https:\/\/www.immobilienbusiness.ch\/"},{"@type":"ListItem","position":2,"name":"HEV Z\u00fcrich w\u00e4hlt neuen Vorstand"}]},{"@type":"WebSite","@id":"https:\/\/www.immobilienbusiness.ch\/#website","url":"https:\/\/www.immobilienbusiness.ch\/","name":"IMMOBILIEN Business","description":"Unabh\u00e4ngiges Schweizer Wirtschaftsmagazin mit Fokus auf Immobilien, Architektur- und Bau sowie Investment- und Finanzierung.","publisher":{"@id":"https:\/\/www.immobilienbusiness.ch\/#organization"},"potentialAction":[{"@type":"SearchAction","target":{"@type":"EntryPoint","urlTemplate":"https:\/\/www.immobilienbusiness.ch\/?s={search_term_string}"},"query-input":{"@type":"PropertyValueSpecification","valueRequired":true,"valueName":"search_term_string"}}],"inLanguage":"de"},{"@type":"Organization","@id":"https:\/\/www.immobilienbusiness.ch\/#organization","name":"IMMOBILIEN Business","url":"https:\/\/www.immobilienbusiness.ch\/","logo":{"@type":"ImageObject","inLanguage":"de","@id":"https:\/\/www.immobilienbusiness.ch\/#\/schema\/logo\/image\/","url":"https:\/\/www.immobilienbusiness.ch\/wp-content\/uploads\/2021\/07\/logo_ib.png","contentUrl":"https:\/\/www.immobilienbusiness.ch\/wp-content\/uploads\/2021\/07\/logo_ib.png","width":800,"height":181,"caption":"IMMOBILIEN Business"},"image":{"@id":"https:\/\/www.immobilienbusiness.ch\/#\/schema\/logo\/image\/"},"sameAs":["https:\/\/www.facebook.com\/immobilienbusiness\/"]},{"@type":"Person","@id":"https:\/\/www.immobilienbusiness.ch\/#\/schema\/person\/aa2bace6c5c5aad60102004a50c4eb1c","name":"Redaktion","image":{"@type":"ImageObject","inLanguage":"de","@id":"https:\/\/secure.gravatar.com\/avatar\/ae2f4d718e6c49043e314ce431e7e645d646302a24a5ef5a8bc8e3f5a032e319?s=96&d=mm&r=g","url":"https:\/\/secure.gravatar.com\/avatar\/ae2f4d718e6c49043e314ce431e7e645d646302a24a5ef5a8bc8e3f5a032e319?s=96&d=mm&r=g","contentUrl":"https:\/\/secure.gravatar.com\/avatar\/ae2f4d718e6c49043e314ce431e7e645d646302a24a5ef5a8bc8e3f5a032e319?s=96&d=mm&r=g","caption":"Redaktion"},"sameAs":["http:\/\/develop.organisator.galledia.ch"],"url":"https:\/\/www.immobilienbusiness.ch\/de\/author\/admin\/"}]}},"_links":{"self":[{"href":"https:\/\/www.immobilienbusiness.ch\/de\/wp-json\/wp\/v2\/posts\/3315","targetHints":{"allow":["GET"]}}],"collection":[{"href":"https:\/\/www.immobilienbusiness.ch\/de\/wp-json\/wp\/v2\/posts"}],"about":[{"href":"https:\/\/www.immobilienbusiness.ch\/de\/wp-json\/wp\/v2\/types\/post"}],"author":[{"embeddable":true,"href":"https:\/\/www.immobilienbusiness.ch\/de\/wp-json\/wp\/v2\/users\/1"}],"replies":[{"embeddable":true,"href":"https:\/\/www.immobilienbusiness.ch\/de\/wp-json\/wp\/v2\/comments?post=3315"}],"version-history":[{"count":0,"href":"https:\/\/www.immobilienbusiness.ch\/de\/wp-json\/wp\/v2\/posts\/3315\/revisions"}],"wp:featuredmedia":[{"embeddable":true,"href":"https:\/\/www.immobilienbusiness.ch\/de\/wp-json\/wp\/v2\/media\/3322"}],"wp:attachment":[{"href":"https:\/\/www.immobilienbusiness.ch\/de\/wp-json\/wp\/v2\/media?parent=3315"}],"wp:term":[{"taxonomy":"category","embeddable":true,"href":"https:\/\/www.immobilienbusiness.ch\/de\/wp-json\/wp\/v2\/categories?post=3315"},{"taxonomy":"post_tag","embeddable":true,"href":"https:\/\/www.immobilienbusiness.ch\/de\/wp-json\/wp\/v2\/tags?post=3315"}],"curies":[{"name":"wp","href":"https:\/\/api.w.org\/{rel}","templated":true}]}}