{"id":3201,"date":"2016-07-14T10:00:18","date_gmt":"2016-07-14T08:00:18","guid":{"rendered":"http:\/\/dev.immobilienbusiness.ch\/?p=3201"},"modified":"2016-07-14T10:00:18","modified_gmt":"2016-07-14T08:00:18","slug":"erster-spatenstich-fuer-zuercher-andreasturm","status":"publish","type":"post","link":"https:\/\/www.immobilienbusiness.ch\/de\/buero\/2016-07-14\/erster-spatenstich-fuer-zuercher-andreasturm\/","title":{"rendered":"Erster Spatenstich f\u00fcr Z\u00fcrcher Andreasturm"},"content":{"rendered":"<figure id=\"attachment_3202\" aria-describedby=\"caption-attachment-3202\" style=\"width: 680px\" class=\"wp-caption alignnone\"><img loading=\"lazy\" decoding=\"async\" class=\"size-medium wp-image-3202\" src=\"https:\/\/immobilienbusiness.ch\/wp-content\/uploads\/2016\/12\/Erster-Spatenstich-f\u00fcr-Z\u00fcrcher-Andreasturm-immobilien-business.jpg\" alt=\"Am Mittwoch, 13. Juli 2016, erfolgte der erste Spatenstich f\u00fcr das neue B\u00fcrohochhaus Andreasturm am Bahnhof Z\u00fcrich Oerlikon. (Foto: Implenia)\" width=\"680\" height=\"680\" \/><figcaption id=\"caption-attachment-3202\" class=\"wp-caption-text\">Am Mittwoch, 13. Juli 2016, erfolgte der erste Spatenstich f\u00fcr das neue B\u00fcrohochhaus Andreasturm am Bahnhof Z\u00fcrich Oerlikon. (Foto: Implenia)<\/figcaption><\/figure>\n<p>Der neue Andreasturm mit \u00fcber 20.000 Quadratmeter B\u00fcro-, Verkaufs- und Gastronomiefl\u00e4che sowie einem direkten Zugang zum Perron am Bahnhof Z\u00fcrich Oerlikon wird gem\u00e4ss dem von der Schweizer Gesellschaft f\u00fcr Nachhaltige Immobilienwirtschaft (SGNI) adaptierten deutschen Label \u00abDGNB Platin\u00bb erstellt. Das Geb\u00e4ude wird in der sogenannten Deckelbauweise realisiert. Bei dieser Methode werden ab der Betondecke des zweiten Untergeschosses die darunterliegenden Geschosse zeitgleich mit den Stockwerken \u00fcber Terrain erstellt.<\/p>\n<p>Ankermieterin im k\u00fcnftigen Andreasturm wird auf rund 10.000 Quadratmeter B\u00fcrofl\u00e4che (Geschosse 1 bis 12) die Ingenieurunternehmung Amstein + Walthert AG. Den Entwurf f\u00fcr das 80 Meter hohe Neubauprojekt lieferten die Architekten Gigon\/Guyer. (mr)<\/p>\n","protected":false},"excerpt":{"rendered":"<p>Die Totalunternehmerin Implenia AG hat gestern Mittwoch gemeinsam mit der Bauherrin SBB Immobilien den ersten Spatenstich f\u00fcr den Andreasturm in Z\u00fcrich Oerlikon gesetzt. Das Hochhausprojekt mit 22 Geschossen und einer Investitionssumme von \u00fcber 100 Millionen CHF soll bis Mai 2018 fertiggestellt sein.<\/p>\n","protected":false},"author":1,"featured_media":3202,"comment_status":"open","ping_status":"open","sticky":false,"template":"","format":"standard","meta":{"_acf_changed":false,"_yoast_wpseo_focuskw":"Andreasturm","_yoast_wpseo_title":"","_yoast_wpseo_metadesc":"Implenia AG hat gemeinsam mit der Bauherrin SBB Immobilien den ersten Spatenstich f\u00fcr den Andreasturm in Z\u00fcrich Oerlikon gesetzt.","_yoast_wpseo_linkdex":64,"pgc_sgb_lightbox_settings":"","footnotes":""},"categories":[983,985,987],"tags":[1118,1334,1629,1643,1888],"class_list":["post-3201","post","type-post","status-publish","format-standard","has-post-thumbnail","hentry","category-buero","category-regionen","category-retail","tag-buero","tag-immobilien-investitionen","tag-regionen","tag-retail","tag-zuerich"],"acf":[],"yoast_head":"<!-- This site is optimized with the Yoast SEO plugin v27.5 - https:\/\/yoast.com\/product\/yoast-seo-wordpress\/ -->\n<title>Erster Spatenstich f\u00fcr Z\u00fcrcher Andreasturm - IMMOBILIEN Business<\/title>\n<meta name=\"description\" content=\"Implenia AG hat gemeinsam mit der Bauherrin SBB Immobilien den ersten Spatenstich f\u00fcr den Andreasturm in Z\u00fcrich Oerlikon gesetzt.\" \/>\n<meta name=\"robots\" content=\"index, follow, max-snippet:-1, max-image-preview:large, max-video-preview:-1\" \/>\n<link rel=\"canonical\" href=\"https:\/\/www.immobilienbusiness.ch\/de\/buero\/2016-07-14\/erster-spatenstich-fuer-zuercher-andreasturm\/\" \/>\n<meta property=\"og:locale\" content=\"de_DE\" \/>\n<meta property=\"og:type\" content=\"article\" \/>\n<meta property=\"og:title\" content=\"Erster Spatenstich f\u00fcr Z\u00fcrcher\" \/>\n<meta property=\"og:description\" content=\"Die Totalunternehmerin Implenia AG hat gestern Mittwoch gemeinsam mit der Bauherrin SBB Immobilien den ersten Spatenstich f\u00fcr den Andreasturm in Z\u00fcrich Oerlikon gesetzt. Das Hochhausprojekt mit 22 Geschossen und einer Investitionssumme von \u00fcber 100 Millionen CHF soll bis Mai 2018 fertiggestellt sein.\" \/>\n<meta property=\"og:url\" content=\"https:\/\/www.immobilienbusiness.ch\/de\/buero\/2016-07-14\/erster-spatenstich-fuer-zuercher-andreasturm\/\" \/>\n<meta property=\"og:site_name\" content=\"IMMOBILIEN Business\" \/>\n<meta property=\"article:publisher\" content=\"https:\/\/www.facebook.com\/immobilienbusiness\/\" \/>\n<meta property=\"article:published_time\" content=\"2016-07-14T08:00:18+00:00\" \/>\n<meta name=\"author\" content=\"Redaktion\" \/>\n<meta name=\"twitter:card\" content=\"summary_large_image\" \/>\n<meta name=\"twitter:image\" content=\"https:\/\/www.immobilienbusiness.ch\/wp-content\/uploads\/2016\/12\/Erster-Spatenstich-fuer-Zuercher-Andreasturm-immobilien-business.jpg\" \/>\n<script type=\"application\/ld+json\" class=\"yoast-schema-graph\">{\"@context\":\"https:\\\/\\\/schema.org\",\"@graph\":[{\"@type\":\"Article\",\"@id\":\"https:\\\/\\\/www.immobilienbusiness.ch\\\/buero\\\/2016-07-14\\\/erster-spatenstich-fuer-zuercher-andreasturm\\\/#article\",\"isPartOf\":{\"@id\":\"https:\\\/\\\/www.immobilienbusiness.ch\\\/buero\\\/2016-07-14\\\/erster-spatenstich-fuer-zuercher-andreasturm\\\/\"},\"author\":{\"name\":\"Redaktion\",\"@id\":\"https:\\\/\\\/www.immobilienbusiness.ch\\\/#\\\/schema\\\/person\\\/aa2bace6c5c5aad60102004a50c4eb1c\"},\"headline\":\"Erster Spatenstich f\u00fcr Z\u00fcrcher Andreasturm\",\"datePublished\":\"2016-07-14T08:00:18+00:00\",\"mainEntityOfPage\":{\"@id\":\"https:\\\/\\\/www.immobilienbusiness.ch\\\/buero\\\/2016-07-14\\\/erster-spatenstich-fuer-zuercher-andreasturm\\\/\"},\"wordCount\":139,\"commentCount\":0,\"publisher\":{\"@id\":\"https:\\\/\\\/www.immobilienbusiness.ch\\\/#organization\"},\"image\":{\"@id\":\"https:\\\/\\\/www.immobilienbusiness.ch\\\/buero\\\/2016-07-14\\\/erster-spatenstich-fuer-zuercher-andreasturm\\\/#primaryimage\"},\"thumbnailUrl\":\"https:\\\/\\\/www.immobilienbusiness.ch\\\/wp-content\\\/uploads\\\/2016\\\/12\\\/Erster-Spatenstich-fuer-Zuercher-Andreasturm-immobilien-business.jpg\",\"keywords\":[\"B\u00fcro\",\"Immobilien-Investitionen\",\"Regionen\",\"Retail\",\"Z\u00fcrich\"],\"articleSection\":[\"B\u00dcRO\",\"REGIONEN\",\"RETAIL\"],\"inLanguage\":\"de\"},{\"@type\":\"WebPage\",\"@id\":\"https:\\\/\\\/www.immobilienbusiness.ch\\\/buero\\\/2016-07-14\\\/erster-spatenstich-fuer-zuercher-andreasturm\\\/\",\"url\":\"https:\\\/\\\/www.immobilienbusiness.ch\\\/buero\\\/2016-07-14\\\/erster-spatenstich-fuer-zuercher-andreasturm\\\/\",\"name\":\"Erster Spatenstich f\u00fcr Z\u00fcrcher Andreasturm - IMMOBILIEN Business\",\"isPartOf\":{\"@id\":\"https:\\\/\\\/www.immobilienbusiness.ch\\\/#website\"},\"primaryImageOfPage\":{\"@id\":\"https:\\\/\\\/www.immobilienbusiness.ch\\\/buero\\\/2016-07-14\\\/erster-spatenstich-fuer-zuercher-andreasturm\\\/#primaryimage\"},\"image\":{\"@id\":\"https:\\\/\\\/www.immobilienbusiness.ch\\\/buero\\\/2016-07-14\\\/erster-spatenstich-fuer-zuercher-andreasturm\\\/#primaryimage\"},\"thumbnailUrl\":\"https:\\\/\\\/www.immobilienbusiness.ch\\\/wp-content\\\/uploads\\\/2016\\\/12\\\/Erster-Spatenstich-fuer-Zuercher-Andreasturm-immobilien-business.jpg\",\"datePublished\":\"2016-07-14T08:00:18+00:00\",\"description\":\"Implenia AG hat gemeinsam mit der Bauherrin SBB Immobilien den ersten Spatenstich f\u00fcr den Andreasturm in Z\u00fcrich Oerlikon gesetzt.\",\"breadcrumb\":{\"@id\":\"https:\\\/\\\/www.immobilienbusiness.ch\\\/buero\\\/2016-07-14\\\/erster-spatenstich-fuer-zuercher-andreasturm\\\/#breadcrumb\"},\"inLanguage\":\"de\",\"potentialAction\":[{\"@type\":\"ReadAction\",\"target\":[\"https:\\\/\\\/www.immobilienbusiness.ch\\\/buero\\\/2016-07-14\\\/erster-spatenstich-fuer-zuercher-andreasturm\\\/\"]}]},{\"@type\":\"ImageObject\",\"inLanguage\":\"de\",\"@id\":\"https:\\\/\\\/www.immobilienbusiness.ch\\\/buero\\\/2016-07-14\\\/erster-spatenstich-fuer-zuercher-andreasturm\\\/#primaryimage\",\"url\":\"https:\\\/\\\/www.immobilienbusiness.ch\\\/wp-content\\\/uploads\\\/2016\\\/12\\\/Erster-Spatenstich-fuer-Zuercher-Andreasturm-immobilien-business.jpg\",\"contentUrl\":\"https:\\\/\\\/www.immobilienbusiness.ch\\\/wp-content\\\/uploads\\\/2016\\\/12\\\/Erster-Spatenstich-fuer-Zuercher-Andreasturm-immobilien-business.jpg\",\"width\":2560,\"height\":2560,\"caption\":\"Am Mittwoch, 13. Juli 2016, erfolgte der erste Spatenstich f\u00fcr das neue B\u00fcrohochhaus Andreasturm am Bahnhof Z\u00fcrich Oerlikon. (Foto: Implenia)\"},{\"@type\":\"BreadcrumbList\",\"@id\":\"https:\\\/\\\/www.immobilienbusiness.ch\\\/buero\\\/2016-07-14\\\/erster-spatenstich-fuer-zuercher-andreasturm\\\/#breadcrumb\",\"itemListElement\":[{\"@type\":\"ListItem\",\"position\":1,\"name\":\"Home\",\"item\":\"https:\\\/\\\/www.immobilienbusiness.ch\\\/\"},{\"@type\":\"ListItem\",\"position\":2,\"name\":\"Erster Spatenstich f\u00fcr Z\u00fcrcher Andreasturm\"}]},{\"@type\":\"WebSite\",\"@id\":\"https:\\\/\\\/www.immobilienbusiness.ch\\\/#website\",\"url\":\"https:\\\/\\\/www.immobilienbusiness.ch\\\/\",\"name\":\"IMMOBILIEN Business\",\"description\":\"Unabh\u00e4ngiges Schweizer Wirtschaftsmagazin mit Fokus auf Immobilien, Architektur- und Bau sowie Investment- und Finanzierung.\",\"publisher\":{\"@id\":\"https:\\\/\\\/www.immobilienbusiness.ch\\\/#organization\"},\"potentialAction\":[{\"@type\":\"SearchAction\",\"target\":{\"@type\":\"EntryPoint\",\"urlTemplate\":\"https:\\\/\\\/www.immobilienbusiness.ch\\\/?s={search_term_string}\"},\"query-input\":{\"@type\":\"PropertyValueSpecification\",\"valueRequired\":true,\"valueName\":\"search_term_string\"}}],\"inLanguage\":\"de\"},{\"@type\":\"Organization\",\"@id\":\"https:\\\/\\\/www.immobilienbusiness.ch\\\/#organization\",\"name\":\"IMMOBILIEN Business\",\"url\":\"https:\\\/\\\/www.immobilienbusiness.ch\\\/\",\"logo\":{\"@type\":\"ImageObject\",\"inLanguage\":\"de\",\"@id\":\"https:\\\/\\\/www.immobilienbusiness.ch\\\/#\\\/schema\\\/logo\\\/image\\\/\",\"url\":\"https:\\\/\\\/www.immobilienbusiness.ch\\\/wp-content\\\/uploads\\\/2021\\\/07\\\/logo_ib.png\",\"contentUrl\":\"https:\\\/\\\/www.immobilienbusiness.ch\\\/wp-content\\\/uploads\\\/2021\\\/07\\\/logo_ib.png\",\"width\":800,\"height\":181,\"caption\":\"IMMOBILIEN Business\"},\"image\":{\"@id\":\"https:\\\/\\\/www.immobilienbusiness.ch\\\/#\\\/schema\\\/logo\\\/image\\\/\"},\"sameAs\":[\"https:\\\/\\\/www.facebook.com\\\/immobilienbusiness\\\/\"]},{\"@type\":\"Person\",\"@id\":\"https:\\\/\\\/www.immobilienbusiness.ch\\\/#\\\/schema\\\/person\\\/aa2bace6c5c5aad60102004a50c4eb1c\",\"name\":\"Redaktion\",\"image\":{\"@type\":\"ImageObject\",\"inLanguage\":\"de\",\"@id\":\"https:\\\/\\\/secure.gravatar.com\\\/avatar\\\/ae2f4d718e6c49043e314ce431e7e645d646302a24a5ef5a8bc8e3f5a032e319?s=96&d=mm&r=g\",\"url\":\"https:\\\/\\\/secure.gravatar.com\\\/avatar\\\/ae2f4d718e6c49043e314ce431e7e645d646302a24a5ef5a8bc8e3f5a032e319?s=96&d=mm&r=g\",\"contentUrl\":\"https:\\\/\\\/secure.gravatar.com\\\/avatar\\\/ae2f4d718e6c49043e314ce431e7e645d646302a24a5ef5a8bc8e3f5a032e319?s=96&d=mm&r=g\",\"caption\":\"Redaktion\"},\"sameAs\":[\"http:\\\/\\\/develop.organisator.galledia.ch\"],\"url\":\"https:\\\/\\\/www.immobilienbusiness.ch\\\/de\\\/author\\\/admin\\\/\"}]}<\/script>\n<!-- \/ Yoast SEO plugin. -->","yoast_head_json":{"title":"Erster Spatenstich f\u00fcr Z\u00fcrcher Andreasturm - IMMOBILIEN Business","description":"Implenia AG hat gemeinsam mit der Bauherrin SBB Immobilien den ersten Spatenstich f\u00fcr den Andreasturm in Z\u00fcrich Oerlikon gesetzt.","robots":{"index":"index","follow":"follow","max-snippet":"max-snippet:-1","max-image-preview":"max-image-preview:large","max-video-preview":"max-video-preview:-1"},"canonical":"https:\/\/www.immobilienbusiness.ch\/de\/buero\/2016-07-14\/erster-spatenstich-fuer-zuercher-andreasturm\/","og_locale":"de_DE","og_type":"article","og_title":"Erster Spatenstich f\u00fcr Z\u00fcrcher","og_description":"Die Totalunternehmerin Implenia AG hat gestern Mittwoch gemeinsam mit der Bauherrin SBB Immobilien den ersten Spatenstich f\u00fcr den Andreasturm in Z\u00fcrich Oerlikon gesetzt. Das Hochhausprojekt mit 22 Geschossen und einer Investitionssumme von \u00fcber 100 Millionen CHF soll bis Mai 2018 fertiggestellt sein.","og_url":"https:\/\/www.immobilienbusiness.ch\/de\/buero\/2016-07-14\/erster-spatenstich-fuer-zuercher-andreasturm\/","og_site_name":"IMMOBILIEN Business","article_publisher":"https:\/\/www.facebook.com\/immobilienbusiness\/","article_published_time":"2016-07-14T08:00:18+00:00","author":"Redaktion","twitter_card":"summary_large_image","twitter_image":"https:\/\/www.immobilienbusiness.ch\/wp-content\/uploads\/2016\/12\/Erster-Spatenstich-fuer-Zuercher-Andreasturm-immobilien-business.jpg","schema":{"@context":"https:\/\/schema.org","@graph":[{"@type":"Article","@id":"https:\/\/www.immobilienbusiness.ch\/buero\/2016-07-14\/erster-spatenstich-fuer-zuercher-andreasturm\/#article","isPartOf":{"@id":"https:\/\/www.immobilienbusiness.ch\/buero\/2016-07-14\/erster-spatenstich-fuer-zuercher-andreasturm\/"},"author":{"name":"Redaktion","@id":"https:\/\/www.immobilienbusiness.ch\/#\/schema\/person\/aa2bace6c5c5aad60102004a50c4eb1c"},"headline":"Erster Spatenstich f\u00fcr Z\u00fcrcher Andreasturm","datePublished":"2016-07-14T08:00:18+00:00","mainEntityOfPage":{"@id":"https:\/\/www.immobilienbusiness.ch\/buero\/2016-07-14\/erster-spatenstich-fuer-zuercher-andreasturm\/"},"wordCount":139,"commentCount":0,"publisher":{"@id":"https:\/\/www.immobilienbusiness.ch\/#organization"},"image":{"@id":"https:\/\/www.immobilienbusiness.ch\/buero\/2016-07-14\/erster-spatenstich-fuer-zuercher-andreasturm\/#primaryimage"},"thumbnailUrl":"https:\/\/www.immobilienbusiness.ch\/wp-content\/uploads\/2016\/12\/Erster-Spatenstich-fuer-Zuercher-Andreasturm-immobilien-business.jpg","keywords":["B\u00fcro","Immobilien-Investitionen","Regionen","Retail","Z\u00fcrich"],"articleSection":["B\u00dcRO","REGIONEN","RETAIL"],"inLanguage":"de"},{"@type":"WebPage","@id":"https:\/\/www.immobilienbusiness.ch\/buero\/2016-07-14\/erster-spatenstich-fuer-zuercher-andreasturm\/","url":"https:\/\/www.immobilienbusiness.ch\/buero\/2016-07-14\/erster-spatenstich-fuer-zuercher-andreasturm\/","name":"Erster Spatenstich f\u00fcr Z\u00fcrcher Andreasturm - IMMOBILIEN Business","isPartOf":{"@id":"https:\/\/www.immobilienbusiness.ch\/#website"},"primaryImageOfPage":{"@id":"https:\/\/www.immobilienbusiness.ch\/buero\/2016-07-14\/erster-spatenstich-fuer-zuercher-andreasturm\/#primaryimage"},"image":{"@id":"https:\/\/www.immobilienbusiness.ch\/buero\/2016-07-14\/erster-spatenstich-fuer-zuercher-andreasturm\/#primaryimage"},"thumbnailUrl":"https:\/\/www.immobilienbusiness.ch\/wp-content\/uploads\/2016\/12\/Erster-Spatenstich-fuer-Zuercher-Andreasturm-immobilien-business.jpg","datePublished":"2016-07-14T08:00:18+00:00","description":"Implenia AG hat gemeinsam mit der Bauherrin SBB Immobilien den ersten Spatenstich f\u00fcr den Andreasturm in Z\u00fcrich Oerlikon gesetzt.","breadcrumb":{"@id":"https:\/\/www.immobilienbusiness.ch\/buero\/2016-07-14\/erster-spatenstich-fuer-zuercher-andreasturm\/#breadcrumb"},"inLanguage":"de","potentialAction":[{"@type":"ReadAction","target":["https:\/\/www.immobilienbusiness.ch\/buero\/2016-07-14\/erster-spatenstich-fuer-zuercher-andreasturm\/"]}]},{"@type":"ImageObject","inLanguage":"de","@id":"https:\/\/www.immobilienbusiness.ch\/buero\/2016-07-14\/erster-spatenstich-fuer-zuercher-andreasturm\/#primaryimage","url":"https:\/\/www.immobilienbusiness.ch\/wp-content\/uploads\/2016\/12\/Erster-Spatenstich-fuer-Zuercher-Andreasturm-immobilien-business.jpg","contentUrl":"https:\/\/www.immobilienbusiness.ch\/wp-content\/uploads\/2016\/12\/Erster-Spatenstich-fuer-Zuercher-Andreasturm-immobilien-business.jpg","width":2560,"height":2560,"caption":"Am Mittwoch, 13. Juli 2016, erfolgte der erste Spatenstich f\u00fcr das neue B\u00fcrohochhaus Andreasturm am Bahnhof Z\u00fcrich Oerlikon. (Foto: Implenia)"},{"@type":"BreadcrumbList","@id":"https:\/\/www.immobilienbusiness.ch\/buero\/2016-07-14\/erster-spatenstich-fuer-zuercher-andreasturm\/#breadcrumb","itemListElement":[{"@type":"ListItem","position":1,"name":"Home","item":"https:\/\/www.immobilienbusiness.ch\/"},{"@type":"ListItem","position":2,"name":"Erster Spatenstich f\u00fcr Z\u00fcrcher Andreasturm"}]},{"@type":"WebSite","@id":"https:\/\/www.immobilienbusiness.ch\/#website","url":"https:\/\/www.immobilienbusiness.ch\/","name":"IMMOBILIEN Business","description":"Unabh\u00e4ngiges Schweizer Wirtschaftsmagazin mit Fokus auf Immobilien, Architektur- und Bau sowie Investment- und Finanzierung.","publisher":{"@id":"https:\/\/www.immobilienbusiness.ch\/#organization"},"potentialAction":[{"@type":"SearchAction","target":{"@type":"EntryPoint","urlTemplate":"https:\/\/www.immobilienbusiness.ch\/?s={search_term_string}"},"query-input":{"@type":"PropertyValueSpecification","valueRequired":true,"valueName":"search_term_string"}}],"inLanguage":"de"},{"@type":"Organization","@id":"https:\/\/www.immobilienbusiness.ch\/#organization","name":"IMMOBILIEN Business","url":"https:\/\/www.immobilienbusiness.ch\/","logo":{"@type":"ImageObject","inLanguage":"de","@id":"https:\/\/www.immobilienbusiness.ch\/#\/schema\/logo\/image\/","url":"https:\/\/www.immobilienbusiness.ch\/wp-content\/uploads\/2021\/07\/logo_ib.png","contentUrl":"https:\/\/www.immobilienbusiness.ch\/wp-content\/uploads\/2021\/07\/logo_ib.png","width":800,"height":181,"caption":"IMMOBILIEN Business"},"image":{"@id":"https:\/\/www.immobilienbusiness.ch\/#\/schema\/logo\/image\/"},"sameAs":["https:\/\/www.facebook.com\/immobilienbusiness\/"]},{"@type":"Person","@id":"https:\/\/www.immobilienbusiness.ch\/#\/schema\/person\/aa2bace6c5c5aad60102004a50c4eb1c","name":"Redaktion","image":{"@type":"ImageObject","inLanguage":"de","@id":"https:\/\/secure.gravatar.com\/avatar\/ae2f4d718e6c49043e314ce431e7e645d646302a24a5ef5a8bc8e3f5a032e319?s=96&d=mm&r=g","url":"https:\/\/secure.gravatar.com\/avatar\/ae2f4d718e6c49043e314ce431e7e645d646302a24a5ef5a8bc8e3f5a032e319?s=96&d=mm&r=g","contentUrl":"https:\/\/secure.gravatar.com\/avatar\/ae2f4d718e6c49043e314ce431e7e645d646302a24a5ef5a8bc8e3f5a032e319?s=96&d=mm&r=g","caption":"Redaktion"},"sameAs":["http:\/\/develop.organisator.galledia.ch"],"url":"https:\/\/www.immobilienbusiness.ch\/de\/author\/admin\/"}]}},"_links":{"self":[{"href":"https:\/\/www.immobilienbusiness.ch\/de\/wp-json\/wp\/v2\/posts\/3201","targetHints":{"allow":["GET"]}}],"collection":[{"href":"https:\/\/www.immobilienbusiness.ch\/de\/wp-json\/wp\/v2\/posts"}],"about":[{"href":"https:\/\/www.immobilienbusiness.ch\/de\/wp-json\/wp\/v2\/types\/post"}],"author":[{"embeddable":true,"href":"https:\/\/www.immobilienbusiness.ch\/de\/wp-json\/wp\/v2\/users\/1"}],"replies":[{"embeddable":true,"href":"https:\/\/www.immobilienbusiness.ch\/de\/wp-json\/wp\/v2\/comments?post=3201"}],"version-history":[{"count":0,"href":"https:\/\/www.immobilienbusiness.ch\/de\/wp-json\/wp\/v2\/posts\/3201\/revisions"}],"wp:featuredmedia":[{"embeddable":true,"href":"https:\/\/www.immobilienbusiness.ch\/de\/wp-json\/wp\/v2\/media\/3202"}],"wp:attachment":[{"href":"https:\/\/www.immobilienbusiness.ch\/de\/wp-json\/wp\/v2\/media?parent=3201"}],"wp:term":[{"taxonomy":"category","embeddable":true,"href":"https:\/\/www.immobilienbusiness.ch\/de\/wp-json\/wp\/v2\/categories?post=3201"},{"taxonomy":"post_tag","embeddable":true,"href":"https:\/\/www.immobilienbusiness.ch\/de\/wp-json\/wp\/v2\/tags?post=3201"}],"curies":[{"name":"wp","href":"https:\/\/api.w.org\/{rel}","templated":true}]}}