{"id":3187,"date":"2016-07-13T10:00:29","date_gmt":"2016-07-13T08:00:29","guid":{"rendered":"http:\/\/dev.immobilienbusiness.ch\/?p=3187"},"modified":"2016-07-13T10:00:29","modified_gmt":"2016-07-13T08:00:29","slug":"wettbewerb-fuer-zuercher-hardturm-areal-entschieden","status":"publish","type":"post","link":"https:\/\/www.immobilienbusiness.ch\/de\/buero\/2016-07-13\/wettbewerb-fuer-zuercher-hardturm-areal-entschieden\/","title":{"rendered":"Wettbewerb f\u00fcr Z\u00fcrcher Hardturm-Areal entschieden"},"content":{"rendered":"<div id='gallery-1' class='gallery galleryid-3187 gallery-columns-3 gallery-size-thumbnail'><figure class='gallery-item'>\n\t\t\t<div class='gallery-icon landscape'>\n\t\t\t\t<a href='https:\/\/www.immobilienbusiness.ch\/de\/regionen\/2022-07-11\/bundesgericht-weist-beschwerden-gegen-hardturm-ueberbauung-ab\/attachment\/wettbewerb-fuer-zuercher-hardturm-areal-entschieden-1-immobilien-business\/'><img loading=\"lazy\" decoding=\"async\" width=\"150\" height=\"150\" src=\"https:\/\/www.immobilienbusiness.ch\/wp-content\/uploads\/2016\/12\/Wettbewerb-fuer-Zuercher-Hardturm-Areal-entschieden-1-immobilien-business-150x150.jpg\" class=\"attachment-thumbnail size-thumbnail\" alt=\"\" srcset=\"https:\/\/www.immobilienbusiness.ch\/wp-content\/uploads\/2016\/12\/Wettbewerb-fuer-Zuercher-Hardturm-Areal-entschieden-1-immobilien-business-150x150.jpg 150w, https:\/\/www.immobilienbusiness.ch\/wp-content\/uploads\/2016\/12\/Wettbewerb-fuer-Zuercher-Hardturm-Areal-entschieden-1-immobilien-business-250x250.jpg 250w, https:\/\/www.immobilienbusiness.ch\/wp-content\/uploads\/2016\/12\/Wettbewerb-fuer-Zuercher-Hardturm-Areal-entschieden-1-immobilien-business-100x100.jpg 100w\" sizes=\"auto, (max-width: 150px) 100vw, 150px\" \/><\/a>\n\t\t\t<\/div><\/figure><figure class='gallery-item'>\n\t\t\t<div class='gallery-icon landscape'>\n\t\t\t\t<a href='https:\/\/www.immobilienbusiness.ch\/de\/wettbewerb-fuer-zuercher-hardturm-areal-entschieden-2-immobilien-business\/'><img loading=\"lazy\" decoding=\"async\" width=\"150\" height=\"150\" src=\"https:\/\/www.immobilienbusiness.ch\/wp-content\/uploads\/2016\/12\/Wettbewerb-fuer-Zuercher-Hardturm-Areal-entschieden-2-immobilien-business-150x150.jpg\" class=\"attachment-thumbnail size-thumbnail\" alt=\"\" srcset=\"https:\/\/www.immobilienbusiness.ch\/wp-content\/uploads\/2016\/12\/Wettbewerb-fuer-Zuercher-Hardturm-Areal-entschieden-2-immobilien-business-150x150.jpg 150w, https:\/\/www.immobilienbusiness.ch\/wp-content\/uploads\/2016\/12\/Wettbewerb-fuer-Zuercher-Hardturm-Areal-entschieden-2-immobilien-business-250x250.jpg 250w, https:\/\/www.immobilienbusiness.ch\/wp-content\/uploads\/2016\/12\/Wettbewerb-fuer-Zuercher-Hardturm-Areal-entschieden-2-immobilien-business-100x100.jpg 100w\" sizes=\"auto, (max-width: 150px) 100vw, 150px\" \/><\/a>\n\t\t\t<\/div><\/figure><figure class='gallery-item'>\n\t\t\t<div class='gallery-icon landscape'>\n\t\t\t\t<a href='https:\/\/www.immobilienbusiness.ch\/de\/regionen\/2022-07-11\/bundesgericht-weist-beschwerden-gegen-hardturm-ueberbauung-ab\/attachment\/wettbewerb-fuer-zuercher-hardturm-areal-entschieden-3-immobilien-business\/'><img loading=\"lazy\" decoding=\"async\" width=\"150\" height=\"150\" src=\"https:\/\/www.immobilienbusiness.ch\/wp-content\/uploads\/2016\/12\/Wettbewerb-fuer-Zuercher-Hardturm-Areal-entschieden-3-immobilien-business-150x150.jpg\" class=\"attachment-thumbnail size-thumbnail\" alt=\"\" srcset=\"https:\/\/www.immobilienbusiness.ch\/wp-content\/uploads\/2016\/12\/Wettbewerb-fuer-Zuercher-Hardturm-Areal-entschieden-3-immobilien-business-150x150.jpg 150w, https:\/\/www.immobilienbusiness.ch\/wp-content\/uploads\/2016\/12\/Wettbewerb-fuer-Zuercher-Hardturm-Areal-entschieden-3-immobilien-business-250x250.jpg 250w, https:\/\/www.immobilienbusiness.ch\/wp-content\/uploads\/2016\/12\/Wettbewerb-fuer-Zuercher-Hardturm-Areal-entschieden-3-immobilien-business-100x100.jpg 100w\" sizes=\"auto, (max-width: 150px) 100vw, 150px\" \/><\/a>\n\t\t\t<\/div><\/figure><figure class='gallery-item'>\n\t\t\t<div class='gallery-icon landscape'>\n\t\t\t\t<a href='https:\/\/www.immobilienbusiness.ch\/de\/wettbewerb-fuer-zuercher-hardturm-areal-entschieden-4-immobilien-business\/'><img loading=\"lazy\" decoding=\"async\" width=\"150\" height=\"150\" src=\"https:\/\/www.immobilienbusiness.ch\/wp-content\/uploads\/2016\/12\/Wettbewerb-fuer-Zuercher-Hardturm-Areal-entschieden-4-immobilien-business-150x150.jpg\" class=\"attachment-thumbnail size-thumbnail\" alt=\"\" srcset=\"https:\/\/www.immobilienbusiness.ch\/wp-content\/uploads\/2016\/12\/Wettbewerb-fuer-Zuercher-Hardturm-Areal-entschieden-4-immobilien-business-150x150.jpg 150w, https:\/\/www.immobilienbusiness.ch\/wp-content\/uploads\/2016\/12\/Wettbewerb-fuer-Zuercher-Hardturm-Areal-entschieden-4-immobilien-business-250x250.jpg 250w, https:\/\/www.immobilienbusiness.ch\/wp-content\/uploads\/2016\/12\/Wettbewerb-fuer-Zuercher-Hardturm-Areal-entschieden-4-immobilien-business-100x100.jpg 100w\" sizes=\"auto, (max-width: 150px) 100vw, 150px\" \/><\/a>\n\t\t\t<\/div><\/figure><figure class='gallery-item'>\n\t\t\t<div class='gallery-icon landscape'>\n\t\t\t\t<a href='https:\/\/www.immobilienbusiness.ch\/de\/wettbewerb-fuer-zuercher-hardturm-areal-entschieden-5-immobilien-business\/'><img loading=\"lazy\" decoding=\"async\" width=\"150\" height=\"150\" src=\"https:\/\/www.immobilienbusiness.ch\/wp-content\/uploads\/2016\/12\/Wettbewerb-fuer-Zuercher-Hardturm-Areal-entschieden-5-immobilien-business-150x150.jpg\" class=\"attachment-thumbnail size-thumbnail\" alt=\"\" srcset=\"https:\/\/www.immobilienbusiness.ch\/wp-content\/uploads\/2016\/12\/Wettbewerb-fuer-Zuercher-Hardturm-Areal-entschieden-5-immobilien-business-150x150.jpg 150w, https:\/\/www.immobilienbusiness.ch\/wp-content\/uploads\/2016\/12\/Wettbewerb-fuer-Zuercher-Hardturm-Areal-entschieden-5-immobilien-business-250x250.jpg 250w, https:\/\/www.immobilienbusiness.ch\/wp-content\/uploads\/2016\/12\/Wettbewerb-fuer-Zuercher-Hardturm-Areal-entschieden-5-immobilien-business-100x100.jpg 100w\" sizes=\"auto, (max-width: 150px) 100vw, 150px\" \/><\/a>\n\t\t\t<\/div><\/figure><figure class='gallery-item'>\n\t\t\t<div class='gallery-icon landscape'>\n\t\t\t\t<a href='https:\/\/www.immobilienbusiness.ch\/de\/wettbewerb-fuer-zuercher-hardturm-areal-entschieden-6-immobilien-business\/'><img loading=\"lazy\" decoding=\"async\" width=\"150\" height=\"150\" src=\"https:\/\/www.immobilienbusiness.ch\/wp-content\/uploads\/2016\/12\/Wettbewerb-fuer-Zuercher-Hardturm-Areal-entschieden-6-immobilien-business-150x150.jpg\" class=\"attachment-thumbnail size-thumbnail\" alt=\"\" srcset=\"https:\/\/www.immobilienbusiness.ch\/wp-content\/uploads\/2016\/12\/Wettbewerb-fuer-Zuercher-Hardturm-Areal-entschieden-6-immobilien-business-150x150.jpg 150w, https:\/\/www.immobilienbusiness.ch\/wp-content\/uploads\/2016\/12\/Wettbewerb-fuer-Zuercher-Hardturm-Areal-entschieden-6-immobilien-business-250x250.jpg 250w, https:\/\/www.immobilienbusiness.ch\/wp-content\/uploads\/2016\/12\/Wettbewerb-fuer-Zuercher-Hardturm-Areal-entschieden-6-immobilien-business-100x100.jpg 100w\" sizes=\"auto, (max-width: 150px) 100vw, 150px\" \/><\/a>\n\t\t\t<\/div><\/figure>\n\t\t<\/div>\n\n<p>Ansichten des geplanten Stadionprojekts inklusive Randbebauungen (Visualisierungen <span style=\"font-family: MetaOT-Norm,sans-serif; font-size: small;\"><span lang=\"de-CH\">\u00a9 Nightnurse Images, Z\u00fcrich,\u00a0<\/span><\/span><span style=\"font-family: MetaOT-Norm,sans-serif; font-size: small;\"><span style=\"font-size: small;\">i<\/span><span style=\"font-size: small;\">m Auftrag\u00a0<\/span><span style=\"font-size: small;\">der HRS Real Estate AG, Boltshauser Architekten, pool Architekten und Caruso St John Architekten<\/span><\/span>)<\/p>\n<p>&nbsp;<\/p>\n<blockquote><p>Das geplante Stadion sei \u00absehr einfach, reduziert und dennoch raffiniert eigenst\u00e4ndig\u00bb, so die Wettbewerbsjury.<\/p><\/blockquote>\n<p>Die Pl\u00e4ne von HRS und CS sehen den Bau eines Fussballstadions f\u00fcr 18.500 Zuschauer vor sowie zwei 137 Meter hohe Wohn- und Gesch\u00e4ftst\u00fcrme mit rund 66.000 Quadratmeter Hauptnutzfl\u00e4che sowie gemeinn\u00fctzigen Wohnungsbau. Das Team habe einen detaillierten und gut durchdachten Businessplan vorgelegt, erkl\u00e4rte Stadtrat Daniel Leupi. Die Wettbewerbsjury \u00fcberzeugte ferner, dass das Stadion \u00absehr einfach, reduziert und dennoch raffiniert eigenst\u00e4ndig\u00bb sei. Seine Fassade soll aus Glasbausteinen bestehen, die mit LED-Elementen best\u00fcckt einen bespielbaren Screen ergeben.<\/p>\n<p><strong>550-Millionen-CHF-Grossprojekt in Planung<\/strong><\/p>\n<p>Das gesch\u00e4tzte Investitionsvolumen f\u00fcr das Grossprojekt beziffert sich den Angaben zufolge auf ca. 550 Millionen CHF. Die Stadt Z\u00fcrich, die weder an den Bau- noch an den Betriebskosten des Stadions beteiligt ist, stellt das rund 55.000 Quadratmeter grosse Areal im Rahmen eines langj\u00e4hrigen Baurechts zur Verf\u00fcgung; der Baurechtzins wird bisher mit 1,1 bis 1,4 Millionen CHF veranschlagt. Das geplante Fussballstadion wird im Besitz einer bereits gegr\u00fcndeten Stadioneigent\u00fcmergesellschaft Stadion Z\u00fcri AG sein, die es schl\u00fcsselfertig an eine von GC und FCZ zu gr\u00fcndenden Stadionbetriebsgesellschaft vermietet. Die beiden Z\u00fcrcher Fussballclubs hatten kein Stimmrecht, stehen aber hinter dem Siegerprojekt, wie es heisst.<\/p>\n<p><strong>Konkreter Baubeginn noch unklar<\/strong><\/p>\n<p>Die beiden Wohn- und Gesch\u00e4ftst\u00fcrme, die von HRS erstellt und dann von den CS-Anlagegef\u00e4ssen erworben werden, sollen im Westen des Areals zu stehen kommen; der vorgesehene gemeinn\u00fctzige Wohnungsbau (173 Einheiten, ein Kindergarten) soll in Zusammenarbeit mit der Allgemeinen Baugenossenschaft Z\u00fcrich (ABZ) im Osten des Areals entstehen.<\/p>\n<p>Das Siegerteam wird nun das Projekt bis zur Bewilligungsf\u00e4higkeit weiterentwickeln, einen privaten Gestaltungsplan erarbeiten und mit der Stadt die Baurechtsvertr\u00e4ge aushandeln. Danach werden in ca. 24 Monaten der Gestaltungsplan und Baurechtsvertr\u00e4ge dem Gemeinderat vorgelegt. Zudem kommt das Projekt voraussichtlich an die Urne. In den letzten 20 Jahren scheiterten schon mehrere Stadionprojekte; zuletzt lehnten die Stadtz\u00fcrcher Stimmberechtigten ein 216-Millionen-CHF-Stadion auf Kosten der Stadt knapp ab. (bw)<\/p>\n","protected":false},"excerpt":{"rendered":"<p>Die Stadt Z\u00fcrich nimmt einen neuen Anlauf, um doch noch ein Fussballstadion auf dem Hardturm-Areal zu realisieren. Der Wettbewerb f\u00fcr die Bebauung des stadteigenen Gel\u00e4ndes ist entschieden. Die HRS Investment AG und Immobilienanlagegef\u00e4sse der Credit Suisse konnten sich mit ihrem Projekt Ensemble gegen vier Mitbewerber durchsetzen.<\/p>\n","protected":false},"author":1,"featured_media":3193,"comment_status":"open","ping_status":"open","sticky":false,"template":"","format":"standard","meta":{"_acf_changed":false,"_yoast_wpseo_focuskw":"Hardturm-Areal","_yoast_wpseo_title":"","_yoast_wpseo_metadesc":"Die Stadt Z\u00fcrich nimmt einen neuen Anlauf, um doch noch ein Fussballstadion auf dem Hardturm-Areal zu realisieren.","_yoast_wpseo_linkdex":57,"pgc_sgb_lightbox_settings":"","footnotes":""},"categories":[983,985,986],"tags":[1118,1331,1334,1629,1639,1714,1862,1888],"class_list":["post-3187","post","type-post","status-publish","format-standard","has-post-thumbnail","hentry","category-buero","category-regionen","category-residential","tag-buero","tag-immobilien-finanzierung","tag-immobilien-investitionen","tag-regionen","tag-residential","tag-spezial-immobilien","tag-wohnen","tag-zuerich"],"acf":[],"yoast_head":"<!-- This site is optimized with the Yoast SEO plugin v27.4 - https:\/\/yoast.com\/product\/yoast-seo-wordpress\/ -->\n<title>Wettbewerb f\u00fcr Z\u00fcrcher Hardturm-Areal entschieden - IMMOBILIEN Business<\/title>\n<meta name=\"description\" content=\"Die Stadt Z\u00fcrich nimmt einen neuen Anlauf, um doch noch ein Fussballstadion auf dem Hardturm-Areal zu realisieren.\" \/>\n<meta name=\"robots\" content=\"index, follow, max-snippet:-1, max-image-preview:large, max-video-preview:-1\" \/>\n<link rel=\"canonical\" href=\"https:\/\/www.immobilienbusiness.ch\/de\/buero\/2016-07-13\/wettbewerb-fuer-zuercher-hardturm-areal-entschieden\/\" \/>\n<meta property=\"og:locale\" content=\"de_DE\" \/>\n<meta property=\"og:type\" content=\"article\" \/>\n<meta property=\"og:title\" content=\"Wettbewerb f\u00fcr Z\u00fcrcher Hardturm-Areal entschieden\" \/>\n<meta property=\"og:description\" content=\"Die Stadt Z\u00fcrich nimmt einen neuen Anlauf, um doch noch ein Fussballstadion auf dem Hardturm-Areal zu realisieren. Der Wettbewerb f\u00fcr die Bebauung des stadteigenen Gel\u00e4ndes ist entschieden. Die HRS Investment AG und Immobilienanlagegef\u00e4sse der Credit Suisse konnten sich mit ihrem Projekt Ensemble gegen vier Mitbewerber durchsetzen.\" \/>\n<meta property=\"og:url\" content=\"https:\/\/www.immobilienbusiness.ch\/de\/buero\/2016-07-13\/wettbewerb-fuer-zuercher-hardturm-areal-entschieden\/\" \/>\n<meta property=\"og:site_name\" content=\"IMMOBILIEN Business\" \/>\n<meta property=\"article:publisher\" content=\"https:\/\/www.facebook.com\/immobilienbusiness\/\" \/>\n<meta property=\"article:published_time\" content=\"2016-07-13T08:00:29+00:00\" \/>\n<meta name=\"author\" content=\"Redaktion\" \/>\n<meta name=\"twitter:card\" content=\"summary_large_image\" \/>\n<meta name=\"twitter:image\" content=\"https:\/\/www.immobilienbusiness.ch\/wp-content\/uploads\/2016\/12\/Wettbewerb-fuer-Zuercher-Hardturm-Areal-entschieden-1-immobilien-business.jpg\" \/>\n<script type=\"application\/ld+json\" class=\"yoast-schema-graph\">{\"@context\":\"https:\\\/\\\/schema.org\",\"@graph\":[{\"@type\":\"Article\",\"@id\":\"https:\\\/\\\/www.immobilienbusiness.ch\\\/en\\\/buero\\\/2016-07-13\\\/wettbewerb-fuer-zuercher-hardturm-areal-entschieden\\\/#article\",\"isPartOf\":{\"@id\":\"https:\\\/\\\/www.immobilienbusiness.ch\\\/en\\\/buero\\\/2016-07-13\\\/wettbewerb-fuer-zuercher-hardturm-areal-entschieden\\\/\"},\"author\":{\"name\":\"Redaktion\",\"@id\":\"https:\\\/\\\/www.immobilienbusiness.ch\\\/#\\\/schema\\\/person\\\/aa2bace6c5c5aad60102004a50c4eb1c\"},\"headline\":\"Wettbewerb f\u00fcr Z\u00fcrcher Hardturm-Areal entschieden\",\"datePublished\":\"2016-07-13T08:00:29+00:00\",\"mainEntityOfPage\":{\"@id\":\"https:\\\/\\\/www.immobilienbusiness.ch\\\/en\\\/buero\\\/2016-07-13\\\/wettbewerb-fuer-zuercher-hardturm-areal-entschieden\\\/\"},\"wordCount\":363,\"commentCount\":0,\"publisher\":{\"@id\":\"https:\\\/\\\/www.immobilienbusiness.ch\\\/#organization\"},\"image\":{\"@id\":\"https:\\\/\\\/www.immobilienbusiness.ch\\\/en\\\/buero\\\/2016-07-13\\\/wettbewerb-fuer-zuercher-hardturm-areal-entschieden\\\/#primaryimage\"},\"thumbnailUrl\":\"https:\\\/\\\/www.immobilienbusiness.ch\\\/wp-content\\\/uploads\\\/2016\\\/12\\\/Wettbewerb-fuer-Zuercher-Hardturm-Areal-entschieden-1-immobilien-business.jpg\",\"keywords\":[\"B\u00fcro\",\"Immobilien-Finanzierung\",\"Immobilien-Investitionen\",\"Regionen\",\"Residential\",\"Spezial Immobilien\",\"Wohnen\",\"Z\u00fcrich\"],\"articleSection\":[\"B\u00dcRO\",\"REGIONEN\",\"RESIDENTIAL\"],\"inLanguage\":\"de\"},{\"@type\":\"WebPage\",\"@id\":\"https:\\\/\\\/www.immobilienbusiness.ch\\\/en\\\/buero\\\/2016-07-13\\\/wettbewerb-fuer-zuercher-hardturm-areal-entschieden\\\/\",\"url\":\"https:\\\/\\\/www.immobilienbusiness.ch\\\/en\\\/buero\\\/2016-07-13\\\/wettbewerb-fuer-zuercher-hardturm-areal-entschieden\\\/\",\"name\":\"Wettbewerb f\u00fcr Z\u00fcrcher Hardturm-Areal entschieden - IMMOBILIEN Business\",\"isPartOf\":{\"@id\":\"https:\\\/\\\/www.immobilienbusiness.ch\\\/#website\"},\"primaryImageOfPage\":{\"@id\":\"https:\\\/\\\/www.immobilienbusiness.ch\\\/en\\\/buero\\\/2016-07-13\\\/wettbewerb-fuer-zuercher-hardturm-areal-entschieden\\\/#primaryimage\"},\"image\":{\"@id\":\"https:\\\/\\\/www.immobilienbusiness.ch\\\/en\\\/buero\\\/2016-07-13\\\/wettbewerb-fuer-zuercher-hardturm-areal-entschieden\\\/#primaryimage\"},\"thumbnailUrl\":\"https:\\\/\\\/www.immobilienbusiness.ch\\\/wp-content\\\/uploads\\\/2016\\\/12\\\/Wettbewerb-fuer-Zuercher-Hardturm-Areal-entschieden-1-immobilien-business.jpg\",\"datePublished\":\"2016-07-13T08:00:29+00:00\",\"description\":\"Die Stadt Z\u00fcrich nimmt einen neuen Anlauf, um doch noch ein Fussballstadion auf dem Hardturm-Areal zu realisieren.\",\"breadcrumb\":{\"@id\":\"https:\\\/\\\/www.immobilienbusiness.ch\\\/en\\\/buero\\\/2016-07-13\\\/wettbewerb-fuer-zuercher-hardturm-areal-entschieden\\\/#breadcrumb\"},\"inLanguage\":\"de\",\"potentialAction\":[{\"@type\":\"ReadAction\",\"target\":[\"https:\\\/\\\/www.immobilienbusiness.ch\\\/en\\\/buero\\\/2016-07-13\\\/wettbewerb-fuer-zuercher-hardturm-areal-entschieden\\\/\"]}]},{\"@type\":\"ImageObject\",\"inLanguage\":\"de\",\"@id\":\"https:\\\/\\\/www.immobilienbusiness.ch\\\/en\\\/buero\\\/2016-07-13\\\/wettbewerb-fuer-zuercher-hardturm-areal-entschieden\\\/#primaryimage\",\"url\":\"https:\\\/\\\/www.immobilienbusiness.ch\\\/wp-content\\\/uploads\\\/2016\\\/12\\\/Wettbewerb-fuer-Zuercher-Hardturm-Areal-entschieden-1-immobilien-business.jpg\",\"contentUrl\":\"https:\\\/\\\/www.immobilienbusiness.ch\\\/wp-content\\\/uploads\\\/2016\\\/12\\\/Wettbewerb-fuer-Zuercher-Hardturm-Areal-entschieden-1-immobilien-business.jpg\",\"width\":2400,\"height\":1600},{\"@type\":\"BreadcrumbList\",\"@id\":\"https:\\\/\\\/www.immobilienbusiness.ch\\\/en\\\/buero\\\/2016-07-13\\\/wettbewerb-fuer-zuercher-hardturm-areal-entschieden\\\/#breadcrumb\",\"itemListElement\":[{\"@type\":\"ListItem\",\"position\":1,\"name\":\"Home\",\"item\":\"https:\\\/\\\/www.immobilienbusiness.ch\\\/\"},{\"@type\":\"ListItem\",\"position\":2,\"name\":\"Wettbewerb f\u00fcr Z\u00fcrcher Hardturm-Areal entschieden\"}]},{\"@type\":\"WebSite\",\"@id\":\"https:\\\/\\\/www.immobilienbusiness.ch\\\/#website\",\"url\":\"https:\\\/\\\/www.immobilienbusiness.ch\\\/\",\"name\":\"IMMOBILIEN Business\",\"description\":\"Unabh\u00e4ngiges Schweizer Wirtschaftsmagazin mit Fokus auf Immobilien, Architektur- und Bau sowie Investment- und Finanzierung.\",\"publisher\":{\"@id\":\"https:\\\/\\\/www.immobilienbusiness.ch\\\/#organization\"},\"potentialAction\":[{\"@type\":\"SearchAction\",\"target\":{\"@type\":\"EntryPoint\",\"urlTemplate\":\"https:\\\/\\\/www.immobilienbusiness.ch\\\/?s={search_term_string}\"},\"query-input\":{\"@type\":\"PropertyValueSpecification\",\"valueRequired\":true,\"valueName\":\"search_term_string\"}}],\"inLanguage\":\"de\"},{\"@type\":\"Organization\",\"@id\":\"https:\\\/\\\/www.immobilienbusiness.ch\\\/#organization\",\"name\":\"IMMOBILIEN Business\",\"url\":\"https:\\\/\\\/www.immobilienbusiness.ch\\\/\",\"logo\":{\"@type\":\"ImageObject\",\"inLanguage\":\"de\",\"@id\":\"https:\\\/\\\/www.immobilienbusiness.ch\\\/#\\\/schema\\\/logo\\\/image\\\/\",\"url\":\"https:\\\/\\\/www.immobilienbusiness.ch\\\/wp-content\\\/uploads\\\/2021\\\/07\\\/logo_ib.png\",\"contentUrl\":\"https:\\\/\\\/www.immobilienbusiness.ch\\\/wp-content\\\/uploads\\\/2021\\\/07\\\/logo_ib.png\",\"width\":800,\"height\":181,\"caption\":\"IMMOBILIEN Business\"},\"image\":{\"@id\":\"https:\\\/\\\/www.immobilienbusiness.ch\\\/#\\\/schema\\\/logo\\\/image\\\/\"},\"sameAs\":[\"https:\\\/\\\/www.facebook.com\\\/immobilienbusiness\\\/\"]},{\"@type\":\"Person\",\"@id\":\"https:\\\/\\\/www.immobilienbusiness.ch\\\/#\\\/schema\\\/person\\\/aa2bace6c5c5aad60102004a50c4eb1c\",\"name\":\"Redaktion\",\"image\":{\"@type\":\"ImageObject\",\"inLanguage\":\"de\",\"@id\":\"https:\\\/\\\/secure.gravatar.com\\\/avatar\\\/ae2f4d718e6c49043e314ce431e7e645d646302a24a5ef5a8bc8e3f5a032e319?s=96&d=mm&r=g\",\"url\":\"https:\\\/\\\/secure.gravatar.com\\\/avatar\\\/ae2f4d718e6c49043e314ce431e7e645d646302a24a5ef5a8bc8e3f5a032e319?s=96&d=mm&r=g\",\"contentUrl\":\"https:\\\/\\\/secure.gravatar.com\\\/avatar\\\/ae2f4d718e6c49043e314ce431e7e645d646302a24a5ef5a8bc8e3f5a032e319?s=96&d=mm&r=g\",\"caption\":\"Redaktion\"},\"sameAs\":[\"http:\\\/\\\/develop.organisator.galledia.ch\"],\"url\":\"https:\\\/\\\/www.immobilienbusiness.ch\\\/de\\\/author\\\/admin\\\/\"}]}<\/script>\n<!-- \/ Yoast SEO plugin. -->","yoast_head_json":{"title":"Wettbewerb f\u00fcr Z\u00fcrcher Hardturm-Areal entschieden - IMMOBILIEN Business","description":"Die Stadt Z\u00fcrich nimmt einen neuen Anlauf, um doch noch ein Fussballstadion auf dem Hardturm-Areal zu realisieren.","robots":{"index":"index","follow":"follow","max-snippet":"max-snippet:-1","max-image-preview":"max-image-preview:large","max-video-preview":"max-video-preview:-1"},"canonical":"https:\/\/www.immobilienbusiness.ch\/de\/buero\/2016-07-13\/wettbewerb-fuer-zuercher-hardturm-areal-entschieden\/","og_locale":"de_DE","og_type":"article","og_title":"Wettbewerb f\u00fcr Z\u00fcrcher Hardturm-Areal entschieden","og_description":"Die Stadt Z\u00fcrich nimmt einen neuen Anlauf, um doch noch ein Fussballstadion auf dem Hardturm-Areal zu realisieren. Der Wettbewerb f\u00fcr die Bebauung des stadteigenen Gel\u00e4ndes ist entschieden. Die HRS Investment AG und Immobilienanlagegef\u00e4sse der Credit Suisse konnten sich mit ihrem Projekt Ensemble gegen vier Mitbewerber durchsetzen.","og_url":"https:\/\/www.immobilienbusiness.ch\/de\/buero\/2016-07-13\/wettbewerb-fuer-zuercher-hardturm-areal-entschieden\/","og_site_name":"IMMOBILIEN Business","article_publisher":"https:\/\/www.facebook.com\/immobilienbusiness\/","article_published_time":"2016-07-13T08:00:29+00:00","author":"Redaktion","twitter_card":"summary_large_image","twitter_image":"https:\/\/www.immobilienbusiness.ch\/wp-content\/uploads\/2016\/12\/Wettbewerb-fuer-Zuercher-Hardturm-Areal-entschieden-1-immobilien-business.jpg","schema":{"@context":"https:\/\/schema.org","@graph":[{"@type":"Article","@id":"https:\/\/www.immobilienbusiness.ch\/en\/buero\/2016-07-13\/wettbewerb-fuer-zuercher-hardturm-areal-entschieden\/#article","isPartOf":{"@id":"https:\/\/www.immobilienbusiness.ch\/en\/buero\/2016-07-13\/wettbewerb-fuer-zuercher-hardturm-areal-entschieden\/"},"author":{"name":"Redaktion","@id":"https:\/\/www.immobilienbusiness.ch\/#\/schema\/person\/aa2bace6c5c5aad60102004a50c4eb1c"},"headline":"Wettbewerb f\u00fcr Z\u00fcrcher Hardturm-Areal entschieden","datePublished":"2016-07-13T08:00:29+00:00","mainEntityOfPage":{"@id":"https:\/\/www.immobilienbusiness.ch\/en\/buero\/2016-07-13\/wettbewerb-fuer-zuercher-hardturm-areal-entschieden\/"},"wordCount":363,"commentCount":0,"publisher":{"@id":"https:\/\/www.immobilienbusiness.ch\/#organization"},"image":{"@id":"https:\/\/www.immobilienbusiness.ch\/en\/buero\/2016-07-13\/wettbewerb-fuer-zuercher-hardturm-areal-entschieden\/#primaryimage"},"thumbnailUrl":"https:\/\/www.immobilienbusiness.ch\/wp-content\/uploads\/2016\/12\/Wettbewerb-fuer-Zuercher-Hardturm-Areal-entschieden-1-immobilien-business.jpg","keywords":["B\u00fcro","Immobilien-Finanzierung","Immobilien-Investitionen","Regionen","Residential","Spezial Immobilien","Wohnen","Z\u00fcrich"],"articleSection":["B\u00dcRO","REGIONEN","RESIDENTIAL"],"inLanguage":"de"},{"@type":"WebPage","@id":"https:\/\/www.immobilienbusiness.ch\/en\/buero\/2016-07-13\/wettbewerb-fuer-zuercher-hardturm-areal-entschieden\/","url":"https:\/\/www.immobilienbusiness.ch\/en\/buero\/2016-07-13\/wettbewerb-fuer-zuercher-hardturm-areal-entschieden\/","name":"Wettbewerb f\u00fcr Z\u00fcrcher Hardturm-Areal entschieden - IMMOBILIEN Business","isPartOf":{"@id":"https:\/\/www.immobilienbusiness.ch\/#website"},"primaryImageOfPage":{"@id":"https:\/\/www.immobilienbusiness.ch\/en\/buero\/2016-07-13\/wettbewerb-fuer-zuercher-hardturm-areal-entschieden\/#primaryimage"},"image":{"@id":"https:\/\/www.immobilienbusiness.ch\/en\/buero\/2016-07-13\/wettbewerb-fuer-zuercher-hardturm-areal-entschieden\/#primaryimage"},"thumbnailUrl":"https:\/\/www.immobilienbusiness.ch\/wp-content\/uploads\/2016\/12\/Wettbewerb-fuer-Zuercher-Hardturm-Areal-entschieden-1-immobilien-business.jpg","datePublished":"2016-07-13T08:00:29+00:00","description":"Die Stadt Z\u00fcrich nimmt einen neuen Anlauf, um doch noch ein Fussballstadion auf dem Hardturm-Areal zu realisieren.","breadcrumb":{"@id":"https:\/\/www.immobilienbusiness.ch\/en\/buero\/2016-07-13\/wettbewerb-fuer-zuercher-hardturm-areal-entschieden\/#breadcrumb"},"inLanguage":"de","potentialAction":[{"@type":"ReadAction","target":["https:\/\/www.immobilienbusiness.ch\/en\/buero\/2016-07-13\/wettbewerb-fuer-zuercher-hardturm-areal-entschieden\/"]}]},{"@type":"ImageObject","inLanguage":"de","@id":"https:\/\/www.immobilienbusiness.ch\/en\/buero\/2016-07-13\/wettbewerb-fuer-zuercher-hardturm-areal-entschieden\/#primaryimage","url":"https:\/\/www.immobilienbusiness.ch\/wp-content\/uploads\/2016\/12\/Wettbewerb-fuer-Zuercher-Hardturm-Areal-entschieden-1-immobilien-business.jpg","contentUrl":"https:\/\/www.immobilienbusiness.ch\/wp-content\/uploads\/2016\/12\/Wettbewerb-fuer-Zuercher-Hardturm-Areal-entschieden-1-immobilien-business.jpg","width":2400,"height":1600},{"@type":"BreadcrumbList","@id":"https:\/\/www.immobilienbusiness.ch\/en\/buero\/2016-07-13\/wettbewerb-fuer-zuercher-hardturm-areal-entschieden\/#breadcrumb","itemListElement":[{"@type":"ListItem","position":1,"name":"Home","item":"https:\/\/www.immobilienbusiness.ch\/"},{"@type":"ListItem","position":2,"name":"Wettbewerb f\u00fcr Z\u00fcrcher Hardturm-Areal entschieden"}]},{"@type":"WebSite","@id":"https:\/\/www.immobilienbusiness.ch\/#website","url":"https:\/\/www.immobilienbusiness.ch\/","name":"IMMOBILIEN Business","description":"Unabh\u00e4ngiges Schweizer Wirtschaftsmagazin mit Fokus auf Immobilien, Architektur- und Bau sowie Investment- und Finanzierung.","publisher":{"@id":"https:\/\/www.immobilienbusiness.ch\/#organization"},"potentialAction":[{"@type":"SearchAction","target":{"@type":"EntryPoint","urlTemplate":"https:\/\/www.immobilienbusiness.ch\/?s={search_term_string}"},"query-input":{"@type":"PropertyValueSpecification","valueRequired":true,"valueName":"search_term_string"}}],"inLanguage":"de"},{"@type":"Organization","@id":"https:\/\/www.immobilienbusiness.ch\/#organization","name":"IMMOBILIEN Business","url":"https:\/\/www.immobilienbusiness.ch\/","logo":{"@type":"ImageObject","inLanguage":"de","@id":"https:\/\/www.immobilienbusiness.ch\/#\/schema\/logo\/image\/","url":"https:\/\/www.immobilienbusiness.ch\/wp-content\/uploads\/2021\/07\/logo_ib.png","contentUrl":"https:\/\/www.immobilienbusiness.ch\/wp-content\/uploads\/2021\/07\/logo_ib.png","width":800,"height":181,"caption":"IMMOBILIEN Business"},"image":{"@id":"https:\/\/www.immobilienbusiness.ch\/#\/schema\/logo\/image\/"},"sameAs":["https:\/\/www.facebook.com\/immobilienbusiness\/"]},{"@type":"Person","@id":"https:\/\/www.immobilienbusiness.ch\/#\/schema\/person\/aa2bace6c5c5aad60102004a50c4eb1c","name":"Redaktion","image":{"@type":"ImageObject","inLanguage":"de","@id":"https:\/\/secure.gravatar.com\/avatar\/ae2f4d718e6c49043e314ce431e7e645d646302a24a5ef5a8bc8e3f5a032e319?s=96&d=mm&r=g","url":"https:\/\/secure.gravatar.com\/avatar\/ae2f4d718e6c49043e314ce431e7e645d646302a24a5ef5a8bc8e3f5a032e319?s=96&d=mm&r=g","contentUrl":"https:\/\/secure.gravatar.com\/avatar\/ae2f4d718e6c49043e314ce431e7e645d646302a24a5ef5a8bc8e3f5a032e319?s=96&d=mm&r=g","caption":"Redaktion"},"sameAs":["http:\/\/develop.organisator.galledia.ch"],"url":"https:\/\/www.immobilienbusiness.ch\/de\/author\/admin\/"}]}},"_links":{"self":[{"href":"https:\/\/www.immobilienbusiness.ch\/de\/wp-json\/wp\/v2\/posts\/3187","targetHints":{"allow":["GET"]}}],"collection":[{"href":"https:\/\/www.immobilienbusiness.ch\/de\/wp-json\/wp\/v2\/posts"}],"about":[{"href":"https:\/\/www.immobilienbusiness.ch\/de\/wp-json\/wp\/v2\/types\/post"}],"author":[{"embeddable":true,"href":"https:\/\/www.immobilienbusiness.ch\/de\/wp-json\/wp\/v2\/users\/1"}],"replies":[{"embeddable":true,"href":"https:\/\/www.immobilienbusiness.ch\/de\/wp-json\/wp\/v2\/comments?post=3187"}],"version-history":[{"count":0,"href":"https:\/\/www.immobilienbusiness.ch\/de\/wp-json\/wp\/v2\/posts\/3187\/revisions"}],"wp:featuredmedia":[{"embeddable":true,"href":"https:\/\/www.immobilienbusiness.ch\/de\/wp-json\/wp\/v2\/media\/3193"}],"wp:attachment":[{"href":"https:\/\/www.immobilienbusiness.ch\/de\/wp-json\/wp\/v2\/media?parent=3187"}],"wp:term":[{"taxonomy":"category","embeddable":true,"href":"https:\/\/www.immobilienbusiness.ch\/de\/wp-json\/wp\/v2\/categories?post=3187"},{"taxonomy":"post_tag","embeddable":true,"href":"https:\/\/www.immobilienbusiness.ch\/de\/wp-json\/wp\/v2\/tags?post=3187"}],"curies":[{"name":"wp","href":"https:\/\/api.w.org\/{rel}","templated":true}]}}