{"id":3119,"date":"2016-07-07T09:42:00","date_gmt":"2016-07-07T07:42:00","guid":{"rendered":"http:\/\/dev.immobilienbusiness.ch\/?p=3119"},"modified":"2016-07-07T09:42:00","modified_gmt":"2016-07-07T07:42:00","slug":"basel-cs-fonds-investieren-im-erlenmatt-quartier","status":"publish","type":"post","link":"https:\/\/www.immobilienbusiness.ch\/de\/residential\/2016-07-07\/basel-cs-fonds-investieren-im-erlenmatt-quartier\/","title":{"rendered":"Basel: CS-Fonds investieren im Erlenmatt-Quartier"},"content":{"rendered":"<figure id=\"attachment_3120\" aria-describedby=\"caption-attachment-3120\" style=\"width: 680px\" class=\"wp-caption alignnone\"><img loading=\"lazy\" decoding=\"async\" class=\"size-medium wp-image-3120\" src=\"https:\/\/immobilienbusiness.ch\/wp-content\/uploads\/2016\/12\/Basel-CS-Fonds-investieren-im-Erlenmatt-Quartier-immobilien-business.jpg\" alt=\"Drei CS-Fonds investieren im Basler Erlenmatt-Quartier (Visualisierung: Credit Suisse AG)\" width=\"680\" height=\"453\" srcset=\"https:\/\/www.immobilienbusiness.ch\/wp-content\/uploads\/2016\/12\/Basel-CS-Fonds-investieren-im-Erlenmatt-Quartier-immobilien-business.jpg 2560w, https:\/\/www.immobilienbusiness.ch\/wp-content\/uploads\/2016\/12\/Basel-CS-Fonds-investieren-im-Erlenmatt-Quartier-immobilien-business-300x200.jpg 300w, https:\/\/www.immobilienbusiness.ch\/wp-content\/uploads\/2016\/12\/Basel-CS-Fonds-investieren-im-Erlenmatt-Quartier-immobilien-business-1024x683.jpg 1024w, https:\/\/www.immobilienbusiness.ch\/wp-content\/uploads\/2016\/12\/Basel-CS-Fonds-investieren-im-Erlenmatt-Quartier-immobilien-business-768x512.jpg 768w, https:\/\/www.immobilienbusiness.ch\/wp-content\/uploads\/2016\/12\/Basel-CS-Fonds-investieren-im-Erlenmatt-Quartier-immobilien-business-1536x1024.jpg 1536w, https:\/\/www.immobilienbusiness.ch\/wp-content\/uploads\/2016\/12\/Basel-CS-Fonds-investieren-im-Erlenmatt-Quartier-immobilien-business-2048x1365.jpg 2048w, https:\/\/www.immobilienbusiness.ch\/wp-content\/uploads\/2016\/12\/Basel-CS-Fonds-investieren-im-Erlenmatt-Quartier-immobilien-business-16x12.jpg 16w, https:\/\/www.immobilienbusiness.ch\/wp-content\/uploads\/2016\/12\/Basel-CS-Fonds-investieren-im-Erlenmatt-Quartier-immobilien-business-263x175.jpg 263w, https:\/\/www.immobilienbusiness.ch\/wp-content\/uploads\/2016\/12\/Basel-CS-Fonds-investieren-im-Erlenmatt-Quartier-immobilien-business-525x350.jpg 525w, https:\/\/www.immobilienbusiness.ch\/wp-content\/uploads\/2016\/12\/Basel-CS-Fonds-investieren-im-Erlenmatt-Quartier-immobilien-business-1200x800.jpg 1200w, https:\/\/www.immobilienbusiness.ch\/wp-content\/uploads\/2016\/12\/Basel-CS-Fonds-investieren-im-Erlenmatt-Quartier-immobilien-business-920x613.jpg 920w, https:\/\/www.immobilienbusiness.ch\/wp-content\/uploads\/2016\/12\/Basel-CS-Fonds-investieren-im-Erlenmatt-Quartier-immobilien-business-1400x933.jpg 1400w\" sizes=\"auto, (max-width: 680px) 100vw, 680px\" \/><figcaption id=\"caption-attachment-3120\" class=\"wp-caption-text\">Drei CS-Fonds investieren im Basler Erlenmatt-Quartier (Visualisierung: Credit Suisse AG)<\/figcaption><\/figure>\n<p>Die drei Immobilienfonds Credit Suisse Real Estate Fund Interswiss, Credit Suisse Real Estate Fund LivingPlus und Credit Suisse Real Estate Fund Siat sind die Miteigent\u00fcmer und haben das Projekt Erlenmatt Baufeld A am 1. Juli 2016 erworben.<\/p>\n<p>Das neue Zentrum wird 312 Mietwohnungen auf bis zu sieben Obergeschossen umfassen. Der Wohnungsmix umfasst Atelier- und Geschosswohnungen mit 2,5 bis 4,5 Zimmern sowie Lofts. Im ersten Untergeschoss und im Erdgeschoss sind rund 7.400 qm Verkaufs-, Gastronomie- und Lagerfl\u00e4chen geplant. Zudem wird eine Tiefgarage mit 272 Parkpl\u00e4tzen gebaut. Das Investitionsvolumen bel\u00e4uft sich auf rund 233 Millionen CHF. Ankermieterin ist Coop, zu den weiteren Mietern z\u00e4hlen laut Credit Suisse bisher Coop Vitality Apotheke sowie Dipl. Ing Fust AG.<\/p>\n<p>Das Projekt ist \u00ab2.000-Watt-Areal\u00bb zertifiziert und strebt die Einhaltung der Ausschlusskriterien nach Minergie-Eco an. Zudem sollen die Anforderungen f\u00fcr \u00abgreenproperty\u00bb, dem G\u00fctesiegel f\u00fcr nachhaltige Immobilien des Real Estate Investment Management der Credit Suisse, erf\u00fcllt werden.<\/p>\n<p>2014 wurde ein Studienauftrag durchgef\u00fchrt, an welchem f\u00fcnf nationale Architekturb\u00fcros teilnahmen. Die Jury k\u00fcrte das Projekt von Morger Partner zum Sieger. Bis zur Baueingabe im Februar 2016 wurde das Projekt in enger Zusammenarbeit mit allen Beteiligten weiterentwickelt. Die Baubewilligung ist seit 13. Juni 2016 rechtskr\u00e4ftig. Im Juli 2016 starten die Bauinstallationen und Aushubarbeiten. Der Beginn der Ausf\u00fchrungsarbeiten ist f\u00fcr Anfang 2017, die Fertigstellung im Fr\u00fchjahr 2019 geplant.<\/p>\n<p>Mit dem Erlenmatt-Quartier entsteht mitten in Kleinbasel ein gut erschlossenes Stadtquartier. Es soll Wohnraum f\u00fcr 3.000 Menschen in mehr als 1.200 Wohnungen bieten. Losinger Marazzi entwickelte und realisierte zudem bereits das Projekt Erlentor, das 239 Wohnungen umfasst, und das Projekt Erlenmatt West, das schweizweit zweite zertifizierte 2.000-Watt-Areal, zu dem insgesamt 574 Wohnungen, 2.000 qm Gewerbefl\u00e4chen sowie eine Seniorenresidenz geh\u00f6ren. Der Immobilienfonds Credit Suisse Real Estate Fund LivingPlus investierte bereits in das Projekt Livin:Erlenmatt mit 180 Mietwohnungen. (ah)<\/p>\n<p>&nbsp;<\/p>\n","protected":false},"excerpt":{"rendered":"<p>Drei Immobilienfonds der Credit Suisse realisieren zusammen mit der Totalunternehmung Losinger Marazzi eine \u00dcberbauung auf dem Baufeld A im Basler Erlenmatt-Quartier. Das Projekt soll das Zentrum des neuen Erlenmatt-Areals bilden.<\/p>\n","protected":false},"author":1,"featured_media":3120,"comment_status":"open","ping_status":"open","sticky":false,"template":"","format":"standard","meta":{"_acf_changed":false,"_yoast_wpseo_focuskw":"Erlenmatt-Quartier","_yoast_wpseo_title":"","_yoast_wpseo_metadesc":"Drei Immobilienfonds der CS realisieren zusammen mit der Totalunternehmung Losinger Marazzi eine \u00dcberbauung auf dem Baufeld A im Basler Erlenmatt-Quartier.","_yoast_wpseo_linkdex":90,"pgc_sgb_lightbox_settings":"","footnotes":""},"categories":[986,987],"tags":[1069,1362,1601,1637,1643,1862],"class_list":["post-3119","post","type-post","status-publish","format-standard","has-post-thumbnail","hentry","category-residential","category-retail","tag-basel","tag-indirekte-immobilienanlagen","tag-projektentwicklung","tag-resdential","tag-retail","tag-wohnen"],"acf":[],"yoast_head":"<!-- This site is optimized with the Yoast SEO plugin v27.4 - https:\/\/yoast.com\/product\/yoast-seo-wordpress\/ -->\n<title>Basel: CS-Fonds investieren im Erlenmatt-Quartier - IMMOBILIEN Business<\/title>\n<meta name=\"description\" content=\"Drei Immobilienfonds der CS realisieren zusammen mit der Totalunternehmung Losinger Marazzi eine \u00dcberbauung auf dem Baufeld A im Basler Erlenmatt-Quartier.\" \/>\n<meta name=\"robots\" content=\"index, follow, max-snippet:-1, max-image-preview:large, max-video-preview:-1\" \/>\n<link rel=\"canonical\" href=\"https:\/\/www.immobilienbusiness.ch\/de\/residential\/2016-07-07\/basel-cs-fonds-investieren-im-erlenmatt-quartier\/\" \/>\n<meta property=\"og:locale\" content=\"de_DE\" \/>\n<meta property=\"og:type\" content=\"article\" \/>\n<meta property=\"og:title\" content=\"Basel: CS-Fonds investieren im Erlenmatt-Quartier\" \/>\n<meta property=\"og:description\" content=\"Drei Immobilienfonds der Credit Suisse realisieren zusammen mit der Totalunternehmung Losinger Marazzi eine \u00dcberbauung auf dem Baufeld A im Basler Erlenmatt-Quartier. Das Projekt soll das Zentrum des neuen Erlenmatt-Areals bilden.\" \/>\n<meta property=\"og:url\" content=\"https:\/\/www.immobilienbusiness.ch\/de\/residential\/2016-07-07\/basel-cs-fonds-investieren-im-erlenmatt-quartier\/\" \/>\n<meta property=\"og:site_name\" content=\"IMMOBILIEN Business\" \/>\n<meta property=\"article:publisher\" content=\"https:\/\/www.facebook.com\/immobilienbusiness\/\" \/>\n<meta property=\"article:published_time\" content=\"2016-07-07T07:42:00+00:00\" \/>\n<meta name=\"author\" content=\"Redaktion\" \/>\n<meta name=\"twitter:card\" content=\"summary_large_image\" \/>\n<meta name=\"twitter:image\" content=\"https:\/\/www.immobilienbusiness.ch\/wp-content\/uploads\/2016\/12\/Basel-CS-Fonds-investieren-im-Erlenmatt-Quartier-immobilien-business.jpg\" \/>\n<script type=\"application\/ld+json\" class=\"yoast-schema-graph\">{\"@context\":\"https:\\\/\\\/schema.org\",\"@graph\":[{\"@type\":\"Article\",\"@id\":\"https:\\\/\\\/www.immobilienbusiness.ch\\\/en\\\/residential\\\/2016-07-07\\\/basel-cs-fonds-investieren-im-erlenmatt-quartier\\\/#article\",\"isPartOf\":{\"@id\":\"https:\\\/\\\/www.immobilienbusiness.ch\\\/en\\\/residential\\\/2016-07-07\\\/basel-cs-fonds-investieren-im-erlenmatt-quartier\\\/\"},\"author\":{\"name\":\"Redaktion\",\"@id\":\"https:\\\/\\\/www.immobilienbusiness.ch\\\/#\\\/schema\\\/person\\\/aa2bace6c5c5aad60102004a50c4eb1c\"},\"headline\":\"Basel: CS-Fonds investieren im Erlenmatt-Quartier\",\"datePublished\":\"2016-07-07T07:42:00+00:00\",\"mainEntityOfPage\":{\"@id\":\"https:\\\/\\\/www.immobilienbusiness.ch\\\/en\\\/residential\\\/2016-07-07\\\/basel-cs-fonds-investieren-im-erlenmatt-quartier\\\/\"},\"wordCount\":316,\"commentCount\":0,\"publisher\":{\"@id\":\"https:\\\/\\\/www.immobilienbusiness.ch\\\/#organization\"},\"image\":{\"@id\":\"https:\\\/\\\/www.immobilienbusiness.ch\\\/en\\\/residential\\\/2016-07-07\\\/basel-cs-fonds-investieren-im-erlenmatt-quartier\\\/#primaryimage\"},\"thumbnailUrl\":\"https:\\\/\\\/www.immobilienbusiness.ch\\\/wp-content\\\/uploads\\\/2016\\\/12\\\/Basel-CS-Fonds-investieren-im-Erlenmatt-Quartier-immobilien-business.jpg\",\"keywords\":[\"Basel\",\"Indirekte Immobilienanlagen\",\"Projektentwicklung\",\"Resdential\",\"Retail\",\"Wohnen\"],\"articleSection\":[\"RESIDENTIAL\",\"RETAIL\"],\"inLanguage\":\"de\"},{\"@type\":\"WebPage\",\"@id\":\"https:\\\/\\\/www.immobilienbusiness.ch\\\/en\\\/residential\\\/2016-07-07\\\/basel-cs-fonds-investieren-im-erlenmatt-quartier\\\/\",\"url\":\"https:\\\/\\\/www.immobilienbusiness.ch\\\/en\\\/residential\\\/2016-07-07\\\/basel-cs-fonds-investieren-im-erlenmatt-quartier\\\/\",\"name\":\"Basel: CS-Fonds investieren im Erlenmatt-Quartier - IMMOBILIEN Business\",\"isPartOf\":{\"@id\":\"https:\\\/\\\/www.immobilienbusiness.ch\\\/#website\"},\"primaryImageOfPage\":{\"@id\":\"https:\\\/\\\/www.immobilienbusiness.ch\\\/en\\\/residential\\\/2016-07-07\\\/basel-cs-fonds-investieren-im-erlenmatt-quartier\\\/#primaryimage\"},\"image\":{\"@id\":\"https:\\\/\\\/www.immobilienbusiness.ch\\\/en\\\/residential\\\/2016-07-07\\\/basel-cs-fonds-investieren-im-erlenmatt-quartier\\\/#primaryimage\"},\"thumbnailUrl\":\"https:\\\/\\\/www.immobilienbusiness.ch\\\/wp-content\\\/uploads\\\/2016\\\/12\\\/Basel-CS-Fonds-investieren-im-Erlenmatt-Quartier-immobilien-business.jpg\",\"datePublished\":\"2016-07-07T07:42:00+00:00\",\"description\":\"Drei Immobilienfonds der CS realisieren zusammen mit der Totalunternehmung Losinger Marazzi eine \u00dcberbauung auf dem Baufeld A im Basler Erlenmatt-Quartier.\",\"breadcrumb\":{\"@id\":\"https:\\\/\\\/www.immobilienbusiness.ch\\\/en\\\/residential\\\/2016-07-07\\\/basel-cs-fonds-investieren-im-erlenmatt-quartier\\\/#breadcrumb\"},\"inLanguage\":\"de\",\"potentialAction\":[{\"@type\":\"ReadAction\",\"target\":[\"https:\\\/\\\/www.immobilienbusiness.ch\\\/en\\\/residential\\\/2016-07-07\\\/basel-cs-fonds-investieren-im-erlenmatt-quartier\\\/\"]}]},{\"@type\":\"ImageObject\",\"inLanguage\":\"de\",\"@id\":\"https:\\\/\\\/www.immobilienbusiness.ch\\\/en\\\/residential\\\/2016-07-07\\\/basel-cs-fonds-investieren-im-erlenmatt-quartier\\\/#primaryimage\",\"url\":\"https:\\\/\\\/www.immobilienbusiness.ch\\\/wp-content\\\/uploads\\\/2016\\\/12\\\/Basel-CS-Fonds-investieren-im-Erlenmatt-Quartier-immobilien-business.jpg\",\"contentUrl\":\"https:\\\/\\\/www.immobilienbusiness.ch\\\/wp-content\\\/uploads\\\/2016\\\/12\\\/Basel-CS-Fonds-investieren-im-Erlenmatt-Quartier-immobilien-business.jpg\",\"width\":2560,\"height\":1707,\"caption\":\"Drei CS-Fonds investieren im Basler Erlenmatt-Quartier (Visualisierung: Credit Suisse AG)\"},{\"@type\":\"BreadcrumbList\",\"@id\":\"https:\\\/\\\/www.immobilienbusiness.ch\\\/en\\\/residential\\\/2016-07-07\\\/basel-cs-fonds-investieren-im-erlenmatt-quartier\\\/#breadcrumb\",\"itemListElement\":[{\"@type\":\"ListItem\",\"position\":1,\"name\":\"Home\",\"item\":\"https:\\\/\\\/www.immobilienbusiness.ch\\\/\"},{\"@type\":\"ListItem\",\"position\":2,\"name\":\"Basel: CS-Fonds investieren im Erlenmatt-Quartier\"}]},{\"@type\":\"WebSite\",\"@id\":\"https:\\\/\\\/www.immobilienbusiness.ch\\\/#website\",\"url\":\"https:\\\/\\\/www.immobilienbusiness.ch\\\/\",\"name\":\"IMMOBILIEN Business\",\"description\":\"Unabh\u00e4ngiges Schweizer Wirtschaftsmagazin mit Fokus auf Immobilien, Architektur- und Bau sowie Investment- und Finanzierung.\",\"publisher\":{\"@id\":\"https:\\\/\\\/www.immobilienbusiness.ch\\\/#organization\"},\"potentialAction\":[{\"@type\":\"SearchAction\",\"target\":{\"@type\":\"EntryPoint\",\"urlTemplate\":\"https:\\\/\\\/www.immobilienbusiness.ch\\\/?s={search_term_string}\"},\"query-input\":{\"@type\":\"PropertyValueSpecification\",\"valueRequired\":true,\"valueName\":\"search_term_string\"}}],\"inLanguage\":\"de\"},{\"@type\":\"Organization\",\"@id\":\"https:\\\/\\\/www.immobilienbusiness.ch\\\/#organization\",\"name\":\"IMMOBILIEN Business\",\"url\":\"https:\\\/\\\/www.immobilienbusiness.ch\\\/\",\"logo\":{\"@type\":\"ImageObject\",\"inLanguage\":\"de\",\"@id\":\"https:\\\/\\\/www.immobilienbusiness.ch\\\/#\\\/schema\\\/logo\\\/image\\\/\",\"url\":\"https:\\\/\\\/www.immobilienbusiness.ch\\\/wp-content\\\/uploads\\\/2021\\\/07\\\/logo_ib.png\",\"contentUrl\":\"https:\\\/\\\/www.immobilienbusiness.ch\\\/wp-content\\\/uploads\\\/2021\\\/07\\\/logo_ib.png\",\"width\":800,\"height\":181,\"caption\":\"IMMOBILIEN Business\"},\"image\":{\"@id\":\"https:\\\/\\\/www.immobilienbusiness.ch\\\/#\\\/schema\\\/logo\\\/image\\\/\"},\"sameAs\":[\"https:\\\/\\\/www.facebook.com\\\/immobilienbusiness\\\/\"]},{\"@type\":\"Person\",\"@id\":\"https:\\\/\\\/www.immobilienbusiness.ch\\\/#\\\/schema\\\/person\\\/aa2bace6c5c5aad60102004a50c4eb1c\",\"name\":\"Redaktion\",\"image\":{\"@type\":\"ImageObject\",\"inLanguage\":\"de\",\"@id\":\"https:\\\/\\\/secure.gravatar.com\\\/avatar\\\/ae2f4d718e6c49043e314ce431e7e645d646302a24a5ef5a8bc8e3f5a032e319?s=96&d=mm&r=g\",\"url\":\"https:\\\/\\\/secure.gravatar.com\\\/avatar\\\/ae2f4d718e6c49043e314ce431e7e645d646302a24a5ef5a8bc8e3f5a032e319?s=96&d=mm&r=g\",\"contentUrl\":\"https:\\\/\\\/secure.gravatar.com\\\/avatar\\\/ae2f4d718e6c49043e314ce431e7e645d646302a24a5ef5a8bc8e3f5a032e319?s=96&d=mm&r=g\",\"caption\":\"Redaktion\"},\"sameAs\":[\"http:\\\/\\\/develop.organisator.galledia.ch\"],\"url\":\"https:\\\/\\\/www.immobilienbusiness.ch\\\/de\\\/author\\\/admin\\\/\"}]}<\/script>\n<!-- \/ Yoast SEO plugin. -->","yoast_head_json":{"title":"Basel: CS-Fonds investieren im Erlenmatt-Quartier - IMMOBILIEN Business","description":"Drei Immobilienfonds der CS realisieren zusammen mit der Totalunternehmung Losinger Marazzi eine \u00dcberbauung auf dem Baufeld A im Basler Erlenmatt-Quartier.","robots":{"index":"index","follow":"follow","max-snippet":"max-snippet:-1","max-image-preview":"max-image-preview:large","max-video-preview":"max-video-preview:-1"},"canonical":"https:\/\/www.immobilienbusiness.ch\/de\/residential\/2016-07-07\/basel-cs-fonds-investieren-im-erlenmatt-quartier\/","og_locale":"de_DE","og_type":"article","og_title":"Basel: CS-Fonds investieren im Erlenmatt-Quartier","og_description":"Drei Immobilienfonds der Credit Suisse realisieren zusammen mit der Totalunternehmung Losinger Marazzi eine \u00dcberbauung auf dem Baufeld A im Basler Erlenmatt-Quartier. Das Projekt soll das Zentrum des neuen Erlenmatt-Areals bilden.","og_url":"https:\/\/www.immobilienbusiness.ch\/de\/residential\/2016-07-07\/basel-cs-fonds-investieren-im-erlenmatt-quartier\/","og_site_name":"IMMOBILIEN Business","article_publisher":"https:\/\/www.facebook.com\/immobilienbusiness\/","article_published_time":"2016-07-07T07:42:00+00:00","author":"Redaktion","twitter_card":"summary_large_image","twitter_image":"https:\/\/www.immobilienbusiness.ch\/wp-content\/uploads\/2016\/12\/Basel-CS-Fonds-investieren-im-Erlenmatt-Quartier-immobilien-business.jpg","schema":{"@context":"https:\/\/schema.org","@graph":[{"@type":"Article","@id":"https:\/\/www.immobilienbusiness.ch\/en\/residential\/2016-07-07\/basel-cs-fonds-investieren-im-erlenmatt-quartier\/#article","isPartOf":{"@id":"https:\/\/www.immobilienbusiness.ch\/en\/residential\/2016-07-07\/basel-cs-fonds-investieren-im-erlenmatt-quartier\/"},"author":{"name":"Redaktion","@id":"https:\/\/www.immobilienbusiness.ch\/#\/schema\/person\/aa2bace6c5c5aad60102004a50c4eb1c"},"headline":"Basel: CS-Fonds investieren im Erlenmatt-Quartier","datePublished":"2016-07-07T07:42:00+00:00","mainEntityOfPage":{"@id":"https:\/\/www.immobilienbusiness.ch\/en\/residential\/2016-07-07\/basel-cs-fonds-investieren-im-erlenmatt-quartier\/"},"wordCount":316,"commentCount":0,"publisher":{"@id":"https:\/\/www.immobilienbusiness.ch\/#organization"},"image":{"@id":"https:\/\/www.immobilienbusiness.ch\/en\/residential\/2016-07-07\/basel-cs-fonds-investieren-im-erlenmatt-quartier\/#primaryimage"},"thumbnailUrl":"https:\/\/www.immobilienbusiness.ch\/wp-content\/uploads\/2016\/12\/Basel-CS-Fonds-investieren-im-Erlenmatt-Quartier-immobilien-business.jpg","keywords":["Basel","Indirekte Immobilienanlagen","Projektentwicklung","Resdential","Retail","Wohnen"],"articleSection":["RESIDENTIAL","RETAIL"],"inLanguage":"de"},{"@type":"WebPage","@id":"https:\/\/www.immobilienbusiness.ch\/en\/residential\/2016-07-07\/basel-cs-fonds-investieren-im-erlenmatt-quartier\/","url":"https:\/\/www.immobilienbusiness.ch\/en\/residential\/2016-07-07\/basel-cs-fonds-investieren-im-erlenmatt-quartier\/","name":"Basel: CS-Fonds investieren im Erlenmatt-Quartier - IMMOBILIEN Business","isPartOf":{"@id":"https:\/\/www.immobilienbusiness.ch\/#website"},"primaryImageOfPage":{"@id":"https:\/\/www.immobilienbusiness.ch\/en\/residential\/2016-07-07\/basel-cs-fonds-investieren-im-erlenmatt-quartier\/#primaryimage"},"image":{"@id":"https:\/\/www.immobilienbusiness.ch\/en\/residential\/2016-07-07\/basel-cs-fonds-investieren-im-erlenmatt-quartier\/#primaryimage"},"thumbnailUrl":"https:\/\/www.immobilienbusiness.ch\/wp-content\/uploads\/2016\/12\/Basel-CS-Fonds-investieren-im-Erlenmatt-Quartier-immobilien-business.jpg","datePublished":"2016-07-07T07:42:00+00:00","description":"Drei Immobilienfonds der CS realisieren zusammen mit der Totalunternehmung Losinger Marazzi eine \u00dcberbauung auf dem Baufeld A im Basler Erlenmatt-Quartier.","breadcrumb":{"@id":"https:\/\/www.immobilienbusiness.ch\/en\/residential\/2016-07-07\/basel-cs-fonds-investieren-im-erlenmatt-quartier\/#breadcrumb"},"inLanguage":"de","potentialAction":[{"@type":"ReadAction","target":["https:\/\/www.immobilienbusiness.ch\/en\/residential\/2016-07-07\/basel-cs-fonds-investieren-im-erlenmatt-quartier\/"]}]},{"@type":"ImageObject","inLanguage":"de","@id":"https:\/\/www.immobilienbusiness.ch\/en\/residential\/2016-07-07\/basel-cs-fonds-investieren-im-erlenmatt-quartier\/#primaryimage","url":"https:\/\/www.immobilienbusiness.ch\/wp-content\/uploads\/2016\/12\/Basel-CS-Fonds-investieren-im-Erlenmatt-Quartier-immobilien-business.jpg","contentUrl":"https:\/\/www.immobilienbusiness.ch\/wp-content\/uploads\/2016\/12\/Basel-CS-Fonds-investieren-im-Erlenmatt-Quartier-immobilien-business.jpg","width":2560,"height":1707,"caption":"Drei CS-Fonds investieren im Basler Erlenmatt-Quartier (Visualisierung: Credit Suisse AG)"},{"@type":"BreadcrumbList","@id":"https:\/\/www.immobilienbusiness.ch\/en\/residential\/2016-07-07\/basel-cs-fonds-investieren-im-erlenmatt-quartier\/#breadcrumb","itemListElement":[{"@type":"ListItem","position":1,"name":"Home","item":"https:\/\/www.immobilienbusiness.ch\/"},{"@type":"ListItem","position":2,"name":"Basel: CS-Fonds investieren im Erlenmatt-Quartier"}]},{"@type":"WebSite","@id":"https:\/\/www.immobilienbusiness.ch\/#website","url":"https:\/\/www.immobilienbusiness.ch\/","name":"IMMOBILIEN Business","description":"Unabh\u00e4ngiges Schweizer Wirtschaftsmagazin mit Fokus auf Immobilien, Architektur- und Bau sowie Investment- und Finanzierung.","publisher":{"@id":"https:\/\/www.immobilienbusiness.ch\/#organization"},"potentialAction":[{"@type":"SearchAction","target":{"@type":"EntryPoint","urlTemplate":"https:\/\/www.immobilienbusiness.ch\/?s={search_term_string}"},"query-input":{"@type":"PropertyValueSpecification","valueRequired":true,"valueName":"search_term_string"}}],"inLanguage":"de"},{"@type":"Organization","@id":"https:\/\/www.immobilienbusiness.ch\/#organization","name":"IMMOBILIEN Business","url":"https:\/\/www.immobilienbusiness.ch\/","logo":{"@type":"ImageObject","inLanguage":"de","@id":"https:\/\/www.immobilienbusiness.ch\/#\/schema\/logo\/image\/","url":"https:\/\/www.immobilienbusiness.ch\/wp-content\/uploads\/2021\/07\/logo_ib.png","contentUrl":"https:\/\/www.immobilienbusiness.ch\/wp-content\/uploads\/2021\/07\/logo_ib.png","width":800,"height":181,"caption":"IMMOBILIEN Business"},"image":{"@id":"https:\/\/www.immobilienbusiness.ch\/#\/schema\/logo\/image\/"},"sameAs":["https:\/\/www.facebook.com\/immobilienbusiness\/"]},{"@type":"Person","@id":"https:\/\/www.immobilienbusiness.ch\/#\/schema\/person\/aa2bace6c5c5aad60102004a50c4eb1c","name":"Redaktion","image":{"@type":"ImageObject","inLanguage":"de","@id":"https:\/\/secure.gravatar.com\/avatar\/ae2f4d718e6c49043e314ce431e7e645d646302a24a5ef5a8bc8e3f5a032e319?s=96&d=mm&r=g","url":"https:\/\/secure.gravatar.com\/avatar\/ae2f4d718e6c49043e314ce431e7e645d646302a24a5ef5a8bc8e3f5a032e319?s=96&d=mm&r=g","contentUrl":"https:\/\/secure.gravatar.com\/avatar\/ae2f4d718e6c49043e314ce431e7e645d646302a24a5ef5a8bc8e3f5a032e319?s=96&d=mm&r=g","caption":"Redaktion"},"sameAs":["http:\/\/develop.organisator.galledia.ch"],"url":"https:\/\/www.immobilienbusiness.ch\/de\/author\/admin\/"}]}},"_links":{"self":[{"href":"https:\/\/www.immobilienbusiness.ch\/de\/wp-json\/wp\/v2\/posts\/3119","targetHints":{"allow":["GET"]}}],"collection":[{"href":"https:\/\/www.immobilienbusiness.ch\/de\/wp-json\/wp\/v2\/posts"}],"about":[{"href":"https:\/\/www.immobilienbusiness.ch\/de\/wp-json\/wp\/v2\/types\/post"}],"author":[{"embeddable":true,"href":"https:\/\/www.immobilienbusiness.ch\/de\/wp-json\/wp\/v2\/users\/1"}],"replies":[{"embeddable":true,"href":"https:\/\/www.immobilienbusiness.ch\/de\/wp-json\/wp\/v2\/comments?post=3119"}],"version-history":[{"count":0,"href":"https:\/\/www.immobilienbusiness.ch\/de\/wp-json\/wp\/v2\/posts\/3119\/revisions"}],"wp:featuredmedia":[{"embeddable":true,"href":"https:\/\/www.immobilienbusiness.ch\/de\/wp-json\/wp\/v2\/media\/3120"}],"wp:attachment":[{"href":"https:\/\/www.immobilienbusiness.ch\/de\/wp-json\/wp\/v2\/media?parent=3119"}],"wp:term":[{"taxonomy":"category","embeddable":true,"href":"https:\/\/www.immobilienbusiness.ch\/de\/wp-json\/wp\/v2\/categories?post=3119"},{"taxonomy":"post_tag","embeddable":true,"href":"https:\/\/www.immobilienbusiness.ch\/de\/wp-json\/wp\/v2\/tags?post=3119"}],"curies":[{"name":"wp","href":"https:\/\/api.w.org\/{rel}","templated":true}]}}