{"id":2961,"date":"2016-04-25T09:47:29","date_gmt":"2016-04-25T07:47:29","guid":{"rendered":"http:\/\/dev.immobilienbusiness.ch\/?p=2961"},"modified":"2016-04-25T09:47:29","modified_gmt":"2016-04-25T07:47:29","slug":"migros-aare-will-logistikzentrum-in-moosseedorf-erweitern","status":"publish","type":"post","link":"https:\/\/www.immobilienbusiness.ch\/de\/allgemein\/2016-04-25\/migros-aare-will-logistikzentrum-in-moosseedorf-erweitern\/","title":{"rendered":"Migros Aare will Logistikzentrum in Moosseedorf erweitern"},"content":{"rendered":"<figure id=\"attachment_2966\" aria-describedby=\"caption-attachment-2966\" style=\"width: 680px\" class=\"wp-caption alignnone\"><img loading=\"lazy\" decoding=\"async\" class=\"size-medium wp-image-2966\" src=\"https:\/\/immobilienbusiness.ch\/wp-content\/uploads\/2016\/04\/Migros-Aare-will-Logistikzentrum-in-Moosseedorf-erweitern-immobilien-business.jpg\" alt=\"Das bestehende Logistikzentrum der Migros Aaare (Foto: \u00a9 Migros Aare)\" width=\"680\" height=\"383\" srcset=\"https:\/\/www.immobilienbusiness.ch\/wp-content\/uploads\/2016\/04\/Migros-Aare-will-Logistikzentrum-in-Moosseedorf-erweitern-immobilien-business.jpg 960w, https:\/\/www.immobilienbusiness.ch\/wp-content\/uploads\/2016\/04\/Migros-Aare-will-Logistikzentrum-in-Moosseedorf-erweitern-immobilien-business-300x169.jpg 300w, https:\/\/www.immobilienbusiness.ch\/wp-content\/uploads\/2016\/04\/Migros-Aare-will-Logistikzentrum-in-Moosseedorf-erweitern-immobilien-business-768x432.jpg 768w, https:\/\/www.immobilienbusiness.ch\/wp-content\/uploads\/2016\/04\/Migros-Aare-will-Logistikzentrum-in-Moosseedorf-erweitern-immobilien-business-16x9.jpg 16w, https:\/\/www.immobilienbusiness.ch\/wp-content\/uploads\/2016\/04\/Migros-Aare-will-Logistikzentrum-in-Moosseedorf-erweitern-immobilien-business-311x175.jpg 311w, https:\/\/www.immobilienbusiness.ch\/wp-content\/uploads\/2016\/04\/Migros-Aare-will-Logistikzentrum-in-Moosseedorf-erweitern-immobilien-business-622x350.jpg 622w, https:\/\/www.immobilienbusiness.ch\/wp-content\/uploads\/2016\/04\/Migros-Aare-will-Logistikzentrum-in-Moosseedorf-erweitern-immobilien-business-920x518.jpg 920w\" sizes=\"auto, (max-width: 680px) 100vw, 680px\" \/><figcaption id=\"caption-attachment-2966\" class=\"wp-caption-text\">Das bestehende Logistikzentrum der Migros Aaare (Foto: \u00a9 Migros Aare)<\/figcaption><\/figure>\n<p>Eine geeignete Parzelle mit einer Fl\u00e4che von rund 12.000 qm grenzt s\u00fcd\u00f6stlich an die bestehenden Migros-Liegenschaften in Moosseedorf an. Das Landst\u00fcck liegt zwischen Autobahn und Bahnlinie, muss aber noch eingezont werden. Die Gemeinde hat ein Mitwirkungsverfahren angestossen, in dem die notwendigen \u00c4nderungen von Zonenpl\u00e4nen, Baureglementen und \u00dcberbauungsordnungen aufgezeigt werden.<\/p>\n<p>Den definitiven Standort-Entscheid wird die Migros Aare fr\u00fchestens Anfang 2017 f\u00e4llen. Fest steht, dass der Ausbau der Infrastrukturanlagen im Raum Moosseedorf\/Sch\u00f6nb\u00fchl in Etappen stattfinden w\u00fcrde. Das Investitionsvolumen wird sich auf rund 100 Millionen CHF belaufen. (ah)<\/p>\n","protected":false},"excerpt":{"rendered":"<p>Die Migros Aare will ihre Logistik-Kapazit\u00e4ten erweitern. Gepr\u00fcft wird die Erweiterung der Infrastrukturanlagen am heutigen Standort Moosseedorf\/Sch\u00f6nb\u00fchl, denkbar sei laut Migros aber auch ein Neubau an einem anderen Standort im Genossenschaftsgebiet.<\/p>\n","protected":false},"author":1,"featured_media":2966,"comment_status":"open","ping_status":"open","sticky":false,"template":"","format":"standard","meta":{"_acf_changed":false,"_yoast_wpseo_focuskw":"Migros Logistikzentrum","_yoast_wpseo_title":"Migros Logistikzentrum: Erweiterung in Moosseedorf geplant","_yoast_wpseo_metadesc":"Angesichts steigender Anforderungen plant Migros Aare den Ausbau ihres Logistikzentrums in Moosseedorf mit Investitionen von rund 100 Mio. CHF.","_yoast_wpseo_linkdex":51,"pgc_sgb_lightbox_settings":"","footnotes":""},"categories":[1],"tags":[1091,1451],"class_list":["post-2961","post","type-post","status-publish","format-standard","has-post-thumbnail","hentry","category-allgemein","tag-bern","tag-logistik"],"acf":[],"yoast_head":"<!-- This site is optimized with the Yoast SEO plugin v27.5 - https:\/\/yoast.com\/product\/yoast-seo-wordpress\/ -->\n<title>Migros Logistikzentrum: Erweiterung in Moosseedorf geplant<\/title>\n<meta name=\"description\" content=\"Angesichts steigender Anforderungen plant Migros Aare den Ausbau ihres Logistikzentrums in Moosseedorf mit Investitionen von rund 100 Mio. CHF.\" \/>\n<meta name=\"robots\" content=\"index, follow, max-snippet:-1, max-image-preview:large, max-video-preview:-1\" \/>\n<link rel=\"canonical\" href=\"https:\/\/www.immobilienbusiness.ch\/de\/allgemein\/2016-04-25\/migros-aare-will-logistikzentrum-in-moosseedorf-erweitern\/\" \/>\n<meta property=\"og:locale\" content=\"de_DE\" \/>\n<meta property=\"og:type\" content=\"article\" \/>\n<meta property=\"og:title\" content=\"Migros Aare will Logistikzentrum in Moosseedorf erweitern\" \/>\n<meta property=\"og:description\" content=\"Die Migros Aare will ihre Logistik-Kapazit\u00e4ten erweitern. Gepr\u00fcft wird die Erweiterung der Infrastrukturanlagen am heutigen Standort Mooseedorf\/Sch\u00f6nb\u00fchl, denkbar sei laut Migros aber auch ein Neubau an einem anderen Standort im Genossenschaftsgebiet.\" \/>\n<meta property=\"og:url\" content=\"https:\/\/www.immobilienbusiness.ch\/de\/allgemein\/2016-04-25\/migros-aare-will-logistikzentrum-in-moosseedorf-erweitern\/\" \/>\n<meta property=\"og:site_name\" content=\"IMMOBILIEN Business\" \/>\n<meta property=\"article:publisher\" content=\"https:\/\/www.facebook.com\/immobilienbusiness\/\" \/>\n<meta property=\"article:published_time\" content=\"2016-04-25T07:47:29+00:00\" \/>\n<meta name=\"author\" content=\"Redaktion\" \/>\n<meta name=\"twitter:card\" content=\"summary_large_image\" \/>\n<meta name=\"twitter:image\" content=\"https:\/\/www.immobilienbusiness.ch\/wp-content\/uploads\/2016\/04\/Migros-Aare-will-Logistikzentrum-in-Moosseedorf-erweitern-immobilien-business.jpg\" \/>\n<script type=\"application\/ld+json\" class=\"yoast-schema-graph\">{\"@context\":\"https:\\\/\\\/schema.org\",\"@graph\":[{\"@type\":\"Article\",\"@id\":\"https:\\\/\\\/www.immobilienbusiness.ch\\\/allgemein\\\/2016-04-25\\\/migros-aare-will-logistikzentrum-in-moosseedorf-erweitern\\\/#article\",\"isPartOf\":{\"@id\":\"https:\\\/\\\/www.immobilienbusiness.ch\\\/allgemein\\\/2016-04-25\\\/migros-aare-will-logistikzentrum-in-moosseedorf-erweitern\\\/\"},\"author\":{\"name\":\"Redaktion\",\"@id\":\"https:\\\/\\\/www.immobilienbusiness.ch\\\/#\\\/schema\\\/person\\\/aa2bace6c5c5aad60102004a50c4eb1c\"},\"headline\":\"Migros Aare will Logistikzentrum in Moosseedorf erweitern\",\"datePublished\":\"2016-04-25T07:47:29+00:00\",\"mainEntityOfPage\":{\"@id\":\"https:\\\/\\\/www.immobilienbusiness.ch\\\/allgemein\\\/2016-04-25\\\/migros-aare-will-logistikzentrum-in-moosseedorf-erweitern\\\/\"},\"wordCount\":116,\"commentCount\":0,\"publisher\":{\"@id\":\"https:\\\/\\\/www.immobilienbusiness.ch\\\/#organization\"},\"image\":{\"@id\":\"https:\\\/\\\/www.immobilienbusiness.ch\\\/allgemein\\\/2016-04-25\\\/migros-aare-will-logistikzentrum-in-moosseedorf-erweitern\\\/#primaryimage\"},\"thumbnailUrl\":\"https:\\\/\\\/www.immobilienbusiness.ch\\\/wp-content\\\/uploads\\\/2016\\\/04\\\/Migros-Aare-will-Logistikzentrum-in-Moosseedorf-erweitern-immobilien-business.jpg\",\"keywords\":[\"Bern\",\"Logistik\"],\"inLanguage\":\"de\"},{\"@type\":\"WebPage\",\"@id\":\"https:\\\/\\\/www.immobilienbusiness.ch\\\/allgemein\\\/2016-04-25\\\/migros-aare-will-logistikzentrum-in-moosseedorf-erweitern\\\/\",\"url\":\"https:\\\/\\\/www.immobilienbusiness.ch\\\/allgemein\\\/2016-04-25\\\/migros-aare-will-logistikzentrum-in-moosseedorf-erweitern\\\/\",\"name\":\"Migros Logistikzentrum: Erweiterung in Moosseedorf geplant\",\"isPartOf\":{\"@id\":\"https:\\\/\\\/www.immobilienbusiness.ch\\\/#website\"},\"primaryImageOfPage\":{\"@id\":\"https:\\\/\\\/www.immobilienbusiness.ch\\\/allgemein\\\/2016-04-25\\\/migros-aare-will-logistikzentrum-in-moosseedorf-erweitern\\\/#primaryimage\"},\"image\":{\"@id\":\"https:\\\/\\\/www.immobilienbusiness.ch\\\/allgemein\\\/2016-04-25\\\/migros-aare-will-logistikzentrum-in-moosseedorf-erweitern\\\/#primaryimage\"},\"thumbnailUrl\":\"https:\\\/\\\/www.immobilienbusiness.ch\\\/wp-content\\\/uploads\\\/2016\\\/04\\\/Migros-Aare-will-Logistikzentrum-in-Moosseedorf-erweitern-immobilien-business.jpg\",\"datePublished\":\"2016-04-25T07:47:29+00:00\",\"description\":\"Angesichts steigender Anforderungen plant Migros Aare den Ausbau ihres Logistikzentrums in Moosseedorf mit Investitionen von rund 100 Mio. CHF.\",\"breadcrumb\":{\"@id\":\"https:\\\/\\\/www.immobilienbusiness.ch\\\/allgemein\\\/2016-04-25\\\/migros-aare-will-logistikzentrum-in-moosseedorf-erweitern\\\/#breadcrumb\"},\"inLanguage\":\"de\",\"potentialAction\":[{\"@type\":\"ReadAction\",\"target\":[\"https:\\\/\\\/www.immobilienbusiness.ch\\\/allgemein\\\/2016-04-25\\\/migros-aare-will-logistikzentrum-in-moosseedorf-erweitern\\\/\"]}]},{\"@type\":\"ImageObject\",\"inLanguage\":\"de\",\"@id\":\"https:\\\/\\\/www.immobilienbusiness.ch\\\/allgemein\\\/2016-04-25\\\/migros-aare-will-logistikzentrum-in-moosseedorf-erweitern\\\/#primaryimage\",\"url\":\"https:\\\/\\\/www.immobilienbusiness.ch\\\/wp-content\\\/uploads\\\/2016\\\/04\\\/Migros-Aare-will-Logistikzentrum-in-Moosseedorf-erweitern-immobilien-business.jpg\",\"contentUrl\":\"https:\\\/\\\/www.immobilienbusiness.ch\\\/wp-content\\\/uploads\\\/2016\\\/04\\\/Migros-Aare-will-Logistikzentrum-in-Moosseedorf-erweitern-immobilien-business.jpg\",\"width\":960,\"height\":540,\"caption\":\"Das bestehende Logistikzentrum der Migros Aaare (Foto: \u00a9 Migros Aare)\"},{\"@type\":\"BreadcrumbList\",\"@id\":\"https:\\\/\\\/www.immobilienbusiness.ch\\\/allgemein\\\/2016-04-25\\\/migros-aare-will-logistikzentrum-in-moosseedorf-erweitern\\\/#breadcrumb\",\"itemListElement\":[{\"@type\":\"ListItem\",\"position\":1,\"name\":\"Home\",\"item\":\"https:\\\/\\\/www.immobilienbusiness.ch\\\/\"},{\"@type\":\"ListItem\",\"position\":2,\"name\":\"Migros Aare will Logistikzentrum in Moosseedorf erweitern\"}]},{\"@type\":\"WebSite\",\"@id\":\"https:\\\/\\\/www.immobilienbusiness.ch\\\/#website\",\"url\":\"https:\\\/\\\/www.immobilienbusiness.ch\\\/\",\"name\":\"IMMOBILIEN Business\",\"description\":\"Unabh\u00e4ngiges Schweizer Wirtschaftsmagazin mit Fokus auf Immobilien, Architektur- und Bau sowie Investment- und Finanzierung.\",\"publisher\":{\"@id\":\"https:\\\/\\\/www.immobilienbusiness.ch\\\/#organization\"},\"potentialAction\":[{\"@type\":\"SearchAction\",\"target\":{\"@type\":\"EntryPoint\",\"urlTemplate\":\"https:\\\/\\\/www.immobilienbusiness.ch\\\/?s={search_term_string}\"},\"query-input\":{\"@type\":\"PropertyValueSpecification\",\"valueRequired\":true,\"valueName\":\"search_term_string\"}}],\"inLanguage\":\"de\"},{\"@type\":\"Organization\",\"@id\":\"https:\\\/\\\/www.immobilienbusiness.ch\\\/#organization\",\"name\":\"IMMOBILIEN Business\",\"url\":\"https:\\\/\\\/www.immobilienbusiness.ch\\\/\",\"logo\":{\"@type\":\"ImageObject\",\"inLanguage\":\"de\",\"@id\":\"https:\\\/\\\/www.immobilienbusiness.ch\\\/#\\\/schema\\\/logo\\\/image\\\/\",\"url\":\"https:\\\/\\\/www.immobilienbusiness.ch\\\/wp-content\\\/uploads\\\/2021\\\/07\\\/logo_ib.png\",\"contentUrl\":\"https:\\\/\\\/www.immobilienbusiness.ch\\\/wp-content\\\/uploads\\\/2021\\\/07\\\/logo_ib.png\",\"width\":800,\"height\":181,\"caption\":\"IMMOBILIEN Business\"},\"image\":{\"@id\":\"https:\\\/\\\/www.immobilienbusiness.ch\\\/#\\\/schema\\\/logo\\\/image\\\/\"},\"sameAs\":[\"https:\\\/\\\/www.facebook.com\\\/immobilienbusiness\\\/\"]},{\"@type\":\"Person\",\"@id\":\"https:\\\/\\\/www.immobilienbusiness.ch\\\/#\\\/schema\\\/person\\\/aa2bace6c5c5aad60102004a50c4eb1c\",\"name\":\"Redaktion\",\"image\":{\"@type\":\"ImageObject\",\"inLanguage\":\"de\",\"@id\":\"https:\\\/\\\/secure.gravatar.com\\\/avatar\\\/ae2f4d718e6c49043e314ce431e7e645d646302a24a5ef5a8bc8e3f5a032e319?s=96&d=mm&r=g\",\"url\":\"https:\\\/\\\/secure.gravatar.com\\\/avatar\\\/ae2f4d718e6c49043e314ce431e7e645d646302a24a5ef5a8bc8e3f5a032e319?s=96&d=mm&r=g\",\"contentUrl\":\"https:\\\/\\\/secure.gravatar.com\\\/avatar\\\/ae2f4d718e6c49043e314ce431e7e645d646302a24a5ef5a8bc8e3f5a032e319?s=96&d=mm&r=g\",\"caption\":\"Redaktion\"},\"sameAs\":[\"http:\\\/\\\/develop.organisator.galledia.ch\"],\"url\":\"https:\\\/\\\/www.immobilienbusiness.ch\\\/de\\\/author\\\/admin\\\/\"}]}<\/script>\n<!-- \/ Yoast SEO plugin. -->","yoast_head_json":{"title":"Migros Logistikzentrum: Erweiterung in Moosseedorf geplant","description":"Angesichts steigender Anforderungen plant Migros Aare den Ausbau ihres Logistikzentrums in Moosseedorf mit Investitionen von rund 100 Mio. CHF.","robots":{"index":"index","follow":"follow","max-snippet":"max-snippet:-1","max-image-preview":"max-image-preview:large","max-video-preview":"max-video-preview:-1"},"canonical":"https:\/\/www.immobilienbusiness.ch\/de\/allgemein\/2016-04-25\/migros-aare-will-logistikzentrum-in-moosseedorf-erweitern\/","og_locale":"de_DE","og_type":"article","og_title":"Migros Aare will Logistikzentrum in Moosseedorf erweitern","og_description":"Die Migros Aare will ihre Logistik-Kapazit\u00e4ten erweitern. Gepr\u00fcft wird die Erweiterung der Infrastrukturanlagen am heutigen Standort Mooseedorf\/Sch\u00f6nb\u00fchl, denkbar sei laut Migros aber auch ein Neubau an einem anderen Standort im Genossenschaftsgebiet.","og_url":"https:\/\/www.immobilienbusiness.ch\/de\/allgemein\/2016-04-25\/migros-aare-will-logistikzentrum-in-moosseedorf-erweitern\/","og_site_name":"IMMOBILIEN Business","article_publisher":"https:\/\/www.facebook.com\/immobilienbusiness\/","article_published_time":"2016-04-25T07:47:29+00:00","author":"Redaktion","twitter_card":"summary_large_image","twitter_image":"https:\/\/www.immobilienbusiness.ch\/wp-content\/uploads\/2016\/04\/Migros-Aare-will-Logistikzentrum-in-Moosseedorf-erweitern-immobilien-business.jpg","schema":{"@context":"https:\/\/schema.org","@graph":[{"@type":"Article","@id":"https:\/\/www.immobilienbusiness.ch\/allgemein\/2016-04-25\/migros-aare-will-logistikzentrum-in-moosseedorf-erweitern\/#article","isPartOf":{"@id":"https:\/\/www.immobilienbusiness.ch\/allgemein\/2016-04-25\/migros-aare-will-logistikzentrum-in-moosseedorf-erweitern\/"},"author":{"name":"Redaktion","@id":"https:\/\/www.immobilienbusiness.ch\/#\/schema\/person\/aa2bace6c5c5aad60102004a50c4eb1c"},"headline":"Migros Aare will Logistikzentrum in Moosseedorf erweitern","datePublished":"2016-04-25T07:47:29+00:00","mainEntityOfPage":{"@id":"https:\/\/www.immobilienbusiness.ch\/allgemein\/2016-04-25\/migros-aare-will-logistikzentrum-in-moosseedorf-erweitern\/"},"wordCount":116,"commentCount":0,"publisher":{"@id":"https:\/\/www.immobilienbusiness.ch\/#organization"},"image":{"@id":"https:\/\/www.immobilienbusiness.ch\/allgemein\/2016-04-25\/migros-aare-will-logistikzentrum-in-moosseedorf-erweitern\/#primaryimage"},"thumbnailUrl":"https:\/\/www.immobilienbusiness.ch\/wp-content\/uploads\/2016\/04\/Migros-Aare-will-Logistikzentrum-in-Moosseedorf-erweitern-immobilien-business.jpg","keywords":["Bern","Logistik"],"inLanguage":"de"},{"@type":"WebPage","@id":"https:\/\/www.immobilienbusiness.ch\/allgemein\/2016-04-25\/migros-aare-will-logistikzentrum-in-moosseedorf-erweitern\/","url":"https:\/\/www.immobilienbusiness.ch\/allgemein\/2016-04-25\/migros-aare-will-logistikzentrum-in-moosseedorf-erweitern\/","name":"Migros Logistikzentrum: Erweiterung in Moosseedorf geplant","isPartOf":{"@id":"https:\/\/www.immobilienbusiness.ch\/#website"},"primaryImageOfPage":{"@id":"https:\/\/www.immobilienbusiness.ch\/allgemein\/2016-04-25\/migros-aare-will-logistikzentrum-in-moosseedorf-erweitern\/#primaryimage"},"image":{"@id":"https:\/\/www.immobilienbusiness.ch\/allgemein\/2016-04-25\/migros-aare-will-logistikzentrum-in-moosseedorf-erweitern\/#primaryimage"},"thumbnailUrl":"https:\/\/www.immobilienbusiness.ch\/wp-content\/uploads\/2016\/04\/Migros-Aare-will-Logistikzentrum-in-Moosseedorf-erweitern-immobilien-business.jpg","datePublished":"2016-04-25T07:47:29+00:00","description":"Angesichts steigender Anforderungen plant Migros Aare den Ausbau ihres Logistikzentrums in Moosseedorf mit Investitionen von rund 100 Mio. CHF.","breadcrumb":{"@id":"https:\/\/www.immobilienbusiness.ch\/allgemein\/2016-04-25\/migros-aare-will-logistikzentrum-in-moosseedorf-erweitern\/#breadcrumb"},"inLanguage":"de","potentialAction":[{"@type":"ReadAction","target":["https:\/\/www.immobilienbusiness.ch\/allgemein\/2016-04-25\/migros-aare-will-logistikzentrum-in-moosseedorf-erweitern\/"]}]},{"@type":"ImageObject","inLanguage":"de","@id":"https:\/\/www.immobilienbusiness.ch\/allgemein\/2016-04-25\/migros-aare-will-logistikzentrum-in-moosseedorf-erweitern\/#primaryimage","url":"https:\/\/www.immobilienbusiness.ch\/wp-content\/uploads\/2016\/04\/Migros-Aare-will-Logistikzentrum-in-Moosseedorf-erweitern-immobilien-business.jpg","contentUrl":"https:\/\/www.immobilienbusiness.ch\/wp-content\/uploads\/2016\/04\/Migros-Aare-will-Logistikzentrum-in-Moosseedorf-erweitern-immobilien-business.jpg","width":960,"height":540,"caption":"Das bestehende Logistikzentrum der Migros Aaare (Foto: \u00a9 Migros Aare)"},{"@type":"BreadcrumbList","@id":"https:\/\/www.immobilienbusiness.ch\/allgemein\/2016-04-25\/migros-aare-will-logistikzentrum-in-moosseedorf-erweitern\/#breadcrumb","itemListElement":[{"@type":"ListItem","position":1,"name":"Home","item":"https:\/\/www.immobilienbusiness.ch\/"},{"@type":"ListItem","position":2,"name":"Migros Aare will Logistikzentrum in Moosseedorf erweitern"}]},{"@type":"WebSite","@id":"https:\/\/www.immobilienbusiness.ch\/#website","url":"https:\/\/www.immobilienbusiness.ch\/","name":"IMMOBILIEN Business","description":"Unabh\u00e4ngiges Schweizer Wirtschaftsmagazin mit Fokus auf Immobilien, Architektur- und Bau sowie Investment- und Finanzierung.","publisher":{"@id":"https:\/\/www.immobilienbusiness.ch\/#organization"},"potentialAction":[{"@type":"SearchAction","target":{"@type":"EntryPoint","urlTemplate":"https:\/\/www.immobilienbusiness.ch\/?s={search_term_string}"},"query-input":{"@type":"PropertyValueSpecification","valueRequired":true,"valueName":"search_term_string"}}],"inLanguage":"de"},{"@type":"Organization","@id":"https:\/\/www.immobilienbusiness.ch\/#organization","name":"IMMOBILIEN Business","url":"https:\/\/www.immobilienbusiness.ch\/","logo":{"@type":"ImageObject","inLanguage":"de","@id":"https:\/\/www.immobilienbusiness.ch\/#\/schema\/logo\/image\/","url":"https:\/\/www.immobilienbusiness.ch\/wp-content\/uploads\/2021\/07\/logo_ib.png","contentUrl":"https:\/\/www.immobilienbusiness.ch\/wp-content\/uploads\/2021\/07\/logo_ib.png","width":800,"height":181,"caption":"IMMOBILIEN Business"},"image":{"@id":"https:\/\/www.immobilienbusiness.ch\/#\/schema\/logo\/image\/"},"sameAs":["https:\/\/www.facebook.com\/immobilienbusiness\/"]},{"@type":"Person","@id":"https:\/\/www.immobilienbusiness.ch\/#\/schema\/person\/aa2bace6c5c5aad60102004a50c4eb1c","name":"Redaktion","image":{"@type":"ImageObject","inLanguage":"de","@id":"https:\/\/secure.gravatar.com\/avatar\/ae2f4d718e6c49043e314ce431e7e645d646302a24a5ef5a8bc8e3f5a032e319?s=96&d=mm&r=g","url":"https:\/\/secure.gravatar.com\/avatar\/ae2f4d718e6c49043e314ce431e7e645d646302a24a5ef5a8bc8e3f5a032e319?s=96&d=mm&r=g","contentUrl":"https:\/\/secure.gravatar.com\/avatar\/ae2f4d718e6c49043e314ce431e7e645d646302a24a5ef5a8bc8e3f5a032e319?s=96&d=mm&r=g","caption":"Redaktion"},"sameAs":["http:\/\/develop.organisator.galledia.ch"],"url":"https:\/\/www.immobilienbusiness.ch\/de\/author\/admin\/"}]}},"_links":{"self":[{"href":"https:\/\/www.immobilienbusiness.ch\/de\/wp-json\/wp\/v2\/posts\/2961","targetHints":{"allow":["GET"]}}],"collection":[{"href":"https:\/\/www.immobilienbusiness.ch\/de\/wp-json\/wp\/v2\/posts"}],"about":[{"href":"https:\/\/www.immobilienbusiness.ch\/de\/wp-json\/wp\/v2\/types\/post"}],"author":[{"embeddable":true,"href":"https:\/\/www.immobilienbusiness.ch\/de\/wp-json\/wp\/v2\/users\/1"}],"replies":[{"embeddable":true,"href":"https:\/\/www.immobilienbusiness.ch\/de\/wp-json\/wp\/v2\/comments?post=2961"}],"version-history":[{"count":0,"href":"https:\/\/www.immobilienbusiness.ch\/de\/wp-json\/wp\/v2\/posts\/2961\/revisions"}],"wp:featuredmedia":[{"embeddable":true,"href":"https:\/\/www.immobilienbusiness.ch\/de\/wp-json\/wp\/v2\/media\/2966"}],"wp:attachment":[{"href":"https:\/\/www.immobilienbusiness.ch\/de\/wp-json\/wp\/v2\/media?parent=2961"}],"wp:term":[{"taxonomy":"category","embeddable":true,"href":"https:\/\/www.immobilienbusiness.ch\/de\/wp-json\/wp\/v2\/categories?post=2961"},{"taxonomy":"post_tag","embeddable":true,"href":"https:\/\/www.immobilienbusiness.ch\/de\/wp-json\/wp\/v2\/tags?post=2961"}],"curies":[{"name":"wp","href":"https:\/\/api.w.org\/{rel}","templated":true}]}}