{"id":2912,"date":"2016-04-19T09:12:22","date_gmt":"2016-04-19T07:12:22","guid":{"rendered":"http:\/\/dev.immobilienbusiness.ch\/?p=2912"},"modified":"2016-04-19T09:12:22","modified_gmt":"2016-04-19T07:12:22","slug":"basel-erweiterungsbau-des-kunstmuseums-eroeffnet","status":"publish","type":"post","link":"https:\/\/www.immobilienbusiness.ch\/de\/allgemein\/2016-04-19\/basel-erweiterungsbau-des-kunstmuseums-eroeffnet\/","title":{"rendered":"Basel: Erweiterungsbau des Kunstmuseums er\u00f6ffnet"},"content":{"rendered":"<figure id=\"attachment_2913\" aria-describedby=\"caption-attachment-2913\" style=\"width: 680px\" class=\"wp-caption alignnone\"><img loading=\"lazy\" decoding=\"async\" class=\"size-medium wp-image-2913\" src=\"https:\/\/immobilienbusiness.ch\/wp-content\/uploads\/2016\/12\/Basel-Erweiterungsbau-des-Kunstmuseums-er\u00f6ffnet-immobilien-business.jpg\" alt=\"Der Neubau des Kunstmuseums Basel (Foto: Kunstmuseum Basel, Julian Salinas)\" width=\"680\" height=\"453\" \/><figcaption id=\"caption-attachment-2913\" class=\"wp-caption-text\">Der Neubau des Kunstmuseums Basel (Foto: Kunstmuseum Basel, Julian Salinas)<\/figcaption><\/figure>\n<p>Mit dem markanten Neubau bekommt das Kunstmuseum neben dem Hauptbau und dem Gegenwartskunst-Museum am St. Alban-Rheinweg ein drittes Haus. Zusammen haben alle drei H\u00e4user rund 10.000 qm Ausstellungsfl\u00e4che.<\/p>\n<p>In dem Neubau sollen k\u00fcnftig vor allem grosse Sonderausstellungen gezeigt werden. Aber auch f\u00fcr die st\u00e4ndig wachsende Sammlung des Kunstmuseums stehen nun mehr Pr\u00e4sentationsfl\u00e4chen zur Verf\u00fcgung.<\/p>\n<p>Im Hauptbau, der nach rund 13-monatiger Teilsanierung mit neuen R\u00e4umlichkeiten f\u00fcr die Buchhandlung und Ateliers der Kunstvermittlung sowie einem baulichen Anschluss an die unterirdische Verbindung zum Neubau wiederer\u00f6ffnet, wird die europ\u00e4ische Kunst vom 15. Jahrhundert bis zum sp\u00e4ten Picasso und Gerhard Richter gezeigt.<\/p>\n<p>Die Investitionen f\u00fcr den Neubau beliefen sich auf 100 Millionen CHF. Die H\u00e4lfte davon wird von der M\u00e4zenin Maja Oeri finanziert; weitere 20 Millionen CHF hat sie f\u00fcr den Landerwerb beigesteuert. (ah)<\/p>\n","protected":false},"excerpt":{"rendered":"<p>Nach dreieinhalbj\u00e4hriger Bauzeit wurde am 15. April der Neubau des Kunstmuseums Basel gemeinsam mit dem teilsanierten Hauptbau feierlich er\u00f6ffnet. Die Pl\u00e4ne f\u00fcr den Erweiterungsbau stammen vom Basler Architekturb\u00fcro Christ &#038; Gantenbein.<\/p>\n","protected":false},"author":1,"featured_media":2913,"comment_status":"open","ping_status":"open","sticky":false,"template":"","format":"standard","meta":{"_acf_changed":false,"_yoast_wpseo_focuskw":"Kunstmuseums","_yoast_wpseo_title":"","_yoast_wpseo_metadesc":"Nach dreieinhalbj\u00e4hriger Bauzeit wurde am 15. April der Neubau des Kunstmuseums Basel gemeinsam mit dem teilsanierten Hauptbau feierlich er\u00f6ffnet.","_yoast_wpseo_linkdex":71,"pgc_sgb_lightbox_settings":"","footnotes":""},"categories":[1],"tags":[1069],"class_list":["post-2912","post","type-post","status-publish","format-standard","has-post-thumbnail","hentry","category-allgemein","tag-basel"],"acf":[],"yoast_head":"<!-- This site is optimized with the Yoast SEO plugin v27.4 - https:\/\/yoast.com\/product\/yoast-seo-wordpress\/ -->\n<title>Basel: Erweiterungsbau des Kunstmuseums er\u00f6ffnet - IMMOBILIEN Business<\/title>\n<meta name=\"description\" content=\"Nach dreieinhalbj\u00e4hriger Bauzeit wurde am 15. April der Neubau des Kunstmuseums Basel gemeinsam mit dem teilsanierten Hauptbau feierlich er\u00f6ffnet.\" \/>\n<meta name=\"robots\" content=\"index, follow, max-snippet:-1, max-image-preview:large, max-video-preview:-1\" \/>\n<link rel=\"canonical\" href=\"https:\/\/www.immobilienbusiness.ch\/de\/allgemein\/2016-04-19\/basel-erweiterungsbau-des-kunstmuseums-eroeffnet\/\" \/>\n<meta property=\"og:locale\" content=\"de_DE\" \/>\n<meta property=\"og:type\" content=\"article\" \/>\n<meta property=\"og:title\" content=\"Basel: Erweiterungsbau des Kunstmuseums er\u00f6ffnet\" \/>\n<meta property=\"og:description\" content=\"Nach dreieinhalbj\u00e4hriger Bauzeit wurde am 15. April der Neubau des Kunstmuseums Basel gemeinsam mit dem teilsanierten Hauptbau feierlich er\u00f6ffnet. Die Pl\u00e4ne f\u00fcr den Erweiterungsbau stammen vom Basler Architekturb\u00fcro Christ &amp; Gantenbein.\" \/>\n<meta property=\"og:url\" content=\"https:\/\/www.immobilienbusiness.ch\/de\/allgemein\/2016-04-19\/basel-erweiterungsbau-des-kunstmuseums-eroeffnet\/\" \/>\n<meta property=\"og:site_name\" content=\"IMMOBILIEN Business\" \/>\n<meta property=\"article:publisher\" content=\"https:\/\/www.facebook.com\/immobilienbusiness\/\" \/>\n<meta property=\"article:published_time\" content=\"2016-04-19T07:12:22+00:00\" \/>\n<meta name=\"author\" content=\"Redaktion\" \/>\n<meta name=\"twitter:card\" content=\"summary_large_image\" \/>\n<meta name=\"twitter:image\" content=\"https:\/\/www.immobilienbusiness.ch\/wp-content\/uploads\/2016\/12\/Basel-Erweiterungsbau-des-Kunstmuseums-eroeffnet-immobilien-business.jpg\" \/>\n<script type=\"application\/ld+json\" class=\"yoast-schema-graph\">{\"@context\":\"https:\\\/\\\/schema.org\",\"@graph\":[{\"@type\":\"Article\",\"@id\":\"https:\\\/\\\/www.immobilienbusiness.ch\\\/allgemein\\\/2016-04-19\\\/basel-erweiterungsbau-des-kunstmuseums-eroeffnet\\\/#article\",\"isPartOf\":{\"@id\":\"https:\\\/\\\/www.immobilienbusiness.ch\\\/allgemein\\\/2016-04-19\\\/basel-erweiterungsbau-des-kunstmuseums-eroeffnet\\\/\"},\"author\":{\"name\":\"Redaktion\",\"@id\":\"https:\\\/\\\/www.immobilienbusiness.ch\\\/#\\\/schema\\\/person\\\/aa2bace6c5c5aad60102004a50c4eb1c\"},\"headline\":\"Basel: Erweiterungsbau des Kunstmuseums er\u00f6ffnet\",\"datePublished\":\"2016-04-19T07:12:22+00:00\",\"mainEntityOfPage\":{\"@id\":\"https:\\\/\\\/www.immobilienbusiness.ch\\\/allgemein\\\/2016-04-19\\\/basel-erweiterungsbau-des-kunstmuseums-eroeffnet\\\/\"},\"wordCount\":165,\"commentCount\":0,\"publisher\":{\"@id\":\"https:\\\/\\\/www.immobilienbusiness.ch\\\/#organization\"},\"image\":{\"@id\":\"https:\\\/\\\/www.immobilienbusiness.ch\\\/allgemein\\\/2016-04-19\\\/basel-erweiterungsbau-des-kunstmuseums-eroeffnet\\\/#primaryimage\"},\"thumbnailUrl\":\"https:\\\/\\\/www.immobilienbusiness.ch\\\/wp-content\\\/uploads\\\/2016\\\/12\\\/Basel-Erweiterungsbau-des-Kunstmuseums-eroeffnet-immobilien-business.jpg\",\"keywords\":[\"Basel\"],\"inLanguage\":\"de\"},{\"@type\":\"WebPage\",\"@id\":\"https:\\\/\\\/www.immobilienbusiness.ch\\\/allgemein\\\/2016-04-19\\\/basel-erweiterungsbau-des-kunstmuseums-eroeffnet\\\/\",\"url\":\"https:\\\/\\\/www.immobilienbusiness.ch\\\/allgemein\\\/2016-04-19\\\/basel-erweiterungsbau-des-kunstmuseums-eroeffnet\\\/\",\"name\":\"Basel: Erweiterungsbau des Kunstmuseums er\u00f6ffnet - IMMOBILIEN Business\",\"isPartOf\":{\"@id\":\"https:\\\/\\\/www.immobilienbusiness.ch\\\/#website\"},\"primaryImageOfPage\":{\"@id\":\"https:\\\/\\\/www.immobilienbusiness.ch\\\/allgemein\\\/2016-04-19\\\/basel-erweiterungsbau-des-kunstmuseums-eroeffnet\\\/#primaryimage\"},\"image\":{\"@id\":\"https:\\\/\\\/www.immobilienbusiness.ch\\\/allgemein\\\/2016-04-19\\\/basel-erweiterungsbau-des-kunstmuseums-eroeffnet\\\/#primaryimage\"},\"thumbnailUrl\":\"https:\\\/\\\/www.immobilienbusiness.ch\\\/wp-content\\\/uploads\\\/2016\\\/12\\\/Basel-Erweiterungsbau-des-Kunstmuseums-eroeffnet-immobilien-business.jpg\",\"datePublished\":\"2016-04-19T07:12:22+00:00\",\"description\":\"Nach dreieinhalbj\u00e4hriger Bauzeit wurde am 15. April der Neubau des Kunstmuseums Basel gemeinsam mit dem teilsanierten Hauptbau feierlich er\u00f6ffnet.\",\"breadcrumb\":{\"@id\":\"https:\\\/\\\/www.immobilienbusiness.ch\\\/allgemein\\\/2016-04-19\\\/basel-erweiterungsbau-des-kunstmuseums-eroeffnet\\\/#breadcrumb\"},\"inLanguage\":\"de\",\"potentialAction\":[{\"@type\":\"ReadAction\",\"target\":[\"https:\\\/\\\/www.immobilienbusiness.ch\\\/allgemein\\\/2016-04-19\\\/basel-erweiterungsbau-des-kunstmuseums-eroeffnet\\\/\"]}]},{\"@type\":\"ImageObject\",\"inLanguage\":\"de\",\"@id\":\"https:\\\/\\\/www.immobilienbusiness.ch\\\/allgemein\\\/2016-04-19\\\/basel-erweiterungsbau-des-kunstmuseums-eroeffnet\\\/#primaryimage\",\"url\":\"https:\\\/\\\/www.immobilienbusiness.ch\\\/wp-content\\\/uploads\\\/2016\\\/12\\\/Basel-Erweiterungsbau-des-Kunstmuseums-eroeffnet-immobilien-business.jpg\",\"contentUrl\":\"https:\\\/\\\/www.immobilienbusiness.ch\\\/wp-content\\\/uploads\\\/2016\\\/12\\\/Basel-Erweiterungsbau-des-Kunstmuseums-eroeffnet-immobilien-business.jpg\",\"width\":2499,\"height\":1666,\"caption\":\"Der Neubau des Kunstmuseums Basel (Foto: Kunstmuseum Basel, Julian Salinas)\"},{\"@type\":\"BreadcrumbList\",\"@id\":\"https:\\\/\\\/www.immobilienbusiness.ch\\\/allgemein\\\/2016-04-19\\\/basel-erweiterungsbau-des-kunstmuseums-eroeffnet\\\/#breadcrumb\",\"itemListElement\":[{\"@type\":\"ListItem\",\"position\":1,\"name\":\"Home\",\"item\":\"https:\\\/\\\/www.immobilienbusiness.ch\\\/\"},{\"@type\":\"ListItem\",\"position\":2,\"name\":\"Basel: Erweiterungsbau des Kunstmuseums er\u00f6ffnet\"}]},{\"@type\":\"WebSite\",\"@id\":\"https:\\\/\\\/www.immobilienbusiness.ch\\\/#website\",\"url\":\"https:\\\/\\\/www.immobilienbusiness.ch\\\/\",\"name\":\"IMMOBILIEN Business\",\"description\":\"Unabh\u00e4ngiges Schweizer Wirtschaftsmagazin mit Fokus auf Immobilien, Architektur- und Bau sowie Investment- und Finanzierung.\",\"publisher\":{\"@id\":\"https:\\\/\\\/www.immobilienbusiness.ch\\\/#organization\"},\"potentialAction\":[{\"@type\":\"SearchAction\",\"target\":{\"@type\":\"EntryPoint\",\"urlTemplate\":\"https:\\\/\\\/www.immobilienbusiness.ch\\\/?s={search_term_string}\"},\"query-input\":{\"@type\":\"PropertyValueSpecification\",\"valueRequired\":true,\"valueName\":\"search_term_string\"}}],\"inLanguage\":\"de\"},{\"@type\":\"Organization\",\"@id\":\"https:\\\/\\\/www.immobilienbusiness.ch\\\/#organization\",\"name\":\"IMMOBILIEN Business\",\"url\":\"https:\\\/\\\/www.immobilienbusiness.ch\\\/\",\"logo\":{\"@type\":\"ImageObject\",\"inLanguage\":\"de\",\"@id\":\"https:\\\/\\\/www.immobilienbusiness.ch\\\/#\\\/schema\\\/logo\\\/image\\\/\",\"url\":\"https:\\\/\\\/www.immobilienbusiness.ch\\\/wp-content\\\/uploads\\\/2021\\\/07\\\/logo_ib.png\",\"contentUrl\":\"https:\\\/\\\/www.immobilienbusiness.ch\\\/wp-content\\\/uploads\\\/2021\\\/07\\\/logo_ib.png\",\"width\":800,\"height\":181,\"caption\":\"IMMOBILIEN Business\"},\"image\":{\"@id\":\"https:\\\/\\\/www.immobilienbusiness.ch\\\/#\\\/schema\\\/logo\\\/image\\\/\"},\"sameAs\":[\"https:\\\/\\\/www.facebook.com\\\/immobilienbusiness\\\/\"]},{\"@type\":\"Person\",\"@id\":\"https:\\\/\\\/www.immobilienbusiness.ch\\\/#\\\/schema\\\/person\\\/aa2bace6c5c5aad60102004a50c4eb1c\",\"name\":\"Redaktion\",\"image\":{\"@type\":\"ImageObject\",\"inLanguage\":\"de\",\"@id\":\"https:\\\/\\\/secure.gravatar.com\\\/avatar\\\/ae2f4d718e6c49043e314ce431e7e645d646302a24a5ef5a8bc8e3f5a032e319?s=96&d=mm&r=g\",\"url\":\"https:\\\/\\\/secure.gravatar.com\\\/avatar\\\/ae2f4d718e6c49043e314ce431e7e645d646302a24a5ef5a8bc8e3f5a032e319?s=96&d=mm&r=g\",\"contentUrl\":\"https:\\\/\\\/secure.gravatar.com\\\/avatar\\\/ae2f4d718e6c49043e314ce431e7e645d646302a24a5ef5a8bc8e3f5a032e319?s=96&d=mm&r=g\",\"caption\":\"Redaktion\"},\"sameAs\":[\"http:\\\/\\\/develop.organisator.galledia.ch\"],\"url\":\"https:\\\/\\\/www.immobilienbusiness.ch\\\/de\\\/author\\\/admin\\\/\"}]}<\/script>\n<!-- \/ Yoast SEO plugin. -->","yoast_head_json":{"title":"Basel: Erweiterungsbau des Kunstmuseums er\u00f6ffnet - IMMOBILIEN Business","description":"Nach dreieinhalbj\u00e4hriger Bauzeit wurde am 15. April der Neubau des Kunstmuseums Basel gemeinsam mit dem teilsanierten Hauptbau feierlich er\u00f6ffnet.","robots":{"index":"index","follow":"follow","max-snippet":"max-snippet:-1","max-image-preview":"max-image-preview:large","max-video-preview":"max-video-preview:-1"},"canonical":"https:\/\/www.immobilienbusiness.ch\/de\/allgemein\/2016-04-19\/basel-erweiterungsbau-des-kunstmuseums-eroeffnet\/","og_locale":"de_DE","og_type":"article","og_title":"Basel: Erweiterungsbau des Kunstmuseums er\u00f6ffnet","og_description":"Nach dreieinhalbj\u00e4hriger Bauzeit wurde am 15. April der Neubau des Kunstmuseums Basel gemeinsam mit dem teilsanierten Hauptbau feierlich er\u00f6ffnet. Die Pl\u00e4ne f\u00fcr den Erweiterungsbau stammen vom Basler Architekturb\u00fcro Christ & Gantenbein.","og_url":"https:\/\/www.immobilienbusiness.ch\/de\/allgemein\/2016-04-19\/basel-erweiterungsbau-des-kunstmuseums-eroeffnet\/","og_site_name":"IMMOBILIEN Business","article_publisher":"https:\/\/www.facebook.com\/immobilienbusiness\/","article_published_time":"2016-04-19T07:12:22+00:00","author":"Redaktion","twitter_card":"summary_large_image","twitter_image":"https:\/\/www.immobilienbusiness.ch\/wp-content\/uploads\/2016\/12\/Basel-Erweiterungsbau-des-Kunstmuseums-eroeffnet-immobilien-business.jpg","schema":{"@context":"https:\/\/schema.org","@graph":[{"@type":"Article","@id":"https:\/\/www.immobilienbusiness.ch\/allgemein\/2016-04-19\/basel-erweiterungsbau-des-kunstmuseums-eroeffnet\/#article","isPartOf":{"@id":"https:\/\/www.immobilienbusiness.ch\/allgemein\/2016-04-19\/basel-erweiterungsbau-des-kunstmuseums-eroeffnet\/"},"author":{"name":"Redaktion","@id":"https:\/\/www.immobilienbusiness.ch\/#\/schema\/person\/aa2bace6c5c5aad60102004a50c4eb1c"},"headline":"Basel: Erweiterungsbau des Kunstmuseums er\u00f6ffnet","datePublished":"2016-04-19T07:12:22+00:00","mainEntityOfPage":{"@id":"https:\/\/www.immobilienbusiness.ch\/allgemein\/2016-04-19\/basel-erweiterungsbau-des-kunstmuseums-eroeffnet\/"},"wordCount":165,"commentCount":0,"publisher":{"@id":"https:\/\/www.immobilienbusiness.ch\/#organization"},"image":{"@id":"https:\/\/www.immobilienbusiness.ch\/allgemein\/2016-04-19\/basel-erweiterungsbau-des-kunstmuseums-eroeffnet\/#primaryimage"},"thumbnailUrl":"https:\/\/www.immobilienbusiness.ch\/wp-content\/uploads\/2016\/12\/Basel-Erweiterungsbau-des-Kunstmuseums-eroeffnet-immobilien-business.jpg","keywords":["Basel"],"inLanguage":"de"},{"@type":"WebPage","@id":"https:\/\/www.immobilienbusiness.ch\/allgemein\/2016-04-19\/basel-erweiterungsbau-des-kunstmuseums-eroeffnet\/","url":"https:\/\/www.immobilienbusiness.ch\/allgemein\/2016-04-19\/basel-erweiterungsbau-des-kunstmuseums-eroeffnet\/","name":"Basel: Erweiterungsbau des Kunstmuseums er\u00f6ffnet - IMMOBILIEN Business","isPartOf":{"@id":"https:\/\/www.immobilienbusiness.ch\/#website"},"primaryImageOfPage":{"@id":"https:\/\/www.immobilienbusiness.ch\/allgemein\/2016-04-19\/basel-erweiterungsbau-des-kunstmuseums-eroeffnet\/#primaryimage"},"image":{"@id":"https:\/\/www.immobilienbusiness.ch\/allgemein\/2016-04-19\/basel-erweiterungsbau-des-kunstmuseums-eroeffnet\/#primaryimage"},"thumbnailUrl":"https:\/\/www.immobilienbusiness.ch\/wp-content\/uploads\/2016\/12\/Basel-Erweiterungsbau-des-Kunstmuseums-eroeffnet-immobilien-business.jpg","datePublished":"2016-04-19T07:12:22+00:00","description":"Nach dreieinhalbj\u00e4hriger Bauzeit wurde am 15. April der Neubau des Kunstmuseums Basel gemeinsam mit dem teilsanierten Hauptbau feierlich er\u00f6ffnet.","breadcrumb":{"@id":"https:\/\/www.immobilienbusiness.ch\/allgemein\/2016-04-19\/basel-erweiterungsbau-des-kunstmuseums-eroeffnet\/#breadcrumb"},"inLanguage":"de","potentialAction":[{"@type":"ReadAction","target":["https:\/\/www.immobilienbusiness.ch\/allgemein\/2016-04-19\/basel-erweiterungsbau-des-kunstmuseums-eroeffnet\/"]}]},{"@type":"ImageObject","inLanguage":"de","@id":"https:\/\/www.immobilienbusiness.ch\/allgemein\/2016-04-19\/basel-erweiterungsbau-des-kunstmuseums-eroeffnet\/#primaryimage","url":"https:\/\/www.immobilienbusiness.ch\/wp-content\/uploads\/2016\/12\/Basel-Erweiterungsbau-des-Kunstmuseums-eroeffnet-immobilien-business.jpg","contentUrl":"https:\/\/www.immobilienbusiness.ch\/wp-content\/uploads\/2016\/12\/Basel-Erweiterungsbau-des-Kunstmuseums-eroeffnet-immobilien-business.jpg","width":2499,"height":1666,"caption":"Der Neubau des Kunstmuseums Basel (Foto: Kunstmuseum Basel, Julian Salinas)"},{"@type":"BreadcrumbList","@id":"https:\/\/www.immobilienbusiness.ch\/allgemein\/2016-04-19\/basel-erweiterungsbau-des-kunstmuseums-eroeffnet\/#breadcrumb","itemListElement":[{"@type":"ListItem","position":1,"name":"Home","item":"https:\/\/www.immobilienbusiness.ch\/"},{"@type":"ListItem","position":2,"name":"Basel: Erweiterungsbau des Kunstmuseums er\u00f6ffnet"}]},{"@type":"WebSite","@id":"https:\/\/www.immobilienbusiness.ch\/#website","url":"https:\/\/www.immobilienbusiness.ch\/","name":"IMMOBILIEN Business","description":"Unabh\u00e4ngiges Schweizer Wirtschaftsmagazin mit Fokus auf Immobilien, Architektur- und Bau sowie Investment- und Finanzierung.","publisher":{"@id":"https:\/\/www.immobilienbusiness.ch\/#organization"},"potentialAction":[{"@type":"SearchAction","target":{"@type":"EntryPoint","urlTemplate":"https:\/\/www.immobilienbusiness.ch\/?s={search_term_string}"},"query-input":{"@type":"PropertyValueSpecification","valueRequired":true,"valueName":"search_term_string"}}],"inLanguage":"de"},{"@type":"Organization","@id":"https:\/\/www.immobilienbusiness.ch\/#organization","name":"IMMOBILIEN Business","url":"https:\/\/www.immobilienbusiness.ch\/","logo":{"@type":"ImageObject","inLanguage":"de","@id":"https:\/\/www.immobilienbusiness.ch\/#\/schema\/logo\/image\/","url":"https:\/\/www.immobilienbusiness.ch\/wp-content\/uploads\/2021\/07\/logo_ib.png","contentUrl":"https:\/\/www.immobilienbusiness.ch\/wp-content\/uploads\/2021\/07\/logo_ib.png","width":800,"height":181,"caption":"IMMOBILIEN Business"},"image":{"@id":"https:\/\/www.immobilienbusiness.ch\/#\/schema\/logo\/image\/"},"sameAs":["https:\/\/www.facebook.com\/immobilienbusiness\/"]},{"@type":"Person","@id":"https:\/\/www.immobilienbusiness.ch\/#\/schema\/person\/aa2bace6c5c5aad60102004a50c4eb1c","name":"Redaktion","image":{"@type":"ImageObject","inLanguage":"de","@id":"https:\/\/secure.gravatar.com\/avatar\/ae2f4d718e6c49043e314ce431e7e645d646302a24a5ef5a8bc8e3f5a032e319?s=96&d=mm&r=g","url":"https:\/\/secure.gravatar.com\/avatar\/ae2f4d718e6c49043e314ce431e7e645d646302a24a5ef5a8bc8e3f5a032e319?s=96&d=mm&r=g","contentUrl":"https:\/\/secure.gravatar.com\/avatar\/ae2f4d718e6c49043e314ce431e7e645d646302a24a5ef5a8bc8e3f5a032e319?s=96&d=mm&r=g","caption":"Redaktion"},"sameAs":["http:\/\/develop.organisator.galledia.ch"],"url":"https:\/\/www.immobilienbusiness.ch\/de\/author\/admin\/"}]}},"_links":{"self":[{"href":"https:\/\/www.immobilienbusiness.ch\/de\/wp-json\/wp\/v2\/posts\/2912","targetHints":{"allow":["GET"]}}],"collection":[{"href":"https:\/\/www.immobilienbusiness.ch\/de\/wp-json\/wp\/v2\/posts"}],"about":[{"href":"https:\/\/www.immobilienbusiness.ch\/de\/wp-json\/wp\/v2\/types\/post"}],"author":[{"embeddable":true,"href":"https:\/\/www.immobilienbusiness.ch\/de\/wp-json\/wp\/v2\/users\/1"}],"replies":[{"embeddable":true,"href":"https:\/\/www.immobilienbusiness.ch\/de\/wp-json\/wp\/v2\/comments?post=2912"}],"version-history":[{"count":0,"href":"https:\/\/www.immobilienbusiness.ch\/de\/wp-json\/wp\/v2\/posts\/2912\/revisions"}],"wp:featuredmedia":[{"embeddable":true,"href":"https:\/\/www.immobilienbusiness.ch\/de\/wp-json\/wp\/v2\/media\/2913"}],"wp:attachment":[{"href":"https:\/\/www.immobilienbusiness.ch\/de\/wp-json\/wp\/v2\/media?parent=2912"}],"wp:term":[{"taxonomy":"category","embeddable":true,"href":"https:\/\/www.immobilienbusiness.ch\/de\/wp-json\/wp\/v2\/categories?post=2912"},{"taxonomy":"post_tag","embeddable":true,"href":"https:\/\/www.immobilienbusiness.ch\/de\/wp-json\/wp\/v2\/tags?post=2912"}],"curies":[{"name":"wp","href":"https:\/\/api.w.org\/{rel}","templated":true}]}}