{"id":2823,"date":"2016-04-07T08:33:14","date_gmt":"2016-04-07T06:33:14","guid":{"rendered":"http:\/\/dev.immobilienbusiness.ch\/?p=2823"},"modified":"2016-04-07T08:33:14","modified_gmt":"2016-04-07T06:33:14","slug":"poeyry-schweiz-marcel-winter-ist-neuer-geschaeftsfuehrer","status":"publish","type":"post","link":"https:\/\/www.immobilienbusiness.ch\/de\/allgemein\/2016-04-07\/poeyry-schweiz-marcel-winter-ist-neuer-geschaeftsfuehrer\/","title":{"rendered":"P\u00f6yry Schweiz: Marcel Winter ist neuer Gesch\u00e4ftsf\u00fchrer"},"content":{"rendered":"<figure id=\"attachment_2824\" aria-describedby=\"caption-attachment-2824\" style=\"width: 680px\" class=\"wp-caption alignnone\"><img loading=\"lazy\" decoding=\"async\" class=\"size-medium wp-image-2824\" src=\"https:\/\/immobilienbusiness.ch\/wp-content\/uploads\/2016\/12\/P\u00f6yry-Schweiz-Marcel-Winter-ist-neuer-Gesch\u00e4ftsf\u00fchrer-immobilien-business.jpg\" alt=\"Marcel Winter ist neuer Gesch\u00e4ftsleiter der P\u00f6yry Schweiz AG (Foto: P\u00f6yry Schweiz AG)\" width=\"680\" height=\"724\" \/><figcaption id=\"caption-attachment-2824\" class=\"wp-caption-text\">Marcel Winter ist neuer Gesch\u00e4ftsleiter der P\u00f6yry Schweiz AG (Foto: P\u00f6yry Schweiz AG)<\/figcaption><\/figure>\n<p>Marcel Winter war bislang GL-Mitglied und mit der F\u00fchrung des Gesch\u00e4ftsfeldes Tiefbauten betraut, welches er ad interim weiterf\u00fchren wird, bis ein Nachfolger ernannt ist.<\/p>\n<p>Winter ist seit 13 Jahren f\u00fcr P\u00f6yry t\u00e4tig, zun\u00e4chst als Projektleiter im Tunnelbau, sp\u00e4ter als Bereichsleiter \u00abTiefbauten\u00bb. Winter hat nach einer Bauzeichnerlehre das Bauingenieurstudium an der ETH Z\u00fcrich absolviert und vor kurzem einen EMBA abgeschlossen.<\/p>\n<p>\u00abEs ist mir ein pers\u00f6nliches Anliegen, P\u00f6yry Schweiz als erfolgreiches Unternehmen in den Gesch\u00e4ftsfeldern Tiefbauten, Geb\u00e4ude, Umwelt, Verkehr inklusive Bahntechnik sowie Wasserkraft und Thermische Energie in der gesamten Schweiz gezielt weiter zu entwickeln\u00bb, sagt Winter.<\/p>\n<p>Sein Vorg\u00e4nger als Gesch\u00e4ftsf\u00fchrer, Roland Keller, hat w\u00e4hrend seiner Amtszeit die Fusion der drei Schweizer Firmen P\u00f6yry Energy AG, P\u00f6yry Infra AG und pkag Paul Keller Ingenieure AG realisiert und in der Folge die P\u00f6yry Schweiz AG am Markt etabliert.<\/p>\n<p>P\u00f6yry ist ein international t\u00e4tiges Consulting- und Engineering-Unternehmen. Mit 6.000 Mitarbeitenden erzielte das Unternehmen 2015 einen Nettoumsatz von 575 Millionen Euro. In der Schweiz ist P\u00f6yry mit 700 Mitarbeitenden an den Standorten Z\u00fcrich, Bellinzona, Bern, Chur, Rotkreuz und Vevey vertreten. (ah)<\/p>\n","protected":false},"excerpt":{"rendered":"<p>Roland Keller hat per Ende M\u00e4rz den Vorsitz der Gesch\u00e4ftsleitung von P\u00f6yry Schweiz an Marcel Winter \u00fcbergeben.<\/p>\n","protected":false},"author":1,"featured_media":2824,"comment_status":"open","ping_status":"open","sticky":false,"template":"","format":"standard","meta":{"_acf_changed":false,"_yoast_wpseo_focuskw":"P\u00f6yry Schweiz","_yoast_wpseo_title":"Poyry Schweiz: Marcel Winter ist neuer Geschaeftsfuhrer","_yoast_wpseo_metadesc":"Marcel Winter \u00fcbernimmt die Leitung von Poyry Schweiz. Das Unternehmen bleibt in den Bereichen Tiefbauten, Umwelt und Energie weiterhin erfolgreich.","_yoast_wpseo_linkdex":68,"pgc_sgb_lightbox_settings":"","footnotes":""},"categories":[1],"tags":[1216,1564],"class_list":["post-2823","post","type-post","status-publish","format-standard","has-post-thumbnail","hentry","category-allgemein","tag-facility-management","tag-personalien"],"acf":[],"yoast_head":"<!-- This site is optimized with the Yoast SEO plugin v27.4 - https:\/\/yoast.com\/product\/yoast-seo-wordpress\/ -->\n<title>Poyry Schweiz: Marcel Winter ist neuer Geschaeftsfuhrer<\/title>\n<meta name=\"description\" content=\"Marcel Winter \u00fcbernimmt die Leitung von Poyry Schweiz. Das Unternehmen bleibt in den Bereichen Tiefbauten, Umwelt und Energie weiterhin erfolgreich.\" \/>\n<meta name=\"robots\" content=\"index, follow, max-snippet:-1, max-image-preview:large, max-video-preview:-1\" \/>\n<link rel=\"canonical\" href=\"https:\/\/www.immobilienbusiness.ch\/de\/allgemein\/2016-04-07\/poeyry-schweiz-marcel-winter-ist-neuer-geschaeftsfuehrer\/\" \/>\n<meta property=\"og:locale\" content=\"de_DE\" \/>\n<meta property=\"og:type\" content=\"article\" \/>\n<meta property=\"og:title\" content=\"P\u00f6yry Schweiz: Marcel Winter ist neuer Gesch\u00e4ftsf\u00fchrer\" \/>\n<meta property=\"og:description\" content=\"Roland Keller hat per Ende M\u00e4rz den Vorsitz der Gesch\u00e4ftsleitung von P\u00f6yry Schweiz an Marcel Winter \u00fcbergeben.\" \/>\n<meta property=\"og:url\" content=\"https:\/\/www.immobilienbusiness.ch\/de\/allgemein\/2016-04-07\/poeyry-schweiz-marcel-winter-ist-neuer-geschaeftsfuehrer\/\" \/>\n<meta property=\"og:site_name\" content=\"IMMOBILIEN Business\" \/>\n<meta property=\"article:publisher\" content=\"https:\/\/www.facebook.com\/immobilienbusiness\/\" \/>\n<meta property=\"article:published_time\" content=\"2016-04-07T06:33:14+00:00\" \/>\n<meta name=\"author\" content=\"Redaktion\" \/>\n<meta name=\"twitter:card\" content=\"summary_large_image\" \/>\n<meta name=\"twitter:image\" content=\"https:\/\/www.immobilienbusiness.ch\/wp-content\/uploads\/2016\/12\/Poeyry-Schweiz-Marcel-Winter-ist-neuer-Geschaeftsfuehrer-immobilien-business.jpg\" \/>\n<script type=\"application\/ld+json\" class=\"yoast-schema-graph\">{\"@context\":\"https:\\\/\\\/schema.org\",\"@graph\":[{\"@type\":\"Article\",\"@id\":\"https:\\\/\\\/www.immobilienbusiness.ch\\\/allgemein\\\/2016-04-07\\\/poeyry-schweiz-marcel-winter-ist-neuer-geschaeftsfuehrer\\\/#article\",\"isPartOf\":{\"@id\":\"https:\\\/\\\/www.immobilienbusiness.ch\\\/allgemein\\\/2016-04-07\\\/poeyry-schweiz-marcel-winter-ist-neuer-geschaeftsfuehrer\\\/\"},\"author\":{\"name\":\"Redaktion\",\"@id\":\"https:\\\/\\\/www.immobilienbusiness.ch\\\/#\\\/schema\\\/person\\\/aa2bace6c5c5aad60102004a50c4eb1c\"},\"headline\":\"P\u00f6yry Schweiz: Marcel Winter ist neuer Gesch\u00e4ftsf\u00fchrer\",\"datePublished\":\"2016-04-07T06:33:14+00:00\",\"mainEntityOfPage\":{\"@id\":\"https:\\\/\\\/www.immobilienbusiness.ch\\\/allgemein\\\/2016-04-07\\\/poeyry-schweiz-marcel-winter-ist-neuer-geschaeftsfuehrer\\\/\"},\"wordCount\":227,\"commentCount\":0,\"publisher\":{\"@id\":\"https:\\\/\\\/www.immobilienbusiness.ch\\\/#organization\"},\"image\":{\"@id\":\"https:\\\/\\\/www.immobilienbusiness.ch\\\/allgemein\\\/2016-04-07\\\/poeyry-schweiz-marcel-winter-ist-neuer-geschaeftsfuehrer\\\/#primaryimage\"},\"thumbnailUrl\":\"https:\\\/\\\/www.immobilienbusiness.ch\\\/wp-content\\\/uploads\\\/2016\\\/12\\\/Poeyry-Schweiz-Marcel-Winter-ist-neuer-Geschaeftsfuehrer-immobilien-business.jpg\",\"keywords\":[\"Facility Management\",\"Personalien\"],\"inLanguage\":\"de\"},{\"@type\":\"WebPage\",\"@id\":\"https:\\\/\\\/www.immobilienbusiness.ch\\\/allgemein\\\/2016-04-07\\\/poeyry-schweiz-marcel-winter-ist-neuer-geschaeftsfuehrer\\\/\",\"url\":\"https:\\\/\\\/www.immobilienbusiness.ch\\\/allgemein\\\/2016-04-07\\\/poeyry-schweiz-marcel-winter-ist-neuer-geschaeftsfuehrer\\\/\",\"name\":\"Poyry Schweiz: Marcel Winter ist neuer Geschaeftsfuhrer\",\"isPartOf\":{\"@id\":\"https:\\\/\\\/www.immobilienbusiness.ch\\\/#website\"},\"primaryImageOfPage\":{\"@id\":\"https:\\\/\\\/www.immobilienbusiness.ch\\\/allgemein\\\/2016-04-07\\\/poeyry-schweiz-marcel-winter-ist-neuer-geschaeftsfuehrer\\\/#primaryimage\"},\"image\":{\"@id\":\"https:\\\/\\\/www.immobilienbusiness.ch\\\/allgemein\\\/2016-04-07\\\/poeyry-schweiz-marcel-winter-ist-neuer-geschaeftsfuehrer\\\/#primaryimage\"},\"thumbnailUrl\":\"https:\\\/\\\/www.immobilienbusiness.ch\\\/wp-content\\\/uploads\\\/2016\\\/12\\\/Poeyry-Schweiz-Marcel-Winter-ist-neuer-Geschaeftsfuehrer-immobilien-business.jpg\",\"datePublished\":\"2016-04-07T06:33:14+00:00\",\"description\":\"Marcel Winter \u00fcbernimmt die Leitung von Poyry Schweiz. Das Unternehmen bleibt in den Bereichen Tiefbauten, Umwelt und Energie weiterhin erfolgreich.\",\"breadcrumb\":{\"@id\":\"https:\\\/\\\/www.immobilienbusiness.ch\\\/allgemein\\\/2016-04-07\\\/poeyry-schweiz-marcel-winter-ist-neuer-geschaeftsfuehrer\\\/#breadcrumb\"},\"inLanguage\":\"de\",\"potentialAction\":[{\"@type\":\"ReadAction\",\"target\":[\"https:\\\/\\\/www.immobilienbusiness.ch\\\/allgemein\\\/2016-04-07\\\/poeyry-schweiz-marcel-winter-ist-neuer-geschaeftsfuehrer\\\/\"]}]},{\"@type\":\"ImageObject\",\"inLanguage\":\"de\",\"@id\":\"https:\\\/\\\/www.immobilienbusiness.ch\\\/allgemein\\\/2016-04-07\\\/poeyry-schweiz-marcel-winter-ist-neuer-geschaeftsfuehrer\\\/#primaryimage\",\"url\":\"https:\\\/\\\/www.immobilienbusiness.ch\\\/wp-content\\\/uploads\\\/2016\\\/12\\\/Poeyry-Schweiz-Marcel-Winter-ist-neuer-Geschaeftsfuehrer-immobilien-business.jpg\",\"contentUrl\":\"https:\\\/\\\/www.immobilienbusiness.ch\\\/wp-content\\\/uploads\\\/2016\\\/12\\\/Poeyry-Schweiz-Marcel-Winter-ist-neuer-Geschaeftsfuehrer-immobilien-business.jpg\",\"width\":768,\"height\":818,\"caption\":\"Marcel Winter ist neuer Gesch\u00e4ftsleiter der P\u00f6yry Schweiz AG (Foto: P\u00f6yry Schweiz AG)\"},{\"@type\":\"BreadcrumbList\",\"@id\":\"https:\\\/\\\/www.immobilienbusiness.ch\\\/allgemein\\\/2016-04-07\\\/poeyry-schweiz-marcel-winter-ist-neuer-geschaeftsfuehrer\\\/#breadcrumb\",\"itemListElement\":[{\"@type\":\"ListItem\",\"position\":1,\"name\":\"Home\",\"item\":\"https:\\\/\\\/www.immobilienbusiness.ch\\\/\"},{\"@type\":\"ListItem\",\"position\":2,\"name\":\"P\u00f6yry Schweiz: Marcel Winter ist neuer Gesch\u00e4ftsf\u00fchrer\"}]},{\"@type\":\"WebSite\",\"@id\":\"https:\\\/\\\/www.immobilienbusiness.ch\\\/#website\",\"url\":\"https:\\\/\\\/www.immobilienbusiness.ch\\\/\",\"name\":\"IMMOBILIEN Business\",\"description\":\"Unabh\u00e4ngiges Schweizer Wirtschaftsmagazin mit Fokus auf Immobilien, Architektur- und Bau sowie Investment- und Finanzierung.\",\"publisher\":{\"@id\":\"https:\\\/\\\/www.immobilienbusiness.ch\\\/#organization\"},\"potentialAction\":[{\"@type\":\"SearchAction\",\"target\":{\"@type\":\"EntryPoint\",\"urlTemplate\":\"https:\\\/\\\/www.immobilienbusiness.ch\\\/?s={search_term_string}\"},\"query-input\":{\"@type\":\"PropertyValueSpecification\",\"valueRequired\":true,\"valueName\":\"search_term_string\"}}],\"inLanguage\":\"de\"},{\"@type\":\"Organization\",\"@id\":\"https:\\\/\\\/www.immobilienbusiness.ch\\\/#organization\",\"name\":\"IMMOBILIEN Business\",\"url\":\"https:\\\/\\\/www.immobilienbusiness.ch\\\/\",\"logo\":{\"@type\":\"ImageObject\",\"inLanguage\":\"de\",\"@id\":\"https:\\\/\\\/www.immobilienbusiness.ch\\\/#\\\/schema\\\/logo\\\/image\\\/\",\"url\":\"https:\\\/\\\/www.immobilienbusiness.ch\\\/wp-content\\\/uploads\\\/2021\\\/07\\\/logo_ib.png\",\"contentUrl\":\"https:\\\/\\\/www.immobilienbusiness.ch\\\/wp-content\\\/uploads\\\/2021\\\/07\\\/logo_ib.png\",\"width\":800,\"height\":181,\"caption\":\"IMMOBILIEN Business\"},\"image\":{\"@id\":\"https:\\\/\\\/www.immobilienbusiness.ch\\\/#\\\/schema\\\/logo\\\/image\\\/\"},\"sameAs\":[\"https:\\\/\\\/www.facebook.com\\\/immobilienbusiness\\\/\"]},{\"@type\":\"Person\",\"@id\":\"https:\\\/\\\/www.immobilienbusiness.ch\\\/#\\\/schema\\\/person\\\/aa2bace6c5c5aad60102004a50c4eb1c\",\"name\":\"Redaktion\",\"image\":{\"@type\":\"ImageObject\",\"inLanguage\":\"de\",\"@id\":\"https:\\\/\\\/secure.gravatar.com\\\/avatar\\\/ae2f4d718e6c49043e314ce431e7e645d646302a24a5ef5a8bc8e3f5a032e319?s=96&d=mm&r=g\",\"url\":\"https:\\\/\\\/secure.gravatar.com\\\/avatar\\\/ae2f4d718e6c49043e314ce431e7e645d646302a24a5ef5a8bc8e3f5a032e319?s=96&d=mm&r=g\",\"contentUrl\":\"https:\\\/\\\/secure.gravatar.com\\\/avatar\\\/ae2f4d718e6c49043e314ce431e7e645d646302a24a5ef5a8bc8e3f5a032e319?s=96&d=mm&r=g\",\"caption\":\"Redaktion\"},\"sameAs\":[\"http:\\\/\\\/develop.organisator.galledia.ch\"],\"url\":\"https:\\\/\\\/www.immobilienbusiness.ch\\\/de\\\/author\\\/admin\\\/\"}]}<\/script>\n<!-- \/ Yoast SEO plugin. -->","yoast_head_json":{"title":"Poyry Schweiz: Marcel Winter ist neuer Geschaeftsfuhrer","description":"Marcel Winter \u00fcbernimmt die Leitung von Poyry Schweiz. Das Unternehmen bleibt in den Bereichen Tiefbauten, Umwelt und Energie weiterhin erfolgreich.","robots":{"index":"index","follow":"follow","max-snippet":"max-snippet:-1","max-image-preview":"max-image-preview:large","max-video-preview":"max-video-preview:-1"},"canonical":"https:\/\/www.immobilienbusiness.ch\/de\/allgemein\/2016-04-07\/poeyry-schweiz-marcel-winter-ist-neuer-geschaeftsfuehrer\/","og_locale":"de_DE","og_type":"article","og_title":"P\u00f6yry Schweiz: Marcel Winter ist neuer Gesch\u00e4ftsf\u00fchrer","og_description":"Roland Keller hat per Ende M\u00e4rz den Vorsitz der Gesch\u00e4ftsleitung von P\u00f6yry Schweiz an Marcel Winter \u00fcbergeben.","og_url":"https:\/\/www.immobilienbusiness.ch\/de\/allgemein\/2016-04-07\/poeyry-schweiz-marcel-winter-ist-neuer-geschaeftsfuehrer\/","og_site_name":"IMMOBILIEN Business","article_publisher":"https:\/\/www.facebook.com\/immobilienbusiness\/","article_published_time":"2016-04-07T06:33:14+00:00","author":"Redaktion","twitter_card":"summary_large_image","twitter_image":"https:\/\/www.immobilienbusiness.ch\/wp-content\/uploads\/2016\/12\/Poeyry-Schweiz-Marcel-Winter-ist-neuer-Geschaeftsfuehrer-immobilien-business.jpg","schema":{"@context":"https:\/\/schema.org","@graph":[{"@type":"Article","@id":"https:\/\/www.immobilienbusiness.ch\/allgemein\/2016-04-07\/poeyry-schweiz-marcel-winter-ist-neuer-geschaeftsfuehrer\/#article","isPartOf":{"@id":"https:\/\/www.immobilienbusiness.ch\/allgemein\/2016-04-07\/poeyry-schweiz-marcel-winter-ist-neuer-geschaeftsfuehrer\/"},"author":{"name":"Redaktion","@id":"https:\/\/www.immobilienbusiness.ch\/#\/schema\/person\/aa2bace6c5c5aad60102004a50c4eb1c"},"headline":"P\u00f6yry Schweiz: Marcel Winter ist neuer Gesch\u00e4ftsf\u00fchrer","datePublished":"2016-04-07T06:33:14+00:00","mainEntityOfPage":{"@id":"https:\/\/www.immobilienbusiness.ch\/allgemein\/2016-04-07\/poeyry-schweiz-marcel-winter-ist-neuer-geschaeftsfuehrer\/"},"wordCount":227,"commentCount":0,"publisher":{"@id":"https:\/\/www.immobilienbusiness.ch\/#organization"},"image":{"@id":"https:\/\/www.immobilienbusiness.ch\/allgemein\/2016-04-07\/poeyry-schweiz-marcel-winter-ist-neuer-geschaeftsfuehrer\/#primaryimage"},"thumbnailUrl":"https:\/\/www.immobilienbusiness.ch\/wp-content\/uploads\/2016\/12\/Poeyry-Schweiz-Marcel-Winter-ist-neuer-Geschaeftsfuehrer-immobilien-business.jpg","keywords":["Facility Management","Personalien"],"inLanguage":"de"},{"@type":"WebPage","@id":"https:\/\/www.immobilienbusiness.ch\/allgemein\/2016-04-07\/poeyry-schweiz-marcel-winter-ist-neuer-geschaeftsfuehrer\/","url":"https:\/\/www.immobilienbusiness.ch\/allgemein\/2016-04-07\/poeyry-schweiz-marcel-winter-ist-neuer-geschaeftsfuehrer\/","name":"Poyry Schweiz: Marcel Winter ist neuer Geschaeftsfuhrer","isPartOf":{"@id":"https:\/\/www.immobilienbusiness.ch\/#website"},"primaryImageOfPage":{"@id":"https:\/\/www.immobilienbusiness.ch\/allgemein\/2016-04-07\/poeyry-schweiz-marcel-winter-ist-neuer-geschaeftsfuehrer\/#primaryimage"},"image":{"@id":"https:\/\/www.immobilienbusiness.ch\/allgemein\/2016-04-07\/poeyry-schweiz-marcel-winter-ist-neuer-geschaeftsfuehrer\/#primaryimage"},"thumbnailUrl":"https:\/\/www.immobilienbusiness.ch\/wp-content\/uploads\/2016\/12\/Poeyry-Schweiz-Marcel-Winter-ist-neuer-Geschaeftsfuehrer-immobilien-business.jpg","datePublished":"2016-04-07T06:33:14+00:00","description":"Marcel Winter \u00fcbernimmt die Leitung von Poyry Schweiz. Das Unternehmen bleibt in den Bereichen Tiefbauten, Umwelt und Energie weiterhin erfolgreich.","breadcrumb":{"@id":"https:\/\/www.immobilienbusiness.ch\/allgemein\/2016-04-07\/poeyry-schweiz-marcel-winter-ist-neuer-geschaeftsfuehrer\/#breadcrumb"},"inLanguage":"de","potentialAction":[{"@type":"ReadAction","target":["https:\/\/www.immobilienbusiness.ch\/allgemein\/2016-04-07\/poeyry-schweiz-marcel-winter-ist-neuer-geschaeftsfuehrer\/"]}]},{"@type":"ImageObject","inLanguage":"de","@id":"https:\/\/www.immobilienbusiness.ch\/allgemein\/2016-04-07\/poeyry-schweiz-marcel-winter-ist-neuer-geschaeftsfuehrer\/#primaryimage","url":"https:\/\/www.immobilienbusiness.ch\/wp-content\/uploads\/2016\/12\/Poeyry-Schweiz-Marcel-Winter-ist-neuer-Geschaeftsfuehrer-immobilien-business.jpg","contentUrl":"https:\/\/www.immobilienbusiness.ch\/wp-content\/uploads\/2016\/12\/Poeyry-Schweiz-Marcel-Winter-ist-neuer-Geschaeftsfuehrer-immobilien-business.jpg","width":768,"height":818,"caption":"Marcel Winter ist neuer Gesch\u00e4ftsleiter der P\u00f6yry Schweiz AG (Foto: P\u00f6yry Schweiz AG)"},{"@type":"BreadcrumbList","@id":"https:\/\/www.immobilienbusiness.ch\/allgemein\/2016-04-07\/poeyry-schweiz-marcel-winter-ist-neuer-geschaeftsfuehrer\/#breadcrumb","itemListElement":[{"@type":"ListItem","position":1,"name":"Home","item":"https:\/\/www.immobilienbusiness.ch\/"},{"@type":"ListItem","position":2,"name":"P\u00f6yry Schweiz: Marcel Winter ist neuer Gesch\u00e4ftsf\u00fchrer"}]},{"@type":"WebSite","@id":"https:\/\/www.immobilienbusiness.ch\/#website","url":"https:\/\/www.immobilienbusiness.ch\/","name":"IMMOBILIEN Business","description":"Unabh\u00e4ngiges Schweizer Wirtschaftsmagazin mit Fokus auf Immobilien, Architektur- und Bau sowie Investment- und Finanzierung.","publisher":{"@id":"https:\/\/www.immobilienbusiness.ch\/#organization"},"potentialAction":[{"@type":"SearchAction","target":{"@type":"EntryPoint","urlTemplate":"https:\/\/www.immobilienbusiness.ch\/?s={search_term_string}"},"query-input":{"@type":"PropertyValueSpecification","valueRequired":true,"valueName":"search_term_string"}}],"inLanguage":"de"},{"@type":"Organization","@id":"https:\/\/www.immobilienbusiness.ch\/#organization","name":"IMMOBILIEN Business","url":"https:\/\/www.immobilienbusiness.ch\/","logo":{"@type":"ImageObject","inLanguage":"de","@id":"https:\/\/www.immobilienbusiness.ch\/#\/schema\/logo\/image\/","url":"https:\/\/www.immobilienbusiness.ch\/wp-content\/uploads\/2021\/07\/logo_ib.png","contentUrl":"https:\/\/www.immobilienbusiness.ch\/wp-content\/uploads\/2021\/07\/logo_ib.png","width":800,"height":181,"caption":"IMMOBILIEN Business"},"image":{"@id":"https:\/\/www.immobilienbusiness.ch\/#\/schema\/logo\/image\/"},"sameAs":["https:\/\/www.facebook.com\/immobilienbusiness\/"]},{"@type":"Person","@id":"https:\/\/www.immobilienbusiness.ch\/#\/schema\/person\/aa2bace6c5c5aad60102004a50c4eb1c","name":"Redaktion","image":{"@type":"ImageObject","inLanguage":"de","@id":"https:\/\/secure.gravatar.com\/avatar\/ae2f4d718e6c49043e314ce431e7e645d646302a24a5ef5a8bc8e3f5a032e319?s=96&d=mm&r=g","url":"https:\/\/secure.gravatar.com\/avatar\/ae2f4d718e6c49043e314ce431e7e645d646302a24a5ef5a8bc8e3f5a032e319?s=96&d=mm&r=g","contentUrl":"https:\/\/secure.gravatar.com\/avatar\/ae2f4d718e6c49043e314ce431e7e645d646302a24a5ef5a8bc8e3f5a032e319?s=96&d=mm&r=g","caption":"Redaktion"},"sameAs":["http:\/\/develop.organisator.galledia.ch"],"url":"https:\/\/www.immobilienbusiness.ch\/de\/author\/admin\/"}]}},"_links":{"self":[{"href":"https:\/\/www.immobilienbusiness.ch\/de\/wp-json\/wp\/v2\/posts\/2823","targetHints":{"allow":["GET"]}}],"collection":[{"href":"https:\/\/www.immobilienbusiness.ch\/de\/wp-json\/wp\/v2\/posts"}],"about":[{"href":"https:\/\/www.immobilienbusiness.ch\/de\/wp-json\/wp\/v2\/types\/post"}],"author":[{"embeddable":true,"href":"https:\/\/www.immobilienbusiness.ch\/de\/wp-json\/wp\/v2\/users\/1"}],"replies":[{"embeddable":true,"href":"https:\/\/www.immobilienbusiness.ch\/de\/wp-json\/wp\/v2\/comments?post=2823"}],"version-history":[{"count":0,"href":"https:\/\/www.immobilienbusiness.ch\/de\/wp-json\/wp\/v2\/posts\/2823\/revisions"}],"wp:featuredmedia":[{"embeddable":true,"href":"https:\/\/www.immobilienbusiness.ch\/de\/wp-json\/wp\/v2\/media\/2824"}],"wp:attachment":[{"href":"https:\/\/www.immobilienbusiness.ch\/de\/wp-json\/wp\/v2\/media?parent=2823"}],"wp:term":[{"taxonomy":"category","embeddable":true,"href":"https:\/\/www.immobilienbusiness.ch\/de\/wp-json\/wp\/v2\/categories?post=2823"},{"taxonomy":"post_tag","embeddable":true,"href":"https:\/\/www.immobilienbusiness.ch\/de\/wp-json\/wp\/v2\/tags?post=2823"}],"curies":[{"name":"wp","href":"https:\/\/api.w.org\/{rel}","templated":true}]}}