{"id":2779,"date":"2016-04-01T08:29:10","date_gmt":"2016-04-01T06:29:10","guid":{"rendered":"http:\/\/dev.immobilienbusiness.ch\/?p=2779"},"modified":"2016-04-01T08:29:10","modified_gmt":"2016-04-01T06:29:10","slug":"kapitalerhoehung-fuer-valres-swiss-residential","status":"publish","type":"post","link":"https:\/\/www.immobilienbusiness.ch\/de\/allgemein\/2016-04-01\/kapitalerhoehung-fuer-valres-swiss-residential\/","title":{"rendered":"Kapitalerh\u00f6hung f\u00fcr Valres Swiss Residential"},"content":{"rendered":"<figure id=\"attachment_2780\" aria-describedby=\"caption-attachment-2780\" style=\"width: 680px\" class=\"wp-caption alignnone\"><img loading=\"lazy\" decoding=\"async\" class=\"size-medium wp-image-2780\" src=\"https:\/\/immobilienbusiness.ch\/wp-content\/uploads\/2016\/12\/Kapitalerh\u00f6hung-f\u00fcr-Valres-Swiss-Residential-immobilien-business.jpg\" alt=\"Kapitalerh\u00f6hung f\u00fcr den Valres Swiss Residential (Foto: Pixabay)\" width=\"680\" height=\"453\" \/><figcaption id=\"caption-attachment-2780\" class=\"wp-caption-text\">Kapitalerh\u00f6hung f\u00fcr den Valres Swiss Residential (Foto: Pixabay)<\/figcaption><\/figure>\n<p>Der Valres Swiss Residential Fund konzentriert sich auf Investments in der franz\u00f6sischen Schweiz. Heute betr\u00e4gt das Gesamtverm\u00f6gen des Fonds \u00fcber 41 Millionen CHF und beinhaltet acht Immobilien. Zuletzt wurde in Genf und Lausanne zugekauft. Die Leerstandquote liegt bei 0,38 Prozent. Der Fonds erzielte eine Bruttorendite von 5,28 Prozent und outperformte den SWIIT-Index im ersten Gesch\u00e4ftsjahr. (ah)<\/p>\n","protected":false},"excerpt":{"rendered":"<p>Die Valres Fund Management plant eine Kapitalerh\u00f6hung \u00fcber 45 Millionen CHF f\u00fcr den Valres Swiss Residential. Die Emission soll vom 2. bis 12. Mai 2016 durchgef\u00fchrt werden und den weiteren Ausbau des Immobilienportfolios erm\u00f6glichen.<\/p>\n","protected":false},"author":1,"featured_media":2780,"comment_status":"open","ping_status":"open","sticky":false,"template":"","format":"standard","meta":{"_acf_changed":false,"_yoast_wpseo_focuskw":"Kapitalerhohung Valres Swiss Residential","_yoast_wpseo_title":"Kapitalerhohung Valres Swiss Residential: Investitionen in der Schweiz","_yoast_wpseo_metadesc":"Der Valres Swiss Residential Fonds erh\u00f6ht Kapital, investiert in Genf und Lausanne mit einer Bruttorendite von 5,28 Prozent und einer Leerstandquote von 0,38 Prozent.","_yoast_wpseo_linkdex":48,"pgc_sgb_lightbox_settings":"","footnotes":""},"categories":[1],"tags":[1362,1852],"class_list":["post-2779","post","type-post","status-publish","format-standard","has-post-thumbnail","hentry","category-allgemein","tag-indirekte-immobilienanlagen","tag-west-schweiz"],"acf":[],"yoast_head":"<!-- This site is optimized with the Yoast SEO plugin v27.5 - https:\/\/yoast.com\/product\/yoast-seo-wordpress\/ -->\n<title>Kapitalerhohung Valres Swiss Residential: Investitionen in der Schweiz<\/title>\n<meta name=\"description\" content=\"Der Valres Swiss Residential Fonds erh\u00f6ht Kapital, investiert in Genf und Lausanne mit einer Bruttorendite von 5,28 Prozent und einer Leerstandquote von 0,38 Prozent.\" \/>\n<meta name=\"robots\" content=\"index, follow, max-snippet:-1, max-image-preview:large, max-video-preview:-1\" \/>\n<link rel=\"canonical\" href=\"https:\/\/www.immobilienbusiness.ch\/de\/allgemein\/2016-04-01\/kapitalerhoehung-fuer-valres-swiss-residential\/\" \/>\n<meta property=\"og:locale\" content=\"de_DE\" \/>\n<meta property=\"og:type\" content=\"article\" \/>\n<meta property=\"og:title\" content=\"Kapitalerh\u00f6hung f\u00fcr Valres Swiss Residential\" \/>\n<meta property=\"og:description\" content=\"Die Valres Fund Management plant eine Kapitalerh\u00f6hung \u00fcber 45 Millionen CHF f\u00fcr den Valres Swiss Residential. Die Emission soll vom 2. bis 12. Mai 2016 durchgef\u00fchrt werden und den weiteren Ausbau des Immobilienportfolios erm\u00f6glichen.\" \/>\n<meta property=\"og:url\" content=\"https:\/\/www.immobilienbusiness.ch\/de\/allgemein\/2016-04-01\/kapitalerhoehung-fuer-valres-swiss-residential\/\" \/>\n<meta property=\"og:site_name\" content=\"IMMOBILIEN Business\" \/>\n<meta property=\"article:publisher\" content=\"https:\/\/www.facebook.com\/immobilienbusiness\/\" \/>\n<meta property=\"article:published_time\" content=\"2016-04-01T06:29:10+00:00\" \/>\n<meta name=\"author\" content=\"Redaktion\" \/>\n<meta name=\"twitter:card\" content=\"summary_large_image\" \/>\n<meta name=\"twitter:image\" content=\"https:\/\/www.immobilienbusiness.ch\/wp-content\/uploads\/2016\/12\/Kapitalerhoehung-fuer-Valres-Swiss-Residential-immobilien-business.jpg\" \/>\n<script type=\"application\/ld+json\" class=\"yoast-schema-graph\">{\"@context\":\"https:\\\/\\\/schema.org\",\"@graph\":[{\"@type\":\"Article\",\"@id\":\"https:\\\/\\\/www.immobilienbusiness.ch\\\/allgemein\\\/2016-04-01\\\/kapitalerhoehung-fuer-valres-swiss-residential\\\/#article\",\"isPartOf\":{\"@id\":\"https:\\\/\\\/www.immobilienbusiness.ch\\\/allgemein\\\/2016-04-01\\\/kapitalerhoehung-fuer-valres-swiss-residential\\\/\"},\"author\":{\"name\":\"Redaktion\",\"@id\":\"https:\\\/\\\/www.immobilienbusiness.ch\\\/#\\\/schema\\\/person\\\/aa2bace6c5c5aad60102004a50c4eb1c\"},\"headline\":\"Kapitalerh\u00f6hung f\u00fcr Valres Swiss Residential\",\"datePublished\":\"2016-04-01T06:29:10+00:00\",\"mainEntityOfPage\":{\"@id\":\"https:\\\/\\\/www.immobilienbusiness.ch\\\/allgemein\\\/2016-04-01\\\/kapitalerhoehung-fuer-valres-swiss-residential\\\/\"},\"wordCount\":81,\"commentCount\":0,\"publisher\":{\"@id\":\"https:\\\/\\\/www.immobilienbusiness.ch\\\/#organization\"},\"image\":{\"@id\":\"https:\\\/\\\/www.immobilienbusiness.ch\\\/allgemein\\\/2016-04-01\\\/kapitalerhoehung-fuer-valres-swiss-residential\\\/#primaryimage\"},\"thumbnailUrl\":\"https:\\\/\\\/www.immobilienbusiness.ch\\\/wp-content\\\/uploads\\\/2016\\\/12\\\/Kapitalerhoehung-fuer-Valres-Swiss-Residential-immobilien-business.jpg\",\"keywords\":[\"Indirekte Immobilienanlagen\",\"West-Schweiz\"],\"inLanguage\":\"de\"},{\"@type\":\"WebPage\",\"@id\":\"https:\\\/\\\/www.immobilienbusiness.ch\\\/allgemein\\\/2016-04-01\\\/kapitalerhoehung-fuer-valres-swiss-residential\\\/\",\"url\":\"https:\\\/\\\/www.immobilienbusiness.ch\\\/allgemein\\\/2016-04-01\\\/kapitalerhoehung-fuer-valres-swiss-residential\\\/\",\"name\":\"Kapitalerhohung Valres Swiss Residential: Investitionen in der Schweiz\",\"isPartOf\":{\"@id\":\"https:\\\/\\\/www.immobilienbusiness.ch\\\/#website\"},\"primaryImageOfPage\":{\"@id\":\"https:\\\/\\\/www.immobilienbusiness.ch\\\/allgemein\\\/2016-04-01\\\/kapitalerhoehung-fuer-valres-swiss-residential\\\/#primaryimage\"},\"image\":{\"@id\":\"https:\\\/\\\/www.immobilienbusiness.ch\\\/allgemein\\\/2016-04-01\\\/kapitalerhoehung-fuer-valres-swiss-residential\\\/#primaryimage\"},\"thumbnailUrl\":\"https:\\\/\\\/www.immobilienbusiness.ch\\\/wp-content\\\/uploads\\\/2016\\\/12\\\/Kapitalerhoehung-fuer-Valres-Swiss-Residential-immobilien-business.jpg\",\"datePublished\":\"2016-04-01T06:29:10+00:00\",\"description\":\"Der Valres Swiss Residential Fonds erh\u00f6ht Kapital, investiert in Genf und Lausanne mit einer Bruttorendite von 5,28 Prozent und einer Leerstandquote von 0,38 Prozent.\",\"breadcrumb\":{\"@id\":\"https:\\\/\\\/www.immobilienbusiness.ch\\\/allgemein\\\/2016-04-01\\\/kapitalerhoehung-fuer-valres-swiss-residential\\\/#breadcrumb\"},\"inLanguage\":\"de\",\"potentialAction\":[{\"@type\":\"ReadAction\",\"target\":[\"https:\\\/\\\/www.immobilienbusiness.ch\\\/allgemein\\\/2016-04-01\\\/kapitalerhoehung-fuer-valres-swiss-residential\\\/\"]}]},{\"@type\":\"ImageObject\",\"inLanguage\":\"de\",\"@id\":\"https:\\\/\\\/www.immobilienbusiness.ch\\\/allgemein\\\/2016-04-01\\\/kapitalerhoehung-fuer-valres-swiss-residential\\\/#primaryimage\",\"url\":\"https:\\\/\\\/www.immobilienbusiness.ch\\\/wp-content\\\/uploads\\\/2016\\\/12\\\/Kapitalerhoehung-fuer-Valres-Swiss-Residential-immobilien-business.jpg\",\"contentUrl\":\"https:\\\/\\\/www.immobilienbusiness.ch\\\/wp-content\\\/uploads\\\/2016\\\/12\\\/Kapitalerhoehung-fuer-Valres-Swiss-Residential-immobilien-business.jpg\",\"width\":1280,\"height\":853,\"caption\":\"Der Immo Fund von Cronos w\u00e4chst durch eine Sacheinlage (Foto: Pixabay)\"},{\"@type\":\"BreadcrumbList\",\"@id\":\"https:\\\/\\\/www.immobilienbusiness.ch\\\/allgemein\\\/2016-04-01\\\/kapitalerhoehung-fuer-valres-swiss-residential\\\/#breadcrumb\",\"itemListElement\":[{\"@type\":\"ListItem\",\"position\":1,\"name\":\"Home\",\"item\":\"https:\\\/\\\/www.immobilienbusiness.ch\\\/\"},{\"@type\":\"ListItem\",\"position\":2,\"name\":\"Kapitalerh\u00f6hung f\u00fcr Valres Swiss Residential\"}]},{\"@type\":\"WebSite\",\"@id\":\"https:\\\/\\\/www.immobilienbusiness.ch\\\/#website\",\"url\":\"https:\\\/\\\/www.immobilienbusiness.ch\\\/\",\"name\":\"IMMOBILIEN Business\",\"description\":\"Unabh\u00e4ngiges Schweizer Wirtschaftsmagazin mit Fokus auf Immobilien, Architektur- und Bau sowie Investment- und Finanzierung.\",\"publisher\":{\"@id\":\"https:\\\/\\\/www.immobilienbusiness.ch\\\/#organization\"},\"potentialAction\":[{\"@type\":\"SearchAction\",\"target\":{\"@type\":\"EntryPoint\",\"urlTemplate\":\"https:\\\/\\\/www.immobilienbusiness.ch\\\/?s={search_term_string}\"},\"query-input\":{\"@type\":\"PropertyValueSpecification\",\"valueRequired\":true,\"valueName\":\"search_term_string\"}}],\"inLanguage\":\"de\"},{\"@type\":\"Organization\",\"@id\":\"https:\\\/\\\/www.immobilienbusiness.ch\\\/#organization\",\"name\":\"IMMOBILIEN Business\",\"url\":\"https:\\\/\\\/www.immobilienbusiness.ch\\\/\",\"logo\":{\"@type\":\"ImageObject\",\"inLanguage\":\"de\",\"@id\":\"https:\\\/\\\/www.immobilienbusiness.ch\\\/#\\\/schema\\\/logo\\\/image\\\/\",\"url\":\"https:\\\/\\\/www.immobilienbusiness.ch\\\/wp-content\\\/uploads\\\/2021\\\/07\\\/logo_ib.png\",\"contentUrl\":\"https:\\\/\\\/www.immobilienbusiness.ch\\\/wp-content\\\/uploads\\\/2021\\\/07\\\/logo_ib.png\",\"width\":800,\"height\":181,\"caption\":\"IMMOBILIEN Business\"},\"image\":{\"@id\":\"https:\\\/\\\/www.immobilienbusiness.ch\\\/#\\\/schema\\\/logo\\\/image\\\/\"},\"sameAs\":[\"https:\\\/\\\/www.facebook.com\\\/immobilienbusiness\\\/\"]},{\"@type\":\"Person\",\"@id\":\"https:\\\/\\\/www.immobilienbusiness.ch\\\/#\\\/schema\\\/person\\\/aa2bace6c5c5aad60102004a50c4eb1c\",\"name\":\"Redaktion\",\"image\":{\"@type\":\"ImageObject\",\"inLanguage\":\"de\",\"@id\":\"https:\\\/\\\/secure.gravatar.com\\\/avatar\\\/ae2f4d718e6c49043e314ce431e7e645d646302a24a5ef5a8bc8e3f5a032e319?s=96&d=mm&r=g\",\"url\":\"https:\\\/\\\/secure.gravatar.com\\\/avatar\\\/ae2f4d718e6c49043e314ce431e7e645d646302a24a5ef5a8bc8e3f5a032e319?s=96&d=mm&r=g\",\"contentUrl\":\"https:\\\/\\\/secure.gravatar.com\\\/avatar\\\/ae2f4d718e6c49043e314ce431e7e645d646302a24a5ef5a8bc8e3f5a032e319?s=96&d=mm&r=g\",\"caption\":\"Redaktion\"},\"sameAs\":[\"http:\\\/\\\/develop.organisator.galledia.ch\"],\"url\":\"https:\\\/\\\/www.immobilienbusiness.ch\\\/de\\\/author\\\/admin\\\/\"}]}<\/script>\n<!-- \/ Yoast SEO plugin. -->","yoast_head_json":{"title":"Kapitalerhohung Valres Swiss Residential: Investitionen in der Schweiz","description":"Der Valres Swiss Residential Fonds erh\u00f6ht Kapital, investiert in Genf und Lausanne mit einer Bruttorendite von 5,28 Prozent und einer Leerstandquote von 0,38 Prozent.","robots":{"index":"index","follow":"follow","max-snippet":"max-snippet:-1","max-image-preview":"max-image-preview:large","max-video-preview":"max-video-preview:-1"},"canonical":"https:\/\/www.immobilienbusiness.ch\/de\/allgemein\/2016-04-01\/kapitalerhoehung-fuer-valres-swiss-residential\/","og_locale":"de_DE","og_type":"article","og_title":"Kapitalerh\u00f6hung f\u00fcr Valres Swiss Residential","og_description":"Die Valres Fund Management plant eine Kapitalerh\u00f6hung \u00fcber 45 Millionen CHF f\u00fcr den Valres Swiss Residential. Die Emission soll vom 2. bis 12. Mai 2016 durchgef\u00fchrt werden und den weiteren Ausbau des Immobilienportfolios erm\u00f6glichen.","og_url":"https:\/\/www.immobilienbusiness.ch\/de\/allgemein\/2016-04-01\/kapitalerhoehung-fuer-valres-swiss-residential\/","og_site_name":"IMMOBILIEN Business","article_publisher":"https:\/\/www.facebook.com\/immobilienbusiness\/","article_published_time":"2016-04-01T06:29:10+00:00","author":"Redaktion","twitter_card":"summary_large_image","twitter_image":"https:\/\/www.immobilienbusiness.ch\/wp-content\/uploads\/2016\/12\/Kapitalerhoehung-fuer-Valres-Swiss-Residential-immobilien-business.jpg","schema":{"@context":"https:\/\/schema.org","@graph":[{"@type":"Article","@id":"https:\/\/www.immobilienbusiness.ch\/allgemein\/2016-04-01\/kapitalerhoehung-fuer-valres-swiss-residential\/#article","isPartOf":{"@id":"https:\/\/www.immobilienbusiness.ch\/allgemein\/2016-04-01\/kapitalerhoehung-fuer-valres-swiss-residential\/"},"author":{"name":"Redaktion","@id":"https:\/\/www.immobilienbusiness.ch\/#\/schema\/person\/aa2bace6c5c5aad60102004a50c4eb1c"},"headline":"Kapitalerh\u00f6hung f\u00fcr Valres Swiss Residential","datePublished":"2016-04-01T06:29:10+00:00","mainEntityOfPage":{"@id":"https:\/\/www.immobilienbusiness.ch\/allgemein\/2016-04-01\/kapitalerhoehung-fuer-valres-swiss-residential\/"},"wordCount":81,"commentCount":0,"publisher":{"@id":"https:\/\/www.immobilienbusiness.ch\/#organization"},"image":{"@id":"https:\/\/www.immobilienbusiness.ch\/allgemein\/2016-04-01\/kapitalerhoehung-fuer-valres-swiss-residential\/#primaryimage"},"thumbnailUrl":"https:\/\/www.immobilienbusiness.ch\/wp-content\/uploads\/2016\/12\/Kapitalerhoehung-fuer-Valres-Swiss-Residential-immobilien-business.jpg","keywords":["Indirekte Immobilienanlagen","West-Schweiz"],"inLanguage":"de"},{"@type":"WebPage","@id":"https:\/\/www.immobilienbusiness.ch\/allgemein\/2016-04-01\/kapitalerhoehung-fuer-valres-swiss-residential\/","url":"https:\/\/www.immobilienbusiness.ch\/allgemein\/2016-04-01\/kapitalerhoehung-fuer-valres-swiss-residential\/","name":"Kapitalerhohung Valres Swiss Residential: Investitionen in der Schweiz","isPartOf":{"@id":"https:\/\/www.immobilienbusiness.ch\/#website"},"primaryImageOfPage":{"@id":"https:\/\/www.immobilienbusiness.ch\/allgemein\/2016-04-01\/kapitalerhoehung-fuer-valres-swiss-residential\/#primaryimage"},"image":{"@id":"https:\/\/www.immobilienbusiness.ch\/allgemein\/2016-04-01\/kapitalerhoehung-fuer-valres-swiss-residential\/#primaryimage"},"thumbnailUrl":"https:\/\/www.immobilienbusiness.ch\/wp-content\/uploads\/2016\/12\/Kapitalerhoehung-fuer-Valres-Swiss-Residential-immobilien-business.jpg","datePublished":"2016-04-01T06:29:10+00:00","description":"Der Valres Swiss Residential Fonds erh\u00f6ht Kapital, investiert in Genf und Lausanne mit einer Bruttorendite von 5,28 Prozent und einer Leerstandquote von 0,38 Prozent.","breadcrumb":{"@id":"https:\/\/www.immobilienbusiness.ch\/allgemein\/2016-04-01\/kapitalerhoehung-fuer-valres-swiss-residential\/#breadcrumb"},"inLanguage":"de","potentialAction":[{"@type":"ReadAction","target":["https:\/\/www.immobilienbusiness.ch\/allgemein\/2016-04-01\/kapitalerhoehung-fuer-valres-swiss-residential\/"]}]},{"@type":"ImageObject","inLanguage":"de","@id":"https:\/\/www.immobilienbusiness.ch\/allgemein\/2016-04-01\/kapitalerhoehung-fuer-valres-swiss-residential\/#primaryimage","url":"https:\/\/www.immobilienbusiness.ch\/wp-content\/uploads\/2016\/12\/Kapitalerhoehung-fuer-Valres-Swiss-Residential-immobilien-business.jpg","contentUrl":"https:\/\/www.immobilienbusiness.ch\/wp-content\/uploads\/2016\/12\/Kapitalerhoehung-fuer-Valres-Swiss-Residential-immobilien-business.jpg","width":1280,"height":853,"caption":"Der Immo Fund von Cronos w\u00e4chst durch eine Sacheinlage (Foto: Pixabay)"},{"@type":"BreadcrumbList","@id":"https:\/\/www.immobilienbusiness.ch\/allgemein\/2016-04-01\/kapitalerhoehung-fuer-valres-swiss-residential\/#breadcrumb","itemListElement":[{"@type":"ListItem","position":1,"name":"Home","item":"https:\/\/www.immobilienbusiness.ch\/"},{"@type":"ListItem","position":2,"name":"Kapitalerh\u00f6hung f\u00fcr Valres Swiss Residential"}]},{"@type":"WebSite","@id":"https:\/\/www.immobilienbusiness.ch\/#website","url":"https:\/\/www.immobilienbusiness.ch\/","name":"IMMOBILIEN Business","description":"Unabh\u00e4ngiges Schweizer Wirtschaftsmagazin mit Fokus auf Immobilien, Architektur- und Bau sowie Investment- und Finanzierung.","publisher":{"@id":"https:\/\/www.immobilienbusiness.ch\/#organization"},"potentialAction":[{"@type":"SearchAction","target":{"@type":"EntryPoint","urlTemplate":"https:\/\/www.immobilienbusiness.ch\/?s={search_term_string}"},"query-input":{"@type":"PropertyValueSpecification","valueRequired":true,"valueName":"search_term_string"}}],"inLanguage":"de"},{"@type":"Organization","@id":"https:\/\/www.immobilienbusiness.ch\/#organization","name":"IMMOBILIEN Business","url":"https:\/\/www.immobilienbusiness.ch\/","logo":{"@type":"ImageObject","inLanguage":"de","@id":"https:\/\/www.immobilienbusiness.ch\/#\/schema\/logo\/image\/","url":"https:\/\/www.immobilienbusiness.ch\/wp-content\/uploads\/2021\/07\/logo_ib.png","contentUrl":"https:\/\/www.immobilienbusiness.ch\/wp-content\/uploads\/2021\/07\/logo_ib.png","width":800,"height":181,"caption":"IMMOBILIEN Business"},"image":{"@id":"https:\/\/www.immobilienbusiness.ch\/#\/schema\/logo\/image\/"},"sameAs":["https:\/\/www.facebook.com\/immobilienbusiness\/"]},{"@type":"Person","@id":"https:\/\/www.immobilienbusiness.ch\/#\/schema\/person\/aa2bace6c5c5aad60102004a50c4eb1c","name":"Redaktion","image":{"@type":"ImageObject","inLanguage":"de","@id":"https:\/\/secure.gravatar.com\/avatar\/ae2f4d718e6c49043e314ce431e7e645d646302a24a5ef5a8bc8e3f5a032e319?s=96&d=mm&r=g","url":"https:\/\/secure.gravatar.com\/avatar\/ae2f4d718e6c49043e314ce431e7e645d646302a24a5ef5a8bc8e3f5a032e319?s=96&d=mm&r=g","contentUrl":"https:\/\/secure.gravatar.com\/avatar\/ae2f4d718e6c49043e314ce431e7e645d646302a24a5ef5a8bc8e3f5a032e319?s=96&d=mm&r=g","caption":"Redaktion"},"sameAs":["http:\/\/develop.organisator.galledia.ch"],"url":"https:\/\/www.immobilienbusiness.ch\/de\/author\/admin\/"}]}},"_links":{"self":[{"href":"https:\/\/www.immobilienbusiness.ch\/de\/wp-json\/wp\/v2\/posts\/2779","targetHints":{"allow":["GET"]}}],"collection":[{"href":"https:\/\/www.immobilienbusiness.ch\/de\/wp-json\/wp\/v2\/posts"}],"about":[{"href":"https:\/\/www.immobilienbusiness.ch\/de\/wp-json\/wp\/v2\/types\/post"}],"author":[{"embeddable":true,"href":"https:\/\/www.immobilienbusiness.ch\/de\/wp-json\/wp\/v2\/users\/1"}],"replies":[{"embeddable":true,"href":"https:\/\/www.immobilienbusiness.ch\/de\/wp-json\/wp\/v2\/comments?post=2779"}],"version-history":[{"count":0,"href":"https:\/\/www.immobilienbusiness.ch\/de\/wp-json\/wp\/v2\/posts\/2779\/revisions"}],"wp:featuredmedia":[{"embeddable":true,"href":"https:\/\/www.immobilienbusiness.ch\/de\/wp-json\/wp\/v2\/media\/2780"}],"wp:attachment":[{"href":"https:\/\/www.immobilienbusiness.ch\/de\/wp-json\/wp\/v2\/media?parent=2779"}],"wp:term":[{"taxonomy":"category","embeddable":true,"href":"https:\/\/www.immobilienbusiness.ch\/de\/wp-json\/wp\/v2\/categories?post=2779"},{"taxonomy":"post_tag","embeddable":true,"href":"https:\/\/www.immobilienbusiness.ch\/de\/wp-json\/wp\/v2\/tags?post=2779"}],"curies":[{"name":"wp","href":"https:\/\/api.w.org\/{rel}","templated":true}]}}