{"id":2702,"date":"2016-03-29T09:40:36","date_gmt":"2016-03-29T07:40:36","guid":{"rendered":"http:\/\/dev.immobilienbusiness.ch\/?p=2702"},"modified":"2016-03-29T09:40:36","modified_gmt":"2016-03-29T07:40:36","slug":"basel-stadt-erwirbt-rosental-areal","status":"publish","type":"post","link":"https:\/\/www.immobilienbusiness.ch\/de\/allgemein\/2016-03-29\/basel-stadt-erwirbt-rosental-areal\/","title":{"rendered":"Basel-Stadt erwirbt Rosental-Areal"},"content":{"rendered":"<figure id=\"attachment_2703\" aria-describedby=\"caption-attachment-2703\" style=\"width: 680px\" class=\"wp-caption alignnone\"><img loading=\"lazy\" decoding=\"async\" class=\"size-medium wp-image-2703\" src=\"https:\/\/immobilienbusiness.ch\/wp-content\/uploads\/2016\/12\/Basel-Stadt-erwirbt-Rosental-Areal-immobilien-business.png\" alt=\"Der Kanton Basel-Stadt erwirbt das Rosental-Areal\" width=\"680\" height=\"420\" srcset=\"https:\/\/www.immobilienbusiness.ch\/wp-content\/uploads\/2016\/12\/Basel-Stadt-erwirbt-Rosental-Areal-immobilien-business.png 1280w, https:\/\/www.immobilienbusiness.ch\/wp-content\/uploads\/2016\/12\/Basel-Stadt-erwirbt-Rosental-Areal-immobilien-business-300x185.png 300w, https:\/\/www.immobilienbusiness.ch\/wp-content\/uploads\/2016\/12\/Basel-Stadt-erwirbt-Rosental-Areal-immobilien-business-1024x632.png 1024w, https:\/\/www.immobilienbusiness.ch\/wp-content\/uploads\/2016\/12\/Basel-Stadt-erwirbt-Rosental-Areal-immobilien-business-768x474.png 768w, https:\/\/www.immobilienbusiness.ch\/wp-content\/uploads\/2016\/12\/Basel-Stadt-erwirbt-Rosental-Areal-immobilien-business-16x10.png 16w, https:\/\/www.immobilienbusiness.ch\/wp-content\/uploads\/2016\/12\/Basel-Stadt-erwirbt-Rosental-Areal-immobilien-business-284x175.png 284w, https:\/\/www.immobilienbusiness.ch\/wp-content\/uploads\/2016\/12\/Basel-Stadt-erwirbt-Rosental-Areal-immobilien-business-567x350.png 567w, https:\/\/www.immobilienbusiness.ch\/wp-content\/uploads\/2016\/12\/Basel-Stadt-erwirbt-Rosental-Areal-immobilien-business-920x568.png 920w\" sizes=\"auto, (max-width: 680px) 100vw, 680px\" \/><figcaption id=\"caption-attachment-2703\" class=\"wp-caption-text\">Der Kanton Basel-Stadt erwirbt das Rosental-Areal<\/figcaption><\/figure>\n<p>Die bisherigen Eigent\u00fcmer des Rosental-Areals, eine Investorengruppe mit Sitz in Gibraltar, hatten im Herbst 2015 mehrere Investoren zur Abgabe eines Kaufangebots eingeladen. Immobilien Basel-Stadt hat in Vertretung des Kantons und mandatiert durch den Regierungsrat die Verhandlungen mit den Eigent\u00fcmern gef\u00fchrt und sich schliesslich gegen die Mitbewerber durchgesetzt. Der Kanton Basel-Stadt erwirbt das Areal mit allen Geb\u00e4uden im Verlaufe dieses Jahres im Finanzverm\u00f6gen.<\/p>\n<p>Das Rosental-Areal wurde 2007 von der Syngenta AG an englische Investoren mit Sitz in Gibraltar verkauft. Seither haben die Eigent\u00fcmer zahlreiche neue Mietvertr\u00e4ge abgeschlossen und einzelne, kleinere Teile an die Universit\u00e4t Basel (Neubau Zahnmedizinisches Institut) und Private verkauft. Das Areal wird heute unter dem Namen Biopark Rosental vermarktet und beheimatet vor allem Mieter aus der Chemie und den Life Sciences. Die Geb\u00e4ude auf dem Areal sind vorwiegend Industriebauten (Labors, B\u00fcros und Lagerfl\u00e4chen) und entstammen gr\u00f6sstenteils der j\u00fcngeren Nachkriegszeit (60er Jahre).<\/p>\n<p>Wie der Kanton mitteilt, lasse sich mit dem vereinbarten Kaufpreis und den bestehenden Mietvertr\u00e4gen eine marktkonforme Bruttorendite realisieren. Die Potenziale f\u00fcr zus\u00e4tzliche Neubauten auf dem Areal (plus 80.000 qm Bruttogeschossfl\u00e4che zu den bestehenden 120.000 qm) seien bei der Kaufpreisermittlung nicht ber\u00fccksichtigt worden. Mit der Erstellung von Neubauten w\u00e4ren somit zus\u00e4tzliche Wertsteigerungen m\u00f6glich.<br \/>\nAls Ziel des Erwerbs nennt Basel-Stadt die \u00abSicherstellung der langfristigen Positionierung und Entwicklung des Areals im Sinne und Interesse des Kantons und der Wirtschaft\u00bb.<\/p>\n<p>Allerdings gibt es einige Wermutstropfen: So h\u00e4tten die Vorbesitzer in den vergangenen neun Jahren wenig investiert, mit der BASF werde in den n\u00e4chsten Jahren ein Grossmieter ausziehen, und der Boden soll nach der langen Industrienutzung mit Schadstoffen versetzt sein, heisst es in einem Bericht der <em>Schweiz am Sonntag<\/em>. (ah)<\/p>\n","protected":false},"excerpt":{"rendered":"<p>Der Kanton Basel-Stadt hat das Rosental-Areal zwischen Messegel\u00e4nde und Badischem Bahnhof erworben. Es ist der gr\u00f6sste Immobiliendeal in der Geschichte des Kantons. Der Buchwert des 47.000 qm grossen Areals soll bei rund 300 Millionen CHF liegen. \u00dcber den Kaufpreis wurde nichts bekannt.<\/p>\n","protected":false},"author":1,"featured_media":2703,"comment_status":"open","ping_status":"open","sticky":false,"template":"","format":"standard","meta":{"_acf_changed":false,"_yoast_wpseo_focuskw":"Rosental-Areal","_yoast_wpseo_title":"","_yoast_wpseo_metadesc":"Der Kanton Basel-Stadt hat das Rosental-Areal zwischen Messegel\u00e4nde und Badischem Bahnhof erworben.","_yoast_wpseo_linkdex":91,"pgc_sgb_lightbox_settings":"","footnotes":""},"categories":[1],"tags":[1069],"class_list":["post-2702","post","type-post","status-publish","format-standard","has-post-thumbnail","hentry","category-allgemein","tag-basel"],"acf":[],"yoast_head":"<!-- This site is optimized with the Yoast SEO plugin v27.4 - https:\/\/yoast.com\/product\/yoast-seo-wordpress\/ -->\n<title>Basel-Stadt erwirbt Rosental-Areal - IMMOBILIEN Business<\/title>\n<meta name=\"description\" content=\"Der Kanton Basel-Stadt hat das Rosental-Areal zwischen Messegel\u00e4nde und Badischem Bahnhof erworben.\" \/>\n<meta name=\"robots\" content=\"index, follow, max-snippet:-1, max-image-preview:large, max-video-preview:-1\" \/>\n<link rel=\"canonical\" href=\"https:\/\/www.immobilienbusiness.ch\/de\/allgemein\/2016-03-29\/basel-stadt-erwirbt-rosental-areal\/\" \/>\n<meta property=\"og:locale\" content=\"de_DE\" \/>\n<meta property=\"og:type\" content=\"article\" \/>\n<meta property=\"og:title\" content=\"Basel-Stadt erwirbt Rosental-Areal\" \/>\n<meta property=\"og:description\" content=\"Der Kanton Basel-Stadt hat das Rosental-Areal zwischen Messegel\u00e4nde und Badischem Bahnhof erworben. Es ist der gr\u00f6sste Immobiliendeal in der Geschichte des Kantons. Der Buchwert des 47.000 qm grossen Areals soll bei rund 300 Millionen CHF liegen. \u00dcber den Kaufpreis wurde nichts bekannt.\" \/>\n<meta property=\"og:url\" content=\"https:\/\/www.immobilienbusiness.ch\/de\/allgemein\/2016-03-29\/basel-stadt-erwirbt-rosental-areal\/\" \/>\n<meta property=\"og:site_name\" content=\"IMMOBILIEN Business\" \/>\n<meta property=\"article:publisher\" content=\"https:\/\/www.facebook.com\/immobilienbusiness\/\" \/>\n<meta property=\"article:published_time\" content=\"2016-03-29T07:40:36+00:00\" \/>\n<meta name=\"author\" content=\"Redaktion\" \/>\n<meta name=\"twitter:card\" content=\"summary_large_image\" \/>\n<meta name=\"twitter:image\" content=\"https:\/\/www.immobilienbusiness.ch\/wp-content\/uploads\/2016\/12\/Basel-Stadt-erwirbt-Rosental-Areal-immobilien-business.png\" \/>\n<script type=\"application\/ld+json\" class=\"yoast-schema-graph\">{\"@context\":\"https:\\\/\\\/schema.org\",\"@graph\":[{\"@type\":\"Article\",\"@id\":\"https:\\\/\\\/www.immobilienbusiness.ch\\\/en\\\/allgemein\\\/2016-03-29\\\/basel-stadt-erwirbt-rosental-areal\\\/#article\",\"isPartOf\":{\"@id\":\"https:\\\/\\\/www.immobilienbusiness.ch\\\/en\\\/allgemein\\\/2016-03-29\\\/basel-stadt-erwirbt-rosental-areal\\\/\"},\"author\":{\"name\":\"Redaktion\",\"@id\":\"https:\\\/\\\/www.immobilienbusiness.ch\\\/#\\\/schema\\\/person\\\/aa2bace6c5c5aad60102004a50c4eb1c\"},\"headline\":\"Basel-Stadt erwirbt Rosental-Areal\",\"datePublished\":\"2016-03-29T07:40:36+00:00\",\"mainEntityOfPage\":{\"@id\":\"https:\\\/\\\/www.immobilienbusiness.ch\\\/en\\\/allgemein\\\/2016-03-29\\\/basel-stadt-erwirbt-rosental-areal\\\/\"},\"wordCount\":302,\"commentCount\":0,\"publisher\":{\"@id\":\"https:\\\/\\\/www.immobilienbusiness.ch\\\/#organization\"},\"image\":{\"@id\":\"https:\\\/\\\/www.immobilienbusiness.ch\\\/en\\\/allgemein\\\/2016-03-29\\\/basel-stadt-erwirbt-rosental-areal\\\/#primaryimage\"},\"thumbnailUrl\":\"https:\\\/\\\/www.immobilienbusiness.ch\\\/wp-content\\\/uploads\\\/2016\\\/12\\\/Basel-Stadt-erwirbt-Rosental-Areal-immobilien-business.png\",\"keywords\":[\"Basel\"],\"inLanguage\":\"de\"},{\"@type\":\"WebPage\",\"@id\":\"https:\\\/\\\/www.immobilienbusiness.ch\\\/en\\\/allgemein\\\/2016-03-29\\\/basel-stadt-erwirbt-rosental-areal\\\/\",\"url\":\"https:\\\/\\\/www.immobilienbusiness.ch\\\/en\\\/allgemein\\\/2016-03-29\\\/basel-stadt-erwirbt-rosental-areal\\\/\",\"name\":\"Basel-Stadt erwirbt Rosental-Areal - IMMOBILIEN Business\",\"isPartOf\":{\"@id\":\"https:\\\/\\\/www.immobilienbusiness.ch\\\/#website\"},\"primaryImageOfPage\":{\"@id\":\"https:\\\/\\\/www.immobilienbusiness.ch\\\/en\\\/allgemein\\\/2016-03-29\\\/basel-stadt-erwirbt-rosental-areal\\\/#primaryimage\"},\"image\":{\"@id\":\"https:\\\/\\\/www.immobilienbusiness.ch\\\/en\\\/allgemein\\\/2016-03-29\\\/basel-stadt-erwirbt-rosental-areal\\\/#primaryimage\"},\"thumbnailUrl\":\"https:\\\/\\\/www.immobilienbusiness.ch\\\/wp-content\\\/uploads\\\/2016\\\/12\\\/Basel-Stadt-erwirbt-Rosental-Areal-immobilien-business.png\",\"datePublished\":\"2016-03-29T07:40:36+00:00\",\"description\":\"Der Kanton Basel-Stadt hat das Rosental-Areal zwischen Messegel\u00e4nde und Badischem Bahnhof erworben.\",\"breadcrumb\":{\"@id\":\"https:\\\/\\\/www.immobilienbusiness.ch\\\/en\\\/allgemein\\\/2016-03-29\\\/basel-stadt-erwirbt-rosental-areal\\\/#breadcrumb\"},\"inLanguage\":\"de\",\"potentialAction\":[{\"@type\":\"ReadAction\",\"target\":[\"https:\\\/\\\/www.immobilienbusiness.ch\\\/en\\\/allgemein\\\/2016-03-29\\\/basel-stadt-erwirbt-rosental-areal\\\/\"]}]},{\"@type\":\"ImageObject\",\"inLanguage\":\"de\",\"@id\":\"https:\\\/\\\/www.immobilienbusiness.ch\\\/en\\\/allgemein\\\/2016-03-29\\\/basel-stadt-erwirbt-rosental-areal\\\/#primaryimage\",\"url\":\"https:\\\/\\\/www.immobilienbusiness.ch\\\/wp-content\\\/uploads\\\/2016\\\/12\\\/Basel-Stadt-erwirbt-Rosental-Areal-immobilien-business.png\",\"contentUrl\":\"https:\\\/\\\/www.immobilienbusiness.ch\\\/wp-content\\\/uploads\\\/2016\\\/12\\\/Basel-Stadt-erwirbt-Rosental-Areal-immobilien-business.png\",\"width\":1280,\"height\":790,\"caption\":\"Der Kanton Basel-Stadt erwirbt das Rosental-Areal\"},{\"@type\":\"BreadcrumbList\",\"@id\":\"https:\\\/\\\/www.immobilienbusiness.ch\\\/en\\\/allgemein\\\/2016-03-29\\\/basel-stadt-erwirbt-rosental-areal\\\/#breadcrumb\",\"itemListElement\":[{\"@type\":\"ListItem\",\"position\":1,\"name\":\"Home\",\"item\":\"https:\\\/\\\/www.immobilienbusiness.ch\\\/\"},{\"@type\":\"ListItem\",\"position\":2,\"name\":\"Basel-Stadt erwirbt Rosental-Areal\"}]},{\"@type\":\"WebSite\",\"@id\":\"https:\\\/\\\/www.immobilienbusiness.ch\\\/#website\",\"url\":\"https:\\\/\\\/www.immobilienbusiness.ch\\\/\",\"name\":\"IMMOBILIEN Business\",\"description\":\"Unabh\u00e4ngiges Schweizer Wirtschaftsmagazin mit Fokus auf Immobilien, Architektur- und Bau sowie Investment- und Finanzierung.\",\"publisher\":{\"@id\":\"https:\\\/\\\/www.immobilienbusiness.ch\\\/#organization\"},\"potentialAction\":[{\"@type\":\"SearchAction\",\"target\":{\"@type\":\"EntryPoint\",\"urlTemplate\":\"https:\\\/\\\/www.immobilienbusiness.ch\\\/?s={search_term_string}\"},\"query-input\":{\"@type\":\"PropertyValueSpecification\",\"valueRequired\":true,\"valueName\":\"search_term_string\"}}],\"inLanguage\":\"de\"},{\"@type\":\"Organization\",\"@id\":\"https:\\\/\\\/www.immobilienbusiness.ch\\\/#organization\",\"name\":\"IMMOBILIEN Business\",\"url\":\"https:\\\/\\\/www.immobilienbusiness.ch\\\/\",\"logo\":{\"@type\":\"ImageObject\",\"inLanguage\":\"de\",\"@id\":\"https:\\\/\\\/www.immobilienbusiness.ch\\\/#\\\/schema\\\/logo\\\/image\\\/\",\"url\":\"https:\\\/\\\/www.immobilienbusiness.ch\\\/wp-content\\\/uploads\\\/2021\\\/07\\\/logo_ib.png\",\"contentUrl\":\"https:\\\/\\\/www.immobilienbusiness.ch\\\/wp-content\\\/uploads\\\/2021\\\/07\\\/logo_ib.png\",\"width\":800,\"height\":181,\"caption\":\"IMMOBILIEN Business\"},\"image\":{\"@id\":\"https:\\\/\\\/www.immobilienbusiness.ch\\\/#\\\/schema\\\/logo\\\/image\\\/\"},\"sameAs\":[\"https:\\\/\\\/www.facebook.com\\\/immobilienbusiness\\\/\"]},{\"@type\":\"Person\",\"@id\":\"https:\\\/\\\/www.immobilienbusiness.ch\\\/#\\\/schema\\\/person\\\/aa2bace6c5c5aad60102004a50c4eb1c\",\"name\":\"Redaktion\",\"image\":{\"@type\":\"ImageObject\",\"inLanguage\":\"de\",\"@id\":\"https:\\\/\\\/secure.gravatar.com\\\/avatar\\\/ae2f4d718e6c49043e314ce431e7e645d646302a24a5ef5a8bc8e3f5a032e319?s=96&d=mm&r=g\",\"url\":\"https:\\\/\\\/secure.gravatar.com\\\/avatar\\\/ae2f4d718e6c49043e314ce431e7e645d646302a24a5ef5a8bc8e3f5a032e319?s=96&d=mm&r=g\",\"contentUrl\":\"https:\\\/\\\/secure.gravatar.com\\\/avatar\\\/ae2f4d718e6c49043e314ce431e7e645d646302a24a5ef5a8bc8e3f5a032e319?s=96&d=mm&r=g\",\"caption\":\"Redaktion\"},\"sameAs\":[\"http:\\\/\\\/develop.organisator.galledia.ch\"],\"url\":\"https:\\\/\\\/www.immobilienbusiness.ch\\\/de\\\/author\\\/admin\\\/\"}]}<\/script>\n<!-- \/ Yoast SEO plugin. -->","yoast_head_json":{"title":"Basel-Stadt erwirbt Rosental-Areal - IMMOBILIEN Business","description":"Der Kanton Basel-Stadt hat das Rosental-Areal zwischen Messegel\u00e4nde und Badischem Bahnhof erworben.","robots":{"index":"index","follow":"follow","max-snippet":"max-snippet:-1","max-image-preview":"max-image-preview:large","max-video-preview":"max-video-preview:-1"},"canonical":"https:\/\/www.immobilienbusiness.ch\/de\/allgemein\/2016-03-29\/basel-stadt-erwirbt-rosental-areal\/","og_locale":"de_DE","og_type":"article","og_title":"Basel-Stadt erwirbt Rosental-Areal","og_description":"Der Kanton Basel-Stadt hat das Rosental-Areal zwischen Messegel\u00e4nde und Badischem Bahnhof erworben. Es ist der gr\u00f6sste Immobiliendeal in der Geschichte des Kantons. Der Buchwert des 47.000 qm grossen Areals soll bei rund 300 Millionen CHF liegen. \u00dcber den Kaufpreis wurde nichts bekannt.","og_url":"https:\/\/www.immobilienbusiness.ch\/de\/allgemein\/2016-03-29\/basel-stadt-erwirbt-rosental-areal\/","og_site_name":"IMMOBILIEN Business","article_publisher":"https:\/\/www.facebook.com\/immobilienbusiness\/","article_published_time":"2016-03-29T07:40:36+00:00","author":"Redaktion","twitter_card":"summary_large_image","twitter_image":"https:\/\/www.immobilienbusiness.ch\/wp-content\/uploads\/2016\/12\/Basel-Stadt-erwirbt-Rosental-Areal-immobilien-business.png","schema":{"@context":"https:\/\/schema.org","@graph":[{"@type":"Article","@id":"https:\/\/www.immobilienbusiness.ch\/en\/allgemein\/2016-03-29\/basel-stadt-erwirbt-rosental-areal\/#article","isPartOf":{"@id":"https:\/\/www.immobilienbusiness.ch\/en\/allgemein\/2016-03-29\/basel-stadt-erwirbt-rosental-areal\/"},"author":{"name":"Redaktion","@id":"https:\/\/www.immobilienbusiness.ch\/#\/schema\/person\/aa2bace6c5c5aad60102004a50c4eb1c"},"headline":"Basel-Stadt erwirbt Rosental-Areal","datePublished":"2016-03-29T07:40:36+00:00","mainEntityOfPage":{"@id":"https:\/\/www.immobilienbusiness.ch\/en\/allgemein\/2016-03-29\/basel-stadt-erwirbt-rosental-areal\/"},"wordCount":302,"commentCount":0,"publisher":{"@id":"https:\/\/www.immobilienbusiness.ch\/#organization"},"image":{"@id":"https:\/\/www.immobilienbusiness.ch\/en\/allgemein\/2016-03-29\/basel-stadt-erwirbt-rosental-areal\/#primaryimage"},"thumbnailUrl":"https:\/\/www.immobilienbusiness.ch\/wp-content\/uploads\/2016\/12\/Basel-Stadt-erwirbt-Rosental-Areal-immobilien-business.png","keywords":["Basel"],"inLanguage":"de"},{"@type":"WebPage","@id":"https:\/\/www.immobilienbusiness.ch\/en\/allgemein\/2016-03-29\/basel-stadt-erwirbt-rosental-areal\/","url":"https:\/\/www.immobilienbusiness.ch\/en\/allgemein\/2016-03-29\/basel-stadt-erwirbt-rosental-areal\/","name":"Basel-Stadt erwirbt Rosental-Areal - IMMOBILIEN Business","isPartOf":{"@id":"https:\/\/www.immobilienbusiness.ch\/#website"},"primaryImageOfPage":{"@id":"https:\/\/www.immobilienbusiness.ch\/en\/allgemein\/2016-03-29\/basel-stadt-erwirbt-rosental-areal\/#primaryimage"},"image":{"@id":"https:\/\/www.immobilienbusiness.ch\/en\/allgemein\/2016-03-29\/basel-stadt-erwirbt-rosental-areal\/#primaryimage"},"thumbnailUrl":"https:\/\/www.immobilienbusiness.ch\/wp-content\/uploads\/2016\/12\/Basel-Stadt-erwirbt-Rosental-Areal-immobilien-business.png","datePublished":"2016-03-29T07:40:36+00:00","description":"Der Kanton Basel-Stadt hat das Rosental-Areal zwischen Messegel\u00e4nde und Badischem Bahnhof erworben.","breadcrumb":{"@id":"https:\/\/www.immobilienbusiness.ch\/en\/allgemein\/2016-03-29\/basel-stadt-erwirbt-rosental-areal\/#breadcrumb"},"inLanguage":"de","potentialAction":[{"@type":"ReadAction","target":["https:\/\/www.immobilienbusiness.ch\/en\/allgemein\/2016-03-29\/basel-stadt-erwirbt-rosental-areal\/"]}]},{"@type":"ImageObject","inLanguage":"de","@id":"https:\/\/www.immobilienbusiness.ch\/en\/allgemein\/2016-03-29\/basel-stadt-erwirbt-rosental-areal\/#primaryimage","url":"https:\/\/www.immobilienbusiness.ch\/wp-content\/uploads\/2016\/12\/Basel-Stadt-erwirbt-Rosental-Areal-immobilien-business.png","contentUrl":"https:\/\/www.immobilienbusiness.ch\/wp-content\/uploads\/2016\/12\/Basel-Stadt-erwirbt-Rosental-Areal-immobilien-business.png","width":1280,"height":790,"caption":"Der Kanton Basel-Stadt erwirbt das Rosental-Areal"},{"@type":"BreadcrumbList","@id":"https:\/\/www.immobilienbusiness.ch\/en\/allgemein\/2016-03-29\/basel-stadt-erwirbt-rosental-areal\/#breadcrumb","itemListElement":[{"@type":"ListItem","position":1,"name":"Home","item":"https:\/\/www.immobilienbusiness.ch\/"},{"@type":"ListItem","position":2,"name":"Basel-Stadt erwirbt Rosental-Areal"}]},{"@type":"WebSite","@id":"https:\/\/www.immobilienbusiness.ch\/#website","url":"https:\/\/www.immobilienbusiness.ch\/","name":"IMMOBILIEN Business","description":"Unabh\u00e4ngiges Schweizer Wirtschaftsmagazin mit Fokus auf Immobilien, Architektur- und Bau sowie Investment- und Finanzierung.","publisher":{"@id":"https:\/\/www.immobilienbusiness.ch\/#organization"},"potentialAction":[{"@type":"SearchAction","target":{"@type":"EntryPoint","urlTemplate":"https:\/\/www.immobilienbusiness.ch\/?s={search_term_string}"},"query-input":{"@type":"PropertyValueSpecification","valueRequired":true,"valueName":"search_term_string"}}],"inLanguage":"de"},{"@type":"Organization","@id":"https:\/\/www.immobilienbusiness.ch\/#organization","name":"IMMOBILIEN Business","url":"https:\/\/www.immobilienbusiness.ch\/","logo":{"@type":"ImageObject","inLanguage":"de","@id":"https:\/\/www.immobilienbusiness.ch\/#\/schema\/logo\/image\/","url":"https:\/\/www.immobilienbusiness.ch\/wp-content\/uploads\/2021\/07\/logo_ib.png","contentUrl":"https:\/\/www.immobilienbusiness.ch\/wp-content\/uploads\/2021\/07\/logo_ib.png","width":800,"height":181,"caption":"IMMOBILIEN Business"},"image":{"@id":"https:\/\/www.immobilienbusiness.ch\/#\/schema\/logo\/image\/"},"sameAs":["https:\/\/www.facebook.com\/immobilienbusiness\/"]},{"@type":"Person","@id":"https:\/\/www.immobilienbusiness.ch\/#\/schema\/person\/aa2bace6c5c5aad60102004a50c4eb1c","name":"Redaktion","image":{"@type":"ImageObject","inLanguage":"de","@id":"https:\/\/secure.gravatar.com\/avatar\/ae2f4d718e6c49043e314ce431e7e645d646302a24a5ef5a8bc8e3f5a032e319?s=96&d=mm&r=g","url":"https:\/\/secure.gravatar.com\/avatar\/ae2f4d718e6c49043e314ce431e7e645d646302a24a5ef5a8bc8e3f5a032e319?s=96&d=mm&r=g","contentUrl":"https:\/\/secure.gravatar.com\/avatar\/ae2f4d718e6c49043e314ce431e7e645d646302a24a5ef5a8bc8e3f5a032e319?s=96&d=mm&r=g","caption":"Redaktion"},"sameAs":["http:\/\/develop.organisator.galledia.ch"],"url":"https:\/\/www.immobilienbusiness.ch\/de\/author\/admin\/"}]}},"_links":{"self":[{"href":"https:\/\/www.immobilienbusiness.ch\/de\/wp-json\/wp\/v2\/posts\/2702","targetHints":{"allow":["GET"]}}],"collection":[{"href":"https:\/\/www.immobilienbusiness.ch\/de\/wp-json\/wp\/v2\/posts"}],"about":[{"href":"https:\/\/www.immobilienbusiness.ch\/de\/wp-json\/wp\/v2\/types\/post"}],"author":[{"embeddable":true,"href":"https:\/\/www.immobilienbusiness.ch\/de\/wp-json\/wp\/v2\/users\/1"}],"replies":[{"embeddable":true,"href":"https:\/\/www.immobilienbusiness.ch\/de\/wp-json\/wp\/v2\/comments?post=2702"}],"version-history":[{"count":0,"href":"https:\/\/www.immobilienbusiness.ch\/de\/wp-json\/wp\/v2\/posts\/2702\/revisions"}],"wp:featuredmedia":[{"embeddable":true,"href":"https:\/\/www.immobilienbusiness.ch\/de\/wp-json\/wp\/v2\/media\/2703"}],"wp:attachment":[{"href":"https:\/\/www.immobilienbusiness.ch\/de\/wp-json\/wp\/v2\/media?parent=2702"}],"wp:term":[{"taxonomy":"category","embeddable":true,"href":"https:\/\/www.immobilienbusiness.ch\/de\/wp-json\/wp\/v2\/categories?post=2702"},{"taxonomy":"post_tag","embeddable":true,"href":"https:\/\/www.immobilienbusiness.ch\/de\/wp-json\/wp\/v2\/tags?post=2702"}],"curies":[{"name":"wp","href":"https:\/\/api.w.org\/{rel}","templated":true}]}}