{"id":2696,"date":"2016-03-24T09:39:29","date_gmt":"2016-03-24T08:39:29","guid":{"rendered":"http:\/\/dev.immobilienbusiness.ch\/?p=2696"},"modified":"2016-03-24T09:39:29","modified_gmt":"2016-03-24T08:39:29","slug":"plazza-beruft-thomas-casata-zum-cfo","status":"publish","type":"post","link":"https:\/\/www.immobilienbusiness.ch\/de\/allgemein\/2016-03-24\/plazza-beruft-thomas-casata-zum-cfo\/","title":{"rendered":"Plazza beruft Thomas Casata zum CFO"},"content":{"rendered":"<figure id=\"attachment_2697\" aria-describedby=\"caption-attachment-2697\" style=\"width: 317px\" class=\"wp-caption alignnone\"><img loading=\"lazy\" decoding=\"async\" class=\"size-full wp-image-2697\" src=\"https:\/\/immobilienbusiness.ch\/wp-content\/uploads\/2016\/12\/Plazza-beruft-Thomas-Casata-zum-CFO-immobilien-business.jpg\" alt=\"Thomas Casata wird CFO bei der Plazza (Foto: Plazza AG)\" width=\"317\" height=\"317\" srcset=\"https:\/\/www.immobilienbusiness.ch\/wp-content\/uploads\/2016\/12\/Plazza-beruft-Thomas-Casata-zum-CFO-immobilien-business.jpg 317w, https:\/\/www.immobilienbusiness.ch\/wp-content\/uploads\/2016\/12\/Plazza-beruft-Thomas-Casata-zum-CFO-immobilien-business-300x300.jpg 300w, https:\/\/www.immobilienbusiness.ch\/wp-content\/uploads\/2016\/12\/Plazza-beruft-Thomas-Casata-zum-CFO-immobilien-business-150x150.jpg 150w, https:\/\/www.immobilienbusiness.ch\/wp-content\/uploads\/2016\/12\/Plazza-beruft-Thomas-Casata-zum-CFO-immobilien-business-12x12.jpg 12w, https:\/\/www.immobilienbusiness.ch\/wp-content\/uploads\/2016\/12\/Plazza-beruft-Thomas-Casata-zum-CFO-immobilien-business-175x175.jpg 175w, https:\/\/www.immobilienbusiness.ch\/wp-content\/uploads\/2016\/12\/Plazza-beruft-Thomas-Casata-zum-CFO-immobilien-business-250x250.jpg 250w, https:\/\/www.immobilienbusiness.ch\/wp-content\/uploads\/2016\/12\/Plazza-beruft-Thomas-Casata-zum-CFO-immobilien-business-100x100.jpg 100w\" sizes=\"auto, (max-width: 317px) 100vw, 317px\" \/><figcaption id=\"caption-attachment-2697\" class=\"wp-caption-text\">Thomas Casata wird CFO bei der Plazza (Foto: Plazza AG)<\/figcaption><\/figure>\n<p>Thomas Casata ist schon seit November 2015 auf Mandatsbasis f\u00fcr Plazza t\u00e4tig und kennt das Unternehmen entsprechend bereits. Der 51j\u00e4hrige studierte an der Universit\u00e4t Stuttgart Betriebswirtschaft und verf\u00fcgt \u00fcber langj\u00e4hrige Erfahrung im Finanzbereich. Zuletzt war er unter anderem als Partner f\u00fcr die EJ Capital AG in Zug t\u00e4tig. Zuvor war er w\u00e4hrend rund 13 Jahren CFO und Konzernleitungsmitglied bei Execujet Aviation Group in Z\u00fcrich, bei Ascom in Bern sowie bei Esec in Cham. (ah)<\/p>\n","protected":false},"excerpt":{"rendered":"<p>Thomas Casata wird neuer Chief Financial Officer (CFO) und Mitglied der Gesch\u00e4ftsleitung bei der Plazza AG. Die neue Funktion wird er per 1. Mai 2016 antreten.<\/p>\n","protected":false},"author":1,"featured_media":2697,"comment_status":"open","ping_status":"open","sticky":false,"template":"","format":"standard","meta":{"_acf_changed":false,"_yoast_wpseo_focuskw":"Thomas Casata CFO","_yoast_wpseo_title":"Thomas Casata CFO: Plazza ernennt neuen Finanzchef","_yoast_wpseo_metadesc":"Thomas Casata ist seit November 2015 f\u00fcr Plazza t\u00e4tig und \u00fcbernimmt nun die Position des CFO. Er bringt langj\u00e4hrige Finanz-Erfahrung mit.","_yoast_wpseo_linkdex":53,"pgc_sgb_lightbox_settings":"","footnotes":""},"categories":[1],"tags":[1564],"class_list":["post-2696","post","type-post","status-publish","format-standard","has-post-thumbnail","hentry","category-allgemein","tag-personalien"],"acf":[],"yoast_head":"<!-- This site is optimized with the Yoast SEO plugin v27.5 - https:\/\/yoast.com\/product\/yoast-seo-wordpress\/ -->\n<title>Thomas Casata CFO: Plazza ernennt neuen Finanzchef<\/title>\n<meta name=\"description\" content=\"Thomas Casata ist seit November 2015 f\u00fcr Plazza t\u00e4tig und \u00fcbernimmt nun die Position des CFO. Er bringt langj\u00e4hrige Finanz-Erfahrung mit.\" \/>\n<meta name=\"robots\" content=\"index, follow, max-snippet:-1, max-image-preview:large, max-video-preview:-1\" \/>\n<link rel=\"canonical\" href=\"https:\/\/www.immobilienbusiness.ch\/de\/allgemein\/2016-03-24\/plazza-beruft-thomas-casata-zum-cfo\/\" \/>\n<meta property=\"og:locale\" content=\"de_DE\" \/>\n<meta property=\"og:type\" content=\"article\" \/>\n<meta property=\"og:title\" content=\"Plazza beruft Thomas Casata zum CFO\" \/>\n<meta property=\"og:description\" content=\"Thomas Casata wird neuer Chief Financial Officer (CFO) und Mitglied der Gesch\u00e4ftsleitung bei der Plazza AG. Die neue Funktion wird er per 1. Mai 2016 antreten.\" \/>\n<meta property=\"og:url\" content=\"https:\/\/www.immobilienbusiness.ch\/de\/allgemein\/2016-03-24\/plazza-beruft-thomas-casata-zum-cfo\/\" \/>\n<meta property=\"og:site_name\" content=\"IMMOBILIEN Business\" \/>\n<meta property=\"article:publisher\" content=\"https:\/\/www.facebook.com\/immobilienbusiness\/\" \/>\n<meta property=\"article:published_time\" content=\"2016-03-24T08:39:29+00:00\" \/>\n<meta name=\"author\" content=\"Redaktion\" \/>\n<meta name=\"twitter:card\" content=\"summary_large_image\" \/>\n<meta name=\"twitter:image\" content=\"https:\/\/www.immobilienbusiness.ch\/wp-content\/uploads\/2016\/12\/Plazza-beruft-Thomas-Casata-zum-CFO-immobilien-business.jpg\" \/>\n<script type=\"application\/ld+json\" class=\"yoast-schema-graph\">{\"@context\":\"https:\\\/\\\/schema.org\",\"@graph\":[{\"@type\":\"Article\",\"@id\":\"https:\\\/\\\/www.immobilienbusiness.ch\\\/allgemein\\\/2016-03-24\\\/plazza-beruft-thomas-casata-zum-cfo\\\/#article\",\"isPartOf\":{\"@id\":\"https:\\\/\\\/www.immobilienbusiness.ch\\\/allgemein\\\/2016-03-24\\\/plazza-beruft-thomas-casata-zum-cfo\\\/\"},\"author\":{\"name\":\"Redaktion\",\"@id\":\"https:\\\/\\\/www.immobilienbusiness.ch\\\/#\\\/schema\\\/person\\\/aa2bace6c5c5aad60102004a50c4eb1c\"},\"headline\":\"Plazza beruft Thomas Casata zum CFO\",\"datePublished\":\"2016-03-24T08:39:29+00:00\",\"mainEntityOfPage\":{\"@id\":\"https:\\\/\\\/www.immobilienbusiness.ch\\\/allgemein\\\/2016-03-24\\\/plazza-beruft-thomas-casata-zum-cfo\\\/\"},\"wordCount\":105,\"commentCount\":0,\"publisher\":{\"@id\":\"https:\\\/\\\/www.immobilienbusiness.ch\\\/#organization\"},\"image\":{\"@id\":\"https:\\\/\\\/www.immobilienbusiness.ch\\\/allgemein\\\/2016-03-24\\\/plazza-beruft-thomas-casata-zum-cfo\\\/#primaryimage\"},\"thumbnailUrl\":\"https:\\\/\\\/www.immobilienbusiness.ch\\\/wp-content\\\/uploads\\\/2016\\\/12\\\/Plazza-beruft-Thomas-Casata-zum-CFO-immobilien-business.jpg\",\"keywords\":[\"Personalien\"],\"inLanguage\":\"de\"},{\"@type\":\"WebPage\",\"@id\":\"https:\\\/\\\/www.immobilienbusiness.ch\\\/allgemein\\\/2016-03-24\\\/plazza-beruft-thomas-casata-zum-cfo\\\/\",\"url\":\"https:\\\/\\\/www.immobilienbusiness.ch\\\/allgemein\\\/2016-03-24\\\/plazza-beruft-thomas-casata-zum-cfo\\\/\",\"name\":\"Thomas Casata CFO: Plazza ernennt neuen Finanzchef\",\"isPartOf\":{\"@id\":\"https:\\\/\\\/www.immobilienbusiness.ch\\\/#website\"},\"primaryImageOfPage\":{\"@id\":\"https:\\\/\\\/www.immobilienbusiness.ch\\\/allgemein\\\/2016-03-24\\\/plazza-beruft-thomas-casata-zum-cfo\\\/#primaryimage\"},\"image\":{\"@id\":\"https:\\\/\\\/www.immobilienbusiness.ch\\\/allgemein\\\/2016-03-24\\\/plazza-beruft-thomas-casata-zum-cfo\\\/#primaryimage\"},\"thumbnailUrl\":\"https:\\\/\\\/www.immobilienbusiness.ch\\\/wp-content\\\/uploads\\\/2016\\\/12\\\/Plazza-beruft-Thomas-Casata-zum-CFO-immobilien-business.jpg\",\"datePublished\":\"2016-03-24T08:39:29+00:00\",\"description\":\"Thomas Casata ist seit November 2015 f\u00fcr Plazza t\u00e4tig und \u00fcbernimmt nun die Position des CFO. Er bringt langj\u00e4hrige Finanz-Erfahrung mit.\",\"breadcrumb\":{\"@id\":\"https:\\\/\\\/www.immobilienbusiness.ch\\\/allgemein\\\/2016-03-24\\\/plazza-beruft-thomas-casata-zum-cfo\\\/#breadcrumb\"},\"inLanguage\":\"de\",\"potentialAction\":[{\"@type\":\"ReadAction\",\"target\":[\"https:\\\/\\\/www.immobilienbusiness.ch\\\/allgemein\\\/2016-03-24\\\/plazza-beruft-thomas-casata-zum-cfo\\\/\"]}]},{\"@type\":\"ImageObject\",\"inLanguage\":\"de\",\"@id\":\"https:\\\/\\\/www.immobilienbusiness.ch\\\/allgemein\\\/2016-03-24\\\/plazza-beruft-thomas-casata-zum-cfo\\\/#primaryimage\",\"url\":\"https:\\\/\\\/www.immobilienbusiness.ch\\\/wp-content\\\/uploads\\\/2016\\\/12\\\/Plazza-beruft-Thomas-Casata-zum-CFO-immobilien-business.jpg\",\"contentUrl\":\"https:\\\/\\\/www.immobilienbusiness.ch\\\/wp-content\\\/uploads\\\/2016\\\/12\\\/Plazza-beruft-Thomas-Casata-zum-CFO-immobilien-business.jpg\",\"width\":317,\"height\":317,\"caption\":\"Thomas Casata wird CFO bei der Plazza (Foto: Plazza AG)\"},{\"@type\":\"BreadcrumbList\",\"@id\":\"https:\\\/\\\/www.immobilienbusiness.ch\\\/allgemein\\\/2016-03-24\\\/plazza-beruft-thomas-casata-zum-cfo\\\/#breadcrumb\",\"itemListElement\":[{\"@type\":\"ListItem\",\"position\":1,\"name\":\"Home\",\"item\":\"https:\\\/\\\/www.immobilienbusiness.ch\\\/\"},{\"@type\":\"ListItem\",\"position\":2,\"name\":\"Plazza beruft Thomas Casata zum CFO\"}]},{\"@type\":\"WebSite\",\"@id\":\"https:\\\/\\\/www.immobilienbusiness.ch\\\/#website\",\"url\":\"https:\\\/\\\/www.immobilienbusiness.ch\\\/\",\"name\":\"IMMOBILIEN Business\",\"description\":\"Unabh\u00e4ngiges Schweizer Wirtschaftsmagazin mit Fokus auf Immobilien, Architektur- und Bau sowie Investment- und Finanzierung.\",\"publisher\":{\"@id\":\"https:\\\/\\\/www.immobilienbusiness.ch\\\/#organization\"},\"potentialAction\":[{\"@type\":\"SearchAction\",\"target\":{\"@type\":\"EntryPoint\",\"urlTemplate\":\"https:\\\/\\\/www.immobilienbusiness.ch\\\/?s={search_term_string}\"},\"query-input\":{\"@type\":\"PropertyValueSpecification\",\"valueRequired\":true,\"valueName\":\"search_term_string\"}}],\"inLanguage\":\"de\"},{\"@type\":\"Organization\",\"@id\":\"https:\\\/\\\/www.immobilienbusiness.ch\\\/#organization\",\"name\":\"IMMOBILIEN Business\",\"url\":\"https:\\\/\\\/www.immobilienbusiness.ch\\\/\",\"logo\":{\"@type\":\"ImageObject\",\"inLanguage\":\"de\",\"@id\":\"https:\\\/\\\/www.immobilienbusiness.ch\\\/#\\\/schema\\\/logo\\\/image\\\/\",\"url\":\"https:\\\/\\\/www.immobilienbusiness.ch\\\/wp-content\\\/uploads\\\/2021\\\/07\\\/logo_ib.png\",\"contentUrl\":\"https:\\\/\\\/www.immobilienbusiness.ch\\\/wp-content\\\/uploads\\\/2021\\\/07\\\/logo_ib.png\",\"width\":800,\"height\":181,\"caption\":\"IMMOBILIEN Business\"},\"image\":{\"@id\":\"https:\\\/\\\/www.immobilienbusiness.ch\\\/#\\\/schema\\\/logo\\\/image\\\/\"},\"sameAs\":[\"https:\\\/\\\/www.facebook.com\\\/immobilienbusiness\\\/\"]},{\"@type\":\"Person\",\"@id\":\"https:\\\/\\\/www.immobilienbusiness.ch\\\/#\\\/schema\\\/person\\\/aa2bace6c5c5aad60102004a50c4eb1c\",\"name\":\"Redaktion\",\"image\":{\"@type\":\"ImageObject\",\"inLanguage\":\"de\",\"@id\":\"https:\\\/\\\/secure.gravatar.com\\\/avatar\\\/ae2f4d718e6c49043e314ce431e7e645d646302a24a5ef5a8bc8e3f5a032e319?s=96&d=mm&r=g\",\"url\":\"https:\\\/\\\/secure.gravatar.com\\\/avatar\\\/ae2f4d718e6c49043e314ce431e7e645d646302a24a5ef5a8bc8e3f5a032e319?s=96&d=mm&r=g\",\"contentUrl\":\"https:\\\/\\\/secure.gravatar.com\\\/avatar\\\/ae2f4d718e6c49043e314ce431e7e645d646302a24a5ef5a8bc8e3f5a032e319?s=96&d=mm&r=g\",\"caption\":\"Redaktion\"},\"sameAs\":[\"http:\\\/\\\/develop.organisator.galledia.ch\"],\"url\":\"https:\\\/\\\/www.immobilienbusiness.ch\\\/de\\\/author\\\/admin\\\/\"}]}<\/script>\n<!-- \/ Yoast SEO plugin. -->","yoast_head_json":{"title":"Thomas Casata CFO: Plazza ernennt neuen Finanzchef","description":"Thomas Casata ist seit November 2015 f\u00fcr Plazza t\u00e4tig und \u00fcbernimmt nun die Position des CFO. Er bringt langj\u00e4hrige Finanz-Erfahrung mit.","robots":{"index":"index","follow":"follow","max-snippet":"max-snippet:-1","max-image-preview":"max-image-preview:large","max-video-preview":"max-video-preview:-1"},"canonical":"https:\/\/www.immobilienbusiness.ch\/de\/allgemein\/2016-03-24\/plazza-beruft-thomas-casata-zum-cfo\/","og_locale":"de_DE","og_type":"article","og_title":"Plazza beruft Thomas Casata zum CFO","og_description":"Thomas Casata wird neuer Chief Financial Officer (CFO) und Mitglied der Gesch\u00e4ftsleitung bei der Plazza AG. Die neue Funktion wird er per 1. Mai 2016 antreten.","og_url":"https:\/\/www.immobilienbusiness.ch\/de\/allgemein\/2016-03-24\/plazza-beruft-thomas-casata-zum-cfo\/","og_site_name":"IMMOBILIEN Business","article_publisher":"https:\/\/www.facebook.com\/immobilienbusiness\/","article_published_time":"2016-03-24T08:39:29+00:00","author":"Redaktion","twitter_card":"summary_large_image","twitter_image":"https:\/\/www.immobilienbusiness.ch\/wp-content\/uploads\/2016\/12\/Plazza-beruft-Thomas-Casata-zum-CFO-immobilien-business.jpg","schema":{"@context":"https:\/\/schema.org","@graph":[{"@type":"Article","@id":"https:\/\/www.immobilienbusiness.ch\/allgemein\/2016-03-24\/plazza-beruft-thomas-casata-zum-cfo\/#article","isPartOf":{"@id":"https:\/\/www.immobilienbusiness.ch\/allgemein\/2016-03-24\/plazza-beruft-thomas-casata-zum-cfo\/"},"author":{"name":"Redaktion","@id":"https:\/\/www.immobilienbusiness.ch\/#\/schema\/person\/aa2bace6c5c5aad60102004a50c4eb1c"},"headline":"Plazza beruft Thomas Casata zum CFO","datePublished":"2016-03-24T08:39:29+00:00","mainEntityOfPage":{"@id":"https:\/\/www.immobilienbusiness.ch\/allgemein\/2016-03-24\/plazza-beruft-thomas-casata-zum-cfo\/"},"wordCount":105,"commentCount":0,"publisher":{"@id":"https:\/\/www.immobilienbusiness.ch\/#organization"},"image":{"@id":"https:\/\/www.immobilienbusiness.ch\/allgemein\/2016-03-24\/plazza-beruft-thomas-casata-zum-cfo\/#primaryimage"},"thumbnailUrl":"https:\/\/www.immobilienbusiness.ch\/wp-content\/uploads\/2016\/12\/Plazza-beruft-Thomas-Casata-zum-CFO-immobilien-business.jpg","keywords":["Personalien"],"inLanguage":"de"},{"@type":"WebPage","@id":"https:\/\/www.immobilienbusiness.ch\/allgemein\/2016-03-24\/plazza-beruft-thomas-casata-zum-cfo\/","url":"https:\/\/www.immobilienbusiness.ch\/allgemein\/2016-03-24\/plazza-beruft-thomas-casata-zum-cfo\/","name":"Thomas Casata CFO: Plazza ernennt neuen Finanzchef","isPartOf":{"@id":"https:\/\/www.immobilienbusiness.ch\/#website"},"primaryImageOfPage":{"@id":"https:\/\/www.immobilienbusiness.ch\/allgemein\/2016-03-24\/plazza-beruft-thomas-casata-zum-cfo\/#primaryimage"},"image":{"@id":"https:\/\/www.immobilienbusiness.ch\/allgemein\/2016-03-24\/plazza-beruft-thomas-casata-zum-cfo\/#primaryimage"},"thumbnailUrl":"https:\/\/www.immobilienbusiness.ch\/wp-content\/uploads\/2016\/12\/Plazza-beruft-Thomas-Casata-zum-CFO-immobilien-business.jpg","datePublished":"2016-03-24T08:39:29+00:00","description":"Thomas Casata ist seit November 2015 f\u00fcr Plazza t\u00e4tig und \u00fcbernimmt nun die Position des CFO. Er bringt langj\u00e4hrige Finanz-Erfahrung mit.","breadcrumb":{"@id":"https:\/\/www.immobilienbusiness.ch\/allgemein\/2016-03-24\/plazza-beruft-thomas-casata-zum-cfo\/#breadcrumb"},"inLanguage":"de","potentialAction":[{"@type":"ReadAction","target":["https:\/\/www.immobilienbusiness.ch\/allgemein\/2016-03-24\/plazza-beruft-thomas-casata-zum-cfo\/"]}]},{"@type":"ImageObject","inLanguage":"de","@id":"https:\/\/www.immobilienbusiness.ch\/allgemein\/2016-03-24\/plazza-beruft-thomas-casata-zum-cfo\/#primaryimage","url":"https:\/\/www.immobilienbusiness.ch\/wp-content\/uploads\/2016\/12\/Plazza-beruft-Thomas-Casata-zum-CFO-immobilien-business.jpg","contentUrl":"https:\/\/www.immobilienbusiness.ch\/wp-content\/uploads\/2016\/12\/Plazza-beruft-Thomas-Casata-zum-CFO-immobilien-business.jpg","width":317,"height":317,"caption":"Thomas Casata wird CFO bei der Plazza (Foto: Plazza AG)"},{"@type":"BreadcrumbList","@id":"https:\/\/www.immobilienbusiness.ch\/allgemein\/2016-03-24\/plazza-beruft-thomas-casata-zum-cfo\/#breadcrumb","itemListElement":[{"@type":"ListItem","position":1,"name":"Home","item":"https:\/\/www.immobilienbusiness.ch\/"},{"@type":"ListItem","position":2,"name":"Plazza beruft Thomas Casata zum CFO"}]},{"@type":"WebSite","@id":"https:\/\/www.immobilienbusiness.ch\/#website","url":"https:\/\/www.immobilienbusiness.ch\/","name":"IMMOBILIEN Business","description":"Unabh\u00e4ngiges Schweizer Wirtschaftsmagazin mit Fokus auf Immobilien, Architektur- und Bau sowie Investment- und Finanzierung.","publisher":{"@id":"https:\/\/www.immobilienbusiness.ch\/#organization"},"potentialAction":[{"@type":"SearchAction","target":{"@type":"EntryPoint","urlTemplate":"https:\/\/www.immobilienbusiness.ch\/?s={search_term_string}"},"query-input":{"@type":"PropertyValueSpecification","valueRequired":true,"valueName":"search_term_string"}}],"inLanguage":"de"},{"@type":"Organization","@id":"https:\/\/www.immobilienbusiness.ch\/#organization","name":"IMMOBILIEN Business","url":"https:\/\/www.immobilienbusiness.ch\/","logo":{"@type":"ImageObject","inLanguage":"de","@id":"https:\/\/www.immobilienbusiness.ch\/#\/schema\/logo\/image\/","url":"https:\/\/www.immobilienbusiness.ch\/wp-content\/uploads\/2021\/07\/logo_ib.png","contentUrl":"https:\/\/www.immobilienbusiness.ch\/wp-content\/uploads\/2021\/07\/logo_ib.png","width":800,"height":181,"caption":"IMMOBILIEN Business"},"image":{"@id":"https:\/\/www.immobilienbusiness.ch\/#\/schema\/logo\/image\/"},"sameAs":["https:\/\/www.facebook.com\/immobilienbusiness\/"]},{"@type":"Person","@id":"https:\/\/www.immobilienbusiness.ch\/#\/schema\/person\/aa2bace6c5c5aad60102004a50c4eb1c","name":"Redaktion","image":{"@type":"ImageObject","inLanguage":"de","@id":"https:\/\/secure.gravatar.com\/avatar\/ae2f4d718e6c49043e314ce431e7e645d646302a24a5ef5a8bc8e3f5a032e319?s=96&d=mm&r=g","url":"https:\/\/secure.gravatar.com\/avatar\/ae2f4d718e6c49043e314ce431e7e645d646302a24a5ef5a8bc8e3f5a032e319?s=96&d=mm&r=g","contentUrl":"https:\/\/secure.gravatar.com\/avatar\/ae2f4d718e6c49043e314ce431e7e645d646302a24a5ef5a8bc8e3f5a032e319?s=96&d=mm&r=g","caption":"Redaktion"},"sameAs":["http:\/\/develop.organisator.galledia.ch"],"url":"https:\/\/www.immobilienbusiness.ch\/de\/author\/admin\/"}]}},"_links":{"self":[{"href":"https:\/\/www.immobilienbusiness.ch\/de\/wp-json\/wp\/v2\/posts\/2696","targetHints":{"allow":["GET"]}}],"collection":[{"href":"https:\/\/www.immobilienbusiness.ch\/de\/wp-json\/wp\/v2\/posts"}],"about":[{"href":"https:\/\/www.immobilienbusiness.ch\/de\/wp-json\/wp\/v2\/types\/post"}],"author":[{"embeddable":true,"href":"https:\/\/www.immobilienbusiness.ch\/de\/wp-json\/wp\/v2\/users\/1"}],"replies":[{"embeddable":true,"href":"https:\/\/www.immobilienbusiness.ch\/de\/wp-json\/wp\/v2\/comments?post=2696"}],"version-history":[{"count":0,"href":"https:\/\/www.immobilienbusiness.ch\/de\/wp-json\/wp\/v2\/posts\/2696\/revisions"}],"wp:featuredmedia":[{"embeddable":true,"href":"https:\/\/www.immobilienbusiness.ch\/de\/wp-json\/wp\/v2\/media\/2697"}],"wp:attachment":[{"href":"https:\/\/www.immobilienbusiness.ch\/de\/wp-json\/wp\/v2\/media?parent=2696"}],"wp:term":[{"taxonomy":"category","embeddable":true,"href":"https:\/\/www.immobilienbusiness.ch\/de\/wp-json\/wp\/v2\/categories?post=2696"},{"taxonomy":"post_tag","embeddable":true,"href":"https:\/\/www.immobilienbusiness.ch\/de\/wp-json\/wp\/v2\/tags?post=2696"}],"curies":[{"name":"wp","href":"https:\/\/api.w.org\/{rel}","templated":true}]}}