{"id":2509,"date":"2016-03-10T15:00:40","date_gmt":"2016-03-10T14:00:40","guid":{"rendered":"http:\/\/dev.immobilienbusiness.ch\/?p=2509"},"modified":"2016-03-10T15:00:40","modified_gmt":"2016-03-10T14:00:40","slug":"rueckblick-63-schweizer-immobiliengespraech","status":"publish","type":"post","link":"https:\/\/www.immobilienbusiness.ch\/de\/allgemein\/2016-03-10\/rueckblick-63-schweizer-immobiliengespraech\/","title":{"rendered":"R\u00fcckblick &#8211; 63. Schweizer Immobiliengespr\u00e4ch"},"content":{"rendered":"<p><img loading=\"lazy\" decoding=\"async\" class=\"alignnone size-medium wp-image-2510\" src=\"https:\/\/immobilienbusiness.ch\/wp-content\/uploads\/2016\/12\/R\u00fcckblick-63.-Schweizer-Immobiliengespraech-immobilien-business.jpg\" alt=\"rueckblick-63-schweizer-immobiliengespraech-immobilien-business\" width=\"680\" height=\"453\" \/><\/p>\n<p>Zu Beginn des 63. Schweizer Immobiliengespr\u00e4chs stellte Dr. Jo\u00eblle Zimmerli von der Hochschule Wirtschaft Luzern und Inhaberin von Zimraum Raum + Gesellschaft die wichtigsten Ergebnisse der aktuellen Studie \u00abDemografie und Wohnungswirtschaft. Pensionierte auf dem Wohnungsmarkt\u00bb vor. Hierzu waren \u00fcber 200 Entwickler, Eigent\u00fcmer, Liegenschaftsverwalter und Vermarkter befragt worden, wie gut der Schweizer Wohnungsmarkt auf die Nachfrage und Bed\u00fcrfnisse der Zielgruppe der Pensionierten vorbereitet ist. Ein Fazit: Vielerorts gehen die Angebote von Wohnraum-Vermietern an den Bed\u00fcrfnissen der \u00e4lteren Generation vorbei. Vor allem das Segment \u00abBetreutes Wohnen\u00bb werde nur von einem recht kleinen Prozentsatz der \u00e4lteren Bev\u00f6lkerung pr\u00e4feriert, sagte Zimmerli.<\/p>\n<p>Mobimo erl\u00e4uterte im Folgenden ihre Erfahrungen beim Entstehen des Aeschbach-Quartiers in Aarau. Sie best\u00e4tigte ein weiteres Studienergebnis, dass Senioren nicht per se bereit seien, f\u00fcr eine sogenannte \u00abAlters-Infrastruktur\u00bb pauschal zu bezahlen. Im Anschluss wies auch Alexandra Bay vom Immobiliendienstleister Wincasa darauf hin, dass die Anbieter von Senioren-Residenzen, wie beispielsweise die Tertianum AG, mit ihren speziellen Konzepten f\u00fcr Pensionierte vor gut zehn Jahren erst einmal Neuland betraten und sp\u00e4ter einige Ver\u00e4nderungen vornehmen mussten. Senioren verlangten vielmehr A-la-carte-Angebote statt All-inclusive-Paketen beim Wohnen im Alter, so Bay.<\/p>\n<p>Auf die Referate folgte eine von Prof. Dr. Markus Schmidiger (Leiter CC Immobilienmanagement Hochschule Luzern) geleitete Podiumsdiskussion. Dort wurde unter anderem aus dem Publikum angemerkt, dass sich die Lage in den kommenden Jahren angesichts der vermutlich sinkenden Pensionen versch\u00e4rfen k\u00f6nnte. Im Bereich Alterswohnen w\u00fcrde die Frage nach bezahlbarem Wohnraum zunehmend an Gewicht gewinnen, so ein Hinweis. Dr. Jo\u00eblle Zimmerli sicherte diesbez\u00fcglich zu, dass die jetzt vorgestellte Studie \u00abDemografie und Wohnungswirtschaft\u00bb ab dem Mai fortgesetzt werde und dort dieses Thema dann noch einmal vertieft behandelt werde. (mr)<\/p>\n<div id='gallery-1' class='gallery galleryid-2509 gallery-columns-3 gallery-size-thumbnail'><figure class='gallery-item'>\n\t\t\t<div class='gallery-icon landscape'>\n\t\t\t\t<a href='https:\/\/www.immobilienbusiness.ch\/de\/rueckblick-63-schweizer-immobiliengespraech-1-immobilien-business\/'><img loading=\"lazy\" decoding=\"async\" width=\"150\" height=\"150\" src=\"https:\/\/www.immobilienbusiness.ch\/wp-content\/uploads\/2016\/03\/rueckblick-63-schweizer-immobiliengespraech-1-immobilien-business-150x150.jpg\" class=\"attachment-thumbnail size-thumbnail\" alt=\"\" srcset=\"https:\/\/www.immobilienbusiness.ch\/wp-content\/uploads\/2016\/03\/rueckblick-63-schweizer-immobiliengespraech-1-immobilien-business-150x150.jpg 150w, https:\/\/www.immobilienbusiness.ch\/wp-content\/uploads\/2016\/03\/rueckblick-63-schweizer-immobiliengespraech-1-immobilien-business-250x250.jpg 250w, https:\/\/www.immobilienbusiness.ch\/wp-content\/uploads\/2016\/03\/rueckblick-63-schweizer-immobiliengespraech-1-immobilien-business-100x100.jpg 100w\" sizes=\"auto, (max-width: 150px) 100vw, 150px\" \/><\/a>\n\t\t\t<\/div><\/figure><figure class='gallery-item'>\n\t\t\t<div class='gallery-icon landscape'>\n\t\t\t\t<a href='https:\/\/www.immobilienbusiness.ch\/de\/rueckblick-63-schweizer-immobiliengespraech-2-immobilien-business-jpg\/'><img loading=\"lazy\" decoding=\"async\" width=\"150\" height=\"150\" src=\"https:\/\/www.immobilienbusiness.ch\/wp-content\/uploads\/2016\/03\/rueckblick-63-schweizer-immobiliengespraech-2-immobilien-business.jpg-150x150.jpg\" class=\"attachment-thumbnail size-thumbnail\" alt=\"\" srcset=\"https:\/\/www.immobilienbusiness.ch\/wp-content\/uploads\/2016\/03\/rueckblick-63-schweizer-immobiliengespraech-2-immobilien-business.jpg-150x150.jpg 150w, https:\/\/www.immobilienbusiness.ch\/wp-content\/uploads\/2016\/03\/rueckblick-63-schweizer-immobiliengespraech-2-immobilien-business.jpg-250x250.jpg 250w, https:\/\/www.immobilienbusiness.ch\/wp-content\/uploads\/2016\/03\/rueckblick-63-schweizer-immobiliengespraech-2-immobilien-business.jpg-100x100.jpg 100w\" sizes=\"auto, (max-width: 150px) 100vw, 150px\" \/><\/a>\n\t\t\t<\/div><\/figure><figure class='gallery-item'>\n\t\t\t<div class='gallery-icon landscape'>\n\t\t\t\t<a href='https:\/\/www.immobilienbusiness.ch\/de\/rueckblick-63-schweizer-immobiliengespraech-3-immobilien-business\/'><img loading=\"lazy\" decoding=\"async\" width=\"150\" height=\"150\" src=\"https:\/\/www.immobilienbusiness.ch\/wp-content\/uploads\/2016\/03\/rueckblick-63-schweizer-immobiliengespraech-3-immobilien-business-150x150.jpg\" class=\"attachment-thumbnail size-thumbnail\" alt=\"\" srcset=\"https:\/\/www.immobilienbusiness.ch\/wp-content\/uploads\/2016\/03\/rueckblick-63-schweizer-immobiliengespraech-3-immobilien-business-150x150.jpg 150w, https:\/\/www.immobilienbusiness.ch\/wp-content\/uploads\/2016\/03\/rueckblick-63-schweizer-immobiliengespraech-3-immobilien-business-250x250.jpg 250w, https:\/\/www.immobilienbusiness.ch\/wp-content\/uploads\/2016\/03\/rueckblick-63-schweizer-immobiliengespraech-3-immobilien-business-100x100.jpg 100w\" sizes=\"auto, (max-width: 150px) 100vw, 150px\" \/><\/a>\n\t\t\t<\/div><\/figure><figure class='gallery-item'>\n\t\t\t<div class='gallery-icon landscape'>\n\t\t\t\t<a href='https:\/\/www.immobilienbusiness.ch\/de\/rueckblick-63-schweizer-immobiliengespraech-4-immobilien-business\/'><img loading=\"lazy\" decoding=\"async\" width=\"150\" height=\"150\" src=\"https:\/\/www.immobilienbusiness.ch\/wp-content\/uploads\/2016\/03\/rueckblick-63-schweizer-immobiliengespraech-4-immobilien-business-150x150.jpg\" class=\"attachment-thumbnail size-thumbnail\" alt=\"\" srcset=\"https:\/\/www.immobilienbusiness.ch\/wp-content\/uploads\/2016\/03\/rueckblick-63-schweizer-immobiliengespraech-4-immobilien-business-150x150.jpg 150w, https:\/\/www.immobilienbusiness.ch\/wp-content\/uploads\/2016\/03\/rueckblick-63-schweizer-immobiliengespraech-4-immobilien-business-250x250.jpg 250w, https:\/\/www.immobilienbusiness.ch\/wp-content\/uploads\/2016\/03\/rueckblick-63-schweizer-immobiliengespraech-4-immobilien-business-100x100.jpg 100w\" sizes=\"auto, (max-width: 150px) 100vw, 150px\" \/><\/a>\n\t\t\t<\/div><\/figure><figure class='gallery-item'>\n\t\t\t<div class='gallery-icon landscape'>\n\t\t\t\t<a href='https:\/\/www.immobilienbusiness.ch\/de\/rueckblick-63-schweizer-immobiliengespraech-5-immobilien-business\/'><img loading=\"lazy\" decoding=\"async\" width=\"150\" height=\"150\" src=\"https:\/\/www.immobilienbusiness.ch\/wp-content\/uploads\/2016\/03\/rueckblick-63-schweizer-immobiliengespraech-5-immobilien-business-150x150.jpg\" class=\"attachment-thumbnail size-thumbnail\" alt=\"\" srcset=\"https:\/\/www.immobilienbusiness.ch\/wp-content\/uploads\/2016\/03\/rueckblick-63-schweizer-immobiliengespraech-5-immobilien-business-150x150.jpg 150w, https:\/\/www.immobilienbusiness.ch\/wp-content\/uploads\/2016\/03\/rueckblick-63-schweizer-immobiliengespraech-5-immobilien-business-250x250.jpg 250w, https:\/\/www.immobilienbusiness.ch\/wp-content\/uploads\/2016\/03\/rueckblick-63-schweizer-immobiliengespraech-5-immobilien-business-100x100.jpg 100w\" sizes=\"auto, (max-width: 150px) 100vw, 150px\" \/><\/a>\n\t\t\t<\/div><\/figure><figure class='gallery-item'>\n\t\t\t<div class='gallery-icon landscape'>\n\t\t\t\t<a href='https:\/\/www.immobilienbusiness.ch\/de\/rueckblick-63-schweizer-immobiliengespraech-6-immobilien-business\/'><img loading=\"lazy\" decoding=\"async\" width=\"150\" height=\"150\" src=\"https:\/\/www.immobilienbusiness.ch\/wp-content\/uploads\/2016\/03\/rueckblick-63-schweizer-immobiliengespraech-6-immobilien-business-150x150.jpg\" class=\"attachment-thumbnail size-thumbnail\" alt=\"\" srcset=\"https:\/\/www.immobilienbusiness.ch\/wp-content\/uploads\/2016\/03\/rueckblick-63-schweizer-immobiliengespraech-6-immobilien-business-150x150.jpg 150w, https:\/\/www.immobilienbusiness.ch\/wp-content\/uploads\/2016\/03\/rueckblick-63-schweizer-immobiliengespraech-6-immobilien-business-250x250.jpg 250w, https:\/\/www.immobilienbusiness.ch\/wp-content\/uploads\/2016\/03\/rueckblick-63-schweizer-immobiliengespraech-6-immobilien-business-100x100.jpg 100w\" sizes=\"auto, (max-width: 150px) 100vw, 150px\" \/><\/a>\n\t\t\t<\/div><\/figure><figure class='gallery-item'>\n\t\t\t<div class='gallery-icon landscape'>\n\t\t\t\t<a href='https:\/\/www.immobilienbusiness.ch\/de\/rueckblick-63-schweizer-immobiliengespraech-7-immobilien-business\/'><img loading=\"lazy\" decoding=\"async\" width=\"150\" height=\"150\" src=\"https:\/\/www.immobilienbusiness.ch\/wp-content\/uploads\/2016\/03\/rueckblick-63-schweizer-immobiliengespraech-7-immobilien-business-150x150.jpg\" class=\"attachment-thumbnail size-thumbnail\" alt=\"\" srcset=\"https:\/\/www.immobilienbusiness.ch\/wp-content\/uploads\/2016\/03\/rueckblick-63-schweizer-immobiliengespraech-7-immobilien-business-150x150.jpg 150w, https:\/\/www.immobilienbusiness.ch\/wp-content\/uploads\/2016\/03\/rueckblick-63-schweizer-immobiliengespraech-7-immobilien-business-250x250.jpg 250w, https:\/\/www.immobilienbusiness.ch\/wp-content\/uploads\/2016\/03\/rueckblick-63-schweizer-immobiliengespraech-7-immobilien-business-100x100.jpg 100w\" sizes=\"auto, (max-width: 150px) 100vw, 150px\" \/><\/a>\n\t\t\t<\/div><\/figure><figure class='gallery-item'>\n\t\t\t<div class='gallery-icon landscape'>\n\t\t\t\t<a href='https:\/\/www.immobilienbusiness.ch\/de\/rueckblick-63-schweizer-immobiliengespraech-8-immobilien-business\/'><img loading=\"lazy\" decoding=\"async\" width=\"150\" height=\"150\" src=\"https:\/\/www.immobilienbusiness.ch\/wp-content\/uploads\/2016\/03\/rueckblick-63-schweizer-immobiliengespraech-8-immobilien-business-150x150.jpg\" class=\"attachment-thumbnail size-thumbnail\" alt=\"\" srcset=\"https:\/\/www.immobilienbusiness.ch\/wp-content\/uploads\/2016\/03\/rueckblick-63-schweizer-immobiliengespraech-8-immobilien-business-150x150.jpg 150w, https:\/\/www.immobilienbusiness.ch\/wp-content\/uploads\/2016\/03\/rueckblick-63-schweizer-immobiliengespraech-8-immobilien-business-250x250.jpg 250w, https:\/\/www.immobilienbusiness.ch\/wp-content\/uploads\/2016\/03\/rueckblick-63-schweizer-immobiliengespraech-8-immobilien-business-100x100.jpg 100w\" sizes=\"auto, (max-width: 150px) 100vw, 150px\" \/><\/a>\n\t\t\t<\/div><\/figure><figure class='gallery-item'>\n\t\t\t<div class='gallery-icon landscape'>\n\t\t\t\t<a href='https:\/\/www.immobilienbusiness.ch\/de\/rueckblick-63-schweizer-immobiliengespraech-9-immobilien-business\/'><img loading=\"lazy\" decoding=\"async\" width=\"150\" height=\"150\" src=\"https:\/\/www.immobilienbusiness.ch\/wp-content\/uploads\/2016\/03\/rueckblick-63-schweizer-immobiliengespraech-9-immobilien-business-150x150.jpg\" class=\"attachment-thumbnail size-thumbnail\" alt=\"\" srcset=\"https:\/\/www.immobilienbusiness.ch\/wp-content\/uploads\/2016\/03\/rueckblick-63-schweizer-immobiliengespraech-9-immobilien-business-150x150.jpg 150w, https:\/\/www.immobilienbusiness.ch\/wp-content\/uploads\/2016\/03\/rueckblick-63-schweizer-immobiliengespraech-9-immobilien-business-250x250.jpg 250w, https:\/\/www.immobilienbusiness.ch\/wp-content\/uploads\/2016\/03\/rueckblick-63-schweizer-immobiliengespraech-9-immobilien-business-100x100.jpg 100w\" sizes=\"auto, (max-width: 150px) 100vw, 150px\" \/><\/a>\n\t\t\t<\/div><\/figure><figure class='gallery-item'>\n\t\t\t<div class='gallery-icon landscape'>\n\t\t\t\t<a href='https:\/\/www.immobilienbusiness.ch\/de\/rueckblick-63-schweizer-immobiliengespraech-10-immobilien-business\/'><img loading=\"lazy\" decoding=\"async\" width=\"150\" height=\"150\" src=\"https:\/\/www.immobilienbusiness.ch\/wp-content\/uploads\/2016\/03\/rueckblick-63-schweizer-immobiliengespraech-10-immobilien-business-150x150.jpg\" class=\"attachment-thumbnail size-thumbnail\" alt=\"\" srcset=\"https:\/\/www.immobilienbusiness.ch\/wp-content\/uploads\/2016\/03\/rueckblick-63-schweizer-immobiliengespraech-10-immobilien-business-150x150.jpg 150w, https:\/\/www.immobilienbusiness.ch\/wp-content\/uploads\/2016\/03\/rueckblick-63-schweizer-immobiliengespraech-10-immobilien-business-250x250.jpg 250w, https:\/\/www.immobilienbusiness.ch\/wp-content\/uploads\/2016\/03\/rueckblick-63-schweizer-immobiliengespraech-10-immobilien-business-100x100.jpg 100w\" sizes=\"auto, (max-width: 150px) 100vw, 150px\" \/><\/a>\n\t\t\t<\/div><\/figure><figure class='gallery-item'>\n\t\t\t<div class='gallery-icon landscape'>\n\t\t\t\t<a href='https:\/\/www.immobilienbusiness.ch\/de\/rueckblick-63-schweizer-immobiliengespraech-11-immobilien-business\/'><img loading=\"lazy\" decoding=\"async\" width=\"150\" height=\"150\" src=\"https:\/\/www.immobilienbusiness.ch\/wp-content\/uploads\/2016\/03\/rueckblick-63-schweizer-immobiliengespraech-11-immobilien-business-150x150.jpg\" class=\"attachment-thumbnail size-thumbnail\" alt=\"\" srcset=\"https:\/\/www.immobilienbusiness.ch\/wp-content\/uploads\/2016\/03\/rueckblick-63-schweizer-immobiliengespraech-11-immobilien-business-150x150.jpg 150w, https:\/\/www.immobilienbusiness.ch\/wp-content\/uploads\/2016\/03\/rueckblick-63-schweizer-immobiliengespraech-11-immobilien-business-250x250.jpg 250w, https:\/\/www.immobilienbusiness.ch\/wp-content\/uploads\/2016\/03\/rueckblick-63-schweizer-immobiliengespraech-11-immobilien-business-100x100.jpg 100w\" sizes=\"auto, (max-width: 150px) 100vw, 150px\" \/><\/a>\n\t\t\t<\/div><\/figure><figure class='gallery-item'>\n\t\t\t<div class='gallery-icon landscape'>\n\t\t\t\t<a href='https:\/\/www.immobilienbusiness.ch\/de\/rueckblick-63-schweizer-immobiliengespraech-12-immobilien-business\/'><img loading=\"lazy\" decoding=\"async\" width=\"150\" height=\"150\" src=\"https:\/\/www.immobilienbusiness.ch\/wp-content\/uploads\/2016\/03\/rueckblick-63-schweizer-immobiliengespraech-12-immobilien-business-150x150.jpg\" class=\"attachment-thumbnail size-thumbnail\" alt=\"\" srcset=\"https:\/\/www.immobilienbusiness.ch\/wp-content\/uploads\/2016\/03\/rueckblick-63-schweizer-immobiliengespraech-12-immobilien-business-150x150.jpg 150w, https:\/\/www.immobilienbusiness.ch\/wp-content\/uploads\/2016\/03\/rueckblick-63-schweizer-immobiliengespraech-12-immobilien-business-250x250.jpg 250w, https:\/\/www.immobilienbusiness.ch\/wp-content\/uploads\/2016\/03\/rueckblick-63-schweizer-immobiliengespraech-12-immobilien-business-100x100.jpg 100w\" sizes=\"auto, (max-width: 150px) 100vw, 150px\" \/><\/a>\n\t\t\t<\/div><\/figure><figure class='gallery-item'>\n\t\t\t<div class='gallery-icon landscape'>\n\t\t\t\t<a href='https:\/\/www.immobilienbusiness.ch\/de\/rueckblick-63-schweizer-immobiliengespraech-13-immobilien-business\/'><img loading=\"lazy\" decoding=\"async\" width=\"150\" height=\"150\" src=\"https:\/\/www.immobilienbusiness.ch\/wp-content\/uploads\/2016\/03\/rueckblick-63-schweizer-immobiliengespraech-13-immobilien-business-150x150.jpg\" class=\"attachment-thumbnail size-thumbnail\" alt=\"\" srcset=\"https:\/\/www.immobilienbusiness.ch\/wp-content\/uploads\/2016\/03\/rueckblick-63-schweizer-immobiliengespraech-13-immobilien-business-150x150.jpg 150w, https:\/\/www.immobilienbusiness.ch\/wp-content\/uploads\/2016\/03\/rueckblick-63-schweizer-immobiliengespraech-13-immobilien-business-250x250.jpg 250w, https:\/\/www.immobilienbusiness.ch\/wp-content\/uploads\/2016\/03\/rueckblick-63-schweizer-immobiliengespraech-13-immobilien-business-100x100.jpg 100w\" sizes=\"auto, (max-width: 150px) 100vw, 150px\" \/><\/a>\n\t\t\t<\/div><\/figure><figure class='gallery-item'>\n\t\t\t<div class='gallery-icon landscape'>\n\t\t\t\t<a href='https:\/\/www.immobilienbusiness.ch\/de\/rueckblick-63-schweizer-immobiliengespraech-14-immobilien-business\/'><img loading=\"lazy\" decoding=\"async\" width=\"150\" height=\"150\" src=\"https:\/\/www.immobilienbusiness.ch\/wp-content\/uploads\/2016\/03\/rueckblick-63-schweizer-immobiliengespraech-14-immobilien-business-150x150.jpg\" class=\"attachment-thumbnail size-thumbnail\" alt=\"\" srcset=\"https:\/\/www.immobilienbusiness.ch\/wp-content\/uploads\/2016\/03\/rueckblick-63-schweizer-immobiliengespraech-14-immobilien-business-150x150.jpg 150w, https:\/\/www.immobilienbusiness.ch\/wp-content\/uploads\/2016\/03\/rueckblick-63-schweizer-immobiliengespraech-14-immobilien-business-250x250.jpg 250w, https:\/\/www.immobilienbusiness.ch\/wp-content\/uploads\/2016\/03\/rueckblick-63-schweizer-immobiliengespraech-14-immobilien-business-100x100.jpg 100w\" sizes=\"auto, (max-width: 150px) 100vw, 150px\" \/><\/a>\n\t\t\t<\/div><\/figure><figure class='gallery-item'>\n\t\t\t<div class='gallery-icon landscape'>\n\t\t\t\t<a href='https:\/\/www.immobilienbusiness.ch\/de\/rueckblick-63-schweizer-immobiliengespraech-15-immobilien-business\/'><img loading=\"lazy\" decoding=\"async\" width=\"150\" height=\"150\" src=\"https:\/\/www.immobilienbusiness.ch\/wp-content\/uploads\/2016\/03\/rueckblick-63-schweizer-immobiliengespraech-15-immobilien-business-150x150.jpg\" class=\"attachment-thumbnail size-thumbnail\" alt=\"\" srcset=\"https:\/\/www.immobilienbusiness.ch\/wp-content\/uploads\/2016\/03\/rueckblick-63-schweizer-immobiliengespraech-15-immobilien-business-150x150.jpg 150w, https:\/\/www.immobilienbusiness.ch\/wp-content\/uploads\/2016\/03\/rueckblick-63-schweizer-immobiliengespraech-15-immobilien-business-250x250.jpg 250w, https:\/\/www.immobilienbusiness.ch\/wp-content\/uploads\/2016\/03\/rueckblick-63-schweizer-immobiliengespraech-15-immobilien-business-100x100.jpg 100w\" sizes=\"auto, (max-width: 150px) 100vw, 150px\" \/><\/a>\n\t\t\t<\/div><\/figure><figure class='gallery-item'>\n\t\t\t<div class='gallery-icon landscape'>\n\t\t\t\t<a href='https:\/\/www.immobilienbusiness.ch\/de\/rueckblick-63-schweizer-immobiliengespraech-16-immobilien-business\/'><img loading=\"lazy\" decoding=\"async\" width=\"150\" height=\"150\" src=\"https:\/\/www.immobilienbusiness.ch\/wp-content\/uploads\/2016\/03\/rueckblick-63-schweizer-immobiliengespraech-16-immobilien-business-150x150.jpg\" class=\"attachment-thumbnail size-thumbnail\" alt=\"\" srcset=\"https:\/\/www.immobilienbusiness.ch\/wp-content\/uploads\/2016\/03\/rueckblick-63-schweizer-immobiliengespraech-16-immobilien-business-150x150.jpg 150w, https:\/\/www.immobilienbusiness.ch\/wp-content\/uploads\/2016\/03\/rueckblick-63-schweizer-immobiliengespraech-16-immobilien-business-250x250.jpg 250w, https:\/\/www.immobilienbusiness.ch\/wp-content\/uploads\/2016\/03\/rueckblick-63-schweizer-immobiliengespraech-16-immobilien-business-100x100.jpg 100w\" sizes=\"auto, (max-width: 150px) 100vw, 150px\" \/><\/a>\n\t\t\t<\/div><\/figure><figure class='gallery-item'>\n\t\t\t<div class='gallery-icon landscape'>\n\t\t\t\t<a href='https:\/\/www.immobilienbusiness.ch\/de\/rueckblick-63-schweizer-immobiliengespraech-17-immobilien-business\/'><img loading=\"lazy\" decoding=\"async\" width=\"150\" height=\"150\" src=\"https:\/\/www.immobilienbusiness.ch\/wp-content\/uploads\/2016\/03\/rueckblick-63-schweizer-immobiliengespraech-17-immobilien-business-150x150.jpg\" class=\"attachment-thumbnail size-thumbnail\" alt=\"\" srcset=\"https:\/\/www.immobilienbusiness.ch\/wp-content\/uploads\/2016\/03\/rueckblick-63-schweizer-immobiliengespraech-17-immobilien-business-150x150.jpg 150w, https:\/\/www.immobilienbusiness.ch\/wp-content\/uploads\/2016\/03\/rueckblick-63-schweizer-immobiliengespraech-17-immobilien-business-250x250.jpg 250w, https:\/\/www.immobilienbusiness.ch\/wp-content\/uploads\/2016\/03\/rueckblick-63-schweizer-immobiliengespraech-17-immobilien-business-100x100.jpg 100w\" sizes=\"auto, (max-width: 150px) 100vw, 150px\" \/><\/a>\n\t\t\t<\/div><\/figure><figure class='gallery-item'>\n\t\t\t<div class='gallery-icon landscape'>\n\t\t\t\t<a href='https:\/\/www.immobilienbusiness.ch\/de\/rueckblick-63-schweizer-immobiliengespraech-18-immobilien-business\/'><img loading=\"lazy\" decoding=\"async\" width=\"150\" height=\"150\" src=\"https:\/\/www.immobilienbusiness.ch\/wp-content\/uploads\/2016\/03\/rueckblick-63-schweizer-immobiliengespraech-18-immobilien-business-150x150.jpg\" class=\"attachment-thumbnail size-thumbnail\" alt=\"\" srcset=\"https:\/\/www.immobilienbusiness.ch\/wp-content\/uploads\/2016\/03\/rueckblick-63-schweizer-immobiliengespraech-18-immobilien-business-150x150.jpg 150w, https:\/\/www.immobilienbusiness.ch\/wp-content\/uploads\/2016\/03\/rueckblick-63-schweizer-immobiliengespraech-18-immobilien-business-250x250.jpg 250w, https:\/\/www.immobilienbusiness.ch\/wp-content\/uploads\/2016\/03\/rueckblick-63-schweizer-immobiliengespraech-18-immobilien-business-100x100.jpg 100w\" sizes=\"auto, (max-width: 150px) 100vw, 150px\" \/><\/a>\n\t\t\t<\/div><\/figure><figure class='gallery-item'>\n\t\t\t<div class='gallery-icon landscape'>\n\t\t\t\t<a href='https:\/\/www.immobilienbusiness.ch\/de\/rueckblick-63-schweizer-immobiliengespraech-19-immobilien-business\/'><img loading=\"lazy\" decoding=\"async\" width=\"150\" height=\"150\" src=\"https:\/\/www.immobilienbusiness.ch\/wp-content\/uploads\/2016\/03\/rueckblick-63-schweizer-immobiliengespraech-19-immobilien-business-150x150.jpg\" class=\"attachment-thumbnail size-thumbnail\" alt=\"\" srcset=\"https:\/\/www.immobilienbusiness.ch\/wp-content\/uploads\/2016\/03\/rueckblick-63-schweizer-immobiliengespraech-19-immobilien-business-150x150.jpg 150w, https:\/\/www.immobilienbusiness.ch\/wp-content\/uploads\/2016\/03\/rueckblick-63-schweizer-immobiliengespraech-19-immobilien-business-250x250.jpg 250w, https:\/\/www.immobilienbusiness.ch\/wp-content\/uploads\/2016\/03\/rueckblick-63-schweizer-immobiliengespraech-19-immobilien-business-100x100.jpg 100w\" sizes=\"auto, (max-width: 150px) 100vw, 150px\" \/><\/a>\n\t\t\t<\/div><\/figure><figure class='gallery-item'>\n\t\t\t<div class='gallery-icon landscape'>\n\t\t\t\t<a href='https:\/\/www.immobilienbusiness.ch\/de\/rueckblick-63-schweizer-immobiliengespraech-20-immobilien-business\/'><img loading=\"lazy\" decoding=\"async\" width=\"150\" height=\"150\" src=\"https:\/\/www.immobilienbusiness.ch\/wp-content\/uploads\/2016\/03\/rueckblick-63-schweizer-immobiliengespraech-20-immobilien-business-150x150.jpg\" class=\"attachment-thumbnail size-thumbnail\" alt=\"\" srcset=\"https:\/\/www.immobilienbusiness.ch\/wp-content\/uploads\/2016\/03\/rueckblick-63-schweizer-immobiliengespraech-20-immobilien-business-150x150.jpg 150w, https:\/\/www.immobilienbusiness.ch\/wp-content\/uploads\/2016\/03\/rueckblick-63-schweizer-immobiliengespraech-20-immobilien-business-250x250.jpg 250w, https:\/\/www.immobilienbusiness.ch\/wp-content\/uploads\/2016\/03\/rueckblick-63-schweizer-immobiliengespraech-20-immobilien-business-100x100.jpg 100w\" sizes=\"auto, (max-width: 150px) 100vw, 150px\" \/><\/a>\n\t\t\t<\/div><\/figure><figure class='gallery-item'>\n\t\t\t<div class='gallery-icon landscape'>\n\t\t\t\t<a href='https:\/\/www.immobilienbusiness.ch\/de\/rueckblick-63-schweizer-immobiliengespraech-21-immobilien-business\/'><img loading=\"lazy\" decoding=\"async\" width=\"150\" height=\"150\" src=\"https:\/\/www.immobilienbusiness.ch\/wp-content\/uploads\/2016\/03\/rueckblick-63-schweizer-immobiliengespraech-21-immobilien-business-150x150.jpg\" class=\"attachment-thumbnail size-thumbnail\" alt=\"\" srcset=\"https:\/\/www.immobilienbusiness.ch\/wp-content\/uploads\/2016\/03\/rueckblick-63-schweizer-immobiliengespraech-21-immobilien-business-150x150.jpg 150w, https:\/\/www.immobilienbusiness.ch\/wp-content\/uploads\/2016\/03\/rueckblick-63-schweizer-immobiliengespraech-21-immobilien-business-250x250.jpg 250w, https:\/\/www.immobilienbusiness.ch\/wp-content\/uploads\/2016\/03\/rueckblick-63-schweizer-immobiliengespraech-21-immobilien-business-100x100.jpg 100w\" sizes=\"auto, (max-width: 150px) 100vw, 150px\" \/><\/a>\n\t\t\t<\/div><\/figure><figure class='gallery-item'>\n\t\t\t<div class='gallery-icon landscape'>\n\t\t\t\t<a href='https:\/\/www.immobilienbusiness.ch\/de\/rueckblick-63-schweizer-immobiliengespraech-22-immobilien-business\/'><img loading=\"lazy\" decoding=\"async\" width=\"150\" height=\"150\" src=\"https:\/\/www.immobilienbusiness.ch\/wp-content\/uploads\/2016\/03\/rueckblick-63-schweizer-immobiliengespraech-22-immobilien-business-150x150.jpg\" class=\"attachment-thumbnail size-thumbnail\" alt=\"\" srcset=\"https:\/\/www.immobilienbusiness.ch\/wp-content\/uploads\/2016\/03\/rueckblick-63-schweizer-immobiliengespraech-22-immobilien-business-150x150.jpg 150w, https:\/\/www.immobilienbusiness.ch\/wp-content\/uploads\/2016\/03\/rueckblick-63-schweizer-immobiliengespraech-22-immobilien-business-250x250.jpg 250w, https:\/\/www.immobilienbusiness.ch\/wp-content\/uploads\/2016\/03\/rueckblick-63-schweizer-immobiliengespraech-22-immobilien-business-100x100.jpg 100w\" sizes=\"auto, (max-width: 150px) 100vw, 150px\" \/><\/a>\n\t\t\t<\/div><\/figure><figure class='gallery-item'>\n\t\t\t<div class='gallery-icon landscape'>\n\t\t\t\t<a href='https:\/\/www.immobilienbusiness.ch\/de\/rueckblick-63-schweizer-immobiliengespraech-23-immobilien-business\/'><img loading=\"lazy\" decoding=\"async\" width=\"150\" height=\"150\" src=\"https:\/\/www.immobilienbusiness.ch\/wp-content\/uploads\/2016\/03\/rueckblick-63-schweizer-immobiliengespraech-23-immobilien-business-150x150.jpg\" class=\"attachment-thumbnail size-thumbnail\" alt=\"\" srcset=\"https:\/\/www.immobilienbusiness.ch\/wp-content\/uploads\/2016\/03\/rueckblick-63-schweizer-immobiliengespraech-23-immobilien-business-150x150.jpg 150w, https:\/\/www.immobilienbusiness.ch\/wp-content\/uploads\/2016\/03\/rueckblick-63-schweizer-immobiliengespraech-23-immobilien-business-250x250.jpg 250w, https:\/\/www.immobilienbusiness.ch\/wp-content\/uploads\/2016\/03\/rueckblick-63-schweizer-immobiliengespraech-23-immobilien-business-100x100.jpg 100w\" sizes=\"auto, (max-width: 150px) 100vw, 150px\" \/><\/a>\n\t\t\t<\/div><\/figure><figure class='gallery-item'>\n\t\t\t<div class='gallery-icon landscape'>\n\t\t\t\t<a href='https:\/\/www.immobilienbusiness.ch\/de\/rueckblick-63-schweizer-immobiliengespraech-24-immobilien-business\/'><img loading=\"lazy\" decoding=\"async\" width=\"150\" height=\"150\" src=\"https:\/\/www.immobilienbusiness.ch\/wp-content\/uploads\/2016\/03\/rueckblick-63-schweizer-immobiliengespraech-24-immobilien-business-150x150.jpg\" class=\"attachment-thumbnail size-thumbnail\" alt=\"\" srcset=\"https:\/\/www.immobilienbusiness.ch\/wp-content\/uploads\/2016\/03\/rueckblick-63-schweizer-immobiliengespraech-24-immobilien-business-150x150.jpg 150w, https:\/\/www.immobilienbusiness.ch\/wp-content\/uploads\/2016\/03\/rueckblick-63-schweizer-immobiliengespraech-24-immobilien-business-250x250.jpg 250w, https:\/\/www.immobilienbusiness.ch\/wp-content\/uploads\/2016\/03\/rueckblick-63-schweizer-immobiliengespraech-24-immobilien-business-100x100.jpg 100w\" sizes=\"auto, (max-width: 150px) 100vw, 150px\" \/><\/a>\n\t\t\t<\/div><\/figure><figure class='gallery-item'>\n\t\t\t<div class='gallery-icon landscape'>\n\t\t\t\t<a href='https:\/\/www.immobilienbusiness.ch\/de\/rueckblick-63-schweizer-immobiliengespraech-25-immobilien-business\/'><img loading=\"lazy\" decoding=\"async\" width=\"150\" height=\"150\" src=\"https:\/\/www.immobilienbusiness.ch\/wp-content\/uploads\/2016\/03\/rueckblick-63-schweizer-immobiliengespraech-25-immobilien-business-150x150.jpg\" class=\"attachment-thumbnail size-thumbnail\" alt=\"\" srcset=\"https:\/\/www.immobilienbusiness.ch\/wp-content\/uploads\/2016\/03\/rueckblick-63-schweizer-immobiliengespraech-25-immobilien-business-150x150.jpg 150w, https:\/\/www.immobilienbusiness.ch\/wp-content\/uploads\/2016\/03\/rueckblick-63-schweizer-immobiliengespraech-25-immobilien-business-250x250.jpg 250w, https:\/\/www.immobilienbusiness.ch\/wp-content\/uploads\/2016\/03\/rueckblick-63-schweizer-immobiliengespraech-25-immobilien-business-100x100.jpg 100w\" sizes=\"auto, (max-width: 150px) 100vw, 150px\" \/><\/a>\n\t\t\t<\/div><\/figure><figure class='gallery-item'>\n\t\t\t<div class='gallery-icon landscape'>\n\t\t\t\t<a href='https:\/\/www.immobilienbusiness.ch\/de\/rueckblick-63-schweizer-immobiliengespraech-26-immobilien-business\/'><img loading=\"lazy\" decoding=\"async\" width=\"150\" height=\"150\" src=\"https:\/\/www.immobilienbusiness.ch\/wp-content\/uploads\/2016\/03\/rueckblick-63-schweizer-immobiliengespraech-26-immobilien-business-150x150.jpg\" class=\"attachment-thumbnail size-thumbnail\" alt=\"\" srcset=\"https:\/\/www.immobilienbusiness.ch\/wp-content\/uploads\/2016\/03\/rueckblick-63-schweizer-immobiliengespraech-26-immobilien-business-150x150.jpg 150w, https:\/\/www.immobilienbusiness.ch\/wp-content\/uploads\/2016\/03\/rueckblick-63-schweizer-immobiliengespraech-26-immobilien-business-250x250.jpg 250w, https:\/\/www.immobilienbusiness.ch\/wp-content\/uploads\/2016\/03\/rueckblick-63-schweizer-immobiliengespraech-26-immobilien-business-100x100.jpg 100w\" sizes=\"auto, (max-width: 150px) 100vw, 150px\" \/><\/a>\n\t\t\t<\/div><\/figure><figure class='gallery-item'>\n\t\t\t<div class='gallery-icon landscape'>\n\t\t\t\t<a href='https:\/\/www.immobilienbusiness.ch\/de\/rueckblick-63-schweizer-immobiliengespraech-27-immobilien-business\/'><img loading=\"lazy\" decoding=\"async\" width=\"150\" height=\"150\" src=\"https:\/\/www.immobilienbusiness.ch\/wp-content\/uploads\/2016\/03\/rueckblick-63-schweizer-immobiliengespraech-27-immobilien-business-150x150.jpg\" class=\"attachment-thumbnail size-thumbnail\" alt=\"\" srcset=\"https:\/\/www.immobilienbusiness.ch\/wp-content\/uploads\/2016\/03\/rueckblick-63-schweizer-immobiliengespraech-27-immobilien-business-150x150.jpg 150w, https:\/\/www.immobilienbusiness.ch\/wp-content\/uploads\/2016\/03\/rueckblick-63-schweizer-immobiliengespraech-27-immobilien-business-250x250.jpg 250w, https:\/\/www.immobilienbusiness.ch\/wp-content\/uploads\/2016\/03\/rueckblick-63-schweizer-immobiliengespraech-27-immobilien-business-100x100.jpg 100w\" sizes=\"auto, (max-width: 150px) 100vw, 150px\" \/><\/a>\n\t\t\t<\/div><\/figure><figure class='gallery-item'>\n\t\t\t<div class='gallery-icon landscape'>\n\t\t\t\t<a href='https:\/\/www.immobilienbusiness.ch\/de\/rueckblick-63-schweizer-immobiliengespraech-28-immobilien-business\/'><img loading=\"lazy\" decoding=\"async\" width=\"150\" height=\"150\" src=\"https:\/\/www.immobilienbusiness.ch\/wp-content\/uploads\/2016\/03\/rueckblick-63-schweizer-immobiliengespraech-28-immobilien-business-150x150.jpg\" class=\"attachment-thumbnail size-thumbnail\" alt=\"\" srcset=\"https:\/\/www.immobilienbusiness.ch\/wp-content\/uploads\/2016\/03\/rueckblick-63-schweizer-immobiliengespraech-28-immobilien-business-150x150.jpg 150w, https:\/\/www.immobilienbusiness.ch\/wp-content\/uploads\/2016\/03\/rueckblick-63-schweizer-immobiliengespraech-28-immobilien-business-250x250.jpg 250w, https:\/\/www.immobilienbusiness.ch\/wp-content\/uploads\/2016\/03\/rueckblick-63-schweizer-immobiliengespraech-28-immobilien-business-100x100.jpg 100w\" sizes=\"auto, (max-width: 150px) 100vw, 150px\" \/><\/a>\n\t\t\t<\/div><\/figure><figure class='gallery-item'>\n\t\t\t<div class='gallery-icon landscape'>\n\t\t\t\t<a href='https:\/\/www.immobilienbusiness.ch\/de\/rueckblick-63-schweizer-immobiliengespraech-29-immobilien-business\/'><img loading=\"lazy\" decoding=\"async\" width=\"150\" height=\"150\" src=\"https:\/\/www.immobilienbusiness.ch\/wp-content\/uploads\/2016\/03\/rueckblick-63-schweizer-immobiliengespraech-29-immobilien-business-150x150.jpg\" class=\"attachment-thumbnail size-thumbnail\" alt=\"\" srcset=\"https:\/\/www.immobilienbusiness.ch\/wp-content\/uploads\/2016\/03\/rueckblick-63-schweizer-immobiliengespraech-29-immobilien-business-150x150.jpg 150w, https:\/\/www.immobilienbusiness.ch\/wp-content\/uploads\/2016\/03\/rueckblick-63-schweizer-immobiliengespraech-29-immobilien-business-250x250.jpg 250w, https:\/\/www.immobilienbusiness.ch\/wp-content\/uploads\/2016\/03\/rueckblick-63-schweizer-immobiliengespraech-29-immobilien-business-100x100.jpg 100w\" sizes=\"auto, (max-width: 150px) 100vw, 150px\" \/><\/a>\n\t\t\t<\/div><\/figure><figure class='gallery-item'>\n\t\t\t<div class='gallery-icon landscape'>\n\t\t\t\t<a href='https:\/\/www.immobilienbusiness.ch\/de\/rueckblick-63-schweizer-immobiliengespraech-30-immobilien-business\/'><img loading=\"lazy\" decoding=\"async\" width=\"150\" height=\"150\" src=\"https:\/\/www.immobilienbusiness.ch\/wp-content\/uploads\/2016\/03\/rueckblick-63-schweizer-immobiliengespraech-30-immobilien-business-150x150.jpg\" class=\"attachment-thumbnail size-thumbnail\" alt=\"\" srcset=\"https:\/\/www.immobilienbusiness.ch\/wp-content\/uploads\/2016\/03\/rueckblick-63-schweizer-immobiliengespraech-30-immobilien-business-150x150.jpg 150w, https:\/\/www.immobilienbusiness.ch\/wp-content\/uploads\/2016\/03\/rueckblick-63-schweizer-immobiliengespraech-30-immobilien-business-250x250.jpg 250w, https:\/\/www.immobilienbusiness.ch\/wp-content\/uploads\/2016\/03\/rueckblick-63-schweizer-immobiliengespraech-30-immobilien-business-100x100.jpg 100w\" sizes=\"auto, (max-width: 150px) 100vw, 150px\" \/><\/a>\n\t\t\t<\/div><\/figure><figure class='gallery-item'>\n\t\t\t<div class='gallery-icon landscape'>\n\t\t\t\t<a href='https:\/\/www.immobilienbusiness.ch\/de\/rueckblick-63-schweizer-immobiliengespraech-31-immobilien-business\/'><img loading=\"lazy\" decoding=\"async\" width=\"150\" height=\"150\" src=\"https:\/\/www.immobilienbusiness.ch\/wp-content\/uploads\/2016\/03\/rueckblick-63-schweizer-immobiliengespraech-31-immobilien-business-150x150.jpg\" class=\"attachment-thumbnail size-thumbnail\" alt=\"\" srcset=\"https:\/\/www.immobilienbusiness.ch\/wp-content\/uploads\/2016\/03\/rueckblick-63-schweizer-immobiliengespraech-31-immobilien-business-150x150.jpg 150w, https:\/\/www.immobilienbusiness.ch\/wp-content\/uploads\/2016\/03\/rueckblick-63-schweizer-immobiliengespraech-31-immobilien-business-250x250.jpg 250w, https:\/\/www.immobilienbusiness.ch\/wp-content\/uploads\/2016\/03\/rueckblick-63-schweizer-immobiliengespraech-31-immobilien-business-100x100.jpg 100w\" sizes=\"auto, (max-width: 150px) 100vw, 150px\" \/><\/a>\n\t\t\t<\/div><\/figure><figure class='gallery-item'>\n\t\t\t<div class='gallery-icon landscape'>\n\t\t\t\t<a href='https:\/\/www.immobilienbusiness.ch\/de\/rueckblick-63-schweizer-immobiliengespraech-32-immobilien-business\/'><img loading=\"lazy\" decoding=\"async\" width=\"150\" height=\"150\" src=\"https:\/\/www.immobilienbusiness.ch\/wp-content\/uploads\/2016\/03\/rueckblick-63-schweizer-immobiliengespraech-32-immobilien-business-150x150.jpg\" class=\"attachment-thumbnail size-thumbnail\" alt=\"\" srcset=\"https:\/\/www.immobilienbusiness.ch\/wp-content\/uploads\/2016\/03\/rueckblick-63-schweizer-immobiliengespraech-32-immobilien-business-150x150.jpg 150w, https:\/\/www.immobilienbusiness.ch\/wp-content\/uploads\/2016\/03\/rueckblick-63-schweizer-immobiliengespraech-32-immobilien-business-250x250.jpg 250w, https:\/\/www.immobilienbusiness.ch\/wp-content\/uploads\/2016\/03\/rueckblick-63-schweizer-immobiliengespraech-32-immobilien-business-100x100.jpg 100w\" sizes=\"auto, (max-width: 150px) 100vw, 150px\" \/><\/a>\n\t\t\t<\/div><\/figure><figure class='gallery-item'>\n\t\t\t<div class='gallery-icon landscape'>\n\t\t\t\t<a href='https:\/\/www.immobilienbusiness.ch\/de\/rueckblick-63-schweizer-immobiliengespraech-33-immobilien-business\/'><img loading=\"lazy\" decoding=\"async\" width=\"150\" height=\"150\" src=\"https:\/\/www.immobilienbusiness.ch\/wp-content\/uploads\/2016\/03\/rueckblick-63-schweizer-immobiliengespraech-33-immobilien-business-150x150.jpg\" class=\"attachment-thumbnail size-thumbnail\" alt=\"\" srcset=\"https:\/\/www.immobilienbusiness.ch\/wp-content\/uploads\/2016\/03\/rueckblick-63-schweizer-immobiliengespraech-33-immobilien-business-150x150.jpg 150w, https:\/\/www.immobilienbusiness.ch\/wp-content\/uploads\/2016\/03\/rueckblick-63-schweizer-immobiliengespraech-33-immobilien-business-250x250.jpg 250w, https:\/\/www.immobilienbusiness.ch\/wp-content\/uploads\/2016\/03\/rueckblick-63-schweizer-immobiliengespraech-33-immobilien-business-100x100.jpg 100w\" sizes=\"auto, (max-width: 150px) 100vw, 150px\" \/><\/a>\n\t\t\t<\/div><\/figure><figure class='gallery-item'>\n\t\t\t<div class='gallery-icon landscape'>\n\t\t\t\t<a href='https:\/\/www.immobilienbusiness.ch\/de\/rueckblick-63-schweizer-immobiliengespraech-34-immobilien-business\/'><img loading=\"lazy\" decoding=\"async\" width=\"150\" height=\"150\" src=\"https:\/\/www.immobilienbusiness.ch\/wp-content\/uploads\/2016\/03\/rueckblick-63-schweizer-immobiliengespraech-34-immobilien-business-150x150.jpg\" class=\"attachment-thumbnail size-thumbnail\" alt=\"\" srcset=\"https:\/\/www.immobilienbusiness.ch\/wp-content\/uploads\/2016\/03\/rueckblick-63-schweizer-immobiliengespraech-34-immobilien-business-150x150.jpg 150w, https:\/\/www.immobilienbusiness.ch\/wp-content\/uploads\/2016\/03\/rueckblick-63-schweizer-immobiliengespraech-34-immobilien-business-250x250.jpg 250w, https:\/\/www.immobilienbusiness.ch\/wp-content\/uploads\/2016\/03\/rueckblick-63-schweizer-immobiliengespraech-34-immobilien-business-100x100.jpg 100w\" sizes=\"auto, (max-width: 150px) 100vw, 150px\" \/><\/a>\n\t\t\t<\/div><\/figure><figure class='gallery-item'>\n\t\t\t<div class='gallery-icon landscape'>\n\t\t\t\t<a href='https:\/\/www.immobilienbusiness.ch\/de\/rueckblick-63-schweizer-immobiliengespraech-35-immobilien-business\/'><img loading=\"lazy\" decoding=\"async\" width=\"150\" height=\"150\" src=\"https:\/\/www.immobilienbusiness.ch\/wp-content\/uploads\/2016\/03\/rueckblick-63-schweizer-immobiliengespraech-35-immobilien-business-150x150.jpg\" class=\"attachment-thumbnail size-thumbnail\" alt=\"\" srcset=\"https:\/\/www.immobilienbusiness.ch\/wp-content\/uploads\/2016\/03\/rueckblick-63-schweizer-immobiliengespraech-35-immobilien-business-150x150.jpg 150w, https:\/\/www.immobilienbusiness.ch\/wp-content\/uploads\/2016\/03\/rueckblick-63-schweizer-immobiliengespraech-35-immobilien-business-250x250.jpg 250w, https:\/\/www.immobilienbusiness.ch\/wp-content\/uploads\/2016\/03\/rueckblick-63-schweizer-immobiliengespraech-35-immobilien-business-100x100.jpg 100w\" sizes=\"auto, (max-width: 150px) 100vw, 150px\" \/><\/a>\n\t\t\t<\/div><\/figure><figure class='gallery-item'>\n\t\t\t<div class='gallery-icon landscape'>\n\t\t\t\t<a href='https:\/\/www.immobilienbusiness.ch\/de\/rueckblick-63-schweizer-immobiliengespraech-36-immobilien-business\/'><img loading=\"lazy\" decoding=\"async\" width=\"150\" height=\"150\" src=\"https:\/\/www.immobilienbusiness.ch\/wp-content\/uploads\/2016\/03\/rueckblick-63-schweizer-immobiliengespraech-36-immobilien-business-150x150.jpg\" class=\"attachment-thumbnail size-thumbnail\" alt=\"\" srcset=\"https:\/\/www.immobilienbusiness.ch\/wp-content\/uploads\/2016\/03\/rueckblick-63-schweizer-immobiliengespraech-36-immobilien-business-150x150.jpg 150w, https:\/\/www.immobilienbusiness.ch\/wp-content\/uploads\/2016\/03\/rueckblick-63-schweizer-immobiliengespraech-36-immobilien-business-250x250.jpg 250w, https:\/\/www.immobilienbusiness.ch\/wp-content\/uploads\/2016\/03\/rueckblick-63-schweizer-immobiliengespraech-36-immobilien-business-100x100.jpg 100w\" sizes=\"auto, (max-width: 150px) 100vw, 150px\" \/><\/a>\n\t\t\t<\/div><\/figure><figure class='gallery-item'>\n\t\t\t<div class='gallery-icon landscape'>\n\t\t\t\t<a href='https:\/\/www.immobilienbusiness.ch\/de\/rueckblick-63-schweizer-immobiliengespraech-37-immobilien-business\/'><img loading=\"lazy\" decoding=\"async\" width=\"150\" height=\"150\" src=\"https:\/\/www.immobilienbusiness.ch\/wp-content\/uploads\/2016\/03\/rueckblick-63-schweizer-immobiliengespraech-37-immobilien-business-150x150.jpg\" class=\"attachment-thumbnail size-thumbnail\" alt=\"\" srcset=\"https:\/\/www.immobilienbusiness.ch\/wp-content\/uploads\/2016\/03\/rueckblick-63-schweizer-immobiliengespraech-37-immobilien-business-150x150.jpg 150w, https:\/\/www.immobilienbusiness.ch\/wp-content\/uploads\/2016\/03\/rueckblick-63-schweizer-immobiliengespraech-37-immobilien-business-250x250.jpg 250w, https:\/\/www.immobilienbusiness.ch\/wp-content\/uploads\/2016\/03\/rueckblick-63-schweizer-immobiliengespraech-37-immobilien-business-100x100.jpg 100w\" sizes=\"auto, (max-width: 150px) 100vw, 150px\" \/><\/a>\n\t\t\t<\/div><\/figure><figure class='gallery-item'>\n\t\t\t<div class='gallery-icon landscape'>\n\t\t\t\t<a href='https:\/\/www.immobilienbusiness.ch\/de\/rueckblick-63-schweizer-immobiliengespraech-38-immobilien-business\/'><img loading=\"lazy\" decoding=\"async\" width=\"150\" height=\"150\" src=\"https:\/\/www.immobilienbusiness.ch\/wp-content\/uploads\/2016\/03\/rueckblick-63-schweizer-immobiliengespraech-38-immobilien-business-150x150.jpg\" class=\"attachment-thumbnail size-thumbnail\" alt=\"\" srcset=\"https:\/\/www.immobilienbusiness.ch\/wp-content\/uploads\/2016\/03\/rueckblick-63-schweizer-immobiliengespraech-38-immobilien-business-150x150.jpg 150w, https:\/\/www.immobilienbusiness.ch\/wp-content\/uploads\/2016\/03\/rueckblick-63-schweizer-immobiliengespraech-38-immobilien-business-250x250.jpg 250w, https:\/\/www.immobilienbusiness.ch\/wp-content\/uploads\/2016\/03\/rueckblick-63-schweizer-immobiliengespraech-38-immobilien-business-100x100.jpg 100w\" sizes=\"auto, (max-width: 150px) 100vw, 150px\" \/><\/a>\n\t\t\t<\/div><\/figure><figure class='gallery-item'>\n\t\t\t<div class='gallery-icon landscape'>\n\t\t\t\t<a href='https:\/\/www.immobilienbusiness.ch\/de\/rueckblick-63-schweizer-immobiliengespraech-39-immobilien-business\/'><img loading=\"lazy\" decoding=\"async\" width=\"150\" height=\"150\" src=\"https:\/\/www.immobilienbusiness.ch\/wp-content\/uploads\/2016\/03\/rueckblick-63-schweizer-immobiliengespraech-39-immobilien-business-150x150.jpg\" class=\"attachment-thumbnail size-thumbnail\" alt=\"\" srcset=\"https:\/\/www.immobilienbusiness.ch\/wp-content\/uploads\/2016\/03\/rueckblick-63-schweizer-immobiliengespraech-39-immobilien-business-150x150.jpg 150w, https:\/\/www.immobilienbusiness.ch\/wp-content\/uploads\/2016\/03\/rueckblick-63-schweizer-immobiliengespraech-39-immobilien-business-250x250.jpg 250w, https:\/\/www.immobilienbusiness.ch\/wp-content\/uploads\/2016\/03\/rueckblick-63-schweizer-immobiliengespraech-39-immobilien-business-100x100.jpg 100w\" sizes=\"auto, (max-width: 150px) 100vw, 150px\" \/><\/a>\n\t\t\t<\/div><\/figure><figure class='gallery-item'>\n\t\t\t<div class='gallery-icon landscape'>\n\t\t\t\t<a href='https:\/\/www.immobilienbusiness.ch\/de\/rueckblick-63-schweizer-immobiliengespraech-40-immobilien-business\/'><img loading=\"lazy\" decoding=\"async\" width=\"150\" height=\"150\" src=\"https:\/\/www.immobilienbusiness.ch\/wp-content\/uploads\/2016\/03\/rueckblick-63-schweizer-immobiliengespraech-40-immobilien-business-150x150.jpg\" class=\"attachment-thumbnail size-thumbnail\" alt=\"\" srcset=\"https:\/\/www.immobilienbusiness.ch\/wp-content\/uploads\/2016\/03\/rueckblick-63-schweizer-immobiliengespraech-40-immobilien-business-150x150.jpg 150w, https:\/\/www.immobilienbusiness.ch\/wp-content\/uploads\/2016\/03\/rueckblick-63-schweizer-immobiliengespraech-40-immobilien-business-250x250.jpg 250w, https:\/\/www.immobilienbusiness.ch\/wp-content\/uploads\/2016\/03\/rueckblick-63-schweizer-immobiliengespraech-40-immobilien-business-100x100.jpg 100w\" sizes=\"auto, (max-width: 150px) 100vw, 150px\" \/><\/a>\n\t\t\t<\/div><\/figure><figure class='gallery-item'>\n\t\t\t<div class='gallery-icon landscape'>\n\t\t\t\t<a href='https:\/\/www.immobilienbusiness.ch\/de\/rueckblick-63-schweizer-immobiliengespraech-42-immobilien-business\/'><img loading=\"lazy\" decoding=\"async\" width=\"150\" height=\"150\" src=\"https:\/\/www.immobilienbusiness.ch\/wp-content\/uploads\/2016\/03\/rueckblick-63-schweizer-immobiliengespraech-42-immobilien-business-150x150.jpg\" class=\"attachment-thumbnail size-thumbnail\" alt=\"\" srcset=\"https:\/\/www.immobilienbusiness.ch\/wp-content\/uploads\/2016\/03\/rueckblick-63-schweizer-immobiliengespraech-42-immobilien-business-150x150.jpg 150w, https:\/\/www.immobilienbusiness.ch\/wp-content\/uploads\/2016\/03\/rueckblick-63-schweizer-immobiliengespraech-42-immobilien-business-250x250.jpg 250w, https:\/\/www.immobilienbusiness.ch\/wp-content\/uploads\/2016\/03\/rueckblick-63-schweizer-immobiliengespraech-42-immobilien-business-100x100.jpg 100w\" sizes=\"auto, (max-width: 150px) 100vw, 150px\" \/><\/a>\n\t\t\t<\/div><\/figure><figure class='gallery-item'>\n\t\t\t<div class='gallery-icon landscape'>\n\t\t\t\t<a href='https:\/\/www.immobilienbusiness.ch\/de\/rueckblick-63-schweizer-immobiliengespraech-43-immobilien-business\/'><img loading=\"lazy\" decoding=\"async\" width=\"150\" height=\"150\" src=\"https:\/\/www.immobilienbusiness.ch\/wp-content\/uploads\/2016\/03\/rueckblick-63-schweizer-immobiliengespraech-43-immobilien-business-150x150.jpg\" class=\"attachment-thumbnail size-thumbnail\" alt=\"\" srcset=\"https:\/\/www.immobilienbusiness.ch\/wp-content\/uploads\/2016\/03\/rueckblick-63-schweizer-immobiliengespraech-43-immobilien-business-150x150.jpg 150w, https:\/\/www.immobilienbusiness.ch\/wp-content\/uploads\/2016\/03\/rueckblick-63-schweizer-immobiliengespraech-43-immobilien-business-250x250.jpg 250w, https:\/\/www.immobilienbusiness.ch\/wp-content\/uploads\/2016\/03\/rueckblick-63-schweizer-immobiliengespraech-43-immobilien-business-100x100.jpg 100w\" sizes=\"auto, (max-width: 150px) 100vw, 150px\" \/><\/a>\n\t\t\t<\/div><\/figure><figure class='gallery-item'>\n\t\t\t<div class='gallery-icon landscape'>\n\t\t\t\t<a href='https:\/\/www.immobilienbusiness.ch\/de\/rueckblick-63-schweizer-immobiliengespraech-44-immobilien-business\/'><img loading=\"lazy\" decoding=\"async\" width=\"150\" height=\"150\" src=\"https:\/\/www.immobilienbusiness.ch\/wp-content\/uploads\/2016\/03\/rueckblick-63-schweizer-immobiliengespraech-44-immobilien-business-150x150.jpg\" class=\"attachment-thumbnail size-thumbnail\" alt=\"\" srcset=\"https:\/\/www.immobilienbusiness.ch\/wp-content\/uploads\/2016\/03\/rueckblick-63-schweizer-immobiliengespraech-44-immobilien-business-150x150.jpg 150w, https:\/\/www.immobilienbusiness.ch\/wp-content\/uploads\/2016\/03\/rueckblick-63-schweizer-immobiliengespraech-44-immobilien-business-250x250.jpg 250w, https:\/\/www.immobilienbusiness.ch\/wp-content\/uploads\/2016\/03\/rueckblick-63-schweizer-immobiliengespraech-44-immobilien-business-100x100.jpg 100w\" sizes=\"auto, (max-width: 150px) 100vw, 150px\" \/><\/a>\n\t\t\t<\/div><\/figure><figure class='gallery-item'>\n\t\t\t<div class='gallery-icon landscape'>\n\t\t\t\t<a href='https:\/\/www.immobilienbusiness.ch\/de\/rueckblick-63-schweizer-immobiliengespraech-45-immobilien-business\/'><img loading=\"lazy\" decoding=\"async\" width=\"150\" height=\"150\" src=\"https:\/\/www.immobilienbusiness.ch\/wp-content\/uploads\/2016\/03\/rueckblick-63-schweizer-immobiliengespraech-45-immobilien-business-150x150.jpg\" class=\"attachment-thumbnail size-thumbnail\" alt=\"\" srcset=\"https:\/\/www.immobilienbusiness.ch\/wp-content\/uploads\/2016\/03\/rueckblick-63-schweizer-immobiliengespraech-45-immobilien-business-150x150.jpg 150w, https:\/\/www.immobilienbusiness.ch\/wp-content\/uploads\/2016\/03\/rueckblick-63-schweizer-immobiliengespraech-45-immobilien-business-250x250.jpg 250w, https:\/\/www.immobilienbusiness.ch\/wp-content\/uploads\/2016\/03\/rueckblick-63-schweizer-immobiliengespraech-45-immobilien-business-100x100.jpg 100w\" sizes=\"auto, (max-width: 150px) 100vw, 150px\" \/><\/a>\n\t\t\t<\/div><\/figure><figure class='gallery-item'>\n\t\t\t<div class='gallery-icon landscape'>\n\t\t\t\t<a href='https:\/\/www.immobilienbusiness.ch\/de\/rueckblick-63-schweizer-immobiliengespraech-46-immobilien-business\/'><img loading=\"lazy\" decoding=\"async\" width=\"150\" height=\"150\" src=\"https:\/\/www.immobilienbusiness.ch\/wp-content\/uploads\/2016\/03\/rueckblick-63-schweizer-immobiliengespraech-46-immobilien-business-150x150.jpg\" class=\"attachment-thumbnail size-thumbnail\" alt=\"\" srcset=\"https:\/\/www.immobilienbusiness.ch\/wp-content\/uploads\/2016\/03\/rueckblick-63-schweizer-immobiliengespraech-46-immobilien-business-150x150.jpg 150w, https:\/\/www.immobilienbusiness.ch\/wp-content\/uploads\/2016\/03\/rueckblick-63-schweizer-immobiliengespraech-46-immobilien-business-250x250.jpg 250w, https:\/\/www.immobilienbusiness.ch\/wp-content\/uploads\/2016\/03\/rueckblick-63-schweizer-immobiliengespraech-46-immobilien-business-100x100.jpg 100w\" sizes=\"auto, (max-width: 150px) 100vw, 150px\" \/><\/a>\n\t\t\t<\/div><\/figure><figure class='gallery-item'>\n\t\t\t<div class='gallery-icon landscape'>\n\t\t\t\t<a href='https:\/\/www.immobilienbusiness.ch\/de\/rueckblick-63-schweizer-immobiliengespraech-47-immobilien-business\/'><img loading=\"lazy\" decoding=\"async\" width=\"150\" height=\"150\" src=\"https:\/\/www.immobilienbusiness.ch\/wp-content\/uploads\/2016\/03\/rueckblick-63-schweizer-immobiliengespraech-47-immobilien-business-150x150.jpg\" class=\"attachment-thumbnail size-thumbnail\" alt=\"\" srcset=\"https:\/\/www.immobilienbusiness.ch\/wp-content\/uploads\/2016\/03\/rueckblick-63-schweizer-immobiliengespraech-47-immobilien-business-150x150.jpg 150w, https:\/\/www.immobilienbusiness.ch\/wp-content\/uploads\/2016\/03\/rueckblick-63-schweizer-immobiliengespraech-47-immobilien-business-250x250.jpg 250w, https:\/\/www.immobilienbusiness.ch\/wp-content\/uploads\/2016\/03\/rueckblick-63-schweizer-immobiliengespraech-47-immobilien-business-100x100.jpg 100w\" sizes=\"auto, (max-width: 150px) 100vw, 150px\" \/><\/a>\n\t\t\t<\/div><\/figure><figure class='gallery-item'>\n\t\t\t<div class='gallery-icon landscape'>\n\t\t\t\t<a href='https:\/\/www.immobilienbusiness.ch\/de\/rueckblick-63-schweizer-immobiliengespraech-48-immobilien-business\/'><img loading=\"lazy\" decoding=\"async\" width=\"150\" height=\"150\" src=\"https:\/\/www.immobilienbusiness.ch\/wp-content\/uploads\/2016\/03\/rueckblick-63-schweizer-immobiliengespraech-48-immobilien-business-150x150.jpg\" class=\"attachment-thumbnail size-thumbnail\" alt=\"\" srcset=\"https:\/\/www.immobilienbusiness.ch\/wp-content\/uploads\/2016\/03\/rueckblick-63-schweizer-immobiliengespraech-48-immobilien-business-150x150.jpg 150w, https:\/\/www.immobilienbusiness.ch\/wp-content\/uploads\/2016\/03\/rueckblick-63-schweizer-immobiliengespraech-48-immobilien-business-250x250.jpg 250w, https:\/\/www.immobilienbusiness.ch\/wp-content\/uploads\/2016\/03\/rueckblick-63-schweizer-immobiliengespraech-48-immobilien-business-100x100.jpg 100w\" sizes=\"auto, (max-width: 150px) 100vw, 150px\" \/><\/a>\n\t\t\t<\/div><\/figure><figure class='gallery-item'>\n\t\t\t<div class='gallery-icon landscape'>\n\t\t\t\t<a href='https:\/\/www.immobilienbusiness.ch\/de\/rueckblick-63-schweizer-immobiliengespraech-49-immobilien-business\/'><img loading=\"lazy\" decoding=\"async\" width=\"150\" height=\"150\" src=\"https:\/\/www.immobilienbusiness.ch\/wp-content\/uploads\/2016\/03\/rueckblick-63-schweizer-immobiliengespraech-49-immobilien-business-150x150.jpg\" class=\"attachment-thumbnail size-thumbnail\" alt=\"\" srcset=\"https:\/\/www.immobilienbusiness.ch\/wp-content\/uploads\/2016\/03\/rueckblick-63-schweizer-immobiliengespraech-49-immobilien-business-150x150.jpg 150w, https:\/\/www.immobilienbusiness.ch\/wp-content\/uploads\/2016\/03\/rueckblick-63-schweizer-immobiliengespraech-49-immobilien-business-250x250.jpg 250w, https:\/\/www.immobilienbusiness.ch\/wp-content\/uploads\/2016\/03\/rueckblick-63-schweizer-immobiliengespraech-49-immobilien-business-100x100.jpg 100w\" sizes=\"auto, (max-width: 150px) 100vw, 150px\" \/><\/a>\n\t\t\t<\/div><\/figure><figure class='gallery-item'>\n\t\t\t<div class='gallery-icon landscape'>\n\t\t\t\t<a href='https:\/\/www.immobilienbusiness.ch\/de\/rueckblick-63-schweizer-immobiliengespraech-50-immobilien-business\/'><img loading=\"lazy\" decoding=\"async\" width=\"150\" height=\"150\" src=\"https:\/\/www.immobilienbusiness.ch\/wp-content\/uploads\/2016\/03\/rueckblick-63-schweizer-immobiliengespraech-50-immobilien-business-150x150.jpg\" class=\"attachment-thumbnail size-thumbnail\" alt=\"\" srcset=\"https:\/\/www.immobilienbusiness.ch\/wp-content\/uploads\/2016\/03\/rueckblick-63-schweizer-immobiliengespraech-50-immobilien-business-150x150.jpg 150w, https:\/\/www.immobilienbusiness.ch\/wp-content\/uploads\/2016\/03\/rueckblick-63-schweizer-immobiliengespraech-50-immobilien-business-250x250.jpg 250w, https:\/\/www.immobilienbusiness.ch\/wp-content\/uploads\/2016\/03\/rueckblick-63-schweizer-immobiliengespraech-50-immobilien-business-100x100.jpg 100w\" sizes=\"auto, (max-width: 150px) 100vw, 150px\" \/><\/a>\n\t\t\t<\/div><\/figure><figure class='gallery-item'>\n\t\t\t<div class='gallery-icon landscape'>\n\t\t\t\t<a href='https:\/\/www.immobilienbusiness.ch\/de\/rueckblick-63-schweizer-immobiliengespraech-51-immobilien-business\/'><img loading=\"lazy\" decoding=\"async\" width=\"150\" height=\"150\" src=\"https:\/\/www.immobilienbusiness.ch\/wp-content\/uploads\/2016\/03\/rueckblick-63-schweizer-immobiliengespraech-51-immobilien-business-150x150.jpg\" class=\"attachment-thumbnail size-thumbnail\" alt=\"\" srcset=\"https:\/\/www.immobilienbusiness.ch\/wp-content\/uploads\/2016\/03\/rueckblick-63-schweizer-immobiliengespraech-51-immobilien-business-150x150.jpg 150w, https:\/\/www.immobilienbusiness.ch\/wp-content\/uploads\/2016\/03\/rueckblick-63-schweizer-immobiliengespraech-51-immobilien-business-250x250.jpg 250w, https:\/\/www.immobilienbusiness.ch\/wp-content\/uploads\/2016\/03\/rueckblick-63-schweizer-immobiliengespraech-51-immobilien-business-100x100.jpg 100w\" sizes=\"auto, (max-width: 150px) 100vw, 150px\" \/><\/a>\n\t\t\t<\/div><\/figure><figure class='gallery-item'>\n\t\t\t<div class='gallery-icon landscape'>\n\t\t\t\t<a href='https:\/\/www.immobilienbusiness.ch\/de\/rueckblick-63-schweizer-immobiliengespraech-52-immobilien-business\/'><img loading=\"lazy\" decoding=\"async\" width=\"150\" height=\"150\" src=\"https:\/\/www.immobilienbusiness.ch\/wp-content\/uploads\/2016\/03\/rueckblick-63-schweizer-immobiliengespraech-52-immobilien-business-150x150.jpg\" class=\"attachment-thumbnail size-thumbnail\" alt=\"\" srcset=\"https:\/\/www.immobilienbusiness.ch\/wp-content\/uploads\/2016\/03\/rueckblick-63-schweizer-immobiliengespraech-52-immobilien-business-150x150.jpg 150w, https:\/\/www.immobilienbusiness.ch\/wp-content\/uploads\/2016\/03\/rueckblick-63-schweizer-immobiliengespraech-52-immobilien-business-250x250.jpg 250w, https:\/\/www.immobilienbusiness.ch\/wp-content\/uploads\/2016\/03\/rueckblick-63-schweizer-immobiliengespraech-52-immobilien-business-100x100.jpg 100w\" sizes=\"auto, (max-width: 150px) 100vw, 150px\" \/><\/a>\n\t\t\t<\/div><\/figure><figure class='gallery-item'>\n\t\t\t<div class='gallery-icon landscape'>\n\t\t\t\t<a href='https:\/\/www.immobilienbusiness.ch\/de\/rueckblick-63-schweizer-immobiliengespraech-53-immobilien-business\/'><img loading=\"lazy\" decoding=\"async\" width=\"150\" height=\"150\" src=\"https:\/\/www.immobilienbusiness.ch\/wp-content\/uploads\/2016\/03\/rueckblick-63-schweizer-immobiliengespraech-53-immobilien-business-150x150.jpg\" class=\"attachment-thumbnail size-thumbnail\" alt=\"\" srcset=\"https:\/\/www.immobilienbusiness.ch\/wp-content\/uploads\/2016\/03\/rueckblick-63-schweizer-immobiliengespraech-53-immobilien-business-150x150.jpg 150w, https:\/\/www.immobilienbusiness.ch\/wp-content\/uploads\/2016\/03\/rueckblick-63-schweizer-immobiliengespraech-53-immobilien-business-250x250.jpg 250w, https:\/\/www.immobilienbusiness.ch\/wp-content\/uploads\/2016\/03\/rueckblick-63-schweizer-immobiliengespraech-53-immobilien-business-100x100.jpg 100w\" sizes=\"auto, (max-width: 150px) 100vw, 150px\" \/><\/a>\n\t\t\t<\/div><\/figure><figure class='gallery-item'>\n\t\t\t<div class='gallery-icon landscape'>\n\t\t\t\t<a href='https:\/\/www.immobilienbusiness.ch\/de\/rueckblick-63-schweizer-immobiliengespraech-54-immobilien-business\/'><img loading=\"lazy\" decoding=\"async\" width=\"150\" height=\"150\" src=\"https:\/\/www.immobilienbusiness.ch\/wp-content\/uploads\/2016\/03\/rueckblick-63-schweizer-immobiliengespraech-54-immobilien-business-150x150.jpg\" class=\"attachment-thumbnail size-thumbnail\" alt=\"\" srcset=\"https:\/\/www.immobilienbusiness.ch\/wp-content\/uploads\/2016\/03\/rueckblick-63-schweizer-immobiliengespraech-54-immobilien-business-150x150.jpg 150w, https:\/\/www.immobilienbusiness.ch\/wp-content\/uploads\/2016\/03\/rueckblick-63-schweizer-immobiliengespraech-54-immobilien-business-250x250.jpg 250w, https:\/\/www.immobilienbusiness.ch\/wp-content\/uploads\/2016\/03\/rueckblick-63-schweizer-immobiliengespraech-54-immobilien-business-100x100.jpg 100w\" sizes=\"auto, (max-width: 150px) 100vw, 150px\" \/><\/a>\n\t\t\t<\/div><\/figure><figure class='gallery-item'>\n\t\t\t<div class='gallery-icon landscape'>\n\t\t\t\t<a href='https:\/\/www.immobilienbusiness.ch\/de\/rueckblick-63-schweizer-immobiliengespraech-55-immobilien-business\/'><img loading=\"lazy\" decoding=\"async\" width=\"150\" height=\"150\" src=\"https:\/\/www.immobilienbusiness.ch\/wp-content\/uploads\/2016\/03\/rueckblick-63-schweizer-immobiliengespraech-55-immobilien-business-150x150.jpg\" class=\"attachment-thumbnail size-thumbnail\" alt=\"\" srcset=\"https:\/\/www.immobilienbusiness.ch\/wp-content\/uploads\/2016\/03\/rueckblick-63-schweizer-immobiliengespraech-55-immobilien-business-150x150.jpg 150w, https:\/\/www.immobilienbusiness.ch\/wp-content\/uploads\/2016\/03\/rueckblick-63-schweizer-immobiliengespraech-55-immobilien-business-250x250.jpg 250w, https:\/\/www.immobilienbusiness.ch\/wp-content\/uploads\/2016\/03\/rueckblick-63-schweizer-immobiliengespraech-55-immobilien-business-100x100.jpg 100w\" sizes=\"auto, (max-width: 150px) 100vw, 150px\" \/><\/a>\n\t\t\t<\/div><\/figure><figure class='gallery-item'>\n\t\t\t<div class='gallery-icon landscape'>\n\t\t\t\t<a href='https:\/\/www.immobilienbusiness.ch\/de\/rueckblick-63-schweizer-immobiliengespraech-56-immobilien-business\/'><img loading=\"lazy\" decoding=\"async\" width=\"150\" height=\"150\" src=\"https:\/\/www.immobilienbusiness.ch\/wp-content\/uploads\/2016\/03\/rueckblick-63-schweizer-immobiliengespraech-56-immobilien-business-150x150.jpg\" class=\"attachment-thumbnail size-thumbnail\" alt=\"\" srcset=\"https:\/\/www.immobilienbusiness.ch\/wp-content\/uploads\/2016\/03\/rueckblick-63-schweizer-immobiliengespraech-56-immobilien-business-150x150.jpg 150w, https:\/\/www.immobilienbusiness.ch\/wp-content\/uploads\/2016\/03\/rueckblick-63-schweizer-immobiliengespraech-56-immobilien-business-250x250.jpg 250w, https:\/\/www.immobilienbusiness.ch\/wp-content\/uploads\/2016\/03\/rueckblick-63-schweizer-immobiliengespraech-56-immobilien-business-100x100.jpg 100w\" sizes=\"auto, (max-width: 150px) 100vw, 150px\" \/><\/a>\n\t\t\t<\/div><\/figure><figure class='gallery-item'>\n\t\t\t<div class='gallery-icon landscape'>\n\t\t\t\t<a href='https:\/\/www.immobilienbusiness.ch\/de\/rueckblick-63-schweizer-immobiliengespraech-57-immobilien-business\/'><img loading=\"lazy\" decoding=\"async\" width=\"150\" height=\"150\" src=\"https:\/\/www.immobilienbusiness.ch\/wp-content\/uploads\/2016\/03\/rueckblick-63-schweizer-immobiliengespraech-57-immobilien-business-150x150.jpg\" class=\"attachment-thumbnail size-thumbnail\" alt=\"\" srcset=\"https:\/\/www.immobilienbusiness.ch\/wp-content\/uploads\/2016\/03\/rueckblick-63-schweizer-immobiliengespraech-57-immobilien-business-150x150.jpg 150w, https:\/\/www.immobilienbusiness.ch\/wp-content\/uploads\/2016\/03\/rueckblick-63-schweizer-immobiliengespraech-57-immobilien-business-250x250.jpg 250w, https:\/\/www.immobilienbusiness.ch\/wp-content\/uploads\/2016\/03\/rueckblick-63-schweizer-immobiliengespraech-57-immobilien-business-100x100.jpg 100w\" sizes=\"auto, (max-width: 150px) 100vw, 150px\" \/><\/a>\n\t\t\t<\/div><\/figure><figure class='gallery-item'>\n\t\t\t<div class='gallery-icon landscape'>\n\t\t\t\t<a href='https:\/\/www.immobilienbusiness.ch\/de\/rueckblick-63-schweizer-immobiliengespraech-58-immobilien-business\/'><img loading=\"lazy\" decoding=\"async\" width=\"150\" height=\"150\" src=\"https:\/\/www.immobilienbusiness.ch\/wp-content\/uploads\/2016\/03\/rueckblick-63-schweizer-immobiliengespraech-58-immobilien-business-150x150.jpg\" class=\"attachment-thumbnail size-thumbnail\" alt=\"\" srcset=\"https:\/\/www.immobilienbusiness.ch\/wp-content\/uploads\/2016\/03\/rueckblick-63-schweizer-immobiliengespraech-58-immobilien-business-150x150.jpg 150w, https:\/\/www.immobilienbusiness.ch\/wp-content\/uploads\/2016\/03\/rueckblick-63-schweizer-immobiliengespraech-58-immobilien-business-250x250.jpg 250w, https:\/\/www.immobilienbusiness.ch\/wp-content\/uploads\/2016\/03\/rueckblick-63-schweizer-immobiliengespraech-58-immobilien-business-100x100.jpg 100w\" sizes=\"auto, (max-width: 150px) 100vw, 150px\" \/><\/a>\n\t\t\t<\/div><\/figure><figure class='gallery-item'>\n\t\t\t<div class='gallery-icon landscape'>\n\t\t\t\t<a href='https:\/\/www.immobilienbusiness.ch\/de\/rueckblick-63-schweizer-immobiliengespraech-59-immobilien-business\/'><img loading=\"lazy\" decoding=\"async\" width=\"150\" height=\"150\" src=\"https:\/\/www.immobilienbusiness.ch\/wp-content\/uploads\/2016\/03\/rueckblick-63-schweizer-immobiliengespraech-59-immobilien-business-150x150.jpg\" class=\"attachment-thumbnail size-thumbnail\" alt=\"\" srcset=\"https:\/\/www.immobilienbusiness.ch\/wp-content\/uploads\/2016\/03\/rueckblick-63-schweizer-immobiliengespraech-59-immobilien-business-150x150.jpg 150w, https:\/\/www.immobilienbusiness.ch\/wp-content\/uploads\/2016\/03\/rueckblick-63-schweizer-immobiliengespraech-59-immobilien-business-250x250.jpg 250w, https:\/\/www.immobilienbusiness.ch\/wp-content\/uploads\/2016\/03\/rueckblick-63-schweizer-immobiliengespraech-59-immobilien-business-100x100.jpg 100w\" sizes=\"auto, (max-width: 150px) 100vw, 150px\" \/><\/a>\n\t\t\t<\/div><\/figure><figure class='gallery-item'>\n\t\t\t<div class='gallery-icon landscape'>\n\t\t\t\t<a href='https:\/\/www.immobilienbusiness.ch\/de\/rueckblick-63-schweizer-immobiliengespraech-60-immobilien-business\/'><img loading=\"lazy\" decoding=\"async\" width=\"150\" height=\"150\" src=\"https:\/\/www.immobilienbusiness.ch\/wp-content\/uploads\/2016\/03\/rueckblick-63-schweizer-immobiliengespraech-60-immobilien-business-150x150.jpg\" class=\"attachment-thumbnail size-thumbnail\" alt=\"\" srcset=\"https:\/\/www.immobilienbusiness.ch\/wp-content\/uploads\/2016\/03\/rueckblick-63-schweizer-immobiliengespraech-60-immobilien-business-150x150.jpg 150w, https:\/\/www.immobilienbusiness.ch\/wp-content\/uploads\/2016\/03\/rueckblick-63-schweizer-immobiliengespraech-60-immobilien-business-250x250.jpg 250w, https:\/\/www.immobilienbusiness.ch\/wp-content\/uploads\/2016\/03\/rueckblick-63-schweizer-immobiliengespraech-60-immobilien-business-100x100.jpg 100w\" sizes=\"auto, (max-width: 150px) 100vw, 150px\" \/><\/a>\n\t\t\t<\/div><\/figure><figure class='gallery-item'>\n\t\t\t<div class='gallery-icon landscape'>\n\t\t\t\t<a href='https:\/\/www.immobilienbusiness.ch\/de\/rueckblick-63-schweizer-immobiliengespraech-61-immobilien-business\/'><img loading=\"lazy\" decoding=\"async\" width=\"150\" height=\"150\" src=\"https:\/\/www.immobilienbusiness.ch\/wp-content\/uploads\/2016\/03\/rueckblick-63-schweizer-immobiliengespraech-61-immobilien-business-150x150.jpg\" class=\"attachment-thumbnail size-thumbnail\" alt=\"\" srcset=\"https:\/\/www.immobilienbusiness.ch\/wp-content\/uploads\/2016\/03\/rueckblick-63-schweizer-immobiliengespraech-61-immobilien-business-150x150.jpg 150w, https:\/\/www.immobilienbusiness.ch\/wp-content\/uploads\/2016\/03\/rueckblick-63-schweizer-immobiliengespraech-61-immobilien-business-250x250.jpg 250w, https:\/\/www.immobilienbusiness.ch\/wp-content\/uploads\/2016\/03\/rueckblick-63-schweizer-immobiliengespraech-61-immobilien-business-100x100.jpg 100w\" sizes=\"auto, (max-width: 150px) 100vw, 150px\" \/><\/a>\n\t\t\t<\/div><\/figure>\n\t\t<\/div>\n\n<p>Impressionen der 63. Immobiliengespr\u00e4che<\/p>\n<p>&nbsp;<\/p>\n<p>&nbsp;<\/p>\n","protected":false},"excerpt":{"rendered":"<p>\u00abStresstest demografischer Wandel \u2013 Wie gut ist die Immobilienbranche vorbereitet?\u00bb &#8211; Referenten und zahlreich erschienene G\u00e4ste des 63. Schweizer Immobiliengespr\u00e4chs diskutierten im Restaurant Metropol in Z\u00fcrich ein heisses Thema mit k\u00fchlem Kopf.<\/p>\n","protected":false},"author":1,"featured_media":2510,"comment_status":"open","ping_status":"open","sticky":false,"template":"","format":"standard","meta":{"_acf_changed":false,"_yoast_wpseo_focuskw":"Schweizer Immobilienmarkt","_yoast_wpseo_title":"Schweizer Immobilienmarkt: Herausforderungen f\u00fcr \u00e4ltere Generationen","_yoast_wpseo_metadesc":"Angesichts sinkender Pensionen und alternder Bev\u00f6lkerung gewinnt bezahlbarer Wohnraum an Bedeutung im Schweizer Immobiliensektor.","_yoast_wpseo_linkdex":61,"pgc_sgb_lightbox_settings":"","footnotes":""},"categories":[1],"tags":[1342,1346],"class_list":["post-2509","post","type-post","status-publish","format-standard","has-post-thumbnail","hentry","category-allgemein","tag-immobilienevent","tag-immobiliengespraeche"],"acf":[],"yoast_head":"<!-- This site is optimized with the Yoast SEO plugin v27.4 - https:\/\/yoast.com\/product\/yoast-seo-wordpress\/ -->\n<title>Schweizer Immobilienmarkt: Herausforderungen f\u00fcr \u00e4ltere Generationen<\/title>\n<meta name=\"description\" content=\"Angesichts sinkender Pensionen und alternder Bev\u00f6lkerung gewinnt bezahlbarer Wohnraum an Bedeutung im Schweizer Immobiliensektor.\" \/>\n<meta name=\"robots\" content=\"index, follow, max-snippet:-1, max-image-preview:large, max-video-preview:-1\" \/>\n<link rel=\"canonical\" href=\"https:\/\/www.immobilienbusiness.ch\/de\/allgemein\/2016-03-10\/rueckblick-63-schweizer-immobiliengespraech\/\" \/>\n<meta property=\"og:locale\" content=\"de_DE\" \/>\n<meta property=\"og:type\" content=\"article\" \/>\n<meta property=\"og:title\" content=\"R\u00fcckblick - 63. Schweizer Immobiliengespr\u00e4ch\" \/>\n<meta property=\"og:description\" content=\"\u00abStresstest demografischer Wandel \u2013 Wie gut ist die Immobilienbranche vorbereitet?\u00bb - Referenten und zahlreich erschienene G\u00e4ste des 63. Schweizer Immobiliengespr\u00e4chs diskutierten im Restaurant Metropol in Z\u00fcrich ein heisses Thema mit k\u00fchlem Kopf.\" \/>\n<meta property=\"og:url\" content=\"https:\/\/www.immobilienbusiness.ch\/de\/allgemein\/2016-03-10\/rueckblick-63-schweizer-immobiliengespraech\/\" \/>\n<meta property=\"og:site_name\" content=\"IMMOBILIEN Business\" \/>\n<meta property=\"article:publisher\" content=\"https:\/\/www.facebook.com\/immobilienbusiness\/\" \/>\n<meta property=\"article:published_time\" content=\"2016-03-10T14:00:40+00:00\" \/>\n<meta name=\"author\" content=\"Redaktion\" \/>\n<meta name=\"twitter:card\" content=\"summary_large_image\" \/>\n<meta name=\"twitter:image\" content=\"https:\/\/www.immobilienbusiness.ch\/wp-content\/uploads\/2016\/12\/Rueckblick-63.-Schweizer-Immobiliengespraech-immobilien-business.jpg\" \/>\n<script type=\"application\/ld+json\" class=\"yoast-schema-graph\">{\"@context\":\"https:\\\/\\\/schema.org\",\"@graph\":[{\"@type\":\"Article\",\"@id\":\"https:\\\/\\\/www.immobilienbusiness.ch\\\/allgemein\\\/2016-03-10\\\/rueckblick-63-schweizer-immobiliengespraech\\\/#article\",\"isPartOf\":{\"@id\":\"https:\\\/\\\/www.immobilienbusiness.ch\\\/allgemein\\\/2016-03-10\\\/rueckblick-63-schweizer-immobiliengespraech\\\/\"},\"author\":{\"name\":\"Redaktion\",\"@id\":\"https:\\\/\\\/www.immobilienbusiness.ch\\\/#\\\/schema\\\/person\\\/aa2bace6c5c5aad60102004a50c4eb1c\"},\"headline\":\"R\u00fcckblick &#8211; 63. Schweizer Immobiliengespr\u00e4ch\",\"datePublished\":\"2016-03-10T14:00:40+00:00\",\"mainEntityOfPage\":{\"@id\":\"https:\\\/\\\/www.immobilienbusiness.ch\\\/allgemein\\\/2016-03-10\\\/rueckblick-63-schweizer-immobiliengespraech\\\/\"},\"wordCount\":296,\"commentCount\":0,\"publisher\":{\"@id\":\"https:\\\/\\\/www.immobilienbusiness.ch\\\/#organization\"},\"image\":{\"@id\":\"https:\\\/\\\/www.immobilienbusiness.ch\\\/allgemein\\\/2016-03-10\\\/rueckblick-63-schweizer-immobiliengespraech\\\/#primaryimage\"},\"thumbnailUrl\":\"https:\\\/\\\/www.immobilienbusiness.ch\\\/wp-content\\\/uploads\\\/2016\\\/12\\\/Rueckblick-63.-Schweizer-Immobiliengespraech-immobilien-business.jpg\",\"keywords\":[\"Immobilienevent\",\"Immobiliengespr\u00e4che\"],\"inLanguage\":\"de\"},{\"@type\":\"WebPage\",\"@id\":\"https:\\\/\\\/www.immobilienbusiness.ch\\\/allgemein\\\/2016-03-10\\\/rueckblick-63-schweizer-immobiliengespraech\\\/\",\"url\":\"https:\\\/\\\/www.immobilienbusiness.ch\\\/allgemein\\\/2016-03-10\\\/rueckblick-63-schweizer-immobiliengespraech\\\/\",\"name\":\"Schweizer Immobilienmarkt: Herausforderungen f\u00fcr \u00e4ltere Generationen\",\"isPartOf\":{\"@id\":\"https:\\\/\\\/www.immobilienbusiness.ch\\\/#website\"},\"primaryImageOfPage\":{\"@id\":\"https:\\\/\\\/www.immobilienbusiness.ch\\\/allgemein\\\/2016-03-10\\\/rueckblick-63-schweizer-immobiliengespraech\\\/#primaryimage\"},\"image\":{\"@id\":\"https:\\\/\\\/www.immobilienbusiness.ch\\\/allgemein\\\/2016-03-10\\\/rueckblick-63-schweizer-immobiliengespraech\\\/#primaryimage\"},\"thumbnailUrl\":\"https:\\\/\\\/www.immobilienbusiness.ch\\\/wp-content\\\/uploads\\\/2016\\\/12\\\/Rueckblick-63.-Schweizer-Immobiliengespraech-immobilien-business.jpg\",\"datePublished\":\"2016-03-10T14:00:40+00:00\",\"description\":\"Angesichts sinkender Pensionen und alternder Bev\u00f6lkerung gewinnt bezahlbarer Wohnraum an Bedeutung im Schweizer Immobiliensektor.\",\"breadcrumb\":{\"@id\":\"https:\\\/\\\/www.immobilienbusiness.ch\\\/allgemein\\\/2016-03-10\\\/rueckblick-63-schweizer-immobiliengespraech\\\/#breadcrumb\"},\"inLanguage\":\"de\",\"potentialAction\":[{\"@type\":\"ReadAction\",\"target\":[\"https:\\\/\\\/www.immobilienbusiness.ch\\\/allgemein\\\/2016-03-10\\\/rueckblick-63-schweizer-immobiliengespraech\\\/\"]}]},{\"@type\":\"ImageObject\",\"inLanguage\":\"de\",\"@id\":\"https:\\\/\\\/www.immobilienbusiness.ch\\\/allgemein\\\/2016-03-10\\\/rueckblick-63-schweizer-immobiliengespraech\\\/#primaryimage\",\"url\":\"https:\\\/\\\/www.immobilienbusiness.ch\\\/wp-content\\\/uploads\\\/2016\\\/12\\\/Rueckblick-63.-Schweizer-Immobiliengespraech-immobilien-business.jpg\",\"contentUrl\":\"https:\\\/\\\/www.immobilienbusiness.ch\\\/wp-content\\\/uploads\\\/2016\\\/12\\\/Rueckblick-63.-Schweizer-Immobiliengespraech-immobilien-business.jpg\",\"width\":2560,\"height\":1706},{\"@type\":\"BreadcrumbList\",\"@id\":\"https:\\\/\\\/www.immobilienbusiness.ch\\\/allgemein\\\/2016-03-10\\\/rueckblick-63-schweizer-immobiliengespraech\\\/#breadcrumb\",\"itemListElement\":[{\"@type\":\"ListItem\",\"position\":1,\"name\":\"Home\",\"item\":\"https:\\\/\\\/www.immobilienbusiness.ch\\\/\"},{\"@type\":\"ListItem\",\"position\":2,\"name\":\"R\u00fcckblick &#8211; 63. Schweizer Immobiliengespr\u00e4ch\"}]},{\"@type\":\"WebSite\",\"@id\":\"https:\\\/\\\/www.immobilienbusiness.ch\\\/#website\",\"url\":\"https:\\\/\\\/www.immobilienbusiness.ch\\\/\",\"name\":\"IMMOBILIEN Business\",\"description\":\"Unabh\u00e4ngiges Schweizer Wirtschaftsmagazin mit Fokus auf Immobilien, Architektur- und Bau sowie Investment- und Finanzierung.\",\"publisher\":{\"@id\":\"https:\\\/\\\/www.immobilienbusiness.ch\\\/#organization\"},\"potentialAction\":[{\"@type\":\"SearchAction\",\"target\":{\"@type\":\"EntryPoint\",\"urlTemplate\":\"https:\\\/\\\/www.immobilienbusiness.ch\\\/?s={search_term_string}\"},\"query-input\":{\"@type\":\"PropertyValueSpecification\",\"valueRequired\":true,\"valueName\":\"search_term_string\"}}],\"inLanguage\":\"de\"},{\"@type\":\"Organization\",\"@id\":\"https:\\\/\\\/www.immobilienbusiness.ch\\\/#organization\",\"name\":\"IMMOBILIEN Business\",\"url\":\"https:\\\/\\\/www.immobilienbusiness.ch\\\/\",\"logo\":{\"@type\":\"ImageObject\",\"inLanguage\":\"de\",\"@id\":\"https:\\\/\\\/www.immobilienbusiness.ch\\\/#\\\/schema\\\/logo\\\/image\\\/\",\"url\":\"https:\\\/\\\/www.immobilienbusiness.ch\\\/wp-content\\\/uploads\\\/2021\\\/07\\\/logo_ib.png\",\"contentUrl\":\"https:\\\/\\\/www.immobilienbusiness.ch\\\/wp-content\\\/uploads\\\/2021\\\/07\\\/logo_ib.png\",\"width\":800,\"height\":181,\"caption\":\"IMMOBILIEN Business\"},\"image\":{\"@id\":\"https:\\\/\\\/www.immobilienbusiness.ch\\\/#\\\/schema\\\/logo\\\/image\\\/\"},\"sameAs\":[\"https:\\\/\\\/www.facebook.com\\\/immobilienbusiness\\\/\"]},{\"@type\":\"Person\",\"@id\":\"https:\\\/\\\/www.immobilienbusiness.ch\\\/#\\\/schema\\\/person\\\/aa2bace6c5c5aad60102004a50c4eb1c\",\"name\":\"Redaktion\",\"image\":{\"@type\":\"ImageObject\",\"inLanguage\":\"de\",\"@id\":\"https:\\\/\\\/secure.gravatar.com\\\/avatar\\\/ae2f4d718e6c49043e314ce431e7e645d646302a24a5ef5a8bc8e3f5a032e319?s=96&d=mm&r=g\",\"url\":\"https:\\\/\\\/secure.gravatar.com\\\/avatar\\\/ae2f4d718e6c49043e314ce431e7e645d646302a24a5ef5a8bc8e3f5a032e319?s=96&d=mm&r=g\",\"contentUrl\":\"https:\\\/\\\/secure.gravatar.com\\\/avatar\\\/ae2f4d718e6c49043e314ce431e7e645d646302a24a5ef5a8bc8e3f5a032e319?s=96&d=mm&r=g\",\"caption\":\"Redaktion\"},\"sameAs\":[\"http:\\\/\\\/develop.organisator.galledia.ch\"],\"url\":\"https:\\\/\\\/www.immobilienbusiness.ch\\\/de\\\/author\\\/admin\\\/\"}]}<\/script>\n<!-- \/ Yoast SEO plugin. -->","yoast_head_json":{"title":"Schweizer Immobilienmarkt: Herausforderungen f\u00fcr \u00e4ltere Generationen","description":"Angesichts sinkender Pensionen und alternder Bev\u00f6lkerung gewinnt bezahlbarer Wohnraum an Bedeutung im Schweizer Immobiliensektor.","robots":{"index":"index","follow":"follow","max-snippet":"max-snippet:-1","max-image-preview":"max-image-preview:large","max-video-preview":"max-video-preview:-1"},"canonical":"https:\/\/www.immobilienbusiness.ch\/de\/allgemein\/2016-03-10\/rueckblick-63-schweizer-immobiliengespraech\/","og_locale":"de_DE","og_type":"article","og_title":"R\u00fcckblick - 63. Schweizer Immobiliengespr\u00e4ch","og_description":"\u00abStresstest demografischer Wandel \u2013 Wie gut ist die Immobilienbranche vorbereitet?\u00bb - Referenten und zahlreich erschienene G\u00e4ste des 63. Schweizer Immobiliengespr\u00e4chs diskutierten im Restaurant Metropol in Z\u00fcrich ein heisses Thema mit k\u00fchlem Kopf.","og_url":"https:\/\/www.immobilienbusiness.ch\/de\/allgemein\/2016-03-10\/rueckblick-63-schweizer-immobiliengespraech\/","og_site_name":"IMMOBILIEN Business","article_publisher":"https:\/\/www.facebook.com\/immobilienbusiness\/","article_published_time":"2016-03-10T14:00:40+00:00","author":"Redaktion","twitter_card":"summary_large_image","twitter_image":"https:\/\/www.immobilienbusiness.ch\/wp-content\/uploads\/2016\/12\/Rueckblick-63.-Schweizer-Immobiliengespraech-immobilien-business.jpg","schema":{"@context":"https:\/\/schema.org","@graph":[{"@type":"Article","@id":"https:\/\/www.immobilienbusiness.ch\/allgemein\/2016-03-10\/rueckblick-63-schweizer-immobiliengespraech\/#article","isPartOf":{"@id":"https:\/\/www.immobilienbusiness.ch\/allgemein\/2016-03-10\/rueckblick-63-schweizer-immobiliengespraech\/"},"author":{"name":"Redaktion","@id":"https:\/\/www.immobilienbusiness.ch\/#\/schema\/person\/aa2bace6c5c5aad60102004a50c4eb1c"},"headline":"R\u00fcckblick &#8211; 63. Schweizer Immobiliengespr\u00e4ch","datePublished":"2016-03-10T14:00:40+00:00","mainEntityOfPage":{"@id":"https:\/\/www.immobilienbusiness.ch\/allgemein\/2016-03-10\/rueckblick-63-schweizer-immobiliengespraech\/"},"wordCount":296,"commentCount":0,"publisher":{"@id":"https:\/\/www.immobilienbusiness.ch\/#organization"},"image":{"@id":"https:\/\/www.immobilienbusiness.ch\/allgemein\/2016-03-10\/rueckblick-63-schweizer-immobiliengespraech\/#primaryimage"},"thumbnailUrl":"https:\/\/www.immobilienbusiness.ch\/wp-content\/uploads\/2016\/12\/Rueckblick-63.-Schweizer-Immobiliengespraech-immobilien-business.jpg","keywords":["Immobilienevent","Immobiliengespr\u00e4che"],"inLanguage":"de"},{"@type":"WebPage","@id":"https:\/\/www.immobilienbusiness.ch\/allgemein\/2016-03-10\/rueckblick-63-schweizer-immobiliengespraech\/","url":"https:\/\/www.immobilienbusiness.ch\/allgemein\/2016-03-10\/rueckblick-63-schweizer-immobiliengespraech\/","name":"Schweizer Immobilienmarkt: Herausforderungen f\u00fcr \u00e4ltere Generationen","isPartOf":{"@id":"https:\/\/www.immobilienbusiness.ch\/#website"},"primaryImageOfPage":{"@id":"https:\/\/www.immobilienbusiness.ch\/allgemein\/2016-03-10\/rueckblick-63-schweizer-immobiliengespraech\/#primaryimage"},"image":{"@id":"https:\/\/www.immobilienbusiness.ch\/allgemein\/2016-03-10\/rueckblick-63-schweizer-immobiliengespraech\/#primaryimage"},"thumbnailUrl":"https:\/\/www.immobilienbusiness.ch\/wp-content\/uploads\/2016\/12\/Rueckblick-63.-Schweizer-Immobiliengespraech-immobilien-business.jpg","datePublished":"2016-03-10T14:00:40+00:00","description":"Angesichts sinkender Pensionen und alternder Bev\u00f6lkerung gewinnt bezahlbarer Wohnraum an Bedeutung im Schweizer Immobiliensektor.","breadcrumb":{"@id":"https:\/\/www.immobilienbusiness.ch\/allgemein\/2016-03-10\/rueckblick-63-schweizer-immobiliengespraech\/#breadcrumb"},"inLanguage":"de","potentialAction":[{"@type":"ReadAction","target":["https:\/\/www.immobilienbusiness.ch\/allgemein\/2016-03-10\/rueckblick-63-schweizer-immobiliengespraech\/"]}]},{"@type":"ImageObject","inLanguage":"de","@id":"https:\/\/www.immobilienbusiness.ch\/allgemein\/2016-03-10\/rueckblick-63-schweizer-immobiliengespraech\/#primaryimage","url":"https:\/\/www.immobilienbusiness.ch\/wp-content\/uploads\/2016\/12\/Rueckblick-63.-Schweizer-Immobiliengespraech-immobilien-business.jpg","contentUrl":"https:\/\/www.immobilienbusiness.ch\/wp-content\/uploads\/2016\/12\/Rueckblick-63.-Schweizer-Immobiliengespraech-immobilien-business.jpg","width":2560,"height":1706},{"@type":"BreadcrumbList","@id":"https:\/\/www.immobilienbusiness.ch\/allgemein\/2016-03-10\/rueckblick-63-schweizer-immobiliengespraech\/#breadcrumb","itemListElement":[{"@type":"ListItem","position":1,"name":"Home","item":"https:\/\/www.immobilienbusiness.ch\/"},{"@type":"ListItem","position":2,"name":"R\u00fcckblick &#8211; 63. Schweizer Immobiliengespr\u00e4ch"}]},{"@type":"WebSite","@id":"https:\/\/www.immobilienbusiness.ch\/#website","url":"https:\/\/www.immobilienbusiness.ch\/","name":"IMMOBILIEN Business","description":"Unabh\u00e4ngiges Schweizer Wirtschaftsmagazin mit Fokus auf Immobilien, Architektur- und Bau sowie Investment- und Finanzierung.","publisher":{"@id":"https:\/\/www.immobilienbusiness.ch\/#organization"},"potentialAction":[{"@type":"SearchAction","target":{"@type":"EntryPoint","urlTemplate":"https:\/\/www.immobilienbusiness.ch\/?s={search_term_string}"},"query-input":{"@type":"PropertyValueSpecification","valueRequired":true,"valueName":"search_term_string"}}],"inLanguage":"de"},{"@type":"Organization","@id":"https:\/\/www.immobilienbusiness.ch\/#organization","name":"IMMOBILIEN Business","url":"https:\/\/www.immobilienbusiness.ch\/","logo":{"@type":"ImageObject","inLanguage":"de","@id":"https:\/\/www.immobilienbusiness.ch\/#\/schema\/logo\/image\/","url":"https:\/\/www.immobilienbusiness.ch\/wp-content\/uploads\/2021\/07\/logo_ib.png","contentUrl":"https:\/\/www.immobilienbusiness.ch\/wp-content\/uploads\/2021\/07\/logo_ib.png","width":800,"height":181,"caption":"IMMOBILIEN Business"},"image":{"@id":"https:\/\/www.immobilienbusiness.ch\/#\/schema\/logo\/image\/"},"sameAs":["https:\/\/www.facebook.com\/immobilienbusiness\/"]},{"@type":"Person","@id":"https:\/\/www.immobilienbusiness.ch\/#\/schema\/person\/aa2bace6c5c5aad60102004a50c4eb1c","name":"Redaktion","image":{"@type":"ImageObject","inLanguage":"de","@id":"https:\/\/secure.gravatar.com\/avatar\/ae2f4d718e6c49043e314ce431e7e645d646302a24a5ef5a8bc8e3f5a032e319?s=96&d=mm&r=g","url":"https:\/\/secure.gravatar.com\/avatar\/ae2f4d718e6c49043e314ce431e7e645d646302a24a5ef5a8bc8e3f5a032e319?s=96&d=mm&r=g","contentUrl":"https:\/\/secure.gravatar.com\/avatar\/ae2f4d718e6c49043e314ce431e7e645d646302a24a5ef5a8bc8e3f5a032e319?s=96&d=mm&r=g","caption":"Redaktion"},"sameAs":["http:\/\/develop.organisator.galledia.ch"],"url":"https:\/\/www.immobilienbusiness.ch\/de\/author\/admin\/"}]}},"_links":{"self":[{"href":"https:\/\/www.immobilienbusiness.ch\/de\/wp-json\/wp\/v2\/posts\/2509","targetHints":{"allow":["GET"]}}],"collection":[{"href":"https:\/\/www.immobilienbusiness.ch\/de\/wp-json\/wp\/v2\/posts"}],"about":[{"href":"https:\/\/www.immobilienbusiness.ch\/de\/wp-json\/wp\/v2\/types\/post"}],"author":[{"embeddable":true,"href":"https:\/\/www.immobilienbusiness.ch\/de\/wp-json\/wp\/v2\/users\/1"}],"replies":[{"embeddable":true,"href":"https:\/\/www.immobilienbusiness.ch\/de\/wp-json\/wp\/v2\/comments?post=2509"}],"version-history":[{"count":0,"href":"https:\/\/www.immobilienbusiness.ch\/de\/wp-json\/wp\/v2\/posts\/2509\/revisions"}],"wp:featuredmedia":[{"embeddable":true,"href":"https:\/\/www.immobilienbusiness.ch\/de\/wp-json\/wp\/v2\/media\/2510"}],"wp:attachment":[{"href":"https:\/\/www.immobilienbusiness.ch\/de\/wp-json\/wp\/v2\/media?parent=2509"}],"wp:term":[{"taxonomy":"category","embeddable":true,"href":"https:\/\/www.immobilienbusiness.ch\/de\/wp-json\/wp\/v2\/categories?post=2509"},{"taxonomy":"post_tag","embeddable":true,"href":"https:\/\/www.immobilienbusiness.ch\/de\/wp-json\/wp\/v2\/tags?post=2509"}],"curies":[{"name":"wp","href":"https:\/\/api.w.org\/{rel}","templated":true}]}}