{"id":2484,"date":"2016-03-09T08:08:44","date_gmt":"2016-03-09T07:08:44","guid":{"rendered":"http:\/\/dev.immobilienbusiness.ch\/?p=2484"},"modified":"2016-03-09T08:08:44","modified_gmt":"2016-03-09T07:08:44","slug":"john-taylor-expandiert-in-gstaad","status":"publish","type":"post","link":"https:\/\/www.immobilienbusiness.ch\/de\/residential\/2016-03-09\/john-taylor-expandiert-in-gstaad\/","title":{"rendered":"John Taylor expandiert in Gstaad"},"content":{"rendered":"<figure id=\"attachment_2485\" aria-describedby=\"caption-attachment-2485\" style=\"width: 680px\" class=\"wp-caption alignnone\"><img loading=\"lazy\" decoding=\"async\" class=\"size-medium wp-image-2485\" src=\"https:\/\/immobilienbusiness.ch\/wp-content\/uploads\/2016\/12\/John-Taylor-expandiert-in-Gstaad-immobilien-business.jpg\" alt=\"An der Gstaader Promenade hat John Taylor eine Agentur er\u00f6ffnet (Bild: \u00a9 Gstaad Saanenland Tourismus)\" width=\"680\" height=\"425\" srcset=\"https:\/\/www.immobilienbusiness.ch\/wp-content\/uploads\/2016\/12\/John-Taylor-expandiert-in-Gstaad-immobilien-business.jpg 1920w, https:\/\/www.immobilienbusiness.ch\/wp-content\/uploads\/2016\/12\/John-Taylor-expandiert-in-Gstaad-immobilien-business-300x188.jpg 300w, https:\/\/www.immobilienbusiness.ch\/wp-content\/uploads\/2016\/12\/John-Taylor-expandiert-in-Gstaad-immobilien-business-1024x640.jpg 1024w, https:\/\/www.immobilienbusiness.ch\/wp-content\/uploads\/2016\/12\/John-Taylor-expandiert-in-Gstaad-immobilien-business-768x480.jpg 768w, https:\/\/www.immobilienbusiness.ch\/wp-content\/uploads\/2016\/12\/John-Taylor-expandiert-in-Gstaad-immobilien-business-1536x960.jpg 1536w, https:\/\/www.immobilienbusiness.ch\/wp-content\/uploads\/2016\/12\/John-Taylor-expandiert-in-Gstaad-immobilien-business-16x10.jpg 16w, https:\/\/www.immobilienbusiness.ch\/wp-content\/uploads\/2016\/12\/John-Taylor-expandiert-in-Gstaad-immobilien-business-280x175.jpg 280w, https:\/\/www.immobilienbusiness.ch\/wp-content\/uploads\/2016\/12\/John-Taylor-expandiert-in-Gstaad-immobilien-business-560x350.jpg 560w, https:\/\/www.immobilienbusiness.ch\/wp-content\/uploads\/2016\/12\/John-Taylor-expandiert-in-Gstaad-immobilien-business-1280x800.jpg 1280w, https:\/\/www.immobilienbusiness.ch\/wp-content\/uploads\/2016\/12\/John-Taylor-expandiert-in-Gstaad-immobilien-business-920x575.jpg 920w, https:\/\/www.immobilienbusiness.ch\/wp-content\/uploads\/2016\/12\/John-Taylor-expandiert-in-Gstaad-immobilien-business-1400x875.jpg 1400w\" sizes=\"auto, (max-width: 680px) 100vw, 680px\" \/><figcaption id=\"caption-attachment-2485\" class=\"wp-caption-text\">An der Gstaader Promenade hat John Taylor eine Agentur er\u00f6ffnet (Bild: \u00a9 Gstaad Saanenland Tourismus)<\/figcaption><\/figure>\n<p>Manoutchehr Khanlari, teilhabender Gesch\u00e4ftsleiter, sagt zum Standort Gstaad: \u00abInteressenten verschiedenster Herkunft, insbesondere aus Frankreich, England, Belgien, Italien, aber auch aus den USA, dem Mittleren Osten oder Russland, haben den ausdr\u00fccklichen Wunsch, in den Besitz typischer Wohnungen oder Chalets zu gelangen. Die vorhandenen renommierten internationalen Institute wie Le Rosey und JFK Schools bilden ein zus\u00e4tzliches Argument f\u00fcr Familien mit Kindern, sich hier zu etablieren.\u00bb<\/p>\n<p>\u00abDie Investition in Immobilien in Gstaad erweist sich seit mehr als 60 Jahren als wertsicher\u00bb, f\u00fcgt David McCrimmon, teilhabender Gesch\u00e4ftsleiter, hinzu. Die Preise seien fortlaufend angestiegen und erreichten heute zum Beispiel 65.000 CHF\/qm im Quartier Oberbort mit den Grandhotels Alpina und Gstaad Palace. Im Durchschnitt liegen die Tarife seinen Angaben zufolge zwischen 30.000 und 35.000 CHF\/qm, was einem mittleren Transaktionspreis von f\u00fcnf bis sieben Millionen CHF entspreche.<\/p>\n<p>Laut Teresa Astorina, Chairman der VIP Real Estate AG, Inhaberin der Masterlizenz John Taylor Suisse, soll die Marke John Taylor gesamtschweizerisch erweitert werden, insbesondere in den \u00abbeliebtesten Destinationen einer exklusiven und internationalen Klientel\u00bb.<\/p>\n<p>Die Gruppe John Taylor wurde 1864 durch John Taylor in Cannes gegr\u00fcndet und 1996 von der Gruppe Pastor \u00fcbernommen. Das Netzwerk umfasst 20 Agenturen in elf L\u00e4ndern. In der Schweiz ist John Taylor neben Gstaad auch noch in Genf aktiv. (ah)<\/p>\n","protected":false},"excerpt":{"rendered":"<p>Die John Taylor Gruppe hat an der Viktoriastrasse 3, im Herzen der Gstaader Promenade, eine neue Agentur er\u00f6ffnet. Das Unternehmen ist im Segment der Luxusimmobilien bei Transaktionen, Vermietungen, in der Verm\u00f6gensverwaltung und im Bereich Gesch\u00e4ftsimmobilien aktiv.<\/p>\n","protected":false},"author":1,"featured_media":2485,"comment_status":"open","ping_status":"open","sticky":false,"template":"","format":"standard","meta":{"_acf_changed":false,"_yoast_wpseo_focuskw":"Immobilien Gstaad","_yoast_wpseo_title":"Immobilien Gstaad: John Taylor expandiert in Top-Lage","_yoast_wpseo_metadesc":"Angesichts steigender Nachfrage w\u00e4chst das Interesse an Immobilien in Gstaad, mit Preisen bis zu 65.000 CHF pro Quadratmeter, sagt Experten.","_yoast_wpseo_linkdex":67,"pgc_sgb_lightbox_settings":"","footnotes":""},"categories":[986],"tags":[1205,1639,1862],"class_list":["post-2484","post","type-post","status-publish","format-standard","has-post-thumbnail","hentry","category-residential","tag-espace-mittelland","tag-residential","tag-wohnen"],"acf":[],"yoast_head":"<!-- This site is optimized with the Yoast SEO plugin v27.4 - https:\/\/yoast.com\/product\/yoast-seo-wordpress\/ -->\n<title>Immobilien Gstaad: John Taylor expandiert in Top-Lage<\/title>\n<meta name=\"description\" content=\"Angesichts steigender Nachfrage w\u00e4chst das Interesse an Immobilien in Gstaad, mit Preisen bis zu 65.000 CHF pro Quadratmeter, sagt Experten.\" \/>\n<meta name=\"robots\" content=\"index, follow, max-snippet:-1, max-image-preview:large, max-video-preview:-1\" \/>\n<link rel=\"canonical\" href=\"https:\/\/www.immobilienbusiness.ch\/de\/residential\/2016-03-09\/john-taylor-expandiert-in-gstaad\/\" \/>\n<meta property=\"og:locale\" content=\"de_DE\" \/>\n<meta property=\"og:type\" content=\"article\" \/>\n<meta property=\"og:title\" content=\"John Taylor expandiert in Gstaad\" \/>\n<meta property=\"og:description\" content=\"Die John Taylor Gruppe hat an der Viktoriastrasse 3, im Herzen der Gstaader Promenade, eine neue Agentur er\u00f6ffnet. Das Unternehmen ist im Segment der Luxusimmobilien bei Transaktionen, Vermietungen, in der Verm\u00f6gensverwaltung und im Bereich Gesch\u00e4ftsimmobilien aktiv.\" \/>\n<meta property=\"og:url\" content=\"https:\/\/www.immobilienbusiness.ch\/de\/residential\/2016-03-09\/john-taylor-expandiert-in-gstaad\/\" \/>\n<meta property=\"og:site_name\" content=\"IMMOBILIEN Business\" \/>\n<meta property=\"article:publisher\" content=\"https:\/\/www.facebook.com\/immobilienbusiness\/\" \/>\n<meta property=\"article:published_time\" content=\"2016-03-09T07:08:44+00:00\" \/>\n<meta name=\"author\" content=\"Redaktion\" \/>\n<meta name=\"twitter:card\" content=\"summary_large_image\" \/>\n<meta name=\"twitter:image\" content=\"https:\/\/www.immobilienbusiness.ch\/wp-content\/uploads\/2016\/12\/John-Taylor-expandiert-in-Gstaad-immobilien-business.jpg\" \/>\n<script type=\"application\/ld+json\" class=\"yoast-schema-graph\">{\"@context\":\"https:\\\/\\\/schema.org\",\"@graph\":[{\"@type\":\"Article\",\"@id\":\"https:\\\/\\\/www.immobilienbusiness.ch\\\/residential\\\/2016-03-09\\\/john-taylor-expandiert-in-gstaad\\\/#article\",\"isPartOf\":{\"@id\":\"https:\\\/\\\/www.immobilienbusiness.ch\\\/residential\\\/2016-03-09\\\/john-taylor-expandiert-in-gstaad\\\/\"},\"author\":{\"name\":\"Redaktion\",\"@id\":\"https:\\\/\\\/www.immobilienbusiness.ch\\\/#\\\/schema\\\/person\\\/aa2bace6c5c5aad60102004a50c4eb1c\"},\"headline\":\"John Taylor expandiert in Gstaad\",\"datePublished\":\"2016-03-09T07:08:44+00:00\",\"mainEntityOfPage\":{\"@id\":\"https:\\\/\\\/www.immobilienbusiness.ch\\\/residential\\\/2016-03-09\\\/john-taylor-expandiert-in-gstaad\\\/\"},\"wordCount\":235,\"commentCount\":0,\"publisher\":{\"@id\":\"https:\\\/\\\/www.immobilienbusiness.ch\\\/#organization\"},\"image\":{\"@id\":\"https:\\\/\\\/www.immobilienbusiness.ch\\\/residential\\\/2016-03-09\\\/john-taylor-expandiert-in-gstaad\\\/#primaryimage\"},\"thumbnailUrl\":\"https:\\\/\\\/www.immobilienbusiness.ch\\\/wp-content\\\/uploads\\\/2016\\\/12\\\/John-Taylor-expandiert-in-Gstaad-immobilien-business.jpg\",\"keywords\":[\"Espace Mittelland\",\"Residential\",\"Wohnen\"],\"articleSection\":[\"RESIDENTIAL\"],\"inLanguage\":\"de\"},{\"@type\":\"WebPage\",\"@id\":\"https:\\\/\\\/www.immobilienbusiness.ch\\\/residential\\\/2016-03-09\\\/john-taylor-expandiert-in-gstaad\\\/\",\"url\":\"https:\\\/\\\/www.immobilienbusiness.ch\\\/residential\\\/2016-03-09\\\/john-taylor-expandiert-in-gstaad\\\/\",\"name\":\"Immobilien Gstaad: John Taylor expandiert in Top-Lage\",\"isPartOf\":{\"@id\":\"https:\\\/\\\/www.immobilienbusiness.ch\\\/#website\"},\"primaryImageOfPage\":{\"@id\":\"https:\\\/\\\/www.immobilienbusiness.ch\\\/residential\\\/2016-03-09\\\/john-taylor-expandiert-in-gstaad\\\/#primaryimage\"},\"image\":{\"@id\":\"https:\\\/\\\/www.immobilienbusiness.ch\\\/residential\\\/2016-03-09\\\/john-taylor-expandiert-in-gstaad\\\/#primaryimage\"},\"thumbnailUrl\":\"https:\\\/\\\/www.immobilienbusiness.ch\\\/wp-content\\\/uploads\\\/2016\\\/12\\\/John-Taylor-expandiert-in-Gstaad-immobilien-business.jpg\",\"datePublished\":\"2016-03-09T07:08:44+00:00\",\"description\":\"Angesichts steigender Nachfrage w\u00e4chst das Interesse an Immobilien in Gstaad, mit Preisen bis zu 65.000 CHF pro Quadratmeter, sagt Experten.\",\"breadcrumb\":{\"@id\":\"https:\\\/\\\/www.immobilienbusiness.ch\\\/residential\\\/2016-03-09\\\/john-taylor-expandiert-in-gstaad\\\/#breadcrumb\"},\"inLanguage\":\"de\",\"potentialAction\":[{\"@type\":\"ReadAction\",\"target\":[\"https:\\\/\\\/www.immobilienbusiness.ch\\\/residential\\\/2016-03-09\\\/john-taylor-expandiert-in-gstaad\\\/\"]}]},{\"@type\":\"ImageObject\",\"inLanguage\":\"de\",\"@id\":\"https:\\\/\\\/www.immobilienbusiness.ch\\\/residential\\\/2016-03-09\\\/john-taylor-expandiert-in-gstaad\\\/#primaryimage\",\"url\":\"https:\\\/\\\/www.immobilienbusiness.ch\\\/wp-content\\\/uploads\\\/2016\\\/12\\\/John-Taylor-expandiert-in-Gstaad-immobilien-business.jpg\",\"contentUrl\":\"https:\\\/\\\/www.immobilienbusiness.ch\\\/wp-content\\\/uploads\\\/2016\\\/12\\\/John-Taylor-expandiert-in-Gstaad-immobilien-business.jpg\",\"width\":1920,\"height\":1200,\"caption\":\"An der Gstaader Promenade hat John Taylor eine Agentur er\u00f6ffnet (Bild: \u00a9 Gstaad Saanenland Tourismus)\"},{\"@type\":\"BreadcrumbList\",\"@id\":\"https:\\\/\\\/www.immobilienbusiness.ch\\\/residential\\\/2016-03-09\\\/john-taylor-expandiert-in-gstaad\\\/#breadcrumb\",\"itemListElement\":[{\"@type\":\"ListItem\",\"position\":1,\"name\":\"Home\",\"item\":\"https:\\\/\\\/www.immobilienbusiness.ch\\\/\"},{\"@type\":\"ListItem\",\"position\":2,\"name\":\"John Taylor expandiert in Gstaad\"}]},{\"@type\":\"WebSite\",\"@id\":\"https:\\\/\\\/www.immobilienbusiness.ch\\\/#website\",\"url\":\"https:\\\/\\\/www.immobilienbusiness.ch\\\/\",\"name\":\"IMMOBILIEN Business\",\"description\":\"Unabh\u00e4ngiges Schweizer Wirtschaftsmagazin mit Fokus auf Immobilien, Architektur- und Bau sowie Investment- und Finanzierung.\",\"publisher\":{\"@id\":\"https:\\\/\\\/www.immobilienbusiness.ch\\\/#organization\"},\"potentialAction\":[{\"@type\":\"SearchAction\",\"target\":{\"@type\":\"EntryPoint\",\"urlTemplate\":\"https:\\\/\\\/www.immobilienbusiness.ch\\\/?s={search_term_string}\"},\"query-input\":{\"@type\":\"PropertyValueSpecification\",\"valueRequired\":true,\"valueName\":\"search_term_string\"}}],\"inLanguage\":\"de\"},{\"@type\":\"Organization\",\"@id\":\"https:\\\/\\\/www.immobilienbusiness.ch\\\/#organization\",\"name\":\"IMMOBILIEN Business\",\"url\":\"https:\\\/\\\/www.immobilienbusiness.ch\\\/\",\"logo\":{\"@type\":\"ImageObject\",\"inLanguage\":\"de\",\"@id\":\"https:\\\/\\\/www.immobilienbusiness.ch\\\/#\\\/schema\\\/logo\\\/image\\\/\",\"url\":\"https:\\\/\\\/www.immobilienbusiness.ch\\\/wp-content\\\/uploads\\\/2021\\\/07\\\/logo_ib.png\",\"contentUrl\":\"https:\\\/\\\/www.immobilienbusiness.ch\\\/wp-content\\\/uploads\\\/2021\\\/07\\\/logo_ib.png\",\"width\":800,\"height\":181,\"caption\":\"IMMOBILIEN Business\"},\"image\":{\"@id\":\"https:\\\/\\\/www.immobilienbusiness.ch\\\/#\\\/schema\\\/logo\\\/image\\\/\"},\"sameAs\":[\"https:\\\/\\\/www.facebook.com\\\/immobilienbusiness\\\/\"]},{\"@type\":\"Person\",\"@id\":\"https:\\\/\\\/www.immobilienbusiness.ch\\\/#\\\/schema\\\/person\\\/aa2bace6c5c5aad60102004a50c4eb1c\",\"name\":\"Redaktion\",\"image\":{\"@type\":\"ImageObject\",\"inLanguage\":\"de\",\"@id\":\"https:\\\/\\\/secure.gravatar.com\\\/avatar\\\/ae2f4d718e6c49043e314ce431e7e645d646302a24a5ef5a8bc8e3f5a032e319?s=96&d=mm&r=g\",\"url\":\"https:\\\/\\\/secure.gravatar.com\\\/avatar\\\/ae2f4d718e6c49043e314ce431e7e645d646302a24a5ef5a8bc8e3f5a032e319?s=96&d=mm&r=g\",\"contentUrl\":\"https:\\\/\\\/secure.gravatar.com\\\/avatar\\\/ae2f4d718e6c49043e314ce431e7e645d646302a24a5ef5a8bc8e3f5a032e319?s=96&d=mm&r=g\",\"caption\":\"Redaktion\"},\"sameAs\":[\"http:\\\/\\\/develop.organisator.galledia.ch\"],\"url\":\"https:\\\/\\\/www.immobilienbusiness.ch\\\/de\\\/author\\\/admin\\\/\"}]}<\/script>\n<!-- \/ Yoast SEO plugin. -->","yoast_head_json":{"title":"Immobilien Gstaad: John Taylor expandiert in Top-Lage","description":"Angesichts steigender Nachfrage w\u00e4chst das Interesse an Immobilien in Gstaad, mit Preisen bis zu 65.000 CHF pro Quadratmeter, sagt Experten.","robots":{"index":"index","follow":"follow","max-snippet":"max-snippet:-1","max-image-preview":"max-image-preview:large","max-video-preview":"max-video-preview:-1"},"canonical":"https:\/\/www.immobilienbusiness.ch\/de\/residential\/2016-03-09\/john-taylor-expandiert-in-gstaad\/","og_locale":"de_DE","og_type":"article","og_title":"John Taylor expandiert in Gstaad","og_description":"Die John Taylor Gruppe hat an der Viktoriastrasse 3, im Herzen der Gstaader Promenade, eine neue Agentur er\u00f6ffnet. Das Unternehmen ist im Segment der Luxusimmobilien bei Transaktionen, Vermietungen, in der Verm\u00f6gensverwaltung und im Bereich Gesch\u00e4ftsimmobilien aktiv.","og_url":"https:\/\/www.immobilienbusiness.ch\/de\/residential\/2016-03-09\/john-taylor-expandiert-in-gstaad\/","og_site_name":"IMMOBILIEN Business","article_publisher":"https:\/\/www.facebook.com\/immobilienbusiness\/","article_published_time":"2016-03-09T07:08:44+00:00","author":"Redaktion","twitter_card":"summary_large_image","twitter_image":"https:\/\/www.immobilienbusiness.ch\/wp-content\/uploads\/2016\/12\/John-Taylor-expandiert-in-Gstaad-immobilien-business.jpg","schema":{"@context":"https:\/\/schema.org","@graph":[{"@type":"Article","@id":"https:\/\/www.immobilienbusiness.ch\/residential\/2016-03-09\/john-taylor-expandiert-in-gstaad\/#article","isPartOf":{"@id":"https:\/\/www.immobilienbusiness.ch\/residential\/2016-03-09\/john-taylor-expandiert-in-gstaad\/"},"author":{"name":"Redaktion","@id":"https:\/\/www.immobilienbusiness.ch\/#\/schema\/person\/aa2bace6c5c5aad60102004a50c4eb1c"},"headline":"John Taylor expandiert in Gstaad","datePublished":"2016-03-09T07:08:44+00:00","mainEntityOfPage":{"@id":"https:\/\/www.immobilienbusiness.ch\/residential\/2016-03-09\/john-taylor-expandiert-in-gstaad\/"},"wordCount":235,"commentCount":0,"publisher":{"@id":"https:\/\/www.immobilienbusiness.ch\/#organization"},"image":{"@id":"https:\/\/www.immobilienbusiness.ch\/residential\/2016-03-09\/john-taylor-expandiert-in-gstaad\/#primaryimage"},"thumbnailUrl":"https:\/\/www.immobilienbusiness.ch\/wp-content\/uploads\/2016\/12\/John-Taylor-expandiert-in-Gstaad-immobilien-business.jpg","keywords":["Espace Mittelland","Residential","Wohnen"],"articleSection":["RESIDENTIAL"],"inLanguage":"de"},{"@type":"WebPage","@id":"https:\/\/www.immobilienbusiness.ch\/residential\/2016-03-09\/john-taylor-expandiert-in-gstaad\/","url":"https:\/\/www.immobilienbusiness.ch\/residential\/2016-03-09\/john-taylor-expandiert-in-gstaad\/","name":"Immobilien Gstaad: John Taylor expandiert in Top-Lage","isPartOf":{"@id":"https:\/\/www.immobilienbusiness.ch\/#website"},"primaryImageOfPage":{"@id":"https:\/\/www.immobilienbusiness.ch\/residential\/2016-03-09\/john-taylor-expandiert-in-gstaad\/#primaryimage"},"image":{"@id":"https:\/\/www.immobilienbusiness.ch\/residential\/2016-03-09\/john-taylor-expandiert-in-gstaad\/#primaryimage"},"thumbnailUrl":"https:\/\/www.immobilienbusiness.ch\/wp-content\/uploads\/2016\/12\/John-Taylor-expandiert-in-Gstaad-immobilien-business.jpg","datePublished":"2016-03-09T07:08:44+00:00","description":"Angesichts steigender Nachfrage w\u00e4chst das Interesse an Immobilien in Gstaad, mit Preisen bis zu 65.000 CHF pro Quadratmeter, sagt Experten.","breadcrumb":{"@id":"https:\/\/www.immobilienbusiness.ch\/residential\/2016-03-09\/john-taylor-expandiert-in-gstaad\/#breadcrumb"},"inLanguage":"de","potentialAction":[{"@type":"ReadAction","target":["https:\/\/www.immobilienbusiness.ch\/residential\/2016-03-09\/john-taylor-expandiert-in-gstaad\/"]}]},{"@type":"ImageObject","inLanguage":"de","@id":"https:\/\/www.immobilienbusiness.ch\/residential\/2016-03-09\/john-taylor-expandiert-in-gstaad\/#primaryimage","url":"https:\/\/www.immobilienbusiness.ch\/wp-content\/uploads\/2016\/12\/John-Taylor-expandiert-in-Gstaad-immobilien-business.jpg","contentUrl":"https:\/\/www.immobilienbusiness.ch\/wp-content\/uploads\/2016\/12\/John-Taylor-expandiert-in-Gstaad-immobilien-business.jpg","width":1920,"height":1200,"caption":"An der Gstaader Promenade hat John Taylor eine Agentur er\u00f6ffnet (Bild: \u00a9 Gstaad Saanenland Tourismus)"},{"@type":"BreadcrumbList","@id":"https:\/\/www.immobilienbusiness.ch\/residential\/2016-03-09\/john-taylor-expandiert-in-gstaad\/#breadcrumb","itemListElement":[{"@type":"ListItem","position":1,"name":"Home","item":"https:\/\/www.immobilienbusiness.ch\/"},{"@type":"ListItem","position":2,"name":"John Taylor expandiert in Gstaad"}]},{"@type":"WebSite","@id":"https:\/\/www.immobilienbusiness.ch\/#website","url":"https:\/\/www.immobilienbusiness.ch\/","name":"IMMOBILIEN Business","description":"Unabh\u00e4ngiges Schweizer Wirtschaftsmagazin mit Fokus auf Immobilien, Architektur- und Bau sowie Investment- und Finanzierung.","publisher":{"@id":"https:\/\/www.immobilienbusiness.ch\/#organization"},"potentialAction":[{"@type":"SearchAction","target":{"@type":"EntryPoint","urlTemplate":"https:\/\/www.immobilienbusiness.ch\/?s={search_term_string}"},"query-input":{"@type":"PropertyValueSpecification","valueRequired":true,"valueName":"search_term_string"}}],"inLanguage":"de"},{"@type":"Organization","@id":"https:\/\/www.immobilienbusiness.ch\/#organization","name":"IMMOBILIEN Business","url":"https:\/\/www.immobilienbusiness.ch\/","logo":{"@type":"ImageObject","inLanguage":"de","@id":"https:\/\/www.immobilienbusiness.ch\/#\/schema\/logo\/image\/","url":"https:\/\/www.immobilienbusiness.ch\/wp-content\/uploads\/2021\/07\/logo_ib.png","contentUrl":"https:\/\/www.immobilienbusiness.ch\/wp-content\/uploads\/2021\/07\/logo_ib.png","width":800,"height":181,"caption":"IMMOBILIEN Business"},"image":{"@id":"https:\/\/www.immobilienbusiness.ch\/#\/schema\/logo\/image\/"},"sameAs":["https:\/\/www.facebook.com\/immobilienbusiness\/"]},{"@type":"Person","@id":"https:\/\/www.immobilienbusiness.ch\/#\/schema\/person\/aa2bace6c5c5aad60102004a50c4eb1c","name":"Redaktion","image":{"@type":"ImageObject","inLanguage":"de","@id":"https:\/\/secure.gravatar.com\/avatar\/ae2f4d718e6c49043e314ce431e7e645d646302a24a5ef5a8bc8e3f5a032e319?s=96&d=mm&r=g","url":"https:\/\/secure.gravatar.com\/avatar\/ae2f4d718e6c49043e314ce431e7e645d646302a24a5ef5a8bc8e3f5a032e319?s=96&d=mm&r=g","contentUrl":"https:\/\/secure.gravatar.com\/avatar\/ae2f4d718e6c49043e314ce431e7e645d646302a24a5ef5a8bc8e3f5a032e319?s=96&d=mm&r=g","caption":"Redaktion"},"sameAs":["http:\/\/develop.organisator.galledia.ch"],"url":"https:\/\/www.immobilienbusiness.ch\/de\/author\/admin\/"}]}},"_links":{"self":[{"href":"https:\/\/www.immobilienbusiness.ch\/de\/wp-json\/wp\/v2\/posts\/2484","targetHints":{"allow":["GET"]}}],"collection":[{"href":"https:\/\/www.immobilienbusiness.ch\/de\/wp-json\/wp\/v2\/posts"}],"about":[{"href":"https:\/\/www.immobilienbusiness.ch\/de\/wp-json\/wp\/v2\/types\/post"}],"author":[{"embeddable":true,"href":"https:\/\/www.immobilienbusiness.ch\/de\/wp-json\/wp\/v2\/users\/1"}],"replies":[{"embeddable":true,"href":"https:\/\/www.immobilienbusiness.ch\/de\/wp-json\/wp\/v2\/comments?post=2484"}],"version-history":[{"count":0,"href":"https:\/\/www.immobilienbusiness.ch\/de\/wp-json\/wp\/v2\/posts\/2484\/revisions"}],"wp:featuredmedia":[{"embeddable":true,"href":"https:\/\/www.immobilienbusiness.ch\/de\/wp-json\/wp\/v2\/media\/2485"}],"wp:attachment":[{"href":"https:\/\/www.immobilienbusiness.ch\/de\/wp-json\/wp\/v2\/media?parent=2484"}],"wp:term":[{"taxonomy":"category","embeddable":true,"href":"https:\/\/www.immobilienbusiness.ch\/de\/wp-json\/wp\/v2\/categories?post=2484"},{"taxonomy":"post_tag","embeddable":true,"href":"https:\/\/www.immobilienbusiness.ch\/de\/wp-json\/wp\/v2\/tags?post=2484"}],"curies":[{"name":"wp","href":"https:\/\/api.w.org\/{rel}","templated":true}]}}