{"id":24731,"date":"2021-07-14T09:44:08","date_gmt":"2021-07-14T07:44:08","guid":{"rendered":"https:\/\/www.immobilienbusiness.ch\/?p=24731"},"modified":"2021-07-14T09:44:08","modified_gmt":"2021-07-14T07:44:08","slug":"hans-peter-domanig-mit-neuem-taetigkeitsfeld","status":"publish","type":"post","link":"https:\/\/www.immobilienbusiness.ch\/de\/unternehmen\/2021-07-14\/hans-peter-domanig-mit-neuem-taetigkeitsfeld\/","title":{"rendered":"Hans-Peter Domanig mit neuem T\u00e4tigkeitsfeld"},"content":{"rendered":"<figure id=\"attachment_24745\" aria-describedby=\"caption-attachment-24745\" style=\"width: 753px\" class=\"wp-caption alignnone\"><img loading=\"lazy\" decoding=\"async\" class=\" wp-image-24745\" src=\"https:\/\/www.immobilienbusiness.ch\/wp-content\/uploads\/2021\/07\/Hans-Peter_Domanig-e1626246895879.jpg\" alt=\"\" width=\"753\" height=\"601\" srcset=\"https:\/\/www.immobilienbusiness.ch\/wp-content\/uploads\/2021\/07\/Hans-Peter_Domanig-e1626246895879.jpg 425w, https:\/\/www.immobilienbusiness.ch\/wp-content\/uploads\/2021\/07\/Hans-Peter_Domanig-e1626246895879-300x239.jpg 300w, https:\/\/www.immobilienbusiness.ch\/wp-content\/uploads\/2021\/07\/Hans-Peter_Domanig-e1626246895879-16x12.jpg 16w, https:\/\/www.immobilienbusiness.ch\/wp-content\/uploads\/2021\/07\/Hans-Peter_Domanig-e1626246895879-219x175.jpg 219w\" sizes=\"auto, (max-width: 753px) 100vw, 753px\" \/><figcaption id=\"caption-attachment-24745\" class=\"wp-caption-text\">Hans-Peter Domanig<\/figcaption><\/figure>\n<p>Im Vordergrund st\u00fcnden Optionen, bei denen er seine langj\u00e4hrige Erfahrung in der Bau- und Immobilienwirtschaft, seinen betriebs\u00f6konomischen Hintergrund sowie sein umfassendes Netzwerk einbringen k\u00f6nne, sagt Hans-Peter Domanig.<\/p>\n<blockquote><p>\u00abAls Verwaltungsrat m\u00f6chte ich zu Entscheidungsprozessen und Weichenstellungen beitragen, die eine nachhaltige Entwicklung der Unternehmen im Interesse ihrer Anspruchsgruppen unterst\u00fctzen.\u00bb<\/p><\/blockquote>\n<p>Dabei k\u00f6nne er von seinen bisherigen umfangreichen operativen Aktivit\u00e4ten profitieren, wozu insbesondere die T\u00e4tigkeit als CEO der Implenia Real Estate AG und als Mitglied der Konzernleitung der Implenia AG von 1994 bis 2010 z\u00e4hlten. Als Verwaltungsrat war Domanig u.a. f\u00fcr die Olmero AG (Gr\u00fcndungsmitglied) in Z\u00fcrich, die Meili Unternehmungen AG in Zollikon und die Cablex AG in Bern t\u00e4tig; ferner geh\u00f6rt er den Verwaltungsr\u00e4ten der Familienunternehmen Birchmeier Holding AG in D\u00f6ttingen und Hauser Holding AG in Freienbach an. Eine Ank\u00fcndigung eines weiteren Verwaltungsratsmandats werde in K\u00fcrze folgen, so Domanig. Zu seinen<\/p>\n<p>nebenberuflichen T\u00e4tigkeiten z\u00e4hlten u.a. die Vorstandsmitgliedschaft im Verband Schweizerischer Generalunternehmer (VSGU) von 1999 bis 2013 (davon die letzten f\u00fcnf Jahre als Pr\u00e4sident) sowie im Dachverband der Schweizer Wirtschaft economiesuisse von 2009 bis 2014. Seit 2014 ist Domanig Mitglied des Advisory Board (D-BAUG) der ETH Z\u00fcrich. (bw)<\/p>\n","protected":false},"excerpt":{"rendered":"<p>Nach seinem Ausscheiden aus der Priora-Gruppe, f\u00fcr die er von 2010 bis im Juni 2021 als CEO bzw. Verwaltungsratspr\u00e4sident t\u00e4tig war, hat sich Hans-Peter Domanig entschieden, seine berufliche Zukunft auf Mandate als selbst\u00e4ndiger und unabh\u00e4ngiger Verwaltungsrat auszurichten.<\/p>\n","protected":false},"author":8,"featured_media":24745,"comment_status":"closed","ping_status":"open","sticky":false,"template":"","format":"standard","meta":{"_acf_changed":false,"_yoast_wpseo_focuskw":"Domanig","_yoast_wpseo_title":"","_yoast_wpseo_metadesc":"Nach seinem Ausscheiden aus der Priora-Gruppe, f\u00fcr die er von 2010 bis im Juni 2021 als CEO bzw. Verwaltungsratspr\u00e4sident t\u00e4tig war, hat sich Hans-Peter Domanig entschieden, seine berufliche Zukunft auf Mandate als selbst\u00e4ndiger und unabh\u00e4ngiger Verwaltungsrat auszurichten.","_yoast_wpseo_linkdex":53,"pgc_sgb_lightbox_settings":"","footnotes":""},"categories":[988],"tags":[1563,1834],"class_list":["post-24731","post","type-post","status-publish","format-standard","has-post-thumbnail","hentry","category-unternehmen","tag-personalia","tag-verwaltungsrat"],"acf":[],"yoast_head":"<!-- This site is optimized with the Yoast SEO plugin v27.5 - https:\/\/yoast.com\/product\/yoast-seo-wordpress\/ -->\n<title>Hans-Peter Domanig mit neuem T\u00e4tigkeitsfeld - IMMOBILIEN Business<\/title>\n<meta name=\"description\" content=\"Nach seinem Ausscheiden aus der Priora-Gruppe, f\u00fcr die er von 2010 bis im Juni 2021 als CEO bzw. Verwaltungsratspr\u00e4sident t\u00e4tig war, hat sich Hans-Peter Domanig entschieden, seine berufliche Zukunft auf Mandate als selbst\u00e4ndiger und unabh\u00e4ngiger Verwaltungsrat auszurichten.\" \/>\n<meta name=\"robots\" content=\"index, follow, max-snippet:-1, max-image-preview:large, max-video-preview:-1\" \/>\n<link rel=\"canonical\" href=\"https:\/\/www.immobilienbusiness.ch\/de\/unternehmen\/2021-07-14\/hans-peter-domanig-mit-neuem-taetigkeitsfeld\/\" \/>\n<meta property=\"og:locale\" content=\"de_DE\" \/>\n<meta property=\"og:type\" content=\"article\" \/>\n<meta property=\"og:title\" content=\"Hans-Peter Domanig mit neuem T\u00e4tigkeitsfeld - IMMOBILIEN Business\" \/>\n<meta property=\"og:description\" content=\"Nach seinem Ausscheiden aus der Priora-Gruppe, f\u00fcr die er von 2010 bis im Juni 2021 als CEO bzw. Verwaltungsratspr\u00e4sident t\u00e4tig war, hat sich Hans-Peter Domanig entschieden, seine berufliche Zukunft auf Mandate als selbst\u00e4ndiger und unabh\u00e4ngiger Verwaltungsrat auszurichten.\" \/>\n<meta property=\"og:url\" content=\"https:\/\/www.immobilienbusiness.ch\/de\/unternehmen\/2021-07-14\/hans-peter-domanig-mit-neuem-taetigkeitsfeld\/\" \/>\n<meta property=\"og:site_name\" content=\"IMMOBILIEN Business\" \/>\n<meta property=\"article:publisher\" content=\"https:\/\/www.facebook.com\/immobilienbusiness\/\" \/>\n<meta property=\"article:published_time\" content=\"2021-07-14T07:44:08+00:00\" \/>\n<meta property=\"og:image\" content=\"https:\/\/www.immobilienbusiness.ch\/wp-content\/uploads\/2021\/07\/Hans-Peter_Domanig-e1626246895879.jpg\" \/>\n\t<meta property=\"og:image:width\" content=\"425\" \/>\n\t<meta property=\"og:image:height\" content=\"339\" \/>\n\t<meta property=\"og:image:type\" content=\"image\/jpeg\" \/>\n<meta name=\"author\" content=\"birgitt.wuest\" \/>\n<meta name=\"twitter:card\" content=\"summary_large_image\" \/>\n<script type=\"application\/ld+json\" class=\"yoast-schema-graph\">{\"@context\":\"https:\\\/\\\/schema.org\",\"@graph\":[{\"@type\":\"Article\",\"@id\":\"https:\\\/\\\/www.immobilienbusiness.ch\\\/de\\\/unternehmen\\\/2021-07-14\\\/hans-peter-domanig-mit-neuem-taetigkeitsfeld\\\/#article\",\"isPartOf\":{\"@id\":\"https:\\\/\\\/www.immobilienbusiness.ch\\\/de\\\/unternehmen\\\/2021-07-14\\\/hans-peter-domanig-mit-neuem-taetigkeitsfeld\\\/\"},\"author\":{\"name\":\"birgitt.wuest\",\"@id\":\"https:\\\/\\\/www.immobilienbusiness.ch\\\/#\\\/schema\\\/person\\\/9071de3b430793052e78768378adb039\"},\"headline\":\"Hans-Peter Domanig mit neuem T\u00e4tigkeitsfeld\",\"datePublished\":\"2021-07-14T07:44:08+00:00\",\"mainEntityOfPage\":{\"@id\":\"https:\\\/\\\/www.immobilienbusiness.ch\\\/de\\\/unternehmen\\\/2021-07-14\\\/hans-peter-domanig-mit-neuem-taetigkeitsfeld\\\/\"},\"wordCount\":218,\"publisher\":{\"@id\":\"https:\\\/\\\/www.immobilienbusiness.ch\\\/#organization\"},\"image\":{\"@id\":\"https:\\\/\\\/www.immobilienbusiness.ch\\\/de\\\/unternehmen\\\/2021-07-14\\\/hans-peter-domanig-mit-neuem-taetigkeitsfeld\\\/#primaryimage\"},\"thumbnailUrl\":\"https:\\\/\\\/www.immobilienbusiness.ch\\\/wp-content\\\/uploads\\\/2021\\\/07\\\/Hans-Peter_Domanig-e1626246895879.jpg\",\"keywords\":[\"Personalia\",\"Verwaltungsrat\"],\"articleSection\":[\"UNTERNEHMEN\"],\"inLanguage\":\"de\"},{\"@type\":\"WebPage\",\"@id\":\"https:\\\/\\\/www.immobilienbusiness.ch\\\/de\\\/unternehmen\\\/2021-07-14\\\/hans-peter-domanig-mit-neuem-taetigkeitsfeld\\\/\",\"url\":\"https:\\\/\\\/www.immobilienbusiness.ch\\\/de\\\/unternehmen\\\/2021-07-14\\\/hans-peter-domanig-mit-neuem-taetigkeitsfeld\\\/\",\"name\":\"Hans-Peter Domanig mit neuem T\u00e4tigkeitsfeld - IMMOBILIEN Business\",\"isPartOf\":{\"@id\":\"https:\\\/\\\/www.immobilienbusiness.ch\\\/#website\"},\"primaryImageOfPage\":{\"@id\":\"https:\\\/\\\/www.immobilienbusiness.ch\\\/de\\\/unternehmen\\\/2021-07-14\\\/hans-peter-domanig-mit-neuem-taetigkeitsfeld\\\/#primaryimage\"},\"image\":{\"@id\":\"https:\\\/\\\/www.immobilienbusiness.ch\\\/de\\\/unternehmen\\\/2021-07-14\\\/hans-peter-domanig-mit-neuem-taetigkeitsfeld\\\/#primaryimage\"},\"thumbnailUrl\":\"https:\\\/\\\/www.immobilienbusiness.ch\\\/wp-content\\\/uploads\\\/2021\\\/07\\\/Hans-Peter_Domanig-e1626246895879.jpg\",\"datePublished\":\"2021-07-14T07:44:08+00:00\",\"description\":\"Nach seinem Ausscheiden aus der Priora-Gruppe, f\u00fcr die er von 2010 bis im Juni 2021 als CEO bzw. Verwaltungsratspr\u00e4sident t\u00e4tig war, hat sich Hans-Peter Domanig entschieden, seine berufliche Zukunft auf Mandate als selbst\u00e4ndiger und unabh\u00e4ngiger Verwaltungsrat auszurichten.\",\"breadcrumb\":{\"@id\":\"https:\\\/\\\/www.immobilienbusiness.ch\\\/de\\\/unternehmen\\\/2021-07-14\\\/hans-peter-domanig-mit-neuem-taetigkeitsfeld\\\/#breadcrumb\"},\"inLanguage\":\"de\",\"potentialAction\":[{\"@type\":\"ReadAction\",\"target\":[\"https:\\\/\\\/www.immobilienbusiness.ch\\\/de\\\/unternehmen\\\/2021-07-14\\\/hans-peter-domanig-mit-neuem-taetigkeitsfeld\\\/\"]}]},{\"@type\":\"ImageObject\",\"inLanguage\":\"de\",\"@id\":\"https:\\\/\\\/www.immobilienbusiness.ch\\\/de\\\/unternehmen\\\/2021-07-14\\\/hans-peter-domanig-mit-neuem-taetigkeitsfeld\\\/#primaryimage\",\"url\":\"https:\\\/\\\/www.immobilienbusiness.ch\\\/wp-content\\\/uploads\\\/2021\\\/07\\\/Hans-Peter_Domanig-e1626246895879.jpg\",\"contentUrl\":\"https:\\\/\\\/www.immobilienbusiness.ch\\\/wp-content\\\/uploads\\\/2021\\\/07\\\/Hans-Peter_Domanig-e1626246895879.jpg\",\"width\":425,\"height\":339,\"caption\":\"Hans-Peter Domanig\"},{\"@type\":\"BreadcrumbList\",\"@id\":\"https:\\\/\\\/www.immobilienbusiness.ch\\\/de\\\/unternehmen\\\/2021-07-14\\\/hans-peter-domanig-mit-neuem-taetigkeitsfeld\\\/#breadcrumb\",\"itemListElement\":[{\"@type\":\"ListItem\",\"position\":1,\"name\":\"Home\",\"item\":\"https:\\\/\\\/www.immobilienbusiness.ch\\\/\"},{\"@type\":\"ListItem\",\"position\":2,\"name\":\"Hans-Peter Domanig mit neuem T\u00e4tigkeitsfeld\"}]},{\"@type\":\"WebSite\",\"@id\":\"https:\\\/\\\/www.immobilienbusiness.ch\\\/#website\",\"url\":\"https:\\\/\\\/www.immobilienbusiness.ch\\\/\",\"name\":\"IMMOBILIEN Business\",\"description\":\"Unabh\u00e4ngiges Schweizer Wirtschaftsmagazin mit Fokus auf Immobilien, Architektur- und Bau sowie Investment- und Finanzierung.\",\"publisher\":{\"@id\":\"https:\\\/\\\/www.immobilienbusiness.ch\\\/#organization\"},\"potentialAction\":[{\"@type\":\"SearchAction\",\"target\":{\"@type\":\"EntryPoint\",\"urlTemplate\":\"https:\\\/\\\/www.immobilienbusiness.ch\\\/?s={search_term_string}\"},\"query-input\":{\"@type\":\"PropertyValueSpecification\",\"valueRequired\":true,\"valueName\":\"search_term_string\"}}],\"inLanguage\":\"de\"},{\"@type\":\"Organization\",\"@id\":\"https:\\\/\\\/www.immobilienbusiness.ch\\\/#organization\",\"name\":\"IMMOBILIEN Business\",\"url\":\"https:\\\/\\\/www.immobilienbusiness.ch\\\/\",\"logo\":{\"@type\":\"ImageObject\",\"inLanguage\":\"de\",\"@id\":\"https:\\\/\\\/www.immobilienbusiness.ch\\\/#\\\/schema\\\/logo\\\/image\\\/\",\"url\":\"https:\\\/\\\/www.immobilienbusiness.ch\\\/wp-content\\\/uploads\\\/2021\\\/07\\\/logo_ib.png\",\"contentUrl\":\"https:\\\/\\\/www.immobilienbusiness.ch\\\/wp-content\\\/uploads\\\/2021\\\/07\\\/logo_ib.png\",\"width\":800,\"height\":181,\"caption\":\"IMMOBILIEN Business\"},\"image\":{\"@id\":\"https:\\\/\\\/www.immobilienbusiness.ch\\\/#\\\/schema\\\/logo\\\/image\\\/\"},\"sameAs\":[\"https:\\\/\\\/www.facebook.com\\\/immobilienbusiness\\\/\"]},{\"@type\":\"Person\",\"@id\":\"https:\\\/\\\/www.immobilienbusiness.ch\\\/#\\\/schema\\\/person\\\/9071de3b430793052e78768378adb039\",\"name\":\"birgitt.wuest\",\"image\":{\"@type\":\"ImageObject\",\"inLanguage\":\"de\",\"@id\":\"https:\\\/\\\/secure.gravatar.com\\\/avatar\\\/938f7e46a2aa35420af239a36e5ed08a1034598c7d4a6d4dccff5f20b49eefca?s=96&d=mm&r=g\",\"url\":\"https:\\\/\\\/secure.gravatar.com\\\/avatar\\\/938f7e46a2aa35420af239a36e5ed08a1034598c7d4a6d4dccff5f20b49eefca?s=96&d=mm&r=g\",\"contentUrl\":\"https:\\\/\\\/secure.gravatar.com\\\/avatar\\\/938f7e46a2aa35420af239a36e5ed08a1034598c7d4a6d4dccff5f20b49eefca?s=96&d=mm&r=g\",\"caption\":\"birgitt.wuest\"},\"url\":\"https:\\\/\\\/www.immobilienbusiness.ch\\\/de\\\/author\\\/birgitt-wuest\\\/\"}]}<\/script>\n<!-- \/ Yoast SEO plugin. -->","yoast_head_json":{"title":"Hans-Peter Domanig mit neuem T\u00e4tigkeitsfeld - IMMOBILIEN Business","description":"Nach seinem Ausscheiden aus der Priora-Gruppe, f\u00fcr die er von 2010 bis im Juni 2021 als CEO bzw. Verwaltungsratspr\u00e4sident t\u00e4tig war, hat sich Hans-Peter Domanig entschieden, seine berufliche Zukunft auf Mandate als selbst\u00e4ndiger und unabh\u00e4ngiger Verwaltungsrat auszurichten.","robots":{"index":"index","follow":"follow","max-snippet":"max-snippet:-1","max-image-preview":"max-image-preview:large","max-video-preview":"max-video-preview:-1"},"canonical":"https:\/\/www.immobilienbusiness.ch\/de\/unternehmen\/2021-07-14\/hans-peter-domanig-mit-neuem-taetigkeitsfeld\/","og_locale":"de_DE","og_type":"article","og_title":"Hans-Peter Domanig mit neuem T\u00e4tigkeitsfeld - IMMOBILIEN Business","og_description":"Nach seinem Ausscheiden aus der Priora-Gruppe, f\u00fcr die er von 2010 bis im Juni 2021 als CEO bzw. Verwaltungsratspr\u00e4sident t\u00e4tig war, hat sich Hans-Peter Domanig entschieden, seine berufliche Zukunft auf Mandate als selbst\u00e4ndiger und unabh\u00e4ngiger Verwaltungsrat auszurichten.","og_url":"https:\/\/www.immobilienbusiness.ch\/de\/unternehmen\/2021-07-14\/hans-peter-domanig-mit-neuem-taetigkeitsfeld\/","og_site_name":"IMMOBILIEN Business","article_publisher":"https:\/\/www.facebook.com\/immobilienbusiness\/","article_published_time":"2021-07-14T07:44:08+00:00","og_image":[{"width":425,"height":339,"url":"https:\/\/www.immobilienbusiness.ch\/wp-content\/uploads\/2021\/07\/Hans-Peter_Domanig-e1626246895879.jpg","type":"image\/jpeg"}],"author":"birgitt.wuest","twitter_card":"summary_large_image","schema":{"@context":"https:\/\/schema.org","@graph":[{"@type":"Article","@id":"https:\/\/www.immobilienbusiness.ch\/de\/unternehmen\/2021-07-14\/hans-peter-domanig-mit-neuem-taetigkeitsfeld\/#article","isPartOf":{"@id":"https:\/\/www.immobilienbusiness.ch\/de\/unternehmen\/2021-07-14\/hans-peter-domanig-mit-neuem-taetigkeitsfeld\/"},"author":{"name":"birgitt.wuest","@id":"https:\/\/www.immobilienbusiness.ch\/#\/schema\/person\/9071de3b430793052e78768378adb039"},"headline":"Hans-Peter Domanig mit neuem T\u00e4tigkeitsfeld","datePublished":"2021-07-14T07:44:08+00:00","mainEntityOfPage":{"@id":"https:\/\/www.immobilienbusiness.ch\/de\/unternehmen\/2021-07-14\/hans-peter-domanig-mit-neuem-taetigkeitsfeld\/"},"wordCount":218,"publisher":{"@id":"https:\/\/www.immobilienbusiness.ch\/#organization"},"image":{"@id":"https:\/\/www.immobilienbusiness.ch\/de\/unternehmen\/2021-07-14\/hans-peter-domanig-mit-neuem-taetigkeitsfeld\/#primaryimage"},"thumbnailUrl":"https:\/\/www.immobilienbusiness.ch\/wp-content\/uploads\/2021\/07\/Hans-Peter_Domanig-e1626246895879.jpg","keywords":["Personalia","Verwaltungsrat"],"articleSection":["UNTERNEHMEN"],"inLanguage":"de"},{"@type":"WebPage","@id":"https:\/\/www.immobilienbusiness.ch\/de\/unternehmen\/2021-07-14\/hans-peter-domanig-mit-neuem-taetigkeitsfeld\/","url":"https:\/\/www.immobilienbusiness.ch\/de\/unternehmen\/2021-07-14\/hans-peter-domanig-mit-neuem-taetigkeitsfeld\/","name":"Hans-Peter Domanig mit neuem T\u00e4tigkeitsfeld - IMMOBILIEN Business","isPartOf":{"@id":"https:\/\/www.immobilienbusiness.ch\/#website"},"primaryImageOfPage":{"@id":"https:\/\/www.immobilienbusiness.ch\/de\/unternehmen\/2021-07-14\/hans-peter-domanig-mit-neuem-taetigkeitsfeld\/#primaryimage"},"image":{"@id":"https:\/\/www.immobilienbusiness.ch\/de\/unternehmen\/2021-07-14\/hans-peter-domanig-mit-neuem-taetigkeitsfeld\/#primaryimage"},"thumbnailUrl":"https:\/\/www.immobilienbusiness.ch\/wp-content\/uploads\/2021\/07\/Hans-Peter_Domanig-e1626246895879.jpg","datePublished":"2021-07-14T07:44:08+00:00","description":"Nach seinem Ausscheiden aus der Priora-Gruppe, f\u00fcr die er von 2010 bis im Juni 2021 als CEO bzw. Verwaltungsratspr\u00e4sident t\u00e4tig war, hat sich Hans-Peter Domanig entschieden, seine berufliche Zukunft auf Mandate als selbst\u00e4ndiger und unabh\u00e4ngiger Verwaltungsrat auszurichten.","breadcrumb":{"@id":"https:\/\/www.immobilienbusiness.ch\/de\/unternehmen\/2021-07-14\/hans-peter-domanig-mit-neuem-taetigkeitsfeld\/#breadcrumb"},"inLanguage":"de","potentialAction":[{"@type":"ReadAction","target":["https:\/\/www.immobilienbusiness.ch\/de\/unternehmen\/2021-07-14\/hans-peter-domanig-mit-neuem-taetigkeitsfeld\/"]}]},{"@type":"ImageObject","inLanguage":"de","@id":"https:\/\/www.immobilienbusiness.ch\/de\/unternehmen\/2021-07-14\/hans-peter-domanig-mit-neuem-taetigkeitsfeld\/#primaryimage","url":"https:\/\/www.immobilienbusiness.ch\/wp-content\/uploads\/2021\/07\/Hans-Peter_Domanig-e1626246895879.jpg","contentUrl":"https:\/\/www.immobilienbusiness.ch\/wp-content\/uploads\/2021\/07\/Hans-Peter_Domanig-e1626246895879.jpg","width":425,"height":339,"caption":"Hans-Peter Domanig"},{"@type":"BreadcrumbList","@id":"https:\/\/www.immobilienbusiness.ch\/de\/unternehmen\/2021-07-14\/hans-peter-domanig-mit-neuem-taetigkeitsfeld\/#breadcrumb","itemListElement":[{"@type":"ListItem","position":1,"name":"Home","item":"https:\/\/www.immobilienbusiness.ch\/"},{"@type":"ListItem","position":2,"name":"Hans-Peter Domanig mit neuem T\u00e4tigkeitsfeld"}]},{"@type":"WebSite","@id":"https:\/\/www.immobilienbusiness.ch\/#website","url":"https:\/\/www.immobilienbusiness.ch\/","name":"IMMOBILIEN Business","description":"Unabh\u00e4ngiges Schweizer Wirtschaftsmagazin mit Fokus auf Immobilien, Architektur- und Bau sowie Investment- und Finanzierung.","publisher":{"@id":"https:\/\/www.immobilienbusiness.ch\/#organization"},"potentialAction":[{"@type":"SearchAction","target":{"@type":"EntryPoint","urlTemplate":"https:\/\/www.immobilienbusiness.ch\/?s={search_term_string}"},"query-input":{"@type":"PropertyValueSpecification","valueRequired":true,"valueName":"search_term_string"}}],"inLanguage":"de"},{"@type":"Organization","@id":"https:\/\/www.immobilienbusiness.ch\/#organization","name":"IMMOBILIEN Business","url":"https:\/\/www.immobilienbusiness.ch\/","logo":{"@type":"ImageObject","inLanguage":"de","@id":"https:\/\/www.immobilienbusiness.ch\/#\/schema\/logo\/image\/","url":"https:\/\/www.immobilienbusiness.ch\/wp-content\/uploads\/2021\/07\/logo_ib.png","contentUrl":"https:\/\/www.immobilienbusiness.ch\/wp-content\/uploads\/2021\/07\/logo_ib.png","width":800,"height":181,"caption":"IMMOBILIEN Business"},"image":{"@id":"https:\/\/www.immobilienbusiness.ch\/#\/schema\/logo\/image\/"},"sameAs":["https:\/\/www.facebook.com\/immobilienbusiness\/"]},{"@type":"Person","@id":"https:\/\/www.immobilienbusiness.ch\/#\/schema\/person\/9071de3b430793052e78768378adb039","name":"birgitt.wuest","image":{"@type":"ImageObject","inLanguage":"de","@id":"https:\/\/secure.gravatar.com\/avatar\/938f7e46a2aa35420af239a36e5ed08a1034598c7d4a6d4dccff5f20b49eefca?s=96&d=mm&r=g","url":"https:\/\/secure.gravatar.com\/avatar\/938f7e46a2aa35420af239a36e5ed08a1034598c7d4a6d4dccff5f20b49eefca?s=96&d=mm&r=g","contentUrl":"https:\/\/secure.gravatar.com\/avatar\/938f7e46a2aa35420af239a36e5ed08a1034598c7d4a6d4dccff5f20b49eefca?s=96&d=mm&r=g","caption":"birgitt.wuest"},"url":"https:\/\/www.immobilienbusiness.ch\/de\/author\/birgitt-wuest\/"}]}},"_links":{"self":[{"href":"https:\/\/www.immobilienbusiness.ch\/de\/wp-json\/wp\/v2\/posts\/24731","targetHints":{"allow":["GET"]}}],"collection":[{"href":"https:\/\/www.immobilienbusiness.ch\/de\/wp-json\/wp\/v2\/posts"}],"about":[{"href":"https:\/\/www.immobilienbusiness.ch\/de\/wp-json\/wp\/v2\/types\/post"}],"author":[{"embeddable":true,"href":"https:\/\/www.immobilienbusiness.ch\/de\/wp-json\/wp\/v2\/users\/8"}],"replies":[{"embeddable":true,"href":"https:\/\/www.immobilienbusiness.ch\/de\/wp-json\/wp\/v2\/comments?post=24731"}],"version-history":[{"count":0,"href":"https:\/\/www.immobilienbusiness.ch\/de\/wp-json\/wp\/v2\/posts\/24731\/revisions"}],"wp:featuredmedia":[{"embeddable":true,"href":"https:\/\/www.immobilienbusiness.ch\/de\/wp-json\/wp\/v2\/media\/24745"}],"wp:attachment":[{"href":"https:\/\/www.immobilienbusiness.ch\/de\/wp-json\/wp\/v2\/media?parent=24731"}],"wp:term":[{"taxonomy":"category","embeddable":true,"href":"https:\/\/www.immobilienbusiness.ch\/de\/wp-json\/wp\/v2\/categories?post=24731"},{"taxonomy":"post_tag","embeddable":true,"href":"https:\/\/www.immobilienbusiness.ch\/de\/wp-json\/wp\/v2\/tags?post=24731"}],"curies":[{"name":"wp","href":"https:\/\/api.w.org\/{rel}","templated":true}]}}