{"id":24633,"date":"2021-07-06T09:06:11","date_gmt":"2021-07-06T07:06:11","guid":{"rendered":"https:\/\/www.immobilienbusiness.ch\/?p=24633"},"modified":"2023-08-09T19:08:23","modified_gmt":"2023-08-09T17:08:23","slug":"neuer-verwaltungsrat-fuer-fundamenta","status":"publish","type":"post","link":"https:\/\/www.immobilienbusiness.ch\/de\/unternehmen\/2021-07-06\/neuer-verwaltungsrat-fuer-fundamenta\/","title":{"rendered":"Neuer VR-Pr\u00e4sident f\u00fcr Fundamenta"},"content":{"rendered":"<figure id=\"attachment_24634\" aria-describedby=\"caption-attachment-24634\" style=\"width: 300px\" class=\"wp-caption alignnone\"><img loading=\"lazy\" decoding=\"async\" class=\"wp-image-24634 size-medium\" src=\"https:\/\/www.immobilienbusiness.ch\/wp-content\/uploads\/2021\/07\/Fundamenta-300x200.jpg\" alt=\"Raiffeisen Schweiz\" width=\"300\" height=\"200\" srcset=\"https:\/\/www.immobilienbusiness.ch\/wp-content\/uploads\/2021\/07\/Fundamenta-300x200.jpg 300w, https:\/\/www.immobilienbusiness.ch\/wp-content\/uploads\/2021\/07\/Fundamenta-16x12.jpg 16w, https:\/\/www.immobilienbusiness.ch\/wp-content\/uploads\/2021\/07\/Fundamenta-262x175.jpg 262w, https:\/\/www.immobilienbusiness.ch\/wp-content\/uploads\/2021\/07\/Fundamenta-524x350.jpg 524w, https:\/\/www.immobilienbusiness.ch\/wp-content\/uploads\/2021\/07\/Fundamenta.jpg 761w\" sizes=\"auto, (max-width: 300px) 100vw, 300px\" \/><figcaption id=\"caption-attachment-24634\" class=\"wp-caption-text\">Urs Gauch (Bild: Fundamenta Group Holding)<\/figcaption><\/figure>\n<p>Die Generalversammlung der Fundamenta Group Holding AG hat Urs Gauch per 2. Juli 2021 zum Mitglied des Verwaltungsrats gew\u00e4hlt. Gauch ist seit 2015 f\u00fcr Raiffeisen Schweiz t\u00e4tig: Er geh\u00f6rt der Gesch\u00e4ftsleitung an, leitet das Firmenkundengesch\u00e4ft der Raiffeisen Gruppe und f\u00fchrt die sechs Niederlassungen. Davor arbeitete Gauch viele Jahre in verschiedenen F\u00fchrungspositionen f\u00fcr die Credit Suisse, u.a. als Managing Director.<\/p>\n<p>Ende 2021 wird Gauch bei Raiffeisen ausscheiden, und im Januar 2022 soll er David Garcia als Verwaltungsratspr\u00e4sident von Fundamenta abl\u00f6sen, teilt die Immobiliengesellschaft mit. Unternehmensgr\u00fcnder Garcia werde nach der \u00dcbergabe des Pr\u00e4sidiums an Urs Gauch dem Verwaltungsrat als Mitglied angeh\u00f6ren und dann vor allem \u00abImpulsgeber f\u00fcr die strategische Weiterentwicklung und wichtige Projekte\u00bb sein, so Fundamenta weiter.<\/p>\n<p>Mit Gauch werde der Verwaltungsrat durch einen \u00abausgewiesenen Finanzfachmann mit beeindruckendem Leistungsausweis im Bankensektor und speziell im Firmenkundengesch\u00e4ft\u00bb verst\u00e4rkt, so Garcia. Mit seinem Zugang werde sich der Ausbau der Fundamenta Group beschleunigen, ist er \u00fcberzeugt. <em>(ah)<\/em><\/p>\n","protected":false},"excerpt":{"rendered":"<p>Urs Gauch, derzeit Mitglied der Gesch\u00e4ftsleitung von Raiffeisen Schweiz, ist zum Verwaltungsratsmitglied der Fundamenta Group Holding gew\u00e4hlt worden. Er soll die Nachfolge von David Garcia als VR-Pr\u00e4sident antreten.<\/p>\n","protected":false},"author":3,"featured_media":24634,"comment_status":"closed","ping_status":"closed","sticky":false,"template":"","format":"standard","meta":{"_acf_changed":false,"_yoast_wpseo_focuskw":"Raiffeisen Schweiz","_yoast_wpseo_title":"","_yoast_wpseo_metadesc":"Urs Gauch, derzeit Mitglied der Gesch\u00e4ftsleitung von Raiffeisen Schweiz, ist zum Verwaltungsratsmitglied der Fundamenta Group Holding gew\u00e4hlt worden.","_yoast_wpseo_linkdex":46,"pgc_sgb_lightbox_settings":"","footnotes":""},"categories":[988],"tags":[1252,1563,1834],"class_list":["post-24633","post","type-post","status-publish","format-standard","has-post-thumbnail","hentry","category-unternehmen","tag-fundamenta","tag-personalia","tag-verwaltungsrat"],"acf":[],"yoast_head":"<!-- This site is optimized with the Yoast SEO plugin v27.4 - https:\/\/yoast.com\/product\/yoast-seo-wordpress\/ -->\n<title>Neuer VR-Pr\u00e4sident f\u00fcr Fundamenta - IMMOBILIEN Business<\/title>\n<meta name=\"description\" content=\"Urs Gauch, derzeit Mitglied der Gesch\u00e4ftsleitung von Raiffeisen Schweiz, ist zum Verwaltungsratsmitglied der Fundamenta Group Holding gew\u00e4hlt worden.\" \/>\n<meta name=\"robots\" content=\"index, follow, max-snippet:-1, max-image-preview:large, max-video-preview:-1\" \/>\n<link rel=\"canonical\" href=\"https:\/\/www.immobilienbusiness.ch\/de\/unternehmen\/2021-07-06\/neuer-verwaltungsrat-fuer-fundamenta\/\" \/>\n<meta property=\"og:locale\" content=\"de_DE\" \/>\n<meta property=\"og:type\" content=\"article\" \/>\n<meta property=\"og:title\" content=\"Neuer VR-Pr\u00e4sident f\u00fcr Fundamenta - IMMOBILIEN Business\" \/>\n<meta property=\"og:description\" content=\"Urs Gauch, derzeit Mitglied der Gesch\u00e4ftsleitung von Raiffeisen Schweiz, ist zum Verwaltungsratsmitglied der Fundamenta Group Holding gew\u00e4hlt worden.\" \/>\n<meta property=\"og:url\" content=\"https:\/\/www.immobilienbusiness.ch\/de\/unternehmen\/2021-07-06\/neuer-verwaltungsrat-fuer-fundamenta\/\" \/>\n<meta property=\"og:site_name\" content=\"IMMOBILIEN Business\" \/>\n<meta property=\"article:publisher\" content=\"https:\/\/www.facebook.com\/immobilienbusiness\/\" \/>\n<meta property=\"article:published_time\" content=\"2021-07-06T07:06:11+00:00\" \/>\n<meta property=\"article:modified_time\" content=\"2023-08-09T17:08:23+00:00\" \/>\n<meta property=\"og:image\" content=\"https:\/\/www.immobilienbusiness.ch\/wp-content\/uploads\/2021\/07\/Fundamenta.jpg\" \/>\n\t<meta property=\"og:image:width\" content=\"761\" \/>\n\t<meta property=\"og:image:height\" content=\"508\" \/>\n\t<meta property=\"og:image:type\" content=\"image\/jpeg\" \/>\n<meta name=\"author\" content=\"anja.hall\" \/>\n<meta name=\"twitter:card\" content=\"summary_large_image\" \/>\n<meta name=\"twitter:image\" content=\"https:\/\/www.immobilienbusiness.ch\/wp-content\/uploads\/2021\/07\/Fundamenta.jpg\" \/>\n<script type=\"application\/ld+json\" class=\"yoast-schema-graph\">{\"@context\":\"https:\\\/\\\/schema.org\",\"@graph\":[{\"@type\":\"Article\",\"@id\":\"https:\\\/\\\/www.immobilienbusiness.ch\\\/de\\\/unternehmen\\\/2021-07-06\\\/neuer-verwaltungsrat-fuer-fundamenta\\\/#article\",\"isPartOf\":{\"@id\":\"https:\\\/\\\/www.immobilienbusiness.ch\\\/de\\\/unternehmen\\\/2021-07-06\\\/neuer-verwaltungsrat-fuer-fundamenta\\\/\"},\"author\":{\"name\":\"anja.hall\",\"@id\":\"https:\\\/\\\/www.immobilienbusiness.ch\\\/#\\\/schema\\\/person\\\/3fc036297b10b9f42d6db5ee932af8c8\"},\"headline\":\"Neuer VR-Pr\u00e4sident f\u00fcr Fundamenta\",\"datePublished\":\"2021-07-06T07:06:11+00:00\",\"dateModified\":\"2023-08-09T17:08:23+00:00\",\"mainEntityOfPage\":{\"@id\":\"https:\\\/\\\/www.immobilienbusiness.ch\\\/de\\\/unternehmen\\\/2021-07-06\\\/neuer-verwaltungsrat-fuer-fundamenta\\\/\"},\"wordCount\":183,\"publisher\":{\"@id\":\"https:\\\/\\\/www.immobilienbusiness.ch\\\/#organization\"},\"image\":{\"@id\":\"https:\\\/\\\/www.immobilienbusiness.ch\\\/de\\\/unternehmen\\\/2021-07-06\\\/neuer-verwaltungsrat-fuer-fundamenta\\\/#primaryimage\"},\"thumbnailUrl\":\"https:\\\/\\\/www.immobilienbusiness.ch\\\/wp-content\\\/uploads\\\/2021\\\/07\\\/Fundamenta.jpg\",\"keywords\":[\"Fundamenta\",\"Personalia\",\"Verwaltungsrat\"],\"articleSection\":[\"UNTERNEHMEN\"],\"inLanguage\":\"de\"},{\"@type\":\"WebPage\",\"@id\":\"https:\\\/\\\/www.immobilienbusiness.ch\\\/de\\\/unternehmen\\\/2021-07-06\\\/neuer-verwaltungsrat-fuer-fundamenta\\\/\",\"url\":\"https:\\\/\\\/www.immobilienbusiness.ch\\\/de\\\/unternehmen\\\/2021-07-06\\\/neuer-verwaltungsrat-fuer-fundamenta\\\/\",\"name\":\"Neuer VR-Pr\u00e4sident f\u00fcr Fundamenta - IMMOBILIEN Business\",\"isPartOf\":{\"@id\":\"https:\\\/\\\/www.immobilienbusiness.ch\\\/#website\"},\"primaryImageOfPage\":{\"@id\":\"https:\\\/\\\/www.immobilienbusiness.ch\\\/de\\\/unternehmen\\\/2021-07-06\\\/neuer-verwaltungsrat-fuer-fundamenta\\\/#primaryimage\"},\"image\":{\"@id\":\"https:\\\/\\\/www.immobilienbusiness.ch\\\/de\\\/unternehmen\\\/2021-07-06\\\/neuer-verwaltungsrat-fuer-fundamenta\\\/#primaryimage\"},\"thumbnailUrl\":\"https:\\\/\\\/www.immobilienbusiness.ch\\\/wp-content\\\/uploads\\\/2021\\\/07\\\/Fundamenta.jpg\",\"datePublished\":\"2021-07-06T07:06:11+00:00\",\"dateModified\":\"2023-08-09T17:08:23+00:00\",\"description\":\"Urs Gauch, derzeit Mitglied der Gesch\u00e4ftsleitung von Raiffeisen Schweiz, ist zum Verwaltungsratsmitglied der Fundamenta Group Holding gew\u00e4hlt worden.\",\"breadcrumb\":{\"@id\":\"https:\\\/\\\/www.immobilienbusiness.ch\\\/de\\\/unternehmen\\\/2021-07-06\\\/neuer-verwaltungsrat-fuer-fundamenta\\\/#breadcrumb\"},\"inLanguage\":\"de\",\"potentialAction\":[{\"@type\":\"ReadAction\",\"target\":[\"https:\\\/\\\/www.immobilienbusiness.ch\\\/de\\\/unternehmen\\\/2021-07-06\\\/neuer-verwaltungsrat-fuer-fundamenta\\\/\"]}]},{\"@type\":\"ImageObject\",\"inLanguage\":\"de\",\"@id\":\"https:\\\/\\\/www.immobilienbusiness.ch\\\/de\\\/unternehmen\\\/2021-07-06\\\/neuer-verwaltungsrat-fuer-fundamenta\\\/#primaryimage\",\"url\":\"https:\\\/\\\/www.immobilienbusiness.ch\\\/wp-content\\\/uploads\\\/2021\\\/07\\\/Fundamenta.jpg\",\"contentUrl\":\"https:\\\/\\\/www.immobilienbusiness.ch\\\/wp-content\\\/uploads\\\/2021\\\/07\\\/Fundamenta.jpg\",\"width\":761,\"height\":508,\"caption\":\"Urs Gauch (Bild: Fundamenta Group Holding)\"},{\"@type\":\"BreadcrumbList\",\"@id\":\"https:\\\/\\\/www.immobilienbusiness.ch\\\/de\\\/unternehmen\\\/2021-07-06\\\/neuer-verwaltungsrat-fuer-fundamenta\\\/#breadcrumb\",\"itemListElement\":[{\"@type\":\"ListItem\",\"position\":1,\"name\":\"Home\",\"item\":\"https:\\\/\\\/www.immobilienbusiness.ch\\\/\"},{\"@type\":\"ListItem\",\"position\":2,\"name\":\"Neuer VR-Pr\u00e4sident f\u00fcr Fundamenta\"}]},{\"@type\":\"WebSite\",\"@id\":\"https:\\\/\\\/www.immobilienbusiness.ch\\\/#website\",\"url\":\"https:\\\/\\\/www.immobilienbusiness.ch\\\/\",\"name\":\"IMMOBILIEN Business\",\"description\":\"Unabh\u00e4ngiges Schweizer Wirtschaftsmagazin mit Fokus auf Immobilien, Architektur- und Bau sowie Investment- und Finanzierung.\",\"publisher\":{\"@id\":\"https:\\\/\\\/www.immobilienbusiness.ch\\\/#organization\"},\"potentialAction\":[{\"@type\":\"SearchAction\",\"target\":{\"@type\":\"EntryPoint\",\"urlTemplate\":\"https:\\\/\\\/www.immobilienbusiness.ch\\\/?s={search_term_string}\"},\"query-input\":{\"@type\":\"PropertyValueSpecification\",\"valueRequired\":true,\"valueName\":\"search_term_string\"}}],\"inLanguage\":\"de\"},{\"@type\":\"Organization\",\"@id\":\"https:\\\/\\\/www.immobilienbusiness.ch\\\/#organization\",\"name\":\"IMMOBILIEN Business\",\"url\":\"https:\\\/\\\/www.immobilienbusiness.ch\\\/\",\"logo\":{\"@type\":\"ImageObject\",\"inLanguage\":\"de\",\"@id\":\"https:\\\/\\\/www.immobilienbusiness.ch\\\/#\\\/schema\\\/logo\\\/image\\\/\",\"url\":\"https:\\\/\\\/www.immobilienbusiness.ch\\\/wp-content\\\/uploads\\\/2021\\\/07\\\/logo_ib.png\",\"contentUrl\":\"https:\\\/\\\/www.immobilienbusiness.ch\\\/wp-content\\\/uploads\\\/2021\\\/07\\\/logo_ib.png\",\"width\":800,\"height\":181,\"caption\":\"IMMOBILIEN Business\"},\"image\":{\"@id\":\"https:\\\/\\\/www.immobilienbusiness.ch\\\/#\\\/schema\\\/logo\\\/image\\\/\"},\"sameAs\":[\"https:\\\/\\\/www.facebook.com\\\/immobilienbusiness\\\/\"]},{\"@type\":\"Person\",\"@id\":\"https:\\\/\\\/www.immobilienbusiness.ch\\\/#\\\/schema\\\/person\\\/3fc036297b10b9f42d6db5ee932af8c8\",\"name\":\"anja.hall\",\"image\":{\"@type\":\"ImageObject\",\"inLanguage\":\"de\",\"@id\":\"https:\\\/\\\/secure.gravatar.com\\\/avatar\\\/066b5a0d447013502c71a5782f4f3469f03cfe595cc2329fb94652fe47511bfb?s=96&d=mm&r=g\",\"url\":\"https:\\\/\\\/secure.gravatar.com\\\/avatar\\\/066b5a0d447013502c71a5782f4f3469f03cfe595cc2329fb94652fe47511bfb?s=96&d=mm&r=g\",\"contentUrl\":\"https:\\\/\\\/secure.gravatar.com\\\/avatar\\\/066b5a0d447013502c71a5782f4f3469f03cfe595cc2329fb94652fe47511bfb?s=96&d=mm&r=g\",\"caption\":\"anja.hall\"},\"url\":\"https:\\\/\\\/www.immobilienbusiness.ch\\\/de\\\/author\\\/anja-hall\\\/\"}]}<\/script>\n<!-- \/ Yoast SEO plugin. -->","yoast_head_json":{"title":"Neuer VR-Pr\u00e4sident f\u00fcr Fundamenta - IMMOBILIEN Business","description":"Urs Gauch, derzeit Mitglied der Gesch\u00e4ftsleitung von Raiffeisen Schweiz, ist zum Verwaltungsratsmitglied der Fundamenta Group Holding gew\u00e4hlt worden.","robots":{"index":"index","follow":"follow","max-snippet":"max-snippet:-1","max-image-preview":"max-image-preview:large","max-video-preview":"max-video-preview:-1"},"canonical":"https:\/\/www.immobilienbusiness.ch\/de\/unternehmen\/2021-07-06\/neuer-verwaltungsrat-fuer-fundamenta\/","og_locale":"de_DE","og_type":"article","og_title":"Neuer VR-Pr\u00e4sident f\u00fcr Fundamenta - IMMOBILIEN Business","og_description":"Urs Gauch, derzeit Mitglied der Gesch\u00e4ftsleitung von Raiffeisen Schweiz, ist zum Verwaltungsratsmitglied der Fundamenta Group Holding gew\u00e4hlt worden.","og_url":"https:\/\/www.immobilienbusiness.ch\/de\/unternehmen\/2021-07-06\/neuer-verwaltungsrat-fuer-fundamenta\/","og_site_name":"IMMOBILIEN Business","article_publisher":"https:\/\/www.facebook.com\/immobilienbusiness\/","article_published_time":"2021-07-06T07:06:11+00:00","article_modified_time":"2023-08-09T17:08:23+00:00","og_image":[{"width":761,"height":508,"url":"https:\/\/www.immobilienbusiness.ch\/wp-content\/uploads\/2021\/07\/Fundamenta.jpg","type":"image\/jpeg"}],"author":"anja.hall","twitter_card":"summary_large_image","twitter_image":"https:\/\/www.immobilienbusiness.ch\/wp-content\/uploads\/2021\/07\/Fundamenta.jpg","schema":{"@context":"https:\/\/schema.org","@graph":[{"@type":"Article","@id":"https:\/\/www.immobilienbusiness.ch\/de\/unternehmen\/2021-07-06\/neuer-verwaltungsrat-fuer-fundamenta\/#article","isPartOf":{"@id":"https:\/\/www.immobilienbusiness.ch\/de\/unternehmen\/2021-07-06\/neuer-verwaltungsrat-fuer-fundamenta\/"},"author":{"name":"anja.hall","@id":"https:\/\/www.immobilienbusiness.ch\/#\/schema\/person\/3fc036297b10b9f42d6db5ee932af8c8"},"headline":"Neuer VR-Pr\u00e4sident f\u00fcr Fundamenta","datePublished":"2021-07-06T07:06:11+00:00","dateModified":"2023-08-09T17:08:23+00:00","mainEntityOfPage":{"@id":"https:\/\/www.immobilienbusiness.ch\/de\/unternehmen\/2021-07-06\/neuer-verwaltungsrat-fuer-fundamenta\/"},"wordCount":183,"publisher":{"@id":"https:\/\/www.immobilienbusiness.ch\/#organization"},"image":{"@id":"https:\/\/www.immobilienbusiness.ch\/de\/unternehmen\/2021-07-06\/neuer-verwaltungsrat-fuer-fundamenta\/#primaryimage"},"thumbnailUrl":"https:\/\/www.immobilienbusiness.ch\/wp-content\/uploads\/2021\/07\/Fundamenta.jpg","keywords":["Fundamenta","Personalia","Verwaltungsrat"],"articleSection":["UNTERNEHMEN"],"inLanguage":"de"},{"@type":"WebPage","@id":"https:\/\/www.immobilienbusiness.ch\/de\/unternehmen\/2021-07-06\/neuer-verwaltungsrat-fuer-fundamenta\/","url":"https:\/\/www.immobilienbusiness.ch\/de\/unternehmen\/2021-07-06\/neuer-verwaltungsrat-fuer-fundamenta\/","name":"Neuer VR-Pr\u00e4sident f\u00fcr Fundamenta - IMMOBILIEN Business","isPartOf":{"@id":"https:\/\/www.immobilienbusiness.ch\/#website"},"primaryImageOfPage":{"@id":"https:\/\/www.immobilienbusiness.ch\/de\/unternehmen\/2021-07-06\/neuer-verwaltungsrat-fuer-fundamenta\/#primaryimage"},"image":{"@id":"https:\/\/www.immobilienbusiness.ch\/de\/unternehmen\/2021-07-06\/neuer-verwaltungsrat-fuer-fundamenta\/#primaryimage"},"thumbnailUrl":"https:\/\/www.immobilienbusiness.ch\/wp-content\/uploads\/2021\/07\/Fundamenta.jpg","datePublished":"2021-07-06T07:06:11+00:00","dateModified":"2023-08-09T17:08:23+00:00","description":"Urs Gauch, derzeit Mitglied der Gesch\u00e4ftsleitung von Raiffeisen Schweiz, ist zum Verwaltungsratsmitglied der Fundamenta Group Holding gew\u00e4hlt worden.","breadcrumb":{"@id":"https:\/\/www.immobilienbusiness.ch\/de\/unternehmen\/2021-07-06\/neuer-verwaltungsrat-fuer-fundamenta\/#breadcrumb"},"inLanguage":"de","potentialAction":[{"@type":"ReadAction","target":["https:\/\/www.immobilienbusiness.ch\/de\/unternehmen\/2021-07-06\/neuer-verwaltungsrat-fuer-fundamenta\/"]}]},{"@type":"ImageObject","inLanguage":"de","@id":"https:\/\/www.immobilienbusiness.ch\/de\/unternehmen\/2021-07-06\/neuer-verwaltungsrat-fuer-fundamenta\/#primaryimage","url":"https:\/\/www.immobilienbusiness.ch\/wp-content\/uploads\/2021\/07\/Fundamenta.jpg","contentUrl":"https:\/\/www.immobilienbusiness.ch\/wp-content\/uploads\/2021\/07\/Fundamenta.jpg","width":761,"height":508,"caption":"Urs Gauch (Bild: Fundamenta Group Holding)"},{"@type":"BreadcrumbList","@id":"https:\/\/www.immobilienbusiness.ch\/de\/unternehmen\/2021-07-06\/neuer-verwaltungsrat-fuer-fundamenta\/#breadcrumb","itemListElement":[{"@type":"ListItem","position":1,"name":"Home","item":"https:\/\/www.immobilienbusiness.ch\/"},{"@type":"ListItem","position":2,"name":"Neuer VR-Pr\u00e4sident f\u00fcr Fundamenta"}]},{"@type":"WebSite","@id":"https:\/\/www.immobilienbusiness.ch\/#website","url":"https:\/\/www.immobilienbusiness.ch\/","name":"IMMOBILIEN Business","description":"Unabh\u00e4ngiges Schweizer Wirtschaftsmagazin mit Fokus auf Immobilien, Architektur- und Bau sowie Investment- und Finanzierung.","publisher":{"@id":"https:\/\/www.immobilienbusiness.ch\/#organization"},"potentialAction":[{"@type":"SearchAction","target":{"@type":"EntryPoint","urlTemplate":"https:\/\/www.immobilienbusiness.ch\/?s={search_term_string}"},"query-input":{"@type":"PropertyValueSpecification","valueRequired":true,"valueName":"search_term_string"}}],"inLanguage":"de"},{"@type":"Organization","@id":"https:\/\/www.immobilienbusiness.ch\/#organization","name":"IMMOBILIEN Business","url":"https:\/\/www.immobilienbusiness.ch\/","logo":{"@type":"ImageObject","inLanguage":"de","@id":"https:\/\/www.immobilienbusiness.ch\/#\/schema\/logo\/image\/","url":"https:\/\/www.immobilienbusiness.ch\/wp-content\/uploads\/2021\/07\/logo_ib.png","contentUrl":"https:\/\/www.immobilienbusiness.ch\/wp-content\/uploads\/2021\/07\/logo_ib.png","width":800,"height":181,"caption":"IMMOBILIEN Business"},"image":{"@id":"https:\/\/www.immobilienbusiness.ch\/#\/schema\/logo\/image\/"},"sameAs":["https:\/\/www.facebook.com\/immobilienbusiness\/"]},{"@type":"Person","@id":"https:\/\/www.immobilienbusiness.ch\/#\/schema\/person\/3fc036297b10b9f42d6db5ee932af8c8","name":"anja.hall","image":{"@type":"ImageObject","inLanguage":"de","@id":"https:\/\/secure.gravatar.com\/avatar\/066b5a0d447013502c71a5782f4f3469f03cfe595cc2329fb94652fe47511bfb?s=96&d=mm&r=g","url":"https:\/\/secure.gravatar.com\/avatar\/066b5a0d447013502c71a5782f4f3469f03cfe595cc2329fb94652fe47511bfb?s=96&d=mm&r=g","contentUrl":"https:\/\/secure.gravatar.com\/avatar\/066b5a0d447013502c71a5782f4f3469f03cfe595cc2329fb94652fe47511bfb?s=96&d=mm&r=g","caption":"anja.hall"},"url":"https:\/\/www.immobilienbusiness.ch\/de\/author\/anja-hall\/"}]}},"_links":{"self":[{"href":"https:\/\/www.immobilienbusiness.ch\/de\/wp-json\/wp\/v2\/posts\/24633","targetHints":{"allow":["GET"]}}],"collection":[{"href":"https:\/\/www.immobilienbusiness.ch\/de\/wp-json\/wp\/v2\/posts"}],"about":[{"href":"https:\/\/www.immobilienbusiness.ch\/de\/wp-json\/wp\/v2\/types\/post"}],"author":[{"embeddable":true,"href":"https:\/\/www.immobilienbusiness.ch\/de\/wp-json\/wp\/v2\/users\/3"}],"replies":[{"embeddable":true,"href":"https:\/\/www.immobilienbusiness.ch\/de\/wp-json\/wp\/v2\/comments?post=24633"}],"version-history":[{"count":1,"href":"https:\/\/www.immobilienbusiness.ch\/de\/wp-json\/wp\/v2\/posts\/24633\/revisions"}],"predecessor-version":[{"id":51676,"href":"https:\/\/www.immobilienbusiness.ch\/de\/wp-json\/wp\/v2\/posts\/24633\/revisions\/51676"}],"wp:featuredmedia":[{"embeddable":true,"href":"https:\/\/www.immobilienbusiness.ch\/de\/wp-json\/wp\/v2\/media\/24634"}],"wp:attachment":[{"href":"https:\/\/www.immobilienbusiness.ch\/de\/wp-json\/wp\/v2\/media?parent=24633"}],"wp:term":[{"taxonomy":"category","embeddable":true,"href":"https:\/\/www.immobilienbusiness.ch\/de\/wp-json\/wp\/v2\/categories?post=24633"},{"taxonomy":"post_tag","embeddable":true,"href":"https:\/\/www.immobilienbusiness.ch\/de\/wp-json\/wp\/v2\/tags?post=24633"}],"curies":[{"name":"wp","href":"https:\/\/api.w.org\/{rel}","templated":true}]}}