{"id":24399,"date":"2021-06-10T07:45:50","date_gmt":"2021-06-10T05:45:50","guid":{"rendered":"https:\/\/www.immobilienbusiness.ch\/?p=24399"},"modified":"2021-06-10T07:45:50","modified_gmt":"2021-06-10T05:45:50","slug":"victorinox-nimmt-neues-distributionszentrum-in-betrieb","status":"publish","type":"post","link":"https:\/\/www.immobilienbusiness.ch\/de\/regionen\/2021-06-10\/victorinox-nimmt-neues-distributionszentrum-in-betrieb\/","title":{"rendered":"Victorinox nimmt neues Distributionszentrum in Betrieb"},"content":{"rendered":"<figure id=\"attachment_24400\" aria-describedby=\"caption-attachment-24400\" style=\"width: 680px\" class=\"wp-caption alignnone\"><img loading=\"lazy\" decoding=\"async\" class=\"size-medium wp-image-24400\" src=\"https:\/\/www.immobilienbusiness.ch\/wp-content\/uploads\/2021\/06\/CB_20201113_24_1-1.jpg\" alt=\"\" width=\"680\" height=\"453\" srcset=\"https:\/\/www.immobilienbusiness.ch\/wp-content\/uploads\/2021\/06\/CB_20201113_24_1-1.jpg 2560w, https:\/\/www.immobilienbusiness.ch\/wp-content\/uploads\/2021\/06\/CB_20201113_24_1-1-300x200.jpg 300w, https:\/\/www.immobilienbusiness.ch\/wp-content\/uploads\/2021\/06\/CB_20201113_24_1-1-1024x682.jpg 1024w, https:\/\/www.immobilienbusiness.ch\/wp-content\/uploads\/2021\/06\/CB_20201113_24_1-1-768x512.jpg 768w, https:\/\/www.immobilienbusiness.ch\/wp-content\/uploads\/2021\/06\/CB_20201113_24_1-1-1536x1023.jpg 1536w, https:\/\/www.immobilienbusiness.ch\/wp-content\/uploads\/2021\/06\/CB_20201113_24_1-1-2048x1364.jpg 2048w, https:\/\/www.immobilienbusiness.ch\/wp-content\/uploads\/2021\/06\/CB_20201113_24_1-1-16x12.jpg 16w, https:\/\/www.immobilienbusiness.ch\/wp-content\/uploads\/2021\/06\/CB_20201113_24_1-1-263x175.jpg 263w, https:\/\/www.immobilienbusiness.ch\/wp-content\/uploads\/2021\/06\/CB_20201113_24_1-1-525x350.jpg 525w, https:\/\/www.immobilienbusiness.ch\/wp-content\/uploads\/2021\/06\/CB_20201113_24_1-1-1201x800.jpg 1201w, https:\/\/www.immobilienbusiness.ch\/wp-content\/uploads\/2021\/06\/CB_20201113_24_1-1-920x613.jpg 920w, https:\/\/www.immobilienbusiness.ch\/wp-content\/uploads\/2021\/06\/CB_20201113_24_1-1-1400x933.jpg 1400w\" sizes=\"auto, (max-width: 680px) 100vw, 680px\" \/><figcaption id=\"caption-attachment-24400\" class=\"wp-caption-text\">Das neue Distributionscenter von Victorinox in Seewen (KEYSTONE\/Christian Beutler)<\/figcaption><\/figure>\n<p>Victorinox hat nach eigenen Angaben rund 50 Mio. CHF in das Europ\u00e4ische Distributionszentrum in Seewen (SZ) investiert. Das Logistikzentrum hat einen eigenen Gleisanschluss und umfasst auf drei Etagen ein Geb\u00e4udevolumen von 173.000 m3. Es beherbergt ein voll-automatisiertes Kleinteilelager mit Platz f\u00fcr 38.500 Beh\u00e4lter, ein halb-automatisiertes Hochregal mit 9.500 Palettenpl\u00e4tzen und ein Rohmateriallager im Untergeschoss, in dem rund 3.000 Tonnen Material, darunter Stahl und Kunststoff, eingelagert sind. Wie das Unternehmen mitteilt, k\u00f6nnen von dem Distributionszentrum aus bei guter Auslastung mehr als 40 Millionen Produkte pro Jahr versendet werden.<\/p>\n<p>An dem Standort in Seewen im Schwyzer Talkessel zentralisiert Victorinox seine bisher 17 verschiedenen Lagerstandorte in der Schweiz und Europa. In der Region selber werden sechs regionale Aussenlager zusammengef\u00fchrt. <em>(ah)<\/em><\/p>\n","protected":false},"excerpt":{"rendered":"<p>Victorinox hat in Seewen ein neues Distributionszentrum erstellt. Das Unternehmen zentralisiert damit 17 Lagerstandorte in der Schweiz und Europa.<\/p>\n","protected":false},"author":3,"featured_media":24400,"comment_status":"closed","ping_status":"open","sticky":false,"template":"","format":"standard","meta":{"_acf_changed":false,"_yoast_wpseo_focuskw":"Victorinox","_yoast_wpseo_title":"","_yoast_wpseo_metadesc":"","_yoast_wpseo_linkdex":44,"pgc_sgb_lightbox_settings":"","footnotes":""},"categories":[985],"tags":[1219,1403,1451],"class_list":["post-24399","post","type-post","status-publish","format-standard","has-post-thumbnail","hentry","category-regionen","tag-fertigstellung","tag-kanton-schwyz","tag-logistik"],"acf":[],"yoast_head":"<!-- This site is optimized with the Yoast SEO plugin v27.4 - https:\/\/yoast.com\/product\/yoast-seo-wordpress\/ -->\n<title>Victorinox nimmt neues Distributionszentrum in Betrieb - IMMOBILIEN Business<\/title>\n<meta name=\"robots\" content=\"index, follow, max-snippet:-1, max-image-preview:large, max-video-preview:-1\" \/>\n<link rel=\"canonical\" href=\"https:\/\/www.immobilienbusiness.ch\/de\/regionen\/2021-06-10\/victorinox-nimmt-neues-distributionszentrum-in-betrieb\/\" \/>\n<meta property=\"og:locale\" content=\"de_DE\" \/>\n<meta property=\"og:type\" content=\"article\" \/>\n<meta property=\"og:title\" content=\"Victorinox nimmt neues Distributionszentrum in Betrieb - IMMOBILIEN Business\" \/>\n<meta property=\"og:description\" content=\"Victorinox hat in Seewen ein neues Distributionszentrum erstellt. Das Unternehmen zentralisiert damit 17 Lagerstandorte in der Schweiz und Europa.\" \/>\n<meta property=\"og:url\" content=\"https:\/\/www.immobilienbusiness.ch\/de\/regionen\/2021-06-10\/victorinox-nimmt-neues-distributionszentrum-in-betrieb\/\" \/>\n<meta property=\"og:site_name\" content=\"IMMOBILIEN Business\" \/>\n<meta property=\"article:publisher\" content=\"https:\/\/www.facebook.com\/immobilienbusiness\/\" \/>\n<meta property=\"article:published_time\" content=\"2021-06-10T05:45:50+00:00\" \/>\n<meta property=\"og:image\" content=\"https:\/\/www.immobilienbusiness.ch\/wp-content\/uploads\/2021\/06\/CB_20201113_24_1-1-1024x682.jpg\" \/>\n\t<meta property=\"og:image:width\" content=\"1024\" \/>\n\t<meta property=\"og:image:height\" content=\"682\" \/>\n\t<meta property=\"og:image:type\" content=\"image\/jpeg\" \/>\n<meta name=\"author\" content=\"anja.hall\" \/>\n<meta name=\"twitter:card\" content=\"summary_large_image\" \/>\n<meta name=\"twitter:image\" content=\"https:\/\/www.immobilienbusiness.ch\/wp-content\/uploads\/2021\/06\/CB_20201113_24_1-1.jpg\" \/>\n<script type=\"application\/ld+json\" class=\"yoast-schema-graph\">{\"@context\":\"https:\\\/\\\/schema.org\",\"@graph\":[{\"@type\":\"Article\",\"@id\":\"https:\\\/\\\/www.immobilienbusiness.ch\\\/it\\\/regionen\\\/2021-06-10\\\/victorinox-nimmt-neues-distributionszentrum-in-betrieb\\\/#article\",\"isPartOf\":{\"@id\":\"https:\\\/\\\/www.immobilienbusiness.ch\\\/it\\\/regionen\\\/2021-06-10\\\/victorinox-nimmt-neues-distributionszentrum-in-betrieb\\\/\"},\"author\":{\"name\":\"anja.hall\",\"@id\":\"https:\\\/\\\/www.immobilienbusiness.ch\\\/#\\\/schema\\\/person\\\/3fc036297b10b9f42d6db5ee932af8c8\"},\"headline\":\"Victorinox nimmt neues Distributionszentrum in Betrieb\",\"datePublished\":\"2021-06-10T05:45:50+00:00\",\"mainEntityOfPage\":{\"@id\":\"https:\\\/\\\/www.immobilienbusiness.ch\\\/it\\\/regionen\\\/2021-06-10\\\/victorinox-nimmt-neues-distributionszentrum-in-betrieb\\\/\"},\"wordCount\":140,\"publisher\":{\"@id\":\"https:\\\/\\\/www.immobilienbusiness.ch\\\/#organization\"},\"image\":{\"@id\":\"https:\\\/\\\/www.immobilienbusiness.ch\\\/it\\\/regionen\\\/2021-06-10\\\/victorinox-nimmt-neues-distributionszentrum-in-betrieb\\\/#primaryimage\"},\"thumbnailUrl\":\"https:\\\/\\\/www.immobilienbusiness.ch\\\/wp-content\\\/uploads\\\/2021\\\/06\\\/CB_20201113_24_1-1.jpg\",\"keywords\":[\"Fertigstellung\",\"Kanton Schwyz\",\"Logistik\"],\"articleSection\":[\"REGIONEN\"],\"inLanguage\":\"de\"},{\"@type\":\"WebPage\",\"@id\":\"https:\\\/\\\/www.immobilienbusiness.ch\\\/it\\\/regionen\\\/2021-06-10\\\/victorinox-nimmt-neues-distributionszentrum-in-betrieb\\\/\",\"url\":\"https:\\\/\\\/www.immobilienbusiness.ch\\\/it\\\/regionen\\\/2021-06-10\\\/victorinox-nimmt-neues-distributionszentrum-in-betrieb\\\/\",\"name\":\"Victorinox nimmt neues Distributionszentrum in Betrieb - IMMOBILIEN Business\",\"isPartOf\":{\"@id\":\"https:\\\/\\\/www.immobilienbusiness.ch\\\/#website\"},\"primaryImageOfPage\":{\"@id\":\"https:\\\/\\\/www.immobilienbusiness.ch\\\/it\\\/regionen\\\/2021-06-10\\\/victorinox-nimmt-neues-distributionszentrum-in-betrieb\\\/#primaryimage\"},\"image\":{\"@id\":\"https:\\\/\\\/www.immobilienbusiness.ch\\\/it\\\/regionen\\\/2021-06-10\\\/victorinox-nimmt-neues-distributionszentrum-in-betrieb\\\/#primaryimage\"},\"thumbnailUrl\":\"https:\\\/\\\/www.immobilienbusiness.ch\\\/wp-content\\\/uploads\\\/2021\\\/06\\\/CB_20201113_24_1-1.jpg\",\"datePublished\":\"2021-06-10T05:45:50+00:00\",\"breadcrumb\":{\"@id\":\"https:\\\/\\\/www.immobilienbusiness.ch\\\/it\\\/regionen\\\/2021-06-10\\\/victorinox-nimmt-neues-distributionszentrum-in-betrieb\\\/#breadcrumb\"},\"inLanguage\":\"de\",\"potentialAction\":[{\"@type\":\"ReadAction\",\"target\":[\"https:\\\/\\\/www.immobilienbusiness.ch\\\/it\\\/regionen\\\/2021-06-10\\\/victorinox-nimmt-neues-distributionszentrum-in-betrieb\\\/\"]}]},{\"@type\":\"ImageObject\",\"inLanguage\":\"de\",\"@id\":\"https:\\\/\\\/www.immobilienbusiness.ch\\\/it\\\/regionen\\\/2021-06-10\\\/victorinox-nimmt-neues-distributionszentrum-in-betrieb\\\/#primaryimage\",\"url\":\"https:\\\/\\\/www.immobilienbusiness.ch\\\/wp-content\\\/uploads\\\/2021\\\/06\\\/CB_20201113_24_1-1.jpg\",\"contentUrl\":\"https:\\\/\\\/www.immobilienbusiness.ch\\\/wp-content\\\/uploads\\\/2021\\\/06\\\/CB_20201113_24_1-1.jpg\",\"width\":2560,\"height\":1705,\"caption\":\"Das neue Distributionscenter von Victorinox in Seewen (KEYSTONE\\\/Christian Beutler)\"},{\"@type\":\"BreadcrumbList\",\"@id\":\"https:\\\/\\\/www.immobilienbusiness.ch\\\/it\\\/regionen\\\/2021-06-10\\\/victorinox-nimmt-neues-distributionszentrum-in-betrieb\\\/#breadcrumb\",\"itemListElement\":[{\"@type\":\"ListItem\",\"position\":1,\"name\":\"Home\",\"item\":\"https:\\\/\\\/www.immobilienbusiness.ch\\\/\"},{\"@type\":\"ListItem\",\"position\":2,\"name\":\"Victorinox nimmt neues Distributionszentrum in Betrieb\"}]},{\"@type\":\"WebSite\",\"@id\":\"https:\\\/\\\/www.immobilienbusiness.ch\\\/#website\",\"url\":\"https:\\\/\\\/www.immobilienbusiness.ch\\\/\",\"name\":\"IMMOBILIEN Business\",\"description\":\"Unabh\u00e4ngiges Schweizer Wirtschaftsmagazin mit Fokus auf Immobilien, Architektur- und Bau sowie Investment- und Finanzierung.\",\"publisher\":{\"@id\":\"https:\\\/\\\/www.immobilienbusiness.ch\\\/#organization\"},\"potentialAction\":[{\"@type\":\"SearchAction\",\"target\":{\"@type\":\"EntryPoint\",\"urlTemplate\":\"https:\\\/\\\/www.immobilienbusiness.ch\\\/?s={search_term_string}\"},\"query-input\":{\"@type\":\"PropertyValueSpecification\",\"valueRequired\":true,\"valueName\":\"search_term_string\"}}],\"inLanguage\":\"de\"},{\"@type\":\"Organization\",\"@id\":\"https:\\\/\\\/www.immobilienbusiness.ch\\\/#organization\",\"name\":\"IMMOBILIEN Business\",\"url\":\"https:\\\/\\\/www.immobilienbusiness.ch\\\/\",\"logo\":{\"@type\":\"ImageObject\",\"inLanguage\":\"de\",\"@id\":\"https:\\\/\\\/www.immobilienbusiness.ch\\\/#\\\/schema\\\/logo\\\/image\\\/\",\"url\":\"https:\\\/\\\/www.immobilienbusiness.ch\\\/wp-content\\\/uploads\\\/2021\\\/07\\\/logo_ib.png\",\"contentUrl\":\"https:\\\/\\\/www.immobilienbusiness.ch\\\/wp-content\\\/uploads\\\/2021\\\/07\\\/logo_ib.png\",\"width\":800,\"height\":181,\"caption\":\"IMMOBILIEN Business\"},\"image\":{\"@id\":\"https:\\\/\\\/www.immobilienbusiness.ch\\\/#\\\/schema\\\/logo\\\/image\\\/\"},\"sameAs\":[\"https:\\\/\\\/www.facebook.com\\\/immobilienbusiness\\\/\"]},{\"@type\":\"Person\",\"@id\":\"https:\\\/\\\/www.immobilienbusiness.ch\\\/#\\\/schema\\\/person\\\/3fc036297b10b9f42d6db5ee932af8c8\",\"name\":\"anja.hall\",\"image\":{\"@type\":\"ImageObject\",\"inLanguage\":\"de\",\"@id\":\"https:\\\/\\\/secure.gravatar.com\\\/avatar\\\/066b5a0d447013502c71a5782f4f3469f03cfe595cc2329fb94652fe47511bfb?s=96&d=mm&r=g\",\"url\":\"https:\\\/\\\/secure.gravatar.com\\\/avatar\\\/066b5a0d447013502c71a5782f4f3469f03cfe595cc2329fb94652fe47511bfb?s=96&d=mm&r=g\",\"contentUrl\":\"https:\\\/\\\/secure.gravatar.com\\\/avatar\\\/066b5a0d447013502c71a5782f4f3469f03cfe595cc2329fb94652fe47511bfb?s=96&d=mm&r=g\",\"caption\":\"anja.hall\"},\"url\":\"https:\\\/\\\/www.immobilienbusiness.ch\\\/de\\\/author\\\/anja-hall\\\/\"}]}<\/script>\n<!-- \/ Yoast SEO plugin. -->","yoast_head_json":{"title":"Victorinox nimmt neues Distributionszentrum in Betrieb - IMMOBILIEN Business","robots":{"index":"index","follow":"follow","max-snippet":"max-snippet:-1","max-image-preview":"max-image-preview:large","max-video-preview":"max-video-preview:-1"},"canonical":"https:\/\/www.immobilienbusiness.ch\/de\/regionen\/2021-06-10\/victorinox-nimmt-neues-distributionszentrum-in-betrieb\/","og_locale":"de_DE","og_type":"article","og_title":"Victorinox nimmt neues Distributionszentrum in Betrieb - IMMOBILIEN Business","og_description":"Victorinox hat in Seewen ein neues Distributionszentrum erstellt. Das Unternehmen zentralisiert damit 17 Lagerstandorte in der Schweiz und Europa.","og_url":"https:\/\/www.immobilienbusiness.ch\/de\/regionen\/2021-06-10\/victorinox-nimmt-neues-distributionszentrum-in-betrieb\/","og_site_name":"IMMOBILIEN Business","article_publisher":"https:\/\/www.facebook.com\/immobilienbusiness\/","article_published_time":"2021-06-10T05:45:50+00:00","og_image":[{"width":1024,"height":682,"url":"https:\/\/www.immobilienbusiness.ch\/wp-content\/uploads\/2021\/06\/CB_20201113_24_1-1-1024x682.jpg","type":"image\/jpeg"}],"author":"anja.hall","twitter_card":"summary_large_image","twitter_image":"https:\/\/www.immobilienbusiness.ch\/wp-content\/uploads\/2021\/06\/CB_20201113_24_1-1.jpg","schema":{"@context":"https:\/\/schema.org","@graph":[{"@type":"Article","@id":"https:\/\/www.immobilienbusiness.ch\/it\/regionen\/2021-06-10\/victorinox-nimmt-neues-distributionszentrum-in-betrieb\/#article","isPartOf":{"@id":"https:\/\/www.immobilienbusiness.ch\/it\/regionen\/2021-06-10\/victorinox-nimmt-neues-distributionszentrum-in-betrieb\/"},"author":{"name":"anja.hall","@id":"https:\/\/www.immobilienbusiness.ch\/#\/schema\/person\/3fc036297b10b9f42d6db5ee932af8c8"},"headline":"Victorinox nimmt neues Distributionszentrum in Betrieb","datePublished":"2021-06-10T05:45:50+00:00","mainEntityOfPage":{"@id":"https:\/\/www.immobilienbusiness.ch\/it\/regionen\/2021-06-10\/victorinox-nimmt-neues-distributionszentrum-in-betrieb\/"},"wordCount":140,"publisher":{"@id":"https:\/\/www.immobilienbusiness.ch\/#organization"},"image":{"@id":"https:\/\/www.immobilienbusiness.ch\/it\/regionen\/2021-06-10\/victorinox-nimmt-neues-distributionszentrum-in-betrieb\/#primaryimage"},"thumbnailUrl":"https:\/\/www.immobilienbusiness.ch\/wp-content\/uploads\/2021\/06\/CB_20201113_24_1-1.jpg","keywords":["Fertigstellung","Kanton Schwyz","Logistik"],"articleSection":["REGIONEN"],"inLanguage":"de"},{"@type":"WebPage","@id":"https:\/\/www.immobilienbusiness.ch\/it\/regionen\/2021-06-10\/victorinox-nimmt-neues-distributionszentrum-in-betrieb\/","url":"https:\/\/www.immobilienbusiness.ch\/it\/regionen\/2021-06-10\/victorinox-nimmt-neues-distributionszentrum-in-betrieb\/","name":"Victorinox nimmt neues Distributionszentrum in Betrieb - IMMOBILIEN Business","isPartOf":{"@id":"https:\/\/www.immobilienbusiness.ch\/#website"},"primaryImageOfPage":{"@id":"https:\/\/www.immobilienbusiness.ch\/it\/regionen\/2021-06-10\/victorinox-nimmt-neues-distributionszentrum-in-betrieb\/#primaryimage"},"image":{"@id":"https:\/\/www.immobilienbusiness.ch\/it\/regionen\/2021-06-10\/victorinox-nimmt-neues-distributionszentrum-in-betrieb\/#primaryimage"},"thumbnailUrl":"https:\/\/www.immobilienbusiness.ch\/wp-content\/uploads\/2021\/06\/CB_20201113_24_1-1.jpg","datePublished":"2021-06-10T05:45:50+00:00","breadcrumb":{"@id":"https:\/\/www.immobilienbusiness.ch\/it\/regionen\/2021-06-10\/victorinox-nimmt-neues-distributionszentrum-in-betrieb\/#breadcrumb"},"inLanguage":"de","potentialAction":[{"@type":"ReadAction","target":["https:\/\/www.immobilienbusiness.ch\/it\/regionen\/2021-06-10\/victorinox-nimmt-neues-distributionszentrum-in-betrieb\/"]}]},{"@type":"ImageObject","inLanguage":"de","@id":"https:\/\/www.immobilienbusiness.ch\/it\/regionen\/2021-06-10\/victorinox-nimmt-neues-distributionszentrum-in-betrieb\/#primaryimage","url":"https:\/\/www.immobilienbusiness.ch\/wp-content\/uploads\/2021\/06\/CB_20201113_24_1-1.jpg","contentUrl":"https:\/\/www.immobilienbusiness.ch\/wp-content\/uploads\/2021\/06\/CB_20201113_24_1-1.jpg","width":2560,"height":1705,"caption":"Das neue Distributionscenter von Victorinox in Seewen (KEYSTONE\/Christian Beutler)"},{"@type":"BreadcrumbList","@id":"https:\/\/www.immobilienbusiness.ch\/it\/regionen\/2021-06-10\/victorinox-nimmt-neues-distributionszentrum-in-betrieb\/#breadcrumb","itemListElement":[{"@type":"ListItem","position":1,"name":"Home","item":"https:\/\/www.immobilienbusiness.ch\/"},{"@type":"ListItem","position":2,"name":"Victorinox nimmt neues Distributionszentrum in Betrieb"}]},{"@type":"WebSite","@id":"https:\/\/www.immobilienbusiness.ch\/#website","url":"https:\/\/www.immobilienbusiness.ch\/","name":"IMMOBILIEN Business","description":"Unabh\u00e4ngiges Schweizer Wirtschaftsmagazin mit Fokus auf Immobilien, Architektur- und Bau sowie Investment- und Finanzierung.","publisher":{"@id":"https:\/\/www.immobilienbusiness.ch\/#organization"},"potentialAction":[{"@type":"SearchAction","target":{"@type":"EntryPoint","urlTemplate":"https:\/\/www.immobilienbusiness.ch\/?s={search_term_string}"},"query-input":{"@type":"PropertyValueSpecification","valueRequired":true,"valueName":"search_term_string"}}],"inLanguage":"de"},{"@type":"Organization","@id":"https:\/\/www.immobilienbusiness.ch\/#organization","name":"IMMOBILIEN Business","url":"https:\/\/www.immobilienbusiness.ch\/","logo":{"@type":"ImageObject","inLanguage":"de","@id":"https:\/\/www.immobilienbusiness.ch\/#\/schema\/logo\/image\/","url":"https:\/\/www.immobilienbusiness.ch\/wp-content\/uploads\/2021\/07\/logo_ib.png","contentUrl":"https:\/\/www.immobilienbusiness.ch\/wp-content\/uploads\/2021\/07\/logo_ib.png","width":800,"height":181,"caption":"IMMOBILIEN Business"},"image":{"@id":"https:\/\/www.immobilienbusiness.ch\/#\/schema\/logo\/image\/"},"sameAs":["https:\/\/www.facebook.com\/immobilienbusiness\/"]},{"@type":"Person","@id":"https:\/\/www.immobilienbusiness.ch\/#\/schema\/person\/3fc036297b10b9f42d6db5ee932af8c8","name":"anja.hall","image":{"@type":"ImageObject","inLanguage":"de","@id":"https:\/\/secure.gravatar.com\/avatar\/066b5a0d447013502c71a5782f4f3469f03cfe595cc2329fb94652fe47511bfb?s=96&d=mm&r=g","url":"https:\/\/secure.gravatar.com\/avatar\/066b5a0d447013502c71a5782f4f3469f03cfe595cc2329fb94652fe47511bfb?s=96&d=mm&r=g","contentUrl":"https:\/\/secure.gravatar.com\/avatar\/066b5a0d447013502c71a5782f4f3469f03cfe595cc2329fb94652fe47511bfb?s=96&d=mm&r=g","caption":"anja.hall"},"url":"https:\/\/www.immobilienbusiness.ch\/de\/author\/anja-hall\/"}]}},"_links":{"self":[{"href":"https:\/\/www.immobilienbusiness.ch\/de\/wp-json\/wp\/v2\/posts\/24399","targetHints":{"allow":["GET"]}}],"collection":[{"href":"https:\/\/www.immobilienbusiness.ch\/de\/wp-json\/wp\/v2\/posts"}],"about":[{"href":"https:\/\/www.immobilienbusiness.ch\/de\/wp-json\/wp\/v2\/types\/post"}],"author":[{"embeddable":true,"href":"https:\/\/www.immobilienbusiness.ch\/de\/wp-json\/wp\/v2\/users\/3"}],"replies":[{"embeddable":true,"href":"https:\/\/www.immobilienbusiness.ch\/de\/wp-json\/wp\/v2\/comments?post=24399"}],"version-history":[{"count":0,"href":"https:\/\/www.immobilienbusiness.ch\/de\/wp-json\/wp\/v2\/posts\/24399\/revisions"}],"wp:featuredmedia":[{"embeddable":true,"href":"https:\/\/www.immobilienbusiness.ch\/de\/wp-json\/wp\/v2\/media\/24400"}],"wp:attachment":[{"href":"https:\/\/www.immobilienbusiness.ch\/de\/wp-json\/wp\/v2\/media?parent=24399"}],"wp:term":[{"taxonomy":"category","embeddable":true,"href":"https:\/\/www.immobilienbusiness.ch\/de\/wp-json\/wp\/v2\/categories?post=24399"},{"taxonomy":"post_tag","embeddable":true,"href":"https:\/\/www.immobilienbusiness.ch\/de\/wp-json\/wp\/v2\/tags?post=24399"}],"curies":[{"name":"wp","href":"https:\/\/api.w.org\/{rel}","templated":true}]}}