{"id":24390,"date":"2021-06-09T08:38:34","date_gmt":"2021-06-09T06:38:34","guid":{"rendered":"https:\/\/www.immobilienbusiness.ch\/?p=24390"},"modified":"2021-06-09T08:38:34","modified_gmt":"2021-06-09T06:38:34","slug":"genf-sv-group-und-marriott-planen-erstes-residence-inn-der-schweiz","status":"publish","type":"post","link":"https:\/\/www.immobilienbusiness.ch\/de\/regionen\/2021-06-09\/genf-sv-group-und-marriott-planen-erstes-residence-inn-der-schweiz\/","title":{"rendered":"Genf: SV Group und Marriott planen erstes Residence Inn der Schweiz"},"content":{"rendered":"<figure id=\"attachment_18745\" aria-describedby=\"caption-attachment-18745\" style=\"width: 680px\" class=\"wp-caption alignnone\"><img loading=\"lazy\" decoding=\"async\" class=\"size-medium wp-image-18745\" src=\"https:\/\/www.immobilienbusiness.ch\/wp-content\/uploads\/2019\/10\/Depositphotos_24553989_m-2015.jpg\" alt=\"\" width=\"680\" height=\"454\" srcset=\"https:\/\/www.immobilienbusiness.ch\/wp-content\/uploads\/2019\/10\/Depositphotos_24553989_m-2015.jpg 1000w, https:\/\/www.immobilienbusiness.ch\/wp-content\/uploads\/2019\/10\/Depositphotos_24553989_m-2015-300x200.jpg 300w, https:\/\/www.immobilienbusiness.ch\/wp-content\/uploads\/2019\/10\/Depositphotos_24553989_m-2015-768x512.jpg 768w, https:\/\/www.immobilienbusiness.ch\/wp-content\/uploads\/2019\/10\/Depositphotos_24553989_m-2015-16x12.jpg 16w, https:\/\/www.immobilienbusiness.ch\/wp-content\/uploads\/2019\/10\/Depositphotos_24553989_m-2015-262x175.jpg 262w, https:\/\/www.immobilienbusiness.ch\/wp-content\/uploads\/2019\/10\/Depositphotos_24553989_m-2015-525x350.jpg 525w, https:\/\/www.immobilienbusiness.ch\/wp-content\/uploads\/2019\/10\/Depositphotos_24553989_m-2015-920x614.jpg 920w\" sizes=\"auto, (max-width: 680px) 100vw, 680px\" \/><figcaption id=\"caption-attachment-18745\" class=\"wp-caption-text\">SV Group und Marriott planen ein Aparthotel in Genf (\u00a9 BrianAJackson \u2013 depositphotos)<\/figcaption><\/figure>\n<p>Das europaweit erste Haus der Marke Residence Inn haben die SV Group und ihre Franchise-Partnerin Marriott International vor rund zehn Jahren in M\u00fcnchen er\u00f6ffnet, zwei weitere Standorte in M\u00fcnchen und Frankfurt kamen hinzu. Nun folgt der Eintritt in den Schweizer Markt: 2024 soll das Residence Inn in Genf seine T\u00fcren \u00f6ffnen. Developer und Bauunternehmer f\u00fcr das Projekt ist Losinger Marazzi.<\/p>\n<p>Das Residence Inn wird auf einer Fl\u00e4che von 4.500 qm erbaut und soll dereinst 100 Studios umfassen; geplant ist eine grosse Aussenterrasse mit Blick in den Park. Vorgesehen sind ferner drei Ein- bis Zwei-Bett-Suiten mit eigener Dachterrasse und Panoramablick auf den Genfer See und das Alpenmassiv. Die Studios werden vollausgestattet mit Wohn- und Schlafbereich sowie einer Kitchenette sein \u2013 und damit ausgerichtet auf G\u00e4ste, die Aufenthalte von mehreren Tagen oder Wochen planen. Ausgestattet wird das Residence Inn von der Interior Design Agentur Upcircle aus London.<\/p>\n<p>Die SV Group sieht laut ihrem Managing Director Beat Kuhn \u00abgrosses Marktpotenzial in Hotelkonzepten, die auf l\u00e4ngere Aufenthalte ausgerichtet sind\u00bb. Nicht zuletzt durch die Corona-Pandemie h\u00e4tten sich die Anspr\u00fcche der Reisenden weiter ver\u00e4ndert. Mit dem Residence Inn in Genf bringe man ein modernes Hotelkonzept mitten ins Herz der multinationalen Schweizer Stadt und st\u00e4rke gleichzeitig die Pr\u00e4senz in der Westschweiz. <em>(ah)<\/em><\/p>\n","protected":false},"excerpt":{"rendered":"<p>Im Genfer Quartier Petit Saconnex soll das schweizweit erste Aparthotel der Marke Residence Inn entstehen. <\/p>\n","protected":false},"author":3,"featured_media":18745,"comment_status":"closed","ping_status":"open","sticky":false,"template":"","format":"standard","meta":{"_acf_changed":false,"_yoast_wpseo_focuskw":"SV Group","_yoast_wpseo_title":"","_yoast_wpseo_metadesc":"Im Genfer Quartier Petit Saconnex soll das schweizweit erste Aparthotel der Marke Residence Inn entstehen.","_yoast_wpseo_linkdex":52,"pgc_sgb_lightbox_settings":"","footnotes":""},"categories":[985],"tags":[1260,1313,1600],"class_list":["post-24390","post","type-post","status-publish","format-standard","has-post-thumbnail","hentry","category-regionen","tag-genf","tag-hotel","tag-projekt-in-planung"],"acf":[],"yoast_head":"<!-- This site is optimized with the Yoast SEO plugin v27.4 - https:\/\/yoast.com\/product\/yoast-seo-wordpress\/ -->\n<title>Genf: SV Group und Marriott planen erstes Residence Inn der Schweiz - IMMOBILIEN Business<\/title>\n<meta name=\"description\" content=\"Im Genfer Quartier Petit Saconnex soll das schweizweit erste Aparthotel der Marke Residence Inn entstehen.\" \/>\n<meta name=\"robots\" content=\"index, follow, max-snippet:-1, max-image-preview:large, max-video-preview:-1\" \/>\n<link rel=\"canonical\" href=\"https:\/\/www.immobilienbusiness.ch\/de\/regionen\/2021-06-09\/genf-sv-group-und-marriott-planen-erstes-residence-inn-der-schweiz\/\" \/>\n<meta property=\"og:locale\" content=\"de_DE\" \/>\n<meta property=\"og:type\" content=\"article\" \/>\n<meta property=\"og:title\" content=\"Genf: SV Group und Marriott planen erstes Residence Inn der Schweiz - IMMOBILIEN Business\" \/>\n<meta property=\"og:description\" content=\"Im Genfer Quartier Petit Saconnex soll das schweizweit erste Aparthotel der Marke Residence Inn entstehen.\" \/>\n<meta property=\"og:url\" content=\"https:\/\/www.immobilienbusiness.ch\/de\/regionen\/2021-06-09\/genf-sv-group-und-marriott-planen-erstes-residence-inn-der-schweiz\/\" \/>\n<meta property=\"og:site_name\" content=\"IMMOBILIEN Business\" \/>\n<meta property=\"article:publisher\" content=\"https:\/\/www.facebook.com\/immobilienbusiness\/\" \/>\n<meta property=\"article:published_time\" content=\"2021-06-09T06:38:34+00:00\" \/>\n<meta property=\"og:image\" content=\"https:\/\/www.immobilienbusiness.ch\/wp-content\/uploads\/2019\/10\/Depositphotos_24553989_m-2015.jpg\" \/>\n\t<meta property=\"og:image:width\" content=\"1000\" \/>\n\t<meta property=\"og:image:height\" content=\"667\" \/>\n\t<meta property=\"og:image:type\" content=\"image\/jpeg\" \/>\n<meta name=\"author\" content=\"anja.hall\" \/>\n<meta name=\"twitter:card\" content=\"summary_large_image\" \/>\n<meta name=\"twitter:image\" content=\"https:\/\/www.immobilienbusiness.ch\/wp-content\/uploads\/2019\/10\/Depositphotos_24553989_m-2015.jpg\" \/>\n<script type=\"application\/ld+json\" class=\"yoast-schema-graph\">{\"@context\":\"https:\\\/\\\/schema.org\",\"@graph\":[{\"@type\":\"Article\",\"@id\":\"https:\\\/\\\/www.immobilienbusiness.ch\\\/en\\\/regionen\\\/2021-06-09\\\/genf-sv-group-und-marriott-planen-erstes-residence-inn-der-schweiz\\\/#article\",\"isPartOf\":{\"@id\":\"https:\\\/\\\/www.immobilienbusiness.ch\\\/en\\\/regionen\\\/2021-06-09\\\/genf-sv-group-und-marriott-planen-erstes-residence-inn-der-schweiz\\\/\"},\"author\":{\"name\":\"anja.hall\",\"@id\":\"https:\\\/\\\/www.immobilienbusiness.ch\\\/#\\\/schema\\\/person\\\/3fc036297b10b9f42d6db5ee932af8c8\"},\"headline\":\"Genf: SV Group und Marriott planen erstes Residence Inn der Schweiz\",\"datePublished\":\"2021-06-09T06:38:34+00:00\",\"mainEntityOfPage\":{\"@id\":\"https:\\\/\\\/www.immobilienbusiness.ch\\\/en\\\/regionen\\\/2021-06-09\\\/genf-sv-group-und-marriott-planen-erstes-residence-inn-der-schweiz\\\/\"},\"wordCount\":243,\"publisher\":{\"@id\":\"https:\\\/\\\/www.immobilienbusiness.ch\\\/#organization\"},\"image\":{\"@id\":\"https:\\\/\\\/www.immobilienbusiness.ch\\\/en\\\/regionen\\\/2021-06-09\\\/genf-sv-group-und-marriott-planen-erstes-residence-inn-der-schweiz\\\/#primaryimage\"},\"thumbnailUrl\":\"https:\\\/\\\/www.immobilienbusiness.ch\\\/wp-content\\\/uploads\\\/2019\\\/10\\\/Depositphotos_24553989_m-2015.jpg\",\"keywords\":[\"Genf\",\"Hotel\",\"Projekt in Planung\"],\"articleSection\":[\"REGIONEN\"],\"inLanguage\":\"de\"},{\"@type\":\"WebPage\",\"@id\":\"https:\\\/\\\/www.immobilienbusiness.ch\\\/en\\\/regionen\\\/2021-06-09\\\/genf-sv-group-und-marriott-planen-erstes-residence-inn-der-schweiz\\\/\",\"url\":\"https:\\\/\\\/www.immobilienbusiness.ch\\\/en\\\/regionen\\\/2021-06-09\\\/genf-sv-group-und-marriott-planen-erstes-residence-inn-der-schweiz\\\/\",\"name\":\"Genf: SV Group und Marriott planen erstes Residence Inn der Schweiz - IMMOBILIEN Business\",\"isPartOf\":{\"@id\":\"https:\\\/\\\/www.immobilienbusiness.ch\\\/#website\"},\"primaryImageOfPage\":{\"@id\":\"https:\\\/\\\/www.immobilienbusiness.ch\\\/en\\\/regionen\\\/2021-06-09\\\/genf-sv-group-und-marriott-planen-erstes-residence-inn-der-schweiz\\\/#primaryimage\"},\"image\":{\"@id\":\"https:\\\/\\\/www.immobilienbusiness.ch\\\/en\\\/regionen\\\/2021-06-09\\\/genf-sv-group-und-marriott-planen-erstes-residence-inn-der-schweiz\\\/#primaryimage\"},\"thumbnailUrl\":\"https:\\\/\\\/www.immobilienbusiness.ch\\\/wp-content\\\/uploads\\\/2019\\\/10\\\/Depositphotos_24553989_m-2015.jpg\",\"datePublished\":\"2021-06-09T06:38:34+00:00\",\"description\":\"Im Genfer Quartier Petit Saconnex soll das schweizweit erste Aparthotel der Marke Residence Inn entstehen.\",\"breadcrumb\":{\"@id\":\"https:\\\/\\\/www.immobilienbusiness.ch\\\/en\\\/regionen\\\/2021-06-09\\\/genf-sv-group-und-marriott-planen-erstes-residence-inn-der-schweiz\\\/#breadcrumb\"},\"inLanguage\":\"de\",\"potentialAction\":[{\"@type\":\"ReadAction\",\"target\":[\"https:\\\/\\\/www.immobilienbusiness.ch\\\/en\\\/regionen\\\/2021-06-09\\\/genf-sv-group-und-marriott-planen-erstes-residence-inn-der-schweiz\\\/\"]}]},{\"@type\":\"ImageObject\",\"inLanguage\":\"de\",\"@id\":\"https:\\\/\\\/www.immobilienbusiness.ch\\\/en\\\/regionen\\\/2021-06-09\\\/genf-sv-group-und-marriott-planen-erstes-residence-inn-der-schweiz\\\/#primaryimage\",\"url\":\"https:\\\/\\\/www.immobilienbusiness.ch\\\/wp-content\\\/uploads\\\/2019\\\/10\\\/Depositphotos_24553989_m-2015.jpg\",\"contentUrl\":\"https:\\\/\\\/www.immobilienbusiness.ch\\\/wp-content\\\/uploads\\\/2019\\\/10\\\/Depositphotos_24553989_m-2015.jpg\",\"width\":1000,\"height\":667,\"caption\":\"Die Hotellerie darf sich \u00fcber steigende \u00dcbernachtungszahlen freuen (\u00a9 BrianAJackson \u2013 depositphotos\"},{\"@type\":\"BreadcrumbList\",\"@id\":\"https:\\\/\\\/www.immobilienbusiness.ch\\\/en\\\/regionen\\\/2021-06-09\\\/genf-sv-group-und-marriott-planen-erstes-residence-inn-der-schweiz\\\/#breadcrumb\",\"itemListElement\":[{\"@type\":\"ListItem\",\"position\":1,\"name\":\"Home\",\"item\":\"https:\\\/\\\/www.immobilienbusiness.ch\\\/\"},{\"@type\":\"ListItem\",\"position\":2,\"name\":\"Genf: SV Group und Marriott planen erstes Residence Inn der Schweiz\"}]},{\"@type\":\"WebSite\",\"@id\":\"https:\\\/\\\/www.immobilienbusiness.ch\\\/#website\",\"url\":\"https:\\\/\\\/www.immobilienbusiness.ch\\\/\",\"name\":\"IMMOBILIEN Business\",\"description\":\"Unabh\u00e4ngiges Schweizer Wirtschaftsmagazin mit Fokus auf Immobilien, Architektur- und Bau sowie Investment- und Finanzierung.\",\"publisher\":{\"@id\":\"https:\\\/\\\/www.immobilienbusiness.ch\\\/#organization\"},\"potentialAction\":[{\"@type\":\"SearchAction\",\"target\":{\"@type\":\"EntryPoint\",\"urlTemplate\":\"https:\\\/\\\/www.immobilienbusiness.ch\\\/?s={search_term_string}\"},\"query-input\":{\"@type\":\"PropertyValueSpecification\",\"valueRequired\":true,\"valueName\":\"search_term_string\"}}],\"inLanguage\":\"de\"},{\"@type\":\"Organization\",\"@id\":\"https:\\\/\\\/www.immobilienbusiness.ch\\\/#organization\",\"name\":\"IMMOBILIEN Business\",\"url\":\"https:\\\/\\\/www.immobilienbusiness.ch\\\/\",\"logo\":{\"@type\":\"ImageObject\",\"inLanguage\":\"de\",\"@id\":\"https:\\\/\\\/www.immobilienbusiness.ch\\\/#\\\/schema\\\/logo\\\/image\\\/\",\"url\":\"https:\\\/\\\/www.immobilienbusiness.ch\\\/wp-content\\\/uploads\\\/2021\\\/07\\\/logo_ib.png\",\"contentUrl\":\"https:\\\/\\\/www.immobilienbusiness.ch\\\/wp-content\\\/uploads\\\/2021\\\/07\\\/logo_ib.png\",\"width\":800,\"height\":181,\"caption\":\"IMMOBILIEN Business\"},\"image\":{\"@id\":\"https:\\\/\\\/www.immobilienbusiness.ch\\\/#\\\/schema\\\/logo\\\/image\\\/\"},\"sameAs\":[\"https:\\\/\\\/www.facebook.com\\\/immobilienbusiness\\\/\"]},{\"@type\":\"Person\",\"@id\":\"https:\\\/\\\/www.immobilienbusiness.ch\\\/#\\\/schema\\\/person\\\/3fc036297b10b9f42d6db5ee932af8c8\",\"name\":\"anja.hall\",\"image\":{\"@type\":\"ImageObject\",\"inLanguage\":\"de\",\"@id\":\"https:\\\/\\\/secure.gravatar.com\\\/avatar\\\/066b5a0d447013502c71a5782f4f3469f03cfe595cc2329fb94652fe47511bfb?s=96&d=mm&r=g\",\"url\":\"https:\\\/\\\/secure.gravatar.com\\\/avatar\\\/066b5a0d447013502c71a5782f4f3469f03cfe595cc2329fb94652fe47511bfb?s=96&d=mm&r=g\",\"contentUrl\":\"https:\\\/\\\/secure.gravatar.com\\\/avatar\\\/066b5a0d447013502c71a5782f4f3469f03cfe595cc2329fb94652fe47511bfb?s=96&d=mm&r=g\",\"caption\":\"anja.hall\"},\"url\":\"https:\\\/\\\/www.immobilienbusiness.ch\\\/de\\\/author\\\/anja-hall\\\/\"}]}<\/script>\n<!-- \/ Yoast SEO plugin. -->","yoast_head_json":{"title":"Genf: SV Group und Marriott planen erstes Residence Inn der Schweiz - IMMOBILIEN Business","description":"Im Genfer Quartier Petit Saconnex soll das schweizweit erste Aparthotel der Marke Residence Inn entstehen.","robots":{"index":"index","follow":"follow","max-snippet":"max-snippet:-1","max-image-preview":"max-image-preview:large","max-video-preview":"max-video-preview:-1"},"canonical":"https:\/\/www.immobilienbusiness.ch\/de\/regionen\/2021-06-09\/genf-sv-group-und-marriott-planen-erstes-residence-inn-der-schweiz\/","og_locale":"de_DE","og_type":"article","og_title":"Genf: SV Group und Marriott planen erstes Residence Inn der Schweiz - IMMOBILIEN Business","og_description":"Im Genfer Quartier Petit Saconnex soll das schweizweit erste Aparthotel der Marke Residence Inn entstehen.","og_url":"https:\/\/www.immobilienbusiness.ch\/de\/regionen\/2021-06-09\/genf-sv-group-und-marriott-planen-erstes-residence-inn-der-schweiz\/","og_site_name":"IMMOBILIEN Business","article_publisher":"https:\/\/www.facebook.com\/immobilienbusiness\/","article_published_time":"2021-06-09T06:38:34+00:00","og_image":[{"width":1000,"height":667,"url":"https:\/\/www.immobilienbusiness.ch\/wp-content\/uploads\/2019\/10\/Depositphotos_24553989_m-2015.jpg","type":"image\/jpeg"}],"author":"anja.hall","twitter_card":"summary_large_image","twitter_image":"https:\/\/www.immobilienbusiness.ch\/wp-content\/uploads\/2019\/10\/Depositphotos_24553989_m-2015.jpg","schema":{"@context":"https:\/\/schema.org","@graph":[{"@type":"Article","@id":"https:\/\/www.immobilienbusiness.ch\/en\/regionen\/2021-06-09\/genf-sv-group-und-marriott-planen-erstes-residence-inn-der-schweiz\/#article","isPartOf":{"@id":"https:\/\/www.immobilienbusiness.ch\/en\/regionen\/2021-06-09\/genf-sv-group-und-marriott-planen-erstes-residence-inn-der-schweiz\/"},"author":{"name":"anja.hall","@id":"https:\/\/www.immobilienbusiness.ch\/#\/schema\/person\/3fc036297b10b9f42d6db5ee932af8c8"},"headline":"Genf: SV Group und Marriott planen erstes Residence Inn der Schweiz","datePublished":"2021-06-09T06:38:34+00:00","mainEntityOfPage":{"@id":"https:\/\/www.immobilienbusiness.ch\/en\/regionen\/2021-06-09\/genf-sv-group-und-marriott-planen-erstes-residence-inn-der-schweiz\/"},"wordCount":243,"publisher":{"@id":"https:\/\/www.immobilienbusiness.ch\/#organization"},"image":{"@id":"https:\/\/www.immobilienbusiness.ch\/en\/regionen\/2021-06-09\/genf-sv-group-und-marriott-planen-erstes-residence-inn-der-schweiz\/#primaryimage"},"thumbnailUrl":"https:\/\/www.immobilienbusiness.ch\/wp-content\/uploads\/2019\/10\/Depositphotos_24553989_m-2015.jpg","keywords":["Genf","Hotel","Projekt in Planung"],"articleSection":["REGIONEN"],"inLanguage":"de"},{"@type":"WebPage","@id":"https:\/\/www.immobilienbusiness.ch\/en\/regionen\/2021-06-09\/genf-sv-group-und-marriott-planen-erstes-residence-inn-der-schweiz\/","url":"https:\/\/www.immobilienbusiness.ch\/en\/regionen\/2021-06-09\/genf-sv-group-und-marriott-planen-erstes-residence-inn-der-schweiz\/","name":"Genf: SV Group und Marriott planen erstes Residence Inn der Schweiz - IMMOBILIEN Business","isPartOf":{"@id":"https:\/\/www.immobilienbusiness.ch\/#website"},"primaryImageOfPage":{"@id":"https:\/\/www.immobilienbusiness.ch\/en\/regionen\/2021-06-09\/genf-sv-group-und-marriott-planen-erstes-residence-inn-der-schweiz\/#primaryimage"},"image":{"@id":"https:\/\/www.immobilienbusiness.ch\/en\/regionen\/2021-06-09\/genf-sv-group-und-marriott-planen-erstes-residence-inn-der-schweiz\/#primaryimage"},"thumbnailUrl":"https:\/\/www.immobilienbusiness.ch\/wp-content\/uploads\/2019\/10\/Depositphotos_24553989_m-2015.jpg","datePublished":"2021-06-09T06:38:34+00:00","description":"Im Genfer Quartier Petit Saconnex soll das schweizweit erste Aparthotel der Marke Residence Inn entstehen.","breadcrumb":{"@id":"https:\/\/www.immobilienbusiness.ch\/en\/regionen\/2021-06-09\/genf-sv-group-und-marriott-planen-erstes-residence-inn-der-schweiz\/#breadcrumb"},"inLanguage":"de","potentialAction":[{"@type":"ReadAction","target":["https:\/\/www.immobilienbusiness.ch\/en\/regionen\/2021-06-09\/genf-sv-group-und-marriott-planen-erstes-residence-inn-der-schweiz\/"]}]},{"@type":"ImageObject","inLanguage":"de","@id":"https:\/\/www.immobilienbusiness.ch\/en\/regionen\/2021-06-09\/genf-sv-group-und-marriott-planen-erstes-residence-inn-der-schweiz\/#primaryimage","url":"https:\/\/www.immobilienbusiness.ch\/wp-content\/uploads\/2019\/10\/Depositphotos_24553989_m-2015.jpg","contentUrl":"https:\/\/www.immobilienbusiness.ch\/wp-content\/uploads\/2019\/10\/Depositphotos_24553989_m-2015.jpg","width":1000,"height":667,"caption":"Die Hotellerie darf sich \u00fcber steigende \u00dcbernachtungszahlen freuen (\u00a9 BrianAJackson \u2013 depositphotos"},{"@type":"BreadcrumbList","@id":"https:\/\/www.immobilienbusiness.ch\/en\/regionen\/2021-06-09\/genf-sv-group-und-marriott-planen-erstes-residence-inn-der-schweiz\/#breadcrumb","itemListElement":[{"@type":"ListItem","position":1,"name":"Home","item":"https:\/\/www.immobilienbusiness.ch\/"},{"@type":"ListItem","position":2,"name":"Genf: SV Group und Marriott planen erstes Residence Inn der Schweiz"}]},{"@type":"WebSite","@id":"https:\/\/www.immobilienbusiness.ch\/#website","url":"https:\/\/www.immobilienbusiness.ch\/","name":"IMMOBILIEN Business","description":"Unabh\u00e4ngiges Schweizer Wirtschaftsmagazin mit Fokus auf Immobilien, Architektur- und Bau sowie Investment- und Finanzierung.","publisher":{"@id":"https:\/\/www.immobilienbusiness.ch\/#organization"},"potentialAction":[{"@type":"SearchAction","target":{"@type":"EntryPoint","urlTemplate":"https:\/\/www.immobilienbusiness.ch\/?s={search_term_string}"},"query-input":{"@type":"PropertyValueSpecification","valueRequired":true,"valueName":"search_term_string"}}],"inLanguage":"de"},{"@type":"Organization","@id":"https:\/\/www.immobilienbusiness.ch\/#organization","name":"IMMOBILIEN Business","url":"https:\/\/www.immobilienbusiness.ch\/","logo":{"@type":"ImageObject","inLanguage":"de","@id":"https:\/\/www.immobilienbusiness.ch\/#\/schema\/logo\/image\/","url":"https:\/\/www.immobilienbusiness.ch\/wp-content\/uploads\/2021\/07\/logo_ib.png","contentUrl":"https:\/\/www.immobilienbusiness.ch\/wp-content\/uploads\/2021\/07\/logo_ib.png","width":800,"height":181,"caption":"IMMOBILIEN Business"},"image":{"@id":"https:\/\/www.immobilienbusiness.ch\/#\/schema\/logo\/image\/"},"sameAs":["https:\/\/www.facebook.com\/immobilienbusiness\/"]},{"@type":"Person","@id":"https:\/\/www.immobilienbusiness.ch\/#\/schema\/person\/3fc036297b10b9f42d6db5ee932af8c8","name":"anja.hall","image":{"@type":"ImageObject","inLanguage":"de","@id":"https:\/\/secure.gravatar.com\/avatar\/066b5a0d447013502c71a5782f4f3469f03cfe595cc2329fb94652fe47511bfb?s=96&d=mm&r=g","url":"https:\/\/secure.gravatar.com\/avatar\/066b5a0d447013502c71a5782f4f3469f03cfe595cc2329fb94652fe47511bfb?s=96&d=mm&r=g","contentUrl":"https:\/\/secure.gravatar.com\/avatar\/066b5a0d447013502c71a5782f4f3469f03cfe595cc2329fb94652fe47511bfb?s=96&d=mm&r=g","caption":"anja.hall"},"url":"https:\/\/www.immobilienbusiness.ch\/de\/author\/anja-hall\/"}]}},"_links":{"self":[{"href":"https:\/\/www.immobilienbusiness.ch\/de\/wp-json\/wp\/v2\/posts\/24390","targetHints":{"allow":["GET"]}}],"collection":[{"href":"https:\/\/www.immobilienbusiness.ch\/de\/wp-json\/wp\/v2\/posts"}],"about":[{"href":"https:\/\/www.immobilienbusiness.ch\/de\/wp-json\/wp\/v2\/types\/post"}],"author":[{"embeddable":true,"href":"https:\/\/www.immobilienbusiness.ch\/de\/wp-json\/wp\/v2\/users\/3"}],"replies":[{"embeddable":true,"href":"https:\/\/www.immobilienbusiness.ch\/de\/wp-json\/wp\/v2\/comments?post=24390"}],"version-history":[{"count":0,"href":"https:\/\/www.immobilienbusiness.ch\/de\/wp-json\/wp\/v2\/posts\/24390\/revisions"}],"wp:featuredmedia":[{"embeddable":true,"href":"https:\/\/www.immobilienbusiness.ch\/de\/wp-json\/wp\/v2\/media\/18745"}],"wp:attachment":[{"href":"https:\/\/www.immobilienbusiness.ch\/de\/wp-json\/wp\/v2\/media?parent=24390"}],"wp:term":[{"taxonomy":"category","embeddable":true,"href":"https:\/\/www.immobilienbusiness.ch\/de\/wp-json\/wp\/v2\/categories?post=24390"},{"taxonomy":"post_tag","embeddable":true,"href":"https:\/\/www.immobilienbusiness.ch\/de\/wp-json\/wp\/v2\/tags?post=24390"}],"curies":[{"name":"wp","href":"https:\/\/api.w.org\/{rel}","templated":true}]}}