{"id":24283,"date":"2021-05-28T08:28:00","date_gmt":"2021-05-28T06:28:00","guid":{"rendered":"https:\/\/www.immobilienbusiness.ch\/?p=24283"},"modified":"2021-05-28T08:28:00","modified_gmt":"2021-05-28T06:28:00","slug":"procimmo-2-steigert-gewinn-um-mehr-als-die-haelfte","status":"publish","type":"post","link":"https:\/\/www.immobilienbusiness.ch\/de\/unternehmen\/2021-05-28\/procimmo-2-steigert-gewinn-um-mehr-als-die-haelfte\/","title":{"rendered":"Procimmo 2 steigert Gewinn um mehr als die H\u00e4lfte"},"content":{"rendered":"<figure id=\"attachment_17062\" aria-describedby=\"caption-attachment-17062\" style=\"width: 500px\" class=\"wp-caption alignnone\"><img loading=\"lazy\" decoding=\"async\" class=\"size-full wp-image-17062\" src=\"https:\/\/www.immobilienbusiness.ch\/wp-content\/uploads\/2019\/05\/Depositphotos_6211861_s-2015.jpg\" alt=\"\" width=\"500\" height=\"333\" srcset=\"https:\/\/www.immobilienbusiness.ch\/wp-content\/uploads\/2019\/05\/Depositphotos_6211861_s-2015.jpg 500w, https:\/\/www.immobilienbusiness.ch\/wp-content\/uploads\/2019\/05\/Depositphotos_6211861_s-2015-300x200.jpg 300w, https:\/\/www.immobilienbusiness.ch\/wp-content\/uploads\/2019\/05\/Depositphotos_6211861_s-2015-16x12.jpg 16w, https:\/\/www.immobilienbusiness.ch\/wp-content\/uploads\/2019\/05\/Depositphotos_6211861_s-2015-263x175.jpg 263w\" sizes=\"auto, (max-width: 500px) 100vw, 500px\" \/><figcaption id=\"caption-attachment-17062\" class=\"wp-caption-text\">Der Procimmo 2 hat ein deutliches Gewinnplus verzeichnet (Bild: depositphotos)<\/figcaption><\/figure>\n<p>Ertr\u00e4gen von insgesamt 17,9 Mio. CHF standen Aufwendungen in H\u00f6he von 8 Mio. gegen\u00fcber, so dass ein Nettoertrag von 9,8 Mio. erreicht wurde. Der Gesamterfolg des Procimmo Swiss Commercial Fund II legte deutlich von 8,6 Mio. auf 12,9 Mio. zu &#8211; ein Plus von 51%. Die Mietzinseinnahmen kletterten um 18% auf 16,2 Mio. (Vj.: 13,7 Mio.).<\/p>\n<p>Der Nettoinventarwert des Procimmo 2 lag zum Stichtag 31. M\u00e4rz 2021 bei 120,46 CHF pro Anteil (Vj.: 117,42 CHF). Das Gesamtfondsverm\u00f6gen erh\u00f6hte sich von 538,8 Mio. auf 594,8 Mio., das Nettofondsverm\u00f6gen erreichte 439,2 Mio. nach 366,9 Mio. im Vorjahr.<\/p>\n<p>Die Anlagerendite stieg im Berichtszeitraum von 4,76% auf 7,35%, und die Eigenkapitalrendite (ROE) legte von 4,16% auf 6,46% zu. Die Fremdfinanzierungsquote des Fonds ging von 31,62% auf 24,19% zur\u00fcck, und die Betriebsgewinnmarge (EBIT) lag bei 67,99% (Vj.: 73,52%). Die Mietausfallrate sank von 14,75% auf 13,02%. Die TER REF (GAV) kam bei 0,96% (Vj.: 0,87%) zu liegen.<\/p>\n<p>Der Procimmo 2 will sich mit den zus\u00e4tzlichen finanziellen Mitteln aus der Kapitalerh\u00f6hung vom M\u00e4rz stabilisieren, u.a. durch eine Senkung der Fremdfinanzierungsquote. In den n\u00e4chsten Monaten wolle der Fonds in der Deutschschweiz aber auch bestehende Bauprojekte weiter vorantreiben und zus\u00e4tzliche Immobilienakquisitionen erm\u00f6glichen, heisst es im Gesch\u00e4ftsbericht. <em>(ah)<\/em><\/p>\n","protected":false},"excerpt":{"rendered":"<p>Der Procimmo Swiss Commercial Fund II hat das erste Halbjahr des Gesch\u00e4ftsjahres mit einem deutlichen Anstieg des Gesamterfolgs abgeschlossen. Er legte um 51% auf 12,9 Mio. CHF zu.<\/p>\n","protected":false},"author":3,"featured_media":17062,"comment_status":"closed","ping_status":"open","sticky":false,"template":"","format":"standard","meta":{"_acf_changed":false,"_yoast_wpseo_focuskw":"Procimmo 2","_yoast_wpseo_title":"","_yoast_wpseo_metadesc":"Der Procimmo Swiss Commercial Fund II hat das erste Halbjahr des Gesch\u00e4ftsjahres mit einem deutlichen Anstieg des Gesamterfolgs abgeschlossen.","_yoast_wpseo_linkdex":53,"pgc_sgb_lightbox_settings":"","footnotes":""},"categories":[988],"tags":[1290,1344,1597],"class_list":["post-24283","post","type-post","status-publish","format-standard","has-post-thumbnail","hentry","category-unternehmen","tag-halbjahresergebnis","tag-immobilienfonds","tag-procimmo"],"acf":[],"yoast_head":"<!-- This site is optimized with the Yoast SEO plugin v27.4 - https:\/\/yoast.com\/product\/yoast-seo-wordpress\/ -->\n<title>Procimmo 2 steigert Gewinn um mehr als die H\u00e4lfte - IMMOBILIEN Business<\/title>\n<meta name=\"description\" content=\"Der Procimmo Swiss Commercial Fund II hat das erste Halbjahr des Gesch\u00e4ftsjahres mit einem deutlichen Anstieg des Gesamterfolgs abgeschlossen.\" \/>\n<meta name=\"robots\" content=\"index, follow, max-snippet:-1, max-image-preview:large, max-video-preview:-1\" \/>\n<link rel=\"canonical\" href=\"https:\/\/www.immobilienbusiness.ch\/de\/unternehmen\/2021-05-28\/procimmo-2-steigert-gewinn-um-mehr-als-die-haelfte\/\" \/>\n<meta property=\"og:locale\" content=\"de_DE\" \/>\n<meta property=\"og:type\" content=\"article\" \/>\n<meta property=\"og:title\" content=\"Procimmo 2 steigert Gewinn um mehr als die H\u00e4lfte - IMMOBILIEN Business\" \/>\n<meta property=\"og:description\" content=\"Der Procimmo Swiss Commercial Fund II hat das erste Halbjahr des Gesch\u00e4ftsjahres mit einem deutlichen Anstieg des Gesamterfolgs abgeschlossen.\" \/>\n<meta property=\"og:url\" content=\"https:\/\/www.immobilienbusiness.ch\/de\/unternehmen\/2021-05-28\/procimmo-2-steigert-gewinn-um-mehr-als-die-haelfte\/\" \/>\n<meta property=\"og:site_name\" content=\"IMMOBILIEN Business\" \/>\n<meta property=\"article:publisher\" content=\"https:\/\/www.facebook.com\/immobilienbusiness\/\" \/>\n<meta property=\"article:published_time\" content=\"2021-05-28T06:28:00+00:00\" \/>\n<meta property=\"og:image\" content=\"https:\/\/www.immobilienbusiness.ch\/wp-content\/uploads\/2019\/05\/Depositphotos_6211861_s-2015.jpg\" \/>\n\t<meta property=\"og:image:width\" content=\"500\" \/>\n\t<meta property=\"og:image:height\" content=\"333\" \/>\n\t<meta property=\"og:image:type\" content=\"image\/jpeg\" \/>\n<meta name=\"author\" content=\"anja.hall\" \/>\n<meta name=\"twitter:card\" content=\"summary_large_image\" \/>\n<meta name=\"twitter:image\" content=\"https:\/\/www.immobilienbusiness.ch\/wp-content\/uploads\/2019\/05\/Depositphotos_6211861_s-2015.jpg\" \/>\n<script type=\"application\/ld+json\" class=\"yoast-schema-graph\">{\"@context\":\"https:\\\/\\\/schema.org\",\"@graph\":[{\"@type\":\"Article\",\"@id\":\"https:\\\/\\\/www.immobilienbusiness.ch\\\/unternehmen\\\/2021-05-28\\\/procimmo-2-steigert-gewinn-um-mehr-als-die-haelfte\\\/#article\",\"isPartOf\":{\"@id\":\"https:\\\/\\\/www.immobilienbusiness.ch\\\/unternehmen\\\/2021-05-28\\\/procimmo-2-steigert-gewinn-um-mehr-als-die-haelfte\\\/\"},\"author\":{\"name\":\"anja.hall\",\"@id\":\"https:\\\/\\\/www.immobilienbusiness.ch\\\/#\\\/schema\\\/person\\\/3fc036297b10b9f42d6db5ee932af8c8\"},\"headline\":\"Procimmo 2 steigert Gewinn um mehr als die H\u00e4lfte\",\"datePublished\":\"2021-05-28T06:28:00+00:00\",\"mainEntityOfPage\":{\"@id\":\"https:\\\/\\\/www.immobilienbusiness.ch\\\/unternehmen\\\/2021-05-28\\\/procimmo-2-steigert-gewinn-um-mehr-als-die-haelfte\\\/\"},\"wordCount\":208,\"publisher\":{\"@id\":\"https:\\\/\\\/www.immobilienbusiness.ch\\\/#organization\"},\"image\":{\"@id\":\"https:\\\/\\\/www.immobilienbusiness.ch\\\/unternehmen\\\/2021-05-28\\\/procimmo-2-steigert-gewinn-um-mehr-als-die-haelfte\\\/#primaryimage\"},\"thumbnailUrl\":\"https:\\\/\\\/www.immobilienbusiness.ch\\\/wp-content\\\/uploads\\\/2019\\\/05\\\/Depositphotos_6211861_s-2015.jpg\",\"keywords\":[\"Halbjahresergebnis\",\"Immobilienfonds\",\"Procimmo\"],\"articleSection\":[\"UNTERNEHMEN\"],\"inLanguage\":\"de\"},{\"@type\":\"WebPage\",\"@id\":\"https:\\\/\\\/www.immobilienbusiness.ch\\\/unternehmen\\\/2021-05-28\\\/procimmo-2-steigert-gewinn-um-mehr-als-die-haelfte\\\/\",\"url\":\"https:\\\/\\\/www.immobilienbusiness.ch\\\/unternehmen\\\/2021-05-28\\\/procimmo-2-steigert-gewinn-um-mehr-als-die-haelfte\\\/\",\"name\":\"Procimmo 2 steigert Gewinn um mehr als die H\u00e4lfte - IMMOBILIEN Business\",\"isPartOf\":{\"@id\":\"https:\\\/\\\/www.immobilienbusiness.ch\\\/#website\"},\"primaryImageOfPage\":{\"@id\":\"https:\\\/\\\/www.immobilienbusiness.ch\\\/unternehmen\\\/2021-05-28\\\/procimmo-2-steigert-gewinn-um-mehr-als-die-haelfte\\\/#primaryimage\"},\"image\":{\"@id\":\"https:\\\/\\\/www.immobilienbusiness.ch\\\/unternehmen\\\/2021-05-28\\\/procimmo-2-steigert-gewinn-um-mehr-als-die-haelfte\\\/#primaryimage\"},\"thumbnailUrl\":\"https:\\\/\\\/www.immobilienbusiness.ch\\\/wp-content\\\/uploads\\\/2019\\\/05\\\/Depositphotos_6211861_s-2015.jpg\",\"datePublished\":\"2021-05-28T06:28:00+00:00\",\"description\":\"Der Procimmo Swiss Commercial Fund II hat das erste Halbjahr des Gesch\u00e4ftsjahres mit einem deutlichen Anstieg des Gesamterfolgs abgeschlossen.\",\"breadcrumb\":{\"@id\":\"https:\\\/\\\/www.immobilienbusiness.ch\\\/unternehmen\\\/2021-05-28\\\/procimmo-2-steigert-gewinn-um-mehr-als-die-haelfte\\\/#breadcrumb\"},\"inLanguage\":\"de\",\"potentialAction\":[{\"@type\":\"ReadAction\",\"target\":[\"https:\\\/\\\/www.immobilienbusiness.ch\\\/unternehmen\\\/2021-05-28\\\/procimmo-2-steigert-gewinn-um-mehr-als-die-haelfte\\\/\"]}]},{\"@type\":\"ImageObject\",\"inLanguage\":\"de\",\"@id\":\"https:\\\/\\\/www.immobilienbusiness.ch\\\/unternehmen\\\/2021-05-28\\\/procimmo-2-steigert-gewinn-um-mehr-als-die-haelfte\\\/#primaryimage\",\"url\":\"https:\\\/\\\/www.immobilienbusiness.ch\\\/wp-content\\\/uploads\\\/2019\\\/05\\\/Depositphotos_6211861_s-2015.jpg\",\"contentUrl\":\"https:\\\/\\\/www.immobilienbusiness.ch\\\/wp-content\\\/uploads\\\/2019\\\/05\\\/Depositphotos_6211861_s-2015.jpg\",\"width\":500,\"height\":333,\"caption\":\"Offiziell sind Novavest und Senioresidenz erst seit Ende Juni ein Unternehmen. Die Halbjahreszahlen reflektieren die Fusion aber bereits (Bild: Depositphotos)\"},{\"@type\":\"BreadcrumbList\",\"@id\":\"https:\\\/\\\/www.immobilienbusiness.ch\\\/unternehmen\\\/2021-05-28\\\/procimmo-2-steigert-gewinn-um-mehr-als-die-haelfte\\\/#breadcrumb\",\"itemListElement\":[{\"@type\":\"ListItem\",\"position\":1,\"name\":\"Home\",\"item\":\"https:\\\/\\\/www.immobilienbusiness.ch\\\/\"},{\"@type\":\"ListItem\",\"position\":2,\"name\":\"Procimmo 2 steigert Gewinn um mehr als die H\u00e4lfte\"}]},{\"@type\":\"WebSite\",\"@id\":\"https:\\\/\\\/www.immobilienbusiness.ch\\\/#website\",\"url\":\"https:\\\/\\\/www.immobilienbusiness.ch\\\/\",\"name\":\"IMMOBILIEN Business\",\"description\":\"Unabh\u00e4ngiges Schweizer Wirtschaftsmagazin mit Fokus auf Immobilien, Architektur- und Bau sowie Investment- und Finanzierung.\",\"publisher\":{\"@id\":\"https:\\\/\\\/www.immobilienbusiness.ch\\\/#organization\"},\"potentialAction\":[{\"@type\":\"SearchAction\",\"target\":{\"@type\":\"EntryPoint\",\"urlTemplate\":\"https:\\\/\\\/www.immobilienbusiness.ch\\\/?s={search_term_string}\"},\"query-input\":{\"@type\":\"PropertyValueSpecification\",\"valueRequired\":true,\"valueName\":\"search_term_string\"}}],\"inLanguage\":\"de\"},{\"@type\":\"Organization\",\"@id\":\"https:\\\/\\\/www.immobilienbusiness.ch\\\/#organization\",\"name\":\"IMMOBILIEN Business\",\"url\":\"https:\\\/\\\/www.immobilienbusiness.ch\\\/\",\"logo\":{\"@type\":\"ImageObject\",\"inLanguage\":\"de\",\"@id\":\"https:\\\/\\\/www.immobilienbusiness.ch\\\/#\\\/schema\\\/logo\\\/image\\\/\",\"url\":\"https:\\\/\\\/www.immobilienbusiness.ch\\\/wp-content\\\/uploads\\\/2021\\\/07\\\/logo_ib.png\",\"contentUrl\":\"https:\\\/\\\/www.immobilienbusiness.ch\\\/wp-content\\\/uploads\\\/2021\\\/07\\\/logo_ib.png\",\"width\":800,\"height\":181,\"caption\":\"IMMOBILIEN Business\"},\"image\":{\"@id\":\"https:\\\/\\\/www.immobilienbusiness.ch\\\/#\\\/schema\\\/logo\\\/image\\\/\"},\"sameAs\":[\"https:\\\/\\\/www.facebook.com\\\/immobilienbusiness\\\/\"]},{\"@type\":\"Person\",\"@id\":\"https:\\\/\\\/www.immobilienbusiness.ch\\\/#\\\/schema\\\/person\\\/3fc036297b10b9f42d6db5ee932af8c8\",\"name\":\"anja.hall\",\"image\":{\"@type\":\"ImageObject\",\"inLanguage\":\"de\",\"@id\":\"https:\\\/\\\/secure.gravatar.com\\\/avatar\\\/066b5a0d447013502c71a5782f4f3469f03cfe595cc2329fb94652fe47511bfb?s=96&d=mm&r=g\",\"url\":\"https:\\\/\\\/secure.gravatar.com\\\/avatar\\\/066b5a0d447013502c71a5782f4f3469f03cfe595cc2329fb94652fe47511bfb?s=96&d=mm&r=g\",\"contentUrl\":\"https:\\\/\\\/secure.gravatar.com\\\/avatar\\\/066b5a0d447013502c71a5782f4f3469f03cfe595cc2329fb94652fe47511bfb?s=96&d=mm&r=g\",\"caption\":\"anja.hall\"},\"url\":\"https:\\\/\\\/www.immobilienbusiness.ch\\\/de\\\/author\\\/anja-hall\\\/\"}]}<\/script>\n<!-- \/ Yoast SEO plugin. -->","yoast_head_json":{"title":"Procimmo 2 steigert Gewinn um mehr als die H\u00e4lfte - IMMOBILIEN Business","description":"Der Procimmo Swiss Commercial Fund II hat das erste Halbjahr des Gesch\u00e4ftsjahres mit einem deutlichen Anstieg des Gesamterfolgs abgeschlossen.","robots":{"index":"index","follow":"follow","max-snippet":"max-snippet:-1","max-image-preview":"max-image-preview:large","max-video-preview":"max-video-preview:-1"},"canonical":"https:\/\/www.immobilienbusiness.ch\/de\/unternehmen\/2021-05-28\/procimmo-2-steigert-gewinn-um-mehr-als-die-haelfte\/","og_locale":"de_DE","og_type":"article","og_title":"Procimmo 2 steigert Gewinn um mehr als die H\u00e4lfte - IMMOBILIEN Business","og_description":"Der Procimmo Swiss Commercial Fund II hat das erste Halbjahr des Gesch\u00e4ftsjahres mit einem deutlichen Anstieg des Gesamterfolgs abgeschlossen.","og_url":"https:\/\/www.immobilienbusiness.ch\/de\/unternehmen\/2021-05-28\/procimmo-2-steigert-gewinn-um-mehr-als-die-haelfte\/","og_site_name":"IMMOBILIEN Business","article_publisher":"https:\/\/www.facebook.com\/immobilienbusiness\/","article_published_time":"2021-05-28T06:28:00+00:00","og_image":[{"width":500,"height":333,"url":"https:\/\/www.immobilienbusiness.ch\/wp-content\/uploads\/2019\/05\/Depositphotos_6211861_s-2015.jpg","type":"image\/jpeg"}],"author":"anja.hall","twitter_card":"summary_large_image","twitter_image":"https:\/\/www.immobilienbusiness.ch\/wp-content\/uploads\/2019\/05\/Depositphotos_6211861_s-2015.jpg","schema":{"@context":"https:\/\/schema.org","@graph":[{"@type":"Article","@id":"https:\/\/www.immobilienbusiness.ch\/unternehmen\/2021-05-28\/procimmo-2-steigert-gewinn-um-mehr-als-die-haelfte\/#article","isPartOf":{"@id":"https:\/\/www.immobilienbusiness.ch\/unternehmen\/2021-05-28\/procimmo-2-steigert-gewinn-um-mehr-als-die-haelfte\/"},"author":{"name":"anja.hall","@id":"https:\/\/www.immobilienbusiness.ch\/#\/schema\/person\/3fc036297b10b9f42d6db5ee932af8c8"},"headline":"Procimmo 2 steigert Gewinn um mehr als die H\u00e4lfte","datePublished":"2021-05-28T06:28:00+00:00","mainEntityOfPage":{"@id":"https:\/\/www.immobilienbusiness.ch\/unternehmen\/2021-05-28\/procimmo-2-steigert-gewinn-um-mehr-als-die-haelfte\/"},"wordCount":208,"publisher":{"@id":"https:\/\/www.immobilienbusiness.ch\/#organization"},"image":{"@id":"https:\/\/www.immobilienbusiness.ch\/unternehmen\/2021-05-28\/procimmo-2-steigert-gewinn-um-mehr-als-die-haelfte\/#primaryimage"},"thumbnailUrl":"https:\/\/www.immobilienbusiness.ch\/wp-content\/uploads\/2019\/05\/Depositphotos_6211861_s-2015.jpg","keywords":["Halbjahresergebnis","Immobilienfonds","Procimmo"],"articleSection":["UNTERNEHMEN"],"inLanguage":"de"},{"@type":"WebPage","@id":"https:\/\/www.immobilienbusiness.ch\/unternehmen\/2021-05-28\/procimmo-2-steigert-gewinn-um-mehr-als-die-haelfte\/","url":"https:\/\/www.immobilienbusiness.ch\/unternehmen\/2021-05-28\/procimmo-2-steigert-gewinn-um-mehr-als-die-haelfte\/","name":"Procimmo 2 steigert Gewinn um mehr als die H\u00e4lfte - IMMOBILIEN Business","isPartOf":{"@id":"https:\/\/www.immobilienbusiness.ch\/#website"},"primaryImageOfPage":{"@id":"https:\/\/www.immobilienbusiness.ch\/unternehmen\/2021-05-28\/procimmo-2-steigert-gewinn-um-mehr-als-die-haelfte\/#primaryimage"},"image":{"@id":"https:\/\/www.immobilienbusiness.ch\/unternehmen\/2021-05-28\/procimmo-2-steigert-gewinn-um-mehr-als-die-haelfte\/#primaryimage"},"thumbnailUrl":"https:\/\/www.immobilienbusiness.ch\/wp-content\/uploads\/2019\/05\/Depositphotos_6211861_s-2015.jpg","datePublished":"2021-05-28T06:28:00+00:00","description":"Der Procimmo Swiss Commercial Fund II hat das erste Halbjahr des Gesch\u00e4ftsjahres mit einem deutlichen Anstieg des Gesamterfolgs abgeschlossen.","breadcrumb":{"@id":"https:\/\/www.immobilienbusiness.ch\/unternehmen\/2021-05-28\/procimmo-2-steigert-gewinn-um-mehr-als-die-haelfte\/#breadcrumb"},"inLanguage":"de","potentialAction":[{"@type":"ReadAction","target":["https:\/\/www.immobilienbusiness.ch\/unternehmen\/2021-05-28\/procimmo-2-steigert-gewinn-um-mehr-als-die-haelfte\/"]}]},{"@type":"ImageObject","inLanguage":"de","@id":"https:\/\/www.immobilienbusiness.ch\/unternehmen\/2021-05-28\/procimmo-2-steigert-gewinn-um-mehr-als-die-haelfte\/#primaryimage","url":"https:\/\/www.immobilienbusiness.ch\/wp-content\/uploads\/2019\/05\/Depositphotos_6211861_s-2015.jpg","contentUrl":"https:\/\/www.immobilienbusiness.ch\/wp-content\/uploads\/2019\/05\/Depositphotos_6211861_s-2015.jpg","width":500,"height":333,"caption":"Offiziell sind Novavest und Senioresidenz erst seit Ende Juni ein Unternehmen. Die Halbjahreszahlen reflektieren die Fusion aber bereits (Bild: Depositphotos)"},{"@type":"BreadcrumbList","@id":"https:\/\/www.immobilienbusiness.ch\/unternehmen\/2021-05-28\/procimmo-2-steigert-gewinn-um-mehr-als-die-haelfte\/#breadcrumb","itemListElement":[{"@type":"ListItem","position":1,"name":"Home","item":"https:\/\/www.immobilienbusiness.ch\/"},{"@type":"ListItem","position":2,"name":"Procimmo 2 steigert Gewinn um mehr als die H\u00e4lfte"}]},{"@type":"WebSite","@id":"https:\/\/www.immobilienbusiness.ch\/#website","url":"https:\/\/www.immobilienbusiness.ch\/","name":"IMMOBILIEN Business","description":"Unabh\u00e4ngiges Schweizer Wirtschaftsmagazin mit Fokus auf Immobilien, Architektur- und Bau sowie Investment- und Finanzierung.","publisher":{"@id":"https:\/\/www.immobilienbusiness.ch\/#organization"},"potentialAction":[{"@type":"SearchAction","target":{"@type":"EntryPoint","urlTemplate":"https:\/\/www.immobilienbusiness.ch\/?s={search_term_string}"},"query-input":{"@type":"PropertyValueSpecification","valueRequired":true,"valueName":"search_term_string"}}],"inLanguage":"de"},{"@type":"Organization","@id":"https:\/\/www.immobilienbusiness.ch\/#organization","name":"IMMOBILIEN Business","url":"https:\/\/www.immobilienbusiness.ch\/","logo":{"@type":"ImageObject","inLanguage":"de","@id":"https:\/\/www.immobilienbusiness.ch\/#\/schema\/logo\/image\/","url":"https:\/\/www.immobilienbusiness.ch\/wp-content\/uploads\/2021\/07\/logo_ib.png","contentUrl":"https:\/\/www.immobilienbusiness.ch\/wp-content\/uploads\/2021\/07\/logo_ib.png","width":800,"height":181,"caption":"IMMOBILIEN Business"},"image":{"@id":"https:\/\/www.immobilienbusiness.ch\/#\/schema\/logo\/image\/"},"sameAs":["https:\/\/www.facebook.com\/immobilienbusiness\/"]},{"@type":"Person","@id":"https:\/\/www.immobilienbusiness.ch\/#\/schema\/person\/3fc036297b10b9f42d6db5ee932af8c8","name":"anja.hall","image":{"@type":"ImageObject","inLanguage":"de","@id":"https:\/\/secure.gravatar.com\/avatar\/066b5a0d447013502c71a5782f4f3469f03cfe595cc2329fb94652fe47511bfb?s=96&d=mm&r=g","url":"https:\/\/secure.gravatar.com\/avatar\/066b5a0d447013502c71a5782f4f3469f03cfe595cc2329fb94652fe47511bfb?s=96&d=mm&r=g","contentUrl":"https:\/\/secure.gravatar.com\/avatar\/066b5a0d447013502c71a5782f4f3469f03cfe595cc2329fb94652fe47511bfb?s=96&d=mm&r=g","caption":"anja.hall"},"url":"https:\/\/www.immobilienbusiness.ch\/de\/author\/anja-hall\/"}]}},"_links":{"self":[{"href":"https:\/\/www.immobilienbusiness.ch\/de\/wp-json\/wp\/v2\/posts\/24283","targetHints":{"allow":["GET"]}}],"collection":[{"href":"https:\/\/www.immobilienbusiness.ch\/de\/wp-json\/wp\/v2\/posts"}],"about":[{"href":"https:\/\/www.immobilienbusiness.ch\/de\/wp-json\/wp\/v2\/types\/post"}],"author":[{"embeddable":true,"href":"https:\/\/www.immobilienbusiness.ch\/de\/wp-json\/wp\/v2\/users\/3"}],"replies":[{"embeddable":true,"href":"https:\/\/www.immobilienbusiness.ch\/de\/wp-json\/wp\/v2\/comments?post=24283"}],"version-history":[{"count":0,"href":"https:\/\/www.immobilienbusiness.ch\/de\/wp-json\/wp\/v2\/posts\/24283\/revisions"}],"wp:featuredmedia":[{"embeddable":true,"href":"https:\/\/www.immobilienbusiness.ch\/de\/wp-json\/wp\/v2\/media\/17062"}],"wp:attachment":[{"href":"https:\/\/www.immobilienbusiness.ch\/de\/wp-json\/wp\/v2\/media?parent=24283"}],"wp:term":[{"taxonomy":"category","embeddable":true,"href":"https:\/\/www.immobilienbusiness.ch\/de\/wp-json\/wp\/v2\/categories?post=24283"},{"taxonomy":"post_tag","embeddable":true,"href":"https:\/\/www.immobilienbusiness.ch\/de\/wp-json\/wp\/v2\/tags?post=24283"}],"curies":[{"name":"wp","href":"https:\/\/api.w.org\/{rel}","templated":true}]}}