{"id":24243,"date":"2021-05-26T08:15:52","date_gmt":"2021-05-26T06:15:52","guid":{"rendered":"https:\/\/www.immobilienbusiness.ch\/?p=24243"},"modified":"2021-05-26T08:15:52","modified_gmt":"2021-05-26T06:15:52","slug":"zuerich-turidomus-kauft-die-stadelhoferpassage","status":"publish","type":"post","link":"https:\/\/www.immobilienbusiness.ch\/de\/regionen\/2021-05-26\/zuerich-turidomus-kauft-die-stadelhoferpassage\/","title":{"rendered":"Z\u00fcrich: Turidomus kauft die Stadelhoferpassage"},"content":{"rendered":"<figure id=\"attachment_24244\" aria-describedby=\"caption-attachment-24244\" style=\"width: 644px\" class=\"wp-caption alignnone\"><img loading=\"lazy\" decoding=\"async\" class=\"size-full wp-image-24244\" src=\"https:\/\/www.immobilienbusiness.ch\/wp-content\/uploads\/2021\/05\/Z\u00fcrich_Stadelhoferpassage-c-Turidomus-Anlagestiftung.jpg\" alt=\"\" width=\"644\" height=\"429\" \/><figcaption id=\"caption-attachment-24244\" class=\"wp-caption-text\">Die Stadelhoferpassage in Z\u00fcrich (Bild: Turidomus Anlagestiftung)<\/figcaption><\/figure>\n<p>Bei der prominenten Liegenschaft an der Stadelhoferstrasse 18\u201322 handelt es sich um einen Teil einer Gesamt\u00fcberbauung der Architekten Ernst Gisel und Martin Sp\u00fchler. Die Liegenschaft an bester Gesch\u00e4ftslage zwischen dem Bahnhof Stadelhofen und dem Bellevue wird von der sogenannten Stadelhoferpassage durchquert, \u00abdie sich an einen Hauptausgang des Bahnhofs anschliesst, wodurch sich ein stetiger Strom von Passant*innen ergibt\u00bb, schreibt Turidomus.<\/p>\n<div class=\"quickedit-field\" data-quickedit-field-id=\"node\/5614\/field_content\/de\/full\">\n<div>\n<div class=\"paragraph paragraph--type--text paragraph--view-mode--default\" data-quickedit-entity-id=\"paragraph\/5779\" data-quickedit-entity-instance-id=\"0\">\n<div data-quickedit-field-id=\"paragraph\/5779\/field_text\/de\/default\">\n<p>In den unteren Geschossen befinden sich L\u00e4den und Restaurants, dar\u00fcber liegen B\u00fcro- und Dienstleistungsfl\u00e4chen. Die Liegenschaft mit rund 5.000\u2009qm Mietfl\u00e4che weise \u00abeinen breiten Mietermix mit standortgerechten Nutzungen wie Restaurants, Take-aways oder pers\u00f6nlichen Dienstleistungen auf\u00bb, heisst es weiter. Rund 40% der Ertr\u00e4ge w\u00fcrden durch Retail- und Gastronomienutzungen generiert. Es handle sich um die erste Liegenschaft, die die Anlagestiftung Turidomus Urban &amp; Mixed-use im Z\u00fcrcher Kreis 1 erwirbt.<\/p>\n<p>Die \u00dcberbauung, die aus einem Geflecht von Passagen, Gassen und H\u00f6fen besteht, wurde 1983 erbaut und 2004 renoviert. Verk\u00e4ufer der Liegenschaft ist Swiss Prime Site. <em>(mr)<\/em><\/p>\n<\/div>\n<\/div>\n<\/div>\n<\/div>\n","protected":false},"excerpt":{"rendered":"<p>F\u00fcr ihre Anlagegruppe Urban &#038; Mixed-use hat die Anlagestiftung Turidomus die zentral gelegene Z\u00fcrcher Gesch\u00e4ftsliegenschaft Stadelhoferpassage erworben.<\/p>\n","protected":false},"author":3,"featured_media":24244,"comment_status":"closed","ping_status":"open","sticky":false,"template":"","format":"standard","meta":{"_acf_changed":false,"_yoast_wpseo_focuskw":"Turidomus","_yoast_wpseo_title":"","_yoast_wpseo_metadesc":"F\u00fcr ihre Anlagegruppe Urban & Mixed-use hat die Anlagestiftung Turidomus die zentral gelegene Z\u00fcrcher Gesch\u00e4ftsliegenschaft Stadelhoferpassage erworben.","_yoast_wpseo_linkdex":50,"pgc_sgb_lightbox_settings":"","footnotes":""},"categories":[985],"tags":[1119,1355,1645,1760,1888],"class_list":["post-24243","post","type-post","status-publish","format-standard","has-post-thumbnail","hentry","category-regionen","tag-bueroimmobilien","tag-immobilienverkauf","tag-retailflaechen","tag-swiss-prime-site","tag-zuerich"],"acf":[],"yoast_head":"<!-- This site is optimized with the Yoast SEO plugin v27.5 - https:\/\/yoast.com\/product\/yoast-seo-wordpress\/ -->\n<title>Z\u00fcrich: Turidomus kauft die Stadelhoferpassage - IMMOBILIEN Business<\/title>\n<meta name=\"description\" content=\"F\u00fcr ihre Anlagegruppe Urban &amp; Mixed-use hat die Anlagestiftung Turidomus die zentral gelegene Z\u00fcrcher Gesch\u00e4ftsliegenschaft Stadelhoferpassage erworben.\" \/>\n<meta name=\"robots\" content=\"index, follow, max-snippet:-1, max-image-preview:large, max-video-preview:-1\" \/>\n<link rel=\"canonical\" href=\"https:\/\/www.immobilienbusiness.ch\/de\/regionen\/2021-05-26\/zuerich-turidomus-kauft-die-stadelhoferpassage\/\" \/>\n<meta property=\"og:locale\" content=\"de_DE\" \/>\n<meta property=\"og:type\" content=\"article\" \/>\n<meta property=\"og:title\" content=\"Z\u00fcrich: Turidomus kauft die Stadelhoferpassage - IMMOBILIEN Business\" \/>\n<meta property=\"og:description\" content=\"F\u00fcr ihre Anlagegruppe Urban &amp; Mixed-use hat die Anlagestiftung Turidomus die zentral gelegene Z\u00fcrcher Gesch\u00e4ftsliegenschaft Stadelhoferpassage erworben.\" \/>\n<meta property=\"og:url\" content=\"https:\/\/www.immobilienbusiness.ch\/de\/regionen\/2021-05-26\/zuerich-turidomus-kauft-die-stadelhoferpassage\/\" \/>\n<meta property=\"og:site_name\" content=\"IMMOBILIEN Business\" \/>\n<meta property=\"article:publisher\" content=\"https:\/\/www.facebook.com\/immobilienbusiness\/\" \/>\n<meta property=\"article:published_time\" content=\"2021-05-26T06:15:52+00:00\" \/>\n<meta property=\"og:image\" content=\"https:\/\/www.immobilienbusiness.ch\/wp-content\/uploads\/2021\/05\/Zuerich_Stadelhoferpassage-c-Turidomus-Anlagestiftung.jpg\" \/>\n\t<meta property=\"og:image:width\" content=\"644\" \/>\n\t<meta property=\"og:image:height\" content=\"429\" \/>\n\t<meta property=\"og:image:type\" content=\"image\/jpeg\" \/>\n<meta name=\"author\" content=\"anja.hall\" \/>\n<meta name=\"twitter:card\" content=\"summary_large_image\" \/>\n<meta name=\"twitter:image\" content=\"https:\/\/www.immobilienbusiness.ch\/wp-content\/uploads\/2021\/05\/Zuerich_Stadelhoferpassage-c-Turidomus-Anlagestiftung.jpg\" \/>\n<script type=\"application\/ld+json\" class=\"yoast-schema-graph\">{\"@context\":\"https:\\\/\\\/schema.org\",\"@graph\":[{\"@type\":\"Article\",\"@id\":\"https:\\\/\\\/www.immobilienbusiness.ch\\\/it\\\/regionen\\\/2021-05-26\\\/zuerich-turidomus-kauft-die-stadelhoferpassage\\\/#article\",\"isPartOf\":{\"@id\":\"https:\\\/\\\/www.immobilienbusiness.ch\\\/it\\\/regionen\\\/2021-05-26\\\/zuerich-turidomus-kauft-die-stadelhoferpassage\\\/\"},\"author\":{\"name\":\"anja.hall\",\"@id\":\"https:\\\/\\\/www.immobilienbusiness.ch\\\/#\\\/schema\\\/person\\\/3fc036297b10b9f42d6db5ee932af8c8\"},\"headline\":\"Z\u00fcrich: Turidomus kauft die Stadelhoferpassage\",\"datePublished\":\"2021-05-26T06:15:52+00:00\",\"mainEntityOfPage\":{\"@id\":\"https:\\\/\\\/www.immobilienbusiness.ch\\\/it\\\/regionen\\\/2021-05-26\\\/zuerich-turidomus-kauft-die-stadelhoferpassage\\\/\"},\"wordCount\":182,\"publisher\":{\"@id\":\"https:\\\/\\\/www.immobilienbusiness.ch\\\/#organization\"},\"image\":{\"@id\":\"https:\\\/\\\/www.immobilienbusiness.ch\\\/it\\\/regionen\\\/2021-05-26\\\/zuerich-turidomus-kauft-die-stadelhoferpassage\\\/#primaryimage\"},\"thumbnailUrl\":\"https:\\\/\\\/www.immobilienbusiness.ch\\\/wp-content\\\/uploads\\\/2021\\\/05\\\/Zuerich_Stadelhoferpassage-c-Turidomus-Anlagestiftung.jpg\",\"keywords\":[\"B\u00fcroimmobilien\",\"Immobilienverkauf\",\"Retailfl\u00e4chen\",\"Swiss Prime Site\",\"Z\u00fcrich\"],\"articleSection\":[\"REGIONEN\"],\"inLanguage\":\"de\"},{\"@type\":\"WebPage\",\"@id\":\"https:\\\/\\\/www.immobilienbusiness.ch\\\/it\\\/regionen\\\/2021-05-26\\\/zuerich-turidomus-kauft-die-stadelhoferpassage\\\/\",\"url\":\"https:\\\/\\\/www.immobilienbusiness.ch\\\/it\\\/regionen\\\/2021-05-26\\\/zuerich-turidomus-kauft-die-stadelhoferpassage\\\/\",\"name\":\"Z\u00fcrich: Turidomus kauft die Stadelhoferpassage - IMMOBILIEN Business\",\"isPartOf\":{\"@id\":\"https:\\\/\\\/www.immobilienbusiness.ch\\\/#website\"},\"primaryImageOfPage\":{\"@id\":\"https:\\\/\\\/www.immobilienbusiness.ch\\\/it\\\/regionen\\\/2021-05-26\\\/zuerich-turidomus-kauft-die-stadelhoferpassage\\\/#primaryimage\"},\"image\":{\"@id\":\"https:\\\/\\\/www.immobilienbusiness.ch\\\/it\\\/regionen\\\/2021-05-26\\\/zuerich-turidomus-kauft-die-stadelhoferpassage\\\/#primaryimage\"},\"thumbnailUrl\":\"https:\\\/\\\/www.immobilienbusiness.ch\\\/wp-content\\\/uploads\\\/2021\\\/05\\\/Zuerich_Stadelhoferpassage-c-Turidomus-Anlagestiftung.jpg\",\"datePublished\":\"2021-05-26T06:15:52+00:00\",\"description\":\"F\u00fcr ihre Anlagegruppe Urban & Mixed-use hat die Anlagestiftung Turidomus die zentral gelegene Z\u00fcrcher Gesch\u00e4ftsliegenschaft Stadelhoferpassage erworben.\",\"breadcrumb\":{\"@id\":\"https:\\\/\\\/www.immobilienbusiness.ch\\\/it\\\/regionen\\\/2021-05-26\\\/zuerich-turidomus-kauft-die-stadelhoferpassage\\\/#breadcrumb\"},\"inLanguage\":\"de\",\"potentialAction\":[{\"@type\":\"ReadAction\",\"target\":[\"https:\\\/\\\/www.immobilienbusiness.ch\\\/it\\\/regionen\\\/2021-05-26\\\/zuerich-turidomus-kauft-die-stadelhoferpassage\\\/\"]}]},{\"@type\":\"ImageObject\",\"inLanguage\":\"de\",\"@id\":\"https:\\\/\\\/www.immobilienbusiness.ch\\\/it\\\/regionen\\\/2021-05-26\\\/zuerich-turidomus-kauft-die-stadelhoferpassage\\\/#primaryimage\",\"url\":\"https:\\\/\\\/www.immobilienbusiness.ch\\\/wp-content\\\/uploads\\\/2021\\\/05\\\/Zuerich_Stadelhoferpassage-c-Turidomus-Anlagestiftung.jpg\",\"contentUrl\":\"https:\\\/\\\/www.immobilienbusiness.ch\\\/wp-content\\\/uploads\\\/2021\\\/05\\\/Zuerich_Stadelhoferpassage-c-Turidomus-Anlagestiftung.jpg\",\"width\":644,\"height\":429,\"caption\":\"Die Stadelhoferpassage in Z\u00fcrich (Bild: Turidomus Anlagestiftung)\"},{\"@type\":\"BreadcrumbList\",\"@id\":\"https:\\\/\\\/www.immobilienbusiness.ch\\\/it\\\/regionen\\\/2021-05-26\\\/zuerich-turidomus-kauft-die-stadelhoferpassage\\\/#breadcrumb\",\"itemListElement\":[{\"@type\":\"ListItem\",\"position\":1,\"name\":\"Home\",\"item\":\"https:\\\/\\\/www.immobilienbusiness.ch\\\/\"},{\"@type\":\"ListItem\",\"position\":2,\"name\":\"Z\u00fcrich: Turidomus kauft die Stadelhoferpassage\"}]},{\"@type\":\"WebSite\",\"@id\":\"https:\\\/\\\/www.immobilienbusiness.ch\\\/#website\",\"url\":\"https:\\\/\\\/www.immobilienbusiness.ch\\\/\",\"name\":\"IMMOBILIEN Business\",\"description\":\"Unabh\u00e4ngiges Schweizer Wirtschaftsmagazin mit Fokus auf Immobilien, Architektur- und Bau sowie Investment- und Finanzierung.\",\"publisher\":{\"@id\":\"https:\\\/\\\/www.immobilienbusiness.ch\\\/#organization\"},\"potentialAction\":[{\"@type\":\"SearchAction\",\"target\":{\"@type\":\"EntryPoint\",\"urlTemplate\":\"https:\\\/\\\/www.immobilienbusiness.ch\\\/?s={search_term_string}\"},\"query-input\":{\"@type\":\"PropertyValueSpecification\",\"valueRequired\":true,\"valueName\":\"search_term_string\"}}],\"inLanguage\":\"de\"},{\"@type\":\"Organization\",\"@id\":\"https:\\\/\\\/www.immobilienbusiness.ch\\\/#organization\",\"name\":\"IMMOBILIEN Business\",\"url\":\"https:\\\/\\\/www.immobilienbusiness.ch\\\/\",\"logo\":{\"@type\":\"ImageObject\",\"inLanguage\":\"de\",\"@id\":\"https:\\\/\\\/www.immobilienbusiness.ch\\\/#\\\/schema\\\/logo\\\/image\\\/\",\"url\":\"https:\\\/\\\/www.immobilienbusiness.ch\\\/wp-content\\\/uploads\\\/2021\\\/07\\\/logo_ib.png\",\"contentUrl\":\"https:\\\/\\\/www.immobilienbusiness.ch\\\/wp-content\\\/uploads\\\/2021\\\/07\\\/logo_ib.png\",\"width\":800,\"height\":181,\"caption\":\"IMMOBILIEN Business\"},\"image\":{\"@id\":\"https:\\\/\\\/www.immobilienbusiness.ch\\\/#\\\/schema\\\/logo\\\/image\\\/\"},\"sameAs\":[\"https:\\\/\\\/www.facebook.com\\\/immobilienbusiness\\\/\"]},{\"@type\":\"Person\",\"@id\":\"https:\\\/\\\/www.immobilienbusiness.ch\\\/#\\\/schema\\\/person\\\/3fc036297b10b9f42d6db5ee932af8c8\",\"name\":\"anja.hall\",\"image\":{\"@type\":\"ImageObject\",\"inLanguage\":\"de\",\"@id\":\"https:\\\/\\\/secure.gravatar.com\\\/avatar\\\/066b5a0d447013502c71a5782f4f3469f03cfe595cc2329fb94652fe47511bfb?s=96&d=mm&r=g\",\"url\":\"https:\\\/\\\/secure.gravatar.com\\\/avatar\\\/066b5a0d447013502c71a5782f4f3469f03cfe595cc2329fb94652fe47511bfb?s=96&d=mm&r=g\",\"contentUrl\":\"https:\\\/\\\/secure.gravatar.com\\\/avatar\\\/066b5a0d447013502c71a5782f4f3469f03cfe595cc2329fb94652fe47511bfb?s=96&d=mm&r=g\",\"caption\":\"anja.hall\"},\"url\":\"https:\\\/\\\/www.immobilienbusiness.ch\\\/de\\\/author\\\/anja-hall\\\/\"}]}<\/script>\n<!-- \/ Yoast SEO plugin. -->","yoast_head_json":{"title":"Z\u00fcrich: Turidomus kauft die Stadelhoferpassage - IMMOBILIEN Business","description":"F\u00fcr ihre Anlagegruppe Urban & Mixed-use hat die Anlagestiftung Turidomus die zentral gelegene Z\u00fcrcher Gesch\u00e4ftsliegenschaft Stadelhoferpassage erworben.","robots":{"index":"index","follow":"follow","max-snippet":"max-snippet:-1","max-image-preview":"max-image-preview:large","max-video-preview":"max-video-preview:-1"},"canonical":"https:\/\/www.immobilienbusiness.ch\/de\/regionen\/2021-05-26\/zuerich-turidomus-kauft-die-stadelhoferpassage\/","og_locale":"de_DE","og_type":"article","og_title":"Z\u00fcrich: Turidomus kauft die Stadelhoferpassage - IMMOBILIEN Business","og_description":"F\u00fcr ihre Anlagegruppe Urban & Mixed-use hat die Anlagestiftung Turidomus die zentral gelegene Z\u00fcrcher Gesch\u00e4ftsliegenschaft Stadelhoferpassage erworben.","og_url":"https:\/\/www.immobilienbusiness.ch\/de\/regionen\/2021-05-26\/zuerich-turidomus-kauft-die-stadelhoferpassage\/","og_site_name":"IMMOBILIEN Business","article_publisher":"https:\/\/www.facebook.com\/immobilienbusiness\/","article_published_time":"2021-05-26T06:15:52+00:00","og_image":[{"width":644,"height":429,"url":"https:\/\/www.immobilienbusiness.ch\/wp-content\/uploads\/2021\/05\/Zuerich_Stadelhoferpassage-c-Turidomus-Anlagestiftung.jpg","type":"image\/jpeg"}],"author":"anja.hall","twitter_card":"summary_large_image","twitter_image":"https:\/\/www.immobilienbusiness.ch\/wp-content\/uploads\/2021\/05\/Zuerich_Stadelhoferpassage-c-Turidomus-Anlagestiftung.jpg","schema":{"@context":"https:\/\/schema.org","@graph":[{"@type":"Article","@id":"https:\/\/www.immobilienbusiness.ch\/it\/regionen\/2021-05-26\/zuerich-turidomus-kauft-die-stadelhoferpassage\/#article","isPartOf":{"@id":"https:\/\/www.immobilienbusiness.ch\/it\/regionen\/2021-05-26\/zuerich-turidomus-kauft-die-stadelhoferpassage\/"},"author":{"name":"anja.hall","@id":"https:\/\/www.immobilienbusiness.ch\/#\/schema\/person\/3fc036297b10b9f42d6db5ee932af8c8"},"headline":"Z\u00fcrich: Turidomus kauft die Stadelhoferpassage","datePublished":"2021-05-26T06:15:52+00:00","mainEntityOfPage":{"@id":"https:\/\/www.immobilienbusiness.ch\/it\/regionen\/2021-05-26\/zuerich-turidomus-kauft-die-stadelhoferpassage\/"},"wordCount":182,"publisher":{"@id":"https:\/\/www.immobilienbusiness.ch\/#organization"},"image":{"@id":"https:\/\/www.immobilienbusiness.ch\/it\/regionen\/2021-05-26\/zuerich-turidomus-kauft-die-stadelhoferpassage\/#primaryimage"},"thumbnailUrl":"https:\/\/www.immobilienbusiness.ch\/wp-content\/uploads\/2021\/05\/Zuerich_Stadelhoferpassage-c-Turidomus-Anlagestiftung.jpg","keywords":["B\u00fcroimmobilien","Immobilienverkauf","Retailfl\u00e4chen","Swiss Prime Site","Z\u00fcrich"],"articleSection":["REGIONEN"],"inLanguage":"de"},{"@type":"WebPage","@id":"https:\/\/www.immobilienbusiness.ch\/it\/regionen\/2021-05-26\/zuerich-turidomus-kauft-die-stadelhoferpassage\/","url":"https:\/\/www.immobilienbusiness.ch\/it\/regionen\/2021-05-26\/zuerich-turidomus-kauft-die-stadelhoferpassage\/","name":"Z\u00fcrich: Turidomus kauft die Stadelhoferpassage - IMMOBILIEN Business","isPartOf":{"@id":"https:\/\/www.immobilienbusiness.ch\/#website"},"primaryImageOfPage":{"@id":"https:\/\/www.immobilienbusiness.ch\/it\/regionen\/2021-05-26\/zuerich-turidomus-kauft-die-stadelhoferpassage\/#primaryimage"},"image":{"@id":"https:\/\/www.immobilienbusiness.ch\/it\/regionen\/2021-05-26\/zuerich-turidomus-kauft-die-stadelhoferpassage\/#primaryimage"},"thumbnailUrl":"https:\/\/www.immobilienbusiness.ch\/wp-content\/uploads\/2021\/05\/Zuerich_Stadelhoferpassage-c-Turidomus-Anlagestiftung.jpg","datePublished":"2021-05-26T06:15:52+00:00","description":"F\u00fcr ihre Anlagegruppe Urban & Mixed-use hat die Anlagestiftung Turidomus die zentral gelegene Z\u00fcrcher Gesch\u00e4ftsliegenschaft Stadelhoferpassage erworben.","breadcrumb":{"@id":"https:\/\/www.immobilienbusiness.ch\/it\/regionen\/2021-05-26\/zuerich-turidomus-kauft-die-stadelhoferpassage\/#breadcrumb"},"inLanguage":"de","potentialAction":[{"@type":"ReadAction","target":["https:\/\/www.immobilienbusiness.ch\/it\/regionen\/2021-05-26\/zuerich-turidomus-kauft-die-stadelhoferpassage\/"]}]},{"@type":"ImageObject","inLanguage":"de","@id":"https:\/\/www.immobilienbusiness.ch\/it\/regionen\/2021-05-26\/zuerich-turidomus-kauft-die-stadelhoferpassage\/#primaryimage","url":"https:\/\/www.immobilienbusiness.ch\/wp-content\/uploads\/2021\/05\/Zuerich_Stadelhoferpassage-c-Turidomus-Anlagestiftung.jpg","contentUrl":"https:\/\/www.immobilienbusiness.ch\/wp-content\/uploads\/2021\/05\/Zuerich_Stadelhoferpassage-c-Turidomus-Anlagestiftung.jpg","width":644,"height":429,"caption":"Die Stadelhoferpassage in Z\u00fcrich (Bild: Turidomus Anlagestiftung)"},{"@type":"BreadcrumbList","@id":"https:\/\/www.immobilienbusiness.ch\/it\/regionen\/2021-05-26\/zuerich-turidomus-kauft-die-stadelhoferpassage\/#breadcrumb","itemListElement":[{"@type":"ListItem","position":1,"name":"Home","item":"https:\/\/www.immobilienbusiness.ch\/"},{"@type":"ListItem","position":2,"name":"Z\u00fcrich: Turidomus kauft die Stadelhoferpassage"}]},{"@type":"WebSite","@id":"https:\/\/www.immobilienbusiness.ch\/#website","url":"https:\/\/www.immobilienbusiness.ch\/","name":"IMMOBILIEN Business","description":"Unabh\u00e4ngiges Schweizer Wirtschaftsmagazin mit Fokus auf Immobilien, Architektur- und Bau sowie Investment- und Finanzierung.","publisher":{"@id":"https:\/\/www.immobilienbusiness.ch\/#organization"},"potentialAction":[{"@type":"SearchAction","target":{"@type":"EntryPoint","urlTemplate":"https:\/\/www.immobilienbusiness.ch\/?s={search_term_string}"},"query-input":{"@type":"PropertyValueSpecification","valueRequired":true,"valueName":"search_term_string"}}],"inLanguage":"de"},{"@type":"Organization","@id":"https:\/\/www.immobilienbusiness.ch\/#organization","name":"IMMOBILIEN Business","url":"https:\/\/www.immobilienbusiness.ch\/","logo":{"@type":"ImageObject","inLanguage":"de","@id":"https:\/\/www.immobilienbusiness.ch\/#\/schema\/logo\/image\/","url":"https:\/\/www.immobilienbusiness.ch\/wp-content\/uploads\/2021\/07\/logo_ib.png","contentUrl":"https:\/\/www.immobilienbusiness.ch\/wp-content\/uploads\/2021\/07\/logo_ib.png","width":800,"height":181,"caption":"IMMOBILIEN Business"},"image":{"@id":"https:\/\/www.immobilienbusiness.ch\/#\/schema\/logo\/image\/"},"sameAs":["https:\/\/www.facebook.com\/immobilienbusiness\/"]},{"@type":"Person","@id":"https:\/\/www.immobilienbusiness.ch\/#\/schema\/person\/3fc036297b10b9f42d6db5ee932af8c8","name":"anja.hall","image":{"@type":"ImageObject","inLanguage":"de","@id":"https:\/\/secure.gravatar.com\/avatar\/066b5a0d447013502c71a5782f4f3469f03cfe595cc2329fb94652fe47511bfb?s=96&d=mm&r=g","url":"https:\/\/secure.gravatar.com\/avatar\/066b5a0d447013502c71a5782f4f3469f03cfe595cc2329fb94652fe47511bfb?s=96&d=mm&r=g","contentUrl":"https:\/\/secure.gravatar.com\/avatar\/066b5a0d447013502c71a5782f4f3469f03cfe595cc2329fb94652fe47511bfb?s=96&d=mm&r=g","caption":"anja.hall"},"url":"https:\/\/www.immobilienbusiness.ch\/de\/author\/anja-hall\/"}]}},"_links":{"self":[{"href":"https:\/\/www.immobilienbusiness.ch\/de\/wp-json\/wp\/v2\/posts\/24243","targetHints":{"allow":["GET"]}}],"collection":[{"href":"https:\/\/www.immobilienbusiness.ch\/de\/wp-json\/wp\/v2\/posts"}],"about":[{"href":"https:\/\/www.immobilienbusiness.ch\/de\/wp-json\/wp\/v2\/types\/post"}],"author":[{"embeddable":true,"href":"https:\/\/www.immobilienbusiness.ch\/de\/wp-json\/wp\/v2\/users\/3"}],"replies":[{"embeddable":true,"href":"https:\/\/www.immobilienbusiness.ch\/de\/wp-json\/wp\/v2\/comments?post=24243"}],"version-history":[{"count":0,"href":"https:\/\/www.immobilienbusiness.ch\/de\/wp-json\/wp\/v2\/posts\/24243\/revisions"}],"wp:featuredmedia":[{"embeddable":true,"href":"https:\/\/www.immobilienbusiness.ch\/de\/wp-json\/wp\/v2\/media\/24244"}],"wp:attachment":[{"href":"https:\/\/www.immobilienbusiness.ch\/de\/wp-json\/wp\/v2\/media?parent=24243"}],"wp:term":[{"taxonomy":"category","embeddable":true,"href":"https:\/\/www.immobilienbusiness.ch\/de\/wp-json\/wp\/v2\/categories?post=24243"},{"taxonomy":"post_tag","embeddable":true,"href":"https:\/\/www.immobilienbusiness.ch\/de\/wp-json\/wp\/v2\/tags?post=24243"}],"curies":[{"name":"wp","href":"https:\/\/api.w.org\/{rel}","templated":true}]}}