{"id":24122,"date":"2021-05-10T09:32:29","date_gmt":"2021-05-10T07:32:29","guid":{"rendered":"https:\/\/www.immobilienbusiness.ch\/?p=24122"},"modified":"2023-08-09T19:16:34","modified_gmt":"2023-08-09T17:16:34","slug":"basel-kanton-baut-forschungszentrum-fuer-kindermedizin","status":"publish","type":"post","link":"https:\/\/www.immobilienbusiness.ch\/de\/regionen\/2021-05-10\/basel-kanton-baut-forschungszentrum-fuer-kindermedizin\/","title":{"rendered":"Basel: Kanton baut Forschungszentrum f\u00fcr Kindermedizin"},"content":{"rendered":"<figure id=\"attachment_18531\" aria-describedby=\"caption-attachment-18531\" style=\"width: 300px\" class=\"wp-caption alignnone\"><img loading=\"lazy\" decoding=\"async\" class=\"wp-image-18531 size-medium\" src=\"https:\/\/www.immobilienbusiness.ch\/wp-content\/uploads\/2019\/09\/Basel-300x129.jpg\" alt=\"Basel\" width=\"300\" height=\"129\" srcset=\"https:\/\/www.immobilienbusiness.ch\/wp-content\/uploads\/2019\/09\/Basel-300x129.jpg 300w, https:\/\/www.immobilienbusiness.ch\/wp-content\/uploads\/2019\/09\/Basel-768x329.jpg 768w, https:\/\/www.immobilienbusiness.ch\/wp-content\/uploads\/2019\/09\/Basel-16x7.jpg 16w, https:\/\/www.immobilienbusiness.ch\/wp-content\/uploads\/2019\/09\/Basel-375x161.jpg 375w, https:\/\/www.immobilienbusiness.ch\/wp-content\/uploads\/2019\/09\/Basel-760x326.jpg 760w, https:\/\/www.immobilienbusiness.ch\/wp-content\/uploads\/2019\/09\/Basel-920x394.jpg 920w, https:\/\/www.immobilienbusiness.ch\/wp-content\/uploads\/2019\/09\/Basel.jpg 999w\" sizes=\"auto, (max-width: 300px) 100vw, 300px\" \/><figcaption id=\"caption-attachment-18531\" class=\"wp-caption-text\">Basel (Bild: bloodua &#8211; depositphotos)<\/figcaption><\/figure>\n<p>Der Kanton Basel-Stadt will das neue Forschungsgeb\u00e4ude f\u00fcr das BRCCH in Eigeninvestition realisieren und anschliessend an die Nutzerin und ihre Tr\u00e4gerhochschulen vermieten, teilt Immobilien Basel-Stadt mit. Das Geb\u00e4ude werde ein reiner B\u00fcrobau sein und soll an der Ecke Schanzenstrasse\/Spitalstrasse zu stehen kommen. Im Neubau sind Arbeitspl\u00e4tze f\u00fcr rund 100 Forschende vorgesehen.<\/p>\n<p>Seit dem 5. Mai 2021 ist ein anonymer Projektwettbewerb f\u00fcr ein Generalplanerteam ausgeschrieben. Im Rahmen des Verfahrens erwartet Immobilien Basel-Stadt L\u00f6sungen f\u00fcr die st\u00e4dtebaulich anspruchsvolle und sensible Geb\u00e4udeecke. Es werde ein CO2-emissionsarmes und nachhaltiges Geb\u00e4ude mit einer hohen Nutzungsflexibilit\u00e4t gesucht.<\/p>\n<p>Das BRCCH wurde 2019 mit Sitz in Basel gegr\u00fcndet und soll in den kommenden Jahren zu einem f\u00fchrenden anwendungsorientierten Forschungsinstitut f\u00fcr Kinder- und Jugendgesundheit werden. Finanziert wird das BRCCH durch Beitr\u00e4ge der Fondation Botnar, getragen wird es von der Universit\u00e4t Basel sowie der ETH Z\u00fcrich. In den kommenden Jahren sollen gemeinsam mit den beiden Universit\u00e4ten bis zu sechs neue Assistenz-Professuren mit Forschungsgruppen geschaffen werden. Mindestens vier davon will man im neuen Forschungszentrum unterbringen. <em>(ah)<\/em><\/p>\n","protected":false},"excerpt":{"rendered":"<p>In unmittelbarer Nachbarschaft zu den Universit\u00e4tsspit\u00e4lern UKBB und USB will der Kanton Basel-Stadt einen B\u00fcrobau f\u00fcr das Botnar Research Centre for Child Health (BRCCH) erstellen. <\/p>\n","protected":false},"author":3,"featured_media":18531,"comment_status":"closed","ping_status":"closed","sticky":false,"template":"","format":"standard","meta":{"_acf_changed":false,"_yoast_wpseo_focuskw":"Basel","_yoast_wpseo_title":"","_yoast_wpseo_metadesc":"In unmittelbarer Nachbarschaft zu den Universit\u00e4tsspit\u00e4lern UKBB und USB will der Kanton Basel-Stadt einen B\u00fcrobau erstellen.","_yoast_wpseo_linkdex":44,"pgc_sgb_lightbox_settings":"","footnotes":""},"categories":[985],"tags":[1069,1119,1600],"class_list":["post-24122","post","type-post","status-publish","format-standard","has-post-thumbnail","hentry","category-regionen","tag-basel","tag-bueroimmobilien","tag-projekt-in-planung"],"acf":[],"yoast_head":"<!-- This site is optimized with the Yoast SEO plugin v27.5 - https:\/\/yoast.com\/product\/yoast-seo-wordpress\/ -->\n<title>Basel: Kanton baut Forschungszentrum f\u00fcr Kindermedizin - IMMOBILIEN Business<\/title>\n<meta name=\"description\" content=\"In unmittelbarer Nachbarschaft zu den Universit\u00e4tsspit\u00e4lern UKBB und USB will der Kanton Basel-Stadt einen B\u00fcrobau erstellen.\" \/>\n<meta name=\"robots\" content=\"index, follow, max-snippet:-1, max-image-preview:large, max-video-preview:-1\" \/>\n<link rel=\"canonical\" href=\"https:\/\/www.immobilienbusiness.ch\/de\/regionen\/2021-05-10\/basel-kanton-baut-forschungszentrum-fuer-kindermedizin\/\" \/>\n<meta property=\"og:locale\" content=\"de_DE\" \/>\n<meta property=\"og:type\" content=\"article\" \/>\n<meta property=\"og:title\" content=\"Basel: Kanton baut Forschungszentrum f\u00fcr Kindermedizin - IMMOBILIEN Business\" \/>\n<meta property=\"og:description\" content=\"In unmittelbarer Nachbarschaft zu den Universit\u00e4tsspit\u00e4lern UKBB und USB will der Kanton Basel-Stadt einen B\u00fcrobau erstellen.\" \/>\n<meta property=\"og:url\" content=\"https:\/\/www.immobilienbusiness.ch\/de\/regionen\/2021-05-10\/basel-kanton-baut-forschungszentrum-fuer-kindermedizin\/\" \/>\n<meta property=\"og:site_name\" content=\"IMMOBILIEN Business\" \/>\n<meta property=\"article:publisher\" content=\"https:\/\/www.facebook.com\/immobilienbusiness\/\" \/>\n<meta property=\"article:published_time\" content=\"2021-05-10T07:32:29+00:00\" \/>\n<meta property=\"article:modified_time\" content=\"2023-08-09T17:16:34+00:00\" \/>\n<meta property=\"og:image\" content=\"https:\/\/www.immobilienbusiness.ch\/wp-content\/uploads\/2019\/09\/Basel.jpg\" \/>\n\t<meta property=\"og:image:width\" content=\"999\" \/>\n\t<meta property=\"og:image:height\" content=\"428\" \/>\n\t<meta property=\"og:image:type\" content=\"image\/jpeg\" \/>\n<meta name=\"author\" content=\"anja.hall\" \/>\n<meta name=\"twitter:card\" content=\"summary_large_image\" \/>\n<meta name=\"twitter:image\" content=\"https:\/\/www.immobilienbusiness.ch\/wp-content\/uploads\/2019\/09\/Basel.jpg\" \/>\n<script type=\"application\/ld+json\" class=\"yoast-schema-graph\">{\"@context\":\"https:\\\/\\\/schema.org\",\"@graph\":[{\"@type\":\"Article\",\"@id\":\"https:\\\/\\\/www.immobilienbusiness.ch\\\/en\\\/regionen\\\/2021-05-10\\\/basel-kanton-baut-forschungszentrum-fuer-kindermedizin\\\/#article\",\"isPartOf\":{\"@id\":\"https:\\\/\\\/www.immobilienbusiness.ch\\\/en\\\/regionen\\\/2021-05-10\\\/basel-kanton-baut-forschungszentrum-fuer-kindermedizin\\\/\"},\"author\":{\"name\":\"anja.hall\",\"@id\":\"https:\\\/\\\/www.immobilienbusiness.ch\\\/#\\\/schema\\\/person\\\/3fc036297b10b9f42d6db5ee932af8c8\"},\"headline\":\"Basel: Kanton baut Forschungszentrum f\u00fcr Kindermedizin\",\"datePublished\":\"2021-05-10T07:32:29+00:00\",\"dateModified\":\"2023-08-09T17:16:34+00:00\",\"mainEntityOfPage\":{\"@id\":\"https:\\\/\\\/www.immobilienbusiness.ch\\\/en\\\/regionen\\\/2021-05-10\\\/basel-kanton-baut-forschungszentrum-fuer-kindermedizin\\\/\"},\"wordCount\":203,\"publisher\":{\"@id\":\"https:\\\/\\\/www.immobilienbusiness.ch\\\/#organization\"},\"image\":{\"@id\":\"https:\\\/\\\/www.immobilienbusiness.ch\\\/en\\\/regionen\\\/2021-05-10\\\/basel-kanton-baut-forschungszentrum-fuer-kindermedizin\\\/#primaryimage\"},\"thumbnailUrl\":\"https:\\\/\\\/www.immobilienbusiness.ch\\\/wp-content\\\/uploads\\\/2019\\\/09\\\/Basel.jpg\",\"keywords\":[\"Basel\",\"B\u00fcroimmobilien\",\"Projekt in Planung\"],\"articleSection\":[\"REGIONEN\"],\"inLanguage\":\"de\"},{\"@type\":\"WebPage\",\"@id\":\"https:\\\/\\\/www.immobilienbusiness.ch\\\/en\\\/regionen\\\/2021-05-10\\\/basel-kanton-baut-forschungszentrum-fuer-kindermedizin\\\/\",\"url\":\"https:\\\/\\\/www.immobilienbusiness.ch\\\/en\\\/regionen\\\/2021-05-10\\\/basel-kanton-baut-forschungszentrum-fuer-kindermedizin\\\/\",\"name\":\"Basel: Kanton baut Forschungszentrum f\u00fcr Kindermedizin - IMMOBILIEN Business\",\"isPartOf\":{\"@id\":\"https:\\\/\\\/www.immobilienbusiness.ch\\\/#website\"},\"primaryImageOfPage\":{\"@id\":\"https:\\\/\\\/www.immobilienbusiness.ch\\\/en\\\/regionen\\\/2021-05-10\\\/basel-kanton-baut-forschungszentrum-fuer-kindermedizin\\\/#primaryimage\"},\"image\":{\"@id\":\"https:\\\/\\\/www.immobilienbusiness.ch\\\/en\\\/regionen\\\/2021-05-10\\\/basel-kanton-baut-forschungszentrum-fuer-kindermedizin\\\/#primaryimage\"},\"thumbnailUrl\":\"https:\\\/\\\/www.immobilienbusiness.ch\\\/wp-content\\\/uploads\\\/2019\\\/09\\\/Basel.jpg\",\"datePublished\":\"2021-05-10T07:32:29+00:00\",\"dateModified\":\"2023-08-09T17:16:34+00:00\",\"description\":\"In unmittelbarer Nachbarschaft zu den Universit\u00e4tsspit\u00e4lern UKBB und USB will der Kanton Basel-Stadt einen B\u00fcrobau erstellen.\",\"breadcrumb\":{\"@id\":\"https:\\\/\\\/www.immobilienbusiness.ch\\\/en\\\/regionen\\\/2021-05-10\\\/basel-kanton-baut-forschungszentrum-fuer-kindermedizin\\\/#breadcrumb\"},\"inLanguage\":\"de\",\"potentialAction\":[{\"@type\":\"ReadAction\",\"target\":[\"https:\\\/\\\/www.immobilienbusiness.ch\\\/en\\\/regionen\\\/2021-05-10\\\/basel-kanton-baut-forschungszentrum-fuer-kindermedizin\\\/\"]}]},{\"@type\":\"ImageObject\",\"inLanguage\":\"de\",\"@id\":\"https:\\\/\\\/www.immobilienbusiness.ch\\\/en\\\/regionen\\\/2021-05-10\\\/basel-kanton-baut-forschungszentrum-fuer-kindermedizin\\\/#primaryimage\",\"url\":\"https:\\\/\\\/www.immobilienbusiness.ch\\\/wp-content\\\/uploads\\\/2019\\\/09\\\/Basel.jpg\",\"contentUrl\":\"https:\\\/\\\/www.immobilienbusiness.ch\\\/wp-content\\\/uploads\\\/2019\\\/09\\\/Basel.jpg\",\"width\":999,\"height\":428,\"caption\":\"Basel (Bild: bloodua - depositphotos)\"},{\"@type\":\"BreadcrumbList\",\"@id\":\"https:\\\/\\\/www.immobilienbusiness.ch\\\/en\\\/regionen\\\/2021-05-10\\\/basel-kanton-baut-forschungszentrum-fuer-kindermedizin\\\/#breadcrumb\",\"itemListElement\":[{\"@type\":\"ListItem\",\"position\":1,\"name\":\"Home\",\"item\":\"https:\\\/\\\/www.immobilienbusiness.ch\\\/\"},{\"@type\":\"ListItem\",\"position\":2,\"name\":\"Basel: Kanton baut Forschungszentrum f\u00fcr Kindermedizin\"}]},{\"@type\":\"WebSite\",\"@id\":\"https:\\\/\\\/www.immobilienbusiness.ch\\\/#website\",\"url\":\"https:\\\/\\\/www.immobilienbusiness.ch\\\/\",\"name\":\"IMMOBILIEN Business\",\"description\":\"Unabh\u00e4ngiges Schweizer Wirtschaftsmagazin mit Fokus auf Immobilien, Architektur- und Bau sowie Investment- und Finanzierung.\",\"publisher\":{\"@id\":\"https:\\\/\\\/www.immobilienbusiness.ch\\\/#organization\"},\"potentialAction\":[{\"@type\":\"SearchAction\",\"target\":{\"@type\":\"EntryPoint\",\"urlTemplate\":\"https:\\\/\\\/www.immobilienbusiness.ch\\\/?s={search_term_string}\"},\"query-input\":{\"@type\":\"PropertyValueSpecification\",\"valueRequired\":true,\"valueName\":\"search_term_string\"}}],\"inLanguage\":\"de\"},{\"@type\":\"Organization\",\"@id\":\"https:\\\/\\\/www.immobilienbusiness.ch\\\/#organization\",\"name\":\"IMMOBILIEN Business\",\"url\":\"https:\\\/\\\/www.immobilienbusiness.ch\\\/\",\"logo\":{\"@type\":\"ImageObject\",\"inLanguage\":\"de\",\"@id\":\"https:\\\/\\\/www.immobilienbusiness.ch\\\/#\\\/schema\\\/logo\\\/image\\\/\",\"url\":\"https:\\\/\\\/www.immobilienbusiness.ch\\\/wp-content\\\/uploads\\\/2021\\\/07\\\/logo_ib.png\",\"contentUrl\":\"https:\\\/\\\/www.immobilienbusiness.ch\\\/wp-content\\\/uploads\\\/2021\\\/07\\\/logo_ib.png\",\"width\":800,\"height\":181,\"caption\":\"IMMOBILIEN Business\"},\"image\":{\"@id\":\"https:\\\/\\\/www.immobilienbusiness.ch\\\/#\\\/schema\\\/logo\\\/image\\\/\"},\"sameAs\":[\"https:\\\/\\\/www.facebook.com\\\/immobilienbusiness\\\/\"]},{\"@type\":\"Person\",\"@id\":\"https:\\\/\\\/www.immobilienbusiness.ch\\\/#\\\/schema\\\/person\\\/3fc036297b10b9f42d6db5ee932af8c8\",\"name\":\"anja.hall\",\"image\":{\"@type\":\"ImageObject\",\"inLanguage\":\"de\",\"@id\":\"https:\\\/\\\/secure.gravatar.com\\\/avatar\\\/066b5a0d447013502c71a5782f4f3469f03cfe595cc2329fb94652fe47511bfb?s=96&d=mm&r=g\",\"url\":\"https:\\\/\\\/secure.gravatar.com\\\/avatar\\\/066b5a0d447013502c71a5782f4f3469f03cfe595cc2329fb94652fe47511bfb?s=96&d=mm&r=g\",\"contentUrl\":\"https:\\\/\\\/secure.gravatar.com\\\/avatar\\\/066b5a0d447013502c71a5782f4f3469f03cfe595cc2329fb94652fe47511bfb?s=96&d=mm&r=g\",\"caption\":\"anja.hall\"},\"url\":\"https:\\\/\\\/www.immobilienbusiness.ch\\\/de\\\/author\\\/anja-hall\\\/\"}]}<\/script>\n<!-- \/ Yoast SEO plugin. -->","yoast_head_json":{"title":"Basel: Kanton baut Forschungszentrum f\u00fcr Kindermedizin - IMMOBILIEN Business","description":"In unmittelbarer Nachbarschaft zu den Universit\u00e4tsspit\u00e4lern UKBB und USB will der Kanton Basel-Stadt einen B\u00fcrobau erstellen.","robots":{"index":"index","follow":"follow","max-snippet":"max-snippet:-1","max-image-preview":"max-image-preview:large","max-video-preview":"max-video-preview:-1"},"canonical":"https:\/\/www.immobilienbusiness.ch\/de\/regionen\/2021-05-10\/basel-kanton-baut-forschungszentrum-fuer-kindermedizin\/","og_locale":"de_DE","og_type":"article","og_title":"Basel: Kanton baut Forschungszentrum f\u00fcr Kindermedizin - IMMOBILIEN Business","og_description":"In unmittelbarer Nachbarschaft zu den Universit\u00e4tsspit\u00e4lern UKBB und USB will der Kanton Basel-Stadt einen B\u00fcrobau erstellen.","og_url":"https:\/\/www.immobilienbusiness.ch\/de\/regionen\/2021-05-10\/basel-kanton-baut-forschungszentrum-fuer-kindermedizin\/","og_site_name":"IMMOBILIEN Business","article_publisher":"https:\/\/www.facebook.com\/immobilienbusiness\/","article_published_time":"2021-05-10T07:32:29+00:00","article_modified_time":"2023-08-09T17:16:34+00:00","og_image":[{"width":999,"height":428,"url":"https:\/\/www.immobilienbusiness.ch\/wp-content\/uploads\/2019\/09\/Basel.jpg","type":"image\/jpeg"}],"author":"anja.hall","twitter_card":"summary_large_image","twitter_image":"https:\/\/www.immobilienbusiness.ch\/wp-content\/uploads\/2019\/09\/Basel.jpg","schema":{"@context":"https:\/\/schema.org","@graph":[{"@type":"Article","@id":"https:\/\/www.immobilienbusiness.ch\/en\/regionen\/2021-05-10\/basel-kanton-baut-forschungszentrum-fuer-kindermedizin\/#article","isPartOf":{"@id":"https:\/\/www.immobilienbusiness.ch\/en\/regionen\/2021-05-10\/basel-kanton-baut-forschungszentrum-fuer-kindermedizin\/"},"author":{"name":"anja.hall","@id":"https:\/\/www.immobilienbusiness.ch\/#\/schema\/person\/3fc036297b10b9f42d6db5ee932af8c8"},"headline":"Basel: Kanton baut Forschungszentrum f\u00fcr Kindermedizin","datePublished":"2021-05-10T07:32:29+00:00","dateModified":"2023-08-09T17:16:34+00:00","mainEntityOfPage":{"@id":"https:\/\/www.immobilienbusiness.ch\/en\/regionen\/2021-05-10\/basel-kanton-baut-forschungszentrum-fuer-kindermedizin\/"},"wordCount":203,"publisher":{"@id":"https:\/\/www.immobilienbusiness.ch\/#organization"},"image":{"@id":"https:\/\/www.immobilienbusiness.ch\/en\/regionen\/2021-05-10\/basel-kanton-baut-forschungszentrum-fuer-kindermedizin\/#primaryimage"},"thumbnailUrl":"https:\/\/www.immobilienbusiness.ch\/wp-content\/uploads\/2019\/09\/Basel.jpg","keywords":["Basel","B\u00fcroimmobilien","Projekt in Planung"],"articleSection":["REGIONEN"],"inLanguage":"de"},{"@type":"WebPage","@id":"https:\/\/www.immobilienbusiness.ch\/en\/regionen\/2021-05-10\/basel-kanton-baut-forschungszentrum-fuer-kindermedizin\/","url":"https:\/\/www.immobilienbusiness.ch\/en\/regionen\/2021-05-10\/basel-kanton-baut-forschungszentrum-fuer-kindermedizin\/","name":"Basel: Kanton baut Forschungszentrum f\u00fcr Kindermedizin - IMMOBILIEN Business","isPartOf":{"@id":"https:\/\/www.immobilienbusiness.ch\/#website"},"primaryImageOfPage":{"@id":"https:\/\/www.immobilienbusiness.ch\/en\/regionen\/2021-05-10\/basel-kanton-baut-forschungszentrum-fuer-kindermedizin\/#primaryimage"},"image":{"@id":"https:\/\/www.immobilienbusiness.ch\/en\/regionen\/2021-05-10\/basel-kanton-baut-forschungszentrum-fuer-kindermedizin\/#primaryimage"},"thumbnailUrl":"https:\/\/www.immobilienbusiness.ch\/wp-content\/uploads\/2019\/09\/Basel.jpg","datePublished":"2021-05-10T07:32:29+00:00","dateModified":"2023-08-09T17:16:34+00:00","description":"In unmittelbarer Nachbarschaft zu den Universit\u00e4tsspit\u00e4lern UKBB und USB will der Kanton Basel-Stadt einen B\u00fcrobau erstellen.","breadcrumb":{"@id":"https:\/\/www.immobilienbusiness.ch\/en\/regionen\/2021-05-10\/basel-kanton-baut-forschungszentrum-fuer-kindermedizin\/#breadcrumb"},"inLanguage":"de","potentialAction":[{"@type":"ReadAction","target":["https:\/\/www.immobilienbusiness.ch\/en\/regionen\/2021-05-10\/basel-kanton-baut-forschungszentrum-fuer-kindermedizin\/"]}]},{"@type":"ImageObject","inLanguage":"de","@id":"https:\/\/www.immobilienbusiness.ch\/en\/regionen\/2021-05-10\/basel-kanton-baut-forschungszentrum-fuer-kindermedizin\/#primaryimage","url":"https:\/\/www.immobilienbusiness.ch\/wp-content\/uploads\/2019\/09\/Basel.jpg","contentUrl":"https:\/\/www.immobilienbusiness.ch\/wp-content\/uploads\/2019\/09\/Basel.jpg","width":999,"height":428,"caption":"Basel (Bild: bloodua - depositphotos)"},{"@type":"BreadcrumbList","@id":"https:\/\/www.immobilienbusiness.ch\/en\/regionen\/2021-05-10\/basel-kanton-baut-forschungszentrum-fuer-kindermedizin\/#breadcrumb","itemListElement":[{"@type":"ListItem","position":1,"name":"Home","item":"https:\/\/www.immobilienbusiness.ch\/"},{"@type":"ListItem","position":2,"name":"Basel: Kanton baut Forschungszentrum f\u00fcr Kindermedizin"}]},{"@type":"WebSite","@id":"https:\/\/www.immobilienbusiness.ch\/#website","url":"https:\/\/www.immobilienbusiness.ch\/","name":"IMMOBILIEN Business","description":"Unabh\u00e4ngiges Schweizer Wirtschaftsmagazin mit Fokus auf Immobilien, Architektur- und Bau sowie Investment- und Finanzierung.","publisher":{"@id":"https:\/\/www.immobilienbusiness.ch\/#organization"},"potentialAction":[{"@type":"SearchAction","target":{"@type":"EntryPoint","urlTemplate":"https:\/\/www.immobilienbusiness.ch\/?s={search_term_string}"},"query-input":{"@type":"PropertyValueSpecification","valueRequired":true,"valueName":"search_term_string"}}],"inLanguage":"de"},{"@type":"Organization","@id":"https:\/\/www.immobilienbusiness.ch\/#organization","name":"IMMOBILIEN Business","url":"https:\/\/www.immobilienbusiness.ch\/","logo":{"@type":"ImageObject","inLanguage":"de","@id":"https:\/\/www.immobilienbusiness.ch\/#\/schema\/logo\/image\/","url":"https:\/\/www.immobilienbusiness.ch\/wp-content\/uploads\/2021\/07\/logo_ib.png","contentUrl":"https:\/\/www.immobilienbusiness.ch\/wp-content\/uploads\/2021\/07\/logo_ib.png","width":800,"height":181,"caption":"IMMOBILIEN Business"},"image":{"@id":"https:\/\/www.immobilienbusiness.ch\/#\/schema\/logo\/image\/"},"sameAs":["https:\/\/www.facebook.com\/immobilienbusiness\/"]},{"@type":"Person","@id":"https:\/\/www.immobilienbusiness.ch\/#\/schema\/person\/3fc036297b10b9f42d6db5ee932af8c8","name":"anja.hall","image":{"@type":"ImageObject","inLanguage":"de","@id":"https:\/\/secure.gravatar.com\/avatar\/066b5a0d447013502c71a5782f4f3469f03cfe595cc2329fb94652fe47511bfb?s=96&d=mm&r=g","url":"https:\/\/secure.gravatar.com\/avatar\/066b5a0d447013502c71a5782f4f3469f03cfe595cc2329fb94652fe47511bfb?s=96&d=mm&r=g","contentUrl":"https:\/\/secure.gravatar.com\/avatar\/066b5a0d447013502c71a5782f4f3469f03cfe595cc2329fb94652fe47511bfb?s=96&d=mm&r=g","caption":"anja.hall"},"url":"https:\/\/www.immobilienbusiness.ch\/de\/author\/anja-hall\/"}]}},"_links":{"self":[{"href":"https:\/\/www.immobilienbusiness.ch\/de\/wp-json\/wp\/v2\/posts\/24122","targetHints":{"allow":["GET"]}}],"collection":[{"href":"https:\/\/www.immobilienbusiness.ch\/de\/wp-json\/wp\/v2\/posts"}],"about":[{"href":"https:\/\/www.immobilienbusiness.ch\/de\/wp-json\/wp\/v2\/types\/post"}],"author":[{"embeddable":true,"href":"https:\/\/www.immobilienbusiness.ch\/de\/wp-json\/wp\/v2\/users\/3"}],"replies":[{"embeddable":true,"href":"https:\/\/www.immobilienbusiness.ch\/de\/wp-json\/wp\/v2\/comments?post=24122"}],"version-history":[{"count":1,"href":"https:\/\/www.immobilienbusiness.ch\/de\/wp-json\/wp\/v2\/posts\/24122\/revisions"}],"predecessor-version":[{"id":51699,"href":"https:\/\/www.immobilienbusiness.ch\/de\/wp-json\/wp\/v2\/posts\/24122\/revisions\/51699"}],"wp:featuredmedia":[{"embeddable":true,"href":"https:\/\/www.immobilienbusiness.ch\/de\/wp-json\/wp\/v2\/media\/18531"}],"wp:attachment":[{"href":"https:\/\/www.immobilienbusiness.ch\/de\/wp-json\/wp\/v2\/media?parent=24122"}],"wp:term":[{"taxonomy":"category","embeddable":true,"href":"https:\/\/www.immobilienbusiness.ch\/de\/wp-json\/wp\/v2\/categories?post=24122"},{"taxonomy":"post_tag","embeddable":true,"href":"https:\/\/www.immobilienbusiness.ch\/de\/wp-json\/wp\/v2\/tags?post=24122"}],"curies":[{"name":"wp","href":"https:\/\/api.w.org\/{rel}","templated":true}]}}