{"id":24119,"date":"2021-05-10T09:10:35","date_gmt":"2021-05-10T07:10:35","guid":{"rendered":"https:\/\/www.immobilienbusiness.ch\/?p=24119"},"modified":"2021-05-10T09:10:35","modified_gmt":"2021-05-10T07:10:35","slug":"neue-geschaeftsleitung-fuer-move-consultants","status":"publish","type":"post","link":"https:\/\/www.immobilienbusiness.ch\/de\/unternehmen\/2021-05-10\/neue-geschaeftsleitung-fuer-move-consultants\/","title":{"rendered":"Neue Gesch\u00e4ftsleitung f\u00fcr Move Consultants"},"content":{"rendered":"<figure id=\"attachment_24120\" aria-describedby=\"caption-attachment-24120\" style=\"width: 680px\" class=\"wp-caption alignnone\"><img loading=\"lazy\" decoding=\"async\" class=\"size-medium wp-image-24120\" src=\"https:\/\/www.immobilienbusiness.ch\/wp-content\/uploads\/2021\/05\/Doppelbild-Webseite.jpg\" alt=\"\" width=\"680\" height=\"456\" srcset=\"https:\/\/www.immobilienbusiness.ch\/wp-content\/uploads\/2021\/05\/Doppelbild-Webseite.jpg 2560w, https:\/\/www.immobilienbusiness.ch\/wp-content\/uploads\/2021\/05\/Doppelbild-Webseite-300x201.jpg 300w, https:\/\/www.immobilienbusiness.ch\/wp-content\/uploads\/2021\/05\/Doppelbild-Webseite-1024x686.jpg 1024w, https:\/\/www.immobilienbusiness.ch\/wp-content\/uploads\/2021\/05\/Doppelbild-Webseite-768x515.jpg 768w, https:\/\/www.immobilienbusiness.ch\/wp-content\/uploads\/2021\/05\/Doppelbild-Webseite-1536x1029.jpg 1536w, https:\/\/www.immobilienbusiness.ch\/wp-content\/uploads\/2021\/05\/Doppelbild-Webseite-2048x1372.jpg 2048w, https:\/\/www.immobilienbusiness.ch\/wp-content\/uploads\/2021\/05\/Doppelbild-Webseite-16x12.jpg 16w, https:\/\/www.immobilienbusiness.ch\/wp-content\/uploads\/2021\/05\/Doppelbild-Webseite-261x175.jpg 261w, https:\/\/www.immobilienbusiness.ch\/wp-content\/uploads\/2021\/05\/Doppelbild-Webseite-522x350.jpg 522w, https:\/\/www.immobilienbusiness.ch\/wp-content\/uploads\/2021\/05\/Doppelbild-Webseite-1194x800.jpg 1194w, https:\/\/www.immobilienbusiness.ch\/wp-content\/uploads\/2021\/05\/Doppelbild-Webseite-920x616.jpg 920w, https:\/\/www.immobilienbusiness.ch\/wp-content\/uploads\/2021\/05\/Doppelbild-Webseite-1400x938.jpg 1400w\" sizes=\"auto, (max-width: 680px) 100vw, 680px\" \/><figcaption id=\"caption-attachment-24120\" class=\"wp-caption-text\">Tilo Verwold und Manuel Senn (Bild: Vebego)<\/figcaption><\/figure>\n<p>Manuel Senn, der sich als CEO auf die strategische Weiterentwicklung von Move Consultants konzentrieren soll, war die letzten f\u00fcnf Jahre Leiter strategisches Facility Management bei Mobimo in K\u00fcsnacht. Der 36-J\u00e4hrige hat einen Bachelor of Science ZFH in Facility Management und einen Master of Advanced Studies ZFH in nachhaltigem Bauen. Derzeit absolviert er eine Weiterbildung am Center for Urban &amp; Real Estate Management (Curem) der Universit\u00e4t Z\u00fcrich.<\/p>\n<p>Tilo Verwold (55) leitete in den letzten zehn Jahren die Gruppe Workplace Operations bei Novartis und den Bereich Building and Workplace Operations bei F. Hoffmann-La Roche in Basel. Er ist Architekt und hat General Management an der Middlesex University London studiert.<\/p>\n<p>Sowohl Senn als auch Verwold w\u00fcrden Move Consultants aus langj\u00e4hriger Zusammenarbeit in ihren fr\u00fcheren Funktionen kennen, teilt das Unternehmen mit. Move Consultants wurde 1998 vom heutigen Verwaltungsratspr\u00e4sidenten Dr. Andreas Meister gegr\u00fcndet. Seit 2019 geh\u00f6rt die Firma zur Vebego Schweiz Holding, und seit 2020 ist Meister Verwaltungsratspr\u00e4sident von Move. Seine Position als Gesch\u00e4ftsf\u00fchrer hat zwischenzeitlich Steffen G\u00fcrtler \u00fcbernommen. Er wird sie noch bis zum Antritt von Senn und Verwold am 1. August innehalten und dann das Unternehmen verlassen.<\/p>\n<p>Move Consultants ist im Bereich Datentreuhand, digitales Fl\u00e4chenmanagement, Facility Management Consulting und dem Betreiben und Transformieren von Arbeitswelten t\u00e4tig. K\u00fcnftig will das Unternehmen vor allem den Bereich Data Trust ausbauen und vermehrt grosse Immobilieneigent\u00fcmer bei der digitalen Transformation betreuen. <em>(ah)<\/em><\/p>\n","protected":false},"excerpt":{"rendered":"<p>Das Beratungsunternehmen Move Consultants wird ab August von einer Doppelspitze gef\u00fchrt: Manuel Senn wird Chief Executive Officer und Tilo Verwold Managing Director Operation.<\/p>\n","protected":false},"author":3,"featured_media":24120,"comment_status":"closed","ping_status":"open","sticky":false,"template":"","format":"standard","meta":{"_acf_changed":false,"_yoast_wpseo_focuskw":"Move Consultants","_yoast_wpseo_title":"","_yoast_wpseo_metadesc":"Move Consultants wird ab August von einer Doppelspitze gef\u00fchrt: Manuel Senn wird Chief Executive Officer und Tilo Verwold Managing Director Operation.","_yoast_wpseo_linkdex":60,"pgc_sgb_lightbox_settings":"","footnotes":""},"categories":[988],"tags":[1336,1563],"class_list":["post-24119","post","type-post","status-publish","format-standard","has-post-thumbnail","hentry","category-unternehmen","tag-immobilienberatungsunternehmen","tag-personalia"],"acf":[],"yoast_head":"<!-- This site is optimized with the Yoast SEO plugin v27.4 - https:\/\/yoast.com\/product\/yoast-seo-wordpress\/ -->\n<title>Neue Gesch\u00e4ftsleitung f\u00fcr Move Consultants - IMMOBILIEN Business<\/title>\n<meta name=\"description\" content=\"Move Consultants wird ab August von einer Doppelspitze gef\u00fchrt: Manuel Senn wird Chief Executive Officer und Tilo Verwold Managing Director Operation.\" \/>\n<meta name=\"robots\" content=\"index, follow, max-snippet:-1, max-image-preview:large, max-video-preview:-1\" \/>\n<link rel=\"canonical\" href=\"https:\/\/www.immobilienbusiness.ch\/de\/unternehmen\/2021-05-10\/neue-geschaeftsleitung-fuer-move-consultants\/\" \/>\n<meta property=\"og:locale\" content=\"de_DE\" \/>\n<meta property=\"og:type\" content=\"article\" \/>\n<meta property=\"og:title\" content=\"Neue Gesch\u00e4ftsleitung f\u00fcr Move Consultants - IMMOBILIEN Business\" \/>\n<meta property=\"og:description\" content=\"Move Consultants wird ab August von einer Doppelspitze gef\u00fchrt: Manuel Senn wird Chief Executive Officer und Tilo Verwold Managing Director Operation.\" \/>\n<meta property=\"og:url\" content=\"https:\/\/www.immobilienbusiness.ch\/de\/unternehmen\/2021-05-10\/neue-geschaeftsleitung-fuer-move-consultants\/\" \/>\n<meta property=\"og:site_name\" content=\"IMMOBILIEN Business\" \/>\n<meta property=\"article:publisher\" content=\"https:\/\/www.facebook.com\/immobilienbusiness\/\" \/>\n<meta property=\"article:published_time\" content=\"2021-05-10T07:10:35+00:00\" \/>\n<meta property=\"og:image\" content=\"https:\/\/www.immobilienbusiness.ch\/wp-content\/uploads\/2021\/05\/Doppelbild-Webseite-1024x686.jpg\" \/>\n\t<meta property=\"og:image:width\" content=\"1024\" \/>\n\t<meta property=\"og:image:height\" content=\"686\" \/>\n\t<meta property=\"og:image:type\" content=\"image\/jpeg\" \/>\n<meta name=\"author\" content=\"anja.hall\" \/>\n<meta name=\"twitter:card\" content=\"summary_large_image\" \/>\n<meta name=\"twitter:image\" content=\"https:\/\/www.immobilienbusiness.ch\/wp-content\/uploads\/2021\/05\/Doppelbild-Webseite.jpg\" \/>\n<script type=\"application\/ld+json\" class=\"yoast-schema-graph\">{\"@context\":\"https:\\\/\\\/schema.org\",\"@graph\":[{\"@type\":\"Article\",\"@id\":\"https:\\\/\\\/www.immobilienbusiness.ch\\\/unternehmen\\\/2021-05-10\\\/neue-geschaeftsleitung-fuer-move-consultants\\\/#article\",\"isPartOf\":{\"@id\":\"https:\\\/\\\/www.immobilienbusiness.ch\\\/unternehmen\\\/2021-05-10\\\/neue-geschaeftsleitung-fuer-move-consultants\\\/\"},\"author\":{\"name\":\"anja.hall\",\"@id\":\"https:\\\/\\\/www.immobilienbusiness.ch\\\/#\\\/schema\\\/person\\\/3fc036297b10b9f42d6db5ee932af8c8\"},\"headline\":\"Neue Gesch\u00e4ftsleitung f\u00fcr Move Consultants\",\"datePublished\":\"2021-05-10T07:10:35+00:00\",\"mainEntityOfPage\":{\"@id\":\"https:\\\/\\\/www.immobilienbusiness.ch\\\/unternehmen\\\/2021-05-10\\\/neue-geschaeftsleitung-fuer-move-consultants\\\/\"},\"wordCount\":259,\"publisher\":{\"@id\":\"https:\\\/\\\/www.immobilienbusiness.ch\\\/#organization\"},\"image\":{\"@id\":\"https:\\\/\\\/www.immobilienbusiness.ch\\\/unternehmen\\\/2021-05-10\\\/neue-geschaeftsleitung-fuer-move-consultants\\\/#primaryimage\"},\"thumbnailUrl\":\"https:\\\/\\\/www.immobilienbusiness.ch\\\/wp-content\\\/uploads\\\/2021\\\/05\\\/Doppelbild-Webseite.jpg\",\"keywords\":[\"Immobilienberatungsunternehmen\",\"Personalia\"],\"articleSection\":[\"UNTERNEHMEN\"],\"inLanguage\":\"de\"},{\"@type\":\"WebPage\",\"@id\":\"https:\\\/\\\/www.immobilienbusiness.ch\\\/unternehmen\\\/2021-05-10\\\/neue-geschaeftsleitung-fuer-move-consultants\\\/\",\"url\":\"https:\\\/\\\/www.immobilienbusiness.ch\\\/unternehmen\\\/2021-05-10\\\/neue-geschaeftsleitung-fuer-move-consultants\\\/\",\"name\":\"Neue Gesch\u00e4ftsleitung f\u00fcr Move Consultants - IMMOBILIEN Business\",\"isPartOf\":{\"@id\":\"https:\\\/\\\/www.immobilienbusiness.ch\\\/#website\"},\"primaryImageOfPage\":{\"@id\":\"https:\\\/\\\/www.immobilienbusiness.ch\\\/unternehmen\\\/2021-05-10\\\/neue-geschaeftsleitung-fuer-move-consultants\\\/#primaryimage\"},\"image\":{\"@id\":\"https:\\\/\\\/www.immobilienbusiness.ch\\\/unternehmen\\\/2021-05-10\\\/neue-geschaeftsleitung-fuer-move-consultants\\\/#primaryimage\"},\"thumbnailUrl\":\"https:\\\/\\\/www.immobilienbusiness.ch\\\/wp-content\\\/uploads\\\/2021\\\/05\\\/Doppelbild-Webseite.jpg\",\"datePublished\":\"2021-05-10T07:10:35+00:00\",\"description\":\"Move Consultants wird ab August von einer Doppelspitze gef\u00fchrt: Manuel Senn wird Chief Executive Officer und Tilo Verwold Managing Director Operation.\",\"breadcrumb\":{\"@id\":\"https:\\\/\\\/www.immobilienbusiness.ch\\\/unternehmen\\\/2021-05-10\\\/neue-geschaeftsleitung-fuer-move-consultants\\\/#breadcrumb\"},\"inLanguage\":\"de\",\"potentialAction\":[{\"@type\":\"ReadAction\",\"target\":[\"https:\\\/\\\/www.immobilienbusiness.ch\\\/unternehmen\\\/2021-05-10\\\/neue-geschaeftsleitung-fuer-move-consultants\\\/\"]}]},{\"@type\":\"ImageObject\",\"inLanguage\":\"de\",\"@id\":\"https:\\\/\\\/www.immobilienbusiness.ch\\\/unternehmen\\\/2021-05-10\\\/neue-geschaeftsleitung-fuer-move-consultants\\\/#primaryimage\",\"url\":\"https:\\\/\\\/www.immobilienbusiness.ch\\\/wp-content\\\/uploads\\\/2021\\\/05\\\/Doppelbild-Webseite.jpg\",\"contentUrl\":\"https:\\\/\\\/www.immobilienbusiness.ch\\\/wp-content\\\/uploads\\\/2021\\\/05\\\/Doppelbild-Webseite.jpg\",\"width\":2560,\"height\":1715,\"caption\":\"Tilo Verwold und Manuel Senn (Bild: Vebego)\"},{\"@type\":\"BreadcrumbList\",\"@id\":\"https:\\\/\\\/www.immobilienbusiness.ch\\\/unternehmen\\\/2021-05-10\\\/neue-geschaeftsleitung-fuer-move-consultants\\\/#breadcrumb\",\"itemListElement\":[{\"@type\":\"ListItem\",\"position\":1,\"name\":\"Home\",\"item\":\"https:\\\/\\\/www.immobilienbusiness.ch\\\/\"},{\"@type\":\"ListItem\",\"position\":2,\"name\":\"Neue Gesch\u00e4ftsleitung f\u00fcr Move Consultants\"}]},{\"@type\":\"WebSite\",\"@id\":\"https:\\\/\\\/www.immobilienbusiness.ch\\\/#website\",\"url\":\"https:\\\/\\\/www.immobilienbusiness.ch\\\/\",\"name\":\"IMMOBILIEN Business\",\"description\":\"Unabh\u00e4ngiges Schweizer Wirtschaftsmagazin mit Fokus auf Immobilien, Architektur- und Bau sowie Investment- und Finanzierung.\",\"publisher\":{\"@id\":\"https:\\\/\\\/www.immobilienbusiness.ch\\\/#organization\"},\"potentialAction\":[{\"@type\":\"SearchAction\",\"target\":{\"@type\":\"EntryPoint\",\"urlTemplate\":\"https:\\\/\\\/www.immobilienbusiness.ch\\\/?s={search_term_string}\"},\"query-input\":{\"@type\":\"PropertyValueSpecification\",\"valueRequired\":true,\"valueName\":\"search_term_string\"}}],\"inLanguage\":\"de\"},{\"@type\":\"Organization\",\"@id\":\"https:\\\/\\\/www.immobilienbusiness.ch\\\/#organization\",\"name\":\"IMMOBILIEN Business\",\"url\":\"https:\\\/\\\/www.immobilienbusiness.ch\\\/\",\"logo\":{\"@type\":\"ImageObject\",\"inLanguage\":\"de\",\"@id\":\"https:\\\/\\\/www.immobilienbusiness.ch\\\/#\\\/schema\\\/logo\\\/image\\\/\",\"url\":\"https:\\\/\\\/www.immobilienbusiness.ch\\\/wp-content\\\/uploads\\\/2021\\\/07\\\/logo_ib.png\",\"contentUrl\":\"https:\\\/\\\/www.immobilienbusiness.ch\\\/wp-content\\\/uploads\\\/2021\\\/07\\\/logo_ib.png\",\"width\":800,\"height\":181,\"caption\":\"IMMOBILIEN Business\"},\"image\":{\"@id\":\"https:\\\/\\\/www.immobilienbusiness.ch\\\/#\\\/schema\\\/logo\\\/image\\\/\"},\"sameAs\":[\"https:\\\/\\\/www.facebook.com\\\/immobilienbusiness\\\/\"]},{\"@type\":\"Person\",\"@id\":\"https:\\\/\\\/www.immobilienbusiness.ch\\\/#\\\/schema\\\/person\\\/3fc036297b10b9f42d6db5ee932af8c8\",\"name\":\"anja.hall\",\"image\":{\"@type\":\"ImageObject\",\"inLanguage\":\"de\",\"@id\":\"https:\\\/\\\/secure.gravatar.com\\\/avatar\\\/066b5a0d447013502c71a5782f4f3469f03cfe595cc2329fb94652fe47511bfb?s=96&d=mm&r=g\",\"url\":\"https:\\\/\\\/secure.gravatar.com\\\/avatar\\\/066b5a0d447013502c71a5782f4f3469f03cfe595cc2329fb94652fe47511bfb?s=96&d=mm&r=g\",\"contentUrl\":\"https:\\\/\\\/secure.gravatar.com\\\/avatar\\\/066b5a0d447013502c71a5782f4f3469f03cfe595cc2329fb94652fe47511bfb?s=96&d=mm&r=g\",\"caption\":\"anja.hall\"},\"url\":\"https:\\\/\\\/www.immobilienbusiness.ch\\\/de\\\/author\\\/anja-hall\\\/\"}]}<\/script>\n<!-- \/ Yoast SEO plugin. -->","yoast_head_json":{"title":"Neue Gesch\u00e4ftsleitung f\u00fcr Move Consultants - IMMOBILIEN Business","description":"Move Consultants wird ab August von einer Doppelspitze gef\u00fchrt: Manuel Senn wird Chief Executive Officer und Tilo Verwold Managing Director Operation.","robots":{"index":"index","follow":"follow","max-snippet":"max-snippet:-1","max-image-preview":"max-image-preview:large","max-video-preview":"max-video-preview:-1"},"canonical":"https:\/\/www.immobilienbusiness.ch\/de\/unternehmen\/2021-05-10\/neue-geschaeftsleitung-fuer-move-consultants\/","og_locale":"de_DE","og_type":"article","og_title":"Neue Gesch\u00e4ftsleitung f\u00fcr Move Consultants - IMMOBILIEN Business","og_description":"Move Consultants wird ab August von einer Doppelspitze gef\u00fchrt: Manuel Senn wird Chief Executive Officer und Tilo Verwold Managing Director Operation.","og_url":"https:\/\/www.immobilienbusiness.ch\/de\/unternehmen\/2021-05-10\/neue-geschaeftsleitung-fuer-move-consultants\/","og_site_name":"IMMOBILIEN Business","article_publisher":"https:\/\/www.facebook.com\/immobilienbusiness\/","article_published_time":"2021-05-10T07:10:35+00:00","og_image":[{"width":1024,"height":686,"url":"https:\/\/www.immobilienbusiness.ch\/wp-content\/uploads\/2021\/05\/Doppelbild-Webseite-1024x686.jpg","type":"image\/jpeg"}],"author":"anja.hall","twitter_card":"summary_large_image","twitter_image":"https:\/\/www.immobilienbusiness.ch\/wp-content\/uploads\/2021\/05\/Doppelbild-Webseite.jpg","schema":{"@context":"https:\/\/schema.org","@graph":[{"@type":"Article","@id":"https:\/\/www.immobilienbusiness.ch\/unternehmen\/2021-05-10\/neue-geschaeftsleitung-fuer-move-consultants\/#article","isPartOf":{"@id":"https:\/\/www.immobilienbusiness.ch\/unternehmen\/2021-05-10\/neue-geschaeftsleitung-fuer-move-consultants\/"},"author":{"name":"anja.hall","@id":"https:\/\/www.immobilienbusiness.ch\/#\/schema\/person\/3fc036297b10b9f42d6db5ee932af8c8"},"headline":"Neue Gesch\u00e4ftsleitung f\u00fcr Move Consultants","datePublished":"2021-05-10T07:10:35+00:00","mainEntityOfPage":{"@id":"https:\/\/www.immobilienbusiness.ch\/unternehmen\/2021-05-10\/neue-geschaeftsleitung-fuer-move-consultants\/"},"wordCount":259,"publisher":{"@id":"https:\/\/www.immobilienbusiness.ch\/#organization"},"image":{"@id":"https:\/\/www.immobilienbusiness.ch\/unternehmen\/2021-05-10\/neue-geschaeftsleitung-fuer-move-consultants\/#primaryimage"},"thumbnailUrl":"https:\/\/www.immobilienbusiness.ch\/wp-content\/uploads\/2021\/05\/Doppelbild-Webseite.jpg","keywords":["Immobilienberatungsunternehmen","Personalia"],"articleSection":["UNTERNEHMEN"],"inLanguage":"de"},{"@type":"WebPage","@id":"https:\/\/www.immobilienbusiness.ch\/unternehmen\/2021-05-10\/neue-geschaeftsleitung-fuer-move-consultants\/","url":"https:\/\/www.immobilienbusiness.ch\/unternehmen\/2021-05-10\/neue-geschaeftsleitung-fuer-move-consultants\/","name":"Neue Gesch\u00e4ftsleitung f\u00fcr Move Consultants - IMMOBILIEN Business","isPartOf":{"@id":"https:\/\/www.immobilienbusiness.ch\/#website"},"primaryImageOfPage":{"@id":"https:\/\/www.immobilienbusiness.ch\/unternehmen\/2021-05-10\/neue-geschaeftsleitung-fuer-move-consultants\/#primaryimage"},"image":{"@id":"https:\/\/www.immobilienbusiness.ch\/unternehmen\/2021-05-10\/neue-geschaeftsleitung-fuer-move-consultants\/#primaryimage"},"thumbnailUrl":"https:\/\/www.immobilienbusiness.ch\/wp-content\/uploads\/2021\/05\/Doppelbild-Webseite.jpg","datePublished":"2021-05-10T07:10:35+00:00","description":"Move Consultants wird ab August von einer Doppelspitze gef\u00fchrt: Manuel Senn wird Chief Executive Officer und Tilo Verwold Managing Director Operation.","breadcrumb":{"@id":"https:\/\/www.immobilienbusiness.ch\/unternehmen\/2021-05-10\/neue-geschaeftsleitung-fuer-move-consultants\/#breadcrumb"},"inLanguage":"de","potentialAction":[{"@type":"ReadAction","target":["https:\/\/www.immobilienbusiness.ch\/unternehmen\/2021-05-10\/neue-geschaeftsleitung-fuer-move-consultants\/"]}]},{"@type":"ImageObject","inLanguage":"de","@id":"https:\/\/www.immobilienbusiness.ch\/unternehmen\/2021-05-10\/neue-geschaeftsleitung-fuer-move-consultants\/#primaryimage","url":"https:\/\/www.immobilienbusiness.ch\/wp-content\/uploads\/2021\/05\/Doppelbild-Webseite.jpg","contentUrl":"https:\/\/www.immobilienbusiness.ch\/wp-content\/uploads\/2021\/05\/Doppelbild-Webseite.jpg","width":2560,"height":1715,"caption":"Tilo Verwold und Manuel Senn (Bild: Vebego)"},{"@type":"BreadcrumbList","@id":"https:\/\/www.immobilienbusiness.ch\/unternehmen\/2021-05-10\/neue-geschaeftsleitung-fuer-move-consultants\/#breadcrumb","itemListElement":[{"@type":"ListItem","position":1,"name":"Home","item":"https:\/\/www.immobilienbusiness.ch\/"},{"@type":"ListItem","position":2,"name":"Neue Gesch\u00e4ftsleitung f\u00fcr Move Consultants"}]},{"@type":"WebSite","@id":"https:\/\/www.immobilienbusiness.ch\/#website","url":"https:\/\/www.immobilienbusiness.ch\/","name":"IMMOBILIEN Business","description":"Unabh\u00e4ngiges Schweizer Wirtschaftsmagazin mit Fokus auf Immobilien, Architektur- und Bau sowie Investment- und Finanzierung.","publisher":{"@id":"https:\/\/www.immobilienbusiness.ch\/#organization"},"potentialAction":[{"@type":"SearchAction","target":{"@type":"EntryPoint","urlTemplate":"https:\/\/www.immobilienbusiness.ch\/?s={search_term_string}"},"query-input":{"@type":"PropertyValueSpecification","valueRequired":true,"valueName":"search_term_string"}}],"inLanguage":"de"},{"@type":"Organization","@id":"https:\/\/www.immobilienbusiness.ch\/#organization","name":"IMMOBILIEN Business","url":"https:\/\/www.immobilienbusiness.ch\/","logo":{"@type":"ImageObject","inLanguage":"de","@id":"https:\/\/www.immobilienbusiness.ch\/#\/schema\/logo\/image\/","url":"https:\/\/www.immobilienbusiness.ch\/wp-content\/uploads\/2021\/07\/logo_ib.png","contentUrl":"https:\/\/www.immobilienbusiness.ch\/wp-content\/uploads\/2021\/07\/logo_ib.png","width":800,"height":181,"caption":"IMMOBILIEN Business"},"image":{"@id":"https:\/\/www.immobilienbusiness.ch\/#\/schema\/logo\/image\/"},"sameAs":["https:\/\/www.facebook.com\/immobilienbusiness\/"]},{"@type":"Person","@id":"https:\/\/www.immobilienbusiness.ch\/#\/schema\/person\/3fc036297b10b9f42d6db5ee932af8c8","name":"anja.hall","image":{"@type":"ImageObject","inLanguage":"de","@id":"https:\/\/secure.gravatar.com\/avatar\/066b5a0d447013502c71a5782f4f3469f03cfe595cc2329fb94652fe47511bfb?s=96&d=mm&r=g","url":"https:\/\/secure.gravatar.com\/avatar\/066b5a0d447013502c71a5782f4f3469f03cfe595cc2329fb94652fe47511bfb?s=96&d=mm&r=g","contentUrl":"https:\/\/secure.gravatar.com\/avatar\/066b5a0d447013502c71a5782f4f3469f03cfe595cc2329fb94652fe47511bfb?s=96&d=mm&r=g","caption":"anja.hall"},"url":"https:\/\/www.immobilienbusiness.ch\/de\/author\/anja-hall\/"}]}},"_links":{"self":[{"href":"https:\/\/www.immobilienbusiness.ch\/de\/wp-json\/wp\/v2\/posts\/24119","targetHints":{"allow":["GET"]}}],"collection":[{"href":"https:\/\/www.immobilienbusiness.ch\/de\/wp-json\/wp\/v2\/posts"}],"about":[{"href":"https:\/\/www.immobilienbusiness.ch\/de\/wp-json\/wp\/v2\/types\/post"}],"author":[{"embeddable":true,"href":"https:\/\/www.immobilienbusiness.ch\/de\/wp-json\/wp\/v2\/users\/3"}],"replies":[{"embeddable":true,"href":"https:\/\/www.immobilienbusiness.ch\/de\/wp-json\/wp\/v2\/comments?post=24119"}],"version-history":[{"count":0,"href":"https:\/\/www.immobilienbusiness.ch\/de\/wp-json\/wp\/v2\/posts\/24119\/revisions"}],"wp:featuredmedia":[{"embeddable":true,"href":"https:\/\/www.immobilienbusiness.ch\/de\/wp-json\/wp\/v2\/media\/24120"}],"wp:attachment":[{"href":"https:\/\/www.immobilienbusiness.ch\/de\/wp-json\/wp\/v2\/media?parent=24119"}],"wp:term":[{"taxonomy":"category","embeddable":true,"href":"https:\/\/www.immobilienbusiness.ch\/de\/wp-json\/wp\/v2\/categories?post=24119"},{"taxonomy":"post_tag","embeddable":true,"href":"https:\/\/www.immobilienbusiness.ch\/de\/wp-json\/wp\/v2\/tags?post=24119"}],"curies":[{"name":"wp","href":"https:\/\/api.w.org\/{rel}","templated":true}]}}