{"id":24038,"date":"2021-04-28T08:41:54","date_gmt":"2021-04-28T06:41:54","guid":{"rendered":"https:\/\/www.immobilienbusiness.ch\/?p=24038"},"modified":"2023-08-09T19:18:09","modified_gmt":"2023-08-09T17:18:09","slug":"zuerich-ueberbauung-des-koch-areals-nimmt-weiteren-schritt","status":"publish","type":"post","link":"https:\/\/www.immobilienbusiness.ch\/de\/regionen\/2021-04-28\/zuerich-ueberbauung-des-koch-areals-nimmt-weiteren-schritt\/","title":{"rendered":"Z\u00fcrich: \u00dcberbauung des Koch-Areals nimmt weiteren Schritt"},"content":{"rendered":"<div class=\"quickedit-field\" data-quickedit-field-id=\"node\/5219\/field_content\/de\/full\">\n<div>\n<div class=\"paragraph paragraph--type--text paragraph--view-mode--default\" data-quickedit-entity-id=\"paragraph\/5381\" data-quickedit-entity-instance-id=\"0\">\n<div data-quickedit-field-id=\"paragraph\/5381\/field_text\/de\/default\">\n<figure id=\"attachment_24039\" aria-describedby=\"caption-attachment-24039\" style=\"width: 300px\" class=\"wp-caption alignnone\"><img loading=\"lazy\" decoding=\"async\" class=\"wp-image-24039 size-medium\" src=\"https:\/\/www.immobilienbusiness.ch\/wp-content\/uploads\/2021\/04\/KA-BA_PARK_200602_s-300x200.jpg\" alt=\"Koch-Areal\" width=\"300\" height=\"200\" srcset=\"https:\/\/www.immobilienbusiness.ch\/wp-content\/uploads\/2021\/04\/KA-BA_PARK_200602_s-300x200.jpg 300w, https:\/\/www.immobilienbusiness.ch\/wp-content\/uploads\/2021\/04\/KA-BA_PARK_200602_s-1024x683.jpg 1024w, https:\/\/www.immobilienbusiness.ch\/wp-content\/uploads\/2021\/04\/KA-BA_PARK_200602_s-768x512.jpg 768w, https:\/\/www.immobilienbusiness.ch\/wp-content\/uploads\/2021\/04\/KA-BA_PARK_200602_s-1536x1024.jpg 1536w, https:\/\/www.immobilienbusiness.ch\/wp-content\/uploads\/2021\/04\/KA-BA_PARK_200602_s-2048x1365.jpg 2048w, https:\/\/www.immobilienbusiness.ch\/wp-content\/uploads\/2021\/04\/KA-BA_PARK_200602_s-16x12.jpg 16w, https:\/\/www.immobilienbusiness.ch\/wp-content\/uploads\/2021\/04\/KA-BA_PARK_200602_s-262x175.jpg 262w, https:\/\/www.immobilienbusiness.ch\/wp-content\/uploads\/2021\/04\/KA-BA_PARK_200602_s-525x350.jpg 525w, https:\/\/www.immobilienbusiness.ch\/wp-content\/uploads\/2021\/04\/KA-BA_PARK_200602_s-1200x800.jpg 1200w, https:\/\/www.immobilienbusiness.ch\/wp-content\/uploads\/2021\/04\/KA-BA_PARK_200602_s-920x613.jpg 920w, https:\/\/www.immobilienbusiness.ch\/wp-content\/uploads\/2021\/04\/KA-BA_PARK_200602_s-1400x933.jpg 1400w\" sizes=\"auto, (max-width: 300px) 100vw, 300px\" \/><figcaption id=\"caption-attachment-24039\" class=\"wp-caption-text\">Das Gewerbehaus MACH von Senn (Bil: Nora Walther Images, Senn Development AG)<\/figcaption><\/figure>\n<p>Die Stadt Z\u00fcrich hat das Areal im Dezember 2013 f\u00fcr 70 Mio. CHF erworben, im September 2017 gab sie der Allgemeinen Baugenossenschaft Z\u00fcrich (ABZ) und der Bau- und Wohngenossenschaft Kraftwerk1 den Zuschlag f\u00fcr den Bau der Wohnungen. Die Immobilienentwicklungsfirma Senn erhielt den Zuschlag f\u00fcr den Bau eines 10.000 qm bietenden Gewerbehauses (Projekttitel: \u00abMACH\u00bb), Gr\u00fcn Stadt Z\u00fcrich (GSZ) wird den Quartierpark erstellen. Alle Baurechte haben eine Laufzeit von 62 Jahren, mit der M\u00f6glichkeit f\u00fcr eine zweimalige Verl\u00e4ngerung um jeweils 15 Jahre. Die Baurechtsvertr\u00e4ge sichern der Stadt Z\u00fcrich j\u00e4hrliche Einnahmen von rund 580.000 CHF.<\/p>\n<p>Mit dem Start der Bauarbeiten rechnen die Stadt Z\u00fcrich und die Bautr\u00e4ger ab dem Jahr 2023, sobald die Planungsgrundlagen rechtskr\u00e4ftig und die entsprechenden Bewilligungen erteilt sind. Ein Teil des Koch-Areals ist derzeit besetzt; die Besetzung will die Stadt bis zum Baubeginn tolerieren. <em>(mr)<\/em><\/p>\n<\/div>\n<\/div>\n<\/div>\n<\/div>\n","protected":false},"excerpt":{"rendered":"<p>Der Stadtrat Z\u00fcrich hat die BZO-Teilrevision \u00abKoch-Areal\u00bb und den damit verbundenen privaten Gestaltungsplan gutgeheissen. Zusammen mit den Baurechtsvertr\u00e4gen sowie dem Objektkredit f\u00fcr den geplanten Quartierpark wurden die Dokumente dem Gemeinderat \u00fcberwiesen.<\/p>\n","protected":false},"author":3,"featured_media":24039,"comment_status":"closed","ping_status":"closed","sticky":false,"template":"","format":"standard","meta":{"_acf_changed":false,"_yoast_wpseo_focuskw":"Koch-Areal","_yoast_wpseo_title":"","_yoast_wpseo_metadesc":"Der Stadtrat Z\u00fcrich hat die BZO-Teilrevision \u00abKoch-Areal\u00bb und den damit verbundenen privaten Gestaltungsplan gutgeheissen.","_yoast_wpseo_linkdex":43,"pgc_sgb_lightbox_settings":"","footnotes":""},"categories":[985],"tags":[1119,1600,1863,1888],"class_list":["post-24038","post","type-post","status-publish","format-standard","has-post-thumbnail","hentry","category-regionen","tag-bueroimmobilien","tag-projekt-in-planung","tag-wohnimmobilien","tag-zuerich"],"acf":[],"yoast_head":"<!-- This site is optimized with the Yoast SEO plugin v27.4 - https:\/\/yoast.com\/product\/yoast-seo-wordpress\/ -->\n<title>Z\u00fcrich: \u00dcberbauung des Koch-Areals nimmt weiteren Schritt - IMMOBILIEN Business<\/title>\n<meta name=\"description\" content=\"Der Stadtrat Z\u00fcrich hat die BZO-Teilrevision \u00abKoch-Areal\u00bb und den damit verbundenen privaten Gestaltungsplan gutgeheissen.\" \/>\n<meta name=\"robots\" content=\"index, follow, max-snippet:-1, max-image-preview:large, max-video-preview:-1\" \/>\n<link rel=\"canonical\" href=\"https:\/\/www.immobilienbusiness.ch\/de\/regionen\/2021-04-28\/zuerich-ueberbauung-des-koch-areals-nimmt-weiteren-schritt\/\" \/>\n<meta property=\"og:locale\" content=\"de_DE\" \/>\n<meta property=\"og:type\" content=\"article\" \/>\n<meta property=\"og:title\" content=\"Z\u00fcrich: \u00dcberbauung des Koch-Areals nimmt weiteren Schritt - IMMOBILIEN Business\" \/>\n<meta property=\"og:description\" content=\"Der Stadtrat Z\u00fcrich hat die BZO-Teilrevision \u00abKoch-Areal\u00bb und den damit verbundenen privaten Gestaltungsplan gutgeheissen.\" \/>\n<meta property=\"og:url\" content=\"https:\/\/www.immobilienbusiness.ch\/de\/regionen\/2021-04-28\/zuerich-ueberbauung-des-koch-areals-nimmt-weiteren-schritt\/\" \/>\n<meta property=\"og:site_name\" content=\"IMMOBILIEN Business\" \/>\n<meta property=\"article:publisher\" content=\"https:\/\/www.facebook.com\/immobilienbusiness\/\" \/>\n<meta property=\"article:published_time\" content=\"2021-04-28T06:41:54+00:00\" \/>\n<meta property=\"article:modified_time\" content=\"2023-08-09T17:18:09+00:00\" \/>\n<meta property=\"og:image\" content=\"https:\/\/www.immobilienbusiness.ch\/wp-content\/uploads\/2021\/04\/KA-BA_PARK_200602_s-1024x683.jpg\" \/>\n\t<meta property=\"og:image:width\" content=\"1024\" \/>\n\t<meta property=\"og:image:height\" content=\"683\" \/>\n\t<meta property=\"og:image:type\" content=\"image\/jpeg\" \/>\n<meta name=\"author\" content=\"anja.hall\" \/>\n<meta name=\"twitter:card\" content=\"summary_large_image\" \/>\n<meta name=\"twitter:image\" content=\"https:\/\/www.immobilienbusiness.ch\/wp-content\/uploads\/2021\/04\/KA-BA_PARK_200602_s.jpg\" \/>\n<script type=\"application\/ld+json\" class=\"yoast-schema-graph\">{\"@context\":\"https:\\\/\\\/schema.org\",\"@graph\":[{\"@type\":\"Article\",\"@id\":\"https:\\\/\\\/www.immobilienbusiness.ch\\\/it\\\/regionen\\\/2021-04-28\\\/zuerich-ueberbauung-des-koch-areals-nimmt-weiteren-schritt\\\/#article\",\"isPartOf\":{\"@id\":\"https:\\\/\\\/www.immobilienbusiness.ch\\\/it\\\/regionen\\\/2021-04-28\\\/zuerich-ueberbauung-des-koch-areals-nimmt-weiteren-schritt\\\/\"},\"author\":{\"name\":\"anja.hall\",\"@id\":\"https:\\\/\\\/www.immobilienbusiness.ch\\\/#\\\/schema\\\/person\\\/3fc036297b10b9f42d6db5ee932af8c8\"},\"headline\":\"Z\u00fcrich: \u00dcberbauung des Koch-Areals nimmt weiteren Schritt\",\"datePublished\":\"2021-04-28T06:41:54+00:00\",\"dateModified\":\"2023-08-09T17:18:09+00:00\",\"mainEntityOfPage\":{\"@id\":\"https:\\\/\\\/www.immobilienbusiness.ch\\\/it\\\/regionen\\\/2021-04-28\\\/zuerich-ueberbauung-des-koch-areals-nimmt-weiteren-schritt\\\/\"},\"wordCount\":170,\"publisher\":{\"@id\":\"https:\\\/\\\/www.immobilienbusiness.ch\\\/#organization\"},\"image\":{\"@id\":\"https:\\\/\\\/www.immobilienbusiness.ch\\\/it\\\/regionen\\\/2021-04-28\\\/zuerich-ueberbauung-des-koch-areals-nimmt-weiteren-schritt\\\/#primaryimage\"},\"thumbnailUrl\":\"https:\\\/\\\/www.immobilienbusiness.ch\\\/wp-content\\\/uploads\\\/2021\\\/04\\\/KA-BA_PARK_200602_s.jpg\",\"keywords\":[\"B\u00fcroimmobilien\",\"Projekt in Planung\",\"Wohnimmobilien\",\"Z\u00fcrich\"],\"articleSection\":[\"REGIONEN\"],\"inLanguage\":\"de\"},{\"@type\":\"WebPage\",\"@id\":\"https:\\\/\\\/www.immobilienbusiness.ch\\\/it\\\/regionen\\\/2021-04-28\\\/zuerich-ueberbauung-des-koch-areals-nimmt-weiteren-schritt\\\/\",\"url\":\"https:\\\/\\\/www.immobilienbusiness.ch\\\/it\\\/regionen\\\/2021-04-28\\\/zuerich-ueberbauung-des-koch-areals-nimmt-weiteren-schritt\\\/\",\"name\":\"Z\u00fcrich: \u00dcberbauung des Koch-Areals nimmt weiteren Schritt - IMMOBILIEN Business\",\"isPartOf\":{\"@id\":\"https:\\\/\\\/www.immobilienbusiness.ch\\\/#website\"},\"primaryImageOfPage\":{\"@id\":\"https:\\\/\\\/www.immobilienbusiness.ch\\\/it\\\/regionen\\\/2021-04-28\\\/zuerich-ueberbauung-des-koch-areals-nimmt-weiteren-schritt\\\/#primaryimage\"},\"image\":{\"@id\":\"https:\\\/\\\/www.immobilienbusiness.ch\\\/it\\\/regionen\\\/2021-04-28\\\/zuerich-ueberbauung-des-koch-areals-nimmt-weiteren-schritt\\\/#primaryimage\"},\"thumbnailUrl\":\"https:\\\/\\\/www.immobilienbusiness.ch\\\/wp-content\\\/uploads\\\/2021\\\/04\\\/KA-BA_PARK_200602_s.jpg\",\"datePublished\":\"2021-04-28T06:41:54+00:00\",\"dateModified\":\"2023-08-09T17:18:09+00:00\",\"description\":\"Der Stadtrat Z\u00fcrich hat die BZO-Teilrevision \u00abKoch-Areal\u00bb und den damit verbundenen privaten Gestaltungsplan gutgeheissen.\",\"breadcrumb\":{\"@id\":\"https:\\\/\\\/www.immobilienbusiness.ch\\\/it\\\/regionen\\\/2021-04-28\\\/zuerich-ueberbauung-des-koch-areals-nimmt-weiteren-schritt\\\/#breadcrumb\"},\"inLanguage\":\"de\",\"potentialAction\":[{\"@type\":\"ReadAction\",\"target\":[\"https:\\\/\\\/www.immobilienbusiness.ch\\\/it\\\/regionen\\\/2021-04-28\\\/zuerich-ueberbauung-des-koch-areals-nimmt-weiteren-schritt\\\/\"]}]},{\"@type\":\"ImageObject\",\"inLanguage\":\"de\",\"@id\":\"https:\\\/\\\/www.immobilienbusiness.ch\\\/it\\\/regionen\\\/2021-04-28\\\/zuerich-ueberbauung-des-koch-areals-nimmt-weiteren-schritt\\\/#primaryimage\",\"url\":\"https:\\\/\\\/www.immobilienbusiness.ch\\\/wp-content\\\/uploads\\\/2021\\\/04\\\/KA-BA_PARK_200602_s.jpg\",\"contentUrl\":\"https:\\\/\\\/www.immobilienbusiness.ch\\\/wp-content\\\/uploads\\\/2021\\\/04\\\/KA-BA_PARK_200602_s.jpg\",\"width\":2560,\"height\":1707,\"caption\":\"Das Gewerbehaus MACH von Senn (Bil: Nora Walther Images, Senn Development AG)\"},{\"@type\":\"BreadcrumbList\",\"@id\":\"https:\\\/\\\/www.immobilienbusiness.ch\\\/it\\\/regionen\\\/2021-04-28\\\/zuerich-ueberbauung-des-koch-areals-nimmt-weiteren-schritt\\\/#breadcrumb\",\"itemListElement\":[{\"@type\":\"ListItem\",\"position\":1,\"name\":\"Home\",\"item\":\"https:\\\/\\\/www.immobilienbusiness.ch\\\/\"},{\"@type\":\"ListItem\",\"position\":2,\"name\":\"Z\u00fcrich: \u00dcberbauung des Koch-Areals nimmt weiteren Schritt\"}]},{\"@type\":\"WebSite\",\"@id\":\"https:\\\/\\\/www.immobilienbusiness.ch\\\/#website\",\"url\":\"https:\\\/\\\/www.immobilienbusiness.ch\\\/\",\"name\":\"IMMOBILIEN Business\",\"description\":\"Unabh\u00e4ngiges Schweizer Wirtschaftsmagazin mit Fokus auf Immobilien, Architektur- und Bau sowie Investment- und Finanzierung.\",\"publisher\":{\"@id\":\"https:\\\/\\\/www.immobilienbusiness.ch\\\/#organization\"},\"potentialAction\":[{\"@type\":\"SearchAction\",\"target\":{\"@type\":\"EntryPoint\",\"urlTemplate\":\"https:\\\/\\\/www.immobilienbusiness.ch\\\/?s={search_term_string}\"},\"query-input\":{\"@type\":\"PropertyValueSpecification\",\"valueRequired\":true,\"valueName\":\"search_term_string\"}}],\"inLanguage\":\"de\"},{\"@type\":\"Organization\",\"@id\":\"https:\\\/\\\/www.immobilienbusiness.ch\\\/#organization\",\"name\":\"IMMOBILIEN Business\",\"url\":\"https:\\\/\\\/www.immobilienbusiness.ch\\\/\",\"logo\":{\"@type\":\"ImageObject\",\"inLanguage\":\"de\",\"@id\":\"https:\\\/\\\/www.immobilienbusiness.ch\\\/#\\\/schema\\\/logo\\\/image\\\/\",\"url\":\"https:\\\/\\\/www.immobilienbusiness.ch\\\/wp-content\\\/uploads\\\/2021\\\/07\\\/logo_ib.png\",\"contentUrl\":\"https:\\\/\\\/www.immobilienbusiness.ch\\\/wp-content\\\/uploads\\\/2021\\\/07\\\/logo_ib.png\",\"width\":800,\"height\":181,\"caption\":\"IMMOBILIEN Business\"},\"image\":{\"@id\":\"https:\\\/\\\/www.immobilienbusiness.ch\\\/#\\\/schema\\\/logo\\\/image\\\/\"},\"sameAs\":[\"https:\\\/\\\/www.facebook.com\\\/immobilienbusiness\\\/\"]},{\"@type\":\"Person\",\"@id\":\"https:\\\/\\\/www.immobilienbusiness.ch\\\/#\\\/schema\\\/person\\\/3fc036297b10b9f42d6db5ee932af8c8\",\"name\":\"anja.hall\",\"image\":{\"@type\":\"ImageObject\",\"inLanguage\":\"de\",\"@id\":\"https:\\\/\\\/secure.gravatar.com\\\/avatar\\\/066b5a0d447013502c71a5782f4f3469f03cfe595cc2329fb94652fe47511bfb?s=96&d=mm&r=g\",\"url\":\"https:\\\/\\\/secure.gravatar.com\\\/avatar\\\/066b5a0d447013502c71a5782f4f3469f03cfe595cc2329fb94652fe47511bfb?s=96&d=mm&r=g\",\"contentUrl\":\"https:\\\/\\\/secure.gravatar.com\\\/avatar\\\/066b5a0d447013502c71a5782f4f3469f03cfe595cc2329fb94652fe47511bfb?s=96&d=mm&r=g\",\"caption\":\"anja.hall\"},\"url\":\"https:\\\/\\\/www.immobilienbusiness.ch\\\/de\\\/author\\\/anja-hall\\\/\"}]}<\/script>\n<!-- \/ Yoast SEO plugin. -->","yoast_head_json":{"title":"Z\u00fcrich: \u00dcberbauung des Koch-Areals nimmt weiteren Schritt - IMMOBILIEN Business","description":"Der Stadtrat Z\u00fcrich hat die BZO-Teilrevision \u00abKoch-Areal\u00bb und den damit verbundenen privaten Gestaltungsplan gutgeheissen.","robots":{"index":"index","follow":"follow","max-snippet":"max-snippet:-1","max-image-preview":"max-image-preview:large","max-video-preview":"max-video-preview:-1"},"canonical":"https:\/\/www.immobilienbusiness.ch\/de\/regionen\/2021-04-28\/zuerich-ueberbauung-des-koch-areals-nimmt-weiteren-schritt\/","og_locale":"de_DE","og_type":"article","og_title":"Z\u00fcrich: \u00dcberbauung des Koch-Areals nimmt weiteren Schritt - IMMOBILIEN Business","og_description":"Der Stadtrat Z\u00fcrich hat die BZO-Teilrevision \u00abKoch-Areal\u00bb und den damit verbundenen privaten Gestaltungsplan gutgeheissen.","og_url":"https:\/\/www.immobilienbusiness.ch\/de\/regionen\/2021-04-28\/zuerich-ueberbauung-des-koch-areals-nimmt-weiteren-schritt\/","og_site_name":"IMMOBILIEN Business","article_publisher":"https:\/\/www.facebook.com\/immobilienbusiness\/","article_published_time":"2021-04-28T06:41:54+00:00","article_modified_time":"2023-08-09T17:18:09+00:00","og_image":[{"width":1024,"height":683,"url":"https:\/\/www.immobilienbusiness.ch\/wp-content\/uploads\/2021\/04\/KA-BA_PARK_200602_s-1024x683.jpg","type":"image\/jpeg"}],"author":"anja.hall","twitter_card":"summary_large_image","twitter_image":"https:\/\/www.immobilienbusiness.ch\/wp-content\/uploads\/2021\/04\/KA-BA_PARK_200602_s.jpg","schema":{"@context":"https:\/\/schema.org","@graph":[{"@type":"Article","@id":"https:\/\/www.immobilienbusiness.ch\/it\/regionen\/2021-04-28\/zuerich-ueberbauung-des-koch-areals-nimmt-weiteren-schritt\/#article","isPartOf":{"@id":"https:\/\/www.immobilienbusiness.ch\/it\/regionen\/2021-04-28\/zuerich-ueberbauung-des-koch-areals-nimmt-weiteren-schritt\/"},"author":{"name":"anja.hall","@id":"https:\/\/www.immobilienbusiness.ch\/#\/schema\/person\/3fc036297b10b9f42d6db5ee932af8c8"},"headline":"Z\u00fcrich: \u00dcberbauung des Koch-Areals nimmt weiteren Schritt","datePublished":"2021-04-28T06:41:54+00:00","dateModified":"2023-08-09T17:18:09+00:00","mainEntityOfPage":{"@id":"https:\/\/www.immobilienbusiness.ch\/it\/regionen\/2021-04-28\/zuerich-ueberbauung-des-koch-areals-nimmt-weiteren-schritt\/"},"wordCount":170,"publisher":{"@id":"https:\/\/www.immobilienbusiness.ch\/#organization"},"image":{"@id":"https:\/\/www.immobilienbusiness.ch\/it\/regionen\/2021-04-28\/zuerich-ueberbauung-des-koch-areals-nimmt-weiteren-schritt\/#primaryimage"},"thumbnailUrl":"https:\/\/www.immobilienbusiness.ch\/wp-content\/uploads\/2021\/04\/KA-BA_PARK_200602_s.jpg","keywords":["B\u00fcroimmobilien","Projekt in Planung","Wohnimmobilien","Z\u00fcrich"],"articleSection":["REGIONEN"],"inLanguage":"de"},{"@type":"WebPage","@id":"https:\/\/www.immobilienbusiness.ch\/it\/regionen\/2021-04-28\/zuerich-ueberbauung-des-koch-areals-nimmt-weiteren-schritt\/","url":"https:\/\/www.immobilienbusiness.ch\/it\/regionen\/2021-04-28\/zuerich-ueberbauung-des-koch-areals-nimmt-weiteren-schritt\/","name":"Z\u00fcrich: \u00dcberbauung des Koch-Areals nimmt weiteren Schritt - IMMOBILIEN Business","isPartOf":{"@id":"https:\/\/www.immobilienbusiness.ch\/#website"},"primaryImageOfPage":{"@id":"https:\/\/www.immobilienbusiness.ch\/it\/regionen\/2021-04-28\/zuerich-ueberbauung-des-koch-areals-nimmt-weiteren-schritt\/#primaryimage"},"image":{"@id":"https:\/\/www.immobilienbusiness.ch\/it\/regionen\/2021-04-28\/zuerich-ueberbauung-des-koch-areals-nimmt-weiteren-schritt\/#primaryimage"},"thumbnailUrl":"https:\/\/www.immobilienbusiness.ch\/wp-content\/uploads\/2021\/04\/KA-BA_PARK_200602_s.jpg","datePublished":"2021-04-28T06:41:54+00:00","dateModified":"2023-08-09T17:18:09+00:00","description":"Der Stadtrat Z\u00fcrich hat die BZO-Teilrevision \u00abKoch-Areal\u00bb und den damit verbundenen privaten Gestaltungsplan gutgeheissen.","breadcrumb":{"@id":"https:\/\/www.immobilienbusiness.ch\/it\/regionen\/2021-04-28\/zuerich-ueberbauung-des-koch-areals-nimmt-weiteren-schritt\/#breadcrumb"},"inLanguage":"de","potentialAction":[{"@type":"ReadAction","target":["https:\/\/www.immobilienbusiness.ch\/it\/regionen\/2021-04-28\/zuerich-ueberbauung-des-koch-areals-nimmt-weiteren-schritt\/"]}]},{"@type":"ImageObject","inLanguage":"de","@id":"https:\/\/www.immobilienbusiness.ch\/it\/regionen\/2021-04-28\/zuerich-ueberbauung-des-koch-areals-nimmt-weiteren-schritt\/#primaryimage","url":"https:\/\/www.immobilienbusiness.ch\/wp-content\/uploads\/2021\/04\/KA-BA_PARK_200602_s.jpg","contentUrl":"https:\/\/www.immobilienbusiness.ch\/wp-content\/uploads\/2021\/04\/KA-BA_PARK_200602_s.jpg","width":2560,"height":1707,"caption":"Das Gewerbehaus MACH von Senn (Bil: Nora Walther Images, Senn Development AG)"},{"@type":"BreadcrumbList","@id":"https:\/\/www.immobilienbusiness.ch\/it\/regionen\/2021-04-28\/zuerich-ueberbauung-des-koch-areals-nimmt-weiteren-schritt\/#breadcrumb","itemListElement":[{"@type":"ListItem","position":1,"name":"Home","item":"https:\/\/www.immobilienbusiness.ch\/"},{"@type":"ListItem","position":2,"name":"Z\u00fcrich: \u00dcberbauung des Koch-Areals nimmt weiteren Schritt"}]},{"@type":"WebSite","@id":"https:\/\/www.immobilienbusiness.ch\/#website","url":"https:\/\/www.immobilienbusiness.ch\/","name":"IMMOBILIEN Business","description":"Unabh\u00e4ngiges Schweizer Wirtschaftsmagazin mit Fokus auf Immobilien, Architektur- und Bau sowie Investment- und Finanzierung.","publisher":{"@id":"https:\/\/www.immobilienbusiness.ch\/#organization"},"potentialAction":[{"@type":"SearchAction","target":{"@type":"EntryPoint","urlTemplate":"https:\/\/www.immobilienbusiness.ch\/?s={search_term_string}"},"query-input":{"@type":"PropertyValueSpecification","valueRequired":true,"valueName":"search_term_string"}}],"inLanguage":"de"},{"@type":"Organization","@id":"https:\/\/www.immobilienbusiness.ch\/#organization","name":"IMMOBILIEN Business","url":"https:\/\/www.immobilienbusiness.ch\/","logo":{"@type":"ImageObject","inLanguage":"de","@id":"https:\/\/www.immobilienbusiness.ch\/#\/schema\/logo\/image\/","url":"https:\/\/www.immobilienbusiness.ch\/wp-content\/uploads\/2021\/07\/logo_ib.png","contentUrl":"https:\/\/www.immobilienbusiness.ch\/wp-content\/uploads\/2021\/07\/logo_ib.png","width":800,"height":181,"caption":"IMMOBILIEN Business"},"image":{"@id":"https:\/\/www.immobilienbusiness.ch\/#\/schema\/logo\/image\/"},"sameAs":["https:\/\/www.facebook.com\/immobilienbusiness\/"]},{"@type":"Person","@id":"https:\/\/www.immobilienbusiness.ch\/#\/schema\/person\/3fc036297b10b9f42d6db5ee932af8c8","name":"anja.hall","image":{"@type":"ImageObject","inLanguage":"de","@id":"https:\/\/secure.gravatar.com\/avatar\/066b5a0d447013502c71a5782f4f3469f03cfe595cc2329fb94652fe47511bfb?s=96&d=mm&r=g","url":"https:\/\/secure.gravatar.com\/avatar\/066b5a0d447013502c71a5782f4f3469f03cfe595cc2329fb94652fe47511bfb?s=96&d=mm&r=g","contentUrl":"https:\/\/secure.gravatar.com\/avatar\/066b5a0d447013502c71a5782f4f3469f03cfe595cc2329fb94652fe47511bfb?s=96&d=mm&r=g","caption":"anja.hall"},"url":"https:\/\/www.immobilienbusiness.ch\/de\/author\/anja-hall\/"}]}},"_links":{"self":[{"href":"https:\/\/www.immobilienbusiness.ch\/de\/wp-json\/wp\/v2\/posts\/24038","targetHints":{"allow":["GET"]}}],"collection":[{"href":"https:\/\/www.immobilienbusiness.ch\/de\/wp-json\/wp\/v2\/posts"}],"about":[{"href":"https:\/\/www.immobilienbusiness.ch\/de\/wp-json\/wp\/v2\/types\/post"}],"author":[{"embeddable":true,"href":"https:\/\/www.immobilienbusiness.ch\/de\/wp-json\/wp\/v2\/users\/3"}],"replies":[{"embeddable":true,"href":"https:\/\/www.immobilienbusiness.ch\/de\/wp-json\/wp\/v2\/comments?post=24038"}],"version-history":[{"count":1,"href":"https:\/\/www.immobilienbusiness.ch\/de\/wp-json\/wp\/v2\/posts\/24038\/revisions"}],"predecessor-version":[{"id":51700,"href":"https:\/\/www.immobilienbusiness.ch\/de\/wp-json\/wp\/v2\/posts\/24038\/revisions\/51700"}],"wp:featuredmedia":[{"embeddable":true,"href":"https:\/\/www.immobilienbusiness.ch\/de\/wp-json\/wp\/v2\/media\/24039"}],"wp:attachment":[{"href":"https:\/\/www.immobilienbusiness.ch\/de\/wp-json\/wp\/v2\/media?parent=24038"}],"wp:term":[{"taxonomy":"category","embeddable":true,"href":"https:\/\/www.immobilienbusiness.ch\/de\/wp-json\/wp\/v2\/categories?post=24038"},{"taxonomy":"post_tag","embeddable":true,"href":"https:\/\/www.immobilienbusiness.ch\/de\/wp-json\/wp\/v2\/tags?post=24038"}],"curies":[{"name":"wp","href":"https:\/\/api.w.org\/{rel}","templated":true}]}}