{"id":24030,"date":"2021-04-27T09:25:14","date_gmt":"2021-04-27T07:25:14","guid":{"rendered":"https:\/\/www.immobilienbusiness.ch\/?p=24030"},"modified":"2021-04-27T09:25:14","modified_gmt":"2021-04-27T07:25:14","slug":"st-gallen-neuer-campus-fuer-die-hsg","status":"publish","type":"post","link":"https:\/\/www.immobilienbusiness.ch\/de\/regionen\/2021-04-27\/st-gallen-neuer-campus-fuer-die-hsg\/","title":{"rendered":"St.Gallen: Neuer Campus f\u00fcr die HSG"},"content":{"rendered":"<div class=\"quickedit-field\" data-quickedit-field-id=\"node\/5189\/field_content\/de\/full\">\n<div>\n<div class=\"paragraph paragraph--type--text paragraph--view-mode--default\" data-quickedit-entity-id=\"paragraph\/5351\" data-quickedit-entity-instance-id=\"0\">\n<div data-quickedit-field-id=\"paragraph\/5351\/field_text\/de\/default\">\n<figure id=\"attachment_24031\" aria-describedby=\"caption-attachment-24031\" style=\"width: 585px\" class=\"wp-caption alignnone\"><img loading=\"lazy\" decoding=\"async\" class=\"size-full wp-image-24031\" src=\"https:\/\/www.immobilienbusiness.ch\/wp-content\/uploads\/2021\/04\/02_CampusPlatztor-B\u00f6cklinstrasse_klein.jpg\" alt=\"\" width=\"585\" height=\"390\" \/><figcaption id=\"caption-attachment-24031\" class=\"wp-caption-text\">Der Campus der HSG in St.Gallen (Quelle: Kanton St.Gallen)<\/figcaption><\/figure>\n<p>Nach Abschluss des Architekturwettbewerbs erarbeitet der Kanton nun in einem n\u00e4chsten Schritt das konkrete Bauprojekt. Wie der Kanton mitteilt, soll 2023 das Bewilligungsverfahren mit dem Sondernutzungsplan starten; den Baubeginn visiert man f\u00fcr 2025 an, die Inbetriebnahme des Campus im Jahr 2029.<\/p>\n<p>Das Siegerprojekt \u00abHaus im Park\u00bb des Z\u00fcrcher Architekten Pascal Flammer sieht auf dem Areal Platztor in St. Gallen ein sechsst\u00f6ckiges Geb\u00e4ude mit rund 31.000 qm Geschossfl\u00e4che vor. Die Obergeschosse sind Lehre und Forschung vorbehalten; publikumsorientierte Nutzungen wie die Cafeteria sollen zum Stadtzentrum ausgerichtet werden. In den zwei Untergeschossen ist eine auf 400 Personen ausgelegte Aula geplant. Um das Geb\u00e4ude soll ein grossz\u00fcgiger Park entstehen, der wie das Geb\u00e4ude \u00f6ffentlich zug\u00e4nglich sein wird und einen \u00dcbergang zum angrenzenden Quartier und die St.Jakob-Strasse als wichtiger Verkehrsachse schafft. Gem\u00e4ss Medienmitteilung des Kantons wird der neue Campus das Areal im Vergleich zur heutigen Situation deutlich aufwerten.<\/p>\n<p>Dem Baukredit von 160 Mio. CHF stimmte die Kantonsbev\u00f6lkerung bereits 2019 zu. Die Gesamtkosten werden auf 207 Mio. CHF beziffert; sie werden nebst dem Kanton vom Bund (25 Mio. CHF) und von der Universit\u00e4t St.Gallen (20 Mio. CHF) getragen. Im Rahmen des Grundst\u00fcckverkaufs am Platztor beteiligt sich die Stadt St.Gallen mit einem Standortbeitrag von 2 Mio. CHF. <em>(bw)<\/em><\/p>\n<\/div>\n<\/div>\n<\/div>\n<\/div>\n","protected":false},"excerpt":{"rendered":"<p>Der Kanton St.Gallen will dringend ben\u00f6tigten zus\u00e4tzlichen Raum f\u00fcr die Universit\u00e4t St. Gallen schaffen. Den Architekturwettbewerb f\u00fcr den neuen Campus der HSG konnte der Z\u00fcrcher Architekt Pascal Flammer f\u00fcr sich entscheiden. <\/p>\n","protected":false},"author":3,"featured_media":24031,"comment_status":"closed","ping_status":"open","sticky":false,"template":"","format":"standard","meta":{"_acf_changed":false,"_yoast_wpseo_focuskw":"HSG","_yoast_wpseo_title":"","_yoast_wpseo_metadesc":"Den Architekturwettbewerb f\u00fcr den neuen Campus der HSG konnte der Z\u00fcrcher Architekt Pascal Flammer f\u00fcr sich entscheiden.","_yoast_wpseo_linkdex":59,"pgc_sgb_lightbox_settings":"","footnotes":""},"categories":[985],"tags":[1600,1722],"class_list":["post-24030","post","type-post","status-publish","format-standard","has-post-thumbnail","hentry","category-regionen","tag-projekt-in-planung","tag-st-gallen"],"acf":[],"yoast_head":"<!-- This site is optimized with the Yoast SEO plugin v27.5 - https:\/\/yoast.com\/product\/yoast-seo-wordpress\/ -->\n<title>St.Gallen: Neuer Campus f\u00fcr die HSG - IMMOBILIEN Business<\/title>\n<meta name=\"description\" content=\"Den Architekturwettbewerb f\u00fcr den neuen Campus der HSG konnte der Z\u00fcrcher Architekt Pascal Flammer f\u00fcr sich entscheiden.\" \/>\n<meta name=\"robots\" content=\"index, follow, max-snippet:-1, max-image-preview:large, max-video-preview:-1\" \/>\n<link rel=\"canonical\" href=\"https:\/\/www.immobilienbusiness.ch\/de\/regionen\/2021-04-27\/st-gallen-neuer-campus-fuer-die-hsg\/\" \/>\n<meta property=\"og:locale\" content=\"de_DE\" \/>\n<meta property=\"og:type\" content=\"article\" \/>\n<meta property=\"og:title\" content=\"St.Gallen: Neuer Campus f\u00fcr die HSG - IMMOBILIEN Business\" \/>\n<meta property=\"og:description\" content=\"Den Architekturwettbewerb f\u00fcr den neuen Campus der HSG konnte der Z\u00fcrcher Architekt Pascal Flammer f\u00fcr sich entscheiden.\" \/>\n<meta property=\"og:url\" content=\"https:\/\/www.immobilienbusiness.ch\/de\/regionen\/2021-04-27\/st-gallen-neuer-campus-fuer-die-hsg\/\" \/>\n<meta property=\"og:site_name\" content=\"IMMOBILIEN Business\" \/>\n<meta property=\"article:publisher\" content=\"https:\/\/www.facebook.com\/immobilienbusiness\/\" \/>\n<meta property=\"article:published_time\" content=\"2021-04-27T07:25:14+00:00\" \/>\n<meta property=\"og:image\" content=\"https:\/\/www.immobilienbusiness.ch\/wp-content\/uploads\/2021\/04\/02_CampusPlatztor-Boecklinstrasse_klein.jpg\" \/>\n\t<meta property=\"og:image:width\" content=\"585\" \/>\n\t<meta property=\"og:image:height\" content=\"390\" \/>\n\t<meta property=\"og:image:type\" content=\"image\/jpeg\" \/>\n<meta name=\"author\" content=\"anja.hall\" \/>\n<meta name=\"twitter:card\" content=\"summary_large_image\" \/>\n<meta name=\"twitter:image\" content=\"https:\/\/www.immobilienbusiness.ch\/wp-content\/uploads\/2021\/04\/02_CampusPlatztor-Boecklinstrasse_klein.jpg\" \/>\n<script type=\"application\/ld+json\" class=\"yoast-schema-graph\">{\"@context\":\"https:\\\/\\\/schema.org\",\"@graph\":[{\"@type\":\"Article\",\"@id\":\"https:\\\/\\\/www.immobilienbusiness.ch\\\/regionen\\\/2021-04-27\\\/st-gallen-neuer-campus-fuer-die-hsg\\\/#article\",\"isPartOf\":{\"@id\":\"https:\\\/\\\/www.immobilienbusiness.ch\\\/regionen\\\/2021-04-27\\\/st-gallen-neuer-campus-fuer-die-hsg\\\/\"},\"author\":{\"name\":\"anja.hall\",\"@id\":\"https:\\\/\\\/www.immobilienbusiness.ch\\\/#\\\/schema\\\/person\\\/3fc036297b10b9f42d6db5ee932af8c8\"},\"headline\":\"St.Gallen: Neuer Campus f\u00fcr die HSG\",\"datePublished\":\"2021-04-27T07:25:14+00:00\",\"mainEntityOfPage\":{\"@id\":\"https:\\\/\\\/www.immobilienbusiness.ch\\\/regionen\\\/2021-04-27\\\/st-gallen-neuer-campus-fuer-die-hsg\\\/\"},\"wordCount\":233,\"publisher\":{\"@id\":\"https:\\\/\\\/www.immobilienbusiness.ch\\\/#organization\"},\"image\":{\"@id\":\"https:\\\/\\\/www.immobilienbusiness.ch\\\/regionen\\\/2021-04-27\\\/st-gallen-neuer-campus-fuer-die-hsg\\\/#primaryimage\"},\"thumbnailUrl\":\"https:\\\/\\\/www.immobilienbusiness.ch\\\/wp-content\\\/uploads\\\/2021\\\/04\\\/02_CampusPlatztor-Boecklinstrasse_klein.jpg\",\"keywords\":[\"Projekt in Planung\",\"St. Gallen\"],\"articleSection\":[\"REGIONEN\"],\"inLanguage\":\"de\"},{\"@type\":\"WebPage\",\"@id\":\"https:\\\/\\\/www.immobilienbusiness.ch\\\/regionen\\\/2021-04-27\\\/st-gallen-neuer-campus-fuer-die-hsg\\\/\",\"url\":\"https:\\\/\\\/www.immobilienbusiness.ch\\\/regionen\\\/2021-04-27\\\/st-gallen-neuer-campus-fuer-die-hsg\\\/\",\"name\":\"St.Gallen: Neuer Campus f\u00fcr die HSG - IMMOBILIEN Business\",\"isPartOf\":{\"@id\":\"https:\\\/\\\/www.immobilienbusiness.ch\\\/#website\"},\"primaryImageOfPage\":{\"@id\":\"https:\\\/\\\/www.immobilienbusiness.ch\\\/regionen\\\/2021-04-27\\\/st-gallen-neuer-campus-fuer-die-hsg\\\/#primaryimage\"},\"image\":{\"@id\":\"https:\\\/\\\/www.immobilienbusiness.ch\\\/regionen\\\/2021-04-27\\\/st-gallen-neuer-campus-fuer-die-hsg\\\/#primaryimage\"},\"thumbnailUrl\":\"https:\\\/\\\/www.immobilienbusiness.ch\\\/wp-content\\\/uploads\\\/2021\\\/04\\\/02_CampusPlatztor-Boecklinstrasse_klein.jpg\",\"datePublished\":\"2021-04-27T07:25:14+00:00\",\"description\":\"Den Architekturwettbewerb f\u00fcr den neuen Campus der HSG konnte der Z\u00fcrcher Architekt Pascal Flammer f\u00fcr sich entscheiden.\",\"breadcrumb\":{\"@id\":\"https:\\\/\\\/www.immobilienbusiness.ch\\\/regionen\\\/2021-04-27\\\/st-gallen-neuer-campus-fuer-die-hsg\\\/#breadcrumb\"},\"inLanguage\":\"de\",\"potentialAction\":[{\"@type\":\"ReadAction\",\"target\":[\"https:\\\/\\\/www.immobilienbusiness.ch\\\/regionen\\\/2021-04-27\\\/st-gallen-neuer-campus-fuer-die-hsg\\\/\"]}]},{\"@type\":\"ImageObject\",\"inLanguage\":\"de\",\"@id\":\"https:\\\/\\\/www.immobilienbusiness.ch\\\/regionen\\\/2021-04-27\\\/st-gallen-neuer-campus-fuer-die-hsg\\\/#primaryimage\",\"url\":\"https:\\\/\\\/www.immobilienbusiness.ch\\\/wp-content\\\/uploads\\\/2021\\\/04\\\/02_CampusPlatztor-Boecklinstrasse_klein.jpg\",\"contentUrl\":\"https:\\\/\\\/www.immobilienbusiness.ch\\\/wp-content\\\/uploads\\\/2021\\\/04\\\/02_CampusPlatztor-Boecklinstrasse_klein.jpg\",\"width\":585,\"height\":390,\"caption\":\"Der Campus der HSG in St.Gallen (Quelle: Kanton St.Gallen)\"},{\"@type\":\"BreadcrumbList\",\"@id\":\"https:\\\/\\\/www.immobilienbusiness.ch\\\/regionen\\\/2021-04-27\\\/st-gallen-neuer-campus-fuer-die-hsg\\\/#breadcrumb\",\"itemListElement\":[{\"@type\":\"ListItem\",\"position\":1,\"name\":\"Home\",\"item\":\"https:\\\/\\\/www.immobilienbusiness.ch\\\/\"},{\"@type\":\"ListItem\",\"position\":2,\"name\":\"St.Gallen: Neuer Campus f\u00fcr die HSG\"}]},{\"@type\":\"WebSite\",\"@id\":\"https:\\\/\\\/www.immobilienbusiness.ch\\\/#website\",\"url\":\"https:\\\/\\\/www.immobilienbusiness.ch\\\/\",\"name\":\"IMMOBILIEN Business\",\"description\":\"Unabh\u00e4ngiges Schweizer Wirtschaftsmagazin mit Fokus auf Immobilien, Architektur- und Bau sowie Investment- und Finanzierung.\",\"publisher\":{\"@id\":\"https:\\\/\\\/www.immobilienbusiness.ch\\\/#organization\"},\"potentialAction\":[{\"@type\":\"SearchAction\",\"target\":{\"@type\":\"EntryPoint\",\"urlTemplate\":\"https:\\\/\\\/www.immobilienbusiness.ch\\\/?s={search_term_string}\"},\"query-input\":{\"@type\":\"PropertyValueSpecification\",\"valueRequired\":true,\"valueName\":\"search_term_string\"}}],\"inLanguage\":\"de\"},{\"@type\":\"Organization\",\"@id\":\"https:\\\/\\\/www.immobilienbusiness.ch\\\/#organization\",\"name\":\"IMMOBILIEN Business\",\"url\":\"https:\\\/\\\/www.immobilienbusiness.ch\\\/\",\"logo\":{\"@type\":\"ImageObject\",\"inLanguage\":\"de\",\"@id\":\"https:\\\/\\\/www.immobilienbusiness.ch\\\/#\\\/schema\\\/logo\\\/image\\\/\",\"url\":\"https:\\\/\\\/www.immobilienbusiness.ch\\\/wp-content\\\/uploads\\\/2021\\\/07\\\/logo_ib.png\",\"contentUrl\":\"https:\\\/\\\/www.immobilienbusiness.ch\\\/wp-content\\\/uploads\\\/2021\\\/07\\\/logo_ib.png\",\"width\":800,\"height\":181,\"caption\":\"IMMOBILIEN Business\"},\"image\":{\"@id\":\"https:\\\/\\\/www.immobilienbusiness.ch\\\/#\\\/schema\\\/logo\\\/image\\\/\"},\"sameAs\":[\"https:\\\/\\\/www.facebook.com\\\/immobilienbusiness\\\/\"]},{\"@type\":\"Person\",\"@id\":\"https:\\\/\\\/www.immobilienbusiness.ch\\\/#\\\/schema\\\/person\\\/3fc036297b10b9f42d6db5ee932af8c8\",\"name\":\"anja.hall\",\"image\":{\"@type\":\"ImageObject\",\"inLanguage\":\"de\",\"@id\":\"https:\\\/\\\/secure.gravatar.com\\\/avatar\\\/066b5a0d447013502c71a5782f4f3469f03cfe595cc2329fb94652fe47511bfb?s=96&d=mm&r=g\",\"url\":\"https:\\\/\\\/secure.gravatar.com\\\/avatar\\\/066b5a0d447013502c71a5782f4f3469f03cfe595cc2329fb94652fe47511bfb?s=96&d=mm&r=g\",\"contentUrl\":\"https:\\\/\\\/secure.gravatar.com\\\/avatar\\\/066b5a0d447013502c71a5782f4f3469f03cfe595cc2329fb94652fe47511bfb?s=96&d=mm&r=g\",\"caption\":\"anja.hall\"},\"url\":\"https:\\\/\\\/www.immobilienbusiness.ch\\\/de\\\/author\\\/anja-hall\\\/\"}]}<\/script>\n<!-- \/ Yoast SEO plugin. -->","yoast_head_json":{"title":"St.Gallen: Neuer Campus f\u00fcr die HSG - IMMOBILIEN Business","description":"Den Architekturwettbewerb f\u00fcr den neuen Campus der HSG konnte der Z\u00fcrcher Architekt Pascal Flammer f\u00fcr sich entscheiden.","robots":{"index":"index","follow":"follow","max-snippet":"max-snippet:-1","max-image-preview":"max-image-preview:large","max-video-preview":"max-video-preview:-1"},"canonical":"https:\/\/www.immobilienbusiness.ch\/de\/regionen\/2021-04-27\/st-gallen-neuer-campus-fuer-die-hsg\/","og_locale":"de_DE","og_type":"article","og_title":"St.Gallen: Neuer Campus f\u00fcr die HSG - IMMOBILIEN Business","og_description":"Den Architekturwettbewerb f\u00fcr den neuen Campus der HSG konnte der Z\u00fcrcher Architekt Pascal Flammer f\u00fcr sich entscheiden.","og_url":"https:\/\/www.immobilienbusiness.ch\/de\/regionen\/2021-04-27\/st-gallen-neuer-campus-fuer-die-hsg\/","og_site_name":"IMMOBILIEN Business","article_publisher":"https:\/\/www.facebook.com\/immobilienbusiness\/","article_published_time":"2021-04-27T07:25:14+00:00","og_image":[{"width":585,"height":390,"url":"https:\/\/www.immobilienbusiness.ch\/wp-content\/uploads\/2021\/04\/02_CampusPlatztor-Boecklinstrasse_klein.jpg","type":"image\/jpeg"}],"author":"anja.hall","twitter_card":"summary_large_image","twitter_image":"https:\/\/www.immobilienbusiness.ch\/wp-content\/uploads\/2021\/04\/02_CampusPlatztor-Boecklinstrasse_klein.jpg","schema":{"@context":"https:\/\/schema.org","@graph":[{"@type":"Article","@id":"https:\/\/www.immobilienbusiness.ch\/regionen\/2021-04-27\/st-gallen-neuer-campus-fuer-die-hsg\/#article","isPartOf":{"@id":"https:\/\/www.immobilienbusiness.ch\/regionen\/2021-04-27\/st-gallen-neuer-campus-fuer-die-hsg\/"},"author":{"name":"anja.hall","@id":"https:\/\/www.immobilienbusiness.ch\/#\/schema\/person\/3fc036297b10b9f42d6db5ee932af8c8"},"headline":"St.Gallen: Neuer Campus f\u00fcr die HSG","datePublished":"2021-04-27T07:25:14+00:00","mainEntityOfPage":{"@id":"https:\/\/www.immobilienbusiness.ch\/regionen\/2021-04-27\/st-gallen-neuer-campus-fuer-die-hsg\/"},"wordCount":233,"publisher":{"@id":"https:\/\/www.immobilienbusiness.ch\/#organization"},"image":{"@id":"https:\/\/www.immobilienbusiness.ch\/regionen\/2021-04-27\/st-gallen-neuer-campus-fuer-die-hsg\/#primaryimage"},"thumbnailUrl":"https:\/\/www.immobilienbusiness.ch\/wp-content\/uploads\/2021\/04\/02_CampusPlatztor-Boecklinstrasse_klein.jpg","keywords":["Projekt in Planung","St. Gallen"],"articleSection":["REGIONEN"],"inLanguage":"de"},{"@type":"WebPage","@id":"https:\/\/www.immobilienbusiness.ch\/regionen\/2021-04-27\/st-gallen-neuer-campus-fuer-die-hsg\/","url":"https:\/\/www.immobilienbusiness.ch\/regionen\/2021-04-27\/st-gallen-neuer-campus-fuer-die-hsg\/","name":"St.Gallen: Neuer Campus f\u00fcr die HSG - IMMOBILIEN Business","isPartOf":{"@id":"https:\/\/www.immobilienbusiness.ch\/#website"},"primaryImageOfPage":{"@id":"https:\/\/www.immobilienbusiness.ch\/regionen\/2021-04-27\/st-gallen-neuer-campus-fuer-die-hsg\/#primaryimage"},"image":{"@id":"https:\/\/www.immobilienbusiness.ch\/regionen\/2021-04-27\/st-gallen-neuer-campus-fuer-die-hsg\/#primaryimage"},"thumbnailUrl":"https:\/\/www.immobilienbusiness.ch\/wp-content\/uploads\/2021\/04\/02_CampusPlatztor-Boecklinstrasse_klein.jpg","datePublished":"2021-04-27T07:25:14+00:00","description":"Den Architekturwettbewerb f\u00fcr den neuen Campus der HSG konnte der Z\u00fcrcher Architekt Pascal Flammer f\u00fcr sich entscheiden.","breadcrumb":{"@id":"https:\/\/www.immobilienbusiness.ch\/regionen\/2021-04-27\/st-gallen-neuer-campus-fuer-die-hsg\/#breadcrumb"},"inLanguage":"de","potentialAction":[{"@type":"ReadAction","target":["https:\/\/www.immobilienbusiness.ch\/regionen\/2021-04-27\/st-gallen-neuer-campus-fuer-die-hsg\/"]}]},{"@type":"ImageObject","inLanguage":"de","@id":"https:\/\/www.immobilienbusiness.ch\/regionen\/2021-04-27\/st-gallen-neuer-campus-fuer-die-hsg\/#primaryimage","url":"https:\/\/www.immobilienbusiness.ch\/wp-content\/uploads\/2021\/04\/02_CampusPlatztor-Boecklinstrasse_klein.jpg","contentUrl":"https:\/\/www.immobilienbusiness.ch\/wp-content\/uploads\/2021\/04\/02_CampusPlatztor-Boecklinstrasse_klein.jpg","width":585,"height":390,"caption":"Der Campus der HSG in St.Gallen (Quelle: Kanton St.Gallen)"},{"@type":"BreadcrumbList","@id":"https:\/\/www.immobilienbusiness.ch\/regionen\/2021-04-27\/st-gallen-neuer-campus-fuer-die-hsg\/#breadcrumb","itemListElement":[{"@type":"ListItem","position":1,"name":"Home","item":"https:\/\/www.immobilienbusiness.ch\/"},{"@type":"ListItem","position":2,"name":"St.Gallen: Neuer Campus f\u00fcr die HSG"}]},{"@type":"WebSite","@id":"https:\/\/www.immobilienbusiness.ch\/#website","url":"https:\/\/www.immobilienbusiness.ch\/","name":"IMMOBILIEN Business","description":"Unabh\u00e4ngiges Schweizer Wirtschaftsmagazin mit Fokus auf Immobilien, Architektur- und Bau sowie Investment- und Finanzierung.","publisher":{"@id":"https:\/\/www.immobilienbusiness.ch\/#organization"},"potentialAction":[{"@type":"SearchAction","target":{"@type":"EntryPoint","urlTemplate":"https:\/\/www.immobilienbusiness.ch\/?s={search_term_string}"},"query-input":{"@type":"PropertyValueSpecification","valueRequired":true,"valueName":"search_term_string"}}],"inLanguage":"de"},{"@type":"Organization","@id":"https:\/\/www.immobilienbusiness.ch\/#organization","name":"IMMOBILIEN Business","url":"https:\/\/www.immobilienbusiness.ch\/","logo":{"@type":"ImageObject","inLanguage":"de","@id":"https:\/\/www.immobilienbusiness.ch\/#\/schema\/logo\/image\/","url":"https:\/\/www.immobilienbusiness.ch\/wp-content\/uploads\/2021\/07\/logo_ib.png","contentUrl":"https:\/\/www.immobilienbusiness.ch\/wp-content\/uploads\/2021\/07\/logo_ib.png","width":800,"height":181,"caption":"IMMOBILIEN Business"},"image":{"@id":"https:\/\/www.immobilienbusiness.ch\/#\/schema\/logo\/image\/"},"sameAs":["https:\/\/www.facebook.com\/immobilienbusiness\/"]},{"@type":"Person","@id":"https:\/\/www.immobilienbusiness.ch\/#\/schema\/person\/3fc036297b10b9f42d6db5ee932af8c8","name":"anja.hall","image":{"@type":"ImageObject","inLanguage":"de","@id":"https:\/\/secure.gravatar.com\/avatar\/066b5a0d447013502c71a5782f4f3469f03cfe595cc2329fb94652fe47511bfb?s=96&d=mm&r=g","url":"https:\/\/secure.gravatar.com\/avatar\/066b5a0d447013502c71a5782f4f3469f03cfe595cc2329fb94652fe47511bfb?s=96&d=mm&r=g","contentUrl":"https:\/\/secure.gravatar.com\/avatar\/066b5a0d447013502c71a5782f4f3469f03cfe595cc2329fb94652fe47511bfb?s=96&d=mm&r=g","caption":"anja.hall"},"url":"https:\/\/www.immobilienbusiness.ch\/de\/author\/anja-hall\/"}]}},"_links":{"self":[{"href":"https:\/\/www.immobilienbusiness.ch\/de\/wp-json\/wp\/v2\/posts\/24030","targetHints":{"allow":["GET"]}}],"collection":[{"href":"https:\/\/www.immobilienbusiness.ch\/de\/wp-json\/wp\/v2\/posts"}],"about":[{"href":"https:\/\/www.immobilienbusiness.ch\/de\/wp-json\/wp\/v2\/types\/post"}],"author":[{"embeddable":true,"href":"https:\/\/www.immobilienbusiness.ch\/de\/wp-json\/wp\/v2\/users\/3"}],"replies":[{"embeddable":true,"href":"https:\/\/www.immobilienbusiness.ch\/de\/wp-json\/wp\/v2\/comments?post=24030"}],"version-history":[{"count":0,"href":"https:\/\/www.immobilienbusiness.ch\/de\/wp-json\/wp\/v2\/posts\/24030\/revisions"}],"wp:featuredmedia":[{"embeddable":true,"href":"https:\/\/www.immobilienbusiness.ch\/de\/wp-json\/wp\/v2\/media\/24031"}],"wp:attachment":[{"href":"https:\/\/www.immobilienbusiness.ch\/de\/wp-json\/wp\/v2\/media?parent=24030"}],"wp:term":[{"taxonomy":"category","embeddable":true,"href":"https:\/\/www.immobilienbusiness.ch\/de\/wp-json\/wp\/v2\/categories?post=24030"},{"taxonomy":"post_tag","embeddable":true,"href":"https:\/\/www.immobilienbusiness.ch\/de\/wp-json\/wp\/v2\/tags?post=24030"}],"curies":[{"name":"wp","href":"https:\/\/api.w.org\/{rel}","templated":true}]}}