{"id":23913,"date":"2021-04-08T10:58:10","date_gmt":"2021-04-08T08:58:10","guid":{"rendered":"https:\/\/www.immobilienbusiness.ch\/?p=23913"},"modified":"2021-04-08T10:58:10","modified_gmt":"2021-04-08T08:58:10","slug":"regimo-st-gallen-ag-stabuebergabe","status":"publish","type":"post","link":"https:\/\/www.immobilienbusiness.ch\/de\/unternehmen\/2021-04-08\/regimo-st-gallen-ag-stabuebergabe\/","title":{"rendered":"Regimo St. Gallen AG: Stab\u00fcbergabe"},"content":{"rendered":"<figure id=\"attachment_23914\" aria-describedby=\"caption-attachment-23914\" style=\"width: 680px\" class=\"wp-caption alignnone\"><img loading=\"lazy\" decoding=\"async\" class=\"size-medium wp-image-23914\" src=\"https:\/\/www.immobilienbusiness.ch\/wp-content\/uploads\/2021\/04\/Personalia_S_7_Regimo.jpg\" alt=\"\" width=\"680\" height=\"453\" srcset=\"https:\/\/www.immobilienbusiness.ch\/wp-content\/uploads\/2021\/04\/Personalia_S_7_Regimo.jpg 1446w, https:\/\/www.immobilienbusiness.ch\/wp-content\/uploads\/2021\/04\/Personalia_S_7_Regimo-300x200.jpg 300w, https:\/\/www.immobilienbusiness.ch\/wp-content\/uploads\/2021\/04\/Personalia_S_7_Regimo-1024x683.jpg 1024w, https:\/\/www.immobilienbusiness.ch\/wp-content\/uploads\/2021\/04\/Personalia_S_7_Regimo-768x512.jpg 768w, https:\/\/www.immobilienbusiness.ch\/wp-content\/uploads\/2021\/04\/Personalia_S_7_Regimo-16x12.jpg 16w, https:\/\/www.immobilienbusiness.ch\/wp-content\/uploads\/2021\/04\/Personalia_S_7_Regimo-263x175.jpg 263w, https:\/\/www.immobilienbusiness.ch\/wp-content\/uploads\/2021\/04\/Personalia_S_7_Regimo-525x350.jpg 525w, https:\/\/www.immobilienbusiness.ch\/wp-content\/uploads\/2021\/04\/Personalia_S_7_Regimo-1200x800.jpg 1200w, https:\/\/www.immobilienbusiness.ch\/wp-content\/uploads\/2021\/04\/Personalia_S_7_Regimo-920x613.jpg 920w, https:\/\/www.immobilienbusiness.ch\/wp-content\/uploads\/2021\/04\/Personalia_S_7_Regimo-1400x933.jpg 1400w\" sizes=\"auto, (max-width: 680px) 100vw, 680px\" \/><figcaption id=\"caption-attachment-23914\" class=\"wp-caption-text\">Silvan Wick (Bild: Regimo St. Gallen AG)<\/figcaption><\/figure>\n<p>Richard Sutter, der die Regimo St. Gallen AG 30 Jahren erfolgreich leitete, hat seine Aufgaben in ju\u0308ngere H\u00e4nde \u00fcbergeben: Seit dem 1. April 2021 amtet Silvan Wick als neuer Gesch\u00e4ftsf\u00fchrer des Ostschweizer Immobiliendienstleistungsunternehmens. Sutter stehe der Regimo St. Gallen weiterhin fu\u0308r besondere Aufgaben zur Verfu\u0308gung, teilt die Gesellschaft mit.<\/p>\n<p>Silvan Wick, wohnhaft in Sonnental bei Oberbu\u0308ren SG, hat eine Ausbildung zum MAS Real Estate Management an der Hochschule fu\u0308r Wirtschaft Zu\u0308rich absolviert und verf\u00fcgt den Angaben zufolge \u00fcber grosse praktische Erfahrung. F\u00fcr die Regimo St. Gallen arbeitete er schon von 2005 bis 2011 und war vor seinem Wechsel bei einem Schwesterunternehmen, der Regimo Zu\u0308rich AG, als Teamleiter Wohnliegenschaften t\u00e4tig. Seit April 2020 ist er zuru\u0308ck in St. Gallen, wo er Immobilienportefeuilles bewirtschaftet und sich bei der Einfu\u0308hrung eines neuen Informatiksystems engagierte. <em>(bw)<\/em><\/p>\n","protected":false},"excerpt":{"rendered":"<p>Seit dem 1. April 2021 amtet Silvan Wick als Gesch\u00e4ftsf\u00fchrer der Regimo St. Gallen AG. Er folgt im Amt auf Richard Sutter, der das Ostschweizer Immobiliendienstleistungsunternehmen seit 30 Jahren leitete.<\/p>\n","protected":false},"author":3,"featured_media":23914,"comment_status":"closed","ping_status":"open","sticky":false,"template":"","format":"standard","meta":{"_acf_changed":false,"_yoast_wpseo_focuskw":"Regimo","_yoast_wpseo_title":"","_yoast_wpseo_metadesc":"Seit dem 1. April 2021 amtet Silvan Wick als Gesch\u00e4ftsf\u00fchrer der Regimo St. Gallen AG. Er folgt auf Richard Sutter.","_yoast_wpseo_linkdex":44,"pgc_sgb_lightbox_settings":"","footnotes":""},"categories":[988],"tags":[1340,1563,1722],"class_list":["post-23913","post","type-post","status-publish","format-standard","has-post-thumbnail","hentry","category-unternehmen","tag-immobiliendienstleister","tag-personalia","tag-st-gallen"],"acf":[],"yoast_head":"<!-- This site is optimized with the Yoast SEO plugin v27.4 - https:\/\/yoast.com\/product\/yoast-seo-wordpress\/ -->\n<title>Regimo St. Gallen AG: Stab\u00fcbergabe - IMMOBILIEN Business<\/title>\n<meta name=\"description\" content=\"Seit dem 1. April 2021 amtet Silvan Wick als Gesch\u00e4ftsf\u00fchrer der Regimo St. Gallen AG. Er folgt auf Richard Sutter.\" \/>\n<meta name=\"robots\" content=\"index, follow, max-snippet:-1, max-image-preview:large, max-video-preview:-1\" \/>\n<link rel=\"canonical\" href=\"https:\/\/www.immobilienbusiness.ch\/de\/unternehmen\/2021-04-08\/regimo-st-gallen-ag-stabuebergabe\/\" \/>\n<meta property=\"og:locale\" content=\"de_DE\" \/>\n<meta property=\"og:type\" content=\"article\" \/>\n<meta property=\"og:title\" content=\"Regimo St. Gallen AG: Stab\u00fcbergabe - IMMOBILIEN Business\" \/>\n<meta property=\"og:description\" content=\"Seit dem 1. April 2021 amtet Silvan Wick als Gesch\u00e4ftsf\u00fchrer der Regimo St. Gallen AG. Er folgt auf Richard Sutter.\" \/>\n<meta property=\"og:url\" content=\"https:\/\/www.immobilienbusiness.ch\/de\/unternehmen\/2021-04-08\/regimo-st-gallen-ag-stabuebergabe\/\" \/>\n<meta property=\"og:site_name\" content=\"IMMOBILIEN Business\" \/>\n<meta property=\"article:publisher\" content=\"https:\/\/www.facebook.com\/immobilienbusiness\/\" \/>\n<meta property=\"article:published_time\" content=\"2021-04-08T08:58:10+00:00\" \/>\n<meta property=\"og:image\" content=\"https:\/\/www.immobilienbusiness.ch\/wp-content\/uploads\/2021\/04\/Personalia_S_7_Regimo.jpg\" \/>\n\t<meta property=\"og:image:width\" content=\"1446\" \/>\n\t<meta property=\"og:image:height\" content=\"964\" \/>\n\t<meta property=\"og:image:type\" content=\"image\/jpeg\" \/>\n<meta name=\"author\" content=\"anja.hall\" \/>\n<meta name=\"twitter:card\" content=\"summary_large_image\" \/>\n<meta name=\"twitter:image\" content=\"https:\/\/www.immobilienbusiness.ch\/wp-content\/uploads\/2021\/04\/Personalia_S_7_Regimo.jpg\" \/>\n<script type=\"application\/ld+json\" class=\"yoast-schema-graph\">{\"@context\":\"https:\\\/\\\/schema.org\",\"@graph\":[{\"@type\":\"Article\",\"@id\":\"https:\\\/\\\/www.immobilienbusiness.ch\\\/en\\\/unternehmen\\\/2021-04-08\\\/regimo-st-gallen-ag-stabuebergabe\\\/#article\",\"isPartOf\":{\"@id\":\"https:\\\/\\\/www.immobilienbusiness.ch\\\/en\\\/unternehmen\\\/2021-04-08\\\/regimo-st-gallen-ag-stabuebergabe\\\/\"},\"author\":{\"name\":\"anja.hall\",\"@id\":\"https:\\\/\\\/www.immobilienbusiness.ch\\\/#\\\/schema\\\/person\\\/3fc036297b10b9f42d6db5ee932af8c8\"},\"headline\":\"Regimo St. Gallen AG: Stab\u00fcbergabe\",\"datePublished\":\"2021-04-08T08:58:10+00:00\",\"mainEntityOfPage\":{\"@id\":\"https:\\\/\\\/www.immobilienbusiness.ch\\\/en\\\/unternehmen\\\/2021-04-08\\\/regimo-st-gallen-ag-stabuebergabe\\\/\"},\"wordCount\":161,\"publisher\":{\"@id\":\"https:\\\/\\\/www.immobilienbusiness.ch\\\/#organization\"},\"image\":{\"@id\":\"https:\\\/\\\/www.immobilienbusiness.ch\\\/en\\\/unternehmen\\\/2021-04-08\\\/regimo-st-gallen-ag-stabuebergabe\\\/#primaryimage\"},\"thumbnailUrl\":\"https:\\\/\\\/www.immobilienbusiness.ch\\\/wp-content\\\/uploads\\\/2021\\\/04\\\/Personalia_S_7_Regimo.jpg\",\"keywords\":[\"Immobiliendienstleister\",\"Personalia\",\"St. Gallen\"],\"articleSection\":[\"UNTERNEHMEN\"],\"inLanguage\":\"de\"},{\"@type\":\"WebPage\",\"@id\":\"https:\\\/\\\/www.immobilienbusiness.ch\\\/en\\\/unternehmen\\\/2021-04-08\\\/regimo-st-gallen-ag-stabuebergabe\\\/\",\"url\":\"https:\\\/\\\/www.immobilienbusiness.ch\\\/en\\\/unternehmen\\\/2021-04-08\\\/regimo-st-gallen-ag-stabuebergabe\\\/\",\"name\":\"Regimo St. Gallen AG: Stab\u00fcbergabe - IMMOBILIEN Business\",\"isPartOf\":{\"@id\":\"https:\\\/\\\/www.immobilienbusiness.ch\\\/#website\"},\"primaryImageOfPage\":{\"@id\":\"https:\\\/\\\/www.immobilienbusiness.ch\\\/en\\\/unternehmen\\\/2021-04-08\\\/regimo-st-gallen-ag-stabuebergabe\\\/#primaryimage\"},\"image\":{\"@id\":\"https:\\\/\\\/www.immobilienbusiness.ch\\\/en\\\/unternehmen\\\/2021-04-08\\\/regimo-st-gallen-ag-stabuebergabe\\\/#primaryimage\"},\"thumbnailUrl\":\"https:\\\/\\\/www.immobilienbusiness.ch\\\/wp-content\\\/uploads\\\/2021\\\/04\\\/Personalia_S_7_Regimo.jpg\",\"datePublished\":\"2021-04-08T08:58:10+00:00\",\"description\":\"Seit dem 1. April 2021 amtet Silvan Wick als Gesch\u00e4ftsf\u00fchrer der Regimo St. Gallen AG. Er folgt auf Richard Sutter.\",\"breadcrumb\":{\"@id\":\"https:\\\/\\\/www.immobilienbusiness.ch\\\/en\\\/unternehmen\\\/2021-04-08\\\/regimo-st-gallen-ag-stabuebergabe\\\/#breadcrumb\"},\"inLanguage\":\"de\",\"potentialAction\":[{\"@type\":\"ReadAction\",\"target\":[\"https:\\\/\\\/www.immobilienbusiness.ch\\\/en\\\/unternehmen\\\/2021-04-08\\\/regimo-st-gallen-ag-stabuebergabe\\\/\"]}]},{\"@type\":\"ImageObject\",\"inLanguage\":\"de\",\"@id\":\"https:\\\/\\\/www.immobilienbusiness.ch\\\/en\\\/unternehmen\\\/2021-04-08\\\/regimo-st-gallen-ag-stabuebergabe\\\/#primaryimage\",\"url\":\"https:\\\/\\\/www.immobilienbusiness.ch\\\/wp-content\\\/uploads\\\/2021\\\/04\\\/Personalia_S_7_Regimo.jpg\",\"contentUrl\":\"https:\\\/\\\/www.immobilienbusiness.ch\\\/wp-content\\\/uploads\\\/2021\\\/04\\\/Personalia_S_7_Regimo.jpg\",\"width\":1446,\"height\":964,\"caption\":\"(Bild: Regimo St. Gallen AG)\"},{\"@type\":\"BreadcrumbList\",\"@id\":\"https:\\\/\\\/www.immobilienbusiness.ch\\\/en\\\/unternehmen\\\/2021-04-08\\\/regimo-st-gallen-ag-stabuebergabe\\\/#breadcrumb\",\"itemListElement\":[{\"@type\":\"ListItem\",\"position\":1,\"name\":\"Home\",\"item\":\"https:\\\/\\\/www.immobilienbusiness.ch\\\/\"},{\"@type\":\"ListItem\",\"position\":2,\"name\":\"Regimo St. Gallen AG: Stab\u00fcbergabe\"}]},{\"@type\":\"WebSite\",\"@id\":\"https:\\\/\\\/www.immobilienbusiness.ch\\\/#website\",\"url\":\"https:\\\/\\\/www.immobilienbusiness.ch\\\/\",\"name\":\"IMMOBILIEN Business\",\"description\":\"Unabh\u00e4ngiges Schweizer Wirtschaftsmagazin mit Fokus auf Immobilien, Architektur- und Bau sowie Investment- und Finanzierung.\",\"publisher\":{\"@id\":\"https:\\\/\\\/www.immobilienbusiness.ch\\\/#organization\"},\"potentialAction\":[{\"@type\":\"SearchAction\",\"target\":{\"@type\":\"EntryPoint\",\"urlTemplate\":\"https:\\\/\\\/www.immobilienbusiness.ch\\\/?s={search_term_string}\"},\"query-input\":{\"@type\":\"PropertyValueSpecification\",\"valueRequired\":true,\"valueName\":\"search_term_string\"}}],\"inLanguage\":\"de\"},{\"@type\":\"Organization\",\"@id\":\"https:\\\/\\\/www.immobilienbusiness.ch\\\/#organization\",\"name\":\"IMMOBILIEN Business\",\"url\":\"https:\\\/\\\/www.immobilienbusiness.ch\\\/\",\"logo\":{\"@type\":\"ImageObject\",\"inLanguage\":\"de\",\"@id\":\"https:\\\/\\\/www.immobilienbusiness.ch\\\/#\\\/schema\\\/logo\\\/image\\\/\",\"url\":\"https:\\\/\\\/www.immobilienbusiness.ch\\\/wp-content\\\/uploads\\\/2021\\\/07\\\/logo_ib.png\",\"contentUrl\":\"https:\\\/\\\/www.immobilienbusiness.ch\\\/wp-content\\\/uploads\\\/2021\\\/07\\\/logo_ib.png\",\"width\":800,\"height\":181,\"caption\":\"IMMOBILIEN Business\"},\"image\":{\"@id\":\"https:\\\/\\\/www.immobilienbusiness.ch\\\/#\\\/schema\\\/logo\\\/image\\\/\"},\"sameAs\":[\"https:\\\/\\\/www.facebook.com\\\/immobilienbusiness\\\/\"]},{\"@type\":\"Person\",\"@id\":\"https:\\\/\\\/www.immobilienbusiness.ch\\\/#\\\/schema\\\/person\\\/3fc036297b10b9f42d6db5ee932af8c8\",\"name\":\"anja.hall\",\"image\":{\"@type\":\"ImageObject\",\"inLanguage\":\"de\",\"@id\":\"https:\\\/\\\/secure.gravatar.com\\\/avatar\\\/066b5a0d447013502c71a5782f4f3469f03cfe595cc2329fb94652fe47511bfb?s=96&d=mm&r=g\",\"url\":\"https:\\\/\\\/secure.gravatar.com\\\/avatar\\\/066b5a0d447013502c71a5782f4f3469f03cfe595cc2329fb94652fe47511bfb?s=96&d=mm&r=g\",\"contentUrl\":\"https:\\\/\\\/secure.gravatar.com\\\/avatar\\\/066b5a0d447013502c71a5782f4f3469f03cfe595cc2329fb94652fe47511bfb?s=96&d=mm&r=g\",\"caption\":\"anja.hall\"},\"url\":\"https:\\\/\\\/www.immobilienbusiness.ch\\\/de\\\/author\\\/anja-hall\\\/\"}]}<\/script>\n<!-- \/ Yoast SEO plugin. -->","yoast_head_json":{"title":"Regimo St. Gallen AG: Stab\u00fcbergabe - IMMOBILIEN Business","description":"Seit dem 1. April 2021 amtet Silvan Wick als Gesch\u00e4ftsf\u00fchrer der Regimo St. Gallen AG. Er folgt auf Richard Sutter.","robots":{"index":"index","follow":"follow","max-snippet":"max-snippet:-1","max-image-preview":"max-image-preview:large","max-video-preview":"max-video-preview:-1"},"canonical":"https:\/\/www.immobilienbusiness.ch\/de\/unternehmen\/2021-04-08\/regimo-st-gallen-ag-stabuebergabe\/","og_locale":"de_DE","og_type":"article","og_title":"Regimo St. Gallen AG: Stab\u00fcbergabe - IMMOBILIEN Business","og_description":"Seit dem 1. April 2021 amtet Silvan Wick als Gesch\u00e4ftsf\u00fchrer der Regimo St. Gallen AG. Er folgt auf Richard Sutter.","og_url":"https:\/\/www.immobilienbusiness.ch\/de\/unternehmen\/2021-04-08\/regimo-st-gallen-ag-stabuebergabe\/","og_site_name":"IMMOBILIEN Business","article_publisher":"https:\/\/www.facebook.com\/immobilienbusiness\/","article_published_time":"2021-04-08T08:58:10+00:00","og_image":[{"width":1446,"height":964,"url":"https:\/\/www.immobilienbusiness.ch\/wp-content\/uploads\/2021\/04\/Personalia_S_7_Regimo.jpg","type":"image\/jpeg"}],"author":"anja.hall","twitter_card":"summary_large_image","twitter_image":"https:\/\/www.immobilienbusiness.ch\/wp-content\/uploads\/2021\/04\/Personalia_S_7_Regimo.jpg","schema":{"@context":"https:\/\/schema.org","@graph":[{"@type":"Article","@id":"https:\/\/www.immobilienbusiness.ch\/en\/unternehmen\/2021-04-08\/regimo-st-gallen-ag-stabuebergabe\/#article","isPartOf":{"@id":"https:\/\/www.immobilienbusiness.ch\/en\/unternehmen\/2021-04-08\/regimo-st-gallen-ag-stabuebergabe\/"},"author":{"name":"anja.hall","@id":"https:\/\/www.immobilienbusiness.ch\/#\/schema\/person\/3fc036297b10b9f42d6db5ee932af8c8"},"headline":"Regimo St. Gallen AG: Stab\u00fcbergabe","datePublished":"2021-04-08T08:58:10+00:00","mainEntityOfPage":{"@id":"https:\/\/www.immobilienbusiness.ch\/en\/unternehmen\/2021-04-08\/regimo-st-gallen-ag-stabuebergabe\/"},"wordCount":161,"publisher":{"@id":"https:\/\/www.immobilienbusiness.ch\/#organization"},"image":{"@id":"https:\/\/www.immobilienbusiness.ch\/en\/unternehmen\/2021-04-08\/regimo-st-gallen-ag-stabuebergabe\/#primaryimage"},"thumbnailUrl":"https:\/\/www.immobilienbusiness.ch\/wp-content\/uploads\/2021\/04\/Personalia_S_7_Regimo.jpg","keywords":["Immobiliendienstleister","Personalia","St. Gallen"],"articleSection":["UNTERNEHMEN"],"inLanguage":"de"},{"@type":"WebPage","@id":"https:\/\/www.immobilienbusiness.ch\/en\/unternehmen\/2021-04-08\/regimo-st-gallen-ag-stabuebergabe\/","url":"https:\/\/www.immobilienbusiness.ch\/en\/unternehmen\/2021-04-08\/regimo-st-gallen-ag-stabuebergabe\/","name":"Regimo St. Gallen AG: Stab\u00fcbergabe - IMMOBILIEN Business","isPartOf":{"@id":"https:\/\/www.immobilienbusiness.ch\/#website"},"primaryImageOfPage":{"@id":"https:\/\/www.immobilienbusiness.ch\/en\/unternehmen\/2021-04-08\/regimo-st-gallen-ag-stabuebergabe\/#primaryimage"},"image":{"@id":"https:\/\/www.immobilienbusiness.ch\/en\/unternehmen\/2021-04-08\/regimo-st-gallen-ag-stabuebergabe\/#primaryimage"},"thumbnailUrl":"https:\/\/www.immobilienbusiness.ch\/wp-content\/uploads\/2021\/04\/Personalia_S_7_Regimo.jpg","datePublished":"2021-04-08T08:58:10+00:00","description":"Seit dem 1. April 2021 amtet Silvan Wick als Gesch\u00e4ftsf\u00fchrer der Regimo St. Gallen AG. Er folgt auf Richard Sutter.","breadcrumb":{"@id":"https:\/\/www.immobilienbusiness.ch\/en\/unternehmen\/2021-04-08\/regimo-st-gallen-ag-stabuebergabe\/#breadcrumb"},"inLanguage":"de","potentialAction":[{"@type":"ReadAction","target":["https:\/\/www.immobilienbusiness.ch\/en\/unternehmen\/2021-04-08\/regimo-st-gallen-ag-stabuebergabe\/"]}]},{"@type":"ImageObject","inLanguage":"de","@id":"https:\/\/www.immobilienbusiness.ch\/en\/unternehmen\/2021-04-08\/regimo-st-gallen-ag-stabuebergabe\/#primaryimage","url":"https:\/\/www.immobilienbusiness.ch\/wp-content\/uploads\/2021\/04\/Personalia_S_7_Regimo.jpg","contentUrl":"https:\/\/www.immobilienbusiness.ch\/wp-content\/uploads\/2021\/04\/Personalia_S_7_Regimo.jpg","width":1446,"height":964,"caption":"(Bild: Regimo St. Gallen AG)"},{"@type":"BreadcrumbList","@id":"https:\/\/www.immobilienbusiness.ch\/en\/unternehmen\/2021-04-08\/regimo-st-gallen-ag-stabuebergabe\/#breadcrumb","itemListElement":[{"@type":"ListItem","position":1,"name":"Home","item":"https:\/\/www.immobilienbusiness.ch\/"},{"@type":"ListItem","position":2,"name":"Regimo St. Gallen AG: Stab\u00fcbergabe"}]},{"@type":"WebSite","@id":"https:\/\/www.immobilienbusiness.ch\/#website","url":"https:\/\/www.immobilienbusiness.ch\/","name":"IMMOBILIEN Business","description":"Unabh\u00e4ngiges Schweizer Wirtschaftsmagazin mit Fokus auf Immobilien, Architektur- und Bau sowie Investment- und Finanzierung.","publisher":{"@id":"https:\/\/www.immobilienbusiness.ch\/#organization"},"potentialAction":[{"@type":"SearchAction","target":{"@type":"EntryPoint","urlTemplate":"https:\/\/www.immobilienbusiness.ch\/?s={search_term_string}"},"query-input":{"@type":"PropertyValueSpecification","valueRequired":true,"valueName":"search_term_string"}}],"inLanguage":"de"},{"@type":"Organization","@id":"https:\/\/www.immobilienbusiness.ch\/#organization","name":"IMMOBILIEN Business","url":"https:\/\/www.immobilienbusiness.ch\/","logo":{"@type":"ImageObject","inLanguage":"de","@id":"https:\/\/www.immobilienbusiness.ch\/#\/schema\/logo\/image\/","url":"https:\/\/www.immobilienbusiness.ch\/wp-content\/uploads\/2021\/07\/logo_ib.png","contentUrl":"https:\/\/www.immobilienbusiness.ch\/wp-content\/uploads\/2021\/07\/logo_ib.png","width":800,"height":181,"caption":"IMMOBILIEN Business"},"image":{"@id":"https:\/\/www.immobilienbusiness.ch\/#\/schema\/logo\/image\/"},"sameAs":["https:\/\/www.facebook.com\/immobilienbusiness\/"]},{"@type":"Person","@id":"https:\/\/www.immobilienbusiness.ch\/#\/schema\/person\/3fc036297b10b9f42d6db5ee932af8c8","name":"anja.hall","image":{"@type":"ImageObject","inLanguage":"de","@id":"https:\/\/secure.gravatar.com\/avatar\/066b5a0d447013502c71a5782f4f3469f03cfe595cc2329fb94652fe47511bfb?s=96&d=mm&r=g","url":"https:\/\/secure.gravatar.com\/avatar\/066b5a0d447013502c71a5782f4f3469f03cfe595cc2329fb94652fe47511bfb?s=96&d=mm&r=g","contentUrl":"https:\/\/secure.gravatar.com\/avatar\/066b5a0d447013502c71a5782f4f3469f03cfe595cc2329fb94652fe47511bfb?s=96&d=mm&r=g","caption":"anja.hall"},"url":"https:\/\/www.immobilienbusiness.ch\/de\/author\/anja-hall\/"}]}},"_links":{"self":[{"href":"https:\/\/www.immobilienbusiness.ch\/de\/wp-json\/wp\/v2\/posts\/23913","targetHints":{"allow":["GET"]}}],"collection":[{"href":"https:\/\/www.immobilienbusiness.ch\/de\/wp-json\/wp\/v2\/posts"}],"about":[{"href":"https:\/\/www.immobilienbusiness.ch\/de\/wp-json\/wp\/v2\/types\/post"}],"author":[{"embeddable":true,"href":"https:\/\/www.immobilienbusiness.ch\/de\/wp-json\/wp\/v2\/users\/3"}],"replies":[{"embeddable":true,"href":"https:\/\/www.immobilienbusiness.ch\/de\/wp-json\/wp\/v2\/comments?post=23913"}],"version-history":[{"count":0,"href":"https:\/\/www.immobilienbusiness.ch\/de\/wp-json\/wp\/v2\/posts\/23913\/revisions"}],"wp:featuredmedia":[{"embeddable":true,"href":"https:\/\/www.immobilienbusiness.ch\/de\/wp-json\/wp\/v2\/media\/23914"}],"wp:attachment":[{"href":"https:\/\/www.immobilienbusiness.ch\/de\/wp-json\/wp\/v2\/media?parent=23913"}],"wp:term":[{"taxonomy":"category","embeddable":true,"href":"https:\/\/www.immobilienbusiness.ch\/de\/wp-json\/wp\/v2\/categories?post=23913"},{"taxonomy":"post_tag","embeddable":true,"href":"https:\/\/www.immobilienbusiness.ch\/de\/wp-json\/wp\/v2\/tags?post=23913"}],"curies":[{"name":"wp","href":"https:\/\/api.w.org\/{rel}","templated":true}]}}