{"id":23900,"date":"2021-04-08T08:44:19","date_gmt":"2021-04-08T06:44:19","guid":{"rendered":"https:\/\/www.immobilienbusiness.ch\/?p=23900"},"modified":"2021-04-08T08:44:19","modified_gmt":"2021-04-08T06:44:19","slug":"muenchenbuchsee-baustart-fuer-ueberbauung-strahmmatte","status":"publish","type":"post","link":"https:\/\/www.immobilienbusiness.ch\/de\/regionen\/2021-04-08\/muenchenbuchsee-baustart-fuer-ueberbauung-strahmmatte\/","title":{"rendered":"M\u00fcnchenbuchsee: Baustart f\u00fcr \u00dcberbauung Strahmmatte"},"content":{"rendered":"<figure id=\"attachment_23901\" aria-describedby=\"caption-attachment-23901\" style=\"width: 540px\" class=\"wp-caption alignnone\"><img loading=\"lazy\" decoding=\"async\" class=\"size-full wp-image-23901\" src=\"https:\/\/www.immobilienbusiness.ch\/wp-content\/uploads\/2021\/04\/bonainvest-m\u00fcnchenbusee-strahmmatte.jpg\" alt=\"\" width=\"540\" height=\"360\" \/><figcaption id=\"caption-attachment-23901\" class=\"wp-caption-text\">Das Bauprojekt Strahmmatte in M\u00fcnchenbuchsee (Visualisierung: Bonainvest)<\/figcaption><\/figure>\n<p>Im Rahmen des Bonainvest-Projekts Strahmmatte entstehen am Sch\u00f6neggweg in M\u00fcnchenbuchsee in den kommenden drei Jahren insgesamt 116 neue Wohnungen. Geplant sind zwei mehrfach gegliederte H\u00e4userzeilen mit 22 Eigentums- sowie 94 Mietwohnungen (Studio bis 5,5 Zimmer) nach dem Smart-Living-Konzept der Bonainvest-Tochterunternehmung Bonacasa.<\/p>\n<p>Ein Gemeinschaftsraum f\u00fcr die Bewohner der \u00dcberbauung, eine Gewerbefl\u00e4che und eine Einstellhalle mit 94 Parkpl\u00e4tzen sollen das Bauprojekt komplettieren, welches Anfang April gestartet wurde \u2013 und damit nur vier Monate nach dem Spatenstich des Schwesterprojekts Strahmhof. <em>(ah)<\/em><\/p>\n","protected":false},"excerpt":{"rendered":"<p>In der Gemeinde M\u00fcnchenbuchsee (BE) ist in zentrumsnaher Lage der offizielle Startschuss f\u00fcr die \u00dcberbauung Strahmmatte gefallen, ein Projekt der Bonainvest AG.<\/p>\n","protected":false},"author":3,"featured_media":23901,"comment_status":"closed","ping_status":"open","sticky":false,"template":"","format":"standard","meta":{"_acf_changed":false,"_yoast_wpseo_focuskw":"M\u00fcnchenbuchsee","_yoast_wpseo_title":"","_yoast_wpseo_metadesc":"In der Gemeinde M\u00fcnchenbuchsee (BE) ist in zentrumsnaher Lage der offizielle Startschuss f\u00fcr die \u00dcberbauung Strahmmatte gefallen.","_yoast_wpseo_linkdex":43,"pgc_sgb_lightbox_settings":"","footnotes":""},"categories":[985],"tags":[1396,1599,1863],"class_list":["post-23900","post","type-post","status-publish","format-standard","has-post-thumbnail","hentry","category-regionen","tag-kanton-bern","tag-projekt-in-bau","tag-wohnimmobilien"],"acf":[],"yoast_head":"<!-- This site is optimized with the Yoast SEO plugin v27.4 - https:\/\/yoast.com\/product\/yoast-seo-wordpress\/ -->\n<title>M\u00fcnchenbuchsee: Baustart f\u00fcr \u00dcberbauung Strahmmatte - IMMOBILIEN Business<\/title>\n<meta name=\"description\" content=\"In der Gemeinde M\u00fcnchenbuchsee (BE) ist in zentrumsnaher Lage der offizielle Startschuss f\u00fcr die \u00dcberbauung Strahmmatte gefallen.\" \/>\n<meta name=\"robots\" content=\"index, follow, max-snippet:-1, max-image-preview:large, max-video-preview:-1\" \/>\n<link rel=\"canonical\" href=\"https:\/\/www.immobilienbusiness.ch\/de\/regionen\/2021-04-08\/muenchenbuchsee-baustart-fuer-ueberbauung-strahmmatte\/\" \/>\n<meta property=\"og:locale\" content=\"de_DE\" \/>\n<meta property=\"og:type\" content=\"article\" \/>\n<meta property=\"og:title\" content=\"M\u00fcnchenbuchsee: Baustart f\u00fcr \u00dcberbauung Strahmmatte - IMMOBILIEN Business\" \/>\n<meta property=\"og:description\" content=\"In der Gemeinde M\u00fcnchenbuchsee (BE) ist in zentrumsnaher Lage der offizielle Startschuss f\u00fcr die \u00dcberbauung Strahmmatte gefallen.\" \/>\n<meta property=\"og:url\" content=\"https:\/\/www.immobilienbusiness.ch\/de\/regionen\/2021-04-08\/muenchenbuchsee-baustart-fuer-ueberbauung-strahmmatte\/\" \/>\n<meta property=\"og:site_name\" content=\"IMMOBILIEN Business\" \/>\n<meta property=\"article:publisher\" content=\"https:\/\/www.facebook.com\/immobilienbusiness\/\" \/>\n<meta property=\"article:published_time\" content=\"2021-04-08T06:44:19+00:00\" \/>\n<meta property=\"og:image\" content=\"https:\/\/www.immobilienbusiness.ch\/wp-content\/uploads\/2021\/04\/bonainvest-muenchenbusee-strahmmatte.jpg\" \/>\n\t<meta property=\"og:image:width\" content=\"540\" \/>\n\t<meta property=\"og:image:height\" content=\"360\" \/>\n\t<meta property=\"og:image:type\" content=\"image\/jpeg\" \/>\n<meta name=\"author\" content=\"anja.hall\" \/>\n<meta name=\"twitter:card\" content=\"summary_large_image\" \/>\n<meta name=\"twitter:image\" content=\"https:\/\/www.immobilienbusiness.ch\/wp-content\/uploads\/2021\/04\/bonainvest-muenchenbusee-strahmmatte.jpg\" \/>\n<script type=\"application\/ld+json\" class=\"yoast-schema-graph\">{\"@context\":\"https:\\\/\\\/schema.org\",\"@graph\":[{\"@type\":\"Article\",\"@id\":\"https:\\\/\\\/www.immobilienbusiness.ch\\\/en\\\/regionen\\\/2021-04-08\\\/muenchenbuchsee-baustart-fuer-ueberbauung-strahmmatte\\\/#article\",\"isPartOf\":{\"@id\":\"https:\\\/\\\/www.immobilienbusiness.ch\\\/en\\\/regionen\\\/2021-04-08\\\/muenchenbuchsee-baustart-fuer-ueberbauung-strahmmatte\\\/\"},\"author\":{\"name\":\"anja.hall\",\"@id\":\"https:\\\/\\\/www.immobilienbusiness.ch\\\/#\\\/schema\\\/person\\\/3fc036297b10b9f42d6db5ee932af8c8\"},\"headline\":\"M\u00fcnchenbuchsee: Baustart f\u00fcr \u00dcberbauung Strahmmatte\",\"datePublished\":\"2021-04-08T06:44:19+00:00\",\"mainEntityOfPage\":{\"@id\":\"https:\\\/\\\/www.immobilienbusiness.ch\\\/en\\\/regionen\\\/2021-04-08\\\/muenchenbuchsee-baustart-fuer-ueberbauung-strahmmatte\\\/\"},\"wordCount\":100,\"publisher\":{\"@id\":\"https:\\\/\\\/www.immobilienbusiness.ch\\\/#organization\"},\"image\":{\"@id\":\"https:\\\/\\\/www.immobilienbusiness.ch\\\/en\\\/regionen\\\/2021-04-08\\\/muenchenbuchsee-baustart-fuer-ueberbauung-strahmmatte\\\/#primaryimage\"},\"thumbnailUrl\":\"https:\\\/\\\/www.immobilienbusiness.ch\\\/wp-content\\\/uploads\\\/2021\\\/04\\\/bonainvest-muenchenbusee-strahmmatte.jpg\",\"keywords\":[\"Kanton Bern\",\"Projekt in Bau\",\"Wohnimmobilien\"],\"articleSection\":[\"REGIONEN\"],\"inLanguage\":\"de\"},{\"@type\":\"WebPage\",\"@id\":\"https:\\\/\\\/www.immobilienbusiness.ch\\\/en\\\/regionen\\\/2021-04-08\\\/muenchenbuchsee-baustart-fuer-ueberbauung-strahmmatte\\\/\",\"url\":\"https:\\\/\\\/www.immobilienbusiness.ch\\\/en\\\/regionen\\\/2021-04-08\\\/muenchenbuchsee-baustart-fuer-ueberbauung-strahmmatte\\\/\",\"name\":\"M\u00fcnchenbuchsee: Baustart f\u00fcr \u00dcberbauung Strahmmatte - IMMOBILIEN Business\",\"isPartOf\":{\"@id\":\"https:\\\/\\\/www.immobilienbusiness.ch\\\/#website\"},\"primaryImageOfPage\":{\"@id\":\"https:\\\/\\\/www.immobilienbusiness.ch\\\/en\\\/regionen\\\/2021-04-08\\\/muenchenbuchsee-baustart-fuer-ueberbauung-strahmmatte\\\/#primaryimage\"},\"image\":{\"@id\":\"https:\\\/\\\/www.immobilienbusiness.ch\\\/en\\\/regionen\\\/2021-04-08\\\/muenchenbuchsee-baustart-fuer-ueberbauung-strahmmatte\\\/#primaryimage\"},\"thumbnailUrl\":\"https:\\\/\\\/www.immobilienbusiness.ch\\\/wp-content\\\/uploads\\\/2021\\\/04\\\/bonainvest-muenchenbusee-strahmmatte.jpg\",\"datePublished\":\"2021-04-08T06:44:19+00:00\",\"description\":\"In der Gemeinde M\u00fcnchenbuchsee (BE) ist in zentrumsnaher Lage der offizielle Startschuss f\u00fcr die \u00dcberbauung Strahmmatte gefallen.\",\"breadcrumb\":{\"@id\":\"https:\\\/\\\/www.immobilienbusiness.ch\\\/en\\\/regionen\\\/2021-04-08\\\/muenchenbuchsee-baustart-fuer-ueberbauung-strahmmatte\\\/#breadcrumb\"},\"inLanguage\":\"de\",\"potentialAction\":[{\"@type\":\"ReadAction\",\"target\":[\"https:\\\/\\\/www.immobilienbusiness.ch\\\/en\\\/regionen\\\/2021-04-08\\\/muenchenbuchsee-baustart-fuer-ueberbauung-strahmmatte\\\/\"]}]},{\"@type\":\"ImageObject\",\"inLanguage\":\"de\",\"@id\":\"https:\\\/\\\/www.immobilienbusiness.ch\\\/en\\\/regionen\\\/2021-04-08\\\/muenchenbuchsee-baustart-fuer-ueberbauung-strahmmatte\\\/#primaryimage\",\"url\":\"https:\\\/\\\/www.immobilienbusiness.ch\\\/wp-content\\\/uploads\\\/2021\\\/04\\\/bonainvest-muenchenbusee-strahmmatte.jpg\",\"contentUrl\":\"https:\\\/\\\/www.immobilienbusiness.ch\\\/wp-content\\\/uploads\\\/2021\\\/04\\\/bonainvest-muenchenbusee-strahmmatte.jpg\",\"width\":540,\"height\":360,\"caption\":\"Eines der Projekte des Unternehmens liegt in M\u00fcnchenbuchsee (Visualisierung: Bonainvest)\"},{\"@type\":\"BreadcrumbList\",\"@id\":\"https:\\\/\\\/www.immobilienbusiness.ch\\\/en\\\/regionen\\\/2021-04-08\\\/muenchenbuchsee-baustart-fuer-ueberbauung-strahmmatte\\\/#breadcrumb\",\"itemListElement\":[{\"@type\":\"ListItem\",\"position\":1,\"name\":\"Home\",\"item\":\"https:\\\/\\\/www.immobilienbusiness.ch\\\/\"},{\"@type\":\"ListItem\",\"position\":2,\"name\":\"M\u00fcnchenbuchsee: Baustart f\u00fcr \u00dcberbauung Strahmmatte\"}]},{\"@type\":\"WebSite\",\"@id\":\"https:\\\/\\\/www.immobilienbusiness.ch\\\/#website\",\"url\":\"https:\\\/\\\/www.immobilienbusiness.ch\\\/\",\"name\":\"IMMOBILIEN Business\",\"description\":\"Unabh\u00e4ngiges Schweizer Wirtschaftsmagazin mit Fokus auf Immobilien, Architektur- und Bau sowie Investment- und Finanzierung.\",\"publisher\":{\"@id\":\"https:\\\/\\\/www.immobilienbusiness.ch\\\/#organization\"},\"potentialAction\":[{\"@type\":\"SearchAction\",\"target\":{\"@type\":\"EntryPoint\",\"urlTemplate\":\"https:\\\/\\\/www.immobilienbusiness.ch\\\/?s={search_term_string}\"},\"query-input\":{\"@type\":\"PropertyValueSpecification\",\"valueRequired\":true,\"valueName\":\"search_term_string\"}}],\"inLanguage\":\"de\"},{\"@type\":\"Organization\",\"@id\":\"https:\\\/\\\/www.immobilienbusiness.ch\\\/#organization\",\"name\":\"IMMOBILIEN Business\",\"url\":\"https:\\\/\\\/www.immobilienbusiness.ch\\\/\",\"logo\":{\"@type\":\"ImageObject\",\"inLanguage\":\"de\",\"@id\":\"https:\\\/\\\/www.immobilienbusiness.ch\\\/#\\\/schema\\\/logo\\\/image\\\/\",\"url\":\"https:\\\/\\\/www.immobilienbusiness.ch\\\/wp-content\\\/uploads\\\/2021\\\/07\\\/logo_ib.png\",\"contentUrl\":\"https:\\\/\\\/www.immobilienbusiness.ch\\\/wp-content\\\/uploads\\\/2021\\\/07\\\/logo_ib.png\",\"width\":800,\"height\":181,\"caption\":\"IMMOBILIEN Business\"},\"image\":{\"@id\":\"https:\\\/\\\/www.immobilienbusiness.ch\\\/#\\\/schema\\\/logo\\\/image\\\/\"},\"sameAs\":[\"https:\\\/\\\/www.facebook.com\\\/immobilienbusiness\\\/\"]},{\"@type\":\"Person\",\"@id\":\"https:\\\/\\\/www.immobilienbusiness.ch\\\/#\\\/schema\\\/person\\\/3fc036297b10b9f42d6db5ee932af8c8\",\"name\":\"anja.hall\",\"image\":{\"@type\":\"ImageObject\",\"inLanguage\":\"de\",\"@id\":\"https:\\\/\\\/secure.gravatar.com\\\/avatar\\\/066b5a0d447013502c71a5782f4f3469f03cfe595cc2329fb94652fe47511bfb?s=96&d=mm&r=g\",\"url\":\"https:\\\/\\\/secure.gravatar.com\\\/avatar\\\/066b5a0d447013502c71a5782f4f3469f03cfe595cc2329fb94652fe47511bfb?s=96&d=mm&r=g\",\"contentUrl\":\"https:\\\/\\\/secure.gravatar.com\\\/avatar\\\/066b5a0d447013502c71a5782f4f3469f03cfe595cc2329fb94652fe47511bfb?s=96&d=mm&r=g\",\"caption\":\"anja.hall\"},\"url\":\"https:\\\/\\\/www.immobilienbusiness.ch\\\/de\\\/author\\\/anja-hall\\\/\"}]}<\/script>\n<!-- \/ Yoast SEO plugin. -->","yoast_head_json":{"title":"M\u00fcnchenbuchsee: Baustart f\u00fcr \u00dcberbauung Strahmmatte - IMMOBILIEN Business","description":"In der Gemeinde M\u00fcnchenbuchsee (BE) ist in zentrumsnaher Lage der offizielle Startschuss f\u00fcr die \u00dcberbauung Strahmmatte gefallen.","robots":{"index":"index","follow":"follow","max-snippet":"max-snippet:-1","max-image-preview":"max-image-preview:large","max-video-preview":"max-video-preview:-1"},"canonical":"https:\/\/www.immobilienbusiness.ch\/de\/regionen\/2021-04-08\/muenchenbuchsee-baustart-fuer-ueberbauung-strahmmatte\/","og_locale":"de_DE","og_type":"article","og_title":"M\u00fcnchenbuchsee: Baustart f\u00fcr \u00dcberbauung Strahmmatte - IMMOBILIEN Business","og_description":"In der Gemeinde M\u00fcnchenbuchsee (BE) ist in zentrumsnaher Lage der offizielle Startschuss f\u00fcr die \u00dcberbauung Strahmmatte gefallen.","og_url":"https:\/\/www.immobilienbusiness.ch\/de\/regionen\/2021-04-08\/muenchenbuchsee-baustart-fuer-ueberbauung-strahmmatte\/","og_site_name":"IMMOBILIEN Business","article_publisher":"https:\/\/www.facebook.com\/immobilienbusiness\/","article_published_time":"2021-04-08T06:44:19+00:00","og_image":[{"width":540,"height":360,"url":"https:\/\/www.immobilienbusiness.ch\/wp-content\/uploads\/2021\/04\/bonainvest-muenchenbusee-strahmmatte.jpg","type":"image\/jpeg"}],"author":"anja.hall","twitter_card":"summary_large_image","twitter_image":"https:\/\/www.immobilienbusiness.ch\/wp-content\/uploads\/2021\/04\/bonainvest-muenchenbusee-strahmmatte.jpg","schema":{"@context":"https:\/\/schema.org","@graph":[{"@type":"Article","@id":"https:\/\/www.immobilienbusiness.ch\/en\/regionen\/2021-04-08\/muenchenbuchsee-baustart-fuer-ueberbauung-strahmmatte\/#article","isPartOf":{"@id":"https:\/\/www.immobilienbusiness.ch\/en\/regionen\/2021-04-08\/muenchenbuchsee-baustart-fuer-ueberbauung-strahmmatte\/"},"author":{"name":"anja.hall","@id":"https:\/\/www.immobilienbusiness.ch\/#\/schema\/person\/3fc036297b10b9f42d6db5ee932af8c8"},"headline":"M\u00fcnchenbuchsee: Baustart f\u00fcr \u00dcberbauung Strahmmatte","datePublished":"2021-04-08T06:44:19+00:00","mainEntityOfPage":{"@id":"https:\/\/www.immobilienbusiness.ch\/en\/regionen\/2021-04-08\/muenchenbuchsee-baustart-fuer-ueberbauung-strahmmatte\/"},"wordCount":100,"publisher":{"@id":"https:\/\/www.immobilienbusiness.ch\/#organization"},"image":{"@id":"https:\/\/www.immobilienbusiness.ch\/en\/regionen\/2021-04-08\/muenchenbuchsee-baustart-fuer-ueberbauung-strahmmatte\/#primaryimage"},"thumbnailUrl":"https:\/\/www.immobilienbusiness.ch\/wp-content\/uploads\/2021\/04\/bonainvest-muenchenbusee-strahmmatte.jpg","keywords":["Kanton Bern","Projekt in Bau","Wohnimmobilien"],"articleSection":["REGIONEN"],"inLanguage":"de"},{"@type":"WebPage","@id":"https:\/\/www.immobilienbusiness.ch\/en\/regionen\/2021-04-08\/muenchenbuchsee-baustart-fuer-ueberbauung-strahmmatte\/","url":"https:\/\/www.immobilienbusiness.ch\/en\/regionen\/2021-04-08\/muenchenbuchsee-baustart-fuer-ueberbauung-strahmmatte\/","name":"M\u00fcnchenbuchsee: Baustart f\u00fcr \u00dcberbauung Strahmmatte - IMMOBILIEN Business","isPartOf":{"@id":"https:\/\/www.immobilienbusiness.ch\/#website"},"primaryImageOfPage":{"@id":"https:\/\/www.immobilienbusiness.ch\/en\/regionen\/2021-04-08\/muenchenbuchsee-baustart-fuer-ueberbauung-strahmmatte\/#primaryimage"},"image":{"@id":"https:\/\/www.immobilienbusiness.ch\/en\/regionen\/2021-04-08\/muenchenbuchsee-baustart-fuer-ueberbauung-strahmmatte\/#primaryimage"},"thumbnailUrl":"https:\/\/www.immobilienbusiness.ch\/wp-content\/uploads\/2021\/04\/bonainvest-muenchenbusee-strahmmatte.jpg","datePublished":"2021-04-08T06:44:19+00:00","description":"In der Gemeinde M\u00fcnchenbuchsee (BE) ist in zentrumsnaher Lage der offizielle Startschuss f\u00fcr die \u00dcberbauung Strahmmatte gefallen.","breadcrumb":{"@id":"https:\/\/www.immobilienbusiness.ch\/en\/regionen\/2021-04-08\/muenchenbuchsee-baustart-fuer-ueberbauung-strahmmatte\/#breadcrumb"},"inLanguage":"de","potentialAction":[{"@type":"ReadAction","target":["https:\/\/www.immobilienbusiness.ch\/en\/regionen\/2021-04-08\/muenchenbuchsee-baustart-fuer-ueberbauung-strahmmatte\/"]}]},{"@type":"ImageObject","inLanguage":"de","@id":"https:\/\/www.immobilienbusiness.ch\/en\/regionen\/2021-04-08\/muenchenbuchsee-baustart-fuer-ueberbauung-strahmmatte\/#primaryimage","url":"https:\/\/www.immobilienbusiness.ch\/wp-content\/uploads\/2021\/04\/bonainvest-muenchenbusee-strahmmatte.jpg","contentUrl":"https:\/\/www.immobilienbusiness.ch\/wp-content\/uploads\/2021\/04\/bonainvest-muenchenbusee-strahmmatte.jpg","width":540,"height":360,"caption":"Eines der Projekte des Unternehmens liegt in M\u00fcnchenbuchsee (Visualisierung: Bonainvest)"},{"@type":"BreadcrumbList","@id":"https:\/\/www.immobilienbusiness.ch\/en\/regionen\/2021-04-08\/muenchenbuchsee-baustart-fuer-ueberbauung-strahmmatte\/#breadcrumb","itemListElement":[{"@type":"ListItem","position":1,"name":"Home","item":"https:\/\/www.immobilienbusiness.ch\/"},{"@type":"ListItem","position":2,"name":"M\u00fcnchenbuchsee: Baustart f\u00fcr \u00dcberbauung Strahmmatte"}]},{"@type":"WebSite","@id":"https:\/\/www.immobilienbusiness.ch\/#website","url":"https:\/\/www.immobilienbusiness.ch\/","name":"IMMOBILIEN Business","description":"Unabh\u00e4ngiges Schweizer Wirtschaftsmagazin mit Fokus auf Immobilien, Architektur- und Bau sowie Investment- und Finanzierung.","publisher":{"@id":"https:\/\/www.immobilienbusiness.ch\/#organization"},"potentialAction":[{"@type":"SearchAction","target":{"@type":"EntryPoint","urlTemplate":"https:\/\/www.immobilienbusiness.ch\/?s={search_term_string}"},"query-input":{"@type":"PropertyValueSpecification","valueRequired":true,"valueName":"search_term_string"}}],"inLanguage":"de"},{"@type":"Organization","@id":"https:\/\/www.immobilienbusiness.ch\/#organization","name":"IMMOBILIEN Business","url":"https:\/\/www.immobilienbusiness.ch\/","logo":{"@type":"ImageObject","inLanguage":"de","@id":"https:\/\/www.immobilienbusiness.ch\/#\/schema\/logo\/image\/","url":"https:\/\/www.immobilienbusiness.ch\/wp-content\/uploads\/2021\/07\/logo_ib.png","contentUrl":"https:\/\/www.immobilienbusiness.ch\/wp-content\/uploads\/2021\/07\/logo_ib.png","width":800,"height":181,"caption":"IMMOBILIEN Business"},"image":{"@id":"https:\/\/www.immobilienbusiness.ch\/#\/schema\/logo\/image\/"},"sameAs":["https:\/\/www.facebook.com\/immobilienbusiness\/"]},{"@type":"Person","@id":"https:\/\/www.immobilienbusiness.ch\/#\/schema\/person\/3fc036297b10b9f42d6db5ee932af8c8","name":"anja.hall","image":{"@type":"ImageObject","inLanguage":"de","@id":"https:\/\/secure.gravatar.com\/avatar\/066b5a0d447013502c71a5782f4f3469f03cfe595cc2329fb94652fe47511bfb?s=96&d=mm&r=g","url":"https:\/\/secure.gravatar.com\/avatar\/066b5a0d447013502c71a5782f4f3469f03cfe595cc2329fb94652fe47511bfb?s=96&d=mm&r=g","contentUrl":"https:\/\/secure.gravatar.com\/avatar\/066b5a0d447013502c71a5782f4f3469f03cfe595cc2329fb94652fe47511bfb?s=96&d=mm&r=g","caption":"anja.hall"},"url":"https:\/\/www.immobilienbusiness.ch\/de\/author\/anja-hall\/"}]}},"_links":{"self":[{"href":"https:\/\/www.immobilienbusiness.ch\/de\/wp-json\/wp\/v2\/posts\/23900","targetHints":{"allow":["GET"]}}],"collection":[{"href":"https:\/\/www.immobilienbusiness.ch\/de\/wp-json\/wp\/v2\/posts"}],"about":[{"href":"https:\/\/www.immobilienbusiness.ch\/de\/wp-json\/wp\/v2\/types\/post"}],"author":[{"embeddable":true,"href":"https:\/\/www.immobilienbusiness.ch\/de\/wp-json\/wp\/v2\/users\/3"}],"replies":[{"embeddable":true,"href":"https:\/\/www.immobilienbusiness.ch\/de\/wp-json\/wp\/v2\/comments?post=23900"}],"version-history":[{"count":0,"href":"https:\/\/www.immobilienbusiness.ch\/de\/wp-json\/wp\/v2\/posts\/23900\/revisions"}],"wp:featuredmedia":[{"embeddable":true,"href":"https:\/\/www.immobilienbusiness.ch\/de\/wp-json\/wp\/v2\/media\/23901"}],"wp:attachment":[{"href":"https:\/\/www.immobilienbusiness.ch\/de\/wp-json\/wp\/v2\/media?parent=23900"}],"wp:term":[{"taxonomy":"category","embeddable":true,"href":"https:\/\/www.immobilienbusiness.ch\/de\/wp-json\/wp\/v2\/categories?post=23900"},{"taxonomy":"post_tag","embeddable":true,"href":"https:\/\/www.immobilienbusiness.ch\/de\/wp-json\/wp\/v2\/tags?post=23900"}],"curies":[{"name":"wp","href":"https:\/\/api.w.org\/{rel}","templated":true}]}}