{"id":2385,"date":"2016-02-26T07:00:46","date_gmt":"2016-02-26T06:00:46","guid":{"rendered":"http:\/\/dev.immobilienbusiness.ch\/?p=2385"},"modified":"2016-02-26T07:00:46","modified_gmt":"2016-02-26T06:00:46","slug":"neue-event-halle-in-oerlikon-geplant","status":"publish","type":"post","link":"https:\/\/www.immobilienbusiness.ch\/de\/regionen\/2016-02-26\/neue-event-halle-in-oerlikon-geplant\/","title":{"rendered":"Neue Event-Halle in Oerlikon geplant"},"content":{"rendered":"<figure id=\"attachment_2386\" aria-describedby=\"caption-attachment-2386\" style=\"width: 516px\" class=\"wp-caption alignnone\"><img loading=\"lazy\" decoding=\"async\" class=\"size-full wp-image-2386\" src=\"https:\/\/immobilienbusiness.ch\/wp-content\/uploads\/2016\/12\/Neue-Event-Halle-in-Oerlikon-geplant-immobilien-business.jpg\" alt=\"Der geplante neue Veranstaltungsort Halle 622 in Z\u00fcrich-Oerlikon (Bild: Maag Music &amp; Arts)\" width=\"516\" height=\"279\" srcset=\"https:\/\/www.immobilienbusiness.ch\/wp-content\/uploads\/2016\/12\/Neue-Event-Halle-in-Oerlikon-geplant-immobilien-business.jpg 516w, https:\/\/www.immobilienbusiness.ch\/wp-content\/uploads\/2016\/12\/Neue-Event-Halle-in-Oerlikon-geplant-immobilien-business-300x162.jpg 300w, https:\/\/www.immobilienbusiness.ch\/wp-content\/uploads\/2016\/12\/Neue-Event-Halle-in-Oerlikon-geplant-immobilien-business-16x9.jpg 16w, https:\/\/www.immobilienbusiness.ch\/wp-content\/uploads\/2016\/12\/Neue-Event-Halle-in-Oerlikon-geplant-immobilien-business-324x175.jpg 324w\" sizes=\"auto, (max-width: 516px) 100vw, 516px\" \/><figcaption id=\"caption-attachment-2386\" class=\"wp-caption-text\">Der geplante neue Veranstaltungsort Halle 622 in Z\u00fcrich-Oerlikon (Bild: Maag Music &amp; Arts)<\/figcaption><\/figure>\n<p>Maag Music &amp; Arts will einen F\u00fcnf-Jahre-Mietvertrag mit der ABB Schweiz AG als Besitzerin der Halle in Z\u00fcrich-Nord abschliessen und selbst f\u00fcnf bis sechs Millionen Franken in den Umbau investieren. In Laufdistanz vom Bahnhof Oerlikon sollen in der Halle an der Therese-Giehse-Strasse zudem tempor\u00e4re Installationen beispielsweise f\u00fcr Show- und TV-Produktionen m\u00f6glich sein.<\/p>\n<p>Hintergrund f\u00fcr das Wechselspiel sind die von der Stadt Z\u00fcrich angestrebten <a href=\"https:\/\/immobilienbusiness.ch\/kongresshaus-und-tonhalle-in-zuerich-sollen-bis-2020-saniert-sein\/\" target=\"_blank\" data-cke-saved-href=\"https:\/\/immobilien-business.hamster.ch\/kongresshaus-und-tonhalle-in-zuerich-sollen-bis-2020-saniert-sein\" rel=\"noopener\">Sanierungen von Kongresshaus und Tonhalle zwischen 2017 und 2020<\/a>. Das Tonhalle-Orchester erh\u00e4lt in der Maag-Eventhall eine eigens gebaute Holzbox-Konstruktion mit Platz f\u00fcr bis zu 1.200 G\u00e4sten (Entwurf: Spillmann Echsle Architekten). Dieses Provisorium wird voraussichtlich 8,6 Millionen Franken kosten.<\/p>\n<p>Die Maag Music &amp; Arts AG hofft, die Baubewilligung f\u00fcr die Halle 622 noch vor den Sommerferien in ihren H\u00e4nden zu haben. Entscheidend f\u00fcr die Realisierung der Hallenpl\u00e4ne ist jedoch zun\u00e4chst am 5. Juni das Z\u00fcrcher Stimmvolk, welches das Sanierungsvorhaben am Kongresshaus und an der Tonhalle gutheissen muss. (mr)<\/p>\n","protected":false},"excerpt":{"rendered":"<p>Die Halle 622 in Z\u00fcrich-Oerlikon soll anfangs 2017 als Ersatzstandort f\u00fcr Veranstaltungen genutzt werden. Wie die Maag Music &#038; Arts AG mitteilt, soll diese Interimsl\u00f6sung gew\u00e4hlt werden, um Platz f\u00fcr Konzerte, Firmenanl\u00e4sse und Ausstellungen mit bis zu 3.500 G\u00e4sten bieten zu k\u00f6nnen, w\u00e4hrend Maag-Eventhall und alte H\u00e4rterei in Z\u00fcrich-West f\u00fcr Anl\u00e4sse dieser Art wegfallen.<\/p>\n","protected":false},"author":1,"featured_media":2386,"comment_status":"open","ping_status":"open","sticky":false,"template":"","format":"standard","meta":{"_acf_changed":false,"_yoast_wpseo_focuskw":"Event-Halle Oerlikon","_yoast_wpseo_title":"Event-Halle Oerlikon: Neue Veranstaltungsst\u00e4tte geplant","_yoast_wpseo_metadesc":"In Z\u00fcrich-Oerlikon entsteht eine neue Event-Halle. Maag Music & Arts investiert mehrere Millionen Franken in den Umbau und tempor\u00e4re Installationen.","_yoast_wpseo_linkdex":48,"pgc_sgb_lightbox_settings":"","footnotes":""},"categories":[985],"tags":[1334,1629,1714,1888],"class_list":["post-2385","post","type-post","status-publish","format-standard","has-post-thumbnail","hentry","category-regionen","tag-immobilien-investitionen","tag-regionen","tag-spezial-immobilien","tag-zuerich"],"acf":[],"yoast_head":"<!-- This site is optimized with the Yoast SEO plugin v27.5 - https:\/\/yoast.com\/product\/yoast-seo-wordpress\/ -->\n<title>Event-Halle Oerlikon: Neue Veranstaltungsst\u00e4tte geplant<\/title>\n<meta name=\"description\" content=\"In Z\u00fcrich-Oerlikon entsteht eine neue Event-Halle. Maag Music &amp; Arts investiert mehrere Millionen Franken in den Umbau und tempor\u00e4re Installationen.\" \/>\n<meta name=\"robots\" content=\"index, follow, max-snippet:-1, max-image-preview:large, max-video-preview:-1\" \/>\n<link rel=\"canonical\" href=\"https:\/\/www.immobilienbusiness.ch\/de\/regionen\/2016-02-26\/neue-event-halle-in-oerlikon-geplant\/\" \/>\n<meta property=\"og:locale\" content=\"de_DE\" \/>\n<meta property=\"og:type\" content=\"article\" \/>\n<meta property=\"og:title\" content=\"Neue Event-Halle in Oerlikon geplant\" \/>\n<meta property=\"og:description\" content=\"Die Halle 622 in Z\u00fcrich-Oerlikon soll anfangs 2017 als Ersatzstandort f\u00fcr Veranstaltungen genutzt werden. Wie die Maag Music &amp; Arts AG mitteilt, soll diese Interimsl\u00f6sung gew\u00e4hlt werden, um Platz f\u00fcr Konzerte, Firmenanl\u00e4sse und Ausstellungen mit bis zu 3.500 G\u00e4sten bieten zu k\u00f6nnen, w\u00e4hrend Maag-Eventhall und alte H\u00e4rterei in Z\u00fcrich-West f\u00fcr Anl\u00e4sse dieser Art wegfallen.\" \/>\n<meta property=\"og:url\" content=\"https:\/\/www.immobilienbusiness.ch\/de\/regionen\/2016-02-26\/neue-event-halle-in-oerlikon-geplant\/\" \/>\n<meta property=\"og:site_name\" content=\"IMMOBILIEN Business\" \/>\n<meta property=\"article:publisher\" content=\"https:\/\/www.facebook.com\/immobilienbusiness\/\" \/>\n<meta property=\"article:published_time\" content=\"2016-02-26T06:00:46+00:00\" \/>\n<meta name=\"author\" content=\"Redaktion\" \/>\n<meta name=\"twitter:card\" content=\"summary_large_image\" \/>\n<meta name=\"twitter:image\" content=\"https:\/\/www.immobilienbusiness.ch\/wp-content\/uploads\/2016\/12\/Neue-Event-Halle-in-Oerlikon-geplant-immobilien-business.jpg\" \/>\n<script type=\"application\/ld+json\" class=\"yoast-schema-graph\">{\"@context\":\"https:\\\/\\\/schema.org\",\"@graph\":[{\"@type\":\"Article\",\"@id\":\"https:\\\/\\\/www.immobilienbusiness.ch\\\/regionen\\\/2016-02-26\\\/neue-event-halle-in-oerlikon-geplant\\\/#article\",\"isPartOf\":{\"@id\":\"https:\\\/\\\/www.immobilienbusiness.ch\\\/regionen\\\/2016-02-26\\\/neue-event-halle-in-oerlikon-geplant\\\/\"},\"author\":{\"name\":\"Redaktion\",\"@id\":\"https:\\\/\\\/www.immobilienbusiness.ch\\\/#\\\/schema\\\/person\\\/aa2bace6c5c5aad60102004a50c4eb1c\"},\"headline\":\"Neue Event-Halle in Oerlikon geplant\",\"datePublished\":\"2016-02-26T06:00:46+00:00\",\"mainEntityOfPage\":{\"@id\":\"https:\\\/\\\/www.immobilienbusiness.ch\\\/regionen\\\/2016-02-26\\\/neue-event-halle-in-oerlikon-geplant\\\/\"},\"wordCount\":186,\"commentCount\":0,\"publisher\":{\"@id\":\"https:\\\/\\\/www.immobilienbusiness.ch\\\/#organization\"},\"image\":{\"@id\":\"https:\\\/\\\/www.immobilienbusiness.ch\\\/regionen\\\/2016-02-26\\\/neue-event-halle-in-oerlikon-geplant\\\/#primaryimage\"},\"thumbnailUrl\":\"https:\\\/\\\/www.immobilienbusiness.ch\\\/wp-content\\\/uploads\\\/2016\\\/12\\\/Neue-Event-Halle-in-Oerlikon-geplant-immobilien-business.jpg\",\"keywords\":[\"Immobilien-Investitionen\",\"Regionen\",\"Spezial Immobilien\",\"Z\u00fcrich\"],\"articleSection\":[\"REGIONEN\"],\"inLanguage\":\"de\"},{\"@type\":\"WebPage\",\"@id\":\"https:\\\/\\\/www.immobilienbusiness.ch\\\/regionen\\\/2016-02-26\\\/neue-event-halle-in-oerlikon-geplant\\\/\",\"url\":\"https:\\\/\\\/www.immobilienbusiness.ch\\\/regionen\\\/2016-02-26\\\/neue-event-halle-in-oerlikon-geplant\\\/\",\"name\":\"Event-Halle Oerlikon: Neue Veranstaltungsst\u00e4tte geplant\",\"isPartOf\":{\"@id\":\"https:\\\/\\\/www.immobilienbusiness.ch\\\/#website\"},\"primaryImageOfPage\":{\"@id\":\"https:\\\/\\\/www.immobilienbusiness.ch\\\/regionen\\\/2016-02-26\\\/neue-event-halle-in-oerlikon-geplant\\\/#primaryimage\"},\"image\":{\"@id\":\"https:\\\/\\\/www.immobilienbusiness.ch\\\/regionen\\\/2016-02-26\\\/neue-event-halle-in-oerlikon-geplant\\\/#primaryimage\"},\"thumbnailUrl\":\"https:\\\/\\\/www.immobilienbusiness.ch\\\/wp-content\\\/uploads\\\/2016\\\/12\\\/Neue-Event-Halle-in-Oerlikon-geplant-immobilien-business.jpg\",\"datePublished\":\"2016-02-26T06:00:46+00:00\",\"description\":\"In Z\u00fcrich-Oerlikon entsteht eine neue Event-Halle. Maag Music & Arts investiert mehrere Millionen Franken in den Umbau und tempor\u00e4re Installationen.\",\"breadcrumb\":{\"@id\":\"https:\\\/\\\/www.immobilienbusiness.ch\\\/regionen\\\/2016-02-26\\\/neue-event-halle-in-oerlikon-geplant\\\/#breadcrumb\"},\"inLanguage\":\"de\",\"potentialAction\":[{\"@type\":\"ReadAction\",\"target\":[\"https:\\\/\\\/www.immobilienbusiness.ch\\\/regionen\\\/2016-02-26\\\/neue-event-halle-in-oerlikon-geplant\\\/\"]}]},{\"@type\":\"ImageObject\",\"inLanguage\":\"de\",\"@id\":\"https:\\\/\\\/www.immobilienbusiness.ch\\\/regionen\\\/2016-02-26\\\/neue-event-halle-in-oerlikon-geplant\\\/#primaryimage\",\"url\":\"https:\\\/\\\/www.immobilienbusiness.ch\\\/wp-content\\\/uploads\\\/2016\\\/12\\\/Neue-Event-Halle-in-Oerlikon-geplant-immobilien-business.jpg\",\"contentUrl\":\"https:\\\/\\\/www.immobilienbusiness.ch\\\/wp-content\\\/uploads\\\/2016\\\/12\\\/Neue-Event-Halle-in-Oerlikon-geplant-immobilien-business.jpg\",\"width\":516,\"height\":279,\"caption\":\"Der geplante neue Veranstaltungsort Halle 622 in Z\u00fcrich-Oerlikon (Bild: Maag Music & Arts)\"},{\"@type\":\"BreadcrumbList\",\"@id\":\"https:\\\/\\\/www.immobilienbusiness.ch\\\/regionen\\\/2016-02-26\\\/neue-event-halle-in-oerlikon-geplant\\\/#breadcrumb\",\"itemListElement\":[{\"@type\":\"ListItem\",\"position\":1,\"name\":\"Home\",\"item\":\"https:\\\/\\\/www.immobilienbusiness.ch\\\/\"},{\"@type\":\"ListItem\",\"position\":2,\"name\":\"Neue Event-Halle in Oerlikon geplant\"}]},{\"@type\":\"WebSite\",\"@id\":\"https:\\\/\\\/www.immobilienbusiness.ch\\\/#website\",\"url\":\"https:\\\/\\\/www.immobilienbusiness.ch\\\/\",\"name\":\"IMMOBILIEN Business\",\"description\":\"Unabh\u00e4ngiges Schweizer Wirtschaftsmagazin mit Fokus auf Immobilien, Architektur- und Bau sowie Investment- und Finanzierung.\",\"publisher\":{\"@id\":\"https:\\\/\\\/www.immobilienbusiness.ch\\\/#organization\"},\"potentialAction\":[{\"@type\":\"SearchAction\",\"target\":{\"@type\":\"EntryPoint\",\"urlTemplate\":\"https:\\\/\\\/www.immobilienbusiness.ch\\\/?s={search_term_string}\"},\"query-input\":{\"@type\":\"PropertyValueSpecification\",\"valueRequired\":true,\"valueName\":\"search_term_string\"}}],\"inLanguage\":\"de\"},{\"@type\":\"Organization\",\"@id\":\"https:\\\/\\\/www.immobilienbusiness.ch\\\/#organization\",\"name\":\"IMMOBILIEN Business\",\"url\":\"https:\\\/\\\/www.immobilienbusiness.ch\\\/\",\"logo\":{\"@type\":\"ImageObject\",\"inLanguage\":\"de\",\"@id\":\"https:\\\/\\\/www.immobilienbusiness.ch\\\/#\\\/schema\\\/logo\\\/image\\\/\",\"url\":\"https:\\\/\\\/www.immobilienbusiness.ch\\\/wp-content\\\/uploads\\\/2021\\\/07\\\/logo_ib.png\",\"contentUrl\":\"https:\\\/\\\/www.immobilienbusiness.ch\\\/wp-content\\\/uploads\\\/2021\\\/07\\\/logo_ib.png\",\"width\":800,\"height\":181,\"caption\":\"IMMOBILIEN Business\"},\"image\":{\"@id\":\"https:\\\/\\\/www.immobilienbusiness.ch\\\/#\\\/schema\\\/logo\\\/image\\\/\"},\"sameAs\":[\"https:\\\/\\\/www.facebook.com\\\/immobilienbusiness\\\/\"]},{\"@type\":\"Person\",\"@id\":\"https:\\\/\\\/www.immobilienbusiness.ch\\\/#\\\/schema\\\/person\\\/aa2bace6c5c5aad60102004a50c4eb1c\",\"name\":\"Redaktion\",\"image\":{\"@type\":\"ImageObject\",\"inLanguage\":\"de\",\"@id\":\"https:\\\/\\\/secure.gravatar.com\\\/avatar\\\/ae2f4d718e6c49043e314ce431e7e645d646302a24a5ef5a8bc8e3f5a032e319?s=96&d=mm&r=g\",\"url\":\"https:\\\/\\\/secure.gravatar.com\\\/avatar\\\/ae2f4d718e6c49043e314ce431e7e645d646302a24a5ef5a8bc8e3f5a032e319?s=96&d=mm&r=g\",\"contentUrl\":\"https:\\\/\\\/secure.gravatar.com\\\/avatar\\\/ae2f4d718e6c49043e314ce431e7e645d646302a24a5ef5a8bc8e3f5a032e319?s=96&d=mm&r=g\",\"caption\":\"Redaktion\"},\"sameAs\":[\"http:\\\/\\\/develop.organisator.galledia.ch\"],\"url\":\"https:\\\/\\\/www.immobilienbusiness.ch\\\/de\\\/author\\\/admin\\\/\"}]}<\/script>\n<!-- \/ Yoast SEO plugin. -->","yoast_head_json":{"title":"Event-Halle Oerlikon: Neue Veranstaltungsst\u00e4tte geplant","description":"In Z\u00fcrich-Oerlikon entsteht eine neue Event-Halle. Maag Music & Arts investiert mehrere Millionen Franken in den Umbau und tempor\u00e4re Installationen.","robots":{"index":"index","follow":"follow","max-snippet":"max-snippet:-1","max-image-preview":"max-image-preview:large","max-video-preview":"max-video-preview:-1"},"canonical":"https:\/\/www.immobilienbusiness.ch\/de\/regionen\/2016-02-26\/neue-event-halle-in-oerlikon-geplant\/","og_locale":"de_DE","og_type":"article","og_title":"Neue Event-Halle in Oerlikon geplant","og_description":"Die Halle 622 in Z\u00fcrich-Oerlikon soll anfangs 2017 als Ersatzstandort f\u00fcr Veranstaltungen genutzt werden. Wie die Maag Music & Arts AG mitteilt, soll diese Interimsl\u00f6sung gew\u00e4hlt werden, um Platz f\u00fcr Konzerte, Firmenanl\u00e4sse und Ausstellungen mit bis zu 3.500 G\u00e4sten bieten zu k\u00f6nnen, w\u00e4hrend Maag-Eventhall und alte H\u00e4rterei in Z\u00fcrich-West f\u00fcr Anl\u00e4sse dieser Art wegfallen.","og_url":"https:\/\/www.immobilienbusiness.ch\/de\/regionen\/2016-02-26\/neue-event-halle-in-oerlikon-geplant\/","og_site_name":"IMMOBILIEN Business","article_publisher":"https:\/\/www.facebook.com\/immobilienbusiness\/","article_published_time":"2016-02-26T06:00:46+00:00","author":"Redaktion","twitter_card":"summary_large_image","twitter_image":"https:\/\/www.immobilienbusiness.ch\/wp-content\/uploads\/2016\/12\/Neue-Event-Halle-in-Oerlikon-geplant-immobilien-business.jpg","schema":{"@context":"https:\/\/schema.org","@graph":[{"@type":"Article","@id":"https:\/\/www.immobilienbusiness.ch\/regionen\/2016-02-26\/neue-event-halle-in-oerlikon-geplant\/#article","isPartOf":{"@id":"https:\/\/www.immobilienbusiness.ch\/regionen\/2016-02-26\/neue-event-halle-in-oerlikon-geplant\/"},"author":{"name":"Redaktion","@id":"https:\/\/www.immobilienbusiness.ch\/#\/schema\/person\/aa2bace6c5c5aad60102004a50c4eb1c"},"headline":"Neue Event-Halle in Oerlikon geplant","datePublished":"2016-02-26T06:00:46+00:00","mainEntityOfPage":{"@id":"https:\/\/www.immobilienbusiness.ch\/regionen\/2016-02-26\/neue-event-halle-in-oerlikon-geplant\/"},"wordCount":186,"commentCount":0,"publisher":{"@id":"https:\/\/www.immobilienbusiness.ch\/#organization"},"image":{"@id":"https:\/\/www.immobilienbusiness.ch\/regionen\/2016-02-26\/neue-event-halle-in-oerlikon-geplant\/#primaryimage"},"thumbnailUrl":"https:\/\/www.immobilienbusiness.ch\/wp-content\/uploads\/2016\/12\/Neue-Event-Halle-in-Oerlikon-geplant-immobilien-business.jpg","keywords":["Immobilien-Investitionen","Regionen","Spezial Immobilien","Z\u00fcrich"],"articleSection":["REGIONEN"],"inLanguage":"de"},{"@type":"WebPage","@id":"https:\/\/www.immobilienbusiness.ch\/regionen\/2016-02-26\/neue-event-halle-in-oerlikon-geplant\/","url":"https:\/\/www.immobilienbusiness.ch\/regionen\/2016-02-26\/neue-event-halle-in-oerlikon-geplant\/","name":"Event-Halle Oerlikon: Neue Veranstaltungsst\u00e4tte geplant","isPartOf":{"@id":"https:\/\/www.immobilienbusiness.ch\/#website"},"primaryImageOfPage":{"@id":"https:\/\/www.immobilienbusiness.ch\/regionen\/2016-02-26\/neue-event-halle-in-oerlikon-geplant\/#primaryimage"},"image":{"@id":"https:\/\/www.immobilienbusiness.ch\/regionen\/2016-02-26\/neue-event-halle-in-oerlikon-geplant\/#primaryimage"},"thumbnailUrl":"https:\/\/www.immobilienbusiness.ch\/wp-content\/uploads\/2016\/12\/Neue-Event-Halle-in-Oerlikon-geplant-immobilien-business.jpg","datePublished":"2016-02-26T06:00:46+00:00","description":"In Z\u00fcrich-Oerlikon entsteht eine neue Event-Halle. Maag Music & Arts investiert mehrere Millionen Franken in den Umbau und tempor\u00e4re Installationen.","breadcrumb":{"@id":"https:\/\/www.immobilienbusiness.ch\/regionen\/2016-02-26\/neue-event-halle-in-oerlikon-geplant\/#breadcrumb"},"inLanguage":"de","potentialAction":[{"@type":"ReadAction","target":["https:\/\/www.immobilienbusiness.ch\/regionen\/2016-02-26\/neue-event-halle-in-oerlikon-geplant\/"]}]},{"@type":"ImageObject","inLanguage":"de","@id":"https:\/\/www.immobilienbusiness.ch\/regionen\/2016-02-26\/neue-event-halle-in-oerlikon-geplant\/#primaryimage","url":"https:\/\/www.immobilienbusiness.ch\/wp-content\/uploads\/2016\/12\/Neue-Event-Halle-in-Oerlikon-geplant-immobilien-business.jpg","contentUrl":"https:\/\/www.immobilienbusiness.ch\/wp-content\/uploads\/2016\/12\/Neue-Event-Halle-in-Oerlikon-geplant-immobilien-business.jpg","width":516,"height":279,"caption":"Der geplante neue Veranstaltungsort Halle 622 in Z\u00fcrich-Oerlikon (Bild: Maag Music & Arts)"},{"@type":"BreadcrumbList","@id":"https:\/\/www.immobilienbusiness.ch\/regionen\/2016-02-26\/neue-event-halle-in-oerlikon-geplant\/#breadcrumb","itemListElement":[{"@type":"ListItem","position":1,"name":"Home","item":"https:\/\/www.immobilienbusiness.ch\/"},{"@type":"ListItem","position":2,"name":"Neue Event-Halle in Oerlikon geplant"}]},{"@type":"WebSite","@id":"https:\/\/www.immobilienbusiness.ch\/#website","url":"https:\/\/www.immobilienbusiness.ch\/","name":"IMMOBILIEN Business","description":"Unabh\u00e4ngiges Schweizer Wirtschaftsmagazin mit Fokus auf Immobilien, Architektur- und Bau sowie Investment- und Finanzierung.","publisher":{"@id":"https:\/\/www.immobilienbusiness.ch\/#organization"},"potentialAction":[{"@type":"SearchAction","target":{"@type":"EntryPoint","urlTemplate":"https:\/\/www.immobilienbusiness.ch\/?s={search_term_string}"},"query-input":{"@type":"PropertyValueSpecification","valueRequired":true,"valueName":"search_term_string"}}],"inLanguage":"de"},{"@type":"Organization","@id":"https:\/\/www.immobilienbusiness.ch\/#organization","name":"IMMOBILIEN Business","url":"https:\/\/www.immobilienbusiness.ch\/","logo":{"@type":"ImageObject","inLanguage":"de","@id":"https:\/\/www.immobilienbusiness.ch\/#\/schema\/logo\/image\/","url":"https:\/\/www.immobilienbusiness.ch\/wp-content\/uploads\/2021\/07\/logo_ib.png","contentUrl":"https:\/\/www.immobilienbusiness.ch\/wp-content\/uploads\/2021\/07\/logo_ib.png","width":800,"height":181,"caption":"IMMOBILIEN Business"},"image":{"@id":"https:\/\/www.immobilienbusiness.ch\/#\/schema\/logo\/image\/"},"sameAs":["https:\/\/www.facebook.com\/immobilienbusiness\/"]},{"@type":"Person","@id":"https:\/\/www.immobilienbusiness.ch\/#\/schema\/person\/aa2bace6c5c5aad60102004a50c4eb1c","name":"Redaktion","image":{"@type":"ImageObject","inLanguage":"de","@id":"https:\/\/secure.gravatar.com\/avatar\/ae2f4d718e6c49043e314ce431e7e645d646302a24a5ef5a8bc8e3f5a032e319?s=96&d=mm&r=g","url":"https:\/\/secure.gravatar.com\/avatar\/ae2f4d718e6c49043e314ce431e7e645d646302a24a5ef5a8bc8e3f5a032e319?s=96&d=mm&r=g","contentUrl":"https:\/\/secure.gravatar.com\/avatar\/ae2f4d718e6c49043e314ce431e7e645d646302a24a5ef5a8bc8e3f5a032e319?s=96&d=mm&r=g","caption":"Redaktion"},"sameAs":["http:\/\/develop.organisator.galledia.ch"],"url":"https:\/\/www.immobilienbusiness.ch\/de\/author\/admin\/"}]}},"_links":{"self":[{"href":"https:\/\/www.immobilienbusiness.ch\/de\/wp-json\/wp\/v2\/posts\/2385","targetHints":{"allow":["GET"]}}],"collection":[{"href":"https:\/\/www.immobilienbusiness.ch\/de\/wp-json\/wp\/v2\/posts"}],"about":[{"href":"https:\/\/www.immobilienbusiness.ch\/de\/wp-json\/wp\/v2\/types\/post"}],"author":[{"embeddable":true,"href":"https:\/\/www.immobilienbusiness.ch\/de\/wp-json\/wp\/v2\/users\/1"}],"replies":[{"embeddable":true,"href":"https:\/\/www.immobilienbusiness.ch\/de\/wp-json\/wp\/v2\/comments?post=2385"}],"version-history":[{"count":0,"href":"https:\/\/www.immobilienbusiness.ch\/de\/wp-json\/wp\/v2\/posts\/2385\/revisions"}],"wp:featuredmedia":[{"embeddable":true,"href":"https:\/\/www.immobilienbusiness.ch\/de\/wp-json\/wp\/v2\/media\/2386"}],"wp:attachment":[{"href":"https:\/\/www.immobilienbusiness.ch\/de\/wp-json\/wp\/v2\/media?parent=2385"}],"wp:term":[{"taxonomy":"category","embeddable":true,"href":"https:\/\/www.immobilienbusiness.ch\/de\/wp-json\/wp\/v2\/categories?post=2385"},{"taxonomy":"post_tag","embeddable":true,"href":"https:\/\/www.immobilienbusiness.ch\/de\/wp-json\/wp\/v2\/tags?post=2385"}],"curies":[{"name":"wp","href":"https:\/\/api.w.org\/{rel}","templated":true}]}}