{"id":23845,"date":"2021-04-06T09:19:06","date_gmt":"2021-04-06T07:19:06","guid":{"rendered":"https:\/\/www.immobilienbusiness.ch\/?p=23845"},"modified":"2021-04-06T09:19:06","modified_gmt":"2021-04-06T07:19:06","slug":"basel-rohbau-der-werkarena-steht","status":"publish","type":"post","link":"https:\/\/www.immobilienbusiness.ch\/de\/regionen\/2021-04-06\/basel-rohbau-der-werkarena-steht\/","title":{"rendered":"Basel: Rohbau der Werkarena steht"},"content":{"rendered":"<figure id=\"attachment_23883\" aria-describedby=\"caption-attachment-23883\" style=\"width: 680px\" class=\"wp-caption alignnone\"><img loading=\"lazy\" decoding=\"async\" class=\"size-medium wp-image-23883\" src=\"https:\/\/www.immobilienbusiness.ch\/wp-content\/uploads\/2021\/04\/Aufrichte_Werkarena.jpg\" alt=\"\" width=\"680\" height=\"453\" srcset=\"https:\/\/www.immobilienbusiness.ch\/wp-content\/uploads\/2021\/04\/Aufrichte_Werkarena.jpg 1920w, https:\/\/www.immobilienbusiness.ch\/wp-content\/uploads\/2021\/04\/Aufrichte_Werkarena-300x200.jpg 300w, https:\/\/www.immobilienbusiness.ch\/wp-content\/uploads\/2021\/04\/Aufrichte_Werkarena-1024x683.jpg 1024w, https:\/\/www.immobilienbusiness.ch\/wp-content\/uploads\/2021\/04\/Aufrichte_Werkarena-768x512.jpg 768w, https:\/\/www.immobilienbusiness.ch\/wp-content\/uploads\/2021\/04\/Aufrichte_Werkarena-1536x1024.jpg 1536w, https:\/\/www.immobilienbusiness.ch\/wp-content\/uploads\/2021\/04\/Aufrichte_Werkarena-16x12.jpg 16w, https:\/\/www.immobilienbusiness.ch\/wp-content\/uploads\/2021\/04\/Aufrichte_Werkarena-263x175.jpg 263w, https:\/\/www.immobilienbusiness.ch\/wp-content\/uploads\/2021\/04\/Aufrichte_Werkarena-525x350.jpg 525w, https:\/\/www.immobilienbusiness.ch\/wp-content\/uploads\/2021\/04\/Aufrichte_Werkarena-1200x800.jpg 1200w, https:\/\/www.immobilienbusiness.ch\/wp-content\/uploads\/2021\/04\/Aufrichte_Werkarena-920x613.jpg 920w, https:\/\/www.immobilienbusiness.ch\/wp-content\/uploads\/2021\/04\/Aufrichte_Werkarena-1400x933.jpg 1400w\" sizes=\"auto, (max-width: 680px) 100vw, 680px\" \/><figcaption id=\"caption-attachment-23883\" class=\"wp-caption-text\">F\u00fcr die Werkarena in Basel ist die Aufrichte gefeiert worden (Bild: Steiner AG)<\/figcaption><\/figure>\n<p>Die Steiner AG erstellt die Werkarena im Entwicklungsgebiet im Norden von Basel, in direkter Grenzn\u00e4he und beim EuroAirport Basel-Mulhouse sowie an der Autobahn A3 gelegen.<\/p>\n<p>Besonderheit des Konzeptes ist, dass das Objekt sowohl \u00fcber Lager-, B\u00fcro- als auch Produktionsfl\u00e4chen verf\u00fcgt. Die Werkarena erschliesst Gewerbegeschosse mit einem Rampensystem f\u00fcr Kleintransporter, zudem k\u00f6nnen die Mieter B\u00fcro-, Sitzungs- und Konferenzr\u00e4ume gemeinsam nutzen. Die oberen vier Etagen des Komplexes sind f\u00fcr Startups und KMU vorgesehen, die ihr Netzwerk erweitern oder einen Ort f\u00fcr Inspiration und Austausch suchen. Einen Teil der Werkarena bildet der Gewerbe- und Businesspark, der vom Gewerbeverband Basel-Stadt und vom Businessparc Reinach betrieben wird.<\/p>\n<p>Die Werkarena ist eine Initiative des Gewerbeverbands Basel-Stadt, Immobilien Basel-Stadt, des Businessparc Reinach, der Steiner AG, Smeyers AG und der Picard Angst AG sowie weiterer Grossunternehmen. Baubeginn war im Herbst 2019. <em>(ah)<\/em><\/p>\n","protected":false},"excerpt":{"rendered":"<p>F\u00fcr den Gewerbepark \u00abWerkarena\u00bb im Norden von Basel ist die Aufrichte gefeiert worden. Ab Herbst 2021 soll der von der Steiner AG entwickelte und realisierte Businesskomplex bezugsbereit sein.<\/p>\n","protected":false},"author":3,"featured_media":23883,"comment_status":"closed","ping_status":"open","sticky":false,"template":"","format":"standard","meta":{"_acf_changed":false,"_yoast_wpseo_focuskw":"Werkarena","_yoast_wpseo_title":"","_yoast_wpseo_metadesc":"F\u00fcr den Gewerbepark \u00abWerkarena\u00bb im Norden von Basel ist die Aufrichte gefeiert worden. Ab Herbst 2021 soll der Businesskomplex bezugsbereit sein.","_yoast_wpseo_linkdex":42,"pgc_sgb_lightbox_settings":"","footnotes":""},"categories":[985],"tags":[1069,1272,1599],"class_list":["post-23845","post","type-post","status-publish","format-standard","has-post-thumbnail","hentry","category-regionen","tag-basel","tag-gewerbeimmobilien","tag-projekt-in-bau"],"acf":[],"yoast_head":"<!-- This site is optimized with the Yoast SEO plugin v27.4 - https:\/\/yoast.com\/product\/yoast-seo-wordpress\/ -->\n<title>Basel: Rohbau der Werkarena steht - IMMOBILIEN Business<\/title>\n<meta name=\"description\" content=\"F\u00fcr den Gewerbepark \u00abWerkarena\u00bb im Norden von Basel ist die Aufrichte gefeiert worden. Ab Herbst 2021 soll der Businesskomplex bezugsbereit sein.\" \/>\n<meta name=\"robots\" content=\"index, follow, max-snippet:-1, max-image-preview:large, max-video-preview:-1\" \/>\n<link rel=\"canonical\" href=\"https:\/\/www.immobilienbusiness.ch\/de\/regionen\/2021-04-06\/basel-rohbau-der-werkarena-steht\/\" \/>\n<meta property=\"og:locale\" content=\"de_DE\" \/>\n<meta property=\"og:type\" content=\"article\" \/>\n<meta property=\"og:title\" content=\"Basel: Rohbau der Werkarena steht - IMMOBILIEN Business\" \/>\n<meta property=\"og:description\" content=\"F\u00fcr den Gewerbepark \u00abWerkarena\u00bb im Norden von Basel ist die Aufrichte gefeiert worden. Ab Herbst 2021 soll der Businesskomplex bezugsbereit sein.\" \/>\n<meta property=\"og:url\" content=\"https:\/\/www.immobilienbusiness.ch\/de\/regionen\/2021-04-06\/basel-rohbau-der-werkarena-steht\/\" \/>\n<meta property=\"og:site_name\" content=\"IMMOBILIEN Business\" \/>\n<meta property=\"article:publisher\" content=\"https:\/\/www.facebook.com\/immobilienbusiness\/\" \/>\n<meta property=\"article:published_time\" content=\"2021-04-06T07:19:06+00:00\" \/>\n<meta property=\"og:image\" content=\"https:\/\/www.immobilienbusiness.ch\/wp-content\/uploads\/2021\/04\/Aufrichte_Werkarena.jpg\" \/>\n\t<meta property=\"og:image:width\" content=\"1920\" \/>\n\t<meta property=\"og:image:height\" content=\"1280\" \/>\n\t<meta property=\"og:image:type\" content=\"image\/jpeg\" \/>\n<meta name=\"author\" content=\"anja.hall\" \/>\n<meta name=\"twitter:card\" content=\"summary_large_image\" \/>\n<meta name=\"twitter:image\" content=\"https:\/\/www.immobilienbusiness.ch\/wp-content\/uploads\/2021\/04\/Aufrichte_Werkarena.jpg\" \/>\n<script type=\"application\/ld+json\" class=\"yoast-schema-graph\">{\"@context\":\"https:\\\/\\\/schema.org\",\"@graph\":[{\"@type\":\"Article\",\"@id\":\"https:\\\/\\\/www.immobilienbusiness.ch\\\/en\\\/regionen\\\/2021-04-06\\\/basel-rohbau-der-werkarena-steht\\\/#article\",\"isPartOf\":{\"@id\":\"https:\\\/\\\/www.immobilienbusiness.ch\\\/en\\\/regionen\\\/2021-04-06\\\/basel-rohbau-der-werkarena-steht\\\/\"},\"author\":{\"name\":\"anja.hall\",\"@id\":\"https:\\\/\\\/www.immobilienbusiness.ch\\\/#\\\/schema\\\/person\\\/3fc036297b10b9f42d6db5ee932af8c8\"},\"headline\":\"Basel: Rohbau der Werkarena steht\",\"datePublished\":\"2021-04-06T07:19:06+00:00\",\"mainEntityOfPage\":{\"@id\":\"https:\\\/\\\/www.immobilienbusiness.ch\\\/en\\\/regionen\\\/2021-04-06\\\/basel-rohbau-der-werkarena-steht\\\/\"},\"wordCount\":169,\"publisher\":{\"@id\":\"https:\\\/\\\/www.immobilienbusiness.ch\\\/#organization\"},\"image\":{\"@id\":\"https:\\\/\\\/www.immobilienbusiness.ch\\\/en\\\/regionen\\\/2021-04-06\\\/basel-rohbau-der-werkarena-steht\\\/#primaryimage\"},\"thumbnailUrl\":\"https:\\\/\\\/www.immobilienbusiness.ch\\\/wp-content\\\/uploads\\\/2021\\\/04\\\/Aufrichte_Werkarena.jpg\",\"keywords\":[\"Basel\",\"Gewerbeimmobilien\",\"Projekt in Bau\"],\"articleSection\":[\"REGIONEN\"],\"inLanguage\":\"de\"},{\"@type\":\"WebPage\",\"@id\":\"https:\\\/\\\/www.immobilienbusiness.ch\\\/en\\\/regionen\\\/2021-04-06\\\/basel-rohbau-der-werkarena-steht\\\/\",\"url\":\"https:\\\/\\\/www.immobilienbusiness.ch\\\/en\\\/regionen\\\/2021-04-06\\\/basel-rohbau-der-werkarena-steht\\\/\",\"name\":\"Basel: Rohbau der Werkarena steht - IMMOBILIEN Business\",\"isPartOf\":{\"@id\":\"https:\\\/\\\/www.immobilienbusiness.ch\\\/#website\"},\"primaryImageOfPage\":{\"@id\":\"https:\\\/\\\/www.immobilienbusiness.ch\\\/en\\\/regionen\\\/2021-04-06\\\/basel-rohbau-der-werkarena-steht\\\/#primaryimage\"},\"image\":{\"@id\":\"https:\\\/\\\/www.immobilienbusiness.ch\\\/en\\\/regionen\\\/2021-04-06\\\/basel-rohbau-der-werkarena-steht\\\/#primaryimage\"},\"thumbnailUrl\":\"https:\\\/\\\/www.immobilienbusiness.ch\\\/wp-content\\\/uploads\\\/2021\\\/04\\\/Aufrichte_Werkarena.jpg\",\"datePublished\":\"2021-04-06T07:19:06+00:00\",\"description\":\"F\u00fcr den Gewerbepark \u00abWerkarena\u00bb im Norden von Basel ist die Aufrichte gefeiert worden. Ab Herbst 2021 soll der Businesskomplex bezugsbereit sein.\",\"breadcrumb\":{\"@id\":\"https:\\\/\\\/www.immobilienbusiness.ch\\\/en\\\/regionen\\\/2021-04-06\\\/basel-rohbau-der-werkarena-steht\\\/#breadcrumb\"},\"inLanguage\":\"de\",\"potentialAction\":[{\"@type\":\"ReadAction\",\"target\":[\"https:\\\/\\\/www.immobilienbusiness.ch\\\/en\\\/regionen\\\/2021-04-06\\\/basel-rohbau-der-werkarena-steht\\\/\"]}]},{\"@type\":\"ImageObject\",\"inLanguage\":\"de\",\"@id\":\"https:\\\/\\\/www.immobilienbusiness.ch\\\/en\\\/regionen\\\/2021-04-06\\\/basel-rohbau-der-werkarena-steht\\\/#primaryimage\",\"url\":\"https:\\\/\\\/www.immobilienbusiness.ch\\\/wp-content\\\/uploads\\\/2021\\\/04\\\/Aufrichte_Werkarena.jpg\",\"contentUrl\":\"https:\\\/\\\/www.immobilienbusiness.ch\\\/wp-content\\\/uploads\\\/2021\\\/04\\\/Aufrichte_Werkarena.jpg\",\"width\":1920,\"height\":1280,\"caption\":\"F\u00fcr die Werkarena in Basel ist die Aufrichte gefeiert worden (Bild: Steiner AG)\"},{\"@type\":\"BreadcrumbList\",\"@id\":\"https:\\\/\\\/www.immobilienbusiness.ch\\\/en\\\/regionen\\\/2021-04-06\\\/basel-rohbau-der-werkarena-steht\\\/#breadcrumb\",\"itemListElement\":[{\"@type\":\"ListItem\",\"position\":1,\"name\":\"Home\",\"item\":\"https:\\\/\\\/www.immobilienbusiness.ch\\\/\"},{\"@type\":\"ListItem\",\"position\":2,\"name\":\"Basel: Rohbau der Werkarena steht\"}]},{\"@type\":\"WebSite\",\"@id\":\"https:\\\/\\\/www.immobilienbusiness.ch\\\/#website\",\"url\":\"https:\\\/\\\/www.immobilienbusiness.ch\\\/\",\"name\":\"IMMOBILIEN Business\",\"description\":\"Unabh\u00e4ngiges Schweizer Wirtschaftsmagazin mit Fokus auf Immobilien, Architektur- und Bau sowie Investment- und Finanzierung.\",\"publisher\":{\"@id\":\"https:\\\/\\\/www.immobilienbusiness.ch\\\/#organization\"},\"potentialAction\":[{\"@type\":\"SearchAction\",\"target\":{\"@type\":\"EntryPoint\",\"urlTemplate\":\"https:\\\/\\\/www.immobilienbusiness.ch\\\/?s={search_term_string}\"},\"query-input\":{\"@type\":\"PropertyValueSpecification\",\"valueRequired\":true,\"valueName\":\"search_term_string\"}}],\"inLanguage\":\"de\"},{\"@type\":\"Organization\",\"@id\":\"https:\\\/\\\/www.immobilienbusiness.ch\\\/#organization\",\"name\":\"IMMOBILIEN Business\",\"url\":\"https:\\\/\\\/www.immobilienbusiness.ch\\\/\",\"logo\":{\"@type\":\"ImageObject\",\"inLanguage\":\"de\",\"@id\":\"https:\\\/\\\/www.immobilienbusiness.ch\\\/#\\\/schema\\\/logo\\\/image\\\/\",\"url\":\"https:\\\/\\\/www.immobilienbusiness.ch\\\/wp-content\\\/uploads\\\/2021\\\/07\\\/logo_ib.png\",\"contentUrl\":\"https:\\\/\\\/www.immobilienbusiness.ch\\\/wp-content\\\/uploads\\\/2021\\\/07\\\/logo_ib.png\",\"width\":800,\"height\":181,\"caption\":\"IMMOBILIEN Business\"},\"image\":{\"@id\":\"https:\\\/\\\/www.immobilienbusiness.ch\\\/#\\\/schema\\\/logo\\\/image\\\/\"},\"sameAs\":[\"https:\\\/\\\/www.facebook.com\\\/immobilienbusiness\\\/\"]},{\"@type\":\"Person\",\"@id\":\"https:\\\/\\\/www.immobilienbusiness.ch\\\/#\\\/schema\\\/person\\\/3fc036297b10b9f42d6db5ee932af8c8\",\"name\":\"anja.hall\",\"image\":{\"@type\":\"ImageObject\",\"inLanguage\":\"de\",\"@id\":\"https:\\\/\\\/secure.gravatar.com\\\/avatar\\\/066b5a0d447013502c71a5782f4f3469f03cfe595cc2329fb94652fe47511bfb?s=96&d=mm&r=g\",\"url\":\"https:\\\/\\\/secure.gravatar.com\\\/avatar\\\/066b5a0d447013502c71a5782f4f3469f03cfe595cc2329fb94652fe47511bfb?s=96&d=mm&r=g\",\"contentUrl\":\"https:\\\/\\\/secure.gravatar.com\\\/avatar\\\/066b5a0d447013502c71a5782f4f3469f03cfe595cc2329fb94652fe47511bfb?s=96&d=mm&r=g\",\"caption\":\"anja.hall\"},\"url\":\"https:\\\/\\\/www.immobilienbusiness.ch\\\/de\\\/author\\\/anja-hall\\\/\"}]}<\/script>\n<!-- \/ Yoast SEO plugin. -->","yoast_head_json":{"title":"Basel: Rohbau der Werkarena steht - IMMOBILIEN Business","description":"F\u00fcr den Gewerbepark \u00abWerkarena\u00bb im Norden von Basel ist die Aufrichte gefeiert worden. Ab Herbst 2021 soll der Businesskomplex bezugsbereit sein.","robots":{"index":"index","follow":"follow","max-snippet":"max-snippet:-1","max-image-preview":"max-image-preview:large","max-video-preview":"max-video-preview:-1"},"canonical":"https:\/\/www.immobilienbusiness.ch\/de\/regionen\/2021-04-06\/basel-rohbau-der-werkarena-steht\/","og_locale":"de_DE","og_type":"article","og_title":"Basel: Rohbau der Werkarena steht - IMMOBILIEN Business","og_description":"F\u00fcr den Gewerbepark \u00abWerkarena\u00bb im Norden von Basel ist die Aufrichte gefeiert worden. Ab Herbst 2021 soll der Businesskomplex bezugsbereit sein.","og_url":"https:\/\/www.immobilienbusiness.ch\/de\/regionen\/2021-04-06\/basel-rohbau-der-werkarena-steht\/","og_site_name":"IMMOBILIEN Business","article_publisher":"https:\/\/www.facebook.com\/immobilienbusiness\/","article_published_time":"2021-04-06T07:19:06+00:00","og_image":[{"width":1920,"height":1280,"url":"https:\/\/www.immobilienbusiness.ch\/wp-content\/uploads\/2021\/04\/Aufrichte_Werkarena.jpg","type":"image\/jpeg"}],"author":"anja.hall","twitter_card":"summary_large_image","twitter_image":"https:\/\/www.immobilienbusiness.ch\/wp-content\/uploads\/2021\/04\/Aufrichte_Werkarena.jpg","schema":{"@context":"https:\/\/schema.org","@graph":[{"@type":"Article","@id":"https:\/\/www.immobilienbusiness.ch\/en\/regionen\/2021-04-06\/basel-rohbau-der-werkarena-steht\/#article","isPartOf":{"@id":"https:\/\/www.immobilienbusiness.ch\/en\/regionen\/2021-04-06\/basel-rohbau-der-werkarena-steht\/"},"author":{"name":"anja.hall","@id":"https:\/\/www.immobilienbusiness.ch\/#\/schema\/person\/3fc036297b10b9f42d6db5ee932af8c8"},"headline":"Basel: Rohbau der Werkarena steht","datePublished":"2021-04-06T07:19:06+00:00","mainEntityOfPage":{"@id":"https:\/\/www.immobilienbusiness.ch\/en\/regionen\/2021-04-06\/basel-rohbau-der-werkarena-steht\/"},"wordCount":169,"publisher":{"@id":"https:\/\/www.immobilienbusiness.ch\/#organization"},"image":{"@id":"https:\/\/www.immobilienbusiness.ch\/en\/regionen\/2021-04-06\/basel-rohbau-der-werkarena-steht\/#primaryimage"},"thumbnailUrl":"https:\/\/www.immobilienbusiness.ch\/wp-content\/uploads\/2021\/04\/Aufrichte_Werkarena.jpg","keywords":["Basel","Gewerbeimmobilien","Projekt in Bau"],"articleSection":["REGIONEN"],"inLanguage":"de"},{"@type":"WebPage","@id":"https:\/\/www.immobilienbusiness.ch\/en\/regionen\/2021-04-06\/basel-rohbau-der-werkarena-steht\/","url":"https:\/\/www.immobilienbusiness.ch\/en\/regionen\/2021-04-06\/basel-rohbau-der-werkarena-steht\/","name":"Basel: Rohbau der Werkarena steht - IMMOBILIEN Business","isPartOf":{"@id":"https:\/\/www.immobilienbusiness.ch\/#website"},"primaryImageOfPage":{"@id":"https:\/\/www.immobilienbusiness.ch\/en\/regionen\/2021-04-06\/basel-rohbau-der-werkarena-steht\/#primaryimage"},"image":{"@id":"https:\/\/www.immobilienbusiness.ch\/en\/regionen\/2021-04-06\/basel-rohbau-der-werkarena-steht\/#primaryimage"},"thumbnailUrl":"https:\/\/www.immobilienbusiness.ch\/wp-content\/uploads\/2021\/04\/Aufrichte_Werkarena.jpg","datePublished":"2021-04-06T07:19:06+00:00","description":"F\u00fcr den Gewerbepark \u00abWerkarena\u00bb im Norden von Basel ist die Aufrichte gefeiert worden. Ab Herbst 2021 soll der Businesskomplex bezugsbereit sein.","breadcrumb":{"@id":"https:\/\/www.immobilienbusiness.ch\/en\/regionen\/2021-04-06\/basel-rohbau-der-werkarena-steht\/#breadcrumb"},"inLanguage":"de","potentialAction":[{"@type":"ReadAction","target":["https:\/\/www.immobilienbusiness.ch\/en\/regionen\/2021-04-06\/basel-rohbau-der-werkarena-steht\/"]}]},{"@type":"ImageObject","inLanguage":"de","@id":"https:\/\/www.immobilienbusiness.ch\/en\/regionen\/2021-04-06\/basel-rohbau-der-werkarena-steht\/#primaryimage","url":"https:\/\/www.immobilienbusiness.ch\/wp-content\/uploads\/2021\/04\/Aufrichte_Werkarena.jpg","contentUrl":"https:\/\/www.immobilienbusiness.ch\/wp-content\/uploads\/2021\/04\/Aufrichte_Werkarena.jpg","width":1920,"height":1280,"caption":"F\u00fcr die Werkarena in Basel ist die Aufrichte gefeiert worden (Bild: Steiner AG)"},{"@type":"BreadcrumbList","@id":"https:\/\/www.immobilienbusiness.ch\/en\/regionen\/2021-04-06\/basel-rohbau-der-werkarena-steht\/#breadcrumb","itemListElement":[{"@type":"ListItem","position":1,"name":"Home","item":"https:\/\/www.immobilienbusiness.ch\/"},{"@type":"ListItem","position":2,"name":"Basel: Rohbau der Werkarena steht"}]},{"@type":"WebSite","@id":"https:\/\/www.immobilienbusiness.ch\/#website","url":"https:\/\/www.immobilienbusiness.ch\/","name":"IMMOBILIEN Business","description":"Unabh\u00e4ngiges Schweizer Wirtschaftsmagazin mit Fokus auf Immobilien, Architektur- und Bau sowie Investment- und Finanzierung.","publisher":{"@id":"https:\/\/www.immobilienbusiness.ch\/#organization"},"potentialAction":[{"@type":"SearchAction","target":{"@type":"EntryPoint","urlTemplate":"https:\/\/www.immobilienbusiness.ch\/?s={search_term_string}"},"query-input":{"@type":"PropertyValueSpecification","valueRequired":true,"valueName":"search_term_string"}}],"inLanguage":"de"},{"@type":"Organization","@id":"https:\/\/www.immobilienbusiness.ch\/#organization","name":"IMMOBILIEN Business","url":"https:\/\/www.immobilienbusiness.ch\/","logo":{"@type":"ImageObject","inLanguage":"de","@id":"https:\/\/www.immobilienbusiness.ch\/#\/schema\/logo\/image\/","url":"https:\/\/www.immobilienbusiness.ch\/wp-content\/uploads\/2021\/07\/logo_ib.png","contentUrl":"https:\/\/www.immobilienbusiness.ch\/wp-content\/uploads\/2021\/07\/logo_ib.png","width":800,"height":181,"caption":"IMMOBILIEN Business"},"image":{"@id":"https:\/\/www.immobilienbusiness.ch\/#\/schema\/logo\/image\/"},"sameAs":["https:\/\/www.facebook.com\/immobilienbusiness\/"]},{"@type":"Person","@id":"https:\/\/www.immobilienbusiness.ch\/#\/schema\/person\/3fc036297b10b9f42d6db5ee932af8c8","name":"anja.hall","image":{"@type":"ImageObject","inLanguage":"de","@id":"https:\/\/secure.gravatar.com\/avatar\/066b5a0d447013502c71a5782f4f3469f03cfe595cc2329fb94652fe47511bfb?s=96&d=mm&r=g","url":"https:\/\/secure.gravatar.com\/avatar\/066b5a0d447013502c71a5782f4f3469f03cfe595cc2329fb94652fe47511bfb?s=96&d=mm&r=g","contentUrl":"https:\/\/secure.gravatar.com\/avatar\/066b5a0d447013502c71a5782f4f3469f03cfe595cc2329fb94652fe47511bfb?s=96&d=mm&r=g","caption":"anja.hall"},"url":"https:\/\/www.immobilienbusiness.ch\/de\/author\/anja-hall\/"}]}},"_links":{"self":[{"href":"https:\/\/www.immobilienbusiness.ch\/de\/wp-json\/wp\/v2\/posts\/23845","targetHints":{"allow":["GET"]}}],"collection":[{"href":"https:\/\/www.immobilienbusiness.ch\/de\/wp-json\/wp\/v2\/posts"}],"about":[{"href":"https:\/\/www.immobilienbusiness.ch\/de\/wp-json\/wp\/v2\/types\/post"}],"author":[{"embeddable":true,"href":"https:\/\/www.immobilienbusiness.ch\/de\/wp-json\/wp\/v2\/users\/3"}],"replies":[{"embeddable":true,"href":"https:\/\/www.immobilienbusiness.ch\/de\/wp-json\/wp\/v2\/comments?post=23845"}],"version-history":[{"count":0,"href":"https:\/\/www.immobilienbusiness.ch\/de\/wp-json\/wp\/v2\/posts\/23845\/revisions"}],"wp:featuredmedia":[{"embeddable":true,"href":"https:\/\/www.immobilienbusiness.ch\/de\/wp-json\/wp\/v2\/media\/23883"}],"wp:attachment":[{"href":"https:\/\/www.immobilienbusiness.ch\/de\/wp-json\/wp\/v2\/media?parent=23845"}],"wp:term":[{"taxonomy":"category","embeddable":true,"href":"https:\/\/www.immobilienbusiness.ch\/de\/wp-json\/wp\/v2\/categories?post=23845"},{"taxonomy":"post_tag","embeddable":true,"href":"https:\/\/www.immobilienbusiness.ch\/de\/wp-json\/wp\/v2\/tags?post=23845"}],"curies":[{"name":"wp","href":"https:\/\/api.w.org\/{rel}","templated":true}]}}