{"id":23650,"date":"2021-03-09T08:22:42","date_gmt":"2021-03-09T07:22:42","guid":{"rendered":"https:\/\/www.immobilienbusiness.ch\/?p=23650"},"modified":"2021-03-09T08:22:42","modified_gmt":"2021-03-09T07:22:42","slug":"sammelstiftung-vita-plant-drei-neue-projekte","status":"publish","type":"post","link":"https:\/\/www.immobilienbusiness.ch\/de\/unternehmen\/2021-03-09\/sammelstiftung-vita-plant-drei-neue-projekte\/","title":{"rendered":"Sammelstiftung Vita plant drei neue Projekte"},"content":{"rendered":"<figure id=\"attachment_23651\" aria-describedby=\"caption-attachment-23651\" style=\"width: 680px\" class=\"wp-caption alignnone\"><img loading=\"lazy\" decoding=\"async\" class=\"size-medium wp-image-23651\" src=\"https:\/\/www.immobilienbusiness.ch\/wp-content\/uploads\/2021\/03\/DOMUM-Winterthur_-Aussenperspektive_02.jpg\" alt=\"\" width=\"680\" height=\"453\" srcset=\"https:\/\/www.immobilienbusiness.ch\/wp-content\/uploads\/2021\/03\/DOMUM-Winterthur_-Aussenperspektive_02.jpg 1537w, https:\/\/www.immobilienbusiness.ch\/wp-content\/uploads\/2021\/03\/DOMUM-Winterthur_-Aussenperspektive_02-300x200.jpg 300w, https:\/\/www.immobilienbusiness.ch\/wp-content\/uploads\/2021\/03\/DOMUM-Winterthur_-Aussenperspektive_02-1024x683.jpg 1024w, https:\/\/www.immobilienbusiness.ch\/wp-content\/uploads\/2021\/03\/DOMUM-Winterthur_-Aussenperspektive_02-768x512.jpg 768w, https:\/\/www.immobilienbusiness.ch\/wp-content\/uploads\/2021\/03\/DOMUM-Winterthur_-Aussenperspektive_02-16x12.jpg 16w, https:\/\/www.immobilienbusiness.ch\/wp-content\/uploads\/2021\/03\/DOMUM-Winterthur_-Aussenperspektive_02-262x175.jpg 262w, https:\/\/www.immobilienbusiness.ch\/wp-content\/uploads\/2021\/03\/DOMUM-Winterthur_-Aussenperspektive_02-525x350.jpg 525w, https:\/\/www.immobilienbusiness.ch\/wp-content\/uploads\/2021\/03\/DOMUM-Winterthur_-Aussenperspektive_02-1200x800.jpg 1200w, https:\/\/www.immobilienbusiness.ch\/wp-content\/uploads\/2021\/03\/DOMUM-Winterthur_-Aussenperspektive_02-920x614.jpg 920w, https:\/\/www.immobilienbusiness.ch\/wp-content\/uploads\/2021\/03\/DOMUM-Winterthur_-Aussenperspektive_02-1400x934.jpg 1400w\" sizes=\"auto, (max-width: 680px) 100vw, 680px\" \/><figcaption id=\"caption-attachment-23651\" class=\"wp-caption-text\">Die geplante \u00dcberbauung in Winterthur (Visualisierung: Sammelstiftung Vita)<\/figcaption><\/figure>\n<p>Die Sammelstiftung Vita investierte bereits 2018 in Bazenheid (SG) und 2019 in Ilanz (GR) insgesamt rund 100 Mio. CHF in \u00abBetreutes Wohnen \u2013 Wohnen mit Service\u00bb f\u00fcr die Zeit nach der Pensionierung.<\/p>\n<p>Nun kommen drei weitere Projekte in Wetzikon, St. Gallen und Winterthur dazu, die in Zusammenarbeit mit der Domum-Wohnbau-Genossenschaft entstehen, welche f\u00fcr die Projektentwicklung und den Betrieb verantwortlich zeichnet. Bei den neuen Projekten entst\u00fcnden neun Mehrfamilienh\u00e4user mit insgesamt 121 Wohnungen und zus\u00e4tzlichen Unterst\u00fctzungsleistungen, teilt die Sammelstiftung Vita mit. Das Investmentvolumen liege erneut bei 100 Mio. CHF.<\/p>\n<p>Die Mehrfamilienh\u00e4user in Wetzikon sind voraussichtlich ab Oktober 2021 bezugsbereit, jene in St. Gallen ab September 2022 und jene in Winterthur ab Dezember 2023. Die W\u00e4rmeerzeugung erfolge mit W\u00e4rmepumpen und Erdsonden; eine Infrastruktur f\u00fcr E-Mobilit\u00e4t werde sichergestellt. Die Mehrfamilienh\u00e4user und Wohnungen w\u00fcrden nach dem LEA-Standard (Living Every Age) zertifiziert. <em>(bw)<\/em><\/p>\n","protected":false},"excerpt":{"rendered":"<p>Die Sammelstiftung Vita will in Wetzikon, St. Gallen und Winterthur drei Projekte im Bereich altersgerechter und bezahlbarer Wohnraum realisieren. Das Investitionsvolumen: 100 Mio. CHF.<\/p>\n","protected":false},"author":3,"featured_media":23651,"comment_status":"closed","ping_status":"open","sticky":false,"template":"","format":"standard","meta":{"_acf_changed":false,"_yoast_wpseo_focuskw":"Vita","_yoast_wpseo_title":"","_yoast_wpseo_metadesc":"Die Sammelstiftung Vita will in Wetzikon, St. Gallen und Winterthur drei Projekte im Bereich altersgerechter und bezahlbarer Wohnraum realisieren.","_yoast_wpseo_linkdex":58,"pgc_sgb_lightbox_settings":"","footnotes":""},"categories":[988],"tags":[1410,1600,1687,1722],"class_list":["post-23650","post","type-post","status-publish","format-standard","has-post-thumbnail","hentry","category-unternehmen","tag-kanton-zuerich","tag-projekt-in-planung","tag-seniorenresidenz","tag-st-gallen"],"acf":[],"yoast_head":"<!-- This site is optimized with the Yoast SEO plugin v27.4 - https:\/\/yoast.com\/product\/yoast-seo-wordpress\/ -->\n<title>Sammelstiftung Vita plant drei neue Projekte - IMMOBILIEN Business<\/title>\n<meta name=\"description\" content=\"Die Sammelstiftung Vita will in Wetzikon, St. Gallen und Winterthur drei Projekte im Bereich altersgerechter und bezahlbarer Wohnraum realisieren.\" \/>\n<meta name=\"robots\" content=\"index, follow, max-snippet:-1, max-image-preview:large, max-video-preview:-1\" \/>\n<link rel=\"canonical\" href=\"https:\/\/www.immobilienbusiness.ch\/de\/unternehmen\/2021-03-09\/sammelstiftung-vita-plant-drei-neue-projekte\/\" \/>\n<meta property=\"og:locale\" content=\"de_DE\" \/>\n<meta property=\"og:type\" content=\"article\" \/>\n<meta property=\"og:title\" content=\"Sammelstiftung Vita plant drei neue Projekte - IMMOBILIEN Business\" \/>\n<meta property=\"og:description\" content=\"Die Sammelstiftung Vita will in Wetzikon, St. Gallen und Winterthur drei Projekte im Bereich altersgerechter und bezahlbarer Wohnraum realisieren.\" \/>\n<meta property=\"og:url\" content=\"https:\/\/www.immobilienbusiness.ch\/de\/unternehmen\/2021-03-09\/sammelstiftung-vita-plant-drei-neue-projekte\/\" \/>\n<meta property=\"og:site_name\" content=\"IMMOBILIEN Business\" \/>\n<meta property=\"article:publisher\" content=\"https:\/\/www.facebook.com\/immobilienbusiness\/\" \/>\n<meta property=\"article:published_time\" content=\"2021-03-09T07:22:42+00:00\" \/>\n<meta property=\"og:image\" content=\"https:\/\/www.immobilienbusiness.ch\/wp-content\/uploads\/2021\/03\/DOMUM-Winterthur_-Aussenperspektive_02.jpg\" \/>\n\t<meta property=\"og:image:width\" content=\"1537\" \/>\n\t<meta property=\"og:image:height\" content=\"1025\" \/>\n\t<meta property=\"og:image:type\" content=\"image\/jpeg\" \/>\n<meta name=\"author\" content=\"anja.hall\" \/>\n<meta name=\"twitter:card\" content=\"summary_large_image\" \/>\n<meta name=\"twitter:image\" content=\"https:\/\/www.immobilienbusiness.ch\/wp-content\/uploads\/2021\/03\/DOMUM-Winterthur_-Aussenperspektive_02.jpg\" \/>\n<script type=\"application\/ld+json\" class=\"yoast-schema-graph\">{\"@context\":\"https:\\\/\\\/schema.org\",\"@graph\":[{\"@type\":\"Article\",\"@id\":\"https:\\\/\\\/www.immobilienbusiness.ch\\\/en\\\/unternehmen\\\/2021-03-09\\\/sammelstiftung-vita-plant-drei-neue-projekte\\\/#article\",\"isPartOf\":{\"@id\":\"https:\\\/\\\/www.immobilienbusiness.ch\\\/en\\\/unternehmen\\\/2021-03-09\\\/sammelstiftung-vita-plant-drei-neue-projekte\\\/\"},\"author\":{\"name\":\"anja.hall\",\"@id\":\"https:\\\/\\\/www.immobilienbusiness.ch\\\/#\\\/schema\\\/person\\\/3fc036297b10b9f42d6db5ee932af8c8\"},\"headline\":\"Sammelstiftung Vita plant drei neue Projekte\",\"datePublished\":\"2021-03-09T07:22:42+00:00\",\"mainEntityOfPage\":{\"@id\":\"https:\\\/\\\/www.immobilienbusiness.ch\\\/en\\\/unternehmen\\\/2021-03-09\\\/sammelstiftung-vita-plant-drei-neue-projekte\\\/\"},\"wordCount\":162,\"publisher\":{\"@id\":\"https:\\\/\\\/www.immobilienbusiness.ch\\\/#organization\"},\"image\":{\"@id\":\"https:\\\/\\\/www.immobilienbusiness.ch\\\/en\\\/unternehmen\\\/2021-03-09\\\/sammelstiftung-vita-plant-drei-neue-projekte\\\/#primaryimage\"},\"thumbnailUrl\":\"https:\\\/\\\/www.immobilienbusiness.ch\\\/wp-content\\\/uploads\\\/2021\\\/03\\\/DOMUM-Winterthur_-Aussenperspektive_02.jpg\",\"keywords\":[\"Kanton Z\u00fcrich\",\"Projekt in Planung\",\"Seniorenresidenz\",\"St. Gallen\"],\"articleSection\":[\"UNTERNEHMEN\"],\"inLanguage\":\"de\"},{\"@type\":\"WebPage\",\"@id\":\"https:\\\/\\\/www.immobilienbusiness.ch\\\/en\\\/unternehmen\\\/2021-03-09\\\/sammelstiftung-vita-plant-drei-neue-projekte\\\/\",\"url\":\"https:\\\/\\\/www.immobilienbusiness.ch\\\/en\\\/unternehmen\\\/2021-03-09\\\/sammelstiftung-vita-plant-drei-neue-projekte\\\/\",\"name\":\"Sammelstiftung Vita plant drei neue Projekte - IMMOBILIEN Business\",\"isPartOf\":{\"@id\":\"https:\\\/\\\/www.immobilienbusiness.ch\\\/#website\"},\"primaryImageOfPage\":{\"@id\":\"https:\\\/\\\/www.immobilienbusiness.ch\\\/en\\\/unternehmen\\\/2021-03-09\\\/sammelstiftung-vita-plant-drei-neue-projekte\\\/#primaryimage\"},\"image\":{\"@id\":\"https:\\\/\\\/www.immobilienbusiness.ch\\\/en\\\/unternehmen\\\/2021-03-09\\\/sammelstiftung-vita-plant-drei-neue-projekte\\\/#primaryimage\"},\"thumbnailUrl\":\"https:\\\/\\\/www.immobilienbusiness.ch\\\/wp-content\\\/uploads\\\/2021\\\/03\\\/DOMUM-Winterthur_-Aussenperspektive_02.jpg\",\"datePublished\":\"2021-03-09T07:22:42+00:00\",\"description\":\"Die Sammelstiftung Vita will in Wetzikon, St. Gallen und Winterthur drei Projekte im Bereich altersgerechter und bezahlbarer Wohnraum realisieren.\",\"breadcrumb\":{\"@id\":\"https:\\\/\\\/www.immobilienbusiness.ch\\\/en\\\/unternehmen\\\/2021-03-09\\\/sammelstiftung-vita-plant-drei-neue-projekte\\\/#breadcrumb\"},\"inLanguage\":\"de\",\"potentialAction\":[{\"@type\":\"ReadAction\",\"target\":[\"https:\\\/\\\/www.immobilienbusiness.ch\\\/en\\\/unternehmen\\\/2021-03-09\\\/sammelstiftung-vita-plant-drei-neue-projekte\\\/\"]}]},{\"@type\":\"ImageObject\",\"inLanguage\":\"de\",\"@id\":\"https:\\\/\\\/www.immobilienbusiness.ch\\\/en\\\/unternehmen\\\/2021-03-09\\\/sammelstiftung-vita-plant-drei-neue-projekte\\\/#primaryimage\",\"url\":\"https:\\\/\\\/www.immobilienbusiness.ch\\\/wp-content\\\/uploads\\\/2021\\\/03\\\/DOMUM-Winterthur_-Aussenperspektive_02.jpg\",\"contentUrl\":\"https:\\\/\\\/www.immobilienbusiness.ch\\\/wp-content\\\/uploads\\\/2021\\\/03\\\/DOMUM-Winterthur_-Aussenperspektive_02.jpg\",\"width\":1537,\"height\":1025,\"caption\":\"Die geplante \u00dcberbauung in Winterthur (Visualisierung: Sammelstiftung Vita)\"},{\"@type\":\"BreadcrumbList\",\"@id\":\"https:\\\/\\\/www.immobilienbusiness.ch\\\/en\\\/unternehmen\\\/2021-03-09\\\/sammelstiftung-vita-plant-drei-neue-projekte\\\/#breadcrumb\",\"itemListElement\":[{\"@type\":\"ListItem\",\"position\":1,\"name\":\"Home\",\"item\":\"https:\\\/\\\/www.immobilienbusiness.ch\\\/\"},{\"@type\":\"ListItem\",\"position\":2,\"name\":\"Sammelstiftung Vita plant drei neue Projekte\"}]},{\"@type\":\"WebSite\",\"@id\":\"https:\\\/\\\/www.immobilienbusiness.ch\\\/#website\",\"url\":\"https:\\\/\\\/www.immobilienbusiness.ch\\\/\",\"name\":\"IMMOBILIEN Business\",\"description\":\"Unabh\u00e4ngiges Schweizer Wirtschaftsmagazin mit Fokus auf Immobilien, Architektur- und Bau sowie Investment- und Finanzierung.\",\"publisher\":{\"@id\":\"https:\\\/\\\/www.immobilienbusiness.ch\\\/#organization\"},\"potentialAction\":[{\"@type\":\"SearchAction\",\"target\":{\"@type\":\"EntryPoint\",\"urlTemplate\":\"https:\\\/\\\/www.immobilienbusiness.ch\\\/?s={search_term_string}\"},\"query-input\":{\"@type\":\"PropertyValueSpecification\",\"valueRequired\":true,\"valueName\":\"search_term_string\"}}],\"inLanguage\":\"de\"},{\"@type\":\"Organization\",\"@id\":\"https:\\\/\\\/www.immobilienbusiness.ch\\\/#organization\",\"name\":\"IMMOBILIEN Business\",\"url\":\"https:\\\/\\\/www.immobilienbusiness.ch\\\/\",\"logo\":{\"@type\":\"ImageObject\",\"inLanguage\":\"de\",\"@id\":\"https:\\\/\\\/www.immobilienbusiness.ch\\\/#\\\/schema\\\/logo\\\/image\\\/\",\"url\":\"https:\\\/\\\/www.immobilienbusiness.ch\\\/wp-content\\\/uploads\\\/2021\\\/07\\\/logo_ib.png\",\"contentUrl\":\"https:\\\/\\\/www.immobilienbusiness.ch\\\/wp-content\\\/uploads\\\/2021\\\/07\\\/logo_ib.png\",\"width\":800,\"height\":181,\"caption\":\"IMMOBILIEN Business\"},\"image\":{\"@id\":\"https:\\\/\\\/www.immobilienbusiness.ch\\\/#\\\/schema\\\/logo\\\/image\\\/\"},\"sameAs\":[\"https:\\\/\\\/www.facebook.com\\\/immobilienbusiness\\\/\"]},{\"@type\":\"Person\",\"@id\":\"https:\\\/\\\/www.immobilienbusiness.ch\\\/#\\\/schema\\\/person\\\/3fc036297b10b9f42d6db5ee932af8c8\",\"name\":\"anja.hall\",\"image\":{\"@type\":\"ImageObject\",\"inLanguage\":\"de\",\"@id\":\"https:\\\/\\\/secure.gravatar.com\\\/avatar\\\/066b5a0d447013502c71a5782f4f3469f03cfe595cc2329fb94652fe47511bfb?s=96&d=mm&r=g\",\"url\":\"https:\\\/\\\/secure.gravatar.com\\\/avatar\\\/066b5a0d447013502c71a5782f4f3469f03cfe595cc2329fb94652fe47511bfb?s=96&d=mm&r=g\",\"contentUrl\":\"https:\\\/\\\/secure.gravatar.com\\\/avatar\\\/066b5a0d447013502c71a5782f4f3469f03cfe595cc2329fb94652fe47511bfb?s=96&d=mm&r=g\",\"caption\":\"anja.hall\"},\"url\":\"https:\\\/\\\/www.immobilienbusiness.ch\\\/de\\\/author\\\/anja-hall\\\/\"}]}<\/script>\n<!-- \/ Yoast SEO plugin. -->","yoast_head_json":{"title":"Sammelstiftung Vita plant drei neue Projekte - IMMOBILIEN Business","description":"Die Sammelstiftung Vita will in Wetzikon, St. Gallen und Winterthur drei Projekte im Bereich altersgerechter und bezahlbarer Wohnraum realisieren.","robots":{"index":"index","follow":"follow","max-snippet":"max-snippet:-1","max-image-preview":"max-image-preview:large","max-video-preview":"max-video-preview:-1"},"canonical":"https:\/\/www.immobilienbusiness.ch\/de\/unternehmen\/2021-03-09\/sammelstiftung-vita-plant-drei-neue-projekte\/","og_locale":"de_DE","og_type":"article","og_title":"Sammelstiftung Vita plant drei neue Projekte - IMMOBILIEN Business","og_description":"Die Sammelstiftung Vita will in Wetzikon, St. Gallen und Winterthur drei Projekte im Bereich altersgerechter und bezahlbarer Wohnraum realisieren.","og_url":"https:\/\/www.immobilienbusiness.ch\/de\/unternehmen\/2021-03-09\/sammelstiftung-vita-plant-drei-neue-projekte\/","og_site_name":"IMMOBILIEN Business","article_publisher":"https:\/\/www.facebook.com\/immobilienbusiness\/","article_published_time":"2021-03-09T07:22:42+00:00","og_image":[{"width":1537,"height":1025,"url":"https:\/\/www.immobilienbusiness.ch\/wp-content\/uploads\/2021\/03\/DOMUM-Winterthur_-Aussenperspektive_02.jpg","type":"image\/jpeg"}],"author":"anja.hall","twitter_card":"summary_large_image","twitter_image":"https:\/\/www.immobilienbusiness.ch\/wp-content\/uploads\/2021\/03\/DOMUM-Winterthur_-Aussenperspektive_02.jpg","schema":{"@context":"https:\/\/schema.org","@graph":[{"@type":"Article","@id":"https:\/\/www.immobilienbusiness.ch\/en\/unternehmen\/2021-03-09\/sammelstiftung-vita-plant-drei-neue-projekte\/#article","isPartOf":{"@id":"https:\/\/www.immobilienbusiness.ch\/en\/unternehmen\/2021-03-09\/sammelstiftung-vita-plant-drei-neue-projekte\/"},"author":{"name":"anja.hall","@id":"https:\/\/www.immobilienbusiness.ch\/#\/schema\/person\/3fc036297b10b9f42d6db5ee932af8c8"},"headline":"Sammelstiftung Vita plant drei neue Projekte","datePublished":"2021-03-09T07:22:42+00:00","mainEntityOfPage":{"@id":"https:\/\/www.immobilienbusiness.ch\/en\/unternehmen\/2021-03-09\/sammelstiftung-vita-plant-drei-neue-projekte\/"},"wordCount":162,"publisher":{"@id":"https:\/\/www.immobilienbusiness.ch\/#organization"},"image":{"@id":"https:\/\/www.immobilienbusiness.ch\/en\/unternehmen\/2021-03-09\/sammelstiftung-vita-plant-drei-neue-projekte\/#primaryimage"},"thumbnailUrl":"https:\/\/www.immobilienbusiness.ch\/wp-content\/uploads\/2021\/03\/DOMUM-Winterthur_-Aussenperspektive_02.jpg","keywords":["Kanton Z\u00fcrich","Projekt in Planung","Seniorenresidenz","St. Gallen"],"articleSection":["UNTERNEHMEN"],"inLanguage":"de"},{"@type":"WebPage","@id":"https:\/\/www.immobilienbusiness.ch\/en\/unternehmen\/2021-03-09\/sammelstiftung-vita-plant-drei-neue-projekte\/","url":"https:\/\/www.immobilienbusiness.ch\/en\/unternehmen\/2021-03-09\/sammelstiftung-vita-plant-drei-neue-projekte\/","name":"Sammelstiftung Vita plant drei neue Projekte - IMMOBILIEN Business","isPartOf":{"@id":"https:\/\/www.immobilienbusiness.ch\/#website"},"primaryImageOfPage":{"@id":"https:\/\/www.immobilienbusiness.ch\/en\/unternehmen\/2021-03-09\/sammelstiftung-vita-plant-drei-neue-projekte\/#primaryimage"},"image":{"@id":"https:\/\/www.immobilienbusiness.ch\/en\/unternehmen\/2021-03-09\/sammelstiftung-vita-plant-drei-neue-projekte\/#primaryimage"},"thumbnailUrl":"https:\/\/www.immobilienbusiness.ch\/wp-content\/uploads\/2021\/03\/DOMUM-Winterthur_-Aussenperspektive_02.jpg","datePublished":"2021-03-09T07:22:42+00:00","description":"Die Sammelstiftung Vita will in Wetzikon, St. Gallen und Winterthur drei Projekte im Bereich altersgerechter und bezahlbarer Wohnraum realisieren.","breadcrumb":{"@id":"https:\/\/www.immobilienbusiness.ch\/en\/unternehmen\/2021-03-09\/sammelstiftung-vita-plant-drei-neue-projekte\/#breadcrumb"},"inLanguage":"de","potentialAction":[{"@type":"ReadAction","target":["https:\/\/www.immobilienbusiness.ch\/en\/unternehmen\/2021-03-09\/sammelstiftung-vita-plant-drei-neue-projekte\/"]}]},{"@type":"ImageObject","inLanguage":"de","@id":"https:\/\/www.immobilienbusiness.ch\/en\/unternehmen\/2021-03-09\/sammelstiftung-vita-plant-drei-neue-projekte\/#primaryimage","url":"https:\/\/www.immobilienbusiness.ch\/wp-content\/uploads\/2021\/03\/DOMUM-Winterthur_-Aussenperspektive_02.jpg","contentUrl":"https:\/\/www.immobilienbusiness.ch\/wp-content\/uploads\/2021\/03\/DOMUM-Winterthur_-Aussenperspektive_02.jpg","width":1537,"height":1025,"caption":"Die geplante \u00dcberbauung in Winterthur (Visualisierung: Sammelstiftung Vita)"},{"@type":"BreadcrumbList","@id":"https:\/\/www.immobilienbusiness.ch\/en\/unternehmen\/2021-03-09\/sammelstiftung-vita-plant-drei-neue-projekte\/#breadcrumb","itemListElement":[{"@type":"ListItem","position":1,"name":"Home","item":"https:\/\/www.immobilienbusiness.ch\/"},{"@type":"ListItem","position":2,"name":"Sammelstiftung Vita plant drei neue Projekte"}]},{"@type":"WebSite","@id":"https:\/\/www.immobilienbusiness.ch\/#website","url":"https:\/\/www.immobilienbusiness.ch\/","name":"IMMOBILIEN Business","description":"Unabh\u00e4ngiges Schweizer Wirtschaftsmagazin mit Fokus auf Immobilien, Architektur- und Bau sowie Investment- und Finanzierung.","publisher":{"@id":"https:\/\/www.immobilienbusiness.ch\/#organization"},"potentialAction":[{"@type":"SearchAction","target":{"@type":"EntryPoint","urlTemplate":"https:\/\/www.immobilienbusiness.ch\/?s={search_term_string}"},"query-input":{"@type":"PropertyValueSpecification","valueRequired":true,"valueName":"search_term_string"}}],"inLanguage":"de"},{"@type":"Organization","@id":"https:\/\/www.immobilienbusiness.ch\/#organization","name":"IMMOBILIEN Business","url":"https:\/\/www.immobilienbusiness.ch\/","logo":{"@type":"ImageObject","inLanguage":"de","@id":"https:\/\/www.immobilienbusiness.ch\/#\/schema\/logo\/image\/","url":"https:\/\/www.immobilienbusiness.ch\/wp-content\/uploads\/2021\/07\/logo_ib.png","contentUrl":"https:\/\/www.immobilienbusiness.ch\/wp-content\/uploads\/2021\/07\/logo_ib.png","width":800,"height":181,"caption":"IMMOBILIEN Business"},"image":{"@id":"https:\/\/www.immobilienbusiness.ch\/#\/schema\/logo\/image\/"},"sameAs":["https:\/\/www.facebook.com\/immobilienbusiness\/"]},{"@type":"Person","@id":"https:\/\/www.immobilienbusiness.ch\/#\/schema\/person\/3fc036297b10b9f42d6db5ee932af8c8","name":"anja.hall","image":{"@type":"ImageObject","inLanguage":"de","@id":"https:\/\/secure.gravatar.com\/avatar\/066b5a0d447013502c71a5782f4f3469f03cfe595cc2329fb94652fe47511bfb?s=96&d=mm&r=g","url":"https:\/\/secure.gravatar.com\/avatar\/066b5a0d447013502c71a5782f4f3469f03cfe595cc2329fb94652fe47511bfb?s=96&d=mm&r=g","contentUrl":"https:\/\/secure.gravatar.com\/avatar\/066b5a0d447013502c71a5782f4f3469f03cfe595cc2329fb94652fe47511bfb?s=96&d=mm&r=g","caption":"anja.hall"},"url":"https:\/\/www.immobilienbusiness.ch\/de\/author\/anja-hall\/"}]}},"_links":{"self":[{"href":"https:\/\/www.immobilienbusiness.ch\/de\/wp-json\/wp\/v2\/posts\/23650","targetHints":{"allow":["GET"]}}],"collection":[{"href":"https:\/\/www.immobilienbusiness.ch\/de\/wp-json\/wp\/v2\/posts"}],"about":[{"href":"https:\/\/www.immobilienbusiness.ch\/de\/wp-json\/wp\/v2\/types\/post"}],"author":[{"embeddable":true,"href":"https:\/\/www.immobilienbusiness.ch\/de\/wp-json\/wp\/v2\/users\/3"}],"replies":[{"embeddable":true,"href":"https:\/\/www.immobilienbusiness.ch\/de\/wp-json\/wp\/v2\/comments?post=23650"}],"version-history":[{"count":0,"href":"https:\/\/www.immobilienbusiness.ch\/de\/wp-json\/wp\/v2\/posts\/23650\/revisions"}],"wp:featuredmedia":[{"embeddable":true,"href":"https:\/\/www.immobilienbusiness.ch\/de\/wp-json\/wp\/v2\/media\/23651"}],"wp:attachment":[{"href":"https:\/\/www.immobilienbusiness.ch\/de\/wp-json\/wp\/v2\/media?parent=23650"}],"wp:term":[{"taxonomy":"category","embeddable":true,"href":"https:\/\/www.immobilienbusiness.ch\/de\/wp-json\/wp\/v2\/categories?post=23650"},{"taxonomy":"post_tag","embeddable":true,"href":"https:\/\/www.immobilienbusiness.ch\/de\/wp-json\/wp\/v2\/tags?post=23650"}],"curies":[{"name":"wp","href":"https:\/\/api.w.org\/{rel}","templated":true}]}}