{"id":23629,"date":"2021-03-05T09:34:49","date_gmt":"2021-03-05T08:34:49","guid":{"rendered":"https:\/\/www.immobilienbusiness.ch\/?p=23629"},"modified":"2021-03-05T09:34:49","modified_gmt":"2021-03-05T08:34:49","slug":"plazza-ag-auf-kurs","status":"publish","type":"post","link":"https:\/\/www.immobilienbusiness.ch\/de\/unternehmen\/2021-03-05\/plazza-ag-auf-kurs\/","title":{"rendered":"Plazza AG: Auf Kurs"},"content":{"rendered":"<figure id=\"attachment_17062\" aria-describedby=\"caption-attachment-17062\" style=\"width: 500px\" class=\"wp-caption alignnone\"><img loading=\"lazy\" decoding=\"async\" class=\"size-full wp-image-17062\" src=\"https:\/\/www.immobilienbusiness.ch\/wp-content\/uploads\/2019\/05\/Depositphotos_6211861_s-2015.jpg\" alt=\"\" width=\"500\" height=\"333\" srcset=\"https:\/\/www.immobilienbusiness.ch\/wp-content\/uploads\/2019\/05\/Depositphotos_6211861_s-2015.jpg 500w, https:\/\/www.immobilienbusiness.ch\/wp-content\/uploads\/2019\/05\/Depositphotos_6211861_s-2015-300x200.jpg 300w, https:\/\/www.immobilienbusiness.ch\/wp-content\/uploads\/2019\/05\/Depositphotos_6211861_s-2015-16x12.jpg 16w, https:\/\/www.immobilienbusiness.ch\/wp-content\/uploads\/2019\/05\/Depositphotos_6211861_s-2015-263x175.jpg 263w\" sizes=\"auto, (max-width: 500px) 100vw, 500px\" \/><figcaption id=\"caption-attachment-17062\" class=\"wp-caption-text\">Die Plazza AG hat 2020 den Gewinn gesteigert (Bild: depositphotos)<\/figcaption><\/figure>\n<p>Der Abschluss des Gesch\u00e4ftsjahres 2020 \u00fcbertreffe erneut die Erwartungen, teilt das Plazza-Management mit. Den Liegenschaftenertrag habe man im Jahr 2020 auf 24,6 Mio. CHF (Vj. 24,3 Mio) gesteigert, das Betriebsergebnis vor Abschreibungen und Neubewertung auf 20,0 Mio. CHF (Vj. 18,9 Mio. CHF). Der Gewinn vor Neubewertung blieb mit 17,0 Mio. CHF auf Vorjahresniveau aufgrund eines Sondereffekts im Jahr 2019. Marktbedingte Faktoren (u.a. sinkende Diskontierungss\u00e4tze) f\u00fchrten erneut zu hohen Neubewertungserfolgen und damit zu einem signifikant h\u00f6heren Gewinn von 63,3 Mio. CHF (Vj. 36,7 Mio.).<\/p>\n<h2>Kein Leerstand bei den Wohnliegenschaften<\/h2>\n<p>Der Leerstand der Bestandsliegenschaften sank in der Berichtsperiode auf 3,7 Prozent (Vj. 4,0%); betroffen davon sind im Wesentlichen Gewerbefl\u00e4chen; keine Wohnung stand im Berichtszeitraum leer. Aufgrund des prim\u00e4ren Anlageschwerpunkts Wohnimmobilien sei Plazza bisher von den Auswirkungen der Covid-19-Pandemie weitgehend verschont geblieben, so das Management. Gemessen an den Soll-Netto-Mietertr\u00e4gen liegt der Anteil der Wohnliegenschaften unver\u00e4ndert bei 73 Prozent. Mit den Anfang 2021 zugekauften 80 Wohnungen im Tiergarten werde sich dieser Anteil weiter erh\u00f6hen, heisst es.<\/p>\n<p>Mit einigen vom Lockdown und den damit verordneten Gesch\u00e4ftsschliessungen direkt betroffenen Mietern habe man Stundungen vereinbart und in Einzelf\u00e4llen Mietzinserlasse gew\u00e4hrt, um drohende Konkurse und Leerst\u00e4nde zu verhindern. Dadurch habe bisher eine stabile Vermietungssituation im Gesch\u00e4ftsfl\u00e4chenbereich gehalten werden k\u00f6nnen, so das Plazza-Management. Anfang 2020 habe Plazza eine rund 1.000 qm umfassende Gewerbefl\u00e4che im Gewerbegebiet von Wallisellen f\u00fcr rund 1,7 Mio. CHF verkauft. Der Wert des Immobilienportfolios im Anlageverm\u00f6gen stieg im Berichtszeitraum um 72,4 Mio. auf 733,3 Mio. CHF (Vj. 660,9 Mio.).<\/p>\n<p>F\u00fcr das Gesch\u00e4ftsjahr 2021 zeigt sich das Plazza-Management positiv gestimmt und geht von einem Betriebsergebnis vor Abschreibungen und Neubewertung aus, das mindestens in der Gr\u00f6ssenordnung des Vorjahres liegt. <em>(bw)<\/em><\/p>\n","protected":false},"excerpt":{"rendered":"<p>Die Plazza AG hat ihre Liegenschaftsertr\u00e4ge und das Betriebsergebnis im Gesch\u00e4ftsjahr 2020 leicht gesteigert. Neubewertungen f\u00fchrten zu einem signifikant h\u00f6heren Gewinn.<\/p>\n","protected":false},"author":3,"featured_media":17062,"comment_status":"closed","ping_status":"open","sticky":false,"template":"","format":"standard","meta":{"_acf_changed":false,"_yoast_wpseo_focuskw":"Plazza","_yoast_wpseo_title":"","_yoast_wpseo_metadesc":"Die Plazza AG konnte ihre Liegenschaftsertr\u00e4ge und das Betriebsergebnis im Gesch\u00e4ftsjahr 2020 leicht steigern.","_yoast_wpseo_linkdex":58,"pgc_sgb_lightbox_settings":"","footnotes":""},"categories":[988],"tags":[1389,1576],"class_list":["post-23629","post","type-post","status-publish","format-standard","has-post-thumbnail","hentry","category-unternehmen","tag-jahresergebnis","tag-plazza"],"acf":[],"yoast_head":"<!-- This site is optimized with the Yoast SEO plugin v27.5 - https:\/\/yoast.com\/product\/yoast-seo-wordpress\/ -->\n<title>Plazza AG: Auf Kurs - IMMOBILIEN Business<\/title>\n<meta name=\"description\" content=\"Die Plazza AG konnte ihre Liegenschaftsertr\u00e4ge und das Betriebsergebnis im Gesch\u00e4ftsjahr 2020 leicht steigern.\" \/>\n<meta name=\"robots\" content=\"index, follow, max-snippet:-1, max-image-preview:large, max-video-preview:-1\" \/>\n<link rel=\"canonical\" href=\"https:\/\/www.immobilienbusiness.ch\/de\/unternehmen\/2021-03-05\/plazza-ag-auf-kurs\/\" \/>\n<meta property=\"og:locale\" content=\"de_DE\" \/>\n<meta property=\"og:type\" content=\"article\" \/>\n<meta property=\"og:title\" content=\"Plazza AG: Auf Kurs - IMMOBILIEN Business\" \/>\n<meta property=\"og:description\" content=\"Die Plazza AG konnte ihre Liegenschaftsertr\u00e4ge und das Betriebsergebnis im Gesch\u00e4ftsjahr 2020 leicht steigern.\" \/>\n<meta property=\"og:url\" content=\"https:\/\/www.immobilienbusiness.ch\/de\/unternehmen\/2021-03-05\/plazza-ag-auf-kurs\/\" \/>\n<meta property=\"og:site_name\" content=\"IMMOBILIEN Business\" \/>\n<meta property=\"article:publisher\" content=\"https:\/\/www.facebook.com\/immobilienbusiness\/\" \/>\n<meta property=\"article:published_time\" content=\"2021-03-05T08:34:49+00:00\" \/>\n<meta property=\"og:image\" content=\"https:\/\/www.immobilienbusiness.ch\/wp-content\/uploads\/2019\/05\/Depositphotos_6211861_s-2015.jpg\" \/>\n\t<meta property=\"og:image:width\" content=\"500\" \/>\n\t<meta property=\"og:image:height\" content=\"333\" \/>\n\t<meta property=\"og:image:type\" content=\"image\/jpeg\" \/>\n<meta name=\"author\" content=\"anja.hall\" \/>\n<meta name=\"twitter:card\" content=\"summary_large_image\" \/>\n<meta name=\"twitter:image\" content=\"https:\/\/www.immobilienbusiness.ch\/wp-content\/uploads\/2019\/05\/Depositphotos_6211861_s-2015.jpg\" \/>\n<script type=\"application\/ld+json\" class=\"yoast-schema-graph\">{\"@context\":\"https:\\\/\\\/schema.org\",\"@graph\":[{\"@type\":\"Article\",\"@id\":\"https:\\\/\\\/www.immobilienbusiness.ch\\\/en\\\/unternehmen\\\/2021-03-05\\\/plazza-ag-auf-kurs\\\/#article\",\"isPartOf\":{\"@id\":\"https:\\\/\\\/www.immobilienbusiness.ch\\\/en\\\/unternehmen\\\/2021-03-05\\\/plazza-ag-auf-kurs\\\/\"},\"author\":{\"name\":\"anja.hall\",\"@id\":\"https:\\\/\\\/www.immobilienbusiness.ch\\\/#\\\/schema\\\/person\\\/3fc036297b10b9f42d6db5ee932af8c8\"},\"headline\":\"Plazza AG: Auf Kurs\",\"datePublished\":\"2021-03-05T08:34:49+00:00\",\"mainEntityOfPage\":{\"@id\":\"https:\\\/\\\/www.immobilienbusiness.ch\\\/en\\\/unternehmen\\\/2021-03-05\\\/plazza-ag-auf-kurs\\\/\"},\"wordCount\":294,\"publisher\":{\"@id\":\"https:\\\/\\\/www.immobilienbusiness.ch\\\/#organization\"},\"image\":{\"@id\":\"https:\\\/\\\/www.immobilienbusiness.ch\\\/en\\\/unternehmen\\\/2021-03-05\\\/plazza-ag-auf-kurs\\\/#primaryimage\"},\"thumbnailUrl\":\"https:\\\/\\\/www.immobilienbusiness.ch\\\/wp-content\\\/uploads\\\/2019\\\/05\\\/Depositphotos_6211861_s-2015.jpg\",\"keywords\":[\"Jahresergebnis\",\"Plazza\"],\"articleSection\":[\"UNTERNEHMEN\"],\"inLanguage\":\"de\"},{\"@type\":\"WebPage\",\"@id\":\"https:\\\/\\\/www.immobilienbusiness.ch\\\/en\\\/unternehmen\\\/2021-03-05\\\/plazza-ag-auf-kurs\\\/\",\"url\":\"https:\\\/\\\/www.immobilienbusiness.ch\\\/en\\\/unternehmen\\\/2021-03-05\\\/plazza-ag-auf-kurs\\\/\",\"name\":\"Plazza AG: Auf Kurs - IMMOBILIEN Business\",\"isPartOf\":{\"@id\":\"https:\\\/\\\/www.immobilienbusiness.ch\\\/#website\"},\"primaryImageOfPage\":{\"@id\":\"https:\\\/\\\/www.immobilienbusiness.ch\\\/en\\\/unternehmen\\\/2021-03-05\\\/plazza-ag-auf-kurs\\\/#primaryimage\"},\"image\":{\"@id\":\"https:\\\/\\\/www.immobilienbusiness.ch\\\/en\\\/unternehmen\\\/2021-03-05\\\/plazza-ag-auf-kurs\\\/#primaryimage\"},\"thumbnailUrl\":\"https:\\\/\\\/www.immobilienbusiness.ch\\\/wp-content\\\/uploads\\\/2019\\\/05\\\/Depositphotos_6211861_s-2015.jpg\",\"datePublished\":\"2021-03-05T08:34:49+00:00\",\"description\":\"Die Plazza AG konnte ihre Liegenschaftsertr\u00e4ge und das Betriebsergebnis im Gesch\u00e4ftsjahr 2020 leicht steigern.\",\"breadcrumb\":{\"@id\":\"https:\\\/\\\/www.immobilienbusiness.ch\\\/en\\\/unternehmen\\\/2021-03-05\\\/plazza-ag-auf-kurs\\\/#breadcrumb\"},\"inLanguage\":\"de\",\"potentialAction\":[{\"@type\":\"ReadAction\",\"target\":[\"https:\\\/\\\/www.immobilienbusiness.ch\\\/en\\\/unternehmen\\\/2021-03-05\\\/plazza-ag-auf-kurs\\\/\"]}]},{\"@type\":\"ImageObject\",\"inLanguage\":\"de\",\"@id\":\"https:\\\/\\\/www.immobilienbusiness.ch\\\/en\\\/unternehmen\\\/2021-03-05\\\/plazza-ag-auf-kurs\\\/#primaryimage\",\"url\":\"https:\\\/\\\/www.immobilienbusiness.ch\\\/wp-content\\\/uploads\\\/2019\\\/05\\\/Depositphotos_6211861_s-2015.jpg\",\"contentUrl\":\"https:\\\/\\\/www.immobilienbusiness.ch\\\/wp-content\\\/uploads\\\/2019\\\/05\\\/Depositphotos_6211861_s-2015.jpg\",\"width\":500,\"height\":333,\"caption\":\"Offiziell sind Novavest und Senioresidenz erst seit Ende Juni ein Unternehmen. Die Halbjahreszahlen reflektieren die Fusion aber bereits (Bild: Depositphotos)\"},{\"@type\":\"BreadcrumbList\",\"@id\":\"https:\\\/\\\/www.immobilienbusiness.ch\\\/en\\\/unternehmen\\\/2021-03-05\\\/plazza-ag-auf-kurs\\\/#breadcrumb\",\"itemListElement\":[{\"@type\":\"ListItem\",\"position\":1,\"name\":\"Home\",\"item\":\"https:\\\/\\\/www.immobilienbusiness.ch\\\/\"},{\"@type\":\"ListItem\",\"position\":2,\"name\":\"Plazza AG: Auf Kurs\"}]},{\"@type\":\"WebSite\",\"@id\":\"https:\\\/\\\/www.immobilienbusiness.ch\\\/#website\",\"url\":\"https:\\\/\\\/www.immobilienbusiness.ch\\\/\",\"name\":\"IMMOBILIEN Business\",\"description\":\"Unabh\u00e4ngiges Schweizer Wirtschaftsmagazin mit Fokus auf Immobilien, Architektur- und Bau sowie Investment- und Finanzierung.\",\"publisher\":{\"@id\":\"https:\\\/\\\/www.immobilienbusiness.ch\\\/#organization\"},\"potentialAction\":[{\"@type\":\"SearchAction\",\"target\":{\"@type\":\"EntryPoint\",\"urlTemplate\":\"https:\\\/\\\/www.immobilienbusiness.ch\\\/?s={search_term_string}\"},\"query-input\":{\"@type\":\"PropertyValueSpecification\",\"valueRequired\":true,\"valueName\":\"search_term_string\"}}],\"inLanguage\":\"de\"},{\"@type\":\"Organization\",\"@id\":\"https:\\\/\\\/www.immobilienbusiness.ch\\\/#organization\",\"name\":\"IMMOBILIEN Business\",\"url\":\"https:\\\/\\\/www.immobilienbusiness.ch\\\/\",\"logo\":{\"@type\":\"ImageObject\",\"inLanguage\":\"de\",\"@id\":\"https:\\\/\\\/www.immobilienbusiness.ch\\\/#\\\/schema\\\/logo\\\/image\\\/\",\"url\":\"https:\\\/\\\/www.immobilienbusiness.ch\\\/wp-content\\\/uploads\\\/2021\\\/07\\\/logo_ib.png\",\"contentUrl\":\"https:\\\/\\\/www.immobilienbusiness.ch\\\/wp-content\\\/uploads\\\/2021\\\/07\\\/logo_ib.png\",\"width\":800,\"height\":181,\"caption\":\"IMMOBILIEN Business\"},\"image\":{\"@id\":\"https:\\\/\\\/www.immobilienbusiness.ch\\\/#\\\/schema\\\/logo\\\/image\\\/\"},\"sameAs\":[\"https:\\\/\\\/www.facebook.com\\\/immobilienbusiness\\\/\"]},{\"@type\":\"Person\",\"@id\":\"https:\\\/\\\/www.immobilienbusiness.ch\\\/#\\\/schema\\\/person\\\/3fc036297b10b9f42d6db5ee932af8c8\",\"name\":\"anja.hall\",\"image\":{\"@type\":\"ImageObject\",\"inLanguage\":\"de\",\"@id\":\"https:\\\/\\\/secure.gravatar.com\\\/avatar\\\/066b5a0d447013502c71a5782f4f3469f03cfe595cc2329fb94652fe47511bfb?s=96&d=mm&r=g\",\"url\":\"https:\\\/\\\/secure.gravatar.com\\\/avatar\\\/066b5a0d447013502c71a5782f4f3469f03cfe595cc2329fb94652fe47511bfb?s=96&d=mm&r=g\",\"contentUrl\":\"https:\\\/\\\/secure.gravatar.com\\\/avatar\\\/066b5a0d447013502c71a5782f4f3469f03cfe595cc2329fb94652fe47511bfb?s=96&d=mm&r=g\",\"caption\":\"anja.hall\"},\"url\":\"https:\\\/\\\/www.immobilienbusiness.ch\\\/de\\\/author\\\/anja-hall\\\/\"}]}<\/script>\n<!-- \/ Yoast SEO plugin. -->","yoast_head_json":{"title":"Plazza AG: Auf Kurs - IMMOBILIEN Business","description":"Die Plazza AG konnte ihre Liegenschaftsertr\u00e4ge und das Betriebsergebnis im Gesch\u00e4ftsjahr 2020 leicht steigern.","robots":{"index":"index","follow":"follow","max-snippet":"max-snippet:-1","max-image-preview":"max-image-preview:large","max-video-preview":"max-video-preview:-1"},"canonical":"https:\/\/www.immobilienbusiness.ch\/de\/unternehmen\/2021-03-05\/plazza-ag-auf-kurs\/","og_locale":"de_DE","og_type":"article","og_title":"Plazza AG: Auf Kurs - IMMOBILIEN Business","og_description":"Die Plazza AG konnte ihre Liegenschaftsertr\u00e4ge und das Betriebsergebnis im Gesch\u00e4ftsjahr 2020 leicht steigern.","og_url":"https:\/\/www.immobilienbusiness.ch\/de\/unternehmen\/2021-03-05\/plazza-ag-auf-kurs\/","og_site_name":"IMMOBILIEN Business","article_publisher":"https:\/\/www.facebook.com\/immobilienbusiness\/","article_published_time":"2021-03-05T08:34:49+00:00","og_image":[{"width":500,"height":333,"url":"https:\/\/www.immobilienbusiness.ch\/wp-content\/uploads\/2019\/05\/Depositphotos_6211861_s-2015.jpg","type":"image\/jpeg"}],"author":"anja.hall","twitter_card":"summary_large_image","twitter_image":"https:\/\/www.immobilienbusiness.ch\/wp-content\/uploads\/2019\/05\/Depositphotos_6211861_s-2015.jpg","schema":{"@context":"https:\/\/schema.org","@graph":[{"@type":"Article","@id":"https:\/\/www.immobilienbusiness.ch\/en\/unternehmen\/2021-03-05\/plazza-ag-auf-kurs\/#article","isPartOf":{"@id":"https:\/\/www.immobilienbusiness.ch\/en\/unternehmen\/2021-03-05\/plazza-ag-auf-kurs\/"},"author":{"name":"anja.hall","@id":"https:\/\/www.immobilienbusiness.ch\/#\/schema\/person\/3fc036297b10b9f42d6db5ee932af8c8"},"headline":"Plazza AG: Auf Kurs","datePublished":"2021-03-05T08:34:49+00:00","mainEntityOfPage":{"@id":"https:\/\/www.immobilienbusiness.ch\/en\/unternehmen\/2021-03-05\/plazza-ag-auf-kurs\/"},"wordCount":294,"publisher":{"@id":"https:\/\/www.immobilienbusiness.ch\/#organization"},"image":{"@id":"https:\/\/www.immobilienbusiness.ch\/en\/unternehmen\/2021-03-05\/plazza-ag-auf-kurs\/#primaryimage"},"thumbnailUrl":"https:\/\/www.immobilienbusiness.ch\/wp-content\/uploads\/2019\/05\/Depositphotos_6211861_s-2015.jpg","keywords":["Jahresergebnis","Plazza"],"articleSection":["UNTERNEHMEN"],"inLanguage":"de"},{"@type":"WebPage","@id":"https:\/\/www.immobilienbusiness.ch\/en\/unternehmen\/2021-03-05\/plazza-ag-auf-kurs\/","url":"https:\/\/www.immobilienbusiness.ch\/en\/unternehmen\/2021-03-05\/plazza-ag-auf-kurs\/","name":"Plazza AG: Auf Kurs - IMMOBILIEN Business","isPartOf":{"@id":"https:\/\/www.immobilienbusiness.ch\/#website"},"primaryImageOfPage":{"@id":"https:\/\/www.immobilienbusiness.ch\/en\/unternehmen\/2021-03-05\/plazza-ag-auf-kurs\/#primaryimage"},"image":{"@id":"https:\/\/www.immobilienbusiness.ch\/en\/unternehmen\/2021-03-05\/plazza-ag-auf-kurs\/#primaryimage"},"thumbnailUrl":"https:\/\/www.immobilienbusiness.ch\/wp-content\/uploads\/2019\/05\/Depositphotos_6211861_s-2015.jpg","datePublished":"2021-03-05T08:34:49+00:00","description":"Die Plazza AG konnte ihre Liegenschaftsertr\u00e4ge und das Betriebsergebnis im Gesch\u00e4ftsjahr 2020 leicht steigern.","breadcrumb":{"@id":"https:\/\/www.immobilienbusiness.ch\/en\/unternehmen\/2021-03-05\/plazza-ag-auf-kurs\/#breadcrumb"},"inLanguage":"de","potentialAction":[{"@type":"ReadAction","target":["https:\/\/www.immobilienbusiness.ch\/en\/unternehmen\/2021-03-05\/plazza-ag-auf-kurs\/"]}]},{"@type":"ImageObject","inLanguage":"de","@id":"https:\/\/www.immobilienbusiness.ch\/en\/unternehmen\/2021-03-05\/plazza-ag-auf-kurs\/#primaryimage","url":"https:\/\/www.immobilienbusiness.ch\/wp-content\/uploads\/2019\/05\/Depositphotos_6211861_s-2015.jpg","contentUrl":"https:\/\/www.immobilienbusiness.ch\/wp-content\/uploads\/2019\/05\/Depositphotos_6211861_s-2015.jpg","width":500,"height":333,"caption":"Offiziell sind Novavest und Senioresidenz erst seit Ende Juni ein Unternehmen. Die Halbjahreszahlen reflektieren die Fusion aber bereits (Bild: Depositphotos)"},{"@type":"BreadcrumbList","@id":"https:\/\/www.immobilienbusiness.ch\/en\/unternehmen\/2021-03-05\/plazza-ag-auf-kurs\/#breadcrumb","itemListElement":[{"@type":"ListItem","position":1,"name":"Home","item":"https:\/\/www.immobilienbusiness.ch\/"},{"@type":"ListItem","position":2,"name":"Plazza AG: Auf Kurs"}]},{"@type":"WebSite","@id":"https:\/\/www.immobilienbusiness.ch\/#website","url":"https:\/\/www.immobilienbusiness.ch\/","name":"IMMOBILIEN Business","description":"Unabh\u00e4ngiges Schweizer Wirtschaftsmagazin mit Fokus auf Immobilien, Architektur- und Bau sowie Investment- und Finanzierung.","publisher":{"@id":"https:\/\/www.immobilienbusiness.ch\/#organization"},"potentialAction":[{"@type":"SearchAction","target":{"@type":"EntryPoint","urlTemplate":"https:\/\/www.immobilienbusiness.ch\/?s={search_term_string}"},"query-input":{"@type":"PropertyValueSpecification","valueRequired":true,"valueName":"search_term_string"}}],"inLanguage":"de"},{"@type":"Organization","@id":"https:\/\/www.immobilienbusiness.ch\/#organization","name":"IMMOBILIEN Business","url":"https:\/\/www.immobilienbusiness.ch\/","logo":{"@type":"ImageObject","inLanguage":"de","@id":"https:\/\/www.immobilienbusiness.ch\/#\/schema\/logo\/image\/","url":"https:\/\/www.immobilienbusiness.ch\/wp-content\/uploads\/2021\/07\/logo_ib.png","contentUrl":"https:\/\/www.immobilienbusiness.ch\/wp-content\/uploads\/2021\/07\/logo_ib.png","width":800,"height":181,"caption":"IMMOBILIEN Business"},"image":{"@id":"https:\/\/www.immobilienbusiness.ch\/#\/schema\/logo\/image\/"},"sameAs":["https:\/\/www.facebook.com\/immobilienbusiness\/"]},{"@type":"Person","@id":"https:\/\/www.immobilienbusiness.ch\/#\/schema\/person\/3fc036297b10b9f42d6db5ee932af8c8","name":"anja.hall","image":{"@type":"ImageObject","inLanguage":"de","@id":"https:\/\/secure.gravatar.com\/avatar\/066b5a0d447013502c71a5782f4f3469f03cfe595cc2329fb94652fe47511bfb?s=96&d=mm&r=g","url":"https:\/\/secure.gravatar.com\/avatar\/066b5a0d447013502c71a5782f4f3469f03cfe595cc2329fb94652fe47511bfb?s=96&d=mm&r=g","contentUrl":"https:\/\/secure.gravatar.com\/avatar\/066b5a0d447013502c71a5782f4f3469f03cfe595cc2329fb94652fe47511bfb?s=96&d=mm&r=g","caption":"anja.hall"},"url":"https:\/\/www.immobilienbusiness.ch\/de\/author\/anja-hall\/"}]}},"_links":{"self":[{"href":"https:\/\/www.immobilienbusiness.ch\/de\/wp-json\/wp\/v2\/posts\/23629","targetHints":{"allow":["GET"]}}],"collection":[{"href":"https:\/\/www.immobilienbusiness.ch\/de\/wp-json\/wp\/v2\/posts"}],"about":[{"href":"https:\/\/www.immobilienbusiness.ch\/de\/wp-json\/wp\/v2\/types\/post"}],"author":[{"embeddable":true,"href":"https:\/\/www.immobilienbusiness.ch\/de\/wp-json\/wp\/v2\/users\/3"}],"replies":[{"embeddable":true,"href":"https:\/\/www.immobilienbusiness.ch\/de\/wp-json\/wp\/v2\/comments?post=23629"}],"version-history":[{"count":0,"href":"https:\/\/www.immobilienbusiness.ch\/de\/wp-json\/wp\/v2\/posts\/23629\/revisions"}],"wp:featuredmedia":[{"embeddable":true,"href":"https:\/\/www.immobilienbusiness.ch\/de\/wp-json\/wp\/v2\/media\/17062"}],"wp:attachment":[{"href":"https:\/\/www.immobilienbusiness.ch\/de\/wp-json\/wp\/v2\/media?parent=23629"}],"wp:term":[{"taxonomy":"category","embeddable":true,"href":"https:\/\/www.immobilienbusiness.ch\/de\/wp-json\/wp\/v2\/categories?post=23629"},{"taxonomy":"post_tag","embeddable":true,"href":"https:\/\/www.immobilienbusiness.ch\/de\/wp-json\/wp\/v2\/tags?post=23629"}],"curies":[{"name":"wp","href":"https:\/\/api.w.org\/{rel}","templated":true}]}}