{"id":23465,"date":"2021-02-12T08:44:11","date_gmt":"2021-02-12T07:44:11","guid":{"rendered":"https:\/\/www.immobilienbusiness.ch\/?p=23465"},"modified":"2021-02-12T08:44:11","modified_gmt":"2021-02-12T07:44:11","slug":"bern-feuerwehrkaserne-viktoria-soll-entwickelt-werden","status":"publish","type":"post","link":"https:\/\/www.immobilienbusiness.ch\/de\/regionen\/2021-02-12\/bern-feuerwehrkaserne-viktoria-soll-entwickelt-werden\/","title":{"rendered":"Bern: Feuerwehrkaserne Viktoria soll entwickelt werden"},"content":{"rendered":"<figure id=\"attachment_23466\" aria-describedby=\"caption-attachment-23466\" style=\"width: 680px\" class=\"wp-caption alignnone\"><img loading=\"lazy\" decoding=\"async\" class=\"size-medium wp-image-23466\" src=\"https:\/\/www.immobilienbusiness.ch\/wp-content\/uploads\/2021\/02\/about1747618.jpg\" alt=\"\" width=\"680\" height=\"454\" srcset=\"https:\/\/www.immobilienbusiness.ch\/wp-content\/uploads\/2021\/02\/about1747618.jpg 2560w, https:\/\/www.immobilienbusiness.ch\/wp-content\/uploads\/2021\/02\/about1747618-300x200.jpg 300w, https:\/\/www.immobilienbusiness.ch\/wp-content\/uploads\/2021\/02\/about1747618-1024x683.jpg 1024w, https:\/\/www.immobilienbusiness.ch\/wp-content\/uploads\/2021\/02\/about1747618-768x512.jpg 768w, https:\/\/www.immobilienbusiness.ch\/wp-content\/uploads\/2021\/02\/about1747618-1536x1025.jpg 1536w, https:\/\/www.immobilienbusiness.ch\/wp-content\/uploads\/2021\/02\/about1747618-2048x1366.jpg 2048w, https:\/\/www.immobilienbusiness.ch\/wp-content\/uploads\/2021\/02\/about1747618-16x12.jpg 16w, https:\/\/www.immobilienbusiness.ch\/wp-content\/uploads\/2021\/02\/about1747618-262x175.jpg 262w, https:\/\/www.immobilienbusiness.ch\/wp-content\/uploads\/2021\/02\/about1747618-525x350.jpg 525w, https:\/\/www.immobilienbusiness.ch\/wp-content\/uploads\/2021\/02\/about1747618-1199x800.jpg 1199w, https:\/\/www.immobilienbusiness.ch\/wp-content\/uploads\/2021\/02\/about1747618-920x614.jpg 920w, https:\/\/www.immobilienbusiness.ch\/wp-content\/uploads\/2021\/02\/about1747618-1400x934.jpg 1400w\" sizes=\"auto, (max-width: 680px) 100vw, 680px\" \/><figcaption id=\"caption-attachment-23466\" class=\"wp-caption-text\">Die Alte Feuerwehr, Innenhof mit Turm (\u00a9 Annette Boutellier)<\/figcaption><\/figure>\n<p>Die Baurechtsnehmerin Equimo AG, die zur Stiftung Edith Maryon geh\u00f6rt, und die Genossenschaft Feuerwehr Viktoria wollen die heute zwischen- und umgenutzte ehemalige Feuerwehrkaserne an der Viktoriastrasse 70 baulich weiterentwickeln. Derzeit sind auf den insgesamt 4.100 qm u.a. das Restaurant L\u00f6scher, eine Quartierwerkstatt, Coworking-R\u00e4ume und eine Plattform mit Bewegungskursen angesiedelt.<\/p>\n<p>Geplant ist u.a., den bestehenden Saalbau an der Gotthelfstrasse zu ersetzen oder umzubauen. Im \u00f6ffentlich genutzten Innenhof ist ein Neubau mit Dienstleistungs- oder Gewerbenutzungen im Erdgeschoss vorgesehen. Auch die Tagesschule, die bereits heute auf dem Kasernenareal eingemietet ist, soll in die Zukunftsplanung integriert werden.<\/p>\n<p>Da die heute g\u00fcltige Zone mit Planungspflicht (ZPP) bei Neu- und Ersatzbauten nur Wohnnutzung und keine Dienstleistungs- oder Gewerbenutzung zul\u00e4sst, passt der Gemeinderat die Vorschriften zur ZPP geringf\u00fcgig an. So werden nichtst\u00f6renden Arbeitsnutzungen im Erdgeschoss zul\u00e4ssig. Das maximale Nutzungsmass werde dabei nicht erh\u00f6ht, neu aber als oberirdische Geschossfl\u00e4che (GFo) und nicht mehr als Bruttogeschossfl\u00e4che (BGF) ausgewiesen, so der Berner Gemeinderat. Die \u00c4nderung der Zone mit Planungspflicht (ZPP) Viktoriastrasse 70\/70a (Feuerwehrkaserne) liegt noch bis am 15. M\u00e4rz 2021 \u00f6ffentlich auf. <em>(ah)<\/em><\/p>\n","protected":false},"excerpt":{"rendered":"<p>Die schon seit l\u00e4ngerem geplante Entwicklung der alten Feuerwehrkaserne Viktoria in Bern kommt einen Schritt voran. Der Gemeinderat hat die planungsrechtlichen Voraussetzungen geschaffen.<\/p>\n","protected":false},"author":3,"featured_media":23466,"comment_status":"closed","ping_status":"open","sticky":false,"template":"","format":"standard","meta":{"_acf_changed":false,"_yoast_wpseo_focuskw":"Viktoria","_yoast_wpseo_title":"","_yoast_wpseo_metadesc":"Die schon seit l\u00e4ngerem geplante Entwicklung der alten Feuerwehrkaserne Viktoria in Bern kommt einen Schritt voran.","_yoast_wpseo_linkdex":42,"pgc_sgb_lightbox_settings":"","footnotes":""},"categories":[985],"tags":[1091,1272,1600,1643],"class_list":["post-23465","post","type-post","status-publish","format-standard","has-post-thumbnail","hentry","category-regionen","tag-bern","tag-gewerbeimmobilien","tag-projekt-in-planung","tag-retail"],"acf":[],"yoast_head":"<!-- This site is optimized with the Yoast SEO plugin v27.5 - https:\/\/yoast.com\/product\/yoast-seo-wordpress\/ -->\n<title>Bern: Feuerwehrkaserne Viktoria soll entwickelt werden - IMMOBILIEN Business<\/title>\n<meta name=\"description\" content=\"Die schon seit l\u00e4ngerem geplante Entwicklung der alten Feuerwehrkaserne Viktoria in Bern kommt einen Schritt voran.\" \/>\n<meta name=\"robots\" content=\"index, follow, max-snippet:-1, max-image-preview:large, max-video-preview:-1\" \/>\n<link rel=\"canonical\" href=\"https:\/\/www.immobilienbusiness.ch\/de\/regionen\/2021-02-12\/bern-feuerwehrkaserne-viktoria-soll-entwickelt-werden\/\" \/>\n<meta property=\"og:locale\" content=\"de_DE\" \/>\n<meta property=\"og:type\" content=\"article\" \/>\n<meta property=\"og:title\" content=\"Bern: Feuerwehrkaserne Viktoria soll entwickelt werden - IMMOBILIEN Business\" \/>\n<meta property=\"og:description\" content=\"Die schon seit l\u00e4ngerem geplante Entwicklung der alten Feuerwehrkaserne Viktoria in Bern kommt einen Schritt voran.\" \/>\n<meta property=\"og:url\" content=\"https:\/\/www.immobilienbusiness.ch\/de\/regionen\/2021-02-12\/bern-feuerwehrkaserne-viktoria-soll-entwickelt-werden\/\" \/>\n<meta property=\"og:site_name\" content=\"IMMOBILIEN Business\" \/>\n<meta property=\"article:publisher\" content=\"https:\/\/www.facebook.com\/immobilienbusiness\/\" \/>\n<meta property=\"article:published_time\" content=\"2021-02-12T07:44:11+00:00\" \/>\n<meta property=\"og:image\" content=\"https:\/\/www.immobilienbusiness.ch\/wp-content\/uploads\/2021\/02\/about1747618-1024x683.jpg\" \/>\n\t<meta property=\"og:image:width\" content=\"1024\" \/>\n\t<meta property=\"og:image:height\" content=\"683\" \/>\n\t<meta property=\"og:image:type\" content=\"image\/jpeg\" \/>\n<meta name=\"author\" content=\"anja.hall\" \/>\n<meta name=\"twitter:card\" content=\"summary_large_image\" \/>\n<meta name=\"twitter:image\" content=\"https:\/\/www.immobilienbusiness.ch\/wp-content\/uploads\/2021\/02\/about1747618.jpg\" \/>\n<script type=\"application\/ld+json\" class=\"yoast-schema-graph\">{\"@context\":\"https:\\\/\\\/schema.org\",\"@graph\":[{\"@type\":\"Article\",\"@id\":\"https:\\\/\\\/www.immobilienbusiness.ch\\\/it\\\/regionen\\\/2021-02-12\\\/bern-feuerwehrkaserne-viktoria-soll-entwickelt-werden\\\/#article\",\"isPartOf\":{\"@id\":\"https:\\\/\\\/www.immobilienbusiness.ch\\\/it\\\/regionen\\\/2021-02-12\\\/bern-feuerwehrkaserne-viktoria-soll-entwickelt-werden\\\/\"},\"author\":{\"name\":\"anja.hall\",\"@id\":\"https:\\\/\\\/www.immobilienbusiness.ch\\\/#\\\/schema\\\/person\\\/3fc036297b10b9f42d6db5ee932af8c8\"},\"headline\":\"Bern: Feuerwehrkaserne Viktoria soll entwickelt werden\",\"datePublished\":\"2021-02-12T07:44:11+00:00\",\"mainEntityOfPage\":{\"@id\":\"https:\\\/\\\/www.immobilienbusiness.ch\\\/it\\\/regionen\\\/2021-02-12\\\/bern-feuerwehrkaserne-viktoria-soll-entwickelt-werden\\\/\"},\"wordCount\":204,\"publisher\":{\"@id\":\"https:\\\/\\\/www.immobilienbusiness.ch\\\/#organization\"},\"image\":{\"@id\":\"https:\\\/\\\/www.immobilienbusiness.ch\\\/it\\\/regionen\\\/2021-02-12\\\/bern-feuerwehrkaserne-viktoria-soll-entwickelt-werden\\\/#primaryimage\"},\"thumbnailUrl\":\"https:\\\/\\\/www.immobilienbusiness.ch\\\/wp-content\\\/uploads\\\/2021\\\/02\\\/about1747618.jpg\",\"keywords\":[\"Bern\",\"Gewerbeimmobilien\",\"Projekt in Planung\",\"Retail\"],\"articleSection\":[\"REGIONEN\"],\"inLanguage\":\"de\"},{\"@type\":\"WebPage\",\"@id\":\"https:\\\/\\\/www.immobilienbusiness.ch\\\/it\\\/regionen\\\/2021-02-12\\\/bern-feuerwehrkaserne-viktoria-soll-entwickelt-werden\\\/\",\"url\":\"https:\\\/\\\/www.immobilienbusiness.ch\\\/it\\\/regionen\\\/2021-02-12\\\/bern-feuerwehrkaserne-viktoria-soll-entwickelt-werden\\\/\",\"name\":\"Bern: Feuerwehrkaserne Viktoria soll entwickelt werden - IMMOBILIEN Business\",\"isPartOf\":{\"@id\":\"https:\\\/\\\/www.immobilienbusiness.ch\\\/#website\"},\"primaryImageOfPage\":{\"@id\":\"https:\\\/\\\/www.immobilienbusiness.ch\\\/it\\\/regionen\\\/2021-02-12\\\/bern-feuerwehrkaserne-viktoria-soll-entwickelt-werden\\\/#primaryimage\"},\"image\":{\"@id\":\"https:\\\/\\\/www.immobilienbusiness.ch\\\/it\\\/regionen\\\/2021-02-12\\\/bern-feuerwehrkaserne-viktoria-soll-entwickelt-werden\\\/#primaryimage\"},\"thumbnailUrl\":\"https:\\\/\\\/www.immobilienbusiness.ch\\\/wp-content\\\/uploads\\\/2021\\\/02\\\/about1747618.jpg\",\"datePublished\":\"2021-02-12T07:44:11+00:00\",\"description\":\"Die schon seit l\u00e4ngerem geplante Entwicklung der alten Feuerwehrkaserne Viktoria in Bern kommt einen Schritt voran.\",\"breadcrumb\":{\"@id\":\"https:\\\/\\\/www.immobilienbusiness.ch\\\/it\\\/regionen\\\/2021-02-12\\\/bern-feuerwehrkaserne-viktoria-soll-entwickelt-werden\\\/#breadcrumb\"},\"inLanguage\":\"de\",\"potentialAction\":[{\"@type\":\"ReadAction\",\"target\":[\"https:\\\/\\\/www.immobilienbusiness.ch\\\/it\\\/regionen\\\/2021-02-12\\\/bern-feuerwehrkaserne-viktoria-soll-entwickelt-werden\\\/\"]}]},{\"@type\":\"ImageObject\",\"inLanguage\":\"de\",\"@id\":\"https:\\\/\\\/www.immobilienbusiness.ch\\\/it\\\/regionen\\\/2021-02-12\\\/bern-feuerwehrkaserne-viktoria-soll-entwickelt-werden\\\/#primaryimage\",\"url\":\"https:\\\/\\\/www.immobilienbusiness.ch\\\/wp-content\\\/uploads\\\/2021\\\/02\\\/about1747618.jpg\",\"contentUrl\":\"https:\\\/\\\/www.immobilienbusiness.ch\\\/wp-content\\\/uploads\\\/2021\\\/02\\\/about1747618.jpg\",\"width\":2560,\"height\":1708,\"caption\":\"Die Alte Feuerwehr, Innenhof mit Turm (\u00a9 Annette Boutellier)\"},{\"@type\":\"BreadcrumbList\",\"@id\":\"https:\\\/\\\/www.immobilienbusiness.ch\\\/it\\\/regionen\\\/2021-02-12\\\/bern-feuerwehrkaserne-viktoria-soll-entwickelt-werden\\\/#breadcrumb\",\"itemListElement\":[{\"@type\":\"ListItem\",\"position\":1,\"name\":\"Home\",\"item\":\"https:\\\/\\\/www.immobilienbusiness.ch\\\/\"},{\"@type\":\"ListItem\",\"position\":2,\"name\":\"Bern: Feuerwehrkaserne Viktoria soll entwickelt werden\"}]},{\"@type\":\"WebSite\",\"@id\":\"https:\\\/\\\/www.immobilienbusiness.ch\\\/#website\",\"url\":\"https:\\\/\\\/www.immobilienbusiness.ch\\\/\",\"name\":\"IMMOBILIEN Business\",\"description\":\"Unabh\u00e4ngiges Schweizer Wirtschaftsmagazin mit Fokus auf Immobilien, Architektur- und Bau sowie Investment- und Finanzierung.\",\"publisher\":{\"@id\":\"https:\\\/\\\/www.immobilienbusiness.ch\\\/#organization\"},\"potentialAction\":[{\"@type\":\"SearchAction\",\"target\":{\"@type\":\"EntryPoint\",\"urlTemplate\":\"https:\\\/\\\/www.immobilienbusiness.ch\\\/?s={search_term_string}\"},\"query-input\":{\"@type\":\"PropertyValueSpecification\",\"valueRequired\":true,\"valueName\":\"search_term_string\"}}],\"inLanguage\":\"de\"},{\"@type\":\"Organization\",\"@id\":\"https:\\\/\\\/www.immobilienbusiness.ch\\\/#organization\",\"name\":\"IMMOBILIEN Business\",\"url\":\"https:\\\/\\\/www.immobilienbusiness.ch\\\/\",\"logo\":{\"@type\":\"ImageObject\",\"inLanguage\":\"de\",\"@id\":\"https:\\\/\\\/www.immobilienbusiness.ch\\\/#\\\/schema\\\/logo\\\/image\\\/\",\"url\":\"https:\\\/\\\/www.immobilienbusiness.ch\\\/wp-content\\\/uploads\\\/2021\\\/07\\\/logo_ib.png\",\"contentUrl\":\"https:\\\/\\\/www.immobilienbusiness.ch\\\/wp-content\\\/uploads\\\/2021\\\/07\\\/logo_ib.png\",\"width\":800,\"height\":181,\"caption\":\"IMMOBILIEN Business\"},\"image\":{\"@id\":\"https:\\\/\\\/www.immobilienbusiness.ch\\\/#\\\/schema\\\/logo\\\/image\\\/\"},\"sameAs\":[\"https:\\\/\\\/www.facebook.com\\\/immobilienbusiness\\\/\"]},{\"@type\":\"Person\",\"@id\":\"https:\\\/\\\/www.immobilienbusiness.ch\\\/#\\\/schema\\\/person\\\/3fc036297b10b9f42d6db5ee932af8c8\",\"name\":\"anja.hall\",\"image\":{\"@type\":\"ImageObject\",\"inLanguage\":\"de\",\"@id\":\"https:\\\/\\\/secure.gravatar.com\\\/avatar\\\/066b5a0d447013502c71a5782f4f3469f03cfe595cc2329fb94652fe47511bfb?s=96&d=mm&r=g\",\"url\":\"https:\\\/\\\/secure.gravatar.com\\\/avatar\\\/066b5a0d447013502c71a5782f4f3469f03cfe595cc2329fb94652fe47511bfb?s=96&d=mm&r=g\",\"contentUrl\":\"https:\\\/\\\/secure.gravatar.com\\\/avatar\\\/066b5a0d447013502c71a5782f4f3469f03cfe595cc2329fb94652fe47511bfb?s=96&d=mm&r=g\",\"caption\":\"anja.hall\"},\"url\":\"https:\\\/\\\/www.immobilienbusiness.ch\\\/de\\\/author\\\/anja-hall\\\/\"}]}<\/script>\n<!-- \/ Yoast SEO plugin. -->","yoast_head_json":{"title":"Bern: Feuerwehrkaserne Viktoria soll entwickelt werden - IMMOBILIEN Business","description":"Die schon seit l\u00e4ngerem geplante Entwicklung der alten Feuerwehrkaserne Viktoria in Bern kommt einen Schritt voran.","robots":{"index":"index","follow":"follow","max-snippet":"max-snippet:-1","max-image-preview":"max-image-preview:large","max-video-preview":"max-video-preview:-1"},"canonical":"https:\/\/www.immobilienbusiness.ch\/de\/regionen\/2021-02-12\/bern-feuerwehrkaserne-viktoria-soll-entwickelt-werden\/","og_locale":"de_DE","og_type":"article","og_title":"Bern: Feuerwehrkaserne Viktoria soll entwickelt werden - IMMOBILIEN Business","og_description":"Die schon seit l\u00e4ngerem geplante Entwicklung der alten Feuerwehrkaserne Viktoria in Bern kommt einen Schritt voran.","og_url":"https:\/\/www.immobilienbusiness.ch\/de\/regionen\/2021-02-12\/bern-feuerwehrkaserne-viktoria-soll-entwickelt-werden\/","og_site_name":"IMMOBILIEN Business","article_publisher":"https:\/\/www.facebook.com\/immobilienbusiness\/","article_published_time":"2021-02-12T07:44:11+00:00","og_image":[{"width":1024,"height":683,"url":"https:\/\/www.immobilienbusiness.ch\/wp-content\/uploads\/2021\/02\/about1747618-1024x683.jpg","type":"image\/jpeg"}],"author":"anja.hall","twitter_card":"summary_large_image","twitter_image":"https:\/\/www.immobilienbusiness.ch\/wp-content\/uploads\/2021\/02\/about1747618.jpg","schema":{"@context":"https:\/\/schema.org","@graph":[{"@type":"Article","@id":"https:\/\/www.immobilienbusiness.ch\/it\/regionen\/2021-02-12\/bern-feuerwehrkaserne-viktoria-soll-entwickelt-werden\/#article","isPartOf":{"@id":"https:\/\/www.immobilienbusiness.ch\/it\/regionen\/2021-02-12\/bern-feuerwehrkaserne-viktoria-soll-entwickelt-werden\/"},"author":{"name":"anja.hall","@id":"https:\/\/www.immobilienbusiness.ch\/#\/schema\/person\/3fc036297b10b9f42d6db5ee932af8c8"},"headline":"Bern: Feuerwehrkaserne Viktoria soll entwickelt werden","datePublished":"2021-02-12T07:44:11+00:00","mainEntityOfPage":{"@id":"https:\/\/www.immobilienbusiness.ch\/it\/regionen\/2021-02-12\/bern-feuerwehrkaserne-viktoria-soll-entwickelt-werden\/"},"wordCount":204,"publisher":{"@id":"https:\/\/www.immobilienbusiness.ch\/#organization"},"image":{"@id":"https:\/\/www.immobilienbusiness.ch\/it\/regionen\/2021-02-12\/bern-feuerwehrkaserne-viktoria-soll-entwickelt-werden\/#primaryimage"},"thumbnailUrl":"https:\/\/www.immobilienbusiness.ch\/wp-content\/uploads\/2021\/02\/about1747618.jpg","keywords":["Bern","Gewerbeimmobilien","Projekt in Planung","Retail"],"articleSection":["REGIONEN"],"inLanguage":"de"},{"@type":"WebPage","@id":"https:\/\/www.immobilienbusiness.ch\/it\/regionen\/2021-02-12\/bern-feuerwehrkaserne-viktoria-soll-entwickelt-werden\/","url":"https:\/\/www.immobilienbusiness.ch\/it\/regionen\/2021-02-12\/bern-feuerwehrkaserne-viktoria-soll-entwickelt-werden\/","name":"Bern: Feuerwehrkaserne Viktoria soll entwickelt werden - IMMOBILIEN Business","isPartOf":{"@id":"https:\/\/www.immobilienbusiness.ch\/#website"},"primaryImageOfPage":{"@id":"https:\/\/www.immobilienbusiness.ch\/it\/regionen\/2021-02-12\/bern-feuerwehrkaserne-viktoria-soll-entwickelt-werden\/#primaryimage"},"image":{"@id":"https:\/\/www.immobilienbusiness.ch\/it\/regionen\/2021-02-12\/bern-feuerwehrkaserne-viktoria-soll-entwickelt-werden\/#primaryimage"},"thumbnailUrl":"https:\/\/www.immobilienbusiness.ch\/wp-content\/uploads\/2021\/02\/about1747618.jpg","datePublished":"2021-02-12T07:44:11+00:00","description":"Die schon seit l\u00e4ngerem geplante Entwicklung der alten Feuerwehrkaserne Viktoria in Bern kommt einen Schritt voran.","breadcrumb":{"@id":"https:\/\/www.immobilienbusiness.ch\/it\/regionen\/2021-02-12\/bern-feuerwehrkaserne-viktoria-soll-entwickelt-werden\/#breadcrumb"},"inLanguage":"de","potentialAction":[{"@type":"ReadAction","target":["https:\/\/www.immobilienbusiness.ch\/it\/regionen\/2021-02-12\/bern-feuerwehrkaserne-viktoria-soll-entwickelt-werden\/"]}]},{"@type":"ImageObject","inLanguage":"de","@id":"https:\/\/www.immobilienbusiness.ch\/it\/regionen\/2021-02-12\/bern-feuerwehrkaserne-viktoria-soll-entwickelt-werden\/#primaryimage","url":"https:\/\/www.immobilienbusiness.ch\/wp-content\/uploads\/2021\/02\/about1747618.jpg","contentUrl":"https:\/\/www.immobilienbusiness.ch\/wp-content\/uploads\/2021\/02\/about1747618.jpg","width":2560,"height":1708,"caption":"Die Alte Feuerwehr, Innenhof mit Turm (\u00a9 Annette Boutellier)"},{"@type":"BreadcrumbList","@id":"https:\/\/www.immobilienbusiness.ch\/it\/regionen\/2021-02-12\/bern-feuerwehrkaserne-viktoria-soll-entwickelt-werden\/#breadcrumb","itemListElement":[{"@type":"ListItem","position":1,"name":"Home","item":"https:\/\/www.immobilienbusiness.ch\/"},{"@type":"ListItem","position":2,"name":"Bern: Feuerwehrkaserne Viktoria soll entwickelt werden"}]},{"@type":"WebSite","@id":"https:\/\/www.immobilienbusiness.ch\/#website","url":"https:\/\/www.immobilienbusiness.ch\/","name":"IMMOBILIEN Business","description":"Unabh\u00e4ngiges Schweizer Wirtschaftsmagazin mit Fokus auf Immobilien, Architektur- und Bau sowie Investment- und Finanzierung.","publisher":{"@id":"https:\/\/www.immobilienbusiness.ch\/#organization"},"potentialAction":[{"@type":"SearchAction","target":{"@type":"EntryPoint","urlTemplate":"https:\/\/www.immobilienbusiness.ch\/?s={search_term_string}"},"query-input":{"@type":"PropertyValueSpecification","valueRequired":true,"valueName":"search_term_string"}}],"inLanguage":"de"},{"@type":"Organization","@id":"https:\/\/www.immobilienbusiness.ch\/#organization","name":"IMMOBILIEN Business","url":"https:\/\/www.immobilienbusiness.ch\/","logo":{"@type":"ImageObject","inLanguage":"de","@id":"https:\/\/www.immobilienbusiness.ch\/#\/schema\/logo\/image\/","url":"https:\/\/www.immobilienbusiness.ch\/wp-content\/uploads\/2021\/07\/logo_ib.png","contentUrl":"https:\/\/www.immobilienbusiness.ch\/wp-content\/uploads\/2021\/07\/logo_ib.png","width":800,"height":181,"caption":"IMMOBILIEN Business"},"image":{"@id":"https:\/\/www.immobilienbusiness.ch\/#\/schema\/logo\/image\/"},"sameAs":["https:\/\/www.facebook.com\/immobilienbusiness\/"]},{"@type":"Person","@id":"https:\/\/www.immobilienbusiness.ch\/#\/schema\/person\/3fc036297b10b9f42d6db5ee932af8c8","name":"anja.hall","image":{"@type":"ImageObject","inLanguage":"de","@id":"https:\/\/secure.gravatar.com\/avatar\/066b5a0d447013502c71a5782f4f3469f03cfe595cc2329fb94652fe47511bfb?s=96&d=mm&r=g","url":"https:\/\/secure.gravatar.com\/avatar\/066b5a0d447013502c71a5782f4f3469f03cfe595cc2329fb94652fe47511bfb?s=96&d=mm&r=g","contentUrl":"https:\/\/secure.gravatar.com\/avatar\/066b5a0d447013502c71a5782f4f3469f03cfe595cc2329fb94652fe47511bfb?s=96&d=mm&r=g","caption":"anja.hall"},"url":"https:\/\/www.immobilienbusiness.ch\/de\/author\/anja-hall\/"}]}},"_links":{"self":[{"href":"https:\/\/www.immobilienbusiness.ch\/de\/wp-json\/wp\/v2\/posts\/23465","targetHints":{"allow":["GET"]}}],"collection":[{"href":"https:\/\/www.immobilienbusiness.ch\/de\/wp-json\/wp\/v2\/posts"}],"about":[{"href":"https:\/\/www.immobilienbusiness.ch\/de\/wp-json\/wp\/v2\/types\/post"}],"author":[{"embeddable":true,"href":"https:\/\/www.immobilienbusiness.ch\/de\/wp-json\/wp\/v2\/users\/3"}],"replies":[{"embeddable":true,"href":"https:\/\/www.immobilienbusiness.ch\/de\/wp-json\/wp\/v2\/comments?post=23465"}],"version-history":[{"count":0,"href":"https:\/\/www.immobilienbusiness.ch\/de\/wp-json\/wp\/v2\/posts\/23465\/revisions"}],"wp:featuredmedia":[{"embeddable":true,"href":"https:\/\/www.immobilienbusiness.ch\/de\/wp-json\/wp\/v2\/media\/23466"}],"wp:attachment":[{"href":"https:\/\/www.immobilienbusiness.ch\/de\/wp-json\/wp\/v2\/media?parent=23465"}],"wp:term":[{"taxonomy":"category","embeddable":true,"href":"https:\/\/www.immobilienbusiness.ch\/de\/wp-json\/wp\/v2\/categories?post=23465"},{"taxonomy":"post_tag","embeddable":true,"href":"https:\/\/www.immobilienbusiness.ch\/de\/wp-json\/wp\/v2\/tags?post=23465"}],"curies":[{"name":"wp","href":"https:\/\/api.w.org\/{rel}","templated":true}]}}