{"id":23463,"date":"2021-02-11T08:46:21","date_gmt":"2021-02-11T07:46:21","guid":{"rendered":"https:\/\/www.immobilienbusiness.ch\/?p=23463"},"modified":"2021-02-11T08:46:21","modified_gmt":"2021-02-11T07:46:21","slug":"cronos-immo-fund-plant-kapitalerhoehung","status":"publish","type":"post","link":"https:\/\/www.immobilienbusiness.ch\/de\/unternehmen\/2021-02-11\/cronos-immo-fund-plant-kapitalerhoehung\/","title":{"rendered":"Cronos Immo Fund plant Kapitalerh\u00f6hung"},"content":{"rendered":"<figure id=\"attachment_12759\" aria-describedby=\"caption-attachment-12759\" style=\"width: 680px\" class=\"wp-caption alignnone\"><img loading=\"lazy\" decoding=\"async\" class=\"size-medium wp-image-12759\" src=\"https:\/\/www.immobilienbusiness.ch\/wp-content\/uploads\/2018\/05\/Depositphotos_58636529_m-2015.jpg\" alt=\"\" width=\"680\" height=\"454\" srcset=\"https:\/\/www.immobilienbusiness.ch\/wp-content\/uploads\/2018\/05\/Depositphotos_58636529_m-2015.jpg 1000w, https:\/\/www.immobilienbusiness.ch\/wp-content\/uploads\/2018\/05\/Depositphotos_58636529_m-2015-300x200.jpg 300w, https:\/\/www.immobilienbusiness.ch\/wp-content\/uploads\/2018\/05\/Depositphotos_58636529_m-2015-768x512.jpg 768w, https:\/\/www.immobilienbusiness.ch\/wp-content\/uploads\/2018\/05\/Depositphotos_58636529_m-2015-16x12.jpg 16w, https:\/\/www.immobilienbusiness.ch\/wp-content\/uploads\/2018\/05\/Depositphotos_58636529_m-2015-262x175.jpg 262w, https:\/\/www.immobilienbusiness.ch\/wp-content\/uploads\/2018\/05\/Depositphotos_58636529_m-2015-525x350.jpg 525w, https:\/\/www.immobilienbusiness.ch\/wp-content\/uploads\/2018\/05\/Depositphotos_58636529_m-2015-920x614.jpg 920w\" sizes=\"auto, (max-width: 680px) 100vw, 680px\" \/><figcaption id=\"caption-attachment-12759\" class=\"wp-caption-text\">Der Cronos Immo Fund sucht frisches Kapital (Bild: wirojsid &#8211; despositphotos)<\/figcaption><\/figure>\n<p>Die Cronos Finance SA als Fondsleitung des Westschweizer Wohnimmobilienfonds Cronos Immo Fund hat angek\u00fcndigt, eine \u00abBest Effort\u00bb-Ausgabe von bis zu 290.295 neuen Anteilen vorzunehmen.<\/p>\n<p>Die Zeichnungsfrist soll vom 15. bis 25. M\u00e4rz 2021 laufen, die Liberierung ist f\u00fcr den 31. M\u00e4rz vorgesehen. Den Ausgabepreis will Cronos Finance mit der Ver\u00f6ffentlichung des Ausgabeprospekts bekanntgeben.<\/p>\n<p>Der Emissionserl\u00f6s soll f\u00fcr die Finanzierung der Bauten im Portfolio, den Erwerb neuer Immobilien, bei denen Verhandlungen laufen oder kurz vor dem Abschluss stehen, sowie f\u00fcr die R\u00fcckzahlung von Hypothekarschulden verwendet werden, teilt Cronos Finance weiter mit. <em>(ah)<\/em><\/p>\n","protected":false},"excerpt":{"rendered":"<p>Der Cronos Immo Fund will ab Mitte M\u00e4rz neue Fondsanteile ausgeben. Der Emissionserl\u00f6s soll u.a. f\u00fcr Akquisitionen eingesetzt werden.<\/p>\n","protected":false},"author":3,"featured_media":12759,"comment_status":"closed","ping_status":"open","sticky":false,"template":"","format":"standard","meta":{"_acf_changed":false,"_yoast_wpseo_focuskw":"Cronos Immo","_yoast_wpseo_title":"","_yoast_wpseo_metadesc":"Der Cronos Immo Fund will ab Mitte M\u00e4rz neue Fondsanteile ausgeben. Der Emissionserl\u00f6s soll u.a. f\u00fcr Akquisitionen eingesetzt werden.","_yoast_wpseo_linkdex":58,"pgc_sgb_lightbox_settings":"","footnotes":""},"categories":[988],"tags":[1344,1412],"class_list":["post-23463","post","type-post","status-publish","format-standard","has-post-thumbnail","hentry","category-unternehmen","tag-immobilienfonds","tag-kapitalerhoehung"],"acf":[],"yoast_head":"<!-- This site is optimized with the Yoast SEO plugin v27.4 - https:\/\/yoast.com\/product\/yoast-seo-wordpress\/ -->\n<title>Cronos Immo Fund plant Kapitalerh\u00f6hung - IMMOBILIEN Business<\/title>\n<meta name=\"description\" content=\"Der Cronos Immo Fund will ab Mitte M\u00e4rz neue Fondsanteile ausgeben. Der Emissionserl\u00f6s soll u.a. f\u00fcr Akquisitionen eingesetzt werden.\" \/>\n<meta name=\"robots\" content=\"index, follow, max-snippet:-1, max-image-preview:large, max-video-preview:-1\" \/>\n<link rel=\"canonical\" href=\"https:\/\/www.immobilienbusiness.ch\/de\/unternehmen\/2021-02-11\/cronos-immo-fund-plant-kapitalerhoehung\/\" \/>\n<meta property=\"og:locale\" content=\"de_DE\" \/>\n<meta property=\"og:type\" content=\"article\" \/>\n<meta property=\"og:title\" content=\"Cronos Immo Fund plant Kapitalerh\u00f6hung - IMMOBILIEN Business\" \/>\n<meta property=\"og:description\" content=\"Der Cronos Immo Fund will ab Mitte M\u00e4rz neue Fondsanteile ausgeben. Der Emissionserl\u00f6s soll u.a. f\u00fcr Akquisitionen eingesetzt werden.\" \/>\n<meta property=\"og:url\" content=\"https:\/\/www.immobilienbusiness.ch\/de\/unternehmen\/2021-02-11\/cronos-immo-fund-plant-kapitalerhoehung\/\" \/>\n<meta property=\"og:site_name\" content=\"IMMOBILIEN Business\" \/>\n<meta property=\"article:publisher\" content=\"https:\/\/www.facebook.com\/immobilienbusiness\/\" \/>\n<meta property=\"article:published_time\" content=\"2021-02-11T07:46:21+00:00\" \/>\n<meta property=\"og:image\" content=\"https:\/\/www.immobilienbusiness.ch\/wp-content\/uploads\/2018\/05\/Depositphotos_58636529_m-2015.jpg\" \/>\n\t<meta property=\"og:image:width\" content=\"1000\" \/>\n\t<meta property=\"og:image:height\" content=\"667\" \/>\n\t<meta property=\"og:image:type\" content=\"image\/jpeg\" \/>\n<meta name=\"author\" content=\"anja.hall\" \/>\n<meta name=\"twitter:card\" content=\"summary_large_image\" \/>\n<meta name=\"twitter:image\" content=\"https:\/\/www.immobilienbusiness.ch\/wp-content\/uploads\/2018\/05\/Depositphotos_58636529_m-2015.jpg\" \/>\n<script type=\"application\/ld+json\" class=\"yoast-schema-graph\">{\"@context\":\"https:\\\/\\\/schema.org\",\"@graph\":[{\"@type\":\"Article\",\"@id\":\"https:\\\/\\\/www.immobilienbusiness.ch\\\/unternehmen\\\/2021-02-11\\\/cronos-immo-fund-plant-kapitalerhoehung\\\/#article\",\"isPartOf\":{\"@id\":\"https:\\\/\\\/www.immobilienbusiness.ch\\\/unternehmen\\\/2021-02-11\\\/cronos-immo-fund-plant-kapitalerhoehung\\\/\"},\"author\":{\"name\":\"anja.hall\",\"@id\":\"https:\\\/\\\/www.immobilienbusiness.ch\\\/#\\\/schema\\\/person\\\/3fc036297b10b9f42d6db5ee932af8c8\"},\"headline\":\"Cronos Immo Fund plant Kapitalerh\u00f6hung\",\"datePublished\":\"2021-02-11T07:46:21+00:00\",\"mainEntityOfPage\":{\"@id\":\"https:\\\/\\\/www.immobilienbusiness.ch\\\/unternehmen\\\/2021-02-11\\\/cronos-immo-fund-plant-kapitalerhoehung\\\/\"},\"wordCount\":120,\"publisher\":{\"@id\":\"https:\\\/\\\/www.immobilienbusiness.ch\\\/#organization\"},\"image\":{\"@id\":\"https:\\\/\\\/www.immobilienbusiness.ch\\\/unternehmen\\\/2021-02-11\\\/cronos-immo-fund-plant-kapitalerhoehung\\\/#primaryimage\"},\"thumbnailUrl\":\"https:\\\/\\\/www.immobilienbusiness.ch\\\/wp-content\\\/uploads\\\/2018\\\/05\\\/Depositphotos_58636529_m-2015.jpg\",\"keywords\":[\"Immobilienfonds\",\"Kapitalerh\u00f6hung\"],\"articleSection\":[\"UNTERNEHMEN\"],\"inLanguage\":\"de\"},{\"@type\":\"WebPage\",\"@id\":\"https:\\\/\\\/www.immobilienbusiness.ch\\\/unternehmen\\\/2021-02-11\\\/cronos-immo-fund-plant-kapitalerhoehung\\\/\",\"url\":\"https:\\\/\\\/www.immobilienbusiness.ch\\\/unternehmen\\\/2021-02-11\\\/cronos-immo-fund-plant-kapitalerhoehung\\\/\",\"name\":\"Cronos Immo Fund plant Kapitalerh\u00f6hung - IMMOBILIEN Business\",\"isPartOf\":{\"@id\":\"https:\\\/\\\/www.immobilienbusiness.ch\\\/#website\"},\"primaryImageOfPage\":{\"@id\":\"https:\\\/\\\/www.immobilienbusiness.ch\\\/unternehmen\\\/2021-02-11\\\/cronos-immo-fund-plant-kapitalerhoehung\\\/#primaryimage\"},\"image\":{\"@id\":\"https:\\\/\\\/www.immobilienbusiness.ch\\\/unternehmen\\\/2021-02-11\\\/cronos-immo-fund-plant-kapitalerhoehung\\\/#primaryimage\"},\"thumbnailUrl\":\"https:\\\/\\\/www.immobilienbusiness.ch\\\/wp-content\\\/uploads\\\/2018\\\/05\\\/Depositphotos_58636529_m-2015.jpg\",\"datePublished\":\"2021-02-11T07:46:21+00:00\",\"description\":\"Der Cronos Immo Fund will ab Mitte M\u00e4rz neue Fondsanteile ausgeben. Der Emissionserl\u00f6s soll u.a. f\u00fcr Akquisitionen eingesetzt werden.\",\"breadcrumb\":{\"@id\":\"https:\\\/\\\/www.immobilienbusiness.ch\\\/unternehmen\\\/2021-02-11\\\/cronos-immo-fund-plant-kapitalerhoehung\\\/#breadcrumb\"},\"inLanguage\":\"de\",\"potentialAction\":[{\"@type\":\"ReadAction\",\"target\":[\"https:\\\/\\\/www.immobilienbusiness.ch\\\/unternehmen\\\/2021-02-11\\\/cronos-immo-fund-plant-kapitalerhoehung\\\/\"]}]},{\"@type\":\"ImageObject\",\"inLanguage\":\"de\",\"@id\":\"https:\\\/\\\/www.immobilienbusiness.ch\\\/unternehmen\\\/2021-02-11\\\/cronos-immo-fund-plant-kapitalerhoehung\\\/#primaryimage\",\"url\":\"https:\\\/\\\/www.immobilienbusiness.ch\\\/wp-content\\\/uploads\\\/2018\\\/05\\\/Depositphotos_58636529_m-2015.jpg\",\"contentUrl\":\"https:\\\/\\\/www.immobilienbusiness.ch\\\/wp-content\\\/uploads\\\/2018\\\/05\\\/Depositphotos_58636529_m-2015.jpg\",\"width\":1000,\"height\":667,\"caption\":\"(wirojsid - despositphotos)\"},{\"@type\":\"BreadcrumbList\",\"@id\":\"https:\\\/\\\/www.immobilienbusiness.ch\\\/unternehmen\\\/2021-02-11\\\/cronos-immo-fund-plant-kapitalerhoehung\\\/#breadcrumb\",\"itemListElement\":[{\"@type\":\"ListItem\",\"position\":1,\"name\":\"Home\",\"item\":\"https:\\\/\\\/www.immobilienbusiness.ch\\\/\"},{\"@type\":\"ListItem\",\"position\":2,\"name\":\"Cronos Immo Fund plant Kapitalerh\u00f6hung\"}]},{\"@type\":\"WebSite\",\"@id\":\"https:\\\/\\\/www.immobilienbusiness.ch\\\/#website\",\"url\":\"https:\\\/\\\/www.immobilienbusiness.ch\\\/\",\"name\":\"IMMOBILIEN Business\",\"description\":\"Unabh\u00e4ngiges Schweizer Wirtschaftsmagazin mit Fokus auf Immobilien, Architektur- und Bau sowie Investment- und Finanzierung.\",\"publisher\":{\"@id\":\"https:\\\/\\\/www.immobilienbusiness.ch\\\/#organization\"},\"potentialAction\":[{\"@type\":\"SearchAction\",\"target\":{\"@type\":\"EntryPoint\",\"urlTemplate\":\"https:\\\/\\\/www.immobilienbusiness.ch\\\/?s={search_term_string}\"},\"query-input\":{\"@type\":\"PropertyValueSpecification\",\"valueRequired\":true,\"valueName\":\"search_term_string\"}}],\"inLanguage\":\"de\"},{\"@type\":\"Organization\",\"@id\":\"https:\\\/\\\/www.immobilienbusiness.ch\\\/#organization\",\"name\":\"IMMOBILIEN Business\",\"url\":\"https:\\\/\\\/www.immobilienbusiness.ch\\\/\",\"logo\":{\"@type\":\"ImageObject\",\"inLanguage\":\"de\",\"@id\":\"https:\\\/\\\/www.immobilienbusiness.ch\\\/#\\\/schema\\\/logo\\\/image\\\/\",\"url\":\"https:\\\/\\\/www.immobilienbusiness.ch\\\/wp-content\\\/uploads\\\/2021\\\/07\\\/logo_ib.png\",\"contentUrl\":\"https:\\\/\\\/www.immobilienbusiness.ch\\\/wp-content\\\/uploads\\\/2021\\\/07\\\/logo_ib.png\",\"width\":800,\"height\":181,\"caption\":\"IMMOBILIEN Business\"},\"image\":{\"@id\":\"https:\\\/\\\/www.immobilienbusiness.ch\\\/#\\\/schema\\\/logo\\\/image\\\/\"},\"sameAs\":[\"https:\\\/\\\/www.facebook.com\\\/immobilienbusiness\\\/\"]},{\"@type\":\"Person\",\"@id\":\"https:\\\/\\\/www.immobilienbusiness.ch\\\/#\\\/schema\\\/person\\\/3fc036297b10b9f42d6db5ee932af8c8\",\"name\":\"anja.hall\",\"image\":{\"@type\":\"ImageObject\",\"inLanguage\":\"de\",\"@id\":\"https:\\\/\\\/secure.gravatar.com\\\/avatar\\\/066b5a0d447013502c71a5782f4f3469f03cfe595cc2329fb94652fe47511bfb?s=96&d=mm&r=g\",\"url\":\"https:\\\/\\\/secure.gravatar.com\\\/avatar\\\/066b5a0d447013502c71a5782f4f3469f03cfe595cc2329fb94652fe47511bfb?s=96&d=mm&r=g\",\"contentUrl\":\"https:\\\/\\\/secure.gravatar.com\\\/avatar\\\/066b5a0d447013502c71a5782f4f3469f03cfe595cc2329fb94652fe47511bfb?s=96&d=mm&r=g\",\"caption\":\"anja.hall\"},\"url\":\"https:\\\/\\\/www.immobilienbusiness.ch\\\/de\\\/author\\\/anja-hall\\\/\"}]}<\/script>\n<!-- \/ Yoast SEO plugin. -->","yoast_head_json":{"title":"Cronos Immo Fund plant Kapitalerh\u00f6hung - IMMOBILIEN Business","description":"Der Cronos Immo Fund will ab Mitte M\u00e4rz neue Fondsanteile ausgeben. Der Emissionserl\u00f6s soll u.a. f\u00fcr Akquisitionen eingesetzt werden.","robots":{"index":"index","follow":"follow","max-snippet":"max-snippet:-1","max-image-preview":"max-image-preview:large","max-video-preview":"max-video-preview:-1"},"canonical":"https:\/\/www.immobilienbusiness.ch\/de\/unternehmen\/2021-02-11\/cronos-immo-fund-plant-kapitalerhoehung\/","og_locale":"de_DE","og_type":"article","og_title":"Cronos Immo Fund plant Kapitalerh\u00f6hung - IMMOBILIEN Business","og_description":"Der Cronos Immo Fund will ab Mitte M\u00e4rz neue Fondsanteile ausgeben. Der Emissionserl\u00f6s soll u.a. f\u00fcr Akquisitionen eingesetzt werden.","og_url":"https:\/\/www.immobilienbusiness.ch\/de\/unternehmen\/2021-02-11\/cronos-immo-fund-plant-kapitalerhoehung\/","og_site_name":"IMMOBILIEN Business","article_publisher":"https:\/\/www.facebook.com\/immobilienbusiness\/","article_published_time":"2021-02-11T07:46:21+00:00","og_image":[{"width":1000,"height":667,"url":"https:\/\/www.immobilienbusiness.ch\/wp-content\/uploads\/2018\/05\/Depositphotos_58636529_m-2015.jpg","type":"image\/jpeg"}],"author":"anja.hall","twitter_card":"summary_large_image","twitter_image":"https:\/\/www.immobilienbusiness.ch\/wp-content\/uploads\/2018\/05\/Depositphotos_58636529_m-2015.jpg","schema":{"@context":"https:\/\/schema.org","@graph":[{"@type":"Article","@id":"https:\/\/www.immobilienbusiness.ch\/unternehmen\/2021-02-11\/cronos-immo-fund-plant-kapitalerhoehung\/#article","isPartOf":{"@id":"https:\/\/www.immobilienbusiness.ch\/unternehmen\/2021-02-11\/cronos-immo-fund-plant-kapitalerhoehung\/"},"author":{"name":"anja.hall","@id":"https:\/\/www.immobilienbusiness.ch\/#\/schema\/person\/3fc036297b10b9f42d6db5ee932af8c8"},"headline":"Cronos Immo Fund plant Kapitalerh\u00f6hung","datePublished":"2021-02-11T07:46:21+00:00","mainEntityOfPage":{"@id":"https:\/\/www.immobilienbusiness.ch\/unternehmen\/2021-02-11\/cronos-immo-fund-plant-kapitalerhoehung\/"},"wordCount":120,"publisher":{"@id":"https:\/\/www.immobilienbusiness.ch\/#organization"},"image":{"@id":"https:\/\/www.immobilienbusiness.ch\/unternehmen\/2021-02-11\/cronos-immo-fund-plant-kapitalerhoehung\/#primaryimage"},"thumbnailUrl":"https:\/\/www.immobilienbusiness.ch\/wp-content\/uploads\/2018\/05\/Depositphotos_58636529_m-2015.jpg","keywords":["Immobilienfonds","Kapitalerh\u00f6hung"],"articleSection":["UNTERNEHMEN"],"inLanguage":"de"},{"@type":"WebPage","@id":"https:\/\/www.immobilienbusiness.ch\/unternehmen\/2021-02-11\/cronos-immo-fund-plant-kapitalerhoehung\/","url":"https:\/\/www.immobilienbusiness.ch\/unternehmen\/2021-02-11\/cronos-immo-fund-plant-kapitalerhoehung\/","name":"Cronos Immo Fund plant Kapitalerh\u00f6hung - IMMOBILIEN Business","isPartOf":{"@id":"https:\/\/www.immobilienbusiness.ch\/#website"},"primaryImageOfPage":{"@id":"https:\/\/www.immobilienbusiness.ch\/unternehmen\/2021-02-11\/cronos-immo-fund-plant-kapitalerhoehung\/#primaryimage"},"image":{"@id":"https:\/\/www.immobilienbusiness.ch\/unternehmen\/2021-02-11\/cronos-immo-fund-plant-kapitalerhoehung\/#primaryimage"},"thumbnailUrl":"https:\/\/www.immobilienbusiness.ch\/wp-content\/uploads\/2018\/05\/Depositphotos_58636529_m-2015.jpg","datePublished":"2021-02-11T07:46:21+00:00","description":"Der Cronos Immo Fund will ab Mitte M\u00e4rz neue Fondsanteile ausgeben. Der Emissionserl\u00f6s soll u.a. f\u00fcr Akquisitionen eingesetzt werden.","breadcrumb":{"@id":"https:\/\/www.immobilienbusiness.ch\/unternehmen\/2021-02-11\/cronos-immo-fund-plant-kapitalerhoehung\/#breadcrumb"},"inLanguage":"de","potentialAction":[{"@type":"ReadAction","target":["https:\/\/www.immobilienbusiness.ch\/unternehmen\/2021-02-11\/cronos-immo-fund-plant-kapitalerhoehung\/"]}]},{"@type":"ImageObject","inLanguage":"de","@id":"https:\/\/www.immobilienbusiness.ch\/unternehmen\/2021-02-11\/cronos-immo-fund-plant-kapitalerhoehung\/#primaryimage","url":"https:\/\/www.immobilienbusiness.ch\/wp-content\/uploads\/2018\/05\/Depositphotos_58636529_m-2015.jpg","contentUrl":"https:\/\/www.immobilienbusiness.ch\/wp-content\/uploads\/2018\/05\/Depositphotos_58636529_m-2015.jpg","width":1000,"height":667,"caption":"(wirojsid - despositphotos)"},{"@type":"BreadcrumbList","@id":"https:\/\/www.immobilienbusiness.ch\/unternehmen\/2021-02-11\/cronos-immo-fund-plant-kapitalerhoehung\/#breadcrumb","itemListElement":[{"@type":"ListItem","position":1,"name":"Home","item":"https:\/\/www.immobilienbusiness.ch\/"},{"@type":"ListItem","position":2,"name":"Cronos Immo Fund plant Kapitalerh\u00f6hung"}]},{"@type":"WebSite","@id":"https:\/\/www.immobilienbusiness.ch\/#website","url":"https:\/\/www.immobilienbusiness.ch\/","name":"IMMOBILIEN Business","description":"Unabh\u00e4ngiges Schweizer Wirtschaftsmagazin mit Fokus auf Immobilien, Architektur- und Bau sowie Investment- und Finanzierung.","publisher":{"@id":"https:\/\/www.immobilienbusiness.ch\/#organization"},"potentialAction":[{"@type":"SearchAction","target":{"@type":"EntryPoint","urlTemplate":"https:\/\/www.immobilienbusiness.ch\/?s={search_term_string}"},"query-input":{"@type":"PropertyValueSpecification","valueRequired":true,"valueName":"search_term_string"}}],"inLanguage":"de"},{"@type":"Organization","@id":"https:\/\/www.immobilienbusiness.ch\/#organization","name":"IMMOBILIEN Business","url":"https:\/\/www.immobilienbusiness.ch\/","logo":{"@type":"ImageObject","inLanguage":"de","@id":"https:\/\/www.immobilienbusiness.ch\/#\/schema\/logo\/image\/","url":"https:\/\/www.immobilienbusiness.ch\/wp-content\/uploads\/2021\/07\/logo_ib.png","contentUrl":"https:\/\/www.immobilienbusiness.ch\/wp-content\/uploads\/2021\/07\/logo_ib.png","width":800,"height":181,"caption":"IMMOBILIEN Business"},"image":{"@id":"https:\/\/www.immobilienbusiness.ch\/#\/schema\/logo\/image\/"},"sameAs":["https:\/\/www.facebook.com\/immobilienbusiness\/"]},{"@type":"Person","@id":"https:\/\/www.immobilienbusiness.ch\/#\/schema\/person\/3fc036297b10b9f42d6db5ee932af8c8","name":"anja.hall","image":{"@type":"ImageObject","inLanguage":"de","@id":"https:\/\/secure.gravatar.com\/avatar\/066b5a0d447013502c71a5782f4f3469f03cfe595cc2329fb94652fe47511bfb?s=96&d=mm&r=g","url":"https:\/\/secure.gravatar.com\/avatar\/066b5a0d447013502c71a5782f4f3469f03cfe595cc2329fb94652fe47511bfb?s=96&d=mm&r=g","contentUrl":"https:\/\/secure.gravatar.com\/avatar\/066b5a0d447013502c71a5782f4f3469f03cfe595cc2329fb94652fe47511bfb?s=96&d=mm&r=g","caption":"anja.hall"},"url":"https:\/\/www.immobilienbusiness.ch\/de\/author\/anja-hall\/"}]}},"_links":{"self":[{"href":"https:\/\/www.immobilienbusiness.ch\/de\/wp-json\/wp\/v2\/posts\/23463","targetHints":{"allow":["GET"]}}],"collection":[{"href":"https:\/\/www.immobilienbusiness.ch\/de\/wp-json\/wp\/v2\/posts"}],"about":[{"href":"https:\/\/www.immobilienbusiness.ch\/de\/wp-json\/wp\/v2\/types\/post"}],"author":[{"embeddable":true,"href":"https:\/\/www.immobilienbusiness.ch\/de\/wp-json\/wp\/v2\/users\/3"}],"replies":[{"embeddable":true,"href":"https:\/\/www.immobilienbusiness.ch\/de\/wp-json\/wp\/v2\/comments?post=23463"}],"version-history":[{"count":0,"href":"https:\/\/www.immobilienbusiness.ch\/de\/wp-json\/wp\/v2\/posts\/23463\/revisions"}],"wp:featuredmedia":[{"embeddable":true,"href":"https:\/\/www.immobilienbusiness.ch\/de\/wp-json\/wp\/v2\/media\/12759"}],"wp:attachment":[{"href":"https:\/\/www.immobilienbusiness.ch\/de\/wp-json\/wp\/v2\/media?parent=23463"}],"wp:term":[{"taxonomy":"category","embeddable":true,"href":"https:\/\/www.immobilienbusiness.ch\/de\/wp-json\/wp\/v2\/categories?post=23463"},{"taxonomy":"post_tag","embeddable":true,"href":"https:\/\/www.immobilienbusiness.ch\/de\/wp-json\/wp\/v2\/tags?post=23463"}],"curies":[{"name":"wp","href":"https:\/\/api.w.org\/{rel}","templated":true}]}}