{"id":23299,"date":"2021-01-21T08:06:59","date_gmt":"2021-01-21T07:06:59","guid":{"rendered":"https:\/\/www.immobilienbusiness.ch\/?p=23299"},"modified":"2022-03-09T08:35:01","modified_gmt":"2022-03-09T07:35:01","slug":"plazza-kauft-in-zuerich-zu","status":"publish","type":"post","link":"https:\/\/www.immobilienbusiness.ch\/de\/regionen\/2021-01-21\/plazza-kauft-in-zuerich-zu\/","title":{"rendered":"Plazza AG: Zukauf in Z\u00fcrich"},"content":{"rendered":"<figure id=\"attachment_23300\" aria-describedby=\"caption-attachment-23300\" style=\"width: 2126px\" class=\"wp-caption alignnone\"><a href=\"https:\/\/www.immobilienbusiness.ch\/wp-content\/uploads\/2021\/01\/PLAZZA_Im-Tiergarten_Zuerich_Zukauf.jpg\"><img loading=\"lazy\" decoding=\"async\" class=\"size-full wp-image-23300\" src=\"https:\/\/www.immobilienbusiness.ch\/wp-content\/uploads\/2021\/01\/PLAZZA_Im-Tiergarten_Zuerich_Zukauf.jpg\" alt=\"\" width=\"2126\" height=\"1417\" srcset=\"https:\/\/www.immobilienbusiness.ch\/wp-content\/uploads\/2021\/01\/PLAZZA_Im-Tiergarten_Zuerich_Zukauf.jpg 2126w, https:\/\/www.immobilienbusiness.ch\/wp-content\/uploads\/2021\/01\/PLAZZA_Im-Tiergarten_Zuerich_Zukauf-300x200.jpg 300w, https:\/\/www.immobilienbusiness.ch\/wp-content\/uploads\/2021\/01\/PLAZZA_Im-Tiergarten_Zuerich_Zukauf-1024x683.jpg 1024w, https:\/\/www.immobilienbusiness.ch\/wp-content\/uploads\/2021\/01\/PLAZZA_Im-Tiergarten_Zuerich_Zukauf-768x512.jpg 768w, https:\/\/www.immobilienbusiness.ch\/wp-content\/uploads\/2021\/01\/PLAZZA_Im-Tiergarten_Zuerich_Zukauf-1536x1024.jpg 1536w, https:\/\/www.immobilienbusiness.ch\/wp-content\/uploads\/2021\/01\/PLAZZA_Im-Tiergarten_Zuerich_Zukauf-2048x1365.jpg 2048w, https:\/\/www.immobilienbusiness.ch\/wp-content\/uploads\/2021\/01\/PLAZZA_Im-Tiergarten_Zuerich_Zukauf-16x12.jpg 16w, https:\/\/www.immobilienbusiness.ch\/wp-content\/uploads\/2021\/01\/PLAZZA_Im-Tiergarten_Zuerich_Zukauf-263x175.jpg 263w, https:\/\/www.immobilienbusiness.ch\/wp-content\/uploads\/2021\/01\/PLAZZA_Im-Tiergarten_Zuerich_Zukauf-525x350.jpg 525w, https:\/\/www.immobilienbusiness.ch\/wp-content\/uploads\/2021\/01\/PLAZZA_Im-Tiergarten_Zuerich_Zukauf-1200x800.jpg 1200w, https:\/\/www.immobilienbusiness.ch\/wp-content\/uploads\/2021\/01\/PLAZZA_Im-Tiergarten_Zuerich_Zukauf-920x613.jpg 920w, https:\/\/www.immobilienbusiness.ch\/wp-content\/uploads\/2021\/01\/PLAZZA_Im-Tiergarten_Zuerich_Zukauf-1400x933.jpg 1400w\" sizes=\"auto, (max-width: 2126px) 100vw, 2126px\" \/><\/a><figcaption id=\"caption-attachment-23300\" class=\"wp-caption-text\">Die Plazza AG erwirbt zwei Wohnliegenschaften in der \u00dcberbauung Tiergarten in Z\u00fcrich (Bild: Plazza AG)<\/figcaption><\/figure>\n<p>Die Plazza AG h\u00e4lt bereits vier Wohnliegenschaften der \u00dcberbauung Im Tiergarten in Z\u00fcrich im Eigentum, f\u00fcr weitere Liegenschaften auf dem Areal ist die Immobiliengesellschaft bislang Baurechtsgeber, u.a. an die Pensionskassen der Conzzeta. Letztere verkaufen ihre Immobilien auf dem Grundst\u00fcck, und Plazza hat ihr Vorkaufsrecht ausge\u00fcbt. Der Preis f\u00fcr die beiden Wohnimmobilien liegt laut Mitteilung der Immobilien-AG bei 61,1 Millionen CHF. Die Objekte umfassen insgesamt 80 Mietwohnungen und generieren derzeit einen j\u00e4hrlichen Sollmietertrag von 2,1 Millionen.<\/p>\n<p>Die Siedlung Im Tiergarten im Quartier Friesenberg wurde auf einem ehemaligen Grundst\u00fcck der Z\u00fcrcher Ziegeleien errichtet. Es war das erste Industriegrundst\u00fcck, das in der Stadt Z\u00fcrich f\u00fcr Wohnzwecke umgezont wurde. Der Standort am Fuss des Uetlibergs ist zentrums- und gleichzeitig naturnah; die Siedlung gilt damit als begehrte st\u00e4dtische Wohnlage. <em>(ah)<\/em><\/p>\n","protected":false},"excerpt":{"rendered":"<p>Plazza erwirbt von den Vorsorgeeinrichtungen der Conzzeta zwei Wohnimmobilien der \u00dcberbauung Im Tiergarten in Z\u00fcrich.<\/p>\n","protected":false},"author":3,"featured_media":23300,"comment_status":"closed","ping_status":"closed","sticky":false,"template":"","format":"standard","meta":{"_acf_changed":false,"_yoast_wpseo_focuskw":"Tiergarten","_yoast_wpseo_title":"","_yoast_wpseo_metadesc":"Plazza erwirbt von den Vorsorgeeinrichtungen der Conzzeta zwei Wohnimmobilien in der \u00dcberbauung Im Tiergarten im Z\u00fcrcher Quartier Friesenberg.","_yoast_wpseo_linkdex":56,"pgc_sgb_lightbox_settings":"","footnotes":""},"categories":[985],"tags":[1348,1576,1863,1888],"class_list":["post-23299","post","type-post","status-publish","format-standard","has-post-thumbnail","hentry","category-regionen","tag-immobilienkauf","tag-plazza","tag-wohnimmobilien","tag-zuerich"],"acf":[],"yoast_head":"<!-- This site is optimized with the Yoast SEO plugin v27.4 - https:\/\/yoast.com\/product\/yoast-seo-wordpress\/ -->\n<title>Plazza AG: Zukauf in Z\u00fcrich - IMMOBILIEN Business<\/title>\n<meta name=\"description\" content=\"Plazza erwirbt von den Vorsorgeeinrichtungen der Conzzeta zwei Wohnimmobilien in der \u00dcberbauung Im Tiergarten im Z\u00fcrcher Quartier Friesenberg.\" \/>\n<meta name=\"robots\" content=\"index, follow, max-snippet:-1, max-image-preview:large, max-video-preview:-1\" \/>\n<link rel=\"canonical\" href=\"https:\/\/www.immobilienbusiness.ch\/de\/regionen\/2021-01-21\/plazza-kauft-in-zuerich-zu\/\" \/>\n<meta property=\"og:locale\" content=\"de_DE\" \/>\n<meta property=\"og:type\" content=\"article\" \/>\n<meta property=\"og:title\" content=\"Plazza AG: Zukauf in Z\u00fcrich - IMMOBILIEN Business\" \/>\n<meta property=\"og:description\" content=\"Plazza erwirbt von den Vorsorgeeinrichtungen der Conzzeta zwei Wohnimmobilien in der \u00dcberbauung Im Tiergarten im Z\u00fcrcher Quartier Friesenberg.\" \/>\n<meta property=\"og:url\" content=\"https:\/\/www.immobilienbusiness.ch\/de\/regionen\/2021-01-21\/plazza-kauft-in-zuerich-zu\/\" \/>\n<meta property=\"og:site_name\" content=\"IMMOBILIEN Business\" \/>\n<meta property=\"article:publisher\" content=\"https:\/\/www.facebook.com\/immobilienbusiness\/\" \/>\n<meta property=\"article:published_time\" content=\"2021-01-21T07:06:59+00:00\" \/>\n<meta property=\"article:modified_time\" content=\"2022-03-09T07:35:01+00:00\" \/>\n<meta property=\"og:image\" content=\"https:\/\/www.immobilienbusiness.ch\/wp-content\/uploads\/2021\/01\/PLAZZA_Im-Tiergarten_Zuerich_Zukauf.jpg\" \/>\n\t<meta property=\"og:image:width\" content=\"2126\" \/>\n\t<meta property=\"og:image:height\" content=\"1417\" \/>\n\t<meta property=\"og:image:type\" content=\"image\/jpeg\" \/>\n<meta name=\"author\" content=\"anja.hall\" \/>\n<meta name=\"twitter:card\" content=\"summary_large_image\" \/>\n<meta name=\"twitter:image\" content=\"https:\/\/www.immobilienbusiness.ch\/wp-content\/uploads\/2021\/01\/PLAZZA_Im-Tiergarten_Zuerich_Zukauf.jpg\" \/>\n<script type=\"application\/ld+json\" class=\"yoast-schema-graph\">{\"@context\":\"https:\\\/\\\/schema.org\",\"@graph\":[{\"@type\":\"Article\",\"@id\":\"https:\\\/\\\/www.immobilienbusiness.ch\\\/en\\\/regionen\\\/2021-01-21\\\/plazza-kauft-in-zuerich-zu\\\/#article\",\"isPartOf\":{\"@id\":\"https:\\\/\\\/www.immobilienbusiness.ch\\\/en\\\/regionen\\\/2021-01-21\\\/plazza-kauft-in-zuerich-zu\\\/\"},\"author\":{\"name\":\"anja.hall\",\"@id\":\"https:\\\/\\\/www.immobilienbusiness.ch\\\/#\\\/schema\\\/person\\\/3fc036297b10b9f42d6db5ee932af8c8\"},\"headline\":\"Plazza AG: Zukauf in Z\u00fcrich\",\"datePublished\":\"2021-01-21T07:06:59+00:00\",\"dateModified\":\"2022-03-09T07:35:01+00:00\",\"mainEntityOfPage\":{\"@id\":\"https:\\\/\\\/www.immobilienbusiness.ch\\\/en\\\/regionen\\\/2021-01-21\\\/plazza-kauft-in-zuerich-zu\\\/\"},\"wordCount\":165,\"publisher\":{\"@id\":\"https:\\\/\\\/www.immobilienbusiness.ch\\\/#organization\"},\"image\":{\"@id\":\"https:\\\/\\\/www.immobilienbusiness.ch\\\/en\\\/regionen\\\/2021-01-21\\\/plazza-kauft-in-zuerich-zu\\\/#primaryimage\"},\"thumbnailUrl\":\"https:\\\/\\\/www.immobilienbusiness.ch\\\/wp-content\\\/uploads\\\/2021\\\/01\\\/PLAZZA_Im-Tiergarten_Zuerich_Zukauf.jpg\",\"keywords\":[\"Immobilienkauf\",\"Plazza\",\"Wohnimmobilien\",\"Z\u00fcrich\"],\"articleSection\":[\"REGIONEN\"],\"inLanguage\":\"de\"},{\"@type\":\"WebPage\",\"@id\":\"https:\\\/\\\/www.immobilienbusiness.ch\\\/en\\\/regionen\\\/2021-01-21\\\/plazza-kauft-in-zuerich-zu\\\/\",\"url\":\"https:\\\/\\\/www.immobilienbusiness.ch\\\/en\\\/regionen\\\/2021-01-21\\\/plazza-kauft-in-zuerich-zu\\\/\",\"name\":\"Plazza AG: Zukauf in Z\u00fcrich - IMMOBILIEN Business\",\"isPartOf\":{\"@id\":\"https:\\\/\\\/www.immobilienbusiness.ch\\\/#website\"},\"primaryImageOfPage\":{\"@id\":\"https:\\\/\\\/www.immobilienbusiness.ch\\\/en\\\/regionen\\\/2021-01-21\\\/plazza-kauft-in-zuerich-zu\\\/#primaryimage\"},\"image\":{\"@id\":\"https:\\\/\\\/www.immobilienbusiness.ch\\\/en\\\/regionen\\\/2021-01-21\\\/plazza-kauft-in-zuerich-zu\\\/#primaryimage\"},\"thumbnailUrl\":\"https:\\\/\\\/www.immobilienbusiness.ch\\\/wp-content\\\/uploads\\\/2021\\\/01\\\/PLAZZA_Im-Tiergarten_Zuerich_Zukauf.jpg\",\"datePublished\":\"2021-01-21T07:06:59+00:00\",\"dateModified\":\"2022-03-09T07:35:01+00:00\",\"description\":\"Plazza erwirbt von den Vorsorgeeinrichtungen der Conzzeta zwei Wohnimmobilien in der \u00dcberbauung Im Tiergarten im Z\u00fcrcher Quartier Friesenberg.\",\"breadcrumb\":{\"@id\":\"https:\\\/\\\/www.immobilienbusiness.ch\\\/en\\\/regionen\\\/2021-01-21\\\/plazza-kauft-in-zuerich-zu\\\/#breadcrumb\"},\"inLanguage\":\"de\",\"potentialAction\":[{\"@type\":\"ReadAction\",\"target\":[\"https:\\\/\\\/www.immobilienbusiness.ch\\\/en\\\/regionen\\\/2021-01-21\\\/plazza-kauft-in-zuerich-zu\\\/\"]}]},{\"@type\":\"ImageObject\",\"inLanguage\":\"de\",\"@id\":\"https:\\\/\\\/www.immobilienbusiness.ch\\\/en\\\/regionen\\\/2021-01-21\\\/plazza-kauft-in-zuerich-zu\\\/#primaryimage\",\"url\":\"https:\\\/\\\/www.immobilienbusiness.ch\\\/wp-content\\\/uploads\\\/2021\\\/01\\\/PLAZZA_Im-Tiergarten_Zuerich_Zukauf.jpg\",\"contentUrl\":\"https:\\\/\\\/www.immobilienbusiness.ch\\\/wp-content\\\/uploads\\\/2021\\\/01\\\/PLAZZA_Im-Tiergarten_Zuerich_Zukauf.jpg\",\"width\":2126,\"height\":1417,\"caption\":\"Die Plazza AG erwirbt zwei Wohnliegenschaften in der \u00dcberbauung Tiergarten in Z\u00fcrich (Bild: Plazza AG)\"},{\"@type\":\"BreadcrumbList\",\"@id\":\"https:\\\/\\\/www.immobilienbusiness.ch\\\/en\\\/regionen\\\/2021-01-21\\\/plazza-kauft-in-zuerich-zu\\\/#breadcrumb\",\"itemListElement\":[{\"@type\":\"ListItem\",\"position\":1,\"name\":\"Home\",\"item\":\"https:\\\/\\\/www.immobilienbusiness.ch\\\/\"},{\"@type\":\"ListItem\",\"position\":2,\"name\":\"Plazza AG: Zukauf in Z\u00fcrich\"}]},{\"@type\":\"WebSite\",\"@id\":\"https:\\\/\\\/www.immobilienbusiness.ch\\\/#website\",\"url\":\"https:\\\/\\\/www.immobilienbusiness.ch\\\/\",\"name\":\"IMMOBILIEN Business\",\"description\":\"Unabh\u00e4ngiges Schweizer Wirtschaftsmagazin mit Fokus auf Immobilien, Architektur- und Bau sowie Investment- und Finanzierung.\",\"publisher\":{\"@id\":\"https:\\\/\\\/www.immobilienbusiness.ch\\\/#organization\"},\"potentialAction\":[{\"@type\":\"SearchAction\",\"target\":{\"@type\":\"EntryPoint\",\"urlTemplate\":\"https:\\\/\\\/www.immobilienbusiness.ch\\\/?s={search_term_string}\"},\"query-input\":{\"@type\":\"PropertyValueSpecification\",\"valueRequired\":true,\"valueName\":\"search_term_string\"}}],\"inLanguage\":\"de\"},{\"@type\":\"Organization\",\"@id\":\"https:\\\/\\\/www.immobilienbusiness.ch\\\/#organization\",\"name\":\"IMMOBILIEN Business\",\"url\":\"https:\\\/\\\/www.immobilienbusiness.ch\\\/\",\"logo\":{\"@type\":\"ImageObject\",\"inLanguage\":\"de\",\"@id\":\"https:\\\/\\\/www.immobilienbusiness.ch\\\/#\\\/schema\\\/logo\\\/image\\\/\",\"url\":\"https:\\\/\\\/www.immobilienbusiness.ch\\\/wp-content\\\/uploads\\\/2021\\\/07\\\/logo_ib.png\",\"contentUrl\":\"https:\\\/\\\/www.immobilienbusiness.ch\\\/wp-content\\\/uploads\\\/2021\\\/07\\\/logo_ib.png\",\"width\":800,\"height\":181,\"caption\":\"IMMOBILIEN Business\"},\"image\":{\"@id\":\"https:\\\/\\\/www.immobilienbusiness.ch\\\/#\\\/schema\\\/logo\\\/image\\\/\"},\"sameAs\":[\"https:\\\/\\\/www.facebook.com\\\/immobilienbusiness\\\/\"]},{\"@type\":\"Person\",\"@id\":\"https:\\\/\\\/www.immobilienbusiness.ch\\\/#\\\/schema\\\/person\\\/3fc036297b10b9f42d6db5ee932af8c8\",\"name\":\"anja.hall\",\"image\":{\"@type\":\"ImageObject\",\"inLanguage\":\"de\",\"@id\":\"https:\\\/\\\/secure.gravatar.com\\\/avatar\\\/066b5a0d447013502c71a5782f4f3469f03cfe595cc2329fb94652fe47511bfb?s=96&d=mm&r=g\",\"url\":\"https:\\\/\\\/secure.gravatar.com\\\/avatar\\\/066b5a0d447013502c71a5782f4f3469f03cfe595cc2329fb94652fe47511bfb?s=96&d=mm&r=g\",\"contentUrl\":\"https:\\\/\\\/secure.gravatar.com\\\/avatar\\\/066b5a0d447013502c71a5782f4f3469f03cfe595cc2329fb94652fe47511bfb?s=96&d=mm&r=g\",\"caption\":\"anja.hall\"},\"url\":\"https:\\\/\\\/www.immobilienbusiness.ch\\\/de\\\/author\\\/anja-hall\\\/\"}]}<\/script>\n<!-- \/ Yoast SEO plugin. -->","yoast_head_json":{"title":"Plazza AG: Zukauf in Z\u00fcrich - IMMOBILIEN Business","description":"Plazza erwirbt von den Vorsorgeeinrichtungen der Conzzeta zwei Wohnimmobilien in der \u00dcberbauung Im Tiergarten im Z\u00fcrcher Quartier Friesenberg.","robots":{"index":"index","follow":"follow","max-snippet":"max-snippet:-1","max-image-preview":"max-image-preview:large","max-video-preview":"max-video-preview:-1"},"canonical":"https:\/\/www.immobilienbusiness.ch\/de\/regionen\/2021-01-21\/plazza-kauft-in-zuerich-zu\/","og_locale":"de_DE","og_type":"article","og_title":"Plazza AG: Zukauf in Z\u00fcrich - IMMOBILIEN Business","og_description":"Plazza erwirbt von den Vorsorgeeinrichtungen der Conzzeta zwei Wohnimmobilien in der \u00dcberbauung Im Tiergarten im Z\u00fcrcher Quartier Friesenberg.","og_url":"https:\/\/www.immobilienbusiness.ch\/de\/regionen\/2021-01-21\/plazza-kauft-in-zuerich-zu\/","og_site_name":"IMMOBILIEN Business","article_publisher":"https:\/\/www.facebook.com\/immobilienbusiness\/","article_published_time":"2021-01-21T07:06:59+00:00","article_modified_time":"2022-03-09T07:35:01+00:00","og_image":[{"width":2126,"height":1417,"url":"https:\/\/www.immobilienbusiness.ch\/wp-content\/uploads\/2021\/01\/PLAZZA_Im-Tiergarten_Zuerich_Zukauf.jpg","type":"image\/jpeg"}],"author":"anja.hall","twitter_card":"summary_large_image","twitter_image":"https:\/\/www.immobilienbusiness.ch\/wp-content\/uploads\/2021\/01\/PLAZZA_Im-Tiergarten_Zuerich_Zukauf.jpg","schema":{"@context":"https:\/\/schema.org","@graph":[{"@type":"Article","@id":"https:\/\/www.immobilienbusiness.ch\/en\/regionen\/2021-01-21\/plazza-kauft-in-zuerich-zu\/#article","isPartOf":{"@id":"https:\/\/www.immobilienbusiness.ch\/en\/regionen\/2021-01-21\/plazza-kauft-in-zuerich-zu\/"},"author":{"name":"anja.hall","@id":"https:\/\/www.immobilienbusiness.ch\/#\/schema\/person\/3fc036297b10b9f42d6db5ee932af8c8"},"headline":"Plazza AG: Zukauf in Z\u00fcrich","datePublished":"2021-01-21T07:06:59+00:00","dateModified":"2022-03-09T07:35:01+00:00","mainEntityOfPage":{"@id":"https:\/\/www.immobilienbusiness.ch\/en\/regionen\/2021-01-21\/plazza-kauft-in-zuerich-zu\/"},"wordCount":165,"publisher":{"@id":"https:\/\/www.immobilienbusiness.ch\/#organization"},"image":{"@id":"https:\/\/www.immobilienbusiness.ch\/en\/regionen\/2021-01-21\/plazza-kauft-in-zuerich-zu\/#primaryimage"},"thumbnailUrl":"https:\/\/www.immobilienbusiness.ch\/wp-content\/uploads\/2021\/01\/PLAZZA_Im-Tiergarten_Zuerich_Zukauf.jpg","keywords":["Immobilienkauf","Plazza","Wohnimmobilien","Z\u00fcrich"],"articleSection":["REGIONEN"],"inLanguage":"de"},{"@type":"WebPage","@id":"https:\/\/www.immobilienbusiness.ch\/en\/regionen\/2021-01-21\/plazza-kauft-in-zuerich-zu\/","url":"https:\/\/www.immobilienbusiness.ch\/en\/regionen\/2021-01-21\/plazza-kauft-in-zuerich-zu\/","name":"Plazza AG: Zukauf in Z\u00fcrich - IMMOBILIEN Business","isPartOf":{"@id":"https:\/\/www.immobilienbusiness.ch\/#website"},"primaryImageOfPage":{"@id":"https:\/\/www.immobilienbusiness.ch\/en\/regionen\/2021-01-21\/plazza-kauft-in-zuerich-zu\/#primaryimage"},"image":{"@id":"https:\/\/www.immobilienbusiness.ch\/en\/regionen\/2021-01-21\/plazza-kauft-in-zuerich-zu\/#primaryimage"},"thumbnailUrl":"https:\/\/www.immobilienbusiness.ch\/wp-content\/uploads\/2021\/01\/PLAZZA_Im-Tiergarten_Zuerich_Zukauf.jpg","datePublished":"2021-01-21T07:06:59+00:00","dateModified":"2022-03-09T07:35:01+00:00","description":"Plazza erwirbt von den Vorsorgeeinrichtungen der Conzzeta zwei Wohnimmobilien in der \u00dcberbauung Im Tiergarten im Z\u00fcrcher Quartier Friesenberg.","breadcrumb":{"@id":"https:\/\/www.immobilienbusiness.ch\/en\/regionen\/2021-01-21\/plazza-kauft-in-zuerich-zu\/#breadcrumb"},"inLanguage":"de","potentialAction":[{"@type":"ReadAction","target":["https:\/\/www.immobilienbusiness.ch\/en\/regionen\/2021-01-21\/plazza-kauft-in-zuerich-zu\/"]}]},{"@type":"ImageObject","inLanguage":"de","@id":"https:\/\/www.immobilienbusiness.ch\/en\/regionen\/2021-01-21\/plazza-kauft-in-zuerich-zu\/#primaryimage","url":"https:\/\/www.immobilienbusiness.ch\/wp-content\/uploads\/2021\/01\/PLAZZA_Im-Tiergarten_Zuerich_Zukauf.jpg","contentUrl":"https:\/\/www.immobilienbusiness.ch\/wp-content\/uploads\/2021\/01\/PLAZZA_Im-Tiergarten_Zuerich_Zukauf.jpg","width":2126,"height":1417,"caption":"Die Plazza AG erwirbt zwei Wohnliegenschaften in der \u00dcberbauung Tiergarten in Z\u00fcrich (Bild: Plazza AG)"},{"@type":"BreadcrumbList","@id":"https:\/\/www.immobilienbusiness.ch\/en\/regionen\/2021-01-21\/plazza-kauft-in-zuerich-zu\/#breadcrumb","itemListElement":[{"@type":"ListItem","position":1,"name":"Home","item":"https:\/\/www.immobilienbusiness.ch\/"},{"@type":"ListItem","position":2,"name":"Plazza AG: Zukauf in Z\u00fcrich"}]},{"@type":"WebSite","@id":"https:\/\/www.immobilienbusiness.ch\/#website","url":"https:\/\/www.immobilienbusiness.ch\/","name":"IMMOBILIEN Business","description":"Unabh\u00e4ngiges Schweizer Wirtschaftsmagazin mit Fokus auf Immobilien, Architektur- und Bau sowie Investment- und Finanzierung.","publisher":{"@id":"https:\/\/www.immobilienbusiness.ch\/#organization"},"potentialAction":[{"@type":"SearchAction","target":{"@type":"EntryPoint","urlTemplate":"https:\/\/www.immobilienbusiness.ch\/?s={search_term_string}"},"query-input":{"@type":"PropertyValueSpecification","valueRequired":true,"valueName":"search_term_string"}}],"inLanguage":"de"},{"@type":"Organization","@id":"https:\/\/www.immobilienbusiness.ch\/#organization","name":"IMMOBILIEN Business","url":"https:\/\/www.immobilienbusiness.ch\/","logo":{"@type":"ImageObject","inLanguage":"de","@id":"https:\/\/www.immobilienbusiness.ch\/#\/schema\/logo\/image\/","url":"https:\/\/www.immobilienbusiness.ch\/wp-content\/uploads\/2021\/07\/logo_ib.png","contentUrl":"https:\/\/www.immobilienbusiness.ch\/wp-content\/uploads\/2021\/07\/logo_ib.png","width":800,"height":181,"caption":"IMMOBILIEN Business"},"image":{"@id":"https:\/\/www.immobilienbusiness.ch\/#\/schema\/logo\/image\/"},"sameAs":["https:\/\/www.facebook.com\/immobilienbusiness\/"]},{"@type":"Person","@id":"https:\/\/www.immobilienbusiness.ch\/#\/schema\/person\/3fc036297b10b9f42d6db5ee932af8c8","name":"anja.hall","image":{"@type":"ImageObject","inLanguage":"de","@id":"https:\/\/secure.gravatar.com\/avatar\/066b5a0d447013502c71a5782f4f3469f03cfe595cc2329fb94652fe47511bfb?s=96&d=mm&r=g","url":"https:\/\/secure.gravatar.com\/avatar\/066b5a0d447013502c71a5782f4f3469f03cfe595cc2329fb94652fe47511bfb?s=96&d=mm&r=g","contentUrl":"https:\/\/secure.gravatar.com\/avatar\/066b5a0d447013502c71a5782f4f3469f03cfe595cc2329fb94652fe47511bfb?s=96&d=mm&r=g","caption":"anja.hall"},"url":"https:\/\/www.immobilienbusiness.ch\/de\/author\/anja-hall\/"}]}},"_links":{"self":[{"href":"https:\/\/www.immobilienbusiness.ch\/de\/wp-json\/wp\/v2\/posts\/23299","targetHints":{"allow":["GET"]}}],"collection":[{"href":"https:\/\/www.immobilienbusiness.ch\/de\/wp-json\/wp\/v2\/posts"}],"about":[{"href":"https:\/\/www.immobilienbusiness.ch\/de\/wp-json\/wp\/v2\/types\/post"}],"author":[{"embeddable":true,"href":"https:\/\/www.immobilienbusiness.ch\/de\/wp-json\/wp\/v2\/users\/3"}],"replies":[{"embeddable":true,"href":"https:\/\/www.immobilienbusiness.ch\/de\/wp-json\/wp\/v2\/comments?post=23299"}],"version-history":[{"count":2,"href":"https:\/\/www.immobilienbusiness.ch\/de\/wp-json\/wp\/v2\/posts\/23299\/revisions"}],"predecessor-version":[{"id":40268,"href":"https:\/\/www.immobilienbusiness.ch\/de\/wp-json\/wp\/v2\/posts\/23299\/revisions\/40268"}],"wp:featuredmedia":[{"embeddable":true,"href":"https:\/\/www.immobilienbusiness.ch\/de\/wp-json\/wp\/v2\/media\/23300"}],"wp:attachment":[{"href":"https:\/\/www.immobilienbusiness.ch\/de\/wp-json\/wp\/v2\/media?parent=23299"}],"wp:term":[{"taxonomy":"category","embeddable":true,"href":"https:\/\/www.immobilienbusiness.ch\/de\/wp-json\/wp\/v2\/categories?post=23299"},{"taxonomy":"post_tag","embeddable":true,"href":"https:\/\/www.immobilienbusiness.ch\/de\/wp-json\/wp\/v2\/tags?post=23299"}],"curies":[{"name":"wp","href":"https:\/\/api.w.org\/{rel}","templated":true}]}}