{"id":23198,"date":"2021-01-07T09:00:41","date_gmt":"2021-01-07T08:00:41","guid":{"rendered":"https:\/\/www.immobilienbusiness.ch\/?p=23198"},"modified":"2021-01-07T09:00:41","modified_gmt":"2021-01-07T08:00:41","slug":"adrian-thomann-ist-neuer-ceo-der-bereuter-gruppe","status":"publish","type":"post","link":"https:\/\/www.immobilienbusiness.ch\/de\/unternehmen\/2021-01-07\/adrian-thomann-ist-neuer-ceo-der-bereuter-gruppe\/","title":{"rendered":"Adrian Thomann ist neuer CEO der Bereuter-Gruppe"},"content":{"rendered":"<figure id=\"attachment_23199\" aria-describedby=\"caption-attachment-23199\" style=\"width: 680px\" class=\"wp-caption alignnone\"><img loading=\"lazy\" decoding=\"async\" class=\"size-medium wp-image-23199\" src=\"https:\/\/www.immobilienbusiness.ch\/wp-content\/uploads\/2021\/01\/BEREUTER-GRUPPE-Adrian-Thomann.jpg\" alt=\"\" width=\"680\" height=\"453\" srcset=\"https:\/\/www.immobilienbusiness.ch\/wp-content\/uploads\/2021\/01\/BEREUTER-GRUPPE-Adrian-Thomann.jpg 2560w, https:\/\/www.immobilienbusiness.ch\/wp-content\/uploads\/2021\/01\/BEREUTER-GRUPPE-Adrian-Thomann-300x200.jpg 300w, https:\/\/www.immobilienbusiness.ch\/wp-content\/uploads\/2021\/01\/BEREUTER-GRUPPE-Adrian-Thomann-1024x683.jpg 1024w, https:\/\/www.immobilienbusiness.ch\/wp-content\/uploads\/2021\/01\/BEREUTER-GRUPPE-Adrian-Thomann-768x512.jpg 768w, https:\/\/www.immobilienbusiness.ch\/wp-content\/uploads\/2021\/01\/BEREUTER-GRUPPE-Adrian-Thomann-1536x1024.jpg 1536w, https:\/\/www.immobilienbusiness.ch\/wp-content\/uploads\/2021\/01\/BEREUTER-GRUPPE-Adrian-Thomann-2048x1366.jpg 2048w, https:\/\/www.immobilienbusiness.ch\/wp-content\/uploads\/2021\/01\/BEREUTER-GRUPPE-Adrian-Thomann-16x12.jpg 16w, https:\/\/www.immobilienbusiness.ch\/wp-content\/uploads\/2021\/01\/BEREUTER-GRUPPE-Adrian-Thomann-262x175.jpg 262w, https:\/\/www.immobilienbusiness.ch\/wp-content\/uploads\/2021\/01\/BEREUTER-GRUPPE-Adrian-Thomann-525x350.jpg 525w, https:\/\/www.immobilienbusiness.ch\/wp-content\/uploads\/2021\/01\/BEREUTER-GRUPPE-Adrian-Thomann-1200x800.jpg 1200w, https:\/\/www.immobilienbusiness.ch\/wp-content\/uploads\/2021\/01\/BEREUTER-GRUPPE-Adrian-Thomann-920x613.jpg 920w, https:\/\/www.immobilienbusiness.ch\/wp-content\/uploads\/2021\/01\/BEREUTER-GRUPPE-Adrian-Thomann-1400x934.jpg 1400w\" sizes=\"auto, (max-width: 680px) 100vw, 680px\" \/><figcaption id=\"caption-attachment-23199\" class=\"wp-caption-text\">Adrian Thomann (Bild: Bereuter-Gruppe)<\/figcaption><\/figure>\n<p>Adrian Thomann hat per 1. Januar 2021 nicht nur die Funktion des Chief Executive Officer (CEO) der Bereuter-Gruppe \u00fcbernommen, sondern auch die Gesch\u00e4ftsf\u00fchrung der Bereuter Holding AG. Er folgt in diesen Funktionen auf Alleinaktion\u00e4r Marco Bereuter, der die Gruppe seit 2001 als gesch\u00e4ftsf\u00fchrender Inhaber leitete.<\/p>\n<p>Thomann kam im M\u00e4rz 2015 als Gesch\u00e4ftsf\u00fchrer der Bereuter Baugrubentechnik AG zum Unternehmen, im August 2018 wurde er Mitglied des Verwaltungsrats. Zuvor war der 44-j\u00e4hrige Bauingenieur als Bauf\u00fchrer und als stellvertretender Leiter der Abteilung Bauleistungen einer im Kanton Z\u00fcrich ans\u00e4ssigen Tiefbauunternehmung t\u00e4tig.<\/p>\n<p>Marco Bereuter hatte im Jahr 2001 alle Aktien des Familienbetriebs von seinem Vater Heinrich Bereuter \u00fcbernommen. Die damalige Bereuter AG besch\u00e4ftigte 80 Mitarbeitende und machte 25 Millionen CHF Umsatz. In der Folgezeit hat Bereuter gemeinsam mit Hans-Peter Fritsche, von dem er nun das Pr\u00e4sidium des Verwaltungsrats \u00fcbernimmt, die Gesch\u00e4ftst\u00e4tigkeit sukzessive ausgebaut. Heute realisiert die Gruppe mit 220 Mitarbeitenden einen j\u00e4hrlichen Umsatz von rund 60 Millionen. Der 55-j\u00e4hrige Bereuter hat nebst dem CEO-Posten auch die Gesch\u00e4ftsf\u00fchrung der Bereuter Bau AG abgegeben. Weiterhin f\u00fchren wird er die nicht-operativen Bereiche der Gruppe sowie die Bereuter Totalunternehmung AG. Die Besitzverh\u00e4ltnisse bleiben unver\u00e4ndert.<\/p>\n","protected":false},"excerpt":{"rendered":"<p>Adrian Thomann hat zum Jahresbeginn die operative Leitung der Bereuter-Gruppe \u00fcbernommen. Marco Bereuter, der das Familienunternehmen in den letzten 20 Jahren leitete, wird Verwaltungsratspr\u00e4sident.<\/p>\n","protected":false},"author":3,"featured_media":23199,"comment_status":"closed","ping_status":"open","sticky":false,"template":"","format":"standard","meta":{"_acf_changed":false,"_yoast_wpseo_focuskw":"Bereuter-Gruppe","_yoast_wpseo_title":"","_yoast_wpseo_metadesc":"Adrian Thomann hat zum Jahresbeginn die operative Leitung der Bereuter-Gruppe \u00fcbernommen. Marco Bereuter wird Verwaltungsratspr\u00e4sident.","_yoast_wpseo_linkdex":51,"pgc_sgb_lightbox_settings":"","footnotes":""},"categories":[988],"tags":[1563,1807],"class_list":["post-23198","post","type-post","status-publish","format-standard","has-post-thumbnail","hentry","category-unternehmen","tag-personalia","tag-unternehmen"],"acf":[],"yoast_head":"<!-- This site is optimized with the Yoast SEO plugin v27.4 - https:\/\/yoast.com\/product\/yoast-seo-wordpress\/ -->\n<title>Adrian Thomann ist neuer CEO der Bereuter-Gruppe - IMMOBILIEN Business<\/title>\n<meta name=\"description\" content=\"Adrian Thomann hat zum Jahresbeginn die operative Leitung der Bereuter-Gruppe \u00fcbernommen. Marco Bereuter wird Verwaltungsratspr\u00e4sident.\" \/>\n<meta name=\"robots\" content=\"index, follow, max-snippet:-1, max-image-preview:large, max-video-preview:-1\" \/>\n<link rel=\"canonical\" href=\"https:\/\/www.immobilienbusiness.ch\/de\/unternehmen\/2021-01-07\/adrian-thomann-ist-neuer-ceo-der-bereuter-gruppe\/\" \/>\n<meta property=\"og:locale\" content=\"de_DE\" \/>\n<meta property=\"og:type\" content=\"article\" \/>\n<meta property=\"og:title\" content=\"Adrian Thomann ist neuer CEO der Bereuter-Gruppe - IMMOBILIEN Business\" \/>\n<meta property=\"og:description\" content=\"Adrian Thomann hat zum Jahresbeginn die operative Leitung der Bereuter-Gruppe \u00fcbernommen. Marco Bereuter wird Verwaltungsratspr\u00e4sident.\" \/>\n<meta property=\"og:url\" content=\"https:\/\/www.immobilienbusiness.ch\/de\/unternehmen\/2021-01-07\/adrian-thomann-ist-neuer-ceo-der-bereuter-gruppe\/\" \/>\n<meta property=\"og:site_name\" content=\"IMMOBILIEN Business\" \/>\n<meta property=\"article:publisher\" content=\"https:\/\/www.facebook.com\/immobilienbusiness\/\" \/>\n<meta property=\"article:published_time\" content=\"2021-01-07T08:00:41+00:00\" \/>\n<meta property=\"og:image\" content=\"https:\/\/www.immobilienbusiness.ch\/wp-content\/uploads\/2021\/01\/BEREUTER-GRUPPE-Adrian-Thomann.jpg\" \/>\n\t<meta property=\"og:image:width\" content=\"2560\" \/>\n\t<meta property=\"og:image:height\" content=\"1707\" \/>\n\t<meta property=\"og:image:type\" content=\"image\/jpeg\" \/>\n<meta name=\"author\" content=\"anja.hall\" \/>\n<meta name=\"twitter:card\" content=\"summary_large_image\" \/>\n<meta name=\"twitter:image\" content=\"https:\/\/www.immobilienbusiness.ch\/wp-content\/uploads\/2021\/01\/BEREUTER-GRUPPE-Adrian-Thomann.jpg\" \/>\n<script type=\"application\/ld+json\" class=\"yoast-schema-graph\">{\"@context\":\"https:\\\/\\\/schema.org\",\"@graph\":[{\"@type\":\"Article\",\"@id\":\"https:\\\/\\\/www.immobilienbusiness.ch\\\/de\\\/unternehmen\\\/2021-01-07\\\/adrian-thomann-ist-neuer-ceo-der-bereuter-gruppe\\\/#article\",\"isPartOf\":{\"@id\":\"https:\\\/\\\/www.immobilienbusiness.ch\\\/de\\\/unternehmen\\\/2021-01-07\\\/adrian-thomann-ist-neuer-ceo-der-bereuter-gruppe\\\/\"},\"author\":{\"name\":\"anja.hall\",\"@id\":\"https:\\\/\\\/www.immobilienbusiness.ch\\\/#\\\/schema\\\/person\\\/3fc036297b10b9f42d6db5ee932af8c8\"},\"headline\":\"Adrian Thomann ist neuer CEO der Bereuter-Gruppe\",\"datePublished\":\"2021-01-07T08:00:41+00:00\",\"mainEntityOfPage\":{\"@id\":\"https:\\\/\\\/www.immobilienbusiness.ch\\\/de\\\/unternehmen\\\/2021-01-07\\\/adrian-thomann-ist-neuer-ceo-der-bereuter-gruppe\\\/\"},\"wordCount\":217,\"publisher\":{\"@id\":\"https:\\\/\\\/www.immobilienbusiness.ch\\\/#organization\"},\"image\":{\"@id\":\"https:\\\/\\\/www.immobilienbusiness.ch\\\/de\\\/unternehmen\\\/2021-01-07\\\/adrian-thomann-ist-neuer-ceo-der-bereuter-gruppe\\\/#primaryimage\"},\"thumbnailUrl\":\"https:\\\/\\\/www.immobilienbusiness.ch\\\/wp-content\\\/uploads\\\/2021\\\/01\\\/BEREUTER-GRUPPE-Adrian-Thomann.jpg\",\"keywords\":[\"Personalia\",\"Unternehmen\"],\"articleSection\":[\"UNTERNEHMEN\"],\"inLanguage\":\"de\"},{\"@type\":\"WebPage\",\"@id\":\"https:\\\/\\\/www.immobilienbusiness.ch\\\/de\\\/unternehmen\\\/2021-01-07\\\/adrian-thomann-ist-neuer-ceo-der-bereuter-gruppe\\\/\",\"url\":\"https:\\\/\\\/www.immobilienbusiness.ch\\\/de\\\/unternehmen\\\/2021-01-07\\\/adrian-thomann-ist-neuer-ceo-der-bereuter-gruppe\\\/\",\"name\":\"Adrian Thomann ist neuer CEO der Bereuter-Gruppe - IMMOBILIEN Business\",\"isPartOf\":{\"@id\":\"https:\\\/\\\/www.immobilienbusiness.ch\\\/#website\"},\"primaryImageOfPage\":{\"@id\":\"https:\\\/\\\/www.immobilienbusiness.ch\\\/de\\\/unternehmen\\\/2021-01-07\\\/adrian-thomann-ist-neuer-ceo-der-bereuter-gruppe\\\/#primaryimage\"},\"image\":{\"@id\":\"https:\\\/\\\/www.immobilienbusiness.ch\\\/de\\\/unternehmen\\\/2021-01-07\\\/adrian-thomann-ist-neuer-ceo-der-bereuter-gruppe\\\/#primaryimage\"},\"thumbnailUrl\":\"https:\\\/\\\/www.immobilienbusiness.ch\\\/wp-content\\\/uploads\\\/2021\\\/01\\\/BEREUTER-GRUPPE-Adrian-Thomann.jpg\",\"datePublished\":\"2021-01-07T08:00:41+00:00\",\"description\":\"Adrian Thomann hat zum Jahresbeginn die operative Leitung der Bereuter-Gruppe \u00fcbernommen. Marco Bereuter wird Verwaltungsratspr\u00e4sident.\",\"breadcrumb\":{\"@id\":\"https:\\\/\\\/www.immobilienbusiness.ch\\\/de\\\/unternehmen\\\/2021-01-07\\\/adrian-thomann-ist-neuer-ceo-der-bereuter-gruppe\\\/#breadcrumb\"},\"inLanguage\":\"de\",\"potentialAction\":[{\"@type\":\"ReadAction\",\"target\":[\"https:\\\/\\\/www.immobilienbusiness.ch\\\/de\\\/unternehmen\\\/2021-01-07\\\/adrian-thomann-ist-neuer-ceo-der-bereuter-gruppe\\\/\"]}]},{\"@type\":\"ImageObject\",\"inLanguage\":\"de\",\"@id\":\"https:\\\/\\\/www.immobilienbusiness.ch\\\/de\\\/unternehmen\\\/2021-01-07\\\/adrian-thomann-ist-neuer-ceo-der-bereuter-gruppe\\\/#primaryimage\",\"url\":\"https:\\\/\\\/www.immobilienbusiness.ch\\\/wp-content\\\/uploads\\\/2021\\\/01\\\/BEREUTER-GRUPPE-Adrian-Thomann.jpg\",\"contentUrl\":\"https:\\\/\\\/www.immobilienbusiness.ch\\\/wp-content\\\/uploads\\\/2021\\\/01\\\/BEREUTER-GRUPPE-Adrian-Thomann.jpg\",\"width\":2560,\"height\":1707,\"caption\":\"Adrian Thomann (Bild: Bereuter-Gruppe)\"},{\"@type\":\"BreadcrumbList\",\"@id\":\"https:\\\/\\\/www.immobilienbusiness.ch\\\/de\\\/unternehmen\\\/2021-01-07\\\/adrian-thomann-ist-neuer-ceo-der-bereuter-gruppe\\\/#breadcrumb\",\"itemListElement\":[{\"@type\":\"ListItem\",\"position\":1,\"name\":\"Home\",\"item\":\"https:\\\/\\\/www.immobilienbusiness.ch\\\/\"},{\"@type\":\"ListItem\",\"position\":2,\"name\":\"Adrian Thomann ist neuer CEO der Bereuter-Gruppe\"}]},{\"@type\":\"WebSite\",\"@id\":\"https:\\\/\\\/www.immobilienbusiness.ch\\\/#website\",\"url\":\"https:\\\/\\\/www.immobilienbusiness.ch\\\/\",\"name\":\"IMMOBILIEN Business\",\"description\":\"Unabh\u00e4ngiges Schweizer Wirtschaftsmagazin mit Fokus auf Immobilien, Architektur- und Bau sowie Investment- und Finanzierung.\",\"publisher\":{\"@id\":\"https:\\\/\\\/www.immobilienbusiness.ch\\\/#organization\"},\"potentialAction\":[{\"@type\":\"SearchAction\",\"target\":{\"@type\":\"EntryPoint\",\"urlTemplate\":\"https:\\\/\\\/www.immobilienbusiness.ch\\\/?s={search_term_string}\"},\"query-input\":{\"@type\":\"PropertyValueSpecification\",\"valueRequired\":true,\"valueName\":\"search_term_string\"}}],\"inLanguage\":\"de\"},{\"@type\":\"Organization\",\"@id\":\"https:\\\/\\\/www.immobilienbusiness.ch\\\/#organization\",\"name\":\"IMMOBILIEN Business\",\"url\":\"https:\\\/\\\/www.immobilienbusiness.ch\\\/\",\"logo\":{\"@type\":\"ImageObject\",\"inLanguage\":\"de\",\"@id\":\"https:\\\/\\\/www.immobilienbusiness.ch\\\/#\\\/schema\\\/logo\\\/image\\\/\",\"url\":\"https:\\\/\\\/www.immobilienbusiness.ch\\\/wp-content\\\/uploads\\\/2021\\\/07\\\/logo_ib.png\",\"contentUrl\":\"https:\\\/\\\/www.immobilienbusiness.ch\\\/wp-content\\\/uploads\\\/2021\\\/07\\\/logo_ib.png\",\"width\":800,\"height\":181,\"caption\":\"IMMOBILIEN Business\"},\"image\":{\"@id\":\"https:\\\/\\\/www.immobilienbusiness.ch\\\/#\\\/schema\\\/logo\\\/image\\\/\"},\"sameAs\":[\"https:\\\/\\\/www.facebook.com\\\/immobilienbusiness\\\/\"]},{\"@type\":\"Person\",\"@id\":\"https:\\\/\\\/www.immobilienbusiness.ch\\\/#\\\/schema\\\/person\\\/3fc036297b10b9f42d6db5ee932af8c8\",\"name\":\"anja.hall\",\"image\":{\"@type\":\"ImageObject\",\"inLanguage\":\"de\",\"@id\":\"https:\\\/\\\/secure.gravatar.com\\\/avatar\\\/066b5a0d447013502c71a5782f4f3469f03cfe595cc2329fb94652fe47511bfb?s=96&d=mm&r=g\",\"url\":\"https:\\\/\\\/secure.gravatar.com\\\/avatar\\\/066b5a0d447013502c71a5782f4f3469f03cfe595cc2329fb94652fe47511bfb?s=96&d=mm&r=g\",\"contentUrl\":\"https:\\\/\\\/secure.gravatar.com\\\/avatar\\\/066b5a0d447013502c71a5782f4f3469f03cfe595cc2329fb94652fe47511bfb?s=96&d=mm&r=g\",\"caption\":\"anja.hall\"},\"url\":\"https:\\\/\\\/www.immobilienbusiness.ch\\\/de\\\/author\\\/anja-hall\\\/\"}]}<\/script>\n<!-- \/ Yoast SEO plugin. -->","yoast_head_json":{"title":"Adrian Thomann ist neuer CEO der Bereuter-Gruppe - IMMOBILIEN Business","description":"Adrian Thomann hat zum Jahresbeginn die operative Leitung der Bereuter-Gruppe \u00fcbernommen. Marco Bereuter wird Verwaltungsratspr\u00e4sident.","robots":{"index":"index","follow":"follow","max-snippet":"max-snippet:-1","max-image-preview":"max-image-preview:large","max-video-preview":"max-video-preview:-1"},"canonical":"https:\/\/www.immobilienbusiness.ch\/de\/unternehmen\/2021-01-07\/adrian-thomann-ist-neuer-ceo-der-bereuter-gruppe\/","og_locale":"de_DE","og_type":"article","og_title":"Adrian Thomann ist neuer CEO der Bereuter-Gruppe - IMMOBILIEN Business","og_description":"Adrian Thomann hat zum Jahresbeginn die operative Leitung der Bereuter-Gruppe \u00fcbernommen. Marco Bereuter wird Verwaltungsratspr\u00e4sident.","og_url":"https:\/\/www.immobilienbusiness.ch\/de\/unternehmen\/2021-01-07\/adrian-thomann-ist-neuer-ceo-der-bereuter-gruppe\/","og_site_name":"IMMOBILIEN Business","article_publisher":"https:\/\/www.facebook.com\/immobilienbusiness\/","article_published_time":"2021-01-07T08:00:41+00:00","og_image":[{"width":2560,"height":1707,"url":"https:\/\/www.immobilienbusiness.ch\/wp-content\/uploads\/2021\/01\/BEREUTER-GRUPPE-Adrian-Thomann.jpg","type":"image\/jpeg"}],"author":"anja.hall","twitter_card":"summary_large_image","twitter_image":"https:\/\/www.immobilienbusiness.ch\/wp-content\/uploads\/2021\/01\/BEREUTER-GRUPPE-Adrian-Thomann.jpg","schema":{"@context":"https:\/\/schema.org","@graph":[{"@type":"Article","@id":"https:\/\/www.immobilienbusiness.ch\/de\/unternehmen\/2021-01-07\/adrian-thomann-ist-neuer-ceo-der-bereuter-gruppe\/#article","isPartOf":{"@id":"https:\/\/www.immobilienbusiness.ch\/de\/unternehmen\/2021-01-07\/adrian-thomann-ist-neuer-ceo-der-bereuter-gruppe\/"},"author":{"name":"anja.hall","@id":"https:\/\/www.immobilienbusiness.ch\/#\/schema\/person\/3fc036297b10b9f42d6db5ee932af8c8"},"headline":"Adrian Thomann ist neuer CEO der Bereuter-Gruppe","datePublished":"2021-01-07T08:00:41+00:00","mainEntityOfPage":{"@id":"https:\/\/www.immobilienbusiness.ch\/de\/unternehmen\/2021-01-07\/adrian-thomann-ist-neuer-ceo-der-bereuter-gruppe\/"},"wordCount":217,"publisher":{"@id":"https:\/\/www.immobilienbusiness.ch\/#organization"},"image":{"@id":"https:\/\/www.immobilienbusiness.ch\/de\/unternehmen\/2021-01-07\/adrian-thomann-ist-neuer-ceo-der-bereuter-gruppe\/#primaryimage"},"thumbnailUrl":"https:\/\/www.immobilienbusiness.ch\/wp-content\/uploads\/2021\/01\/BEREUTER-GRUPPE-Adrian-Thomann.jpg","keywords":["Personalia","Unternehmen"],"articleSection":["UNTERNEHMEN"],"inLanguage":"de"},{"@type":"WebPage","@id":"https:\/\/www.immobilienbusiness.ch\/de\/unternehmen\/2021-01-07\/adrian-thomann-ist-neuer-ceo-der-bereuter-gruppe\/","url":"https:\/\/www.immobilienbusiness.ch\/de\/unternehmen\/2021-01-07\/adrian-thomann-ist-neuer-ceo-der-bereuter-gruppe\/","name":"Adrian Thomann ist neuer CEO der Bereuter-Gruppe - IMMOBILIEN Business","isPartOf":{"@id":"https:\/\/www.immobilienbusiness.ch\/#website"},"primaryImageOfPage":{"@id":"https:\/\/www.immobilienbusiness.ch\/de\/unternehmen\/2021-01-07\/adrian-thomann-ist-neuer-ceo-der-bereuter-gruppe\/#primaryimage"},"image":{"@id":"https:\/\/www.immobilienbusiness.ch\/de\/unternehmen\/2021-01-07\/adrian-thomann-ist-neuer-ceo-der-bereuter-gruppe\/#primaryimage"},"thumbnailUrl":"https:\/\/www.immobilienbusiness.ch\/wp-content\/uploads\/2021\/01\/BEREUTER-GRUPPE-Adrian-Thomann.jpg","datePublished":"2021-01-07T08:00:41+00:00","description":"Adrian Thomann hat zum Jahresbeginn die operative Leitung der Bereuter-Gruppe \u00fcbernommen. Marco Bereuter wird Verwaltungsratspr\u00e4sident.","breadcrumb":{"@id":"https:\/\/www.immobilienbusiness.ch\/de\/unternehmen\/2021-01-07\/adrian-thomann-ist-neuer-ceo-der-bereuter-gruppe\/#breadcrumb"},"inLanguage":"de","potentialAction":[{"@type":"ReadAction","target":["https:\/\/www.immobilienbusiness.ch\/de\/unternehmen\/2021-01-07\/adrian-thomann-ist-neuer-ceo-der-bereuter-gruppe\/"]}]},{"@type":"ImageObject","inLanguage":"de","@id":"https:\/\/www.immobilienbusiness.ch\/de\/unternehmen\/2021-01-07\/adrian-thomann-ist-neuer-ceo-der-bereuter-gruppe\/#primaryimage","url":"https:\/\/www.immobilienbusiness.ch\/wp-content\/uploads\/2021\/01\/BEREUTER-GRUPPE-Adrian-Thomann.jpg","contentUrl":"https:\/\/www.immobilienbusiness.ch\/wp-content\/uploads\/2021\/01\/BEREUTER-GRUPPE-Adrian-Thomann.jpg","width":2560,"height":1707,"caption":"Adrian Thomann (Bild: Bereuter-Gruppe)"},{"@type":"BreadcrumbList","@id":"https:\/\/www.immobilienbusiness.ch\/de\/unternehmen\/2021-01-07\/adrian-thomann-ist-neuer-ceo-der-bereuter-gruppe\/#breadcrumb","itemListElement":[{"@type":"ListItem","position":1,"name":"Home","item":"https:\/\/www.immobilienbusiness.ch\/"},{"@type":"ListItem","position":2,"name":"Adrian Thomann ist neuer CEO der Bereuter-Gruppe"}]},{"@type":"WebSite","@id":"https:\/\/www.immobilienbusiness.ch\/#website","url":"https:\/\/www.immobilienbusiness.ch\/","name":"IMMOBILIEN Business","description":"Unabh\u00e4ngiges Schweizer Wirtschaftsmagazin mit Fokus auf Immobilien, Architektur- und Bau sowie Investment- und Finanzierung.","publisher":{"@id":"https:\/\/www.immobilienbusiness.ch\/#organization"},"potentialAction":[{"@type":"SearchAction","target":{"@type":"EntryPoint","urlTemplate":"https:\/\/www.immobilienbusiness.ch\/?s={search_term_string}"},"query-input":{"@type":"PropertyValueSpecification","valueRequired":true,"valueName":"search_term_string"}}],"inLanguage":"de"},{"@type":"Organization","@id":"https:\/\/www.immobilienbusiness.ch\/#organization","name":"IMMOBILIEN Business","url":"https:\/\/www.immobilienbusiness.ch\/","logo":{"@type":"ImageObject","inLanguage":"de","@id":"https:\/\/www.immobilienbusiness.ch\/#\/schema\/logo\/image\/","url":"https:\/\/www.immobilienbusiness.ch\/wp-content\/uploads\/2021\/07\/logo_ib.png","contentUrl":"https:\/\/www.immobilienbusiness.ch\/wp-content\/uploads\/2021\/07\/logo_ib.png","width":800,"height":181,"caption":"IMMOBILIEN Business"},"image":{"@id":"https:\/\/www.immobilienbusiness.ch\/#\/schema\/logo\/image\/"},"sameAs":["https:\/\/www.facebook.com\/immobilienbusiness\/"]},{"@type":"Person","@id":"https:\/\/www.immobilienbusiness.ch\/#\/schema\/person\/3fc036297b10b9f42d6db5ee932af8c8","name":"anja.hall","image":{"@type":"ImageObject","inLanguage":"de","@id":"https:\/\/secure.gravatar.com\/avatar\/066b5a0d447013502c71a5782f4f3469f03cfe595cc2329fb94652fe47511bfb?s=96&d=mm&r=g","url":"https:\/\/secure.gravatar.com\/avatar\/066b5a0d447013502c71a5782f4f3469f03cfe595cc2329fb94652fe47511bfb?s=96&d=mm&r=g","contentUrl":"https:\/\/secure.gravatar.com\/avatar\/066b5a0d447013502c71a5782f4f3469f03cfe595cc2329fb94652fe47511bfb?s=96&d=mm&r=g","caption":"anja.hall"},"url":"https:\/\/www.immobilienbusiness.ch\/de\/author\/anja-hall\/"}]}},"_links":{"self":[{"href":"https:\/\/www.immobilienbusiness.ch\/de\/wp-json\/wp\/v2\/posts\/23198","targetHints":{"allow":["GET"]}}],"collection":[{"href":"https:\/\/www.immobilienbusiness.ch\/de\/wp-json\/wp\/v2\/posts"}],"about":[{"href":"https:\/\/www.immobilienbusiness.ch\/de\/wp-json\/wp\/v2\/types\/post"}],"author":[{"embeddable":true,"href":"https:\/\/www.immobilienbusiness.ch\/de\/wp-json\/wp\/v2\/users\/3"}],"replies":[{"embeddable":true,"href":"https:\/\/www.immobilienbusiness.ch\/de\/wp-json\/wp\/v2\/comments?post=23198"}],"version-history":[{"count":0,"href":"https:\/\/www.immobilienbusiness.ch\/de\/wp-json\/wp\/v2\/posts\/23198\/revisions"}],"wp:featuredmedia":[{"embeddable":true,"href":"https:\/\/www.immobilienbusiness.ch\/de\/wp-json\/wp\/v2\/media\/23199"}],"wp:attachment":[{"href":"https:\/\/www.immobilienbusiness.ch\/de\/wp-json\/wp\/v2\/media?parent=23198"}],"wp:term":[{"taxonomy":"category","embeddable":true,"href":"https:\/\/www.immobilienbusiness.ch\/de\/wp-json\/wp\/v2\/categories?post=23198"},{"taxonomy":"post_tag","embeddable":true,"href":"https:\/\/www.immobilienbusiness.ch\/de\/wp-json\/wp\/v2\/tags?post=23198"}],"curies":[{"name":"wp","href":"https:\/\/api.w.org\/{rel}","templated":true}]}}