{"id":23182,"date":"2021-01-05T09:00:08","date_gmt":"2021-01-05T08:00:08","guid":{"rendered":"https:\/\/www.immobilienbusiness.ch\/?p=23182"},"modified":"2021-01-05T09:00:08","modified_gmt":"2021-01-05T08:00:08","slug":"sustainable-real-estate-switzerland-kauft-zu","status":"publish","type":"post","link":"https:\/\/www.immobilienbusiness.ch\/de\/unternehmen\/2021-01-05\/sustainable-real-estate-switzerland-kauft-zu\/","title":{"rendered":"Sustainable Real Estate Switzerland kauft zu"},"content":{"rendered":"<figure id=\"attachment_5433\" aria-describedby=\"caption-attachment-5433\" style=\"width: 680px\" class=\"wp-caption alignnone\"><img loading=\"lazy\" decoding=\"async\" class=\"size-medium wp-image-5433\" src=\"https:\/\/www.immobilienbusiness.ch\/wp-content\/uploads\/2016\/12\/Depositphotos_17138337_l-2015.jpg\" alt=\"\" width=\"680\" height=\"488\" srcset=\"https:\/\/www.immobilienbusiness.ch\/wp-content\/uploads\/2016\/12\/Depositphotos_17138337_l-2015.jpg 2000w, https:\/\/www.immobilienbusiness.ch\/wp-content\/uploads\/2016\/12\/Depositphotos_17138337_l-2015-300x215.jpg 300w, https:\/\/www.immobilienbusiness.ch\/wp-content\/uploads\/2016\/12\/Depositphotos_17138337_l-2015-1024x735.jpg 1024w, https:\/\/www.immobilienbusiness.ch\/wp-content\/uploads\/2016\/12\/Depositphotos_17138337_l-2015-768x551.jpg 768w, https:\/\/www.immobilienbusiness.ch\/wp-content\/uploads\/2016\/12\/Depositphotos_17138337_l-2015-1536x1102.jpg 1536w, https:\/\/www.immobilienbusiness.ch\/wp-content\/uploads\/2016\/12\/Depositphotos_17138337_l-2015-16x12.jpg 16w, https:\/\/www.immobilienbusiness.ch\/wp-content\/uploads\/2016\/12\/Depositphotos_17138337_l-2015-244x175.jpg 244w, https:\/\/www.immobilienbusiness.ch\/wp-content\/uploads\/2016\/12\/Depositphotos_17138337_l-2015-488x350.jpg 488w, https:\/\/www.immobilienbusiness.ch\/wp-content\/uploads\/2016\/12\/Depositphotos_17138337_l-2015-1115x800.jpg 1115w, https:\/\/www.immobilienbusiness.ch\/wp-content\/uploads\/2016\/12\/Depositphotos_17138337_l-2015-920x660.jpg 920w, https:\/\/www.immobilienbusiness.ch\/wp-content\/uploads\/2016\/12\/Depositphotos_17138337_l-2015-1400x1005.jpg 1400w, https:\/\/www.immobilienbusiness.ch\/wp-content\/uploads\/2016\/12\/Depositphotos_17138337_l-2015-1951x1400.jpg 1951w\" sizes=\"auto, (max-width: 680px) 100vw, 680px\" \/><figcaption id=\"caption-attachment-5433\" class=\"wp-caption-text\">Zukauf f\u00fcr den Sustainable Real Estate Switzerland (Bild: pressmaster &#8211; depositphotos)<\/figcaption><\/figure>\n<p>Die 2011 erstellte Liegenschaft befindet sich den Angaben zufolge nahe des Zentrums von Prilly und zeichnet sich durch eine gute Infrastruktur und eine gute Anbindung an den \u00f6ffentlichen Verkehr aus. Das Geb\u00e4ude ist nach Minergie zertifiziert und verf\u00fcgt \u00fcber acht Wohnungen und ebenso viele Tiefgaragenparkpl\u00e4tze. Beheizt wird das Objekt \u00fcber eine Erdsonden-W\u00e4rmepumpe mit Solarunterst\u00fctzung.<\/p>\n<p>Der Fonds investiert schweizweit in Geb\u00e4ude mit Schwerpunkt Wohnimmobilien, wobei alle Immobilien werden einer Nachhaltigkeitspr\u00fcfung unterzogen werden. <em>(ah)<\/em><\/p>\n","protected":false},"excerpt":{"rendered":"<p>Der Immobilienfonds Sustainable Real Estate Switzerland hat eine Wohnliegenschaft in Prilly (VD) erworben. Der Kaufpreis lag bei 8,9 Millionen CHF. <\/p>\n","protected":false},"author":3,"featured_media":5433,"comment_status":"closed","ping_status":"open","sticky":false,"template":"","format":"standard","meta":{"_acf_changed":false,"_yoast_wpseo_focuskw":"Sustainable","_yoast_wpseo_title":"","_yoast_wpseo_metadesc":"Der Immobilienfonds Sustainable Real Estate Switzerland hat eine Wohnliegenschaft in Prilly (VD) erworben. Der Kaufpreis lag bei 8,9 Millionen CHF.","_yoast_wpseo_linkdex":41,"pgc_sgb_lightbox_settings":"","footnotes":""},"categories":[988],"tags":[1344,1348,1839],"class_list":["post-23182","post","type-post","status-publish","format-standard","has-post-thumbnail","hentry","category-unternehmen","tag-immobilienfonds","tag-immobilienkauf","tag-waadt"],"acf":[],"yoast_head":"<!-- This site is optimized with the Yoast SEO plugin v27.4 - https:\/\/yoast.com\/product\/yoast-seo-wordpress\/ -->\n<title>Sustainable Real Estate Switzerland kauft zu - IMMOBILIEN Business<\/title>\n<meta name=\"description\" content=\"Der Immobilienfonds Sustainable Real Estate Switzerland hat eine Wohnliegenschaft in Prilly (VD) erworben. Der Kaufpreis lag bei 8,9 Millionen CHF.\" \/>\n<meta name=\"robots\" content=\"index, follow, max-snippet:-1, max-image-preview:large, max-video-preview:-1\" \/>\n<link rel=\"canonical\" href=\"https:\/\/www.immobilienbusiness.ch\/de\/unternehmen\/2021-01-05\/sustainable-real-estate-switzerland-kauft-zu\/\" \/>\n<meta property=\"og:locale\" content=\"de_DE\" \/>\n<meta property=\"og:type\" content=\"article\" \/>\n<meta property=\"og:title\" content=\"Sustainable Real Estate Switzerland kauft zu - IMMOBILIEN Business\" \/>\n<meta property=\"og:description\" content=\"Der Immobilienfonds Sustainable Real Estate Switzerland hat eine Wohnliegenschaft in Prilly (VD) erworben. Der Kaufpreis lag bei 8,9 Millionen CHF.\" \/>\n<meta property=\"og:url\" content=\"https:\/\/www.immobilienbusiness.ch\/de\/unternehmen\/2021-01-05\/sustainable-real-estate-switzerland-kauft-zu\/\" \/>\n<meta property=\"og:site_name\" content=\"IMMOBILIEN Business\" \/>\n<meta property=\"article:publisher\" content=\"https:\/\/www.facebook.com\/immobilienbusiness\/\" \/>\n<meta property=\"article:published_time\" content=\"2021-01-05T08:00:08+00:00\" \/>\n<meta property=\"og:image\" content=\"https:\/\/www.immobilienbusiness.ch\/wp-content\/uploads\/2016\/12\/Depositphotos_17138337_l-2015-1024x735.jpg\" \/>\n\t<meta property=\"og:image:width\" content=\"1024\" \/>\n\t<meta property=\"og:image:height\" content=\"735\" \/>\n\t<meta property=\"og:image:type\" content=\"image\/jpeg\" \/>\n<meta name=\"author\" content=\"anja.hall\" \/>\n<meta name=\"twitter:card\" content=\"summary_large_image\" \/>\n<meta name=\"twitter:image\" content=\"https:\/\/www.immobilienbusiness.ch\/wp-content\/uploads\/2016\/12\/Depositphotos_17138337_l-2015.jpg\" \/>\n<script type=\"application\/ld+json\" class=\"yoast-schema-graph\">{\"@context\":\"https:\\\/\\\/schema.org\",\"@graph\":[{\"@type\":\"Article\",\"@id\":\"https:\\\/\\\/www.immobilienbusiness.ch\\\/it\\\/unternehmen\\\/2021-01-05\\\/sustainable-real-estate-switzerland-kauft-zu\\\/#article\",\"isPartOf\":{\"@id\":\"https:\\\/\\\/www.immobilienbusiness.ch\\\/it\\\/unternehmen\\\/2021-01-05\\\/sustainable-real-estate-switzerland-kauft-zu\\\/\"},\"author\":{\"name\":\"anja.hall\",\"@id\":\"https:\\\/\\\/www.immobilienbusiness.ch\\\/#\\\/schema\\\/person\\\/3fc036297b10b9f42d6db5ee932af8c8\"},\"headline\":\"Sustainable Real Estate Switzerland kauft zu\",\"datePublished\":\"2021-01-05T08:00:08+00:00\",\"mainEntityOfPage\":{\"@id\":\"https:\\\/\\\/www.immobilienbusiness.ch\\\/it\\\/unternehmen\\\/2021-01-05\\\/sustainable-real-estate-switzerland-kauft-zu\\\/\"},\"wordCount\":103,\"publisher\":{\"@id\":\"https:\\\/\\\/www.immobilienbusiness.ch\\\/#organization\"},\"image\":{\"@id\":\"https:\\\/\\\/www.immobilienbusiness.ch\\\/it\\\/unternehmen\\\/2021-01-05\\\/sustainable-real-estate-switzerland-kauft-zu\\\/#primaryimage\"},\"thumbnailUrl\":\"https:\\\/\\\/www.immobilienbusiness.ch\\\/wp-content\\\/uploads\\\/2016\\\/12\\\/Depositphotos_17138337_l-2015.jpg\",\"keywords\":[\"Immobilienfonds\",\"Immobilienkauf\",\"Waadt\"],\"articleSection\":[\"UNTERNEHMEN\"],\"inLanguage\":\"de\"},{\"@type\":\"WebPage\",\"@id\":\"https:\\\/\\\/www.immobilienbusiness.ch\\\/it\\\/unternehmen\\\/2021-01-05\\\/sustainable-real-estate-switzerland-kauft-zu\\\/\",\"url\":\"https:\\\/\\\/www.immobilienbusiness.ch\\\/it\\\/unternehmen\\\/2021-01-05\\\/sustainable-real-estate-switzerland-kauft-zu\\\/\",\"name\":\"Sustainable Real Estate Switzerland kauft zu - IMMOBILIEN Business\",\"isPartOf\":{\"@id\":\"https:\\\/\\\/www.immobilienbusiness.ch\\\/#website\"},\"primaryImageOfPage\":{\"@id\":\"https:\\\/\\\/www.immobilienbusiness.ch\\\/it\\\/unternehmen\\\/2021-01-05\\\/sustainable-real-estate-switzerland-kauft-zu\\\/#primaryimage\"},\"image\":{\"@id\":\"https:\\\/\\\/www.immobilienbusiness.ch\\\/it\\\/unternehmen\\\/2021-01-05\\\/sustainable-real-estate-switzerland-kauft-zu\\\/#primaryimage\"},\"thumbnailUrl\":\"https:\\\/\\\/www.immobilienbusiness.ch\\\/wp-content\\\/uploads\\\/2016\\\/12\\\/Depositphotos_17138337_l-2015.jpg\",\"datePublished\":\"2021-01-05T08:00:08+00:00\",\"description\":\"Der Immobilienfonds Sustainable Real Estate Switzerland hat eine Wohnliegenschaft in Prilly (VD) erworben. Der Kaufpreis lag bei 8,9 Millionen CHF.\",\"breadcrumb\":{\"@id\":\"https:\\\/\\\/www.immobilienbusiness.ch\\\/it\\\/unternehmen\\\/2021-01-05\\\/sustainable-real-estate-switzerland-kauft-zu\\\/#breadcrumb\"},\"inLanguage\":\"de\",\"potentialAction\":[{\"@type\":\"ReadAction\",\"target\":[\"https:\\\/\\\/www.immobilienbusiness.ch\\\/it\\\/unternehmen\\\/2021-01-05\\\/sustainable-real-estate-switzerland-kauft-zu\\\/\"]}]},{\"@type\":\"ImageObject\",\"inLanguage\":\"de\",\"@id\":\"https:\\\/\\\/www.immobilienbusiness.ch\\\/it\\\/unternehmen\\\/2021-01-05\\\/sustainable-real-estate-switzerland-kauft-zu\\\/#primaryimage\",\"url\":\"https:\\\/\\\/www.immobilienbusiness.ch\\\/wp-content\\\/uploads\\\/2016\\\/12\\\/Depositphotos_17138337_l-2015.jpg\",\"contentUrl\":\"https:\\\/\\\/www.immobilienbusiness.ch\\\/wp-content\\\/uploads\\\/2016\\\/12\\\/Depositphotos_17138337_l-2015.jpg\",\"width\":2000,\"height\":1435,\"caption\":\"Raiffeisen hat mehrere Liegenschaften in St. Gallen ver\u00e4ussert (Foto: pressmaster - depositphotos)\"},{\"@type\":\"BreadcrumbList\",\"@id\":\"https:\\\/\\\/www.immobilienbusiness.ch\\\/it\\\/unternehmen\\\/2021-01-05\\\/sustainable-real-estate-switzerland-kauft-zu\\\/#breadcrumb\",\"itemListElement\":[{\"@type\":\"ListItem\",\"position\":1,\"name\":\"Home\",\"item\":\"https:\\\/\\\/www.immobilienbusiness.ch\\\/\"},{\"@type\":\"ListItem\",\"position\":2,\"name\":\"Sustainable Real Estate Switzerland kauft zu\"}]},{\"@type\":\"WebSite\",\"@id\":\"https:\\\/\\\/www.immobilienbusiness.ch\\\/#website\",\"url\":\"https:\\\/\\\/www.immobilienbusiness.ch\\\/\",\"name\":\"IMMOBILIEN Business\",\"description\":\"Unabh\u00e4ngiges Schweizer Wirtschaftsmagazin mit Fokus auf Immobilien, Architektur- und Bau sowie Investment- und Finanzierung.\",\"publisher\":{\"@id\":\"https:\\\/\\\/www.immobilienbusiness.ch\\\/#organization\"},\"potentialAction\":[{\"@type\":\"SearchAction\",\"target\":{\"@type\":\"EntryPoint\",\"urlTemplate\":\"https:\\\/\\\/www.immobilienbusiness.ch\\\/?s={search_term_string}\"},\"query-input\":{\"@type\":\"PropertyValueSpecification\",\"valueRequired\":true,\"valueName\":\"search_term_string\"}}],\"inLanguage\":\"de\"},{\"@type\":\"Organization\",\"@id\":\"https:\\\/\\\/www.immobilienbusiness.ch\\\/#organization\",\"name\":\"IMMOBILIEN Business\",\"url\":\"https:\\\/\\\/www.immobilienbusiness.ch\\\/\",\"logo\":{\"@type\":\"ImageObject\",\"inLanguage\":\"de\",\"@id\":\"https:\\\/\\\/www.immobilienbusiness.ch\\\/#\\\/schema\\\/logo\\\/image\\\/\",\"url\":\"https:\\\/\\\/www.immobilienbusiness.ch\\\/wp-content\\\/uploads\\\/2021\\\/07\\\/logo_ib.png\",\"contentUrl\":\"https:\\\/\\\/www.immobilienbusiness.ch\\\/wp-content\\\/uploads\\\/2021\\\/07\\\/logo_ib.png\",\"width\":800,\"height\":181,\"caption\":\"IMMOBILIEN Business\"},\"image\":{\"@id\":\"https:\\\/\\\/www.immobilienbusiness.ch\\\/#\\\/schema\\\/logo\\\/image\\\/\"},\"sameAs\":[\"https:\\\/\\\/www.facebook.com\\\/immobilienbusiness\\\/\"]},{\"@type\":\"Person\",\"@id\":\"https:\\\/\\\/www.immobilienbusiness.ch\\\/#\\\/schema\\\/person\\\/3fc036297b10b9f42d6db5ee932af8c8\",\"name\":\"anja.hall\",\"image\":{\"@type\":\"ImageObject\",\"inLanguage\":\"de\",\"@id\":\"https:\\\/\\\/secure.gravatar.com\\\/avatar\\\/066b5a0d447013502c71a5782f4f3469f03cfe595cc2329fb94652fe47511bfb?s=96&d=mm&r=g\",\"url\":\"https:\\\/\\\/secure.gravatar.com\\\/avatar\\\/066b5a0d447013502c71a5782f4f3469f03cfe595cc2329fb94652fe47511bfb?s=96&d=mm&r=g\",\"contentUrl\":\"https:\\\/\\\/secure.gravatar.com\\\/avatar\\\/066b5a0d447013502c71a5782f4f3469f03cfe595cc2329fb94652fe47511bfb?s=96&d=mm&r=g\",\"caption\":\"anja.hall\"},\"url\":\"https:\\\/\\\/www.immobilienbusiness.ch\\\/de\\\/author\\\/anja-hall\\\/\"}]}<\/script>\n<!-- \/ Yoast SEO plugin. -->","yoast_head_json":{"title":"Sustainable Real Estate Switzerland kauft zu - IMMOBILIEN Business","description":"Der Immobilienfonds Sustainable Real Estate Switzerland hat eine Wohnliegenschaft in Prilly (VD) erworben. Der Kaufpreis lag bei 8,9 Millionen CHF.","robots":{"index":"index","follow":"follow","max-snippet":"max-snippet:-1","max-image-preview":"max-image-preview:large","max-video-preview":"max-video-preview:-1"},"canonical":"https:\/\/www.immobilienbusiness.ch\/de\/unternehmen\/2021-01-05\/sustainable-real-estate-switzerland-kauft-zu\/","og_locale":"de_DE","og_type":"article","og_title":"Sustainable Real Estate Switzerland kauft zu - IMMOBILIEN Business","og_description":"Der Immobilienfonds Sustainable Real Estate Switzerland hat eine Wohnliegenschaft in Prilly (VD) erworben. Der Kaufpreis lag bei 8,9 Millionen CHF.","og_url":"https:\/\/www.immobilienbusiness.ch\/de\/unternehmen\/2021-01-05\/sustainable-real-estate-switzerland-kauft-zu\/","og_site_name":"IMMOBILIEN Business","article_publisher":"https:\/\/www.facebook.com\/immobilienbusiness\/","article_published_time":"2021-01-05T08:00:08+00:00","og_image":[{"width":1024,"height":735,"url":"https:\/\/www.immobilienbusiness.ch\/wp-content\/uploads\/2016\/12\/Depositphotos_17138337_l-2015-1024x735.jpg","type":"image\/jpeg"}],"author":"anja.hall","twitter_card":"summary_large_image","twitter_image":"https:\/\/www.immobilienbusiness.ch\/wp-content\/uploads\/2016\/12\/Depositphotos_17138337_l-2015.jpg","schema":{"@context":"https:\/\/schema.org","@graph":[{"@type":"Article","@id":"https:\/\/www.immobilienbusiness.ch\/it\/unternehmen\/2021-01-05\/sustainable-real-estate-switzerland-kauft-zu\/#article","isPartOf":{"@id":"https:\/\/www.immobilienbusiness.ch\/it\/unternehmen\/2021-01-05\/sustainable-real-estate-switzerland-kauft-zu\/"},"author":{"name":"anja.hall","@id":"https:\/\/www.immobilienbusiness.ch\/#\/schema\/person\/3fc036297b10b9f42d6db5ee932af8c8"},"headline":"Sustainable Real Estate Switzerland kauft zu","datePublished":"2021-01-05T08:00:08+00:00","mainEntityOfPage":{"@id":"https:\/\/www.immobilienbusiness.ch\/it\/unternehmen\/2021-01-05\/sustainable-real-estate-switzerland-kauft-zu\/"},"wordCount":103,"publisher":{"@id":"https:\/\/www.immobilienbusiness.ch\/#organization"},"image":{"@id":"https:\/\/www.immobilienbusiness.ch\/it\/unternehmen\/2021-01-05\/sustainable-real-estate-switzerland-kauft-zu\/#primaryimage"},"thumbnailUrl":"https:\/\/www.immobilienbusiness.ch\/wp-content\/uploads\/2016\/12\/Depositphotos_17138337_l-2015.jpg","keywords":["Immobilienfonds","Immobilienkauf","Waadt"],"articleSection":["UNTERNEHMEN"],"inLanguage":"de"},{"@type":"WebPage","@id":"https:\/\/www.immobilienbusiness.ch\/it\/unternehmen\/2021-01-05\/sustainable-real-estate-switzerland-kauft-zu\/","url":"https:\/\/www.immobilienbusiness.ch\/it\/unternehmen\/2021-01-05\/sustainable-real-estate-switzerland-kauft-zu\/","name":"Sustainable Real Estate Switzerland kauft zu - IMMOBILIEN Business","isPartOf":{"@id":"https:\/\/www.immobilienbusiness.ch\/#website"},"primaryImageOfPage":{"@id":"https:\/\/www.immobilienbusiness.ch\/it\/unternehmen\/2021-01-05\/sustainable-real-estate-switzerland-kauft-zu\/#primaryimage"},"image":{"@id":"https:\/\/www.immobilienbusiness.ch\/it\/unternehmen\/2021-01-05\/sustainable-real-estate-switzerland-kauft-zu\/#primaryimage"},"thumbnailUrl":"https:\/\/www.immobilienbusiness.ch\/wp-content\/uploads\/2016\/12\/Depositphotos_17138337_l-2015.jpg","datePublished":"2021-01-05T08:00:08+00:00","description":"Der Immobilienfonds Sustainable Real Estate Switzerland hat eine Wohnliegenschaft in Prilly (VD) erworben. Der Kaufpreis lag bei 8,9 Millionen CHF.","breadcrumb":{"@id":"https:\/\/www.immobilienbusiness.ch\/it\/unternehmen\/2021-01-05\/sustainable-real-estate-switzerland-kauft-zu\/#breadcrumb"},"inLanguage":"de","potentialAction":[{"@type":"ReadAction","target":["https:\/\/www.immobilienbusiness.ch\/it\/unternehmen\/2021-01-05\/sustainable-real-estate-switzerland-kauft-zu\/"]}]},{"@type":"ImageObject","inLanguage":"de","@id":"https:\/\/www.immobilienbusiness.ch\/it\/unternehmen\/2021-01-05\/sustainable-real-estate-switzerland-kauft-zu\/#primaryimage","url":"https:\/\/www.immobilienbusiness.ch\/wp-content\/uploads\/2016\/12\/Depositphotos_17138337_l-2015.jpg","contentUrl":"https:\/\/www.immobilienbusiness.ch\/wp-content\/uploads\/2016\/12\/Depositphotos_17138337_l-2015.jpg","width":2000,"height":1435,"caption":"Raiffeisen hat mehrere Liegenschaften in St. Gallen ver\u00e4ussert (Foto: pressmaster - depositphotos)"},{"@type":"BreadcrumbList","@id":"https:\/\/www.immobilienbusiness.ch\/it\/unternehmen\/2021-01-05\/sustainable-real-estate-switzerland-kauft-zu\/#breadcrumb","itemListElement":[{"@type":"ListItem","position":1,"name":"Home","item":"https:\/\/www.immobilienbusiness.ch\/"},{"@type":"ListItem","position":2,"name":"Sustainable Real Estate Switzerland kauft zu"}]},{"@type":"WebSite","@id":"https:\/\/www.immobilienbusiness.ch\/#website","url":"https:\/\/www.immobilienbusiness.ch\/","name":"IMMOBILIEN Business","description":"Unabh\u00e4ngiges Schweizer Wirtschaftsmagazin mit Fokus auf Immobilien, Architektur- und Bau sowie Investment- und Finanzierung.","publisher":{"@id":"https:\/\/www.immobilienbusiness.ch\/#organization"},"potentialAction":[{"@type":"SearchAction","target":{"@type":"EntryPoint","urlTemplate":"https:\/\/www.immobilienbusiness.ch\/?s={search_term_string}"},"query-input":{"@type":"PropertyValueSpecification","valueRequired":true,"valueName":"search_term_string"}}],"inLanguage":"de"},{"@type":"Organization","@id":"https:\/\/www.immobilienbusiness.ch\/#organization","name":"IMMOBILIEN Business","url":"https:\/\/www.immobilienbusiness.ch\/","logo":{"@type":"ImageObject","inLanguage":"de","@id":"https:\/\/www.immobilienbusiness.ch\/#\/schema\/logo\/image\/","url":"https:\/\/www.immobilienbusiness.ch\/wp-content\/uploads\/2021\/07\/logo_ib.png","contentUrl":"https:\/\/www.immobilienbusiness.ch\/wp-content\/uploads\/2021\/07\/logo_ib.png","width":800,"height":181,"caption":"IMMOBILIEN Business"},"image":{"@id":"https:\/\/www.immobilienbusiness.ch\/#\/schema\/logo\/image\/"},"sameAs":["https:\/\/www.facebook.com\/immobilienbusiness\/"]},{"@type":"Person","@id":"https:\/\/www.immobilienbusiness.ch\/#\/schema\/person\/3fc036297b10b9f42d6db5ee932af8c8","name":"anja.hall","image":{"@type":"ImageObject","inLanguage":"de","@id":"https:\/\/secure.gravatar.com\/avatar\/066b5a0d447013502c71a5782f4f3469f03cfe595cc2329fb94652fe47511bfb?s=96&d=mm&r=g","url":"https:\/\/secure.gravatar.com\/avatar\/066b5a0d447013502c71a5782f4f3469f03cfe595cc2329fb94652fe47511bfb?s=96&d=mm&r=g","contentUrl":"https:\/\/secure.gravatar.com\/avatar\/066b5a0d447013502c71a5782f4f3469f03cfe595cc2329fb94652fe47511bfb?s=96&d=mm&r=g","caption":"anja.hall"},"url":"https:\/\/www.immobilienbusiness.ch\/de\/author\/anja-hall\/"}]}},"_links":{"self":[{"href":"https:\/\/www.immobilienbusiness.ch\/de\/wp-json\/wp\/v2\/posts\/23182","targetHints":{"allow":["GET"]}}],"collection":[{"href":"https:\/\/www.immobilienbusiness.ch\/de\/wp-json\/wp\/v2\/posts"}],"about":[{"href":"https:\/\/www.immobilienbusiness.ch\/de\/wp-json\/wp\/v2\/types\/post"}],"author":[{"embeddable":true,"href":"https:\/\/www.immobilienbusiness.ch\/de\/wp-json\/wp\/v2\/users\/3"}],"replies":[{"embeddable":true,"href":"https:\/\/www.immobilienbusiness.ch\/de\/wp-json\/wp\/v2\/comments?post=23182"}],"version-history":[{"count":0,"href":"https:\/\/www.immobilienbusiness.ch\/de\/wp-json\/wp\/v2\/posts\/23182\/revisions"}],"wp:featuredmedia":[{"embeddable":true,"href":"https:\/\/www.immobilienbusiness.ch\/de\/wp-json\/wp\/v2\/media\/5433"}],"wp:attachment":[{"href":"https:\/\/www.immobilienbusiness.ch\/de\/wp-json\/wp\/v2\/media?parent=23182"}],"wp:term":[{"taxonomy":"category","embeddable":true,"href":"https:\/\/www.immobilienbusiness.ch\/de\/wp-json\/wp\/v2\/categories?post=23182"},{"taxonomy":"post_tag","embeddable":true,"href":"https:\/\/www.immobilienbusiness.ch\/de\/wp-json\/wp\/v2\/tags?post=23182"}],"curies":[{"name":"wp","href":"https:\/\/api.w.org\/{rel}","templated":true}]}}