{"id":23120,"date":"2020-12-22T08:37:04","date_gmt":"2020-12-22T07:37:04","guid":{"rendered":"https:\/\/www.immobilienbusiness.ch\/?p=23120"},"modified":"2020-12-22T08:37:04","modified_gmt":"2020-12-22T07:37:04","slug":"basel-auf-dem-areal-walkeweg-ensteht-wohnraum-fuer-650-menschen","status":"publish","type":"post","link":"https:\/\/www.immobilienbusiness.ch\/de\/regionen\/2020-12-22\/basel-auf-dem-areal-walkeweg-ensteht-wohnraum-fuer-650-menschen\/","title":{"rendered":"Basel: Am Walkeweg entsteht Wohnraum f\u00fcr 650 Menschen"},"content":{"rendered":"<figure id=\"attachment_23121\" aria-describedby=\"caption-attachment-23121\" style=\"width: 496px\" class=\"wp-caption alignnone\"><img loading=\"lazy\" decoding=\"async\" class=\"size-full wp-image-23121\" src=\"https:\/\/www.immobilienbusiness.ch\/wp-content\/uploads\/2020\/12\/Visualisierung-Walkeweg-Wohngasse-\u00a9camponovo-baumgartner-architekten.jpg\" alt=\"\" width=\"496\" height=\"331\" srcset=\"https:\/\/www.immobilienbusiness.ch\/wp-content\/uploads\/2020\/12\/Visualisierung-Walkeweg-Wohngasse-\u00a9camponovo-baumgartner-architekten.jpg 496w, https:\/\/www.immobilienbusiness.ch\/wp-content\/uploads\/2020\/12\/Visualisierung-Walkeweg-Wohngasse-\u00a9camponovo-baumgartner-architekten-300x200.jpg 300w, https:\/\/www.immobilienbusiness.ch\/wp-content\/uploads\/2020\/12\/Visualisierung-Walkeweg-Wohngasse-\u00a9camponovo-baumgartner-architekten-16x12.jpg 16w, https:\/\/www.immobilienbusiness.ch\/wp-content\/uploads\/2020\/12\/Visualisierung-Walkeweg-Wohngasse-\u00a9camponovo-baumgartner-architekten-262x175.jpg 262w\" sizes=\"auto, (max-width: 496px) 100vw, 496px\" \/><figcaption id=\"caption-attachment-23121\" class=\"wp-caption-text\">Visualisierung einer Wohngasse auf dem Areal Walkeweg (\u00a9camponovo baumgartner architekten)<\/figcaption><\/figure>\n<p>Das sechs Hektaren grosse Areal Walkeweg geh\u00f6rt dem Kanton Basel-Stadt und den SBB. Derzeit sind dort noch Familieng\u00e4rten angesiedelt, die jedoch ab Ende 2020 einer Wohnbebauung weichen m\u00fcssen. Das Grundst\u00fcck in unmittelbarer N\u00e4he zum Dreispitz, dem Areal Wolf und dem Ir\u00e8ne-Zurkinden-Platz, wo ebenso Entwicklungsprojekte anstehen, soll preisg\u00fcnstigen Wohnraum f\u00fcr rund 650 Menschen bieten.<\/p>\n<p>Der Regierungsrat hat den Bebauungsplan zweiter Stufe verabschiedet, der auf dem Entwurf des Planungsteams Camponovo Baumgartner Architekten, Extra Landschaftsarchitekten, Edelmann Energie und Dencity basiert, das 2018 als Sieger eines zweistufigen Studienauftrags hervorging.<\/p>\n<p>Die geplanten Geb\u00e4ude sind gr\u00f6sstenteils vierst\u00f6ckig und sollen \u00fcber Aussentreppen, Laubeng\u00e4nge und offene Veranden verf\u00fcgen. Zur \u00dcberbauung werden auch eine Primarschule mit Kindergarten und Tagesstruktur, ein Quartierplatz sowie grossz\u00fcgige Naturfl\u00e4chen mit einem Fusswegnetz geh\u00f6ren. Entlang des Gleisbogens im Osten ist ein Park geplant.<\/p>\n<p>Die derzeit noch auf dem Areal angesiedelten Familieng\u00e4rten werden Ende 2020 aufgehoben, dann wird der Boden saniert. Laut einer Mitteilung des Kantons Basel-Stadt ist der Baustart f\u00fcr die ersten Wohnbauten 2023 vorgesehen; die ersten Wohnungen sollen 2025 bezugsbereit sein. Im November 2020 ist der Architekturwettbewerb f\u00fcr die geplante Primarschule inklusive Kindergarten und Tagesstruktur lanciert worden. <em>(ah)<\/em><\/p>\n","protected":false},"excerpt":{"rendered":"<p>Auf dem Areal Walkeweg in Basel sollen preisg\u00fcnstige Wohnungen f\u00fcr 650 Personen, eine Schule mit Kindergarten sowie ein Quartierplatz entstehen. Die planungsrechtlichen Grundlagen sind daf\u00fcr nun geschaffen worden.<\/p>\n","protected":false},"author":3,"featured_media":23121,"comment_status":"closed","ping_status":"open","sticky":false,"template":"","format":"standard","meta":{"_acf_changed":false,"_yoast_wpseo_focuskw":"Walkeweg","_yoast_wpseo_title":"","_yoast_wpseo_metadesc":"Auf dem Areal Walkeweg in Basel sollen preisg\u00fcnstiger Wohnraum f\u00fcr 650 Personen, eine Schule mit Kindergarten sowie ein Quartierplatz entstehen.","_yoast_wpseo_linkdex":49,"pgc_sgb_lightbox_settings":"","footnotes":""},"categories":[985],"tags":[1069,1600,1863],"class_list":["post-23120","post","type-post","status-publish","format-standard","has-post-thumbnail","hentry","category-regionen","tag-basel","tag-projekt-in-planung","tag-wohnimmobilien"],"acf":[],"yoast_head":"<!-- This site is optimized with the Yoast SEO plugin v27.4 - https:\/\/yoast.com\/product\/yoast-seo-wordpress\/ -->\n<title>Basel: Am Walkeweg entsteht Wohnraum f\u00fcr 650 Menschen - IMMOBILIEN Business<\/title>\n<meta name=\"description\" content=\"Auf dem Areal Walkeweg in Basel sollen preisg\u00fcnstiger Wohnraum f\u00fcr 650 Personen, eine Schule mit Kindergarten sowie ein Quartierplatz entstehen.\" \/>\n<meta name=\"robots\" content=\"index, follow, max-snippet:-1, max-image-preview:large, max-video-preview:-1\" \/>\n<link rel=\"canonical\" href=\"https:\/\/www.immobilienbusiness.ch\/de\/regionen\/2020-12-22\/basel-auf-dem-areal-walkeweg-ensteht-wohnraum-fuer-650-menschen\/\" \/>\n<meta property=\"og:locale\" content=\"de_DE\" \/>\n<meta property=\"og:type\" content=\"article\" \/>\n<meta property=\"og:title\" content=\"Basel: Am Walkeweg entsteht Wohnraum f\u00fcr 650 Menschen - IMMOBILIEN Business\" \/>\n<meta property=\"og:description\" content=\"Auf dem Areal Walkeweg in Basel sollen preisg\u00fcnstiger Wohnraum f\u00fcr 650 Personen, eine Schule mit Kindergarten sowie ein Quartierplatz entstehen.\" \/>\n<meta property=\"og:url\" content=\"https:\/\/www.immobilienbusiness.ch\/de\/regionen\/2020-12-22\/basel-auf-dem-areal-walkeweg-ensteht-wohnraum-fuer-650-menschen\/\" \/>\n<meta property=\"og:site_name\" content=\"IMMOBILIEN Business\" \/>\n<meta property=\"article:publisher\" content=\"https:\/\/www.facebook.com\/immobilienbusiness\/\" \/>\n<meta property=\"article:published_time\" content=\"2020-12-22T07:37:04+00:00\" \/>\n<meta property=\"og:image\" content=\"https:\/\/www.immobilienbusiness.ch\/wp-content\/uploads\/2020\/12\/Visualisierung-Walkeweg-Wohngasse-\u00a9camponovo-baumgartner-architekten.jpg\" \/>\n\t<meta property=\"og:image:width\" content=\"496\" \/>\n\t<meta property=\"og:image:height\" content=\"331\" \/>\n\t<meta property=\"og:image:type\" content=\"image\/jpeg\" \/>\n<meta name=\"author\" content=\"anja.hall\" \/>\n<meta name=\"twitter:card\" content=\"summary_large_image\" \/>\n<meta name=\"twitter:image\" content=\"https:\/\/www.immobilienbusiness.ch\/wp-content\/uploads\/2020\/12\/Visualisierung-Walkeweg-Wohngasse-\u00a9camponovo-baumgartner-architekten.jpg\" \/>\n<script type=\"application\/ld+json\" class=\"yoast-schema-graph\">{\"@context\":\"https:\\\/\\\/schema.org\",\"@graph\":[{\"@type\":\"Article\",\"@id\":\"https:\\\/\\\/www.immobilienbusiness.ch\\\/regionen\\\/2020-12-22\\\/basel-auf-dem-areal-walkeweg-ensteht-wohnraum-fuer-650-menschen\\\/#article\",\"isPartOf\":{\"@id\":\"https:\\\/\\\/www.immobilienbusiness.ch\\\/regionen\\\/2020-12-22\\\/basel-auf-dem-areal-walkeweg-ensteht-wohnraum-fuer-650-menschen\\\/\"},\"author\":{\"name\":\"anja.hall\",\"@id\":\"https:\\\/\\\/www.immobilienbusiness.ch\\\/#\\\/schema\\\/person\\\/3fc036297b10b9f42d6db5ee932af8c8\"},\"headline\":\"Basel: Am Walkeweg entsteht Wohnraum f\u00fcr 650 Menschen\",\"datePublished\":\"2020-12-22T07:37:04+00:00\",\"mainEntityOfPage\":{\"@id\":\"https:\\\/\\\/www.immobilienbusiness.ch\\\/regionen\\\/2020-12-22\\\/basel-auf-dem-areal-walkeweg-ensteht-wohnraum-fuer-650-menschen\\\/\"},\"wordCount\":221,\"publisher\":{\"@id\":\"https:\\\/\\\/www.immobilienbusiness.ch\\\/#organization\"},\"image\":{\"@id\":\"https:\\\/\\\/www.immobilienbusiness.ch\\\/regionen\\\/2020-12-22\\\/basel-auf-dem-areal-walkeweg-ensteht-wohnraum-fuer-650-menschen\\\/#primaryimage\"},\"thumbnailUrl\":\"https:\\\/\\\/www.immobilienbusiness.ch\\\/wp-content\\\/uploads\\\/2020\\\/12\\\/Visualisierung-Walkeweg-Wohngasse-\u00a9camponovo-baumgartner-architekten.jpg\",\"keywords\":[\"Basel\",\"Projekt in Planung\",\"Wohnimmobilien\"],\"articleSection\":[\"REGIONEN\"],\"inLanguage\":\"de\"},{\"@type\":\"WebPage\",\"@id\":\"https:\\\/\\\/www.immobilienbusiness.ch\\\/regionen\\\/2020-12-22\\\/basel-auf-dem-areal-walkeweg-ensteht-wohnraum-fuer-650-menschen\\\/\",\"url\":\"https:\\\/\\\/www.immobilienbusiness.ch\\\/regionen\\\/2020-12-22\\\/basel-auf-dem-areal-walkeweg-ensteht-wohnraum-fuer-650-menschen\\\/\",\"name\":\"Basel: Am Walkeweg entsteht Wohnraum f\u00fcr 650 Menschen - IMMOBILIEN Business\",\"isPartOf\":{\"@id\":\"https:\\\/\\\/www.immobilienbusiness.ch\\\/#website\"},\"primaryImageOfPage\":{\"@id\":\"https:\\\/\\\/www.immobilienbusiness.ch\\\/regionen\\\/2020-12-22\\\/basel-auf-dem-areal-walkeweg-ensteht-wohnraum-fuer-650-menschen\\\/#primaryimage\"},\"image\":{\"@id\":\"https:\\\/\\\/www.immobilienbusiness.ch\\\/regionen\\\/2020-12-22\\\/basel-auf-dem-areal-walkeweg-ensteht-wohnraum-fuer-650-menschen\\\/#primaryimage\"},\"thumbnailUrl\":\"https:\\\/\\\/www.immobilienbusiness.ch\\\/wp-content\\\/uploads\\\/2020\\\/12\\\/Visualisierung-Walkeweg-Wohngasse-\u00a9camponovo-baumgartner-architekten.jpg\",\"datePublished\":\"2020-12-22T07:37:04+00:00\",\"description\":\"Auf dem Areal Walkeweg in Basel sollen preisg\u00fcnstiger Wohnraum f\u00fcr 650 Personen, eine Schule mit Kindergarten sowie ein Quartierplatz entstehen.\",\"breadcrumb\":{\"@id\":\"https:\\\/\\\/www.immobilienbusiness.ch\\\/regionen\\\/2020-12-22\\\/basel-auf-dem-areal-walkeweg-ensteht-wohnraum-fuer-650-menschen\\\/#breadcrumb\"},\"inLanguage\":\"de\",\"potentialAction\":[{\"@type\":\"ReadAction\",\"target\":[\"https:\\\/\\\/www.immobilienbusiness.ch\\\/regionen\\\/2020-12-22\\\/basel-auf-dem-areal-walkeweg-ensteht-wohnraum-fuer-650-menschen\\\/\"]}]},{\"@type\":\"ImageObject\",\"inLanguage\":\"de\",\"@id\":\"https:\\\/\\\/www.immobilienbusiness.ch\\\/regionen\\\/2020-12-22\\\/basel-auf-dem-areal-walkeweg-ensteht-wohnraum-fuer-650-menschen\\\/#primaryimage\",\"url\":\"https:\\\/\\\/www.immobilienbusiness.ch\\\/wp-content\\\/uploads\\\/2020\\\/12\\\/Visualisierung-Walkeweg-Wohngasse-\u00a9camponovo-baumgartner-architekten.jpg\",\"contentUrl\":\"https:\\\/\\\/www.immobilienbusiness.ch\\\/wp-content\\\/uploads\\\/2020\\\/12\\\/Visualisierung-Walkeweg-Wohngasse-\u00a9camponovo-baumgartner-architekten.jpg\",\"width\":496,\"height\":331,\"caption\":\"Visualisierung einer Wohngasse auf dem Areal Walkeweg (\u00a9camponovo baumgartner architekten)\"},{\"@type\":\"BreadcrumbList\",\"@id\":\"https:\\\/\\\/www.immobilienbusiness.ch\\\/regionen\\\/2020-12-22\\\/basel-auf-dem-areal-walkeweg-ensteht-wohnraum-fuer-650-menschen\\\/#breadcrumb\",\"itemListElement\":[{\"@type\":\"ListItem\",\"position\":1,\"name\":\"Home\",\"item\":\"https:\\\/\\\/www.immobilienbusiness.ch\\\/\"},{\"@type\":\"ListItem\",\"position\":2,\"name\":\"Basel: Am Walkeweg entsteht Wohnraum f\u00fcr 650 Menschen\"}]},{\"@type\":\"WebSite\",\"@id\":\"https:\\\/\\\/www.immobilienbusiness.ch\\\/#website\",\"url\":\"https:\\\/\\\/www.immobilienbusiness.ch\\\/\",\"name\":\"IMMOBILIEN Business\",\"description\":\"Unabh\u00e4ngiges Schweizer Wirtschaftsmagazin mit Fokus auf Immobilien, Architektur- und Bau sowie Investment- und Finanzierung.\",\"publisher\":{\"@id\":\"https:\\\/\\\/www.immobilienbusiness.ch\\\/#organization\"},\"potentialAction\":[{\"@type\":\"SearchAction\",\"target\":{\"@type\":\"EntryPoint\",\"urlTemplate\":\"https:\\\/\\\/www.immobilienbusiness.ch\\\/?s={search_term_string}\"},\"query-input\":{\"@type\":\"PropertyValueSpecification\",\"valueRequired\":true,\"valueName\":\"search_term_string\"}}],\"inLanguage\":\"de\"},{\"@type\":\"Organization\",\"@id\":\"https:\\\/\\\/www.immobilienbusiness.ch\\\/#organization\",\"name\":\"IMMOBILIEN Business\",\"url\":\"https:\\\/\\\/www.immobilienbusiness.ch\\\/\",\"logo\":{\"@type\":\"ImageObject\",\"inLanguage\":\"de\",\"@id\":\"https:\\\/\\\/www.immobilienbusiness.ch\\\/#\\\/schema\\\/logo\\\/image\\\/\",\"url\":\"https:\\\/\\\/www.immobilienbusiness.ch\\\/wp-content\\\/uploads\\\/2021\\\/07\\\/logo_ib.png\",\"contentUrl\":\"https:\\\/\\\/www.immobilienbusiness.ch\\\/wp-content\\\/uploads\\\/2021\\\/07\\\/logo_ib.png\",\"width\":800,\"height\":181,\"caption\":\"IMMOBILIEN Business\"},\"image\":{\"@id\":\"https:\\\/\\\/www.immobilienbusiness.ch\\\/#\\\/schema\\\/logo\\\/image\\\/\"},\"sameAs\":[\"https:\\\/\\\/www.facebook.com\\\/immobilienbusiness\\\/\"]},{\"@type\":\"Person\",\"@id\":\"https:\\\/\\\/www.immobilienbusiness.ch\\\/#\\\/schema\\\/person\\\/3fc036297b10b9f42d6db5ee932af8c8\",\"name\":\"anja.hall\",\"image\":{\"@type\":\"ImageObject\",\"inLanguage\":\"de\",\"@id\":\"https:\\\/\\\/secure.gravatar.com\\\/avatar\\\/066b5a0d447013502c71a5782f4f3469f03cfe595cc2329fb94652fe47511bfb?s=96&d=mm&r=g\",\"url\":\"https:\\\/\\\/secure.gravatar.com\\\/avatar\\\/066b5a0d447013502c71a5782f4f3469f03cfe595cc2329fb94652fe47511bfb?s=96&d=mm&r=g\",\"contentUrl\":\"https:\\\/\\\/secure.gravatar.com\\\/avatar\\\/066b5a0d447013502c71a5782f4f3469f03cfe595cc2329fb94652fe47511bfb?s=96&d=mm&r=g\",\"caption\":\"anja.hall\"},\"url\":\"https:\\\/\\\/www.immobilienbusiness.ch\\\/de\\\/author\\\/anja-hall\\\/\"}]}<\/script>\n<!-- \/ Yoast SEO plugin. -->","yoast_head_json":{"title":"Basel: Am Walkeweg entsteht Wohnraum f\u00fcr 650 Menschen - IMMOBILIEN Business","description":"Auf dem Areal Walkeweg in Basel sollen preisg\u00fcnstiger Wohnraum f\u00fcr 650 Personen, eine Schule mit Kindergarten sowie ein Quartierplatz entstehen.","robots":{"index":"index","follow":"follow","max-snippet":"max-snippet:-1","max-image-preview":"max-image-preview:large","max-video-preview":"max-video-preview:-1"},"canonical":"https:\/\/www.immobilienbusiness.ch\/de\/regionen\/2020-12-22\/basel-auf-dem-areal-walkeweg-ensteht-wohnraum-fuer-650-menschen\/","og_locale":"de_DE","og_type":"article","og_title":"Basel: Am Walkeweg entsteht Wohnraum f\u00fcr 650 Menschen - IMMOBILIEN Business","og_description":"Auf dem Areal Walkeweg in Basel sollen preisg\u00fcnstiger Wohnraum f\u00fcr 650 Personen, eine Schule mit Kindergarten sowie ein Quartierplatz entstehen.","og_url":"https:\/\/www.immobilienbusiness.ch\/de\/regionen\/2020-12-22\/basel-auf-dem-areal-walkeweg-ensteht-wohnraum-fuer-650-menschen\/","og_site_name":"IMMOBILIEN Business","article_publisher":"https:\/\/www.facebook.com\/immobilienbusiness\/","article_published_time":"2020-12-22T07:37:04+00:00","og_image":[{"width":496,"height":331,"url":"https:\/\/www.immobilienbusiness.ch\/wp-content\/uploads\/2020\/12\/Visualisierung-Walkeweg-Wohngasse-\u00a9camponovo-baumgartner-architekten.jpg","type":"image\/jpeg"}],"author":"anja.hall","twitter_card":"summary_large_image","twitter_image":"https:\/\/www.immobilienbusiness.ch\/wp-content\/uploads\/2020\/12\/Visualisierung-Walkeweg-Wohngasse-\u00a9camponovo-baumgartner-architekten.jpg","schema":{"@context":"https:\/\/schema.org","@graph":[{"@type":"Article","@id":"https:\/\/www.immobilienbusiness.ch\/regionen\/2020-12-22\/basel-auf-dem-areal-walkeweg-ensteht-wohnraum-fuer-650-menschen\/#article","isPartOf":{"@id":"https:\/\/www.immobilienbusiness.ch\/regionen\/2020-12-22\/basel-auf-dem-areal-walkeweg-ensteht-wohnraum-fuer-650-menschen\/"},"author":{"name":"anja.hall","@id":"https:\/\/www.immobilienbusiness.ch\/#\/schema\/person\/3fc036297b10b9f42d6db5ee932af8c8"},"headline":"Basel: Am Walkeweg entsteht Wohnraum f\u00fcr 650 Menschen","datePublished":"2020-12-22T07:37:04+00:00","mainEntityOfPage":{"@id":"https:\/\/www.immobilienbusiness.ch\/regionen\/2020-12-22\/basel-auf-dem-areal-walkeweg-ensteht-wohnraum-fuer-650-menschen\/"},"wordCount":221,"publisher":{"@id":"https:\/\/www.immobilienbusiness.ch\/#organization"},"image":{"@id":"https:\/\/www.immobilienbusiness.ch\/regionen\/2020-12-22\/basel-auf-dem-areal-walkeweg-ensteht-wohnraum-fuer-650-menschen\/#primaryimage"},"thumbnailUrl":"https:\/\/www.immobilienbusiness.ch\/wp-content\/uploads\/2020\/12\/Visualisierung-Walkeweg-Wohngasse-\u00a9camponovo-baumgartner-architekten.jpg","keywords":["Basel","Projekt in Planung","Wohnimmobilien"],"articleSection":["REGIONEN"],"inLanguage":"de"},{"@type":"WebPage","@id":"https:\/\/www.immobilienbusiness.ch\/regionen\/2020-12-22\/basel-auf-dem-areal-walkeweg-ensteht-wohnraum-fuer-650-menschen\/","url":"https:\/\/www.immobilienbusiness.ch\/regionen\/2020-12-22\/basel-auf-dem-areal-walkeweg-ensteht-wohnraum-fuer-650-menschen\/","name":"Basel: Am Walkeweg entsteht Wohnraum f\u00fcr 650 Menschen - IMMOBILIEN Business","isPartOf":{"@id":"https:\/\/www.immobilienbusiness.ch\/#website"},"primaryImageOfPage":{"@id":"https:\/\/www.immobilienbusiness.ch\/regionen\/2020-12-22\/basel-auf-dem-areal-walkeweg-ensteht-wohnraum-fuer-650-menschen\/#primaryimage"},"image":{"@id":"https:\/\/www.immobilienbusiness.ch\/regionen\/2020-12-22\/basel-auf-dem-areal-walkeweg-ensteht-wohnraum-fuer-650-menschen\/#primaryimage"},"thumbnailUrl":"https:\/\/www.immobilienbusiness.ch\/wp-content\/uploads\/2020\/12\/Visualisierung-Walkeweg-Wohngasse-\u00a9camponovo-baumgartner-architekten.jpg","datePublished":"2020-12-22T07:37:04+00:00","description":"Auf dem Areal Walkeweg in Basel sollen preisg\u00fcnstiger Wohnraum f\u00fcr 650 Personen, eine Schule mit Kindergarten sowie ein Quartierplatz entstehen.","breadcrumb":{"@id":"https:\/\/www.immobilienbusiness.ch\/regionen\/2020-12-22\/basel-auf-dem-areal-walkeweg-ensteht-wohnraum-fuer-650-menschen\/#breadcrumb"},"inLanguage":"de","potentialAction":[{"@type":"ReadAction","target":["https:\/\/www.immobilienbusiness.ch\/regionen\/2020-12-22\/basel-auf-dem-areal-walkeweg-ensteht-wohnraum-fuer-650-menschen\/"]}]},{"@type":"ImageObject","inLanguage":"de","@id":"https:\/\/www.immobilienbusiness.ch\/regionen\/2020-12-22\/basel-auf-dem-areal-walkeweg-ensteht-wohnraum-fuer-650-menschen\/#primaryimage","url":"https:\/\/www.immobilienbusiness.ch\/wp-content\/uploads\/2020\/12\/Visualisierung-Walkeweg-Wohngasse-\u00a9camponovo-baumgartner-architekten.jpg","contentUrl":"https:\/\/www.immobilienbusiness.ch\/wp-content\/uploads\/2020\/12\/Visualisierung-Walkeweg-Wohngasse-\u00a9camponovo-baumgartner-architekten.jpg","width":496,"height":331,"caption":"Visualisierung einer Wohngasse auf dem Areal Walkeweg (\u00a9camponovo baumgartner architekten)"},{"@type":"BreadcrumbList","@id":"https:\/\/www.immobilienbusiness.ch\/regionen\/2020-12-22\/basel-auf-dem-areal-walkeweg-ensteht-wohnraum-fuer-650-menschen\/#breadcrumb","itemListElement":[{"@type":"ListItem","position":1,"name":"Home","item":"https:\/\/www.immobilienbusiness.ch\/"},{"@type":"ListItem","position":2,"name":"Basel: Am Walkeweg entsteht Wohnraum f\u00fcr 650 Menschen"}]},{"@type":"WebSite","@id":"https:\/\/www.immobilienbusiness.ch\/#website","url":"https:\/\/www.immobilienbusiness.ch\/","name":"IMMOBILIEN Business","description":"Unabh\u00e4ngiges Schweizer Wirtschaftsmagazin mit Fokus auf Immobilien, Architektur- und Bau sowie Investment- und Finanzierung.","publisher":{"@id":"https:\/\/www.immobilienbusiness.ch\/#organization"},"potentialAction":[{"@type":"SearchAction","target":{"@type":"EntryPoint","urlTemplate":"https:\/\/www.immobilienbusiness.ch\/?s={search_term_string}"},"query-input":{"@type":"PropertyValueSpecification","valueRequired":true,"valueName":"search_term_string"}}],"inLanguage":"de"},{"@type":"Organization","@id":"https:\/\/www.immobilienbusiness.ch\/#organization","name":"IMMOBILIEN Business","url":"https:\/\/www.immobilienbusiness.ch\/","logo":{"@type":"ImageObject","inLanguage":"de","@id":"https:\/\/www.immobilienbusiness.ch\/#\/schema\/logo\/image\/","url":"https:\/\/www.immobilienbusiness.ch\/wp-content\/uploads\/2021\/07\/logo_ib.png","contentUrl":"https:\/\/www.immobilienbusiness.ch\/wp-content\/uploads\/2021\/07\/logo_ib.png","width":800,"height":181,"caption":"IMMOBILIEN Business"},"image":{"@id":"https:\/\/www.immobilienbusiness.ch\/#\/schema\/logo\/image\/"},"sameAs":["https:\/\/www.facebook.com\/immobilienbusiness\/"]},{"@type":"Person","@id":"https:\/\/www.immobilienbusiness.ch\/#\/schema\/person\/3fc036297b10b9f42d6db5ee932af8c8","name":"anja.hall","image":{"@type":"ImageObject","inLanguage":"de","@id":"https:\/\/secure.gravatar.com\/avatar\/066b5a0d447013502c71a5782f4f3469f03cfe595cc2329fb94652fe47511bfb?s=96&d=mm&r=g","url":"https:\/\/secure.gravatar.com\/avatar\/066b5a0d447013502c71a5782f4f3469f03cfe595cc2329fb94652fe47511bfb?s=96&d=mm&r=g","contentUrl":"https:\/\/secure.gravatar.com\/avatar\/066b5a0d447013502c71a5782f4f3469f03cfe595cc2329fb94652fe47511bfb?s=96&d=mm&r=g","caption":"anja.hall"},"url":"https:\/\/www.immobilienbusiness.ch\/de\/author\/anja-hall\/"}]}},"_links":{"self":[{"href":"https:\/\/www.immobilienbusiness.ch\/de\/wp-json\/wp\/v2\/posts\/23120","targetHints":{"allow":["GET"]}}],"collection":[{"href":"https:\/\/www.immobilienbusiness.ch\/de\/wp-json\/wp\/v2\/posts"}],"about":[{"href":"https:\/\/www.immobilienbusiness.ch\/de\/wp-json\/wp\/v2\/types\/post"}],"author":[{"embeddable":true,"href":"https:\/\/www.immobilienbusiness.ch\/de\/wp-json\/wp\/v2\/users\/3"}],"replies":[{"embeddable":true,"href":"https:\/\/www.immobilienbusiness.ch\/de\/wp-json\/wp\/v2\/comments?post=23120"}],"version-history":[{"count":0,"href":"https:\/\/www.immobilienbusiness.ch\/de\/wp-json\/wp\/v2\/posts\/23120\/revisions"}],"wp:featuredmedia":[{"embeddable":true,"href":"https:\/\/www.immobilienbusiness.ch\/de\/wp-json\/wp\/v2\/media\/23121"}],"wp:attachment":[{"href":"https:\/\/www.immobilienbusiness.ch\/de\/wp-json\/wp\/v2\/media?parent=23120"}],"wp:term":[{"taxonomy":"category","embeddable":true,"href":"https:\/\/www.immobilienbusiness.ch\/de\/wp-json\/wp\/v2\/categories?post=23120"},{"taxonomy":"post_tag","embeddable":true,"href":"https:\/\/www.immobilienbusiness.ch\/de\/wp-json\/wp\/v2\/tags?post=23120"}],"curies":[{"name":"wp","href":"https:\/\/api.w.org\/{rel}","templated":true}]}}