{"id":23114,"date":"2020-12-21T09:06:00","date_gmt":"2020-12-21T08:06:00","guid":{"rendered":"https:\/\/www.immobilienbusiness.ch\/?p=23114"},"modified":"2023-08-09T20:11:27","modified_gmt":"2023-08-09T18:11:27","slug":"terra-helvetica-drei-zukaeufe-fuer-neue-anlagegruppe","status":"publish","type":"post","link":"https:\/\/www.immobilienbusiness.ch\/de\/unternehmen\/2020-12-21\/terra-helvetica-drei-zukaeufe-fuer-neue-anlagegruppe\/","title":{"rendered":"Terra Helvetica: Drei Zuk\u00e4ufe f\u00fcr neue Anlagegruppe"},"content":{"rendered":"<figure id=\"attachment_12958\" aria-describedby=\"caption-attachment-12958\" style=\"width: 300px\" class=\"wp-caption alignnone\"><img loading=\"lazy\" decoding=\"async\" class=\"wp-image-12958 size-medium\" src=\"https:\/\/www.immobilienbusiness.ch\/wp-content\/uploads\/2018\/06\/Depositphotos_12390397_m-2015-300x200.jpg\" alt=\"Terra Helvetica\" width=\"300\" height=\"200\" srcset=\"https:\/\/www.immobilienbusiness.ch\/wp-content\/uploads\/2018\/06\/Depositphotos_12390397_m-2015-300x200.jpg 300w, https:\/\/www.immobilienbusiness.ch\/wp-content\/uploads\/2018\/06\/Depositphotos_12390397_m-2015-768x512.jpg 768w, https:\/\/www.immobilienbusiness.ch\/wp-content\/uploads\/2018\/06\/Depositphotos_12390397_m-2015-16x12.jpg 16w, https:\/\/www.immobilienbusiness.ch\/wp-content\/uploads\/2018\/06\/Depositphotos_12390397_m-2015-262x175.jpg 262w, https:\/\/www.immobilienbusiness.ch\/wp-content\/uploads\/2018\/06\/Depositphotos_12390397_m-2015-525x350.jpg 525w, https:\/\/www.immobilienbusiness.ch\/wp-content\/uploads\/2018\/06\/Depositphotos_12390397_m-2015-920x614.jpg 920w, https:\/\/www.immobilienbusiness.ch\/wp-content\/uploads\/2018\/06\/Depositphotos_12390397_m-2015.jpg 1000w\" sizes=\"auto, (max-width: 300px) 100vw, 300px\" \/><figcaption id=\"caption-attachment-12958\" class=\"wp-caption-text\">Die neue Anlagestiftung Terra Helvetica hat drei Wohnliegenschaften erworben (Bild: strelok &#8211; depositphotos)<\/figcaption><\/figure>\n<p>Die Anlagegruppe Wohnen Schweiz der im Fr\u00fchjahr 2020 gegr\u00fcndeten Anlagestiftung Terra Helvetica hat im Rahmen ihrer ersten Emission zwischen Mai und Juli dieses Jahres rund 26 Millionen CHF eingesammelt. Das gesamte Kapital ist nach Angaben der Anlagestiftung bis Mitte Dezember in drei vollvermietete Wohnliegenschaften in den Kantonen St. Gallen und Bern investiert worden. Die Bruttorendite wird auf durchschnittlich 4,40% beziffert.<\/p>\n<p>Die Liegenschaften w\u00fcrden dem hohen Standard entsprechen, welcher f\u00fcr Investitionen mit Schwergewicht auf \u00abbezahlbares Wohnen\u00bb festgelegt worden sei, so Terra Helvetica.<\/p>\n<p>In den kommenden Jahren will die Anlagestiftung das Portfolio der Anlagegruppe sukzessive ausbauen, wobei pro Jahr ein Zuwachs von mindestens 60 Millionen angestrebt sei. Als langfristige Anlagerendite stellt Terra Helvetica ein Zielband von 3% bis 4% in Aussicht, die in erster Linie mit dem erarbeiteten Cash Flow erreicht werden soll.<\/p>\n<p>Die Admicasa Management AG hat die Erstemission als Vertriebspartnerin begleitet und soll auch f\u00fcr die Beschaffung weiteren Anlagekapitals zust\u00e4ndig sein. Eine zweite Emission ist derzeit mit einem Abruf per Ende Februar bzw. Anfang M\u00e4rz 2021 geplant. <em>(ah)<\/em><\/p>\n","protected":false},"excerpt":{"rendered":"<p>Die Anlagegruppe Wohnen Schweiz der neuen Anlagestiftung Terra Helvetica hat bislang 26 Millionen CHF in drei Wohnliegenschaften investiert.<\/p>\n","protected":false},"author":3,"featured_media":12958,"comment_status":"closed","ping_status":"closed","sticky":false,"template":"","format":"standard","meta":{"_acf_changed":false,"_yoast_wpseo_focuskw":"Terra Helvetica","_yoast_wpseo_title":"","_yoast_wpseo_metadesc":"Die Anlagegruppe Wohnen Schweiz der neuen Anlagestiftung Terra Helvetica hat bislang 26 Millionen CHF in drei Wohnliegenschaften investiert.","_yoast_wpseo_linkdex":44,"pgc_sgb_lightbox_settings":"","footnotes":""},"categories":[988],"tags":[1030,1863],"class_list":["post-23114","post","type-post","status-publish","format-standard","has-post-thumbnail","hentry","category-unternehmen","tag-anlagestiftung","tag-wohnimmobilien"],"acf":[],"yoast_head":"<!-- This site is optimized with the Yoast SEO plugin v27.4 - https:\/\/yoast.com\/product\/yoast-seo-wordpress\/ -->\n<title>Terra Helvetica: Drei Zuk\u00e4ufe f\u00fcr neue Anlagegruppe - IMMOBILIEN Business<\/title>\n<meta name=\"description\" content=\"Die Anlagegruppe Wohnen Schweiz der neuen Anlagestiftung Terra Helvetica hat bislang 26 Millionen CHF in drei Wohnliegenschaften investiert.\" \/>\n<meta name=\"robots\" content=\"index, follow, max-snippet:-1, max-image-preview:large, max-video-preview:-1\" \/>\n<link rel=\"canonical\" href=\"https:\/\/www.immobilienbusiness.ch\/de\/unternehmen\/2020-12-21\/terra-helvetica-drei-zukaeufe-fuer-neue-anlagegruppe\/\" \/>\n<meta property=\"og:locale\" content=\"de_DE\" \/>\n<meta property=\"og:type\" content=\"article\" \/>\n<meta property=\"og:title\" content=\"Terra Helvetica: Drei Zuk\u00e4ufe f\u00fcr neue Anlagegruppe - IMMOBILIEN Business\" \/>\n<meta property=\"og:description\" content=\"Die Anlagegruppe Wohnen Schweiz der neuen Anlagestiftung Terra Helvetica hat bislang 26 Millionen CHF in drei Wohnliegenschaften investiert.\" \/>\n<meta property=\"og:url\" content=\"https:\/\/www.immobilienbusiness.ch\/de\/unternehmen\/2020-12-21\/terra-helvetica-drei-zukaeufe-fuer-neue-anlagegruppe\/\" \/>\n<meta property=\"og:site_name\" content=\"IMMOBILIEN Business\" \/>\n<meta property=\"article:publisher\" content=\"https:\/\/www.facebook.com\/immobilienbusiness\/\" \/>\n<meta property=\"article:published_time\" content=\"2020-12-21T08:06:00+00:00\" \/>\n<meta property=\"article:modified_time\" content=\"2023-08-09T18:11:27+00:00\" \/>\n<meta property=\"og:image\" content=\"https:\/\/www.immobilienbusiness.ch\/wp-content\/uploads\/2018\/06\/Depositphotos_12390397_m-2015.jpg\" \/>\n\t<meta property=\"og:image:width\" content=\"1000\" \/>\n\t<meta property=\"og:image:height\" content=\"667\" \/>\n\t<meta property=\"og:image:type\" content=\"image\/jpeg\" \/>\n<meta name=\"author\" content=\"anja.hall\" \/>\n<meta name=\"twitter:card\" content=\"summary_large_image\" \/>\n<meta name=\"twitter:image\" content=\"https:\/\/www.immobilienbusiness.ch\/wp-content\/uploads\/2018\/06\/Depositphotos_12390397_m-2015.jpg\" \/>\n<script type=\"application\/ld+json\" class=\"yoast-schema-graph\">{\"@context\":\"https:\\\/\\\/schema.org\",\"@graph\":[{\"@type\":\"Article\",\"@id\":\"https:\\\/\\\/www.immobilienbusiness.ch\\\/unternehmen\\\/2020-12-21\\\/terra-helvetica-drei-zukaeufe-fuer-neue-anlagegruppe\\\/#article\",\"isPartOf\":{\"@id\":\"https:\\\/\\\/www.immobilienbusiness.ch\\\/unternehmen\\\/2020-12-21\\\/terra-helvetica-drei-zukaeufe-fuer-neue-anlagegruppe\\\/\"},\"author\":{\"name\":\"anja.hall\",\"@id\":\"https:\\\/\\\/www.immobilienbusiness.ch\\\/#\\\/schema\\\/person\\\/3fc036297b10b9f42d6db5ee932af8c8\"},\"headline\":\"Terra Helvetica: Drei Zuk\u00e4ufe f\u00fcr neue Anlagegruppe\",\"datePublished\":\"2020-12-21T08:06:00+00:00\",\"dateModified\":\"2023-08-09T18:11:27+00:00\",\"mainEntityOfPage\":{\"@id\":\"https:\\\/\\\/www.immobilienbusiness.ch\\\/unternehmen\\\/2020-12-21\\\/terra-helvetica-drei-zukaeufe-fuer-neue-anlagegruppe\\\/\"},\"wordCount\":197,\"publisher\":{\"@id\":\"https:\\\/\\\/www.immobilienbusiness.ch\\\/#organization\"},\"image\":{\"@id\":\"https:\\\/\\\/www.immobilienbusiness.ch\\\/unternehmen\\\/2020-12-21\\\/terra-helvetica-drei-zukaeufe-fuer-neue-anlagegruppe\\\/#primaryimage\"},\"thumbnailUrl\":\"https:\\\/\\\/www.immobilienbusiness.ch\\\/wp-content\\\/uploads\\\/2018\\\/06\\\/Depositphotos_12390397_m-2015.jpg\",\"keywords\":[\"Anlagestiftung\",\"Wohnimmobilien\"],\"articleSection\":[\"UNTERNEHMEN\"],\"inLanguage\":\"de\"},{\"@type\":\"WebPage\",\"@id\":\"https:\\\/\\\/www.immobilienbusiness.ch\\\/unternehmen\\\/2020-12-21\\\/terra-helvetica-drei-zukaeufe-fuer-neue-anlagegruppe\\\/\",\"url\":\"https:\\\/\\\/www.immobilienbusiness.ch\\\/unternehmen\\\/2020-12-21\\\/terra-helvetica-drei-zukaeufe-fuer-neue-anlagegruppe\\\/\",\"name\":\"Terra Helvetica: Drei Zuk\u00e4ufe f\u00fcr neue Anlagegruppe - IMMOBILIEN Business\",\"isPartOf\":{\"@id\":\"https:\\\/\\\/www.immobilienbusiness.ch\\\/#website\"},\"primaryImageOfPage\":{\"@id\":\"https:\\\/\\\/www.immobilienbusiness.ch\\\/unternehmen\\\/2020-12-21\\\/terra-helvetica-drei-zukaeufe-fuer-neue-anlagegruppe\\\/#primaryimage\"},\"image\":{\"@id\":\"https:\\\/\\\/www.immobilienbusiness.ch\\\/unternehmen\\\/2020-12-21\\\/terra-helvetica-drei-zukaeufe-fuer-neue-anlagegruppe\\\/#primaryimage\"},\"thumbnailUrl\":\"https:\\\/\\\/www.immobilienbusiness.ch\\\/wp-content\\\/uploads\\\/2018\\\/06\\\/Depositphotos_12390397_m-2015.jpg\",\"datePublished\":\"2020-12-21T08:06:00+00:00\",\"dateModified\":\"2023-08-09T18:11:27+00:00\",\"description\":\"Die Anlagegruppe Wohnen Schweiz der neuen Anlagestiftung Terra Helvetica hat bislang 26 Millionen CHF in drei Wohnliegenschaften investiert.\",\"breadcrumb\":{\"@id\":\"https:\\\/\\\/www.immobilienbusiness.ch\\\/unternehmen\\\/2020-12-21\\\/terra-helvetica-drei-zukaeufe-fuer-neue-anlagegruppe\\\/#breadcrumb\"},\"inLanguage\":\"de\",\"potentialAction\":[{\"@type\":\"ReadAction\",\"target\":[\"https:\\\/\\\/www.immobilienbusiness.ch\\\/unternehmen\\\/2020-12-21\\\/terra-helvetica-drei-zukaeufe-fuer-neue-anlagegruppe\\\/\"]}]},{\"@type\":\"ImageObject\",\"inLanguage\":\"de\",\"@id\":\"https:\\\/\\\/www.immobilienbusiness.ch\\\/unternehmen\\\/2020-12-21\\\/terra-helvetica-drei-zukaeufe-fuer-neue-anlagegruppe\\\/#primaryimage\",\"url\":\"https:\\\/\\\/www.immobilienbusiness.ch\\\/wp-content\\\/uploads\\\/2018\\\/06\\\/Depositphotos_12390397_m-2015.jpg\",\"contentUrl\":\"https:\\\/\\\/www.immobilienbusiness.ch\\\/wp-content\\\/uploads\\\/2018\\\/06\\\/Depositphotos_12390397_m-2015.jpg\",\"width\":1000,\"height\":667,\"caption\":\"Expansion strelok - depositphotos\"},{\"@type\":\"BreadcrumbList\",\"@id\":\"https:\\\/\\\/www.immobilienbusiness.ch\\\/unternehmen\\\/2020-12-21\\\/terra-helvetica-drei-zukaeufe-fuer-neue-anlagegruppe\\\/#breadcrumb\",\"itemListElement\":[{\"@type\":\"ListItem\",\"position\":1,\"name\":\"Home\",\"item\":\"https:\\\/\\\/www.immobilienbusiness.ch\\\/\"},{\"@type\":\"ListItem\",\"position\":2,\"name\":\"Terra Helvetica: Drei Zuk\u00e4ufe f\u00fcr neue Anlagegruppe\"}]},{\"@type\":\"WebSite\",\"@id\":\"https:\\\/\\\/www.immobilienbusiness.ch\\\/#website\",\"url\":\"https:\\\/\\\/www.immobilienbusiness.ch\\\/\",\"name\":\"IMMOBILIEN Business\",\"description\":\"Unabh\u00e4ngiges Schweizer Wirtschaftsmagazin mit Fokus auf Immobilien, Architektur- und Bau sowie Investment- und Finanzierung.\",\"publisher\":{\"@id\":\"https:\\\/\\\/www.immobilienbusiness.ch\\\/#organization\"},\"potentialAction\":[{\"@type\":\"SearchAction\",\"target\":{\"@type\":\"EntryPoint\",\"urlTemplate\":\"https:\\\/\\\/www.immobilienbusiness.ch\\\/?s={search_term_string}\"},\"query-input\":{\"@type\":\"PropertyValueSpecification\",\"valueRequired\":true,\"valueName\":\"search_term_string\"}}],\"inLanguage\":\"de\"},{\"@type\":\"Organization\",\"@id\":\"https:\\\/\\\/www.immobilienbusiness.ch\\\/#organization\",\"name\":\"IMMOBILIEN Business\",\"url\":\"https:\\\/\\\/www.immobilienbusiness.ch\\\/\",\"logo\":{\"@type\":\"ImageObject\",\"inLanguage\":\"de\",\"@id\":\"https:\\\/\\\/www.immobilienbusiness.ch\\\/#\\\/schema\\\/logo\\\/image\\\/\",\"url\":\"https:\\\/\\\/www.immobilienbusiness.ch\\\/wp-content\\\/uploads\\\/2021\\\/07\\\/logo_ib.png\",\"contentUrl\":\"https:\\\/\\\/www.immobilienbusiness.ch\\\/wp-content\\\/uploads\\\/2021\\\/07\\\/logo_ib.png\",\"width\":800,\"height\":181,\"caption\":\"IMMOBILIEN Business\"},\"image\":{\"@id\":\"https:\\\/\\\/www.immobilienbusiness.ch\\\/#\\\/schema\\\/logo\\\/image\\\/\"},\"sameAs\":[\"https:\\\/\\\/www.facebook.com\\\/immobilienbusiness\\\/\"]},{\"@type\":\"Person\",\"@id\":\"https:\\\/\\\/www.immobilienbusiness.ch\\\/#\\\/schema\\\/person\\\/3fc036297b10b9f42d6db5ee932af8c8\",\"name\":\"anja.hall\",\"image\":{\"@type\":\"ImageObject\",\"inLanguage\":\"de\",\"@id\":\"https:\\\/\\\/secure.gravatar.com\\\/avatar\\\/066b5a0d447013502c71a5782f4f3469f03cfe595cc2329fb94652fe47511bfb?s=96&d=mm&r=g\",\"url\":\"https:\\\/\\\/secure.gravatar.com\\\/avatar\\\/066b5a0d447013502c71a5782f4f3469f03cfe595cc2329fb94652fe47511bfb?s=96&d=mm&r=g\",\"contentUrl\":\"https:\\\/\\\/secure.gravatar.com\\\/avatar\\\/066b5a0d447013502c71a5782f4f3469f03cfe595cc2329fb94652fe47511bfb?s=96&d=mm&r=g\",\"caption\":\"anja.hall\"},\"url\":\"https:\\\/\\\/www.immobilienbusiness.ch\\\/de\\\/author\\\/anja-hall\\\/\"}]}<\/script>\n<!-- \/ Yoast SEO plugin. -->","yoast_head_json":{"title":"Terra Helvetica: Drei Zuk\u00e4ufe f\u00fcr neue Anlagegruppe - IMMOBILIEN Business","description":"Die Anlagegruppe Wohnen Schweiz der neuen Anlagestiftung Terra Helvetica hat bislang 26 Millionen CHF in drei Wohnliegenschaften investiert.","robots":{"index":"index","follow":"follow","max-snippet":"max-snippet:-1","max-image-preview":"max-image-preview:large","max-video-preview":"max-video-preview:-1"},"canonical":"https:\/\/www.immobilienbusiness.ch\/de\/unternehmen\/2020-12-21\/terra-helvetica-drei-zukaeufe-fuer-neue-anlagegruppe\/","og_locale":"de_DE","og_type":"article","og_title":"Terra Helvetica: Drei Zuk\u00e4ufe f\u00fcr neue Anlagegruppe - IMMOBILIEN Business","og_description":"Die Anlagegruppe Wohnen Schweiz der neuen Anlagestiftung Terra Helvetica hat bislang 26 Millionen CHF in drei Wohnliegenschaften investiert.","og_url":"https:\/\/www.immobilienbusiness.ch\/de\/unternehmen\/2020-12-21\/terra-helvetica-drei-zukaeufe-fuer-neue-anlagegruppe\/","og_site_name":"IMMOBILIEN Business","article_publisher":"https:\/\/www.facebook.com\/immobilienbusiness\/","article_published_time":"2020-12-21T08:06:00+00:00","article_modified_time":"2023-08-09T18:11:27+00:00","og_image":[{"width":1000,"height":667,"url":"https:\/\/www.immobilienbusiness.ch\/wp-content\/uploads\/2018\/06\/Depositphotos_12390397_m-2015.jpg","type":"image\/jpeg"}],"author":"anja.hall","twitter_card":"summary_large_image","twitter_image":"https:\/\/www.immobilienbusiness.ch\/wp-content\/uploads\/2018\/06\/Depositphotos_12390397_m-2015.jpg","schema":{"@context":"https:\/\/schema.org","@graph":[{"@type":"Article","@id":"https:\/\/www.immobilienbusiness.ch\/unternehmen\/2020-12-21\/terra-helvetica-drei-zukaeufe-fuer-neue-anlagegruppe\/#article","isPartOf":{"@id":"https:\/\/www.immobilienbusiness.ch\/unternehmen\/2020-12-21\/terra-helvetica-drei-zukaeufe-fuer-neue-anlagegruppe\/"},"author":{"name":"anja.hall","@id":"https:\/\/www.immobilienbusiness.ch\/#\/schema\/person\/3fc036297b10b9f42d6db5ee932af8c8"},"headline":"Terra Helvetica: Drei Zuk\u00e4ufe f\u00fcr neue Anlagegruppe","datePublished":"2020-12-21T08:06:00+00:00","dateModified":"2023-08-09T18:11:27+00:00","mainEntityOfPage":{"@id":"https:\/\/www.immobilienbusiness.ch\/unternehmen\/2020-12-21\/terra-helvetica-drei-zukaeufe-fuer-neue-anlagegruppe\/"},"wordCount":197,"publisher":{"@id":"https:\/\/www.immobilienbusiness.ch\/#organization"},"image":{"@id":"https:\/\/www.immobilienbusiness.ch\/unternehmen\/2020-12-21\/terra-helvetica-drei-zukaeufe-fuer-neue-anlagegruppe\/#primaryimage"},"thumbnailUrl":"https:\/\/www.immobilienbusiness.ch\/wp-content\/uploads\/2018\/06\/Depositphotos_12390397_m-2015.jpg","keywords":["Anlagestiftung","Wohnimmobilien"],"articleSection":["UNTERNEHMEN"],"inLanguage":"de"},{"@type":"WebPage","@id":"https:\/\/www.immobilienbusiness.ch\/unternehmen\/2020-12-21\/terra-helvetica-drei-zukaeufe-fuer-neue-anlagegruppe\/","url":"https:\/\/www.immobilienbusiness.ch\/unternehmen\/2020-12-21\/terra-helvetica-drei-zukaeufe-fuer-neue-anlagegruppe\/","name":"Terra Helvetica: Drei Zuk\u00e4ufe f\u00fcr neue Anlagegruppe - IMMOBILIEN Business","isPartOf":{"@id":"https:\/\/www.immobilienbusiness.ch\/#website"},"primaryImageOfPage":{"@id":"https:\/\/www.immobilienbusiness.ch\/unternehmen\/2020-12-21\/terra-helvetica-drei-zukaeufe-fuer-neue-anlagegruppe\/#primaryimage"},"image":{"@id":"https:\/\/www.immobilienbusiness.ch\/unternehmen\/2020-12-21\/terra-helvetica-drei-zukaeufe-fuer-neue-anlagegruppe\/#primaryimage"},"thumbnailUrl":"https:\/\/www.immobilienbusiness.ch\/wp-content\/uploads\/2018\/06\/Depositphotos_12390397_m-2015.jpg","datePublished":"2020-12-21T08:06:00+00:00","dateModified":"2023-08-09T18:11:27+00:00","description":"Die Anlagegruppe Wohnen Schweiz der neuen Anlagestiftung Terra Helvetica hat bislang 26 Millionen CHF in drei Wohnliegenschaften investiert.","breadcrumb":{"@id":"https:\/\/www.immobilienbusiness.ch\/unternehmen\/2020-12-21\/terra-helvetica-drei-zukaeufe-fuer-neue-anlagegruppe\/#breadcrumb"},"inLanguage":"de","potentialAction":[{"@type":"ReadAction","target":["https:\/\/www.immobilienbusiness.ch\/unternehmen\/2020-12-21\/terra-helvetica-drei-zukaeufe-fuer-neue-anlagegruppe\/"]}]},{"@type":"ImageObject","inLanguage":"de","@id":"https:\/\/www.immobilienbusiness.ch\/unternehmen\/2020-12-21\/terra-helvetica-drei-zukaeufe-fuer-neue-anlagegruppe\/#primaryimage","url":"https:\/\/www.immobilienbusiness.ch\/wp-content\/uploads\/2018\/06\/Depositphotos_12390397_m-2015.jpg","contentUrl":"https:\/\/www.immobilienbusiness.ch\/wp-content\/uploads\/2018\/06\/Depositphotos_12390397_m-2015.jpg","width":1000,"height":667,"caption":"Expansion strelok - depositphotos"},{"@type":"BreadcrumbList","@id":"https:\/\/www.immobilienbusiness.ch\/unternehmen\/2020-12-21\/terra-helvetica-drei-zukaeufe-fuer-neue-anlagegruppe\/#breadcrumb","itemListElement":[{"@type":"ListItem","position":1,"name":"Home","item":"https:\/\/www.immobilienbusiness.ch\/"},{"@type":"ListItem","position":2,"name":"Terra Helvetica: Drei Zuk\u00e4ufe f\u00fcr neue Anlagegruppe"}]},{"@type":"WebSite","@id":"https:\/\/www.immobilienbusiness.ch\/#website","url":"https:\/\/www.immobilienbusiness.ch\/","name":"IMMOBILIEN Business","description":"Unabh\u00e4ngiges Schweizer Wirtschaftsmagazin mit Fokus auf Immobilien, Architektur- und Bau sowie Investment- und Finanzierung.","publisher":{"@id":"https:\/\/www.immobilienbusiness.ch\/#organization"},"potentialAction":[{"@type":"SearchAction","target":{"@type":"EntryPoint","urlTemplate":"https:\/\/www.immobilienbusiness.ch\/?s={search_term_string}"},"query-input":{"@type":"PropertyValueSpecification","valueRequired":true,"valueName":"search_term_string"}}],"inLanguage":"de"},{"@type":"Organization","@id":"https:\/\/www.immobilienbusiness.ch\/#organization","name":"IMMOBILIEN Business","url":"https:\/\/www.immobilienbusiness.ch\/","logo":{"@type":"ImageObject","inLanguage":"de","@id":"https:\/\/www.immobilienbusiness.ch\/#\/schema\/logo\/image\/","url":"https:\/\/www.immobilienbusiness.ch\/wp-content\/uploads\/2021\/07\/logo_ib.png","contentUrl":"https:\/\/www.immobilienbusiness.ch\/wp-content\/uploads\/2021\/07\/logo_ib.png","width":800,"height":181,"caption":"IMMOBILIEN Business"},"image":{"@id":"https:\/\/www.immobilienbusiness.ch\/#\/schema\/logo\/image\/"},"sameAs":["https:\/\/www.facebook.com\/immobilienbusiness\/"]},{"@type":"Person","@id":"https:\/\/www.immobilienbusiness.ch\/#\/schema\/person\/3fc036297b10b9f42d6db5ee932af8c8","name":"anja.hall","image":{"@type":"ImageObject","inLanguage":"de","@id":"https:\/\/secure.gravatar.com\/avatar\/066b5a0d447013502c71a5782f4f3469f03cfe595cc2329fb94652fe47511bfb?s=96&d=mm&r=g","url":"https:\/\/secure.gravatar.com\/avatar\/066b5a0d447013502c71a5782f4f3469f03cfe595cc2329fb94652fe47511bfb?s=96&d=mm&r=g","contentUrl":"https:\/\/secure.gravatar.com\/avatar\/066b5a0d447013502c71a5782f4f3469f03cfe595cc2329fb94652fe47511bfb?s=96&d=mm&r=g","caption":"anja.hall"},"url":"https:\/\/www.immobilienbusiness.ch\/de\/author\/anja-hall\/"}]}},"_links":{"self":[{"href":"https:\/\/www.immobilienbusiness.ch\/de\/wp-json\/wp\/v2\/posts\/23114","targetHints":{"allow":["GET"]}}],"collection":[{"href":"https:\/\/www.immobilienbusiness.ch\/de\/wp-json\/wp\/v2\/posts"}],"about":[{"href":"https:\/\/www.immobilienbusiness.ch\/de\/wp-json\/wp\/v2\/types\/post"}],"author":[{"embeddable":true,"href":"https:\/\/www.immobilienbusiness.ch\/de\/wp-json\/wp\/v2\/users\/3"}],"replies":[{"embeddable":true,"href":"https:\/\/www.immobilienbusiness.ch\/de\/wp-json\/wp\/v2\/comments?post=23114"}],"version-history":[{"count":1,"href":"https:\/\/www.immobilienbusiness.ch\/de\/wp-json\/wp\/v2\/posts\/23114\/revisions"}],"predecessor-version":[{"id":51764,"href":"https:\/\/www.immobilienbusiness.ch\/de\/wp-json\/wp\/v2\/posts\/23114\/revisions\/51764"}],"wp:featuredmedia":[{"embeddable":true,"href":"https:\/\/www.immobilienbusiness.ch\/de\/wp-json\/wp\/v2\/media\/12958"}],"wp:attachment":[{"href":"https:\/\/www.immobilienbusiness.ch\/de\/wp-json\/wp\/v2\/media?parent=23114"}],"wp:term":[{"taxonomy":"category","embeddable":true,"href":"https:\/\/www.immobilienbusiness.ch\/de\/wp-json\/wp\/v2\/categories?post=23114"},{"taxonomy":"post_tag","embeddable":true,"href":"https:\/\/www.immobilienbusiness.ch\/de\/wp-json\/wp\/v2\/tags?post=23114"}],"curies":[{"name":"wp","href":"https:\/\/api.w.org\/{rel}","templated":true}]}}