{"id":23096,"date":"2020-12-17T09:19:39","date_gmt":"2020-12-17T08:19:39","guid":{"rendered":"https:\/\/www.immobilienbusiness.ch\/?p=23096"},"modified":"2020-12-17T09:19:39","modified_gmt":"2020-12-17T08:19:39","slug":"anlagestiftung-1291-baut-portfolio-aus","status":"publish","type":"post","link":"https:\/\/www.immobilienbusiness.ch\/de\/unternehmen\/2020-12-17\/anlagestiftung-1291-baut-portfolio-aus\/","title":{"rendered":"Anlagestiftung 1291 baut Portfolio aus"},"content":{"rendered":"<figure id=\"attachment_12304\" aria-describedby=\"caption-attachment-12304\" style=\"width: 680px\" class=\"wp-caption alignnone\"><img loading=\"lazy\" decoding=\"async\" class=\"size-medium wp-image-12304\" src=\"https:\/\/www.immobilienbusiness.ch\/wp-content\/uploads\/2018\/04\/Depositphotos_30251097_m-2015.jpg\" alt=\"\" width=\"680\" height=\"449\" srcset=\"https:\/\/www.immobilienbusiness.ch\/wp-content\/uploads\/2018\/04\/Depositphotos_30251097_m-2015.jpg 1000w, https:\/\/www.immobilienbusiness.ch\/wp-content\/uploads\/2018\/04\/Depositphotos_30251097_m-2015-300x198.jpg 300w, https:\/\/www.immobilienbusiness.ch\/wp-content\/uploads\/2018\/04\/Depositphotos_30251097_m-2015-768x507.jpg 768w, https:\/\/www.immobilienbusiness.ch\/wp-content\/uploads\/2018\/04\/Depositphotos_30251097_m-2015-16x12.jpg 16w, https:\/\/www.immobilienbusiness.ch\/wp-content\/uploads\/2018\/04\/Depositphotos_30251097_m-2015-265x175.jpg 265w, https:\/\/www.immobilienbusiness.ch\/wp-content\/uploads\/2018\/04\/Depositphotos_30251097_m-2015-530x350.jpg 530w, https:\/\/www.immobilienbusiness.ch\/wp-content\/uploads\/2018\/04\/Depositphotos_30251097_m-2015-920x607.jpg 920w\" sizes=\"auto, (max-width: 680px) 100vw, 680px\" \/><figcaption id=\"caption-attachment-12304\" class=\"wp-caption-text\">1291 erweitert das Portfolio (Bild: depositedhar &#8211; depositphotos)<\/figcaption><\/figure>\n<p>Die 1291 Die Schweizer Anlagestiftung erwirbt durch Sacheinlage bzw. Verm\u00f6gens\u00fcbertragung und teilweiser Barabgeltung ein Wohnimmobilien-Portfolio von der Personalvorsorgestiftung der Spaeter Gruppe in Basel.<\/p>\n<p>Das Portfolio setzt sich aus Liegenschaften in Basel-Stadt, Birsfelden (BL), F\u00fcllinsdorf (BL), M\u00f6hlin (AG) und Chur (GR). Die f\u00fcnf Objekte umfassen insgesamt 101 Wohnungen und einige kleinere Gewerbefl\u00e4chen. Die Bruttorendite des Portfolios liegt den Angaben zufolge bei knapp 4%.<\/p>\n<p>Mit der Einbringung des Portfolios als Sacheinlage hat sich die Personalvorsorgestiftung der Spaeter Gruppe der 1291 Anlagestiftung angeschlossen. Mit der Transaktion liegt der Wert des breit diversifizierten Liegenschaftenportfolios nun bei \u00fcber 560 Millionen CHF. Rund 79% der Soll-Mietzinseinnahmen stammen aus Wohnnutzung. <em>(ah)<\/em><\/p>\n","protected":false},"excerpt":{"rendered":"<p>1291 Die Schweizer Anlagestiftung hat ihr Portfolio um f\u00fcnf Wohnliegenschaften erweitert \u2013 mittels Sacheinlage einer Personalvorsorgestiftung.<\/p>\n","protected":false},"author":3,"featured_media":12304,"comment_status":"closed","ping_status":"open","sticky":false,"template":"","format":"standard","meta":{"_acf_changed":false,"_yoast_wpseo_focuskw":"1291","_yoast_wpseo_title":"","_yoast_wpseo_metadesc":"1291 Die Schweizer Anlagestiftung hat ihr Portfolio um f\u00fcnf Wohnliegenschaften erweitert \u2013 mittels Sacheinlage einer Personalvorsorgestiftung.","_yoast_wpseo_linkdex":50,"pgc_sgb_lightbox_settings":"","footnotes":""},"categories":[988],"tags":[1030,1863],"class_list":["post-23096","post","type-post","status-publish","format-standard","has-post-thumbnail","hentry","category-unternehmen","tag-anlagestiftung","tag-wohnimmobilien"],"acf":[],"yoast_head":"<!-- This site is optimized with the Yoast SEO plugin v27.5 - https:\/\/yoast.com\/product\/yoast-seo-wordpress\/ -->\n<title>Anlagestiftung 1291 baut Portfolio aus - IMMOBILIEN Business<\/title>\n<meta name=\"description\" content=\"1291 Die Schweizer Anlagestiftung hat ihr Portfolio um f\u00fcnf Wohnliegenschaften erweitert \u2013 mittels Sacheinlage einer Personalvorsorgestiftung.\" \/>\n<meta name=\"robots\" content=\"index, follow, max-snippet:-1, max-image-preview:large, max-video-preview:-1\" \/>\n<link rel=\"canonical\" href=\"https:\/\/www.immobilienbusiness.ch\/de\/unternehmen\/2020-12-17\/anlagestiftung-1291-baut-portfolio-aus\/\" \/>\n<meta property=\"og:locale\" content=\"de_DE\" \/>\n<meta property=\"og:type\" content=\"article\" \/>\n<meta property=\"og:title\" content=\"Anlagestiftung 1291 baut Portfolio aus - IMMOBILIEN Business\" \/>\n<meta property=\"og:description\" content=\"1291 Die Schweizer Anlagestiftung hat ihr Portfolio um f\u00fcnf Wohnliegenschaften erweitert \u2013 mittels Sacheinlage einer Personalvorsorgestiftung.\" \/>\n<meta property=\"og:url\" content=\"https:\/\/www.immobilienbusiness.ch\/de\/unternehmen\/2020-12-17\/anlagestiftung-1291-baut-portfolio-aus\/\" \/>\n<meta property=\"og:site_name\" content=\"IMMOBILIEN Business\" \/>\n<meta property=\"article:publisher\" content=\"https:\/\/www.facebook.com\/immobilienbusiness\/\" \/>\n<meta property=\"article:published_time\" content=\"2020-12-17T08:19:39+00:00\" \/>\n<meta property=\"og:image\" content=\"https:\/\/www.immobilienbusiness.ch\/wp-content\/uploads\/2018\/04\/Depositphotos_30251097_m-2015.jpg\" \/>\n\t<meta property=\"og:image:width\" content=\"1000\" \/>\n\t<meta property=\"og:image:height\" content=\"660\" \/>\n\t<meta property=\"og:image:type\" content=\"image\/jpeg\" \/>\n<meta name=\"author\" content=\"anja.hall\" \/>\n<meta name=\"twitter:card\" content=\"summary_large_image\" \/>\n<meta name=\"twitter:image\" content=\"https:\/\/www.immobilienbusiness.ch\/wp-content\/uploads\/2018\/04\/Depositphotos_30251097_m-2015.jpg\" \/>\n<script type=\"application\/ld+json\" class=\"yoast-schema-graph\">{\"@context\":\"https:\\\/\\\/schema.org\",\"@graph\":[{\"@type\":\"Article\",\"@id\":\"https:\\\/\\\/www.immobilienbusiness.ch\\\/fr\\\/unternehmen\\\/2020-12-17\\\/anlagestiftung-1291-baut-portfolio-aus\\\/#article\",\"isPartOf\":{\"@id\":\"https:\\\/\\\/www.immobilienbusiness.ch\\\/fr\\\/unternehmen\\\/2020-12-17\\\/anlagestiftung-1291-baut-portfolio-aus\\\/\"},\"author\":{\"name\":\"anja.hall\",\"@id\":\"https:\\\/\\\/www.immobilienbusiness.ch\\\/#\\\/schema\\\/person\\\/3fc036297b10b9f42d6db5ee932af8c8\"},\"headline\":\"Anlagestiftung 1291 baut Portfolio aus\",\"datePublished\":\"2020-12-17T08:19:39+00:00\",\"mainEntityOfPage\":{\"@id\":\"https:\\\/\\\/www.immobilienbusiness.ch\\\/fr\\\/unternehmen\\\/2020-12-17\\\/anlagestiftung-1291-baut-portfolio-aus\\\/\"},\"wordCount\":122,\"publisher\":{\"@id\":\"https:\\\/\\\/www.immobilienbusiness.ch\\\/#organization\"},\"image\":{\"@id\":\"https:\\\/\\\/www.immobilienbusiness.ch\\\/fr\\\/unternehmen\\\/2020-12-17\\\/anlagestiftung-1291-baut-portfolio-aus\\\/#primaryimage\"},\"thumbnailUrl\":\"https:\\\/\\\/www.immobilienbusiness.ch\\\/wp-content\\\/uploads\\\/2018\\\/04\\\/Depositphotos_30251097_m-2015.jpg\",\"keywords\":[\"Anlagestiftung\",\"Wohnimmobilien\"],\"articleSection\":[\"UNTERNEHMEN\"],\"inLanguage\":\"de\"},{\"@type\":\"WebPage\",\"@id\":\"https:\\\/\\\/www.immobilienbusiness.ch\\\/fr\\\/unternehmen\\\/2020-12-17\\\/anlagestiftung-1291-baut-portfolio-aus\\\/\",\"url\":\"https:\\\/\\\/www.immobilienbusiness.ch\\\/fr\\\/unternehmen\\\/2020-12-17\\\/anlagestiftung-1291-baut-portfolio-aus\\\/\",\"name\":\"Anlagestiftung 1291 baut Portfolio aus - IMMOBILIEN Business\",\"isPartOf\":{\"@id\":\"https:\\\/\\\/www.immobilienbusiness.ch\\\/#website\"},\"primaryImageOfPage\":{\"@id\":\"https:\\\/\\\/www.immobilienbusiness.ch\\\/fr\\\/unternehmen\\\/2020-12-17\\\/anlagestiftung-1291-baut-portfolio-aus\\\/#primaryimage\"},\"image\":{\"@id\":\"https:\\\/\\\/www.immobilienbusiness.ch\\\/fr\\\/unternehmen\\\/2020-12-17\\\/anlagestiftung-1291-baut-portfolio-aus\\\/#primaryimage\"},\"thumbnailUrl\":\"https:\\\/\\\/www.immobilienbusiness.ch\\\/wp-content\\\/uploads\\\/2018\\\/04\\\/Depositphotos_30251097_m-2015.jpg\",\"datePublished\":\"2020-12-17T08:19:39+00:00\",\"description\":\"1291 Die Schweizer Anlagestiftung hat ihr Portfolio um f\u00fcnf Wohnliegenschaften erweitert \u2013 mittels Sacheinlage einer Personalvorsorgestiftung.\",\"breadcrumb\":{\"@id\":\"https:\\\/\\\/www.immobilienbusiness.ch\\\/fr\\\/unternehmen\\\/2020-12-17\\\/anlagestiftung-1291-baut-portfolio-aus\\\/#breadcrumb\"},\"inLanguage\":\"de\",\"potentialAction\":[{\"@type\":\"ReadAction\",\"target\":[\"https:\\\/\\\/www.immobilienbusiness.ch\\\/fr\\\/unternehmen\\\/2020-12-17\\\/anlagestiftung-1291-baut-portfolio-aus\\\/\"]}]},{\"@type\":\"ImageObject\",\"inLanguage\":\"de\",\"@id\":\"https:\\\/\\\/www.immobilienbusiness.ch\\\/fr\\\/unternehmen\\\/2020-12-17\\\/anlagestiftung-1291-baut-portfolio-aus\\\/#primaryimage\",\"url\":\"https:\\\/\\\/www.immobilienbusiness.ch\\\/wp-content\\\/uploads\\\/2018\\\/04\\\/Depositphotos_30251097_m-2015.jpg\",\"contentUrl\":\"https:\\\/\\\/www.immobilienbusiness.ch\\\/wp-content\\\/uploads\\\/2018\\\/04\\\/Depositphotos_30251097_m-2015.jpg\",\"width\":1000,\"height\":660,\"caption\":\"Investis erwirbt eine Beteiligung am Facility-Service-Unternehmen Batmaid (Bild: depositedhar - depositphotos)\"},{\"@type\":\"BreadcrumbList\",\"@id\":\"https:\\\/\\\/www.immobilienbusiness.ch\\\/fr\\\/unternehmen\\\/2020-12-17\\\/anlagestiftung-1291-baut-portfolio-aus\\\/#breadcrumb\",\"itemListElement\":[{\"@type\":\"ListItem\",\"position\":1,\"name\":\"Home\",\"item\":\"https:\\\/\\\/www.immobilienbusiness.ch\\\/\"},{\"@type\":\"ListItem\",\"position\":2,\"name\":\"Anlagestiftung 1291 baut Portfolio aus\"}]},{\"@type\":\"WebSite\",\"@id\":\"https:\\\/\\\/www.immobilienbusiness.ch\\\/#website\",\"url\":\"https:\\\/\\\/www.immobilienbusiness.ch\\\/\",\"name\":\"IMMOBILIEN Business\",\"description\":\"Unabh\u00e4ngiges Schweizer Wirtschaftsmagazin mit Fokus auf Immobilien, Architektur- und Bau sowie Investment- und Finanzierung.\",\"publisher\":{\"@id\":\"https:\\\/\\\/www.immobilienbusiness.ch\\\/#organization\"},\"potentialAction\":[{\"@type\":\"SearchAction\",\"target\":{\"@type\":\"EntryPoint\",\"urlTemplate\":\"https:\\\/\\\/www.immobilienbusiness.ch\\\/?s={search_term_string}\"},\"query-input\":{\"@type\":\"PropertyValueSpecification\",\"valueRequired\":true,\"valueName\":\"search_term_string\"}}],\"inLanguage\":\"de\"},{\"@type\":\"Organization\",\"@id\":\"https:\\\/\\\/www.immobilienbusiness.ch\\\/#organization\",\"name\":\"IMMOBILIEN Business\",\"url\":\"https:\\\/\\\/www.immobilienbusiness.ch\\\/\",\"logo\":{\"@type\":\"ImageObject\",\"inLanguage\":\"de\",\"@id\":\"https:\\\/\\\/www.immobilienbusiness.ch\\\/#\\\/schema\\\/logo\\\/image\\\/\",\"url\":\"https:\\\/\\\/www.immobilienbusiness.ch\\\/wp-content\\\/uploads\\\/2021\\\/07\\\/logo_ib.png\",\"contentUrl\":\"https:\\\/\\\/www.immobilienbusiness.ch\\\/wp-content\\\/uploads\\\/2021\\\/07\\\/logo_ib.png\",\"width\":800,\"height\":181,\"caption\":\"IMMOBILIEN Business\"},\"image\":{\"@id\":\"https:\\\/\\\/www.immobilienbusiness.ch\\\/#\\\/schema\\\/logo\\\/image\\\/\"},\"sameAs\":[\"https:\\\/\\\/www.facebook.com\\\/immobilienbusiness\\\/\"]},{\"@type\":\"Person\",\"@id\":\"https:\\\/\\\/www.immobilienbusiness.ch\\\/#\\\/schema\\\/person\\\/3fc036297b10b9f42d6db5ee932af8c8\",\"name\":\"anja.hall\",\"image\":{\"@type\":\"ImageObject\",\"inLanguage\":\"de\",\"@id\":\"https:\\\/\\\/secure.gravatar.com\\\/avatar\\\/066b5a0d447013502c71a5782f4f3469f03cfe595cc2329fb94652fe47511bfb?s=96&d=mm&r=g\",\"url\":\"https:\\\/\\\/secure.gravatar.com\\\/avatar\\\/066b5a0d447013502c71a5782f4f3469f03cfe595cc2329fb94652fe47511bfb?s=96&d=mm&r=g\",\"contentUrl\":\"https:\\\/\\\/secure.gravatar.com\\\/avatar\\\/066b5a0d447013502c71a5782f4f3469f03cfe595cc2329fb94652fe47511bfb?s=96&d=mm&r=g\",\"caption\":\"anja.hall\"},\"url\":\"https:\\\/\\\/www.immobilienbusiness.ch\\\/de\\\/author\\\/anja-hall\\\/\"}]}<\/script>\n<!-- \/ Yoast SEO plugin. -->","yoast_head_json":{"title":"Anlagestiftung 1291 baut Portfolio aus - IMMOBILIEN Business","description":"1291 Die Schweizer Anlagestiftung hat ihr Portfolio um f\u00fcnf Wohnliegenschaften erweitert \u2013 mittels Sacheinlage einer Personalvorsorgestiftung.","robots":{"index":"index","follow":"follow","max-snippet":"max-snippet:-1","max-image-preview":"max-image-preview:large","max-video-preview":"max-video-preview:-1"},"canonical":"https:\/\/www.immobilienbusiness.ch\/de\/unternehmen\/2020-12-17\/anlagestiftung-1291-baut-portfolio-aus\/","og_locale":"de_DE","og_type":"article","og_title":"Anlagestiftung 1291 baut Portfolio aus - IMMOBILIEN Business","og_description":"1291 Die Schweizer Anlagestiftung hat ihr Portfolio um f\u00fcnf Wohnliegenschaften erweitert \u2013 mittels Sacheinlage einer Personalvorsorgestiftung.","og_url":"https:\/\/www.immobilienbusiness.ch\/de\/unternehmen\/2020-12-17\/anlagestiftung-1291-baut-portfolio-aus\/","og_site_name":"IMMOBILIEN Business","article_publisher":"https:\/\/www.facebook.com\/immobilienbusiness\/","article_published_time":"2020-12-17T08:19:39+00:00","og_image":[{"width":1000,"height":660,"url":"https:\/\/www.immobilienbusiness.ch\/wp-content\/uploads\/2018\/04\/Depositphotos_30251097_m-2015.jpg","type":"image\/jpeg"}],"author":"anja.hall","twitter_card":"summary_large_image","twitter_image":"https:\/\/www.immobilienbusiness.ch\/wp-content\/uploads\/2018\/04\/Depositphotos_30251097_m-2015.jpg","schema":{"@context":"https:\/\/schema.org","@graph":[{"@type":"Article","@id":"https:\/\/www.immobilienbusiness.ch\/fr\/unternehmen\/2020-12-17\/anlagestiftung-1291-baut-portfolio-aus\/#article","isPartOf":{"@id":"https:\/\/www.immobilienbusiness.ch\/fr\/unternehmen\/2020-12-17\/anlagestiftung-1291-baut-portfolio-aus\/"},"author":{"name":"anja.hall","@id":"https:\/\/www.immobilienbusiness.ch\/#\/schema\/person\/3fc036297b10b9f42d6db5ee932af8c8"},"headline":"Anlagestiftung 1291 baut Portfolio aus","datePublished":"2020-12-17T08:19:39+00:00","mainEntityOfPage":{"@id":"https:\/\/www.immobilienbusiness.ch\/fr\/unternehmen\/2020-12-17\/anlagestiftung-1291-baut-portfolio-aus\/"},"wordCount":122,"publisher":{"@id":"https:\/\/www.immobilienbusiness.ch\/#organization"},"image":{"@id":"https:\/\/www.immobilienbusiness.ch\/fr\/unternehmen\/2020-12-17\/anlagestiftung-1291-baut-portfolio-aus\/#primaryimage"},"thumbnailUrl":"https:\/\/www.immobilienbusiness.ch\/wp-content\/uploads\/2018\/04\/Depositphotos_30251097_m-2015.jpg","keywords":["Anlagestiftung","Wohnimmobilien"],"articleSection":["UNTERNEHMEN"],"inLanguage":"de"},{"@type":"WebPage","@id":"https:\/\/www.immobilienbusiness.ch\/fr\/unternehmen\/2020-12-17\/anlagestiftung-1291-baut-portfolio-aus\/","url":"https:\/\/www.immobilienbusiness.ch\/fr\/unternehmen\/2020-12-17\/anlagestiftung-1291-baut-portfolio-aus\/","name":"Anlagestiftung 1291 baut Portfolio aus - IMMOBILIEN Business","isPartOf":{"@id":"https:\/\/www.immobilienbusiness.ch\/#website"},"primaryImageOfPage":{"@id":"https:\/\/www.immobilienbusiness.ch\/fr\/unternehmen\/2020-12-17\/anlagestiftung-1291-baut-portfolio-aus\/#primaryimage"},"image":{"@id":"https:\/\/www.immobilienbusiness.ch\/fr\/unternehmen\/2020-12-17\/anlagestiftung-1291-baut-portfolio-aus\/#primaryimage"},"thumbnailUrl":"https:\/\/www.immobilienbusiness.ch\/wp-content\/uploads\/2018\/04\/Depositphotos_30251097_m-2015.jpg","datePublished":"2020-12-17T08:19:39+00:00","description":"1291 Die Schweizer Anlagestiftung hat ihr Portfolio um f\u00fcnf Wohnliegenschaften erweitert \u2013 mittels Sacheinlage einer Personalvorsorgestiftung.","breadcrumb":{"@id":"https:\/\/www.immobilienbusiness.ch\/fr\/unternehmen\/2020-12-17\/anlagestiftung-1291-baut-portfolio-aus\/#breadcrumb"},"inLanguage":"de","potentialAction":[{"@type":"ReadAction","target":["https:\/\/www.immobilienbusiness.ch\/fr\/unternehmen\/2020-12-17\/anlagestiftung-1291-baut-portfolio-aus\/"]}]},{"@type":"ImageObject","inLanguage":"de","@id":"https:\/\/www.immobilienbusiness.ch\/fr\/unternehmen\/2020-12-17\/anlagestiftung-1291-baut-portfolio-aus\/#primaryimage","url":"https:\/\/www.immobilienbusiness.ch\/wp-content\/uploads\/2018\/04\/Depositphotos_30251097_m-2015.jpg","contentUrl":"https:\/\/www.immobilienbusiness.ch\/wp-content\/uploads\/2018\/04\/Depositphotos_30251097_m-2015.jpg","width":1000,"height":660,"caption":"Investis erwirbt eine Beteiligung am Facility-Service-Unternehmen Batmaid (Bild: depositedhar - depositphotos)"},{"@type":"BreadcrumbList","@id":"https:\/\/www.immobilienbusiness.ch\/fr\/unternehmen\/2020-12-17\/anlagestiftung-1291-baut-portfolio-aus\/#breadcrumb","itemListElement":[{"@type":"ListItem","position":1,"name":"Home","item":"https:\/\/www.immobilienbusiness.ch\/"},{"@type":"ListItem","position":2,"name":"Anlagestiftung 1291 baut Portfolio aus"}]},{"@type":"WebSite","@id":"https:\/\/www.immobilienbusiness.ch\/#website","url":"https:\/\/www.immobilienbusiness.ch\/","name":"IMMOBILIEN Business","description":"Unabh\u00e4ngiges Schweizer Wirtschaftsmagazin mit Fokus auf Immobilien, Architektur- und Bau sowie Investment- und Finanzierung.","publisher":{"@id":"https:\/\/www.immobilienbusiness.ch\/#organization"},"potentialAction":[{"@type":"SearchAction","target":{"@type":"EntryPoint","urlTemplate":"https:\/\/www.immobilienbusiness.ch\/?s={search_term_string}"},"query-input":{"@type":"PropertyValueSpecification","valueRequired":true,"valueName":"search_term_string"}}],"inLanguage":"de"},{"@type":"Organization","@id":"https:\/\/www.immobilienbusiness.ch\/#organization","name":"IMMOBILIEN Business","url":"https:\/\/www.immobilienbusiness.ch\/","logo":{"@type":"ImageObject","inLanguage":"de","@id":"https:\/\/www.immobilienbusiness.ch\/#\/schema\/logo\/image\/","url":"https:\/\/www.immobilienbusiness.ch\/wp-content\/uploads\/2021\/07\/logo_ib.png","contentUrl":"https:\/\/www.immobilienbusiness.ch\/wp-content\/uploads\/2021\/07\/logo_ib.png","width":800,"height":181,"caption":"IMMOBILIEN Business"},"image":{"@id":"https:\/\/www.immobilienbusiness.ch\/#\/schema\/logo\/image\/"},"sameAs":["https:\/\/www.facebook.com\/immobilienbusiness\/"]},{"@type":"Person","@id":"https:\/\/www.immobilienbusiness.ch\/#\/schema\/person\/3fc036297b10b9f42d6db5ee932af8c8","name":"anja.hall","image":{"@type":"ImageObject","inLanguage":"de","@id":"https:\/\/secure.gravatar.com\/avatar\/066b5a0d447013502c71a5782f4f3469f03cfe595cc2329fb94652fe47511bfb?s=96&d=mm&r=g","url":"https:\/\/secure.gravatar.com\/avatar\/066b5a0d447013502c71a5782f4f3469f03cfe595cc2329fb94652fe47511bfb?s=96&d=mm&r=g","contentUrl":"https:\/\/secure.gravatar.com\/avatar\/066b5a0d447013502c71a5782f4f3469f03cfe595cc2329fb94652fe47511bfb?s=96&d=mm&r=g","caption":"anja.hall"},"url":"https:\/\/www.immobilienbusiness.ch\/de\/author\/anja-hall\/"}]}},"_links":{"self":[{"href":"https:\/\/www.immobilienbusiness.ch\/de\/wp-json\/wp\/v2\/posts\/23096","targetHints":{"allow":["GET"]}}],"collection":[{"href":"https:\/\/www.immobilienbusiness.ch\/de\/wp-json\/wp\/v2\/posts"}],"about":[{"href":"https:\/\/www.immobilienbusiness.ch\/de\/wp-json\/wp\/v2\/types\/post"}],"author":[{"embeddable":true,"href":"https:\/\/www.immobilienbusiness.ch\/de\/wp-json\/wp\/v2\/users\/3"}],"replies":[{"embeddable":true,"href":"https:\/\/www.immobilienbusiness.ch\/de\/wp-json\/wp\/v2\/comments?post=23096"}],"version-history":[{"count":0,"href":"https:\/\/www.immobilienbusiness.ch\/de\/wp-json\/wp\/v2\/posts\/23096\/revisions"}],"wp:featuredmedia":[{"embeddable":true,"href":"https:\/\/www.immobilienbusiness.ch\/de\/wp-json\/wp\/v2\/media\/12304"}],"wp:attachment":[{"href":"https:\/\/www.immobilienbusiness.ch\/de\/wp-json\/wp\/v2\/media?parent=23096"}],"wp:term":[{"taxonomy":"category","embeddable":true,"href":"https:\/\/www.immobilienbusiness.ch\/de\/wp-json\/wp\/v2\/categories?post=23096"},{"taxonomy":"post_tag","embeddable":true,"href":"https:\/\/www.immobilienbusiness.ch\/de\/wp-json\/wp\/v2\/tags?post=23096"}],"curies":[{"name":"wp","href":"https:\/\/api.w.org\/{rel}","templated":true}]}}