{"id":22951,"date":"2020-11-30T08:24:09","date_gmt":"2020-11-30T07:24:09","guid":{"rendered":"https:\/\/www.immobilienbusiness.ch\/?p=22951"},"modified":"2020-11-30T08:24:09","modified_gmt":"2020-11-30T07:24:09","slug":"emmen-wohnueberbauung-am-bahnhof-emmenbruecke-geplant","status":"publish","type":"post","link":"https:\/\/www.immobilienbusiness.ch\/de\/regionen\/2020-11-30\/emmen-wohnueberbauung-am-bahnhof-emmenbruecke-geplant\/","title":{"rendered":"Emmen: Wohn\u00fcberbauung am Bahnhof Emmenbr\u00fccke geplant"},"content":{"rendered":"<figure id=\"attachment_22952\" aria-describedby=\"caption-attachment-22952\" style=\"width: 680px\" class=\"wp-caption alignnone\"><img loading=\"lazy\" decoding=\"async\" class=\"size-medium wp-image-22952\" src=\"https:\/\/www.immobilienbusiness.ch\/wp-content\/uploads\/2020\/11\/Emmen.jpg\" alt=\"\" width=\"680\" height=\"454\" srcset=\"https:\/\/www.immobilienbusiness.ch\/wp-content\/uploads\/2020\/11\/Emmen.jpg 1484w, https:\/\/www.immobilienbusiness.ch\/wp-content\/uploads\/2020\/11\/Emmen-300x200.jpg 300w, https:\/\/www.immobilienbusiness.ch\/wp-content\/uploads\/2020\/11\/Emmen-1024x683.jpg 1024w, https:\/\/www.immobilienbusiness.ch\/wp-content\/uploads\/2020\/11\/Emmen-768x512.jpg 768w, https:\/\/www.immobilienbusiness.ch\/wp-content\/uploads\/2020\/11\/Emmen-16x12.jpg 16w, https:\/\/www.immobilienbusiness.ch\/wp-content\/uploads\/2020\/11\/Emmen-262x175.jpg 262w, https:\/\/www.immobilienbusiness.ch\/wp-content\/uploads\/2020\/11\/Emmen-525x350.jpg 525w, https:\/\/www.immobilienbusiness.ch\/wp-content\/uploads\/2020\/11\/Emmen-1199x800.jpg 1199w, https:\/\/www.immobilienbusiness.ch\/wp-content\/uploads\/2020\/11\/Emmen-920x614.jpg 920w, https:\/\/www.immobilienbusiness.ch\/wp-content\/uploads\/2020\/11\/Emmen-1400x934.jpg 1400w\" sizes=\"auto, (max-width: 680px) 100vw, 680px\" \/><figcaption id=\"caption-attachment-22952\" class=\"wp-caption-text\">Modell der geplanten \u00dcberbauung beim Bahnhof Emmenbr\u00fccke (Bild: Gemeinde Emmen)<\/figcaption><\/figure>\n<p>Der Perimeter Emmenbaum Nord geh\u00f6rt f\u00fcnf Grundeigent\u00fcmern, die das Areal gemeinsam mit der Gemeinde Emmen hochwertig weiterentwickeln wollen. F\u00fcr das schmale Dreieck zwischen der Bahnhofs- und Gerliswilstrasse soll auf Grundlage eines Richtprojekts nun ein Bebauungsplan erarbeitet werden. Das Verfahren wurde im Juni dieses Jahres gestartet und wird nach Angaben der Gemeinde fr\u00fchestens 2022 abgeschlossen sein.<\/p>\n<p>Das Richtprojekt sieht sechs knapp 30 Meter hohe Bauk\u00f6rper vor, die in ihrer Mitte eine gassenartige Struktur aufweisen. Rund 3.000 qm sind f\u00fcr Gewerbe- und Dienstleistungsfl\u00e4chen vorgesehen, zudem sollen rund 120 Wohnungen entstehen. Die \u00dcberbauung wird eine gemeinsame Einstellhalle erhalten, die \u00fcber die Bahnhofstrasse erschlossen wird.<\/p>\n<p>Aufgrund der hohen st\u00e4dtebauliche Dichte werden die Aussenr\u00e4ume beschr\u00e4nkt sein, dies will man durch gemeinschaftlich nutzbare Gartenterrassen auf den Sockelgeschossen kompensieren. Breite Gehbereiche, Baumreihen und publikumsorientierte Erdgeschossnutzungen im Strassenraum sollen die Aufenthaltsqualit\u00e4t in der \u00dcberbauung erh\u00f6hen.<\/p>\n","protected":false},"excerpt":{"rendered":"<p>Im Luzerner Vorort Emmen soll das Quartier Emmenbaum entwickelt und verdichtet werden. Geplant sind rund 3.000 qm Gewerbe- und Dienstleistungsfl\u00e4chen sowie etwa 120 Wohnungen. <\/p>\n","protected":false},"author":3,"featured_media":22952,"comment_status":"closed","ping_status":"open","sticky":false,"template":"","format":"standard","meta":{"_acf_changed":false,"_yoast_wpseo_focuskw":"Emmenbr\u00fccke","_yoast_wpseo_title":"","_yoast_wpseo_metadesc":"","_yoast_wpseo_linkdex":41,"pgc_sgb_lightbox_settings":"","footnotes":""},"categories":[985],"tags":[1400,1600],"class_list":["post-22951","post","type-post","status-publish","format-standard","has-post-thumbnail","hentry","category-regionen","tag-kanton-luzern","tag-projekt-in-planung"],"acf":[],"yoast_head":"<!-- This site is optimized with the Yoast SEO plugin v27.4 - https:\/\/yoast.com\/product\/yoast-seo-wordpress\/ -->\n<title>Emmen: Wohn\u00fcberbauung am Bahnhof Emmenbr\u00fccke geplant - IMMOBILIEN Business<\/title>\n<meta name=\"robots\" content=\"index, follow, max-snippet:-1, max-image-preview:large, max-video-preview:-1\" \/>\n<link rel=\"canonical\" href=\"https:\/\/www.immobilienbusiness.ch\/de\/regionen\/2020-11-30\/emmen-wohnueberbauung-am-bahnhof-emmenbruecke-geplant\/\" \/>\n<meta property=\"og:locale\" content=\"de_DE\" \/>\n<meta property=\"og:type\" content=\"article\" \/>\n<meta property=\"og:title\" content=\"Emmen: Wohn\u00fcberbauung am Bahnhof Emmenbr\u00fccke geplant - IMMOBILIEN Business\" \/>\n<meta property=\"og:description\" content=\"Im Luzerner Vorort Emmen soll das Quartier Emmenbaum entwickelt und verdichtet werden. Geplant sind rund 3.000 qm Gewerbe- und Dienstleistungsfl\u00e4chen sowie etwa 120 Wohnungen.\" \/>\n<meta property=\"og:url\" content=\"https:\/\/www.immobilienbusiness.ch\/de\/regionen\/2020-11-30\/emmen-wohnueberbauung-am-bahnhof-emmenbruecke-geplant\/\" \/>\n<meta property=\"og:site_name\" content=\"IMMOBILIEN Business\" \/>\n<meta property=\"article:publisher\" content=\"https:\/\/www.facebook.com\/immobilienbusiness\/\" \/>\n<meta property=\"article:published_time\" content=\"2020-11-30T07:24:09+00:00\" \/>\n<meta property=\"og:image\" content=\"https:\/\/www.immobilienbusiness.ch\/wp-content\/uploads\/2020\/11\/Emmen.jpg\" \/>\n\t<meta property=\"og:image:width\" content=\"1484\" \/>\n\t<meta property=\"og:image:height\" content=\"990\" \/>\n\t<meta property=\"og:image:type\" content=\"image\/jpeg\" \/>\n<meta name=\"author\" content=\"anja.hall\" \/>\n<meta name=\"twitter:card\" content=\"summary_large_image\" \/>\n<meta name=\"twitter:image\" content=\"https:\/\/www.immobilienbusiness.ch\/wp-content\/uploads\/2020\/11\/Emmen.jpg\" \/>\n<script type=\"application\/ld+json\" class=\"yoast-schema-graph\">{\"@context\":\"https:\\\/\\\/schema.org\",\"@graph\":[{\"@type\":\"Article\",\"@id\":\"https:\\\/\\\/www.immobilienbusiness.ch\\\/de\\\/regionen\\\/2020-11-30\\\/emmen-wohnueberbauung-am-bahnhof-emmenbruecke-geplant\\\/#article\",\"isPartOf\":{\"@id\":\"https:\\\/\\\/www.immobilienbusiness.ch\\\/de\\\/regionen\\\/2020-11-30\\\/emmen-wohnueberbauung-am-bahnhof-emmenbruecke-geplant\\\/\"},\"author\":{\"name\":\"anja.hall\",\"@id\":\"https:\\\/\\\/www.immobilienbusiness.ch\\\/#\\\/schema\\\/person\\\/3fc036297b10b9f42d6db5ee932af8c8\"},\"headline\":\"Emmen: Wohn\u00fcberbauung am Bahnhof Emmenbr\u00fccke geplant\",\"datePublished\":\"2020-11-30T07:24:09+00:00\",\"mainEntityOfPage\":{\"@id\":\"https:\\\/\\\/www.immobilienbusiness.ch\\\/de\\\/regionen\\\/2020-11-30\\\/emmen-wohnueberbauung-am-bahnhof-emmenbruecke-geplant\\\/\"},\"wordCount\":172,\"publisher\":{\"@id\":\"https:\\\/\\\/www.immobilienbusiness.ch\\\/#organization\"},\"image\":{\"@id\":\"https:\\\/\\\/www.immobilienbusiness.ch\\\/de\\\/regionen\\\/2020-11-30\\\/emmen-wohnueberbauung-am-bahnhof-emmenbruecke-geplant\\\/#primaryimage\"},\"thumbnailUrl\":\"https:\\\/\\\/www.immobilienbusiness.ch\\\/wp-content\\\/uploads\\\/2020\\\/11\\\/Emmen.jpg\",\"keywords\":[\"Kanton Luzern\",\"Projekt in Planung\"],\"articleSection\":[\"REGIONEN\"],\"inLanguage\":\"de\"},{\"@type\":\"WebPage\",\"@id\":\"https:\\\/\\\/www.immobilienbusiness.ch\\\/de\\\/regionen\\\/2020-11-30\\\/emmen-wohnueberbauung-am-bahnhof-emmenbruecke-geplant\\\/\",\"url\":\"https:\\\/\\\/www.immobilienbusiness.ch\\\/de\\\/regionen\\\/2020-11-30\\\/emmen-wohnueberbauung-am-bahnhof-emmenbruecke-geplant\\\/\",\"name\":\"Emmen: Wohn\u00fcberbauung am Bahnhof Emmenbr\u00fccke geplant - IMMOBILIEN Business\",\"isPartOf\":{\"@id\":\"https:\\\/\\\/www.immobilienbusiness.ch\\\/#website\"},\"primaryImageOfPage\":{\"@id\":\"https:\\\/\\\/www.immobilienbusiness.ch\\\/de\\\/regionen\\\/2020-11-30\\\/emmen-wohnueberbauung-am-bahnhof-emmenbruecke-geplant\\\/#primaryimage\"},\"image\":{\"@id\":\"https:\\\/\\\/www.immobilienbusiness.ch\\\/de\\\/regionen\\\/2020-11-30\\\/emmen-wohnueberbauung-am-bahnhof-emmenbruecke-geplant\\\/#primaryimage\"},\"thumbnailUrl\":\"https:\\\/\\\/www.immobilienbusiness.ch\\\/wp-content\\\/uploads\\\/2020\\\/11\\\/Emmen.jpg\",\"datePublished\":\"2020-11-30T07:24:09+00:00\",\"breadcrumb\":{\"@id\":\"https:\\\/\\\/www.immobilienbusiness.ch\\\/de\\\/regionen\\\/2020-11-30\\\/emmen-wohnueberbauung-am-bahnhof-emmenbruecke-geplant\\\/#breadcrumb\"},\"inLanguage\":\"de\",\"potentialAction\":[{\"@type\":\"ReadAction\",\"target\":[\"https:\\\/\\\/www.immobilienbusiness.ch\\\/de\\\/regionen\\\/2020-11-30\\\/emmen-wohnueberbauung-am-bahnhof-emmenbruecke-geplant\\\/\"]}]},{\"@type\":\"ImageObject\",\"inLanguage\":\"de\",\"@id\":\"https:\\\/\\\/www.immobilienbusiness.ch\\\/de\\\/regionen\\\/2020-11-30\\\/emmen-wohnueberbauung-am-bahnhof-emmenbruecke-geplant\\\/#primaryimage\",\"url\":\"https:\\\/\\\/www.immobilienbusiness.ch\\\/wp-content\\\/uploads\\\/2020\\\/11\\\/Emmen.jpg\",\"contentUrl\":\"https:\\\/\\\/www.immobilienbusiness.ch\\\/wp-content\\\/uploads\\\/2020\\\/11\\\/Emmen.jpg\",\"width\":1484,\"height\":990,\"caption\":\"Modell der geplanten \u00dcberbauung beim Bahnhof Emmenbr\u00fccke (Bild: Gemeinde Emmen)\"},{\"@type\":\"BreadcrumbList\",\"@id\":\"https:\\\/\\\/www.immobilienbusiness.ch\\\/de\\\/regionen\\\/2020-11-30\\\/emmen-wohnueberbauung-am-bahnhof-emmenbruecke-geplant\\\/#breadcrumb\",\"itemListElement\":[{\"@type\":\"ListItem\",\"position\":1,\"name\":\"Home\",\"item\":\"https:\\\/\\\/www.immobilienbusiness.ch\\\/\"},{\"@type\":\"ListItem\",\"position\":2,\"name\":\"Emmen: Wohn\u00fcberbauung am Bahnhof Emmenbr\u00fccke geplant\"}]},{\"@type\":\"WebSite\",\"@id\":\"https:\\\/\\\/www.immobilienbusiness.ch\\\/#website\",\"url\":\"https:\\\/\\\/www.immobilienbusiness.ch\\\/\",\"name\":\"IMMOBILIEN Business\",\"description\":\"Unabh\u00e4ngiges Schweizer Wirtschaftsmagazin mit Fokus auf Immobilien, Architektur- und Bau sowie Investment- und Finanzierung.\",\"publisher\":{\"@id\":\"https:\\\/\\\/www.immobilienbusiness.ch\\\/#organization\"},\"potentialAction\":[{\"@type\":\"SearchAction\",\"target\":{\"@type\":\"EntryPoint\",\"urlTemplate\":\"https:\\\/\\\/www.immobilienbusiness.ch\\\/?s={search_term_string}\"},\"query-input\":{\"@type\":\"PropertyValueSpecification\",\"valueRequired\":true,\"valueName\":\"search_term_string\"}}],\"inLanguage\":\"de\"},{\"@type\":\"Organization\",\"@id\":\"https:\\\/\\\/www.immobilienbusiness.ch\\\/#organization\",\"name\":\"IMMOBILIEN Business\",\"url\":\"https:\\\/\\\/www.immobilienbusiness.ch\\\/\",\"logo\":{\"@type\":\"ImageObject\",\"inLanguage\":\"de\",\"@id\":\"https:\\\/\\\/www.immobilienbusiness.ch\\\/#\\\/schema\\\/logo\\\/image\\\/\",\"url\":\"https:\\\/\\\/www.immobilienbusiness.ch\\\/wp-content\\\/uploads\\\/2021\\\/07\\\/logo_ib.png\",\"contentUrl\":\"https:\\\/\\\/www.immobilienbusiness.ch\\\/wp-content\\\/uploads\\\/2021\\\/07\\\/logo_ib.png\",\"width\":800,\"height\":181,\"caption\":\"IMMOBILIEN Business\"},\"image\":{\"@id\":\"https:\\\/\\\/www.immobilienbusiness.ch\\\/#\\\/schema\\\/logo\\\/image\\\/\"},\"sameAs\":[\"https:\\\/\\\/www.facebook.com\\\/immobilienbusiness\\\/\"]},{\"@type\":\"Person\",\"@id\":\"https:\\\/\\\/www.immobilienbusiness.ch\\\/#\\\/schema\\\/person\\\/3fc036297b10b9f42d6db5ee932af8c8\",\"name\":\"anja.hall\",\"image\":{\"@type\":\"ImageObject\",\"inLanguage\":\"de\",\"@id\":\"https:\\\/\\\/secure.gravatar.com\\\/avatar\\\/066b5a0d447013502c71a5782f4f3469f03cfe595cc2329fb94652fe47511bfb?s=96&d=mm&r=g\",\"url\":\"https:\\\/\\\/secure.gravatar.com\\\/avatar\\\/066b5a0d447013502c71a5782f4f3469f03cfe595cc2329fb94652fe47511bfb?s=96&d=mm&r=g\",\"contentUrl\":\"https:\\\/\\\/secure.gravatar.com\\\/avatar\\\/066b5a0d447013502c71a5782f4f3469f03cfe595cc2329fb94652fe47511bfb?s=96&d=mm&r=g\",\"caption\":\"anja.hall\"},\"url\":\"https:\\\/\\\/www.immobilienbusiness.ch\\\/de\\\/author\\\/anja-hall\\\/\"}]}<\/script>\n<!-- \/ Yoast SEO plugin. -->","yoast_head_json":{"title":"Emmen: Wohn\u00fcberbauung am Bahnhof Emmenbr\u00fccke geplant - IMMOBILIEN Business","robots":{"index":"index","follow":"follow","max-snippet":"max-snippet:-1","max-image-preview":"max-image-preview:large","max-video-preview":"max-video-preview:-1"},"canonical":"https:\/\/www.immobilienbusiness.ch\/de\/regionen\/2020-11-30\/emmen-wohnueberbauung-am-bahnhof-emmenbruecke-geplant\/","og_locale":"de_DE","og_type":"article","og_title":"Emmen: Wohn\u00fcberbauung am Bahnhof Emmenbr\u00fccke geplant - IMMOBILIEN Business","og_description":"Im Luzerner Vorort Emmen soll das Quartier Emmenbaum entwickelt und verdichtet werden. Geplant sind rund 3.000 qm Gewerbe- und Dienstleistungsfl\u00e4chen sowie etwa 120 Wohnungen.","og_url":"https:\/\/www.immobilienbusiness.ch\/de\/regionen\/2020-11-30\/emmen-wohnueberbauung-am-bahnhof-emmenbruecke-geplant\/","og_site_name":"IMMOBILIEN Business","article_publisher":"https:\/\/www.facebook.com\/immobilienbusiness\/","article_published_time":"2020-11-30T07:24:09+00:00","og_image":[{"width":1484,"height":990,"url":"https:\/\/www.immobilienbusiness.ch\/wp-content\/uploads\/2020\/11\/Emmen.jpg","type":"image\/jpeg"}],"author":"anja.hall","twitter_card":"summary_large_image","twitter_image":"https:\/\/www.immobilienbusiness.ch\/wp-content\/uploads\/2020\/11\/Emmen.jpg","schema":{"@context":"https:\/\/schema.org","@graph":[{"@type":"Article","@id":"https:\/\/www.immobilienbusiness.ch\/de\/regionen\/2020-11-30\/emmen-wohnueberbauung-am-bahnhof-emmenbruecke-geplant\/#article","isPartOf":{"@id":"https:\/\/www.immobilienbusiness.ch\/de\/regionen\/2020-11-30\/emmen-wohnueberbauung-am-bahnhof-emmenbruecke-geplant\/"},"author":{"name":"anja.hall","@id":"https:\/\/www.immobilienbusiness.ch\/#\/schema\/person\/3fc036297b10b9f42d6db5ee932af8c8"},"headline":"Emmen: Wohn\u00fcberbauung am Bahnhof Emmenbr\u00fccke geplant","datePublished":"2020-11-30T07:24:09+00:00","mainEntityOfPage":{"@id":"https:\/\/www.immobilienbusiness.ch\/de\/regionen\/2020-11-30\/emmen-wohnueberbauung-am-bahnhof-emmenbruecke-geplant\/"},"wordCount":172,"publisher":{"@id":"https:\/\/www.immobilienbusiness.ch\/#organization"},"image":{"@id":"https:\/\/www.immobilienbusiness.ch\/de\/regionen\/2020-11-30\/emmen-wohnueberbauung-am-bahnhof-emmenbruecke-geplant\/#primaryimage"},"thumbnailUrl":"https:\/\/www.immobilienbusiness.ch\/wp-content\/uploads\/2020\/11\/Emmen.jpg","keywords":["Kanton Luzern","Projekt in Planung"],"articleSection":["REGIONEN"],"inLanguage":"de"},{"@type":"WebPage","@id":"https:\/\/www.immobilienbusiness.ch\/de\/regionen\/2020-11-30\/emmen-wohnueberbauung-am-bahnhof-emmenbruecke-geplant\/","url":"https:\/\/www.immobilienbusiness.ch\/de\/regionen\/2020-11-30\/emmen-wohnueberbauung-am-bahnhof-emmenbruecke-geplant\/","name":"Emmen: Wohn\u00fcberbauung am Bahnhof Emmenbr\u00fccke geplant - IMMOBILIEN Business","isPartOf":{"@id":"https:\/\/www.immobilienbusiness.ch\/#website"},"primaryImageOfPage":{"@id":"https:\/\/www.immobilienbusiness.ch\/de\/regionen\/2020-11-30\/emmen-wohnueberbauung-am-bahnhof-emmenbruecke-geplant\/#primaryimage"},"image":{"@id":"https:\/\/www.immobilienbusiness.ch\/de\/regionen\/2020-11-30\/emmen-wohnueberbauung-am-bahnhof-emmenbruecke-geplant\/#primaryimage"},"thumbnailUrl":"https:\/\/www.immobilienbusiness.ch\/wp-content\/uploads\/2020\/11\/Emmen.jpg","datePublished":"2020-11-30T07:24:09+00:00","breadcrumb":{"@id":"https:\/\/www.immobilienbusiness.ch\/de\/regionen\/2020-11-30\/emmen-wohnueberbauung-am-bahnhof-emmenbruecke-geplant\/#breadcrumb"},"inLanguage":"de","potentialAction":[{"@type":"ReadAction","target":["https:\/\/www.immobilienbusiness.ch\/de\/regionen\/2020-11-30\/emmen-wohnueberbauung-am-bahnhof-emmenbruecke-geplant\/"]}]},{"@type":"ImageObject","inLanguage":"de","@id":"https:\/\/www.immobilienbusiness.ch\/de\/regionen\/2020-11-30\/emmen-wohnueberbauung-am-bahnhof-emmenbruecke-geplant\/#primaryimage","url":"https:\/\/www.immobilienbusiness.ch\/wp-content\/uploads\/2020\/11\/Emmen.jpg","contentUrl":"https:\/\/www.immobilienbusiness.ch\/wp-content\/uploads\/2020\/11\/Emmen.jpg","width":1484,"height":990,"caption":"Modell der geplanten \u00dcberbauung beim Bahnhof Emmenbr\u00fccke (Bild: Gemeinde Emmen)"},{"@type":"BreadcrumbList","@id":"https:\/\/www.immobilienbusiness.ch\/de\/regionen\/2020-11-30\/emmen-wohnueberbauung-am-bahnhof-emmenbruecke-geplant\/#breadcrumb","itemListElement":[{"@type":"ListItem","position":1,"name":"Home","item":"https:\/\/www.immobilienbusiness.ch\/"},{"@type":"ListItem","position":2,"name":"Emmen: Wohn\u00fcberbauung am Bahnhof Emmenbr\u00fccke geplant"}]},{"@type":"WebSite","@id":"https:\/\/www.immobilienbusiness.ch\/#website","url":"https:\/\/www.immobilienbusiness.ch\/","name":"IMMOBILIEN Business","description":"Unabh\u00e4ngiges Schweizer Wirtschaftsmagazin mit Fokus auf Immobilien, Architektur- und Bau sowie Investment- und Finanzierung.","publisher":{"@id":"https:\/\/www.immobilienbusiness.ch\/#organization"},"potentialAction":[{"@type":"SearchAction","target":{"@type":"EntryPoint","urlTemplate":"https:\/\/www.immobilienbusiness.ch\/?s={search_term_string}"},"query-input":{"@type":"PropertyValueSpecification","valueRequired":true,"valueName":"search_term_string"}}],"inLanguage":"de"},{"@type":"Organization","@id":"https:\/\/www.immobilienbusiness.ch\/#organization","name":"IMMOBILIEN Business","url":"https:\/\/www.immobilienbusiness.ch\/","logo":{"@type":"ImageObject","inLanguage":"de","@id":"https:\/\/www.immobilienbusiness.ch\/#\/schema\/logo\/image\/","url":"https:\/\/www.immobilienbusiness.ch\/wp-content\/uploads\/2021\/07\/logo_ib.png","contentUrl":"https:\/\/www.immobilienbusiness.ch\/wp-content\/uploads\/2021\/07\/logo_ib.png","width":800,"height":181,"caption":"IMMOBILIEN Business"},"image":{"@id":"https:\/\/www.immobilienbusiness.ch\/#\/schema\/logo\/image\/"},"sameAs":["https:\/\/www.facebook.com\/immobilienbusiness\/"]},{"@type":"Person","@id":"https:\/\/www.immobilienbusiness.ch\/#\/schema\/person\/3fc036297b10b9f42d6db5ee932af8c8","name":"anja.hall","image":{"@type":"ImageObject","inLanguage":"de","@id":"https:\/\/secure.gravatar.com\/avatar\/066b5a0d447013502c71a5782f4f3469f03cfe595cc2329fb94652fe47511bfb?s=96&d=mm&r=g","url":"https:\/\/secure.gravatar.com\/avatar\/066b5a0d447013502c71a5782f4f3469f03cfe595cc2329fb94652fe47511bfb?s=96&d=mm&r=g","contentUrl":"https:\/\/secure.gravatar.com\/avatar\/066b5a0d447013502c71a5782f4f3469f03cfe595cc2329fb94652fe47511bfb?s=96&d=mm&r=g","caption":"anja.hall"},"url":"https:\/\/www.immobilienbusiness.ch\/de\/author\/anja-hall\/"}]}},"_links":{"self":[{"href":"https:\/\/www.immobilienbusiness.ch\/de\/wp-json\/wp\/v2\/posts\/22951","targetHints":{"allow":["GET"]}}],"collection":[{"href":"https:\/\/www.immobilienbusiness.ch\/de\/wp-json\/wp\/v2\/posts"}],"about":[{"href":"https:\/\/www.immobilienbusiness.ch\/de\/wp-json\/wp\/v2\/types\/post"}],"author":[{"embeddable":true,"href":"https:\/\/www.immobilienbusiness.ch\/de\/wp-json\/wp\/v2\/users\/3"}],"replies":[{"embeddable":true,"href":"https:\/\/www.immobilienbusiness.ch\/de\/wp-json\/wp\/v2\/comments?post=22951"}],"version-history":[{"count":0,"href":"https:\/\/www.immobilienbusiness.ch\/de\/wp-json\/wp\/v2\/posts\/22951\/revisions"}],"wp:featuredmedia":[{"embeddable":true,"href":"https:\/\/www.immobilienbusiness.ch\/de\/wp-json\/wp\/v2\/media\/22952"}],"wp:attachment":[{"href":"https:\/\/www.immobilienbusiness.ch\/de\/wp-json\/wp\/v2\/media?parent=22951"}],"wp:term":[{"taxonomy":"category","embeddable":true,"href":"https:\/\/www.immobilienbusiness.ch\/de\/wp-json\/wp\/v2\/categories?post=22951"},{"taxonomy":"post_tag","embeddable":true,"href":"https:\/\/www.immobilienbusiness.ch\/de\/wp-json\/wp\/v2\/tags?post=22951"}],"curies":[{"name":"wp","href":"https:\/\/api.w.org\/{rel}","templated":true}]}}