{"id":22811,"date":"2020-11-10T08:53:38","date_gmt":"2020-11-10T07:53:38","guid":{"rendered":"https:\/\/www.immobilienbusiness.ch\/?p=22811"},"modified":"2020-11-10T08:53:38","modified_gmt":"2020-11-10T07:53:38","slug":"baustart-fuer-bonainvest-projekt-in-langnau-am-albis","status":"publish","type":"post","link":"https:\/\/www.immobilienbusiness.ch\/de\/regionen\/2020-11-10\/baustart-fuer-bonainvest-projekt-in-langnau-am-albis\/","title":{"rendered":"Baustart f\u00fcr Bonainvest-Projekt in Langnau am Albis"},"content":{"rendered":"<figure id=\"attachment_22812\" aria-describedby=\"caption-attachment-22812\" style=\"width: 680px\" class=\"wp-caption alignnone\"><img loading=\"lazy\" decoding=\"async\" class=\"size-medium wp-image-22812\" src=\"https:\/\/www.immobilienbusiness.ch\/wp-content\/uploads\/2020\/11\/LangnauamAlbis_Langmnvisualisierung.jpg\" alt=\"\" width=\"680\" height=\"453\" srcset=\"https:\/\/www.immobilienbusiness.ch\/wp-content\/uploads\/2020\/11\/LangnauamAlbis_Langmnvisualisierung.jpg 1600w, https:\/\/www.immobilienbusiness.ch\/wp-content\/uploads\/2020\/11\/LangnauamAlbis_Langmnvisualisierung-300x200.jpg 300w, https:\/\/www.immobilienbusiness.ch\/wp-content\/uploads\/2020\/11\/LangnauamAlbis_Langmnvisualisierung-1024x682.jpg 1024w, https:\/\/www.immobilienbusiness.ch\/wp-content\/uploads\/2020\/11\/LangnauamAlbis_Langmnvisualisierung-768x512.jpg 768w, https:\/\/www.immobilienbusiness.ch\/wp-content\/uploads\/2020\/11\/LangnauamAlbis_Langmnvisualisierung-1536x1023.jpg 1536w, https:\/\/www.immobilienbusiness.ch\/wp-content\/uploads\/2020\/11\/LangnauamAlbis_Langmnvisualisierung-16x12.jpg 16w, https:\/\/www.immobilienbusiness.ch\/wp-content\/uploads\/2020\/11\/LangnauamAlbis_Langmnvisualisierung-263x175.jpg 263w, https:\/\/www.immobilienbusiness.ch\/wp-content\/uploads\/2020\/11\/LangnauamAlbis_Langmnvisualisierung-525x350.jpg 525w, https:\/\/www.immobilienbusiness.ch\/wp-content\/uploads\/2020\/11\/LangnauamAlbis_Langmnvisualisierung-1201x800.jpg 1201w, https:\/\/www.immobilienbusiness.ch\/wp-content\/uploads\/2020\/11\/LangnauamAlbis_Langmnvisualisierung-920x613.jpg 920w, https:\/\/www.immobilienbusiness.ch\/wp-content\/uploads\/2020\/11\/LangnauamAlbis_Langmnvisualisierung-1400x933.jpg 1400w\" sizes=\"auto, (max-width: 680px) 100vw, 680px\" \/><figcaption id=\"caption-attachment-22812\" class=\"wp-caption-text\">Die \u00dcberbauung Langmoss in Langnau am Albis (Visualisierung: Bonainvest)<\/figcaption><\/figure>\n<p>An der Langmoosstrasse entsteht in voraussichtlich zweieinhalb Jahren Bauzeit ein Geb\u00e4ude mit 53 Mietwohnungen (1,5 bis 5,5 Zimmer). Der Neubau wird direkt neben dem Wohn- und Pflegezentrum Sonnegg gebaut und soll dereinst mittels einer Passerelle direkt mit diesem verbunden sein. Zus\u00e4tzlich zu den Mietwohnungen wird der Neubau den Spitex-St\u00fctzpunkt der Gemeinde sowie das Tagaktiv des Wohn- und Pflegezentrums Sonnegg beherbergen. Die \u00dcberbauung wird auch \u00fcber eine Einstellhalle mit 67 Parkpl\u00e4tzen und Parkpl\u00e4tze im Freien verf\u00fcgen.<\/p>\n<p>Die 23 qm bis 160 qm grossen Wohnungen sind nach Angaben der Bauherrin Bonainvest AG komplett schwellenfrei gebaut und digital vernetzt. Integriert ist ein Sicherheitskonzept mit einem rund um die Uhr verf\u00fcgbaren Notrufservice, zudem k\u00f6nnen Dienstleistungen von Bonacasa, eine Tochterfirma der Bonainvest bezogen werden.<\/p>\n<p>Es ist das zweite Projekt, das Bonainvest in Langnau am Albis realisiert, zuvor hat sie die \u00dcberbauung Wolfgrabenstrasse erstellt. <em>(ah)<\/em><\/p>\n","protected":false},"excerpt":{"rendered":"<p>Am 9. November 2020 wurde der offizielle Baustart f\u00fcr die \u00dcberbauung Langmoos in der Z\u00fcrcher Gemeinde Langnau am Albis gefeiert. Bauherrin Bonainvest erstellt ein Geb\u00e4ude mit 53 Wohnungen.<\/p>\n","protected":false},"author":3,"featured_media":22812,"comment_status":"closed","ping_status":"open","sticky":false,"template":"","format":"standard","meta":{"_acf_changed":false,"_yoast_wpseo_focuskw":"Bonainvest","_yoast_wpseo_title":"","_yoast_wpseo_metadesc":"Der Baustart f\u00fcr die \u00dcberbauung Langmoos in Langnau am Albis ist erfolgt. Bauherrin Bonainvest erstellt ein Geb\u00e4ude mit 53 Wohnungen.","_yoast_wpseo_linkdex":48,"pgc_sgb_lightbox_settings":"","footnotes":""},"categories":[985],"tags":[1106,1410,1599,1863],"class_list":["post-22811","post","type-post","status-publish","format-standard","has-post-thumbnail","hentry","category-regionen","tag-bonainvest","tag-kanton-zuerich","tag-projekt-in-bau","tag-wohnimmobilien"],"acf":[],"yoast_head":"<!-- This site is optimized with the Yoast SEO plugin v27.4 - https:\/\/yoast.com\/product\/yoast-seo-wordpress\/ -->\n<title>Baustart f\u00fcr Bonainvest-Projekt in Langnau am Albis - IMMOBILIEN Business<\/title>\n<meta name=\"description\" content=\"Der Baustart f\u00fcr die \u00dcberbauung Langmoos in Langnau am Albis ist erfolgt. Bauherrin Bonainvest erstellt ein Geb\u00e4ude mit 53 Wohnungen.\" \/>\n<meta name=\"robots\" content=\"index, follow, max-snippet:-1, max-image-preview:large, max-video-preview:-1\" \/>\n<link rel=\"canonical\" href=\"https:\/\/www.immobilienbusiness.ch\/de\/regionen\/2020-11-10\/baustart-fuer-bonainvest-projekt-in-langnau-am-albis\/\" \/>\n<meta property=\"og:locale\" content=\"de_DE\" \/>\n<meta property=\"og:type\" content=\"article\" \/>\n<meta property=\"og:title\" content=\"Baustart f\u00fcr Bonainvest-Projekt in Langnau am Albis - IMMOBILIEN Business\" \/>\n<meta property=\"og:description\" content=\"Der Baustart f\u00fcr die \u00dcberbauung Langmoos in Langnau am Albis ist erfolgt. Bauherrin Bonainvest erstellt ein Geb\u00e4ude mit 53 Wohnungen.\" \/>\n<meta property=\"og:url\" content=\"https:\/\/www.immobilienbusiness.ch\/de\/regionen\/2020-11-10\/baustart-fuer-bonainvest-projekt-in-langnau-am-albis\/\" \/>\n<meta property=\"og:site_name\" content=\"IMMOBILIEN Business\" \/>\n<meta property=\"article:publisher\" content=\"https:\/\/www.facebook.com\/immobilienbusiness\/\" \/>\n<meta property=\"article:published_time\" content=\"2020-11-10T07:53:38+00:00\" \/>\n<meta property=\"og:image\" content=\"https:\/\/www.immobilienbusiness.ch\/wp-content\/uploads\/2020\/11\/LangnauamAlbis_Langmnvisualisierung.jpg\" \/>\n\t<meta property=\"og:image:width\" content=\"1600\" \/>\n\t<meta property=\"og:image:height\" content=\"1066\" \/>\n\t<meta property=\"og:image:type\" content=\"image\/jpeg\" \/>\n<meta name=\"author\" content=\"anja.hall\" \/>\n<meta name=\"twitter:card\" content=\"summary_large_image\" \/>\n<meta name=\"twitter:image\" content=\"https:\/\/www.immobilienbusiness.ch\/wp-content\/uploads\/2020\/11\/LangnauamAlbis_Langmnvisualisierung.jpg\" \/>\n<script type=\"application\/ld+json\" class=\"yoast-schema-graph\">{\"@context\":\"https:\\\/\\\/schema.org\",\"@graph\":[{\"@type\":\"Article\",\"@id\":\"https:\\\/\\\/www.immobilienbusiness.ch\\\/it\\\/regionen\\\/2020-11-10\\\/baustart-fuer-bonainvest-projekt-in-langnau-am-albis\\\/#article\",\"isPartOf\":{\"@id\":\"https:\\\/\\\/www.immobilienbusiness.ch\\\/it\\\/regionen\\\/2020-11-10\\\/baustart-fuer-bonainvest-projekt-in-langnau-am-albis\\\/\"},\"author\":{\"name\":\"anja.hall\",\"@id\":\"https:\\\/\\\/www.immobilienbusiness.ch\\\/#\\\/schema\\\/person\\\/3fc036297b10b9f42d6db5ee932af8c8\"},\"headline\":\"Baustart f\u00fcr Bonainvest-Projekt in Langnau am Albis\",\"datePublished\":\"2020-11-10T07:53:38+00:00\",\"mainEntityOfPage\":{\"@id\":\"https:\\\/\\\/www.immobilienbusiness.ch\\\/it\\\/regionen\\\/2020-11-10\\\/baustart-fuer-bonainvest-projekt-in-langnau-am-albis\\\/\"},\"wordCount\":165,\"publisher\":{\"@id\":\"https:\\\/\\\/www.immobilienbusiness.ch\\\/#organization\"},\"image\":{\"@id\":\"https:\\\/\\\/www.immobilienbusiness.ch\\\/it\\\/regionen\\\/2020-11-10\\\/baustart-fuer-bonainvest-projekt-in-langnau-am-albis\\\/#primaryimage\"},\"thumbnailUrl\":\"https:\\\/\\\/www.immobilienbusiness.ch\\\/wp-content\\\/uploads\\\/2020\\\/11\\\/LangnauamAlbis_Langmnvisualisierung.jpg\",\"keywords\":[\"Bonainvest\",\"Kanton Z\u00fcrich\",\"Projekt in Bau\",\"Wohnimmobilien\"],\"articleSection\":[\"REGIONEN\"],\"inLanguage\":\"de\"},{\"@type\":\"WebPage\",\"@id\":\"https:\\\/\\\/www.immobilienbusiness.ch\\\/it\\\/regionen\\\/2020-11-10\\\/baustart-fuer-bonainvest-projekt-in-langnau-am-albis\\\/\",\"url\":\"https:\\\/\\\/www.immobilienbusiness.ch\\\/it\\\/regionen\\\/2020-11-10\\\/baustart-fuer-bonainvest-projekt-in-langnau-am-albis\\\/\",\"name\":\"Baustart f\u00fcr Bonainvest-Projekt in Langnau am Albis - IMMOBILIEN Business\",\"isPartOf\":{\"@id\":\"https:\\\/\\\/www.immobilienbusiness.ch\\\/#website\"},\"primaryImageOfPage\":{\"@id\":\"https:\\\/\\\/www.immobilienbusiness.ch\\\/it\\\/regionen\\\/2020-11-10\\\/baustart-fuer-bonainvest-projekt-in-langnau-am-albis\\\/#primaryimage\"},\"image\":{\"@id\":\"https:\\\/\\\/www.immobilienbusiness.ch\\\/it\\\/regionen\\\/2020-11-10\\\/baustart-fuer-bonainvest-projekt-in-langnau-am-albis\\\/#primaryimage\"},\"thumbnailUrl\":\"https:\\\/\\\/www.immobilienbusiness.ch\\\/wp-content\\\/uploads\\\/2020\\\/11\\\/LangnauamAlbis_Langmnvisualisierung.jpg\",\"datePublished\":\"2020-11-10T07:53:38+00:00\",\"description\":\"Der Baustart f\u00fcr die \u00dcberbauung Langmoos in Langnau am Albis ist erfolgt. Bauherrin Bonainvest erstellt ein Geb\u00e4ude mit 53 Wohnungen.\",\"breadcrumb\":{\"@id\":\"https:\\\/\\\/www.immobilienbusiness.ch\\\/it\\\/regionen\\\/2020-11-10\\\/baustart-fuer-bonainvest-projekt-in-langnau-am-albis\\\/#breadcrumb\"},\"inLanguage\":\"de\",\"potentialAction\":[{\"@type\":\"ReadAction\",\"target\":[\"https:\\\/\\\/www.immobilienbusiness.ch\\\/it\\\/regionen\\\/2020-11-10\\\/baustart-fuer-bonainvest-projekt-in-langnau-am-albis\\\/\"]}]},{\"@type\":\"ImageObject\",\"inLanguage\":\"de\",\"@id\":\"https:\\\/\\\/www.immobilienbusiness.ch\\\/it\\\/regionen\\\/2020-11-10\\\/baustart-fuer-bonainvest-projekt-in-langnau-am-albis\\\/#primaryimage\",\"url\":\"https:\\\/\\\/www.immobilienbusiness.ch\\\/wp-content\\\/uploads\\\/2020\\\/11\\\/LangnauamAlbis_Langmnvisualisierung.jpg\",\"contentUrl\":\"https:\\\/\\\/www.immobilienbusiness.ch\\\/wp-content\\\/uploads\\\/2020\\\/11\\\/LangnauamAlbis_Langmnvisualisierung.jpg\",\"width\":1600,\"height\":1066,\"caption\":\"Die \u00dcberbauung Langmoss in Langnau am Albis (Visualisierung: Bonainvest)\"},{\"@type\":\"BreadcrumbList\",\"@id\":\"https:\\\/\\\/www.immobilienbusiness.ch\\\/it\\\/regionen\\\/2020-11-10\\\/baustart-fuer-bonainvest-projekt-in-langnau-am-albis\\\/#breadcrumb\",\"itemListElement\":[{\"@type\":\"ListItem\",\"position\":1,\"name\":\"Home\",\"item\":\"https:\\\/\\\/www.immobilienbusiness.ch\\\/\"},{\"@type\":\"ListItem\",\"position\":2,\"name\":\"Baustart f\u00fcr Bonainvest-Projekt in Langnau am Albis\"}]},{\"@type\":\"WebSite\",\"@id\":\"https:\\\/\\\/www.immobilienbusiness.ch\\\/#website\",\"url\":\"https:\\\/\\\/www.immobilienbusiness.ch\\\/\",\"name\":\"IMMOBILIEN Business\",\"description\":\"Unabh\u00e4ngiges Schweizer Wirtschaftsmagazin mit Fokus auf Immobilien, Architektur- und Bau sowie Investment- und Finanzierung.\",\"publisher\":{\"@id\":\"https:\\\/\\\/www.immobilienbusiness.ch\\\/#organization\"},\"potentialAction\":[{\"@type\":\"SearchAction\",\"target\":{\"@type\":\"EntryPoint\",\"urlTemplate\":\"https:\\\/\\\/www.immobilienbusiness.ch\\\/?s={search_term_string}\"},\"query-input\":{\"@type\":\"PropertyValueSpecification\",\"valueRequired\":true,\"valueName\":\"search_term_string\"}}],\"inLanguage\":\"de\"},{\"@type\":\"Organization\",\"@id\":\"https:\\\/\\\/www.immobilienbusiness.ch\\\/#organization\",\"name\":\"IMMOBILIEN Business\",\"url\":\"https:\\\/\\\/www.immobilienbusiness.ch\\\/\",\"logo\":{\"@type\":\"ImageObject\",\"inLanguage\":\"de\",\"@id\":\"https:\\\/\\\/www.immobilienbusiness.ch\\\/#\\\/schema\\\/logo\\\/image\\\/\",\"url\":\"https:\\\/\\\/www.immobilienbusiness.ch\\\/wp-content\\\/uploads\\\/2021\\\/07\\\/logo_ib.png\",\"contentUrl\":\"https:\\\/\\\/www.immobilienbusiness.ch\\\/wp-content\\\/uploads\\\/2021\\\/07\\\/logo_ib.png\",\"width\":800,\"height\":181,\"caption\":\"IMMOBILIEN Business\"},\"image\":{\"@id\":\"https:\\\/\\\/www.immobilienbusiness.ch\\\/#\\\/schema\\\/logo\\\/image\\\/\"},\"sameAs\":[\"https:\\\/\\\/www.facebook.com\\\/immobilienbusiness\\\/\"]},{\"@type\":\"Person\",\"@id\":\"https:\\\/\\\/www.immobilienbusiness.ch\\\/#\\\/schema\\\/person\\\/3fc036297b10b9f42d6db5ee932af8c8\",\"name\":\"anja.hall\",\"image\":{\"@type\":\"ImageObject\",\"inLanguage\":\"de\",\"@id\":\"https:\\\/\\\/secure.gravatar.com\\\/avatar\\\/066b5a0d447013502c71a5782f4f3469f03cfe595cc2329fb94652fe47511bfb?s=96&d=mm&r=g\",\"url\":\"https:\\\/\\\/secure.gravatar.com\\\/avatar\\\/066b5a0d447013502c71a5782f4f3469f03cfe595cc2329fb94652fe47511bfb?s=96&d=mm&r=g\",\"contentUrl\":\"https:\\\/\\\/secure.gravatar.com\\\/avatar\\\/066b5a0d447013502c71a5782f4f3469f03cfe595cc2329fb94652fe47511bfb?s=96&d=mm&r=g\",\"caption\":\"anja.hall\"},\"url\":\"https:\\\/\\\/www.immobilienbusiness.ch\\\/de\\\/author\\\/anja-hall\\\/\"}]}<\/script>\n<!-- \/ Yoast SEO plugin. -->","yoast_head_json":{"title":"Baustart f\u00fcr Bonainvest-Projekt in Langnau am Albis - IMMOBILIEN Business","description":"Der Baustart f\u00fcr die \u00dcberbauung Langmoos in Langnau am Albis ist erfolgt. Bauherrin Bonainvest erstellt ein Geb\u00e4ude mit 53 Wohnungen.","robots":{"index":"index","follow":"follow","max-snippet":"max-snippet:-1","max-image-preview":"max-image-preview:large","max-video-preview":"max-video-preview:-1"},"canonical":"https:\/\/www.immobilienbusiness.ch\/de\/regionen\/2020-11-10\/baustart-fuer-bonainvest-projekt-in-langnau-am-albis\/","og_locale":"de_DE","og_type":"article","og_title":"Baustart f\u00fcr Bonainvest-Projekt in Langnau am Albis - IMMOBILIEN Business","og_description":"Der Baustart f\u00fcr die \u00dcberbauung Langmoos in Langnau am Albis ist erfolgt. Bauherrin Bonainvest erstellt ein Geb\u00e4ude mit 53 Wohnungen.","og_url":"https:\/\/www.immobilienbusiness.ch\/de\/regionen\/2020-11-10\/baustart-fuer-bonainvest-projekt-in-langnau-am-albis\/","og_site_name":"IMMOBILIEN Business","article_publisher":"https:\/\/www.facebook.com\/immobilienbusiness\/","article_published_time":"2020-11-10T07:53:38+00:00","og_image":[{"width":1600,"height":1066,"url":"https:\/\/www.immobilienbusiness.ch\/wp-content\/uploads\/2020\/11\/LangnauamAlbis_Langmnvisualisierung.jpg","type":"image\/jpeg"}],"author":"anja.hall","twitter_card":"summary_large_image","twitter_image":"https:\/\/www.immobilienbusiness.ch\/wp-content\/uploads\/2020\/11\/LangnauamAlbis_Langmnvisualisierung.jpg","schema":{"@context":"https:\/\/schema.org","@graph":[{"@type":"Article","@id":"https:\/\/www.immobilienbusiness.ch\/it\/regionen\/2020-11-10\/baustart-fuer-bonainvest-projekt-in-langnau-am-albis\/#article","isPartOf":{"@id":"https:\/\/www.immobilienbusiness.ch\/it\/regionen\/2020-11-10\/baustart-fuer-bonainvest-projekt-in-langnau-am-albis\/"},"author":{"name":"anja.hall","@id":"https:\/\/www.immobilienbusiness.ch\/#\/schema\/person\/3fc036297b10b9f42d6db5ee932af8c8"},"headline":"Baustart f\u00fcr Bonainvest-Projekt in Langnau am Albis","datePublished":"2020-11-10T07:53:38+00:00","mainEntityOfPage":{"@id":"https:\/\/www.immobilienbusiness.ch\/it\/regionen\/2020-11-10\/baustart-fuer-bonainvest-projekt-in-langnau-am-albis\/"},"wordCount":165,"publisher":{"@id":"https:\/\/www.immobilienbusiness.ch\/#organization"},"image":{"@id":"https:\/\/www.immobilienbusiness.ch\/it\/regionen\/2020-11-10\/baustart-fuer-bonainvest-projekt-in-langnau-am-albis\/#primaryimage"},"thumbnailUrl":"https:\/\/www.immobilienbusiness.ch\/wp-content\/uploads\/2020\/11\/LangnauamAlbis_Langmnvisualisierung.jpg","keywords":["Bonainvest","Kanton Z\u00fcrich","Projekt in Bau","Wohnimmobilien"],"articleSection":["REGIONEN"],"inLanguage":"de"},{"@type":"WebPage","@id":"https:\/\/www.immobilienbusiness.ch\/it\/regionen\/2020-11-10\/baustart-fuer-bonainvest-projekt-in-langnau-am-albis\/","url":"https:\/\/www.immobilienbusiness.ch\/it\/regionen\/2020-11-10\/baustart-fuer-bonainvest-projekt-in-langnau-am-albis\/","name":"Baustart f\u00fcr Bonainvest-Projekt in Langnau am Albis - IMMOBILIEN Business","isPartOf":{"@id":"https:\/\/www.immobilienbusiness.ch\/#website"},"primaryImageOfPage":{"@id":"https:\/\/www.immobilienbusiness.ch\/it\/regionen\/2020-11-10\/baustart-fuer-bonainvest-projekt-in-langnau-am-albis\/#primaryimage"},"image":{"@id":"https:\/\/www.immobilienbusiness.ch\/it\/regionen\/2020-11-10\/baustart-fuer-bonainvest-projekt-in-langnau-am-albis\/#primaryimage"},"thumbnailUrl":"https:\/\/www.immobilienbusiness.ch\/wp-content\/uploads\/2020\/11\/LangnauamAlbis_Langmnvisualisierung.jpg","datePublished":"2020-11-10T07:53:38+00:00","description":"Der Baustart f\u00fcr die \u00dcberbauung Langmoos in Langnau am Albis ist erfolgt. Bauherrin Bonainvest erstellt ein Geb\u00e4ude mit 53 Wohnungen.","breadcrumb":{"@id":"https:\/\/www.immobilienbusiness.ch\/it\/regionen\/2020-11-10\/baustart-fuer-bonainvest-projekt-in-langnau-am-albis\/#breadcrumb"},"inLanguage":"de","potentialAction":[{"@type":"ReadAction","target":["https:\/\/www.immobilienbusiness.ch\/it\/regionen\/2020-11-10\/baustart-fuer-bonainvest-projekt-in-langnau-am-albis\/"]}]},{"@type":"ImageObject","inLanguage":"de","@id":"https:\/\/www.immobilienbusiness.ch\/it\/regionen\/2020-11-10\/baustart-fuer-bonainvest-projekt-in-langnau-am-albis\/#primaryimage","url":"https:\/\/www.immobilienbusiness.ch\/wp-content\/uploads\/2020\/11\/LangnauamAlbis_Langmnvisualisierung.jpg","contentUrl":"https:\/\/www.immobilienbusiness.ch\/wp-content\/uploads\/2020\/11\/LangnauamAlbis_Langmnvisualisierung.jpg","width":1600,"height":1066,"caption":"Die \u00dcberbauung Langmoss in Langnau am Albis (Visualisierung: Bonainvest)"},{"@type":"BreadcrumbList","@id":"https:\/\/www.immobilienbusiness.ch\/it\/regionen\/2020-11-10\/baustart-fuer-bonainvest-projekt-in-langnau-am-albis\/#breadcrumb","itemListElement":[{"@type":"ListItem","position":1,"name":"Home","item":"https:\/\/www.immobilienbusiness.ch\/"},{"@type":"ListItem","position":2,"name":"Baustart f\u00fcr Bonainvest-Projekt in Langnau am Albis"}]},{"@type":"WebSite","@id":"https:\/\/www.immobilienbusiness.ch\/#website","url":"https:\/\/www.immobilienbusiness.ch\/","name":"IMMOBILIEN Business","description":"Unabh\u00e4ngiges Schweizer Wirtschaftsmagazin mit Fokus auf Immobilien, Architektur- und Bau sowie Investment- und Finanzierung.","publisher":{"@id":"https:\/\/www.immobilienbusiness.ch\/#organization"},"potentialAction":[{"@type":"SearchAction","target":{"@type":"EntryPoint","urlTemplate":"https:\/\/www.immobilienbusiness.ch\/?s={search_term_string}"},"query-input":{"@type":"PropertyValueSpecification","valueRequired":true,"valueName":"search_term_string"}}],"inLanguage":"de"},{"@type":"Organization","@id":"https:\/\/www.immobilienbusiness.ch\/#organization","name":"IMMOBILIEN Business","url":"https:\/\/www.immobilienbusiness.ch\/","logo":{"@type":"ImageObject","inLanguage":"de","@id":"https:\/\/www.immobilienbusiness.ch\/#\/schema\/logo\/image\/","url":"https:\/\/www.immobilienbusiness.ch\/wp-content\/uploads\/2021\/07\/logo_ib.png","contentUrl":"https:\/\/www.immobilienbusiness.ch\/wp-content\/uploads\/2021\/07\/logo_ib.png","width":800,"height":181,"caption":"IMMOBILIEN Business"},"image":{"@id":"https:\/\/www.immobilienbusiness.ch\/#\/schema\/logo\/image\/"},"sameAs":["https:\/\/www.facebook.com\/immobilienbusiness\/"]},{"@type":"Person","@id":"https:\/\/www.immobilienbusiness.ch\/#\/schema\/person\/3fc036297b10b9f42d6db5ee932af8c8","name":"anja.hall","image":{"@type":"ImageObject","inLanguage":"de","@id":"https:\/\/secure.gravatar.com\/avatar\/066b5a0d447013502c71a5782f4f3469f03cfe595cc2329fb94652fe47511bfb?s=96&d=mm&r=g","url":"https:\/\/secure.gravatar.com\/avatar\/066b5a0d447013502c71a5782f4f3469f03cfe595cc2329fb94652fe47511bfb?s=96&d=mm&r=g","contentUrl":"https:\/\/secure.gravatar.com\/avatar\/066b5a0d447013502c71a5782f4f3469f03cfe595cc2329fb94652fe47511bfb?s=96&d=mm&r=g","caption":"anja.hall"},"url":"https:\/\/www.immobilienbusiness.ch\/de\/author\/anja-hall\/"}]}},"_links":{"self":[{"href":"https:\/\/www.immobilienbusiness.ch\/de\/wp-json\/wp\/v2\/posts\/22811","targetHints":{"allow":["GET"]}}],"collection":[{"href":"https:\/\/www.immobilienbusiness.ch\/de\/wp-json\/wp\/v2\/posts"}],"about":[{"href":"https:\/\/www.immobilienbusiness.ch\/de\/wp-json\/wp\/v2\/types\/post"}],"author":[{"embeddable":true,"href":"https:\/\/www.immobilienbusiness.ch\/de\/wp-json\/wp\/v2\/users\/3"}],"replies":[{"embeddable":true,"href":"https:\/\/www.immobilienbusiness.ch\/de\/wp-json\/wp\/v2\/comments?post=22811"}],"version-history":[{"count":0,"href":"https:\/\/www.immobilienbusiness.ch\/de\/wp-json\/wp\/v2\/posts\/22811\/revisions"}],"wp:featuredmedia":[{"embeddable":true,"href":"https:\/\/www.immobilienbusiness.ch\/de\/wp-json\/wp\/v2\/media\/22812"}],"wp:attachment":[{"href":"https:\/\/www.immobilienbusiness.ch\/de\/wp-json\/wp\/v2\/media?parent=22811"}],"wp:term":[{"taxonomy":"category","embeddable":true,"href":"https:\/\/www.immobilienbusiness.ch\/de\/wp-json\/wp\/v2\/categories?post=22811"},{"taxonomy":"post_tag","embeddable":true,"href":"https:\/\/www.immobilienbusiness.ch\/de\/wp-json\/wp\/v2\/tags?post=22811"}],"curies":[{"name":"wp","href":"https:\/\/api.w.org\/{rel}","templated":true}]}}