{"id":2211,"date":"2016-02-04T08:18:26","date_gmt":"2016-02-04T07:18:26","guid":{"rendered":"http:\/\/dev.immobilienbusiness.ch\/?p=2211"},"modified":"2016-02-04T08:18:26","modified_gmt":"2016-02-04T07:18:26","slug":"implenia-vr-praesident-achermann-tritt-zurueck","status":"publish","type":"post","link":"https:\/\/www.immobilienbusiness.ch\/de\/unternehmen\/2016-02-04\/implenia-vr-praesident-achermann-tritt-zurueck\/","title":{"rendered":"Implenia: VR-Pr\u00e4sident Achermann tritt zur\u00fcck"},"content":{"rendered":"<figure id=\"attachment_2214\" aria-describedby=\"caption-attachment-2214\" style=\"width: 680px\" class=\"wp-caption alignnone\"><img loading=\"lazy\" decoding=\"async\" class=\"size-medium wp-image-2214\" src=\"https:\/\/immobilienbusiness.ch\/wp-content\/uploads\/2016\/02\/Implenia-VR-Pr\u00e4sident-Achermann-tritt-zur\u00fcck-immobilien-business.jpg\" alt=\"Implenias VR-Pr\u00e4sident Hubert Achermann ist zur\u00fcckgetreten (Foto: Pixabay)\" width=\"680\" height=\"455\" \/><figcaption id=\"caption-attachment-2214\" class=\"wp-caption-text\">Implenias VR-Pr\u00e4sident Hubert Achermann ist zur\u00fcckgetreten (Foto: Pixabay)<\/figcaption><\/figure>\n<p>Verwaltungsrat Henner Mahlstedt \u00fcbernimmt den Vorsitz des Gremiums bis zur Generalversammlung der Implenia am 22. M\u00e4rz 2016. Der Verwaltungsrat will bereits in den n\u00e4chsten Tagen einen Nachfolger f\u00fcr Achermann vorschlagen. (ah)<\/p>\n","protected":false},"excerpt":{"rendered":"<p>Im Verwaltungsrat von Implenia kommt es zu einem Wechsel. Hubert Achermann, der dem Verwaltungsrat seit 2013 angeh\u00f6rt &#8211; seit M\u00e4rz 2015 als Pr\u00e4sident -, tritt per sofort aus dem Gremium zur\u00fcck. Grund sei Achermanns Beanspruchung durch seine weiteren Mandate, teilt Implenia mit.<\/p>\n","protected":false},"author":1,"featured_media":2214,"comment_status":"open","ping_status":"open","sticky":false,"template":"","format":"standard","meta":{"_acf_changed":false,"_yoast_wpseo_focuskw":"Implenia VR-Pr\u00e4sident R\u00fccktritt","_yoast_wpseo_title":"Implenia VR-Pr\u00e4sident R\u00fccktritt: Achermann tritt zur\u00fcck","_yoast_wpseo_metadesc":"Der R\u00fccktritt von Hubert Achermann als VR-Pr\u00e4sident bei Implenia f\u00fchrt zu einer \u00dcbergangsphase im Verwaltungsrat. Nachfolger wird in K\u00fcrze bekanntgegeben.","_yoast_wpseo_linkdex":60,"pgc_sgb_lightbox_settings":"","footnotes":""},"categories":[988],"tags":[1568,1807],"class_list":["post-2211","post","type-post","status-publish","format-standard","has-post-thumbnail","hentry","category-unternehmen","tag-pesonalien","tag-unternehmen"],"acf":[],"yoast_head":"<!-- This site is optimized with the Yoast SEO plugin v27.4 - https:\/\/yoast.com\/product\/yoast-seo-wordpress\/ -->\n<title>Implenia VR-Pr\u00e4sident R\u00fccktritt: Achermann tritt zur\u00fcck<\/title>\n<meta name=\"description\" content=\"Der R\u00fccktritt von Hubert Achermann als VR-Pr\u00e4sident bei Implenia f\u00fchrt zu einer \u00dcbergangsphase im Verwaltungsrat. Nachfolger wird in K\u00fcrze bekanntgegeben.\" \/>\n<meta name=\"robots\" content=\"index, follow, max-snippet:-1, max-image-preview:large, max-video-preview:-1\" \/>\n<link rel=\"canonical\" href=\"https:\/\/www.immobilienbusiness.ch\/de\/unternehmen\/2016-02-04\/implenia-vr-praesident-achermann-tritt-zurueck\/\" \/>\n<meta property=\"og:locale\" content=\"de_DE\" \/>\n<meta property=\"og:type\" content=\"article\" \/>\n<meta property=\"og:title\" content=\"Implenia: VR-Pr\u00e4sident Achermann tritt zur\u00fcck\" \/>\n<meta property=\"og:description\" content=\"Im Verwaltungsrat von Implenia kommt es zu einem Wechsel. Hubert Achermann, der dem Verwaltungsrat seit 2013 angeh\u00f6rt - seit M\u00e4rz 2015 als Pr\u00e4sident -, tritt per sofort aus dem Gremium zur\u00fcck. Grund sei Achermanns Beanspruchung durch seine weiteren Mandate, teilt Implenia mit.\" \/>\n<meta property=\"og:url\" content=\"https:\/\/www.immobilienbusiness.ch\/de\/unternehmen\/2016-02-04\/implenia-vr-praesident-achermann-tritt-zurueck\/\" \/>\n<meta property=\"og:site_name\" content=\"IMMOBILIEN Business\" \/>\n<meta property=\"article:publisher\" content=\"https:\/\/www.facebook.com\/immobilienbusiness\/\" \/>\n<meta property=\"article:published_time\" content=\"2016-02-04T07:18:26+00:00\" \/>\n<meta name=\"author\" content=\"Redaktion\" \/>\n<meta name=\"twitter:card\" content=\"summary_large_image\" \/>\n<meta name=\"twitter:image\" content=\"https:\/\/www.immobilienbusiness.ch\/wp-content\/uploads\/2016\/02\/Implenia-VR-Praesident-Achermann-tritt-zurueck-immobilien-business.jpg\" \/>\n<script type=\"application\/ld+json\" class=\"yoast-schema-graph\">{\"@context\":\"https:\\\/\\\/schema.org\",\"@graph\":[{\"@type\":\"Article\",\"@id\":\"https:\\\/\\\/www.immobilienbusiness.ch\\\/unternehmen\\\/2016-02-04\\\/implenia-vr-praesident-achermann-tritt-zurueck\\\/#article\",\"isPartOf\":{\"@id\":\"https:\\\/\\\/www.immobilienbusiness.ch\\\/unternehmen\\\/2016-02-04\\\/implenia-vr-praesident-achermann-tritt-zurueck\\\/\"},\"author\":{\"name\":\"Redaktion\",\"@id\":\"https:\\\/\\\/www.immobilienbusiness.ch\\\/#\\\/schema\\\/person\\\/aa2bace6c5c5aad60102004a50c4eb1c\"},\"headline\":\"Implenia: VR-Pr\u00e4sident Achermann tritt zur\u00fcck\",\"datePublished\":\"2016-02-04T07:18:26+00:00\",\"mainEntityOfPage\":{\"@id\":\"https:\\\/\\\/www.immobilienbusiness.ch\\\/unternehmen\\\/2016-02-04\\\/implenia-vr-praesident-achermann-tritt-zurueck\\\/\"},\"wordCount\":56,\"commentCount\":0,\"publisher\":{\"@id\":\"https:\\\/\\\/www.immobilienbusiness.ch\\\/#organization\"},\"image\":{\"@id\":\"https:\\\/\\\/www.immobilienbusiness.ch\\\/unternehmen\\\/2016-02-04\\\/implenia-vr-praesident-achermann-tritt-zurueck\\\/#primaryimage\"},\"thumbnailUrl\":\"https:\\\/\\\/www.immobilienbusiness.ch\\\/wp-content\\\/uploads\\\/2016\\\/02\\\/Implenia-VR-Praesident-Achermann-tritt-zurueck-immobilien-business.jpg\",\"keywords\":[\"Pesonalien\",\"Unternehmen\"],\"articleSection\":[\"UNTERNEHMEN\"],\"inLanguage\":\"de\"},{\"@type\":\"WebPage\",\"@id\":\"https:\\\/\\\/www.immobilienbusiness.ch\\\/unternehmen\\\/2016-02-04\\\/implenia-vr-praesident-achermann-tritt-zurueck\\\/\",\"url\":\"https:\\\/\\\/www.immobilienbusiness.ch\\\/unternehmen\\\/2016-02-04\\\/implenia-vr-praesident-achermann-tritt-zurueck\\\/\",\"name\":\"Implenia VR-Pr\u00e4sident R\u00fccktritt: Achermann tritt zur\u00fcck\",\"isPartOf\":{\"@id\":\"https:\\\/\\\/www.immobilienbusiness.ch\\\/#website\"},\"primaryImageOfPage\":{\"@id\":\"https:\\\/\\\/www.immobilienbusiness.ch\\\/unternehmen\\\/2016-02-04\\\/implenia-vr-praesident-achermann-tritt-zurueck\\\/#primaryimage\"},\"image\":{\"@id\":\"https:\\\/\\\/www.immobilienbusiness.ch\\\/unternehmen\\\/2016-02-04\\\/implenia-vr-praesident-achermann-tritt-zurueck\\\/#primaryimage\"},\"thumbnailUrl\":\"https:\\\/\\\/www.immobilienbusiness.ch\\\/wp-content\\\/uploads\\\/2016\\\/02\\\/Implenia-VR-Praesident-Achermann-tritt-zurueck-immobilien-business.jpg\",\"datePublished\":\"2016-02-04T07:18:26+00:00\",\"description\":\"Der R\u00fccktritt von Hubert Achermann als VR-Pr\u00e4sident bei Implenia f\u00fchrt zu einer \u00dcbergangsphase im Verwaltungsrat. Nachfolger wird in K\u00fcrze bekanntgegeben.\",\"breadcrumb\":{\"@id\":\"https:\\\/\\\/www.immobilienbusiness.ch\\\/unternehmen\\\/2016-02-04\\\/implenia-vr-praesident-achermann-tritt-zurueck\\\/#breadcrumb\"},\"inLanguage\":\"de\",\"potentialAction\":[{\"@type\":\"ReadAction\",\"target\":[\"https:\\\/\\\/www.immobilienbusiness.ch\\\/unternehmen\\\/2016-02-04\\\/implenia-vr-praesident-achermann-tritt-zurueck\\\/\"]}]},{\"@type\":\"ImageObject\",\"inLanguage\":\"de\",\"@id\":\"https:\\\/\\\/www.immobilienbusiness.ch\\\/unternehmen\\\/2016-02-04\\\/implenia-vr-praesident-achermann-tritt-zurueck\\\/#primaryimage\",\"url\":\"https:\\\/\\\/www.immobilienbusiness.ch\\\/wp-content\\\/uploads\\\/2016\\\/02\\\/Implenia-VR-Praesident-Achermann-tritt-zurueck-immobilien-business.jpg\",\"contentUrl\":\"https:\\\/\\\/www.immobilienbusiness.ch\\\/wp-content\\\/uploads\\\/2016\\\/02\\\/Implenia-VR-Praesident-Achermann-tritt-zurueck-immobilien-business.jpg\",\"width\":1280,\"height\":856,\"caption\":\"Implenias VR-Pr\u00e4sident Hubert Achermann ist zur\u00fcckgetreten (Foto: Pixabay)\"},{\"@type\":\"BreadcrumbList\",\"@id\":\"https:\\\/\\\/www.immobilienbusiness.ch\\\/unternehmen\\\/2016-02-04\\\/implenia-vr-praesident-achermann-tritt-zurueck\\\/#breadcrumb\",\"itemListElement\":[{\"@type\":\"ListItem\",\"position\":1,\"name\":\"Home\",\"item\":\"https:\\\/\\\/www.immobilienbusiness.ch\\\/\"},{\"@type\":\"ListItem\",\"position\":2,\"name\":\"Implenia: VR-Pr\u00e4sident Achermann tritt zur\u00fcck\"}]},{\"@type\":\"WebSite\",\"@id\":\"https:\\\/\\\/www.immobilienbusiness.ch\\\/#website\",\"url\":\"https:\\\/\\\/www.immobilienbusiness.ch\\\/\",\"name\":\"IMMOBILIEN Business\",\"description\":\"Unabh\u00e4ngiges Schweizer Wirtschaftsmagazin mit Fokus auf Immobilien, Architektur- und Bau sowie Investment- und Finanzierung.\",\"publisher\":{\"@id\":\"https:\\\/\\\/www.immobilienbusiness.ch\\\/#organization\"},\"potentialAction\":[{\"@type\":\"SearchAction\",\"target\":{\"@type\":\"EntryPoint\",\"urlTemplate\":\"https:\\\/\\\/www.immobilienbusiness.ch\\\/?s={search_term_string}\"},\"query-input\":{\"@type\":\"PropertyValueSpecification\",\"valueRequired\":true,\"valueName\":\"search_term_string\"}}],\"inLanguage\":\"de\"},{\"@type\":\"Organization\",\"@id\":\"https:\\\/\\\/www.immobilienbusiness.ch\\\/#organization\",\"name\":\"IMMOBILIEN Business\",\"url\":\"https:\\\/\\\/www.immobilienbusiness.ch\\\/\",\"logo\":{\"@type\":\"ImageObject\",\"inLanguage\":\"de\",\"@id\":\"https:\\\/\\\/www.immobilienbusiness.ch\\\/#\\\/schema\\\/logo\\\/image\\\/\",\"url\":\"https:\\\/\\\/www.immobilienbusiness.ch\\\/wp-content\\\/uploads\\\/2021\\\/07\\\/logo_ib.png\",\"contentUrl\":\"https:\\\/\\\/www.immobilienbusiness.ch\\\/wp-content\\\/uploads\\\/2021\\\/07\\\/logo_ib.png\",\"width\":800,\"height\":181,\"caption\":\"IMMOBILIEN Business\"},\"image\":{\"@id\":\"https:\\\/\\\/www.immobilienbusiness.ch\\\/#\\\/schema\\\/logo\\\/image\\\/\"},\"sameAs\":[\"https:\\\/\\\/www.facebook.com\\\/immobilienbusiness\\\/\"]},{\"@type\":\"Person\",\"@id\":\"https:\\\/\\\/www.immobilienbusiness.ch\\\/#\\\/schema\\\/person\\\/aa2bace6c5c5aad60102004a50c4eb1c\",\"name\":\"Redaktion\",\"image\":{\"@type\":\"ImageObject\",\"inLanguage\":\"de\",\"@id\":\"https:\\\/\\\/secure.gravatar.com\\\/avatar\\\/ae2f4d718e6c49043e314ce431e7e645d646302a24a5ef5a8bc8e3f5a032e319?s=96&d=mm&r=g\",\"url\":\"https:\\\/\\\/secure.gravatar.com\\\/avatar\\\/ae2f4d718e6c49043e314ce431e7e645d646302a24a5ef5a8bc8e3f5a032e319?s=96&d=mm&r=g\",\"contentUrl\":\"https:\\\/\\\/secure.gravatar.com\\\/avatar\\\/ae2f4d718e6c49043e314ce431e7e645d646302a24a5ef5a8bc8e3f5a032e319?s=96&d=mm&r=g\",\"caption\":\"Redaktion\"},\"sameAs\":[\"http:\\\/\\\/develop.organisator.galledia.ch\"],\"url\":\"https:\\\/\\\/www.immobilienbusiness.ch\\\/de\\\/author\\\/admin\\\/\"}]}<\/script>\n<!-- \/ Yoast SEO plugin. -->","yoast_head_json":{"title":"Implenia VR-Pr\u00e4sident R\u00fccktritt: Achermann tritt zur\u00fcck","description":"Der R\u00fccktritt von Hubert Achermann als VR-Pr\u00e4sident bei Implenia f\u00fchrt zu einer \u00dcbergangsphase im Verwaltungsrat. Nachfolger wird in K\u00fcrze bekanntgegeben.","robots":{"index":"index","follow":"follow","max-snippet":"max-snippet:-1","max-image-preview":"max-image-preview:large","max-video-preview":"max-video-preview:-1"},"canonical":"https:\/\/www.immobilienbusiness.ch\/de\/unternehmen\/2016-02-04\/implenia-vr-praesident-achermann-tritt-zurueck\/","og_locale":"de_DE","og_type":"article","og_title":"Implenia: VR-Pr\u00e4sident Achermann tritt zur\u00fcck","og_description":"Im Verwaltungsrat von Implenia kommt es zu einem Wechsel. Hubert Achermann, der dem Verwaltungsrat seit 2013 angeh\u00f6rt - seit M\u00e4rz 2015 als Pr\u00e4sident -, tritt per sofort aus dem Gremium zur\u00fcck. Grund sei Achermanns Beanspruchung durch seine weiteren Mandate, teilt Implenia mit.","og_url":"https:\/\/www.immobilienbusiness.ch\/de\/unternehmen\/2016-02-04\/implenia-vr-praesident-achermann-tritt-zurueck\/","og_site_name":"IMMOBILIEN Business","article_publisher":"https:\/\/www.facebook.com\/immobilienbusiness\/","article_published_time":"2016-02-04T07:18:26+00:00","author":"Redaktion","twitter_card":"summary_large_image","twitter_image":"https:\/\/www.immobilienbusiness.ch\/wp-content\/uploads\/2016\/02\/Implenia-VR-Praesident-Achermann-tritt-zurueck-immobilien-business.jpg","schema":{"@context":"https:\/\/schema.org","@graph":[{"@type":"Article","@id":"https:\/\/www.immobilienbusiness.ch\/unternehmen\/2016-02-04\/implenia-vr-praesident-achermann-tritt-zurueck\/#article","isPartOf":{"@id":"https:\/\/www.immobilienbusiness.ch\/unternehmen\/2016-02-04\/implenia-vr-praesident-achermann-tritt-zurueck\/"},"author":{"name":"Redaktion","@id":"https:\/\/www.immobilienbusiness.ch\/#\/schema\/person\/aa2bace6c5c5aad60102004a50c4eb1c"},"headline":"Implenia: VR-Pr\u00e4sident Achermann tritt zur\u00fcck","datePublished":"2016-02-04T07:18:26+00:00","mainEntityOfPage":{"@id":"https:\/\/www.immobilienbusiness.ch\/unternehmen\/2016-02-04\/implenia-vr-praesident-achermann-tritt-zurueck\/"},"wordCount":56,"commentCount":0,"publisher":{"@id":"https:\/\/www.immobilienbusiness.ch\/#organization"},"image":{"@id":"https:\/\/www.immobilienbusiness.ch\/unternehmen\/2016-02-04\/implenia-vr-praesident-achermann-tritt-zurueck\/#primaryimage"},"thumbnailUrl":"https:\/\/www.immobilienbusiness.ch\/wp-content\/uploads\/2016\/02\/Implenia-VR-Praesident-Achermann-tritt-zurueck-immobilien-business.jpg","keywords":["Pesonalien","Unternehmen"],"articleSection":["UNTERNEHMEN"],"inLanguage":"de"},{"@type":"WebPage","@id":"https:\/\/www.immobilienbusiness.ch\/unternehmen\/2016-02-04\/implenia-vr-praesident-achermann-tritt-zurueck\/","url":"https:\/\/www.immobilienbusiness.ch\/unternehmen\/2016-02-04\/implenia-vr-praesident-achermann-tritt-zurueck\/","name":"Implenia VR-Pr\u00e4sident R\u00fccktritt: Achermann tritt zur\u00fcck","isPartOf":{"@id":"https:\/\/www.immobilienbusiness.ch\/#website"},"primaryImageOfPage":{"@id":"https:\/\/www.immobilienbusiness.ch\/unternehmen\/2016-02-04\/implenia-vr-praesident-achermann-tritt-zurueck\/#primaryimage"},"image":{"@id":"https:\/\/www.immobilienbusiness.ch\/unternehmen\/2016-02-04\/implenia-vr-praesident-achermann-tritt-zurueck\/#primaryimage"},"thumbnailUrl":"https:\/\/www.immobilienbusiness.ch\/wp-content\/uploads\/2016\/02\/Implenia-VR-Praesident-Achermann-tritt-zurueck-immobilien-business.jpg","datePublished":"2016-02-04T07:18:26+00:00","description":"Der R\u00fccktritt von Hubert Achermann als VR-Pr\u00e4sident bei Implenia f\u00fchrt zu einer \u00dcbergangsphase im Verwaltungsrat. Nachfolger wird in K\u00fcrze bekanntgegeben.","breadcrumb":{"@id":"https:\/\/www.immobilienbusiness.ch\/unternehmen\/2016-02-04\/implenia-vr-praesident-achermann-tritt-zurueck\/#breadcrumb"},"inLanguage":"de","potentialAction":[{"@type":"ReadAction","target":["https:\/\/www.immobilienbusiness.ch\/unternehmen\/2016-02-04\/implenia-vr-praesident-achermann-tritt-zurueck\/"]}]},{"@type":"ImageObject","inLanguage":"de","@id":"https:\/\/www.immobilienbusiness.ch\/unternehmen\/2016-02-04\/implenia-vr-praesident-achermann-tritt-zurueck\/#primaryimage","url":"https:\/\/www.immobilienbusiness.ch\/wp-content\/uploads\/2016\/02\/Implenia-VR-Praesident-Achermann-tritt-zurueck-immobilien-business.jpg","contentUrl":"https:\/\/www.immobilienbusiness.ch\/wp-content\/uploads\/2016\/02\/Implenia-VR-Praesident-Achermann-tritt-zurueck-immobilien-business.jpg","width":1280,"height":856,"caption":"Implenias VR-Pr\u00e4sident Hubert Achermann ist zur\u00fcckgetreten (Foto: Pixabay)"},{"@type":"BreadcrumbList","@id":"https:\/\/www.immobilienbusiness.ch\/unternehmen\/2016-02-04\/implenia-vr-praesident-achermann-tritt-zurueck\/#breadcrumb","itemListElement":[{"@type":"ListItem","position":1,"name":"Home","item":"https:\/\/www.immobilienbusiness.ch\/"},{"@type":"ListItem","position":2,"name":"Implenia: VR-Pr\u00e4sident Achermann tritt zur\u00fcck"}]},{"@type":"WebSite","@id":"https:\/\/www.immobilienbusiness.ch\/#website","url":"https:\/\/www.immobilienbusiness.ch\/","name":"IMMOBILIEN Business","description":"Unabh\u00e4ngiges Schweizer Wirtschaftsmagazin mit Fokus auf Immobilien, Architektur- und Bau sowie Investment- und Finanzierung.","publisher":{"@id":"https:\/\/www.immobilienbusiness.ch\/#organization"},"potentialAction":[{"@type":"SearchAction","target":{"@type":"EntryPoint","urlTemplate":"https:\/\/www.immobilienbusiness.ch\/?s={search_term_string}"},"query-input":{"@type":"PropertyValueSpecification","valueRequired":true,"valueName":"search_term_string"}}],"inLanguage":"de"},{"@type":"Organization","@id":"https:\/\/www.immobilienbusiness.ch\/#organization","name":"IMMOBILIEN Business","url":"https:\/\/www.immobilienbusiness.ch\/","logo":{"@type":"ImageObject","inLanguage":"de","@id":"https:\/\/www.immobilienbusiness.ch\/#\/schema\/logo\/image\/","url":"https:\/\/www.immobilienbusiness.ch\/wp-content\/uploads\/2021\/07\/logo_ib.png","contentUrl":"https:\/\/www.immobilienbusiness.ch\/wp-content\/uploads\/2021\/07\/logo_ib.png","width":800,"height":181,"caption":"IMMOBILIEN Business"},"image":{"@id":"https:\/\/www.immobilienbusiness.ch\/#\/schema\/logo\/image\/"},"sameAs":["https:\/\/www.facebook.com\/immobilienbusiness\/"]},{"@type":"Person","@id":"https:\/\/www.immobilienbusiness.ch\/#\/schema\/person\/aa2bace6c5c5aad60102004a50c4eb1c","name":"Redaktion","image":{"@type":"ImageObject","inLanguage":"de","@id":"https:\/\/secure.gravatar.com\/avatar\/ae2f4d718e6c49043e314ce431e7e645d646302a24a5ef5a8bc8e3f5a032e319?s=96&d=mm&r=g","url":"https:\/\/secure.gravatar.com\/avatar\/ae2f4d718e6c49043e314ce431e7e645d646302a24a5ef5a8bc8e3f5a032e319?s=96&d=mm&r=g","contentUrl":"https:\/\/secure.gravatar.com\/avatar\/ae2f4d718e6c49043e314ce431e7e645d646302a24a5ef5a8bc8e3f5a032e319?s=96&d=mm&r=g","caption":"Redaktion"},"sameAs":["http:\/\/develop.organisator.galledia.ch"],"url":"https:\/\/www.immobilienbusiness.ch\/de\/author\/admin\/"}]}},"_links":{"self":[{"href":"https:\/\/www.immobilienbusiness.ch\/de\/wp-json\/wp\/v2\/posts\/2211","targetHints":{"allow":["GET"]}}],"collection":[{"href":"https:\/\/www.immobilienbusiness.ch\/de\/wp-json\/wp\/v2\/posts"}],"about":[{"href":"https:\/\/www.immobilienbusiness.ch\/de\/wp-json\/wp\/v2\/types\/post"}],"author":[{"embeddable":true,"href":"https:\/\/www.immobilienbusiness.ch\/de\/wp-json\/wp\/v2\/users\/1"}],"replies":[{"embeddable":true,"href":"https:\/\/www.immobilienbusiness.ch\/de\/wp-json\/wp\/v2\/comments?post=2211"}],"version-history":[{"count":0,"href":"https:\/\/www.immobilienbusiness.ch\/de\/wp-json\/wp\/v2\/posts\/2211\/revisions"}],"wp:featuredmedia":[{"embeddable":true,"href":"https:\/\/www.immobilienbusiness.ch\/de\/wp-json\/wp\/v2\/media\/2214"}],"wp:attachment":[{"href":"https:\/\/www.immobilienbusiness.ch\/de\/wp-json\/wp\/v2\/media?parent=2211"}],"wp:term":[{"taxonomy":"category","embeddable":true,"href":"https:\/\/www.immobilienbusiness.ch\/de\/wp-json\/wp\/v2\/categories?post=2211"},{"taxonomy":"post_tag","embeddable":true,"href":"https:\/\/www.immobilienbusiness.ch\/de\/wp-json\/wp\/v2\/tags?post=2211"}],"curies":[{"name":"wp","href":"https:\/\/api.w.org\/{rel}","templated":true}]}}