{"id":22080,"date":"2020-08-14T07:56:59","date_gmt":"2020-08-14T05:56:59","guid":{"rendered":"https:\/\/www.immobilienbusiness.ch\/?p=22080"},"modified":"2020-08-14T07:56:59","modified_gmt":"2020-08-14T05:56:59","slug":"espace-real-estate-unterstuetzung-fuer-mieter-in-der-corona-krise","status":"publish","type":"post","link":"https:\/\/www.immobilienbusiness.ch\/de\/unternehmen\/2020-08-14\/espace-real-estate-unterstuetzung-fuer-mieter-in-der-corona-krise\/","title":{"rendered":"Espace Real Estate: Unterst\u00fctzung f\u00fcr Mieter in der Corona-Krise"},"content":{"rendered":"<figure id=\"attachment_15182\" aria-describedby=\"caption-attachment-15182\" style=\"width: 680px\" class=\"wp-caption alignnone\"><img loading=\"lazy\" decoding=\"async\" class=\"size-medium wp-image-15182\" src=\"https:\/\/www.immobilienbusiness.ch\/wp-content\/uploads\/2018\/12\/Depositphotos_80147336_m-2015.jpg\" alt=\"\" width=\"680\" height=\"454\" srcset=\"https:\/\/www.immobilienbusiness.ch\/wp-content\/uploads\/2018\/12\/Depositphotos_80147336_m-2015.jpg 999w, https:\/\/www.immobilienbusiness.ch\/wp-content\/uploads\/2018\/12\/Depositphotos_80147336_m-2015-300x200.jpg 300w, https:\/\/www.immobilienbusiness.ch\/wp-content\/uploads\/2018\/12\/Depositphotos_80147336_m-2015-768x513.jpg 768w, https:\/\/www.immobilienbusiness.ch\/wp-content\/uploads\/2018\/12\/Depositphotos_80147336_m-2015-16x12.jpg 16w, https:\/\/www.immobilienbusiness.ch\/wp-content\/uploads\/2018\/12\/Depositphotos_80147336_m-2015-262x175.jpg 262w, https:\/\/www.immobilienbusiness.ch\/wp-content\/uploads\/2018\/12\/Depositphotos_80147336_m-2015-524x350.jpg 524w, https:\/\/www.immobilienbusiness.ch\/wp-content\/uploads\/2018\/12\/Depositphotos_80147336_m-2015-920x614.jpg 920w\" sizes=\"auto, (max-width: 680px) 100vw, 680px\" \/><figcaption id=\"caption-attachment-15182\" class=\"wp-caption-text\">Espace Real Estate gew\u00e4hrt wegen der Corona-Krise Mietzinsstundungen und -erlasse (Bild: stockasso &#8211; depositphotos)<\/figcaption><\/figure>\n<p>Die Corona-Krise macht auch den grossen schweizerischen Altkleider-Sammlern geh\u00f6rig zu schaffen. Mit dem Lockdown, mit Homeoffice und Kurzarbeit hatte die Bev\u00f6lkerung pl\u00f6tzlich viel Zeit, vom Keller bis in den Estrich alles auszumisten.<\/p>\n<p>\u00abDie Covid-19-Krise hat die Altkleiderbranche v\u00f6llig \u201aauf den Kopf gestellt\u2018\u00bb, sagt Roland Tegtmeyer von der Firma Tell-Tex in Safenwil, die zusammen mit Texaid den Schweizer Markt f\u00fcr Altkleider dominiert. Innerhalb von zwei Monaten wurden in der Schweiz 3.000 Tonnen mehr als \u00fcblich eingesammelt. Das Sammelsystem steht bei solchen Mengen kurz vor dem Kollaps.<\/p>\n<p>Espace Real Estate, die Eigent\u00fcmer der B\u00fcro- und Gewerbeliegenschaft, in der Tell-Tex seit vielen Jahren eingemietet ist, hat schnell auf die neue Situation reagiert. Lars Egger, CEO des in Solothurn ans\u00e4ssigen Immobilienunternehmens: \u00abWir haben an der Nordstrasse in Luterbach Tell-Tex Lagerfl\u00e4chen bis Ende Jahr kostenlos zur Verf\u00fcgung gestellt. Eine aktive Unterst\u00fctzung unserer Mieter in Ausnahmesituationen wie der Corona-Krise ist f\u00fcr uns selbstverst\u00e4ndlich.\u00bb<\/p>\n<p>Dar\u00fcber hinaus hat Espace Real Estate w\u00e4hrend der Phase des Lockdowns Mieter unterst\u00fctzt, die direkt davon betroffen waren, da sie keine Kunden mehr bedienen konnten. Das Unternehmen gew\u00e4hrte Mietzinsstundungen und -erl\u00e4sse f\u00fcr Dienstleistungsunternehmen wie Coiffeure und Fitnesscenter, aber auch Eventunternehmen und Gastronomie. \u00abAls sich der Lockdown abzeichnete, sind wir auf unsere Mieter zugegangen und haben ihnen unkompliziert und unb\u00fcrokratisch Hilfe zugesichert\u00bb, so Lars Egger. <em>(bw)<\/em><\/p>\n","protected":false},"excerpt":{"rendered":"<p>In der Phase des Lockdowns hat Espace Real Estate Gewerbemietern Mietzinsstundungen und -Erl\u00e4sse gew\u00e4hrt. Dem Altkleidersammler Tell-Tex stellt die Gesellschaft Lagerfl\u00e4chen bis Ende Jahr kostenlos zur Verf\u00fcgung.<\/p>\n","protected":false},"author":3,"featured_media":15182,"comment_status":"closed","ping_status":"open","sticky":false,"template":"","format":"standard","meta":{"_acf_changed":false,"_yoast_wpseo_focuskw":"Espace","_yoast_wpseo_title":"","_yoast_wpseo_metadesc":"In der Phase des Lockdowns hat Espace Real Estate Gewerbemietern unb\u00fcrokratisch Mietzinsstundungen und -Erl\u00e4sse gew\u00e4hrt.","_yoast_wpseo_linkdex":55,"pgc_sgb_lightbox_settings":"","footnotes":""},"categories":[988],"tags":[1143,1206,1490],"class_list":["post-22080","post","type-post","status-publish","format-standard","has-post-thumbnail","hentry","category-unternehmen","tag-coronavirus","tag-espace-real-estate","tag-miete"],"acf":[],"yoast_head":"<!-- This site is optimized with the Yoast SEO plugin v27.4 - https:\/\/yoast.com\/product\/yoast-seo-wordpress\/ -->\n<title>Espace Real Estate: Unterst\u00fctzung f\u00fcr Mieter in der Corona-Krise - IMMOBILIEN Business<\/title>\n<meta name=\"description\" content=\"In der Phase des Lockdowns hat Espace Real Estate Gewerbemietern unb\u00fcrokratisch Mietzinsstundungen und -Erl\u00e4sse gew\u00e4hrt.\" \/>\n<meta name=\"robots\" content=\"index, follow, max-snippet:-1, max-image-preview:large, max-video-preview:-1\" \/>\n<link rel=\"canonical\" href=\"https:\/\/www.immobilienbusiness.ch\/de\/unternehmen\/2020-08-14\/espace-real-estate-unterstuetzung-fuer-mieter-in-der-corona-krise\/\" \/>\n<meta property=\"og:locale\" content=\"de_DE\" \/>\n<meta property=\"og:type\" content=\"article\" \/>\n<meta property=\"og:title\" content=\"Espace Real Estate: Unterst\u00fctzung f\u00fcr Mieter in der Corona-Krise - IMMOBILIEN Business\" \/>\n<meta property=\"og:description\" content=\"In der Phase des Lockdowns hat Espace Real Estate Gewerbemietern unb\u00fcrokratisch Mietzinsstundungen und -Erl\u00e4sse gew\u00e4hrt.\" \/>\n<meta property=\"og:url\" content=\"https:\/\/www.immobilienbusiness.ch\/de\/unternehmen\/2020-08-14\/espace-real-estate-unterstuetzung-fuer-mieter-in-der-corona-krise\/\" \/>\n<meta property=\"og:site_name\" content=\"IMMOBILIEN Business\" \/>\n<meta property=\"article:publisher\" content=\"https:\/\/www.facebook.com\/immobilienbusiness\/\" \/>\n<meta property=\"article:published_time\" content=\"2020-08-14T05:56:59+00:00\" \/>\n<meta property=\"og:image\" content=\"https:\/\/www.immobilienbusiness.ch\/wp-content\/uploads\/2018\/12\/Depositphotos_80147336_m-2015.jpg\" \/>\n\t<meta property=\"og:image:width\" content=\"999\" \/>\n\t<meta property=\"og:image:height\" content=\"667\" \/>\n\t<meta property=\"og:image:type\" content=\"image\/jpeg\" \/>\n<meta name=\"author\" content=\"anja.hall\" \/>\n<meta name=\"twitter:card\" content=\"summary_large_image\" \/>\n<meta name=\"twitter:image\" content=\"https:\/\/www.immobilienbusiness.ch\/wp-content\/uploads\/2018\/12\/Depositphotos_80147336_m-2015.jpg\" \/>\n<script type=\"application\/ld+json\" class=\"yoast-schema-graph\">{\"@context\":\"https:\\\/\\\/schema.org\",\"@graph\":[{\"@type\":\"Article\",\"@id\":\"https:\\\/\\\/www.immobilienbusiness.ch\\\/unternehmen\\\/2020-08-14\\\/espace-real-estate-unterstuetzung-fuer-mieter-in-der-corona-krise\\\/#article\",\"isPartOf\":{\"@id\":\"https:\\\/\\\/www.immobilienbusiness.ch\\\/unternehmen\\\/2020-08-14\\\/espace-real-estate-unterstuetzung-fuer-mieter-in-der-corona-krise\\\/\"},\"author\":{\"name\":\"anja.hall\",\"@id\":\"https:\\\/\\\/www.immobilienbusiness.ch\\\/#\\\/schema\\\/person\\\/3fc036297b10b9f42d6db5ee932af8c8\"},\"headline\":\"Espace Real Estate: Unterst\u00fctzung f\u00fcr Mieter in der Corona-Krise\",\"datePublished\":\"2020-08-14T05:56:59+00:00\",\"mainEntityOfPage\":{\"@id\":\"https:\\\/\\\/www.immobilienbusiness.ch\\\/unternehmen\\\/2020-08-14\\\/espace-real-estate-unterstuetzung-fuer-mieter-in-der-corona-krise\\\/\"},\"wordCount\":265,\"publisher\":{\"@id\":\"https:\\\/\\\/www.immobilienbusiness.ch\\\/#organization\"},\"image\":{\"@id\":\"https:\\\/\\\/www.immobilienbusiness.ch\\\/unternehmen\\\/2020-08-14\\\/espace-real-estate-unterstuetzung-fuer-mieter-in-der-corona-krise\\\/#primaryimage\"},\"thumbnailUrl\":\"https:\\\/\\\/www.immobilienbusiness.ch\\\/wp-content\\\/uploads\\\/2018\\\/12\\\/Depositphotos_80147336_m-2015.jpg\",\"keywords\":[\"Coronavirus\",\"Espace Real Estate\",\"Miete\"],\"articleSection\":[\"UNTERNEHMEN\"],\"inLanguage\":\"de\"},{\"@type\":\"WebPage\",\"@id\":\"https:\\\/\\\/www.immobilienbusiness.ch\\\/unternehmen\\\/2020-08-14\\\/espace-real-estate-unterstuetzung-fuer-mieter-in-der-corona-krise\\\/\",\"url\":\"https:\\\/\\\/www.immobilienbusiness.ch\\\/unternehmen\\\/2020-08-14\\\/espace-real-estate-unterstuetzung-fuer-mieter-in-der-corona-krise\\\/\",\"name\":\"Espace Real Estate: Unterst\u00fctzung f\u00fcr Mieter in der Corona-Krise - IMMOBILIEN Business\",\"isPartOf\":{\"@id\":\"https:\\\/\\\/www.immobilienbusiness.ch\\\/#website\"},\"primaryImageOfPage\":{\"@id\":\"https:\\\/\\\/www.immobilienbusiness.ch\\\/unternehmen\\\/2020-08-14\\\/espace-real-estate-unterstuetzung-fuer-mieter-in-der-corona-krise\\\/#primaryimage\"},\"image\":{\"@id\":\"https:\\\/\\\/www.immobilienbusiness.ch\\\/unternehmen\\\/2020-08-14\\\/espace-real-estate-unterstuetzung-fuer-mieter-in-der-corona-krise\\\/#primaryimage\"},\"thumbnailUrl\":\"https:\\\/\\\/www.immobilienbusiness.ch\\\/wp-content\\\/uploads\\\/2018\\\/12\\\/Depositphotos_80147336_m-2015.jpg\",\"datePublished\":\"2020-08-14T05:56:59+00:00\",\"description\":\"In der Phase des Lockdowns hat Espace Real Estate Gewerbemietern unb\u00fcrokratisch Mietzinsstundungen und -Erl\u00e4sse gew\u00e4hrt.\",\"breadcrumb\":{\"@id\":\"https:\\\/\\\/www.immobilienbusiness.ch\\\/unternehmen\\\/2020-08-14\\\/espace-real-estate-unterstuetzung-fuer-mieter-in-der-corona-krise\\\/#breadcrumb\"},\"inLanguage\":\"de\",\"potentialAction\":[{\"@type\":\"ReadAction\",\"target\":[\"https:\\\/\\\/www.immobilienbusiness.ch\\\/unternehmen\\\/2020-08-14\\\/espace-real-estate-unterstuetzung-fuer-mieter-in-der-corona-krise\\\/\"]}]},{\"@type\":\"ImageObject\",\"inLanguage\":\"de\",\"@id\":\"https:\\\/\\\/www.immobilienbusiness.ch\\\/unternehmen\\\/2020-08-14\\\/espace-real-estate-unterstuetzung-fuer-mieter-in-der-corona-krise\\\/#primaryimage\",\"url\":\"https:\\\/\\\/www.immobilienbusiness.ch\\\/wp-content\\\/uploads\\\/2018\\\/12\\\/Depositphotos_80147336_m-2015.jpg\",\"contentUrl\":\"https:\\\/\\\/www.immobilienbusiness.ch\\\/wp-content\\\/uploads\\\/2018\\\/12\\\/Depositphotos_80147336_m-2015.jpg\",\"width\":999,\"height\":667,\"caption\":\"(Bild: stockasso - depositphotos)\"},{\"@type\":\"BreadcrumbList\",\"@id\":\"https:\\\/\\\/www.immobilienbusiness.ch\\\/unternehmen\\\/2020-08-14\\\/espace-real-estate-unterstuetzung-fuer-mieter-in-der-corona-krise\\\/#breadcrumb\",\"itemListElement\":[{\"@type\":\"ListItem\",\"position\":1,\"name\":\"Home\",\"item\":\"https:\\\/\\\/www.immobilienbusiness.ch\\\/\"},{\"@type\":\"ListItem\",\"position\":2,\"name\":\"Espace Real Estate: Unterst\u00fctzung f\u00fcr Mieter in der Corona-Krise\"}]},{\"@type\":\"WebSite\",\"@id\":\"https:\\\/\\\/www.immobilienbusiness.ch\\\/#website\",\"url\":\"https:\\\/\\\/www.immobilienbusiness.ch\\\/\",\"name\":\"IMMOBILIEN Business\",\"description\":\"Unabh\u00e4ngiges Schweizer Wirtschaftsmagazin mit Fokus auf Immobilien, Architektur- und Bau sowie Investment- und Finanzierung.\",\"publisher\":{\"@id\":\"https:\\\/\\\/www.immobilienbusiness.ch\\\/#organization\"},\"potentialAction\":[{\"@type\":\"SearchAction\",\"target\":{\"@type\":\"EntryPoint\",\"urlTemplate\":\"https:\\\/\\\/www.immobilienbusiness.ch\\\/?s={search_term_string}\"},\"query-input\":{\"@type\":\"PropertyValueSpecification\",\"valueRequired\":true,\"valueName\":\"search_term_string\"}}],\"inLanguage\":\"de\"},{\"@type\":\"Organization\",\"@id\":\"https:\\\/\\\/www.immobilienbusiness.ch\\\/#organization\",\"name\":\"IMMOBILIEN Business\",\"url\":\"https:\\\/\\\/www.immobilienbusiness.ch\\\/\",\"logo\":{\"@type\":\"ImageObject\",\"inLanguage\":\"de\",\"@id\":\"https:\\\/\\\/www.immobilienbusiness.ch\\\/#\\\/schema\\\/logo\\\/image\\\/\",\"url\":\"https:\\\/\\\/www.immobilienbusiness.ch\\\/wp-content\\\/uploads\\\/2021\\\/07\\\/logo_ib.png\",\"contentUrl\":\"https:\\\/\\\/www.immobilienbusiness.ch\\\/wp-content\\\/uploads\\\/2021\\\/07\\\/logo_ib.png\",\"width\":800,\"height\":181,\"caption\":\"IMMOBILIEN Business\"},\"image\":{\"@id\":\"https:\\\/\\\/www.immobilienbusiness.ch\\\/#\\\/schema\\\/logo\\\/image\\\/\"},\"sameAs\":[\"https:\\\/\\\/www.facebook.com\\\/immobilienbusiness\\\/\"]},{\"@type\":\"Person\",\"@id\":\"https:\\\/\\\/www.immobilienbusiness.ch\\\/#\\\/schema\\\/person\\\/3fc036297b10b9f42d6db5ee932af8c8\",\"name\":\"anja.hall\",\"image\":{\"@type\":\"ImageObject\",\"inLanguage\":\"de\",\"@id\":\"https:\\\/\\\/secure.gravatar.com\\\/avatar\\\/066b5a0d447013502c71a5782f4f3469f03cfe595cc2329fb94652fe47511bfb?s=96&d=mm&r=g\",\"url\":\"https:\\\/\\\/secure.gravatar.com\\\/avatar\\\/066b5a0d447013502c71a5782f4f3469f03cfe595cc2329fb94652fe47511bfb?s=96&d=mm&r=g\",\"contentUrl\":\"https:\\\/\\\/secure.gravatar.com\\\/avatar\\\/066b5a0d447013502c71a5782f4f3469f03cfe595cc2329fb94652fe47511bfb?s=96&d=mm&r=g\",\"caption\":\"anja.hall\"},\"url\":\"https:\\\/\\\/www.immobilienbusiness.ch\\\/de\\\/author\\\/anja-hall\\\/\"}]}<\/script>\n<!-- \/ Yoast SEO plugin. -->","yoast_head_json":{"title":"Espace Real Estate: Unterst\u00fctzung f\u00fcr Mieter in der Corona-Krise - IMMOBILIEN Business","description":"In der Phase des Lockdowns hat Espace Real Estate Gewerbemietern unb\u00fcrokratisch Mietzinsstundungen und -Erl\u00e4sse gew\u00e4hrt.","robots":{"index":"index","follow":"follow","max-snippet":"max-snippet:-1","max-image-preview":"max-image-preview:large","max-video-preview":"max-video-preview:-1"},"canonical":"https:\/\/www.immobilienbusiness.ch\/de\/unternehmen\/2020-08-14\/espace-real-estate-unterstuetzung-fuer-mieter-in-der-corona-krise\/","og_locale":"de_DE","og_type":"article","og_title":"Espace Real Estate: Unterst\u00fctzung f\u00fcr Mieter in der Corona-Krise - IMMOBILIEN Business","og_description":"In der Phase des Lockdowns hat Espace Real Estate Gewerbemietern unb\u00fcrokratisch Mietzinsstundungen und -Erl\u00e4sse gew\u00e4hrt.","og_url":"https:\/\/www.immobilienbusiness.ch\/de\/unternehmen\/2020-08-14\/espace-real-estate-unterstuetzung-fuer-mieter-in-der-corona-krise\/","og_site_name":"IMMOBILIEN Business","article_publisher":"https:\/\/www.facebook.com\/immobilienbusiness\/","article_published_time":"2020-08-14T05:56:59+00:00","og_image":[{"width":999,"height":667,"url":"https:\/\/www.immobilienbusiness.ch\/wp-content\/uploads\/2018\/12\/Depositphotos_80147336_m-2015.jpg","type":"image\/jpeg"}],"author":"anja.hall","twitter_card":"summary_large_image","twitter_image":"https:\/\/www.immobilienbusiness.ch\/wp-content\/uploads\/2018\/12\/Depositphotos_80147336_m-2015.jpg","schema":{"@context":"https:\/\/schema.org","@graph":[{"@type":"Article","@id":"https:\/\/www.immobilienbusiness.ch\/unternehmen\/2020-08-14\/espace-real-estate-unterstuetzung-fuer-mieter-in-der-corona-krise\/#article","isPartOf":{"@id":"https:\/\/www.immobilienbusiness.ch\/unternehmen\/2020-08-14\/espace-real-estate-unterstuetzung-fuer-mieter-in-der-corona-krise\/"},"author":{"name":"anja.hall","@id":"https:\/\/www.immobilienbusiness.ch\/#\/schema\/person\/3fc036297b10b9f42d6db5ee932af8c8"},"headline":"Espace Real Estate: Unterst\u00fctzung f\u00fcr Mieter in der Corona-Krise","datePublished":"2020-08-14T05:56:59+00:00","mainEntityOfPage":{"@id":"https:\/\/www.immobilienbusiness.ch\/unternehmen\/2020-08-14\/espace-real-estate-unterstuetzung-fuer-mieter-in-der-corona-krise\/"},"wordCount":265,"publisher":{"@id":"https:\/\/www.immobilienbusiness.ch\/#organization"},"image":{"@id":"https:\/\/www.immobilienbusiness.ch\/unternehmen\/2020-08-14\/espace-real-estate-unterstuetzung-fuer-mieter-in-der-corona-krise\/#primaryimage"},"thumbnailUrl":"https:\/\/www.immobilienbusiness.ch\/wp-content\/uploads\/2018\/12\/Depositphotos_80147336_m-2015.jpg","keywords":["Coronavirus","Espace Real Estate","Miete"],"articleSection":["UNTERNEHMEN"],"inLanguage":"de"},{"@type":"WebPage","@id":"https:\/\/www.immobilienbusiness.ch\/unternehmen\/2020-08-14\/espace-real-estate-unterstuetzung-fuer-mieter-in-der-corona-krise\/","url":"https:\/\/www.immobilienbusiness.ch\/unternehmen\/2020-08-14\/espace-real-estate-unterstuetzung-fuer-mieter-in-der-corona-krise\/","name":"Espace Real Estate: Unterst\u00fctzung f\u00fcr Mieter in der Corona-Krise - IMMOBILIEN Business","isPartOf":{"@id":"https:\/\/www.immobilienbusiness.ch\/#website"},"primaryImageOfPage":{"@id":"https:\/\/www.immobilienbusiness.ch\/unternehmen\/2020-08-14\/espace-real-estate-unterstuetzung-fuer-mieter-in-der-corona-krise\/#primaryimage"},"image":{"@id":"https:\/\/www.immobilienbusiness.ch\/unternehmen\/2020-08-14\/espace-real-estate-unterstuetzung-fuer-mieter-in-der-corona-krise\/#primaryimage"},"thumbnailUrl":"https:\/\/www.immobilienbusiness.ch\/wp-content\/uploads\/2018\/12\/Depositphotos_80147336_m-2015.jpg","datePublished":"2020-08-14T05:56:59+00:00","description":"In der Phase des Lockdowns hat Espace Real Estate Gewerbemietern unb\u00fcrokratisch Mietzinsstundungen und -Erl\u00e4sse gew\u00e4hrt.","breadcrumb":{"@id":"https:\/\/www.immobilienbusiness.ch\/unternehmen\/2020-08-14\/espace-real-estate-unterstuetzung-fuer-mieter-in-der-corona-krise\/#breadcrumb"},"inLanguage":"de","potentialAction":[{"@type":"ReadAction","target":["https:\/\/www.immobilienbusiness.ch\/unternehmen\/2020-08-14\/espace-real-estate-unterstuetzung-fuer-mieter-in-der-corona-krise\/"]}]},{"@type":"ImageObject","inLanguage":"de","@id":"https:\/\/www.immobilienbusiness.ch\/unternehmen\/2020-08-14\/espace-real-estate-unterstuetzung-fuer-mieter-in-der-corona-krise\/#primaryimage","url":"https:\/\/www.immobilienbusiness.ch\/wp-content\/uploads\/2018\/12\/Depositphotos_80147336_m-2015.jpg","contentUrl":"https:\/\/www.immobilienbusiness.ch\/wp-content\/uploads\/2018\/12\/Depositphotos_80147336_m-2015.jpg","width":999,"height":667,"caption":"(Bild: stockasso - depositphotos)"},{"@type":"BreadcrumbList","@id":"https:\/\/www.immobilienbusiness.ch\/unternehmen\/2020-08-14\/espace-real-estate-unterstuetzung-fuer-mieter-in-der-corona-krise\/#breadcrumb","itemListElement":[{"@type":"ListItem","position":1,"name":"Home","item":"https:\/\/www.immobilienbusiness.ch\/"},{"@type":"ListItem","position":2,"name":"Espace Real Estate: Unterst\u00fctzung f\u00fcr Mieter in der Corona-Krise"}]},{"@type":"WebSite","@id":"https:\/\/www.immobilienbusiness.ch\/#website","url":"https:\/\/www.immobilienbusiness.ch\/","name":"IMMOBILIEN Business","description":"Unabh\u00e4ngiges Schweizer Wirtschaftsmagazin mit Fokus auf Immobilien, Architektur- und Bau sowie Investment- und Finanzierung.","publisher":{"@id":"https:\/\/www.immobilienbusiness.ch\/#organization"},"potentialAction":[{"@type":"SearchAction","target":{"@type":"EntryPoint","urlTemplate":"https:\/\/www.immobilienbusiness.ch\/?s={search_term_string}"},"query-input":{"@type":"PropertyValueSpecification","valueRequired":true,"valueName":"search_term_string"}}],"inLanguage":"de"},{"@type":"Organization","@id":"https:\/\/www.immobilienbusiness.ch\/#organization","name":"IMMOBILIEN Business","url":"https:\/\/www.immobilienbusiness.ch\/","logo":{"@type":"ImageObject","inLanguage":"de","@id":"https:\/\/www.immobilienbusiness.ch\/#\/schema\/logo\/image\/","url":"https:\/\/www.immobilienbusiness.ch\/wp-content\/uploads\/2021\/07\/logo_ib.png","contentUrl":"https:\/\/www.immobilienbusiness.ch\/wp-content\/uploads\/2021\/07\/logo_ib.png","width":800,"height":181,"caption":"IMMOBILIEN Business"},"image":{"@id":"https:\/\/www.immobilienbusiness.ch\/#\/schema\/logo\/image\/"},"sameAs":["https:\/\/www.facebook.com\/immobilienbusiness\/"]},{"@type":"Person","@id":"https:\/\/www.immobilienbusiness.ch\/#\/schema\/person\/3fc036297b10b9f42d6db5ee932af8c8","name":"anja.hall","image":{"@type":"ImageObject","inLanguage":"de","@id":"https:\/\/secure.gravatar.com\/avatar\/066b5a0d447013502c71a5782f4f3469f03cfe595cc2329fb94652fe47511bfb?s=96&d=mm&r=g","url":"https:\/\/secure.gravatar.com\/avatar\/066b5a0d447013502c71a5782f4f3469f03cfe595cc2329fb94652fe47511bfb?s=96&d=mm&r=g","contentUrl":"https:\/\/secure.gravatar.com\/avatar\/066b5a0d447013502c71a5782f4f3469f03cfe595cc2329fb94652fe47511bfb?s=96&d=mm&r=g","caption":"anja.hall"},"url":"https:\/\/www.immobilienbusiness.ch\/de\/author\/anja-hall\/"}]}},"_links":{"self":[{"href":"https:\/\/www.immobilienbusiness.ch\/de\/wp-json\/wp\/v2\/posts\/22080","targetHints":{"allow":["GET"]}}],"collection":[{"href":"https:\/\/www.immobilienbusiness.ch\/de\/wp-json\/wp\/v2\/posts"}],"about":[{"href":"https:\/\/www.immobilienbusiness.ch\/de\/wp-json\/wp\/v2\/types\/post"}],"author":[{"embeddable":true,"href":"https:\/\/www.immobilienbusiness.ch\/de\/wp-json\/wp\/v2\/users\/3"}],"replies":[{"embeddable":true,"href":"https:\/\/www.immobilienbusiness.ch\/de\/wp-json\/wp\/v2\/comments?post=22080"}],"version-history":[{"count":0,"href":"https:\/\/www.immobilienbusiness.ch\/de\/wp-json\/wp\/v2\/posts\/22080\/revisions"}],"wp:featuredmedia":[{"embeddable":true,"href":"https:\/\/www.immobilienbusiness.ch\/de\/wp-json\/wp\/v2\/media\/15182"}],"wp:attachment":[{"href":"https:\/\/www.immobilienbusiness.ch\/de\/wp-json\/wp\/v2\/media?parent=22080"}],"wp:term":[{"taxonomy":"category","embeddable":true,"href":"https:\/\/www.immobilienbusiness.ch\/de\/wp-json\/wp\/v2\/categories?post=22080"},{"taxonomy":"post_tag","embeddable":true,"href":"https:\/\/www.immobilienbusiness.ch\/de\/wp-json\/wp\/v2\/tags?post=22080"}],"curies":[{"name":"wp","href":"https:\/\/api.w.org\/{rel}","templated":true}]}}