{"id":22058,"date":"2020-08-07T10:22:38","date_gmt":"2020-08-07T08:22:38","guid":{"rendered":"https:\/\/www.immobilienbusiness.ch\/?p=22058"},"modified":"2023-08-09T21:05:57","modified_gmt":"2023-08-09T19:05:57","slug":"neuer-eigentuemer-fuer-conforama-schweiz","status":"publish","type":"post","link":"https:\/\/www.immobilienbusiness.ch\/de\/retail\/2020-08-07\/neuer-eigentuemer-fuer-conforama-schweiz\/","title":{"rendered":"Neuer Eigent\u00fcmer f\u00fcr Conforama Schweiz"},"content":{"rendered":"<figure id=\"attachment_7837\" aria-describedby=\"caption-attachment-7837\" style=\"width: 300px\" class=\"wp-caption alignnone\"><img loading=\"lazy\" decoding=\"async\" class=\"wp-image-7837 size-medium\" src=\"https:\/\/www.immobilienbusiness.ch\/wp-content\/uploads\/2017\/06\/Depositphotos_80066026_m-2015-300x197.jpg\" alt=\"Schweizer Investor\" width=\"300\" height=\"197\" srcset=\"https:\/\/www.immobilienbusiness.ch\/wp-content\/uploads\/2017\/06\/Depositphotos_80066026_m-2015-300x197.jpg 300w, https:\/\/www.immobilienbusiness.ch\/wp-content\/uploads\/2017\/06\/Depositphotos_80066026_m-2015-768x505.jpg 768w, https:\/\/www.immobilienbusiness.ch\/wp-content\/uploads\/2017\/06\/Depositphotos_80066026_m-2015-16x12.jpg 16w, https:\/\/www.immobilienbusiness.ch\/wp-content\/uploads\/2017\/06\/Depositphotos_80066026_m-2015-266x175.jpg 266w, https:\/\/www.immobilienbusiness.ch\/wp-content\/uploads\/2017\/06\/Depositphotos_80066026_m-2015-532x350.jpg 532w, https:\/\/www.immobilienbusiness.ch\/wp-content\/uploads\/2017\/06\/Depositphotos_80066026_m-2015-920x605.jpg 920w, https:\/\/www.immobilienbusiness.ch\/wp-content\/uploads\/2017\/06\/Depositphotos_80066026_m-2015.jpg 999w\" sizes=\"auto, (max-width: 300px) 100vw, 300px\" \/><figcaption id=\"caption-attachment-7837\" class=\"wp-caption-text\">Conforama Schweiz wechselt den Eigent\u00fcmer (Symbolbild: Melpomene &#8211; depositphotos)<\/figcaption><\/figure>\n<p>Conforama ist seit 1976 in der Schweiz vertreten und betreibt derzeit 22 Filialen in der Deutschschweiz, in der Romandie und im Tessin sowie einen Onlineshop. Wie die Firma mitteilte, sei sie durch eine Schweizer Investorengruppe \u00fcbernommen worden.<\/p>\n<p>Mit dem neuen Aktion\u00e4r gewinne Conforama die Unabh\u00e4ngigkeit zur\u00fcck, \u00abwie wir sie ganz am Anfang vor \u00fcber 40 Jahren kannten\u00bb, so Patrice Dupasquier, CEO von Conforama Schweiz. Das Ziel sei es, die Position von Conforama Schweiz als Omnichannel-Marktf\u00fchrer in den Bereichen M\u00f6bel und Haushaltsger\u00e4te zu festigen.<\/p>\n<p>Laut verschiedenen Medienberichten handelt es sich bei dem neuen Eigent\u00fcmer um den Unternehmer Dan Mamane, der an verschiedenen Gesellschaften aus der Elektronikbranche beteiligt ist. <em>(ah)<\/em><\/p>\n","protected":false},"excerpt":{"rendered":"<p>Ein Schweizer Investor hat die Einrichtungskette Conforama mit landesweit 22 Filialen von der Steinhoff-Gruppe erworben.<\/p>\n","protected":false},"author":3,"featured_media":7837,"comment_status":"closed","ping_status":"closed","sticky":false,"template":"","format":"standard","meta":{"_acf_changed":false,"_yoast_wpseo_focuskw":"Schweizer Investor","_yoast_wpseo_title":"","_yoast_wpseo_metadesc":"Ein Schweizer Investor hat die Einrichtungskette Conforama mit landesweit 22 Filialen von der Steinhoff-Gruppe erworben.","_yoast_wpseo_linkdex":48,"pgc_sgb_lightbox_settings":"","footnotes":""},"categories":[987],"tags":[1645,1830],"class_list":["post-22058","post","type-post","status-publish","format-standard","has-post-thumbnail","hentry","category-retail","tag-retailflaechen","tag-verkauf"],"acf":[],"yoast_head":"<!-- This site is optimized with the Yoast SEO plugin v27.4 - https:\/\/yoast.com\/product\/yoast-seo-wordpress\/ -->\n<title>Neuer Eigent\u00fcmer f\u00fcr Conforama Schweiz - IMMOBILIEN Business<\/title>\n<meta name=\"description\" content=\"Ein Schweizer Investor hat die Einrichtungskette Conforama mit landesweit 22 Filialen von der Steinhoff-Gruppe erworben.\" \/>\n<meta name=\"robots\" content=\"index, follow, max-snippet:-1, max-image-preview:large, max-video-preview:-1\" \/>\n<link rel=\"canonical\" href=\"https:\/\/www.immobilienbusiness.ch\/de\/retail\/2020-08-07\/neuer-eigentuemer-fuer-conforama-schweiz\/\" \/>\n<meta property=\"og:locale\" content=\"de_DE\" \/>\n<meta property=\"og:type\" content=\"article\" \/>\n<meta property=\"og:title\" content=\"Neuer Eigent\u00fcmer f\u00fcr Conforama Schweiz - IMMOBILIEN Business\" \/>\n<meta property=\"og:description\" content=\"Ein Schweizer Investor hat die Einrichtungskette Conforama mit landesweit 22 Filialen von der Steinhoff-Gruppe erworben.\" \/>\n<meta property=\"og:url\" content=\"https:\/\/www.immobilienbusiness.ch\/de\/retail\/2020-08-07\/neuer-eigentuemer-fuer-conforama-schweiz\/\" \/>\n<meta property=\"og:site_name\" content=\"IMMOBILIEN Business\" \/>\n<meta property=\"article:publisher\" content=\"https:\/\/www.facebook.com\/immobilienbusiness\/\" \/>\n<meta property=\"article:published_time\" content=\"2020-08-07T08:22:38+00:00\" \/>\n<meta property=\"article:modified_time\" content=\"2023-08-09T19:05:57+00:00\" \/>\n<meta property=\"og:image\" content=\"https:\/\/www.immobilienbusiness.ch\/wp-content\/uploads\/2017\/06\/Depositphotos_80066026_m-2015.jpg\" \/>\n\t<meta property=\"og:image:width\" content=\"999\" \/>\n\t<meta property=\"og:image:height\" content=\"657\" \/>\n\t<meta property=\"og:image:type\" content=\"image\/jpeg\" \/>\n<meta name=\"author\" content=\"anja.hall\" \/>\n<meta name=\"twitter:card\" content=\"summary_large_image\" \/>\n<meta name=\"twitter:image\" content=\"https:\/\/www.immobilienbusiness.ch\/wp-content\/uploads\/2017\/06\/Depositphotos_80066026_m-2015.jpg\" \/>\n<script type=\"application\/ld+json\" class=\"yoast-schema-graph\">{\"@context\":\"https:\\\/\\\/schema.org\",\"@graph\":[{\"@type\":\"Article\",\"@id\":\"https:\\\/\\\/www.immobilienbusiness.ch\\\/en\\\/retail\\\/2020-08-07\\\/neuer-eigentuemer-fuer-conforama-schweiz\\\/#article\",\"isPartOf\":{\"@id\":\"https:\\\/\\\/www.immobilienbusiness.ch\\\/en\\\/retail\\\/2020-08-07\\\/neuer-eigentuemer-fuer-conforama-schweiz\\\/\"},\"author\":{\"name\":\"anja.hall\",\"@id\":\"https:\\\/\\\/www.immobilienbusiness.ch\\\/#\\\/schema\\\/person\\\/3fc036297b10b9f42d6db5ee932af8c8\"},\"headline\":\"Neuer Eigent\u00fcmer f\u00fcr Conforama Schweiz\",\"datePublished\":\"2020-08-07T08:22:38+00:00\",\"dateModified\":\"2023-08-09T19:05:57+00:00\",\"mainEntityOfPage\":{\"@id\":\"https:\\\/\\\/www.immobilienbusiness.ch\\\/en\\\/retail\\\/2020-08-07\\\/neuer-eigentuemer-fuer-conforama-schweiz\\\/\"},\"wordCount\":136,\"publisher\":{\"@id\":\"https:\\\/\\\/www.immobilienbusiness.ch\\\/#organization\"},\"image\":{\"@id\":\"https:\\\/\\\/www.immobilienbusiness.ch\\\/en\\\/retail\\\/2020-08-07\\\/neuer-eigentuemer-fuer-conforama-schweiz\\\/#primaryimage\"},\"thumbnailUrl\":\"https:\\\/\\\/www.immobilienbusiness.ch\\\/wp-content\\\/uploads\\\/2017\\\/06\\\/Depositphotos_80066026_m-2015.jpg\",\"keywords\":[\"Retailfl\u00e4chen\",\"Verkauf\"],\"articleSection\":[\"RETAIL\"],\"inLanguage\":\"de\"},{\"@type\":\"WebPage\",\"@id\":\"https:\\\/\\\/www.immobilienbusiness.ch\\\/en\\\/retail\\\/2020-08-07\\\/neuer-eigentuemer-fuer-conforama-schweiz\\\/\",\"url\":\"https:\\\/\\\/www.immobilienbusiness.ch\\\/en\\\/retail\\\/2020-08-07\\\/neuer-eigentuemer-fuer-conforama-schweiz\\\/\",\"name\":\"Neuer Eigent\u00fcmer f\u00fcr Conforama Schweiz - IMMOBILIEN Business\",\"isPartOf\":{\"@id\":\"https:\\\/\\\/www.immobilienbusiness.ch\\\/#website\"},\"primaryImageOfPage\":{\"@id\":\"https:\\\/\\\/www.immobilienbusiness.ch\\\/en\\\/retail\\\/2020-08-07\\\/neuer-eigentuemer-fuer-conforama-schweiz\\\/#primaryimage\"},\"image\":{\"@id\":\"https:\\\/\\\/www.immobilienbusiness.ch\\\/en\\\/retail\\\/2020-08-07\\\/neuer-eigentuemer-fuer-conforama-schweiz\\\/#primaryimage\"},\"thumbnailUrl\":\"https:\\\/\\\/www.immobilienbusiness.ch\\\/wp-content\\\/uploads\\\/2017\\\/06\\\/Depositphotos_80066026_m-2015.jpg\",\"datePublished\":\"2020-08-07T08:22:38+00:00\",\"dateModified\":\"2023-08-09T19:05:57+00:00\",\"description\":\"Ein Schweizer Investor hat die Einrichtungskette Conforama mit landesweit 22 Filialen von der Steinhoff-Gruppe erworben.\",\"breadcrumb\":{\"@id\":\"https:\\\/\\\/www.immobilienbusiness.ch\\\/en\\\/retail\\\/2020-08-07\\\/neuer-eigentuemer-fuer-conforama-schweiz\\\/#breadcrumb\"},\"inLanguage\":\"de\",\"potentialAction\":[{\"@type\":\"ReadAction\",\"target\":[\"https:\\\/\\\/www.immobilienbusiness.ch\\\/en\\\/retail\\\/2020-08-07\\\/neuer-eigentuemer-fuer-conforama-schweiz\\\/\"]}]},{\"@type\":\"ImageObject\",\"inLanguage\":\"de\",\"@id\":\"https:\\\/\\\/www.immobilienbusiness.ch\\\/en\\\/retail\\\/2020-08-07\\\/neuer-eigentuemer-fuer-conforama-schweiz\\\/#primaryimage\",\"url\":\"https:\\\/\\\/www.immobilienbusiness.ch\\\/wp-content\\\/uploads\\\/2017\\\/06\\\/Depositphotos_80066026_m-2015.jpg\",\"contentUrl\":\"https:\\\/\\\/www.immobilienbusiness.ch\\\/wp-content\\\/uploads\\\/2017\\\/06\\\/Depositphotos_80066026_m-2015.jpg\",\"width\":999,\"height\":657,\"caption\":\"Die M\u00f6belhersteller Haworth und Cappellini er\u00f6ffnen einen gemeinsamen Showroom (Symbolbild: Melpomene - depositphotos)\"},{\"@type\":\"BreadcrumbList\",\"@id\":\"https:\\\/\\\/www.immobilienbusiness.ch\\\/en\\\/retail\\\/2020-08-07\\\/neuer-eigentuemer-fuer-conforama-schweiz\\\/#breadcrumb\",\"itemListElement\":[{\"@type\":\"ListItem\",\"position\":1,\"name\":\"Home\",\"item\":\"https:\\\/\\\/www.immobilienbusiness.ch\\\/\"},{\"@type\":\"ListItem\",\"position\":2,\"name\":\"Neuer Eigent\u00fcmer f\u00fcr Conforama Schweiz\"}]},{\"@type\":\"WebSite\",\"@id\":\"https:\\\/\\\/www.immobilienbusiness.ch\\\/#website\",\"url\":\"https:\\\/\\\/www.immobilienbusiness.ch\\\/\",\"name\":\"IMMOBILIEN Business\",\"description\":\"Unabh\u00e4ngiges Schweizer Wirtschaftsmagazin mit Fokus auf Immobilien, Architektur- und Bau sowie Investment- und Finanzierung.\",\"publisher\":{\"@id\":\"https:\\\/\\\/www.immobilienbusiness.ch\\\/#organization\"},\"potentialAction\":[{\"@type\":\"SearchAction\",\"target\":{\"@type\":\"EntryPoint\",\"urlTemplate\":\"https:\\\/\\\/www.immobilienbusiness.ch\\\/?s={search_term_string}\"},\"query-input\":{\"@type\":\"PropertyValueSpecification\",\"valueRequired\":true,\"valueName\":\"search_term_string\"}}],\"inLanguage\":\"de\"},{\"@type\":\"Organization\",\"@id\":\"https:\\\/\\\/www.immobilienbusiness.ch\\\/#organization\",\"name\":\"IMMOBILIEN Business\",\"url\":\"https:\\\/\\\/www.immobilienbusiness.ch\\\/\",\"logo\":{\"@type\":\"ImageObject\",\"inLanguage\":\"de\",\"@id\":\"https:\\\/\\\/www.immobilienbusiness.ch\\\/#\\\/schema\\\/logo\\\/image\\\/\",\"url\":\"https:\\\/\\\/www.immobilienbusiness.ch\\\/wp-content\\\/uploads\\\/2021\\\/07\\\/logo_ib.png\",\"contentUrl\":\"https:\\\/\\\/www.immobilienbusiness.ch\\\/wp-content\\\/uploads\\\/2021\\\/07\\\/logo_ib.png\",\"width\":800,\"height\":181,\"caption\":\"IMMOBILIEN Business\"},\"image\":{\"@id\":\"https:\\\/\\\/www.immobilienbusiness.ch\\\/#\\\/schema\\\/logo\\\/image\\\/\"},\"sameAs\":[\"https:\\\/\\\/www.facebook.com\\\/immobilienbusiness\\\/\"]},{\"@type\":\"Person\",\"@id\":\"https:\\\/\\\/www.immobilienbusiness.ch\\\/#\\\/schema\\\/person\\\/3fc036297b10b9f42d6db5ee932af8c8\",\"name\":\"anja.hall\",\"image\":{\"@type\":\"ImageObject\",\"inLanguage\":\"de\",\"@id\":\"https:\\\/\\\/secure.gravatar.com\\\/avatar\\\/066b5a0d447013502c71a5782f4f3469f03cfe595cc2329fb94652fe47511bfb?s=96&d=mm&r=g\",\"url\":\"https:\\\/\\\/secure.gravatar.com\\\/avatar\\\/066b5a0d447013502c71a5782f4f3469f03cfe595cc2329fb94652fe47511bfb?s=96&d=mm&r=g\",\"contentUrl\":\"https:\\\/\\\/secure.gravatar.com\\\/avatar\\\/066b5a0d447013502c71a5782f4f3469f03cfe595cc2329fb94652fe47511bfb?s=96&d=mm&r=g\",\"caption\":\"anja.hall\"},\"url\":\"https:\\\/\\\/www.immobilienbusiness.ch\\\/de\\\/author\\\/anja-hall\\\/\"}]}<\/script>\n<!-- \/ Yoast SEO plugin. -->","yoast_head_json":{"title":"Neuer Eigent\u00fcmer f\u00fcr Conforama Schweiz - IMMOBILIEN Business","description":"Ein Schweizer Investor hat die Einrichtungskette Conforama mit landesweit 22 Filialen von der Steinhoff-Gruppe erworben.","robots":{"index":"index","follow":"follow","max-snippet":"max-snippet:-1","max-image-preview":"max-image-preview:large","max-video-preview":"max-video-preview:-1"},"canonical":"https:\/\/www.immobilienbusiness.ch\/de\/retail\/2020-08-07\/neuer-eigentuemer-fuer-conforama-schweiz\/","og_locale":"de_DE","og_type":"article","og_title":"Neuer Eigent\u00fcmer f\u00fcr Conforama Schweiz - IMMOBILIEN Business","og_description":"Ein Schweizer Investor hat die Einrichtungskette Conforama mit landesweit 22 Filialen von der Steinhoff-Gruppe erworben.","og_url":"https:\/\/www.immobilienbusiness.ch\/de\/retail\/2020-08-07\/neuer-eigentuemer-fuer-conforama-schweiz\/","og_site_name":"IMMOBILIEN Business","article_publisher":"https:\/\/www.facebook.com\/immobilienbusiness\/","article_published_time":"2020-08-07T08:22:38+00:00","article_modified_time":"2023-08-09T19:05:57+00:00","og_image":[{"width":999,"height":657,"url":"https:\/\/www.immobilienbusiness.ch\/wp-content\/uploads\/2017\/06\/Depositphotos_80066026_m-2015.jpg","type":"image\/jpeg"}],"author":"anja.hall","twitter_card":"summary_large_image","twitter_image":"https:\/\/www.immobilienbusiness.ch\/wp-content\/uploads\/2017\/06\/Depositphotos_80066026_m-2015.jpg","schema":{"@context":"https:\/\/schema.org","@graph":[{"@type":"Article","@id":"https:\/\/www.immobilienbusiness.ch\/en\/retail\/2020-08-07\/neuer-eigentuemer-fuer-conforama-schweiz\/#article","isPartOf":{"@id":"https:\/\/www.immobilienbusiness.ch\/en\/retail\/2020-08-07\/neuer-eigentuemer-fuer-conforama-schweiz\/"},"author":{"name":"anja.hall","@id":"https:\/\/www.immobilienbusiness.ch\/#\/schema\/person\/3fc036297b10b9f42d6db5ee932af8c8"},"headline":"Neuer Eigent\u00fcmer f\u00fcr Conforama Schweiz","datePublished":"2020-08-07T08:22:38+00:00","dateModified":"2023-08-09T19:05:57+00:00","mainEntityOfPage":{"@id":"https:\/\/www.immobilienbusiness.ch\/en\/retail\/2020-08-07\/neuer-eigentuemer-fuer-conforama-schweiz\/"},"wordCount":136,"publisher":{"@id":"https:\/\/www.immobilienbusiness.ch\/#organization"},"image":{"@id":"https:\/\/www.immobilienbusiness.ch\/en\/retail\/2020-08-07\/neuer-eigentuemer-fuer-conforama-schweiz\/#primaryimage"},"thumbnailUrl":"https:\/\/www.immobilienbusiness.ch\/wp-content\/uploads\/2017\/06\/Depositphotos_80066026_m-2015.jpg","keywords":["Retailfl\u00e4chen","Verkauf"],"articleSection":["RETAIL"],"inLanguage":"de"},{"@type":"WebPage","@id":"https:\/\/www.immobilienbusiness.ch\/en\/retail\/2020-08-07\/neuer-eigentuemer-fuer-conforama-schweiz\/","url":"https:\/\/www.immobilienbusiness.ch\/en\/retail\/2020-08-07\/neuer-eigentuemer-fuer-conforama-schweiz\/","name":"Neuer Eigent\u00fcmer f\u00fcr Conforama Schweiz - IMMOBILIEN Business","isPartOf":{"@id":"https:\/\/www.immobilienbusiness.ch\/#website"},"primaryImageOfPage":{"@id":"https:\/\/www.immobilienbusiness.ch\/en\/retail\/2020-08-07\/neuer-eigentuemer-fuer-conforama-schweiz\/#primaryimage"},"image":{"@id":"https:\/\/www.immobilienbusiness.ch\/en\/retail\/2020-08-07\/neuer-eigentuemer-fuer-conforama-schweiz\/#primaryimage"},"thumbnailUrl":"https:\/\/www.immobilienbusiness.ch\/wp-content\/uploads\/2017\/06\/Depositphotos_80066026_m-2015.jpg","datePublished":"2020-08-07T08:22:38+00:00","dateModified":"2023-08-09T19:05:57+00:00","description":"Ein Schweizer Investor hat die Einrichtungskette Conforama mit landesweit 22 Filialen von der Steinhoff-Gruppe erworben.","breadcrumb":{"@id":"https:\/\/www.immobilienbusiness.ch\/en\/retail\/2020-08-07\/neuer-eigentuemer-fuer-conforama-schweiz\/#breadcrumb"},"inLanguage":"de","potentialAction":[{"@type":"ReadAction","target":["https:\/\/www.immobilienbusiness.ch\/en\/retail\/2020-08-07\/neuer-eigentuemer-fuer-conforama-schweiz\/"]}]},{"@type":"ImageObject","inLanguage":"de","@id":"https:\/\/www.immobilienbusiness.ch\/en\/retail\/2020-08-07\/neuer-eigentuemer-fuer-conforama-schweiz\/#primaryimage","url":"https:\/\/www.immobilienbusiness.ch\/wp-content\/uploads\/2017\/06\/Depositphotos_80066026_m-2015.jpg","contentUrl":"https:\/\/www.immobilienbusiness.ch\/wp-content\/uploads\/2017\/06\/Depositphotos_80066026_m-2015.jpg","width":999,"height":657,"caption":"Die M\u00f6belhersteller Haworth und Cappellini er\u00f6ffnen einen gemeinsamen Showroom (Symbolbild: Melpomene - depositphotos)"},{"@type":"BreadcrumbList","@id":"https:\/\/www.immobilienbusiness.ch\/en\/retail\/2020-08-07\/neuer-eigentuemer-fuer-conforama-schweiz\/#breadcrumb","itemListElement":[{"@type":"ListItem","position":1,"name":"Home","item":"https:\/\/www.immobilienbusiness.ch\/"},{"@type":"ListItem","position":2,"name":"Neuer Eigent\u00fcmer f\u00fcr Conforama Schweiz"}]},{"@type":"WebSite","@id":"https:\/\/www.immobilienbusiness.ch\/#website","url":"https:\/\/www.immobilienbusiness.ch\/","name":"IMMOBILIEN Business","description":"Unabh\u00e4ngiges Schweizer Wirtschaftsmagazin mit Fokus auf Immobilien, Architektur- und Bau sowie Investment- und Finanzierung.","publisher":{"@id":"https:\/\/www.immobilienbusiness.ch\/#organization"},"potentialAction":[{"@type":"SearchAction","target":{"@type":"EntryPoint","urlTemplate":"https:\/\/www.immobilienbusiness.ch\/?s={search_term_string}"},"query-input":{"@type":"PropertyValueSpecification","valueRequired":true,"valueName":"search_term_string"}}],"inLanguage":"de"},{"@type":"Organization","@id":"https:\/\/www.immobilienbusiness.ch\/#organization","name":"IMMOBILIEN Business","url":"https:\/\/www.immobilienbusiness.ch\/","logo":{"@type":"ImageObject","inLanguage":"de","@id":"https:\/\/www.immobilienbusiness.ch\/#\/schema\/logo\/image\/","url":"https:\/\/www.immobilienbusiness.ch\/wp-content\/uploads\/2021\/07\/logo_ib.png","contentUrl":"https:\/\/www.immobilienbusiness.ch\/wp-content\/uploads\/2021\/07\/logo_ib.png","width":800,"height":181,"caption":"IMMOBILIEN Business"},"image":{"@id":"https:\/\/www.immobilienbusiness.ch\/#\/schema\/logo\/image\/"},"sameAs":["https:\/\/www.facebook.com\/immobilienbusiness\/"]},{"@type":"Person","@id":"https:\/\/www.immobilienbusiness.ch\/#\/schema\/person\/3fc036297b10b9f42d6db5ee932af8c8","name":"anja.hall","image":{"@type":"ImageObject","inLanguage":"de","@id":"https:\/\/secure.gravatar.com\/avatar\/066b5a0d447013502c71a5782f4f3469f03cfe595cc2329fb94652fe47511bfb?s=96&d=mm&r=g","url":"https:\/\/secure.gravatar.com\/avatar\/066b5a0d447013502c71a5782f4f3469f03cfe595cc2329fb94652fe47511bfb?s=96&d=mm&r=g","contentUrl":"https:\/\/secure.gravatar.com\/avatar\/066b5a0d447013502c71a5782f4f3469f03cfe595cc2329fb94652fe47511bfb?s=96&d=mm&r=g","caption":"anja.hall"},"url":"https:\/\/www.immobilienbusiness.ch\/de\/author\/anja-hall\/"}]}},"_links":{"self":[{"href":"https:\/\/www.immobilienbusiness.ch\/de\/wp-json\/wp\/v2\/posts\/22058","targetHints":{"allow":["GET"]}}],"collection":[{"href":"https:\/\/www.immobilienbusiness.ch\/de\/wp-json\/wp\/v2\/posts"}],"about":[{"href":"https:\/\/www.immobilienbusiness.ch\/de\/wp-json\/wp\/v2\/types\/post"}],"author":[{"embeddable":true,"href":"https:\/\/www.immobilienbusiness.ch\/de\/wp-json\/wp\/v2\/users\/3"}],"replies":[{"embeddable":true,"href":"https:\/\/www.immobilienbusiness.ch\/de\/wp-json\/wp\/v2\/comments?post=22058"}],"version-history":[{"count":1,"href":"https:\/\/www.immobilienbusiness.ch\/de\/wp-json\/wp\/v2\/posts\/22058\/revisions"}],"predecessor-version":[{"id":51817,"href":"https:\/\/www.immobilienbusiness.ch\/de\/wp-json\/wp\/v2\/posts\/22058\/revisions\/51817"}],"wp:featuredmedia":[{"embeddable":true,"href":"https:\/\/www.immobilienbusiness.ch\/de\/wp-json\/wp\/v2\/media\/7837"}],"wp:attachment":[{"href":"https:\/\/www.immobilienbusiness.ch\/de\/wp-json\/wp\/v2\/media?parent=22058"}],"wp:term":[{"taxonomy":"category","embeddable":true,"href":"https:\/\/www.immobilienbusiness.ch\/de\/wp-json\/wp\/v2\/categories?post=22058"},{"taxonomy":"post_tag","embeddable":true,"href":"https:\/\/www.immobilienbusiness.ch\/de\/wp-json\/wp\/v2\/tags?post=22058"}],"curies":[{"name":"wp","href":"https:\/\/api.w.org\/{rel}","templated":true}]}}