{"id":21955,"date":"2020-07-27T08:07:51","date_gmt":"2020-07-27T06:07:51","guid":{"rendered":"https:\/\/www.immobilienbusiness.ch\/?p=21955"},"modified":"2020-07-27T08:07:51","modified_gmt":"2020-07-27T06:07:51","slug":"valora-will-mieten-reduzieren","status":"publish","type":"post","link":"https:\/\/www.immobilienbusiness.ch\/de\/retail\/2020-07-27\/valora-will-mieten-reduzieren\/","title":{"rendered":"Valora will Mieten reduzieren"},"content":{"rendered":"<figure id=\"attachment_8520\" aria-describedby=\"caption-attachment-8520\" style=\"width: 680px\" class=\"wp-caption alignnone\"><img loading=\"lazy\" decoding=\"async\" class=\"size-medium wp-image-8520\" src=\"https:\/\/www.immobilienbusiness.ch\/wp-content\/uploads\/2017\/07\/Valora-Group_avec_small.jpg\" alt=\"\" width=\"680\" height=\"453\" srcset=\"https:\/\/www.immobilienbusiness.ch\/wp-content\/uploads\/2017\/07\/Valora-Group_avec_small.jpg 820w, https:\/\/www.immobilienbusiness.ch\/wp-content\/uploads\/2017\/07\/Valora-Group_avec_small-300x200.jpg 300w, https:\/\/www.immobilienbusiness.ch\/wp-content\/uploads\/2017\/07\/Valora-Group_avec_small-768x511.jpg 768w, https:\/\/www.immobilienbusiness.ch\/wp-content\/uploads\/2017\/07\/Valora-Group_avec_small-16x12.jpg 16w, https:\/\/www.immobilienbusiness.ch\/wp-content\/uploads\/2017\/07\/Valora-Group_avec_small-263x175.jpg 263w, https:\/\/www.immobilienbusiness.ch\/wp-content\/uploads\/2017\/07\/Valora-Group_avec_small-526x350.jpg 526w\" sizes=\"auto, (max-width: 680px) 100vw, 680px\" \/><figcaption id=\"caption-attachment-8520\" class=\"wp-caption-text\">Valora will \u00fcber Mietsenkungen verhandeln (Bild: Valora Group)<\/figcaption><\/figure>\n<p><span data-contrast=\"auto\">Der Lockdown infolge der Coronapandemie macht der Valora Gruppe zu schaffen. Verkaufsstellen mussten entweder komplett geschlossen werden oder wurden nur mit eingeschr\u00e4nkten \u00d6ffnungszeiten betrieben. Insbesondere die Division Food Service sei davon stark betroffen gewesen, vor allem wegen der besonders niedrigen Kundenfrequenzen an Standorten des \u00f6ffentlichen Verkehrs und in Stadtzentren, so Valora bei der Pr\u00e4sentation der Halbjahreszahlen. Die Ums\u00e4tze des Bereichs in der Schweiz seien um fast 40% gefallen.\u00a0<\/span><span data-ccp-props=\"{&quot;201341983&quot;:0,&quot;335559739&quot;:160,&quot;335559740&quot;:259}\">\u00a0<\/span><\/p>\n<p><span data-contrast=\"auto\">Aus diesem Grund hat das Unternehmen angek\u00fcndigt, mit den Vermietern der Ladenstandorte \u00fcber\u00a0Mietanpassungen verhandeln zu wollen. So sei vor\u00a0allem an stark frequentierten Standorten an Verkehrsknotenpunkten und Flugh\u00e4fen von M\u00e4rz bis Juni 2020 der Umsatz um 34% eingebrochen. Dort m\u00fcssten jedoch h\u00f6here Mieten bezahlt werden als zum Beispiel an Standorten in Einkaufszentren und an Innenstadtlagen, wo der Umsatz um 13% gesunken sei.<\/span><span data-ccp-props=\"{&quot;201341983&quot;:0,&quot;335559739&quot;:160,&quot;335559740&quot;:259}\">\u00a0<\/span><span data-contrast=\"auto\">Angesichts der zunehmenden Verlagerung der Arbeit ins Homeoffice k\u00f6nnte sich diese Entwicklung langfristig fortsetzen, glaubt man bei Valora.<\/span><span data-ccp-props=\"{&quot;201341983&quot;:0,&quot;335559739&quot;:160,&quot;335559740&quot;:259}\">\u00a0<\/span><\/p>\n<p><span data-contrast=\"auto\">Ziel sei es nun, die Mieten mit Kundenfrequenzen und Umsatzentwicklungen abzugleichen, indem die Mindestmieten reduziert werden und der variable, umsatzabh\u00e4ngige Anteil mehr Gewicht erhalte. Ein wichtiger Vermieter von Valora ist die SBB:\u00a0<a href=\"https:\/\/www.immobilienbusiness.ch\/valora-ist-neuer-betreiber-aller-kiosk-flaechen-der-sbb\/\">Im vergangenen Jahr hat der Kioskbetreiber den Zuschlag f\u00fcr die Bewirtschaftung der schweizweit 262 Kiosk- und Convenience-Fl\u00e4chen der SBB erhalten.<\/a>\u00a0Nach dem\u00a0Gewinn der Ausschreibung seien die Mietkonditionen der SBB-Standorte stark gestiegen, so Valora.<\/span><span data-ccp-props=\"{&quot;201341983&quot;:0,&quot;335559739&quot;:160,&quot;335559740&quot;:259}\">\u00a0<em>(ah)<\/em><\/span><\/p>\n","protected":false},"excerpt":{"rendered":"<p>Die Kioskbetreiberin Valora hat w\u00e4hrend des Lockdowns erhebliche Umsatzeinbussen verzeichnet. Nun will sie \u00fcber Mietsenkungen verhandeln.   <\/p>\n","protected":false},"author":3,"featured_media":8520,"comment_status":"closed","ping_status":"open","sticky":false,"template":"","format":"standard","meta":{"_acf_changed":false,"_yoast_wpseo_focuskw":"Valora","_yoast_wpseo_title":"","_yoast_wpseo_metadesc":"Die Kioskbetreiberin Valora hat w\u00e4hrend des Lockdowns erhebliche Umsatzeinbussen verzeichnet. Nun will sie \u00fcber Mietsenkungen verhandeln.","_yoast_wpseo_linkdex":54,"pgc_sgb_lightbox_settings":"","footnotes":""},"categories":[987],"tags":[1062,1230,1490,1645,1815],"class_list":["post-21955","post","type-post","status-publish","format-standard","has-post-thumbnail","hentry","category-retail","tag-bahnhof","tag-flughafen","tag-miete","tag-retailflaechen","tag-valora-group"],"acf":[],"yoast_head":"<!-- This site is optimized with the Yoast SEO plugin v27.4 - https:\/\/yoast.com\/product\/yoast-seo-wordpress\/ -->\n<title>Valora will Mieten reduzieren - IMMOBILIEN Business<\/title>\n<meta name=\"description\" content=\"Die Kioskbetreiberin Valora hat w\u00e4hrend des Lockdowns erhebliche Umsatzeinbussen verzeichnet. Nun will sie \u00fcber Mietsenkungen verhandeln.\" \/>\n<meta name=\"robots\" content=\"index, follow, max-snippet:-1, max-image-preview:large, max-video-preview:-1\" \/>\n<link rel=\"canonical\" href=\"https:\/\/www.immobilienbusiness.ch\/de\/retail\/2020-07-27\/valora-will-mieten-reduzieren\/\" \/>\n<meta property=\"og:locale\" content=\"de_DE\" \/>\n<meta property=\"og:type\" content=\"article\" \/>\n<meta property=\"og:title\" content=\"Valora will Mieten reduzieren - IMMOBILIEN Business\" \/>\n<meta property=\"og:description\" content=\"Die Kioskbetreiberin Valora hat w\u00e4hrend des Lockdowns erhebliche Umsatzeinbussen verzeichnet. Nun will sie \u00fcber Mietsenkungen verhandeln.\" \/>\n<meta property=\"og:url\" content=\"https:\/\/www.immobilienbusiness.ch\/de\/retail\/2020-07-27\/valora-will-mieten-reduzieren\/\" \/>\n<meta property=\"og:site_name\" content=\"IMMOBILIEN Business\" \/>\n<meta property=\"article:publisher\" content=\"https:\/\/www.facebook.com\/immobilienbusiness\/\" \/>\n<meta property=\"article:published_time\" content=\"2020-07-27T06:07:51+00:00\" \/>\n<meta property=\"og:image\" content=\"https:\/\/www.immobilienbusiness.ch\/wp-content\/uploads\/2017\/07\/Valora-Group_avec_small.jpg\" \/>\n\t<meta property=\"og:image:width\" content=\"820\" \/>\n\t<meta property=\"og:image:height\" content=\"546\" \/>\n\t<meta property=\"og:image:type\" content=\"image\/jpeg\" \/>\n<meta name=\"author\" content=\"anja.hall\" \/>\n<meta name=\"twitter:card\" content=\"summary_large_image\" \/>\n<meta name=\"twitter:image\" content=\"https:\/\/www.immobilienbusiness.ch\/wp-content\/uploads\/2017\/07\/Valora-Group_avec_small.jpg\" \/>\n<script type=\"application\/ld+json\" class=\"yoast-schema-graph\">{\"@context\":\"https:\\\/\\\/schema.org\",\"@graph\":[{\"@type\":\"Article\",\"@id\":\"https:\\\/\\\/www.immobilienbusiness.ch\\\/en\\\/retail\\\/2020-07-27\\\/valora-will-mieten-reduzieren\\\/#article\",\"isPartOf\":{\"@id\":\"https:\\\/\\\/www.immobilienbusiness.ch\\\/en\\\/retail\\\/2020-07-27\\\/valora-will-mieten-reduzieren\\\/\"},\"author\":{\"name\":\"anja.hall\",\"@id\":\"https:\\\/\\\/www.immobilienbusiness.ch\\\/#\\\/schema\\\/person\\\/3fc036297b10b9f42d6db5ee932af8c8\"},\"headline\":\"Valora will Mieten reduzieren\",\"datePublished\":\"2020-07-27T06:07:51+00:00\",\"mainEntityOfPage\":{\"@id\":\"https:\\\/\\\/www.immobilienbusiness.ch\\\/en\\\/retail\\\/2020-07-27\\\/valora-will-mieten-reduzieren\\\/\"},\"wordCount\":242,\"publisher\":{\"@id\":\"https:\\\/\\\/www.immobilienbusiness.ch\\\/#organization\"},\"image\":{\"@id\":\"https:\\\/\\\/www.immobilienbusiness.ch\\\/en\\\/retail\\\/2020-07-27\\\/valora-will-mieten-reduzieren\\\/#primaryimage\"},\"thumbnailUrl\":\"https:\\\/\\\/www.immobilienbusiness.ch\\\/wp-content\\\/uploads\\\/2017\\\/07\\\/Valora-Group_avec_small.jpg\",\"keywords\":[\"Bahnhof\",\"Flughafen\",\"Miete\",\"Retailfl\u00e4chen\",\"Valora Group\"],\"articleSection\":[\"RETAIL\"],\"inLanguage\":\"de\"},{\"@type\":\"WebPage\",\"@id\":\"https:\\\/\\\/www.immobilienbusiness.ch\\\/en\\\/retail\\\/2020-07-27\\\/valora-will-mieten-reduzieren\\\/\",\"url\":\"https:\\\/\\\/www.immobilienbusiness.ch\\\/en\\\/retail\\\/2020-07-27\\\/valora-will-mieten-reduzieren\\\/\",\"name\":\"Valora will Mieten reduzieren - IMMOBILIEN Business\",\"isPartOf\":{\"@id\":\"https:\\\/\\\/www.immobilienbusiness.ch\\\/#website\"},\"primaryImageOfPage\":{\"@id\":\"https:\\\/\\\/www.immobilienbusiness.ch\\\/en\\\/retail\\\/2020-07-27\\\/valora-will-mieten-reduzieren\\\/#primaryimage\"},\"image\":{\"@id\":\"https:\\\/\\\/www.immobilienbusiness.ch\\\/en\\\/retail\\\/2020-07-27\\\/valora-will-mieten-reduzieren\\\/#primaryimage\"},\"thumbnailUrl\":\"https:\\\/\\\/www.immobilienbusiness.ch\\\/wp-content\\\/uploads\\\/2017\\\/07\\\/Valora-Group_avec_small.jpg\",\"datePublished\":\"2020-07-27T06:07:51+00:00\",\"description\":\"Die Kioskbetreiberin Valora hat w\u00e4hrend des Lockdowns erhebliche Umsatzeinbussen verzeichnet. Nun will sie \u00fcber Mietsenkungen verhandeln.\",\"breadcrumb\":{\"@id\":\"https:\\\/\\\/www.immobilienbusiness.ch\\\/en\\\/retail\\\/2020-07-27\\\/valora-will-mieten-reduzieren\\\/#breadcrumb\"},\"inLanguage\":\"de\",\"potentialAction\":[{\"@type\":\"ReadAction\",\"target\":[\"https:\\\/\\\/www.immobilienbusiness.ch\\\/en\\\/retail\\\/2020-07-27\\\/valora-will-mieten-reduzieren\\\/\"]}]},{\"@type\":\"ImageObject\",\"inLanguage\":\"de\",\"@id\":\"https:\\\/\\\/www.immobilienbusiness.ch\\\/en\\\/retail\\\/2020-07-27\\\/valora-will-mieten-reduzieren\\\/#primaryimage\",\"url\":\"https:\\\/\\\/www.immobilienbusiness.ch\\\/wp-content\\\/uploads\\\/2017\\\/07\\\/Valora-Group_avec_small.jpg\",\"contentUrl\":\"https:\\\/\\\/www.immobilienbusiness.ch\\\/wp-content\\\/uploads\\\/2017\\\/07\\\/Valora-Group_avec_small.jpg\",\"width\":820,\"height\":546,\"caption\":\"Der Schweizer Konzern will vor allem mit seinem Avec-Filialkonzept in Deutschland weiter expandieren (Foto: Valora Group)\"},{\"@type\":\"BreadcrumbList\",\"@id\":\"https:\\\/\\\/www.immobilienbusiness.ch\\\/en\\\/retail\\\/2020-07-27\\\/valora-will-mieten-reduzieren\\\/#breadcrumb\",\"itemListElement\":[{\"@type\":\"ListItem\",\"position\":1,\"name\":\"Home\",\"item\":\"https:\\\/\\\/www.immobilienbusiness.ch\\\/\"},{\"@type\":\"ListItem\",\"position\":2,\"name\":\"Valora will Mieten reduzieren\"}]},{\"@type\":\"WebSite\",\"@id\":\"https:\\\/\\\/www.immobilienbusiness.ch\\\/#website\",\"url\":\"https:\\\/\\\/www.immobilienbusiness.ch\\\/\",\"name\":\"IMMOBILIEN Business\",\"description\":\"Unabh\u00e4ngiges Schweizer Wirtschaftsmagazin mit Fokus auf Immobilien, Architektur- und Bau sowie Investment- und Finanzierung.\",\"publisher\":{\"@id\":\"https:\\\/\\\/www.immobilienbusiness.ch\\\/#organization\"},\"potentialAction\":[{\"@type\":\"SearchAction\",\"target\":{\"@type\":\"EntryPoint\",\"urlTemplate\":\"https:\\\/\\\/www.immobilienbusiness.ch\\\/?s={search_term_string}\"},\"query-input\":{\"@type\":\"PropertyValueSpecification\",\"valueRequired\":true,\"valueName\":\"search_term_string\"}}],\"inLanguage\":\"de\"},{\"@type\":\"Organization\",\"@id\":\"https:\\\/\\\/www.immobilienbusiness.ch\\\/#organization\",\"name\":\"IMMOBILIEN Business\",\"url\":\"https:\\\/\\\/www.immobilienbusiness.ch\\\/\",\"logo\":{\"@type\":\"ImageObject\",\"inLanguage\":\"de\",\"@id\":\"https:\\\/\\\/www.immobilienbusiness.ch\\\/#\\\/schema\\\/logo\\\/image\\\/\",\"url\":\"https:\\\/\\\/www.immobilienbusiness.ch\\\/wp-content\\\/uploads\\\/2021\\\/07\\\/logo_ib.png\",\"contentUrl\":\"https:\\\/\\\/www.immobilienbusiness.ch\\\/wp-content\\\/uploads\\\/2021\\\/07\\\/logo_ib.png\",\"width\":800,\"height\":181,\"caption\":\"IMMOBILIEN Business\"},\"image\":{\"@id\":\"https:\\\/\\\/www.immobilienbusiness.ch\\\/#\\\/schema\\\/logo\\\/image\\\/\"},\"sameAs\":[\"https:\\\/\\\/www.facebook.com\\\/immobilienbusiness\\\/\"]},{\"@type\":\"Person\",\"@id\":\"https:\\\/\\\/www.immobilienbusiness.ch\\\/#\\\/schema\\\/person\\\/3fc036297b10b9f42d6db5ee932af8c8\",\"name\":\"anja.hall\",\"image\":{\"@type\":\"ImageObject\",\"inLanguage\":\"de\",\"@id\":\"https:\\\/\\\/secure.gravatar.com\\\/avatar\\\/066b5a0d447013502c71a5782f4f3469f03cfe595cc2329fb94652fe47511bfb?s=96&d=mm&r=g\",\"url\":\"https:\\\/\\\/secure.gravatar.com\\\/avatar\\\/066b5a0d447013502c71a5782f4f3469f03cfe595cc2329fb94652fe47511bfb?s=96&d=mm&r=g\",\"contentUrl\":\"https:\\\/\\\/secure.gravatar.com\\\/avatar\\\/066b5a0d447013502c71a5782f4f3469f03cfe595cc2329fb94652fe47511bfb?s=96&d=mm&r=g\",\"caption\":\"anja.hall\"},\"url\":\"https:\\\/\\\/www.immobilienbusiness.ch\\\/de\\\/author\\\/anja-hall\\\/\"}]}<\/script>\n<!-- \/ Yoast SEO plugin. -->","yoast_head_json":{"title":"Valora will Mieten reduzieren - IMMOBILIEN Business","description":"Die Kioskbetreiberin Valora hat w\u00e4hrend des Lockdowns erhebliche Umsatzeinbussen verzeichnet. Nun will sie \u00fcber Mietsenkungen verhandeln.","robots":{"index":"index","follow":"follow","max-snippet":"max-snippet:-1","max-image-preview":"max-image-preview:large","max-video-preview":"max-video-preview:-1"},"canonical":"https:\/\/www.immobilienbusiness.ch\/de\/retail\/2020-07-27\/valora-will-mieten-reduzieren\/","og_locale":"de_DE","og_type":"article","og_title":"Valora will Mieten reduzieren - IMMOBILIEN Business","og_description":"Die Kioskbetreiberin Valora hat w\u00e4hrend des Lockdowns erhebliche Umsatzeinbussen verzeichnet. Nun will sie \u00fcber Mietsenkungen verhandeln.","og_url":"https:\/\/www.immobilienbusiness.ch\/de\/retail\/2020-07-27\/valora-will-mieten-reduzieren\/","og_site_name":"IMMOBILIEN Business","article_publisher":"https:\/\/www.facebook.com\/immobilienbusiness\/","article_published_time":"2020-07-27T06:07:51+00:00","og_image":[{"width":820,"height":546,"url":"https:\/\/www.immobilienbusiness.ch\/wp-content\/uploads\/2017\/07\/Valora-Group_avec_small.jpg","type":"image\/jpeg"}],"author":"anja.hall","twitter_card":"summary_large_image","twitter_image":"https:\/\/www.immobilienbusiness.ch\/wp-content\/uploads\/2017\/07\/Valora-Group_avec_small.jpg","schema":{"@context":"https:\/\/schema.org","@graph":[{"@type":"Article","@id":"https:\/\/www.immobilienbusiness.ch\/en\/retail\/2020-07-27\/valora-will-mieten-reduzieren\/#article","isPartOf":{"@id":"https:\/\/www.immobilienbusiness.ch\/en\/retail\/2020-07-27\/valora-will-mieten-reduzieren\/"},"author":{"name":"anja.hall","@id":"https:\/\/www.immobilienbusiness.ch\/#\/schema\/person\/3fc036297b10b9f42d6db5ee932af8c8"},"headline":"Valora will Mieten reduzieren","datePublished":"2020-07-27T06:07:51+00:00","mainEntityOfPage":{"@id":"https:\/\/www.immobilienbusiness.ch\/en\/retail\/2020-07-27\/valora-will-mieten-reduzieren\/"},"wordCount":242,"publisher":{"@id":"https:\/\/www.immobilienbusiness.ch\/#organization"},"image":{"@id":"https:\/\/www.immobilienbusiness.ch\/en\/retail\/2020-07-27\/valora-will-mieten-reduzieren\/#primaryimage"},"thumbnailUrl":"https:\/\/www.immobilienbusiness.ch\/wp-content\/uploads\/2017\/07\/Valora-Group_avec_small.jpg","keywords":["Bahnhof","Flughafen","Miete","Retailfl\u00e4chen","Valora Group"],"articleSection":["RETAIL"],"inLanguage":"de"},{"@type":"WebPage","@id":"https:\/\/www.immobilienbusiness.ch\/en\/retail\/2020-07-27\/valora-will-mieten-reduzieren\/","url":"https:\/\/www.immobilienbusiness.ch\/en\/retail\/2020-07-27\/valora-will-mieten-reduzieren\/","name":"Valora will Mieten reduzieren - IMMOBILIEN Business","isPartOf":{"@id":"https:\/\/www.immobilienbusiness.ch\/#website"},"primaryImageOfPage":{"@id":"https:\/\/www.immobilienbusiness.ch\/en\/retail\/2020-07-27\/valora-will-mieten-reduzieren\/#primaryimage"},"image":{"@id":"https:\/\/www.immobilienbusiness.ch\/en\/retail\/2020-07-27\/valora-will-mieten-reduzieren\/#primaryimage"},"thumbnailUrl":"https:\/\/www.immobilienbusiness.ch\/wp-content\/uploads\/2017\/07\/Valora-Group_avec_small.jpg","datePublished":"2020-07-27T06:07:51+00:00","description":"Die Kioskbetreiberin Valora hat w\u00e4hrend des Lockdowns erhebliche Umsatzeinbussen verzeichnet. Nun will sie \u00fcber Mietsenkungen verhandeln.","breadcrumb":{"@id":"https:\/\/www.immobilienbusiness.ch\/en\/retail\/2020-07-27\/valora-will-mieten-reduzieren\/#breadcrumb"},"inLanguage":"de","potentialAction":[{"@type":"ReadAction","target":["https:\/\/www.immobilienbusiness.ch\/en\/retail\/2020-07-27\/valora-will-mieten-reduzieren\/"]}]},{"@type":"ImageObject","inLanguage":"de","@id":"https:\/\/www.immobilienbusiness.ch\/en\/retail\/2020-07-27\/valora-will-mieten-reduzieren\/#primaryimage","url":"https:\/\/www.immobilienbusiness.ch\/wp-content\/uploads\/2017\/07\/Valora-Group_avec_small.jpg","contentUrl":"https:\/\/www.immobilienbusiness.ch\/wp-content\/uploads\/2017\/07\/Valora-Group_avec_small.jpg","width":820,"height":546,"caption":"Der Schweizer Konzern will vor allem mit seinem Avec-Filialkonzept in Deutschland weiter expandieren (Foto: Valora Group)"},{"@type":"BreadcrumbList","@id":"https:\/\/www.immobilienbusiness.ch\/en\/retail\/2020-07-27\/valora-will-mieten-reduzieren\/#breadcrumb","itemListElement":[{"@type":"ListItem","position":1,"name":"Home","item":"https:\/\/www.immobilienbusiness.ch\/"},{"@type":"ListItem","position":2,"name":"Valora will Mieten reduzieren"}]},{"@type":"WebSite","@id":"https:\/\/www.immobilienbusiness.ch\/#website","url":"https:\/\/www.immobilienbusiness.ch\/","name":"IMMOBILIEN Business","description":"Unabh\u00e4ngiges Schweizer Wirtschaftsmagazin mit Fokus auf Immobilien, Architektur- und Bau sowie Investment- und Finanzierung.","publisher":{"@id":"https:\/\/www.immobilienbusiness.ch\/#organization"},"potentialAction":[{"@type":"SearchAction","target":{"@type":"EntryPoint","urlTemplate":"https:\/\/www.immobilienbusiness.ch\/?s={search_term_string}"},"query-input":{"@type":"PropertyValueSpecification","valueRequired":true,"valueName":"search_term_string"}}],"inLanguage":"de"},{"@type":"Organization","@id":"https:\/\/www.immobilienbusiness.ch\/#organization","name":"IMMOBILIEN Business","url":"https:\/\/www.immobilienbusiness.ch\/","logo":{"@type":"ImageObject","inLanguage":"de","@id":"https:\/\/www.immobilienbusiness.ch\/#\/schema\/logo\/image\/","url":"https:\/\/www.immobilienbusiness.ch\/wp-content\/uploads\/2021\/07\/logo_ib.png","contentUrl":"https:\/\/www.immobilienbusiness.ch\/wp-content\/uploads\/2021\/07\/logo_ib.png","width":800,"height":181,"caption":"IMMOBILIEN Business"},"image":{"@id":"https:\/\/www.immobilienbusiness.ch\/#\/schema\/logo\/image\/"},"sameAs":["https:\/\/www.facebook.com\/immobilienbusiness\/"]},{"@type":"Person","@id":"https:\/\/www.immobilienbusiness.ch\/#\/schema\/person\/3fc036297b10b9f42d6db5ee932af8c8","name":"anja.hall","image":{"@type":"ImageObject","inLanguage":"de","@id":"https:\/\/secure.gravatar.com\/avatar\/066b5a0d447013502c71a5782f4f3469f03cfe595cc2329fb94652fe47511bfb?s=96&d=mm&r=g","url":"https:\/\/secure.gravatar.com\/avatar\/066b5a0d447013502c71a5782f4f3469f03cfe595cc2329fb94652fe47511bfb?s=96&d=mm&r=g","contentUrl":"https:\/\/secure.gravatar.com\/avatar\/066b5a0d447013502c71a5782f4f3469f03cfe595cc2329fb94652fe47511bfb?s=96&d=mm&r=g","caption":"anja.hall"},"url":"https:\/\/www.immobilienbusiness.ch\/de\/author\/anja-hall\/"}]}},"_links":{"self":[{"href":"https:\/\/www.immobilienbusiness.ch\/de\/wp-json\/wp\/v2\/posts\/21955","targetHints":{"allow":["GET"]}}],"collection":[{"href":"https:\/\/www.immobilienbusiness.ch\/de\/wp-json\/wp\/v2\/posts"}],"about":[{"href":"https:\/\/www.immobilienbusiness.ch\/de\/wp-json\/wp\/v2\/types\/post"}],"author":[{"embeddable":true,"href":"https:\/\/www.immobilienbusiness.ch\/de\/wp-json\/wp\/v2\/users\/3"}],"replies":[{"embeddable":true,"href":"https:\/\/www.immobilienbusiness.ch\/de\/wp-json\/wp\/v2\/comments?post=21955"}],"version-history":[{"count":0,"href":"https:\/\/www.immobilienbusiness.ch\/de\/wp-json\/wp\/v2\/posts\/21955\/revisions"}],"wp:featuredmedia":[{"embeddable":true,"href":"https:\/\/www.immobilienbusiness.ch\/de\/wp-json\/wp\/v2\/media\/8520"}],"wp:attachment":[{"href":"https:\/\/www.immobilienbusiness.ch\/de\/wp-json\/wp\/v2\/media?parent=21955"}],"wp:term":[{"taxonomy":"category","embeddable":true,"href":"https:\/\/www.immobilienbusiness.ch\/de\/wp-json\/wp\/v2\/categories?post=21955"},{"taxonomy":"post_tag","embeddable":true,"href":"https:\/\/www.immobilienbusiness.ch\/de\/wp-json\/wp\/v2\/tags?post=21955"}],"curies":[{"name":"wp","href":"https:\/\/api.w.org\/{rel}","templated":true}]}}