{"id":21725,"date":"2020-07-02T09:25:44","date_gmt":"2020-07-02T07:25:44","guid":{"rendered":"https:\/\/www.immobilienbusiness.ch\/?p=21725"},"modified":"2020-07-02T09:25:44","modified_gmt":"2020-07-02T07:25:44","slug":"projektwettbewerb-fuer-lukb-projekt-in-emmen-ist-entschieden","status":"publish","type":"post","link":"https:\/\/www.immobilienbusiness.ch\/de\/regionen\/2020-07-02\/projektwettbewerb-fuer-lukb-projekt-in-emmen-ist-entschieden\/","title":{"rendered":"Wettbewerb f\u00fcr LUKB-Projekt in Emmen ist entschieden"},"content":{"rendered":"<figure id=\"attachment_21727\" aria-describedby=\"caption-attachment-21727\" style=\"width: 680px\" class=\"wp-caption alignnone\"><img loading=\"lazy\" decoding=\"async\" class=\"wp-image-21727 size-medium\" src=\"https:\/\/www.immobilienbusiness.ch\/wp-content\/uploads\/2020\/07\/a_wb_20030611091941_METROPOOL_03_A3-1.png\" alt=\"\" width=\"680\" height=\"453\" srcset=\"https:\/\/www.immobilienbusiness.ch\/wp-content\/uploads\/2020\/07\/a_wb_20030611091941_METROPOOL_03_A3-1.png 4766w, https:\/\/www.immobilienbusiness.ch\/wp-content\/uploads\/2020\/07\/a_wb_20030611091941_METROPOOL_03_A3-1-300x200.png 300w, https:\/\/www.immobilienbusiness.ch\/wp-content\/uploads\/2020\/07\/a_wb_20030611091941_METROPOOL_03_A3-1-1024x683.png 1024w, https:\/\/www.immobilienbusiness.ch\/wp-content\/uploads\/2020\/07\/a_wb_20030611091941_METROPOOL_03_A3-1-768x512.png 768w, https:\/\/www.immobilienbusiness.ch\/wp-content\/uploads\/2020\/07\/a_wb_20030611091941_METROPOOL_03_A3-1-1536x1024.png 1536w, https:\/\/www.immobilienbusiness.ch\/wp-content\/uploads\/2020\/07\/a_wb_20030611091941_METROPOOL_03_A3-1-2048x1365.png 2048w, https:\/\/www.immobilienbusiness.ch\/wp-content\/uploads\/2020\/07\/a_wb_20030611091941_METROPOOL_03_A3-1-16x12.png 16w, https:\/\/www.immobilienbusiness.ch\/wp-content\/uploads\/2020\/07\/a_wb_20030611091941_METROPOOL_03_A3-1-263x175.png 263w, https:\/\/www.immobilienbusiness.ch\/wp-content\/uploads\/2020\/07\/a_wb_20030611091941_METROPOOL_03_A3-1-525x350.png 525w, https:\/\/www.immobilienbusiness.ch\/wp-content\/uploads\/2020\/07\/a_wb_20030611091941_METROPOOL_03_A3-1-1200x800.png 1200w, https:\/\/www.immobilienbusiness.ch\/wp-content\/uploads\/2020\/07\/a_wb_20030611091941_METROPOOL_03_A3-1-920x613.png 920w, https:\/\/www.immobilienbusiness.ch\/wp-content\/uploads\/2020\/07\/a_wb_20030611091941_METROPOOL_03_A3-1-1400x933.png 1400w\" sizes=\"auto, (max-width: 680px) 100vw, 680px\" \/><figcaption id=\"caption-attachment-21727\" class=\"wp-caption-text\">Die \u00dcberbauung Metropol am Seetalplatz in Emmen (Visualisierung: Scheitlin Syfrig Architekten, Quelle: Losinger Marazzi\/LUKB)<\/figcaption><\/figure>\n<p>Der Seetalplatz in Emmen, fr\u00fcher ein Verkehrsknotenpunkt, soll zu einem urbanen Ort mit B\u00fcro, Gewerbe, Dienstleistungen und Wohnm\u00f6glichkeiten werden. Die Grundst\u00fccke an der Nordostseite des Platzes, die bebaut werden sollen, stehen im Eigentum der LUKB, der Gemeinde Emmen, Privaten und dem Kanton Luzern.<\/p>\n<p>Das Baufeld A2, f\u00fcr das nun der Projektwettbewerb durchgef\u00fchrt wurde, umfasst gem\u00e4ss Bebauungsplan eine Geschossfl\u00e4che von rund 26.000 qm. Davon sind laut einer gemeinsamen Mitteilung von Losinger Marazzi und LUKB im Erdgeschoss rund 1.000 qm f\u00fcr Verkauf und Gewerbe sowie 19.000 qm f\u00fcr B\u00fcro und Dienstleistungen vorgesehen. Die LUKB will ihre Gesch\u00e4ftsstelle Emmenbr\u00fccke vom heutigen Standort an der Gerliswilstrasse 4 in den Kopfbau der \u00dcberbauung an der Ecke Seetalstrasse\/Gerliswilstrasse verlegen.<\/p>\n<p>Bis im Herbst soll das Projekt nun weiterentwickelt werden, parallel will man die Voraussetzungen f\u00fcr die Umsetzung schaffen. Im zweiten Semester 2021 soll das Baugesuch eingereicht werden.<\/p>\n<p>In unmittelbarer Nachbarschaft zur geplanten \u00dcberbauung von LUKB befinden sich das Projekt 4Viertel\u00a0 der Credit Suisse, das Baufeld A1 f\u00fcr die neue Kantonale Verwaltung des Kantons Luzern (ZVSE) sowie die Baufelder B1 bis B3 mit Wohnungen sowie B\u00fcro-, Gewerbe- und Dienstleistungsr\u00e4umlichkeiten. Das Areal ist mit einem Bushof vor dem Geb\u00e4ude und dem Bahnhof mit S-Bahn-Station in n\u00e4chster N\u00e4he sehr gut an den \u00f6ffentlichen Verkehr angeschlossen. <em>(ah)<\/em><\/p>\n","protected":false},"excerpt":{"rendered":"<p>Auf dem Baufeld A2 des Seetalplatzes in Emmen (LU) wollen die Luzerner Kantonalbank LUKB und Losinger Marazzi eine \u00dcberbauung realisieren. Umgesetzt werden soll das Projekt Metropol von Scheitlin Syfrig Architekten.<\/p>\n","protected":false},"author":3,"featured_media":21727,"comment_status":"closed","ping_status":"open","sticky":false,"template":"","format":"standard","meta":{"_acf_changed":false,"_yoast_wpseo_focuskw":"LUKB","_yoast_wpseo_title":"","_yoast_wpseo_metadesc":"Auf dem Baufeld A2 des Seetalplatzes in Emmen (LU) wollen die Luzerner Kantonalbank LUKB und Losinger Marazzi eine \u00dcberbauung realisieren.","_yoast_wpseo_linkdex":55,"pgc_sgb_lightbox_settings":"","footnotes":""},"categories":[985],"tags":[1119,1459,1600],"class_list":["post-21725","post","type-post","status-publish","format-standard","has-post-thumbnail","hentry","category-regionen","tag-bueroimmobilien","tag-luzern","tag-projekt-in-planung"],"acf":[],"yoast_head":"<!-- This site is optimized with the Yoast SEO plugin v27.5 - https:\/\/yoast.com\/product\/yoast-seo-wordpress\/ -->\n<title>Wettbewerb f\u00fcr LUKB-Projekt in Emmen ist entschieden - IMMOBILIEN Business<\/title>\n<meta name=\"description\" content=\"Auf dem Baufeld A2 des Seetalplatzes in Emmen (LU) wollen die Luzerner Kantonalbank LUKB und Losinger Marazzi eine \u00dcberbauung realisieren.\" \/>\n<meta name=\"robots\" content=\"index, follow, max-snippet:-1, max-image-preview:large, max-video-preview:-1\" \/>\n<link rel=\"canonical\" href=\"https:\/\/www.immobilienbusiness.ch\/de\/regionen\/2020-07-02\/projektwettbewerb-fuer-lukb-projekt-in-emmen-ist-entschieden\/\" \/>\n<meta property=\"og:locale\" content=\"de_DE\" \/>\n<meta property=\"og:type\" content=\"article\" \/>\n<meta property=\"og:title\" content=\"Wettbewerb f\u00fcr LUKB-Projekt in Emmen ist entschieden - IMMOBILIEN Business\" \/>\n<meta property=\"og:description\" content=\"Auf dem Baufeld A2 des Seetalplatzes in Emmen (LU) wollen die Luzerner Kantonalbank LUKB und Losinger Marazzi eine \u00dcberbauung realisieren.\" \/>\n<meta property=\"og:url\" content=\"https:\/\/www.immobilienbusiness.ch\/de\/regionen\/2020-07-02\/projektwettbewerb-fuer-lukb-projekt-in-emmen-ist-entschieden\/\" \/>\n<meta property=\"og:site_name\" content=\"IMMOBILIEN Business\" \/>\n<meta property=\"article:publisher\" content=\"https:\/\/www.facebook.com\/immobilienbusiness\/\" \/>\n<meta property=\"article:published_time\" content=\"2020-07-02T07:25:44+00:00\" \/>\n<meta property=\"og:image\" content=\"https:\/\/www.immobilienbusiness.ch\/wp-content\/uploads\/2020\/07\/a_wb_20030611091941_METROPOOL_03_A3-1-1024x683.png\" \/>\n\t<meta property=\"og:image:width\" content=\"1024\" \/>\n\t<meta property=\"og:image:height\" content=\"683\" \/>\n\t<meta property=\"og:image:type\" content=\"image\/png\" \/>\n<meta name=\"author\" content=\"anja.hall\" \/>\n<meta name=\"twitter:card\" content=\"summary_large_image\" \/>\n<meta name=\"twitter:image\" content=\"https:\/\/www.immobilienbusiness.ch\/wp-content\/uploads\/2020\/07\/a_wb_20030611091941_METROPOOL_03_A3-1.png\" \/>\n<script type=\"application\/ld+json\" class=\"yoast-schema-graph\">{\"@context\":\"https:\\\/\\\/schema.org\",\"@graph\":[{\"@type\":\"Article\",\"@id\":\"https:\\\/\\\/www.immobilienbusiness.ch\\\/it\\\/regionen\\\/2020-07-02\\\/projektwettbewerb-fuer-lukb-projekt-in-emmen-ist-entschieden\\\/#article\",\"isPartOf\":{\"@id\":\"https:\\\/\\\/www.immobilienbusiness.ch\\\/it\\\/regionen\\\/2020-07-02\\\/projektwettbewerb-fuer-lukb-projekt-in-emmen-ist-entschieden\\\/\"},\"author\":{\"name\":\"anja.hall\",\"@id\":\"https:\\\/\\\/www.immobilienbusiness.ch\\\/#\\\/schema\\\/person\\\/3fc036297b10b9f42d6db5ee932af8c8\"},\"headline\":\"Wettbewerb f\u00fcr LUKB-Projekt in Emmen ist entschieden\",\"datePublished\":\"2020-07-02T07:25:44+00:00\",\"mainEntityOfPage\":{\"@id\":\"https:\\\/\\\/www.immobilienbusiness.ch\\\/it\\\/regionen\\\/2020-07-02\\\/projektwettbewerb-fuer-lukb-projekt-in-emmen-ist-entschieden\\\/\"},\"wordCount\":252,\"publisher\":{\"@id\":\"https:\\\/\\\/www.immobilienbusiness.ch\\\/#organization\"},\"image\":{\"@id\":\"https:\\\/\\\/www.immobilienbusiness.ch\\\/it\\\/regionen\\\/2020-07-02\\\/projektwettbewerb-fuer-lukb-projekt-in-emmen-ist-entschieden\\\/#primaryimage\"},\"thumbnailUrl\":\"https:\\\/\\\/www.immobilienbusiness.ch\\\/wp-content\\\/uploads\\\/2020\\\/07\\\/a_wb_20030611091941_METROPOOL_03_A3-1.png\",\"keywords\":[\"B\u00fcroimmobilien\",\"Luzern\",\"Projekt in Planung\"],\"articleSection\":[\"REGIONEN\"],\"inLanguage\":\"de\"},{\"@type\":\"WebPage\",\"@id\":\"https:\\\/\\\/www.immobilienbusiness.ch\\\/it\\\/regionen\\\/2020-07-02\\\/projektwettbewerb-fuer-lukb-projekt-in-emmen-ist-entschieden\\\/\",\"url\":\"https:\\\/\\\/www.immobilienbusiness.ch\\\/it\\\/regionen\\\/2020-07-02\\\/projektwettbewerb-fuer-lukb-projekt-in-emmen-ist-entschieden\\\/\",\"name\":\"Wettbewerb f\u00fcr LUKB-Projekt in Emmen ist entschieden - IMMOBILIEN Business\",\"isPartOf\":{\"@id\":\"https:\\\/\\\/www.immobilienbusiness.ch\\\/#website\"},\"primaryImageOfPage\":{\"@id\":\"https:\\\/\\\/www.immobilienbusiness.ch\\\/it\\\/regionen\\\/2020-07-02\\\/projektwettbewerb-fuer-lukb-projekt-in-emmen-ist-entschieden\\\/#primaryimage\"},\"image\":{\"@id\":\"https:\\\/\\\/www.immobilienbusiness.ch\\\/it\\\/regionen\\\/2020-07-02\\\/projektwettbewerb-fuer-lukb-projekt-in-emmen-ist-entschieden\\\/#primaryimage\"},\"thumbnailUrl\":\"https:\\\/\\\/www.immobilienbusiness.ch\\\/wp-content\\\/uploads\\\/2020\\\/07\\\/a_wb_20030611091941_METROPOOL_03_A3-1.png\",\"datePublished\":\"2020-07-02T07:25:44+00:00\",\"description\":\"Auf dem Baufeld A2 des Seetalplatzes in Emmen (LU) wollen die Luzerner Kantonalbank LUKB und Losinger Marazzi eine \u00dcberbauung realisieren.\",\"breadcrumb\":{\"@id\":\"https:\\\/\\\/www.immobilienbusiness.ch\\\/it\\\/regionen\\\/2020-07-02\\\/projektwettbewerb-fuer-lukb-projekt-in-emmen-ist-entschieden\\\/#breadcrumb\"},\"inLanguage\":\"de\",\"potentialAction\":[{\"@type\":\"ReadAction\",\"target\":[\"https:\\\/\\\/www.immobilienbusiness.ch\\\/it\\\/regionen\\\/2020-07-02\\\/projektwettbewerb-fuer-lukb-projekt-in-emmen-ist-entschieden\\\/\"]}]},{\"@type\":\"ImageObject\",\"inLanguage\":\"de\",\"@id\":\"https:\\\/\\\/www.immobilienbusiness.ch\\\/it\\\/regionen\\\/2020-07-02\\\/projektwettbewerb-fuer-lukb-projekt-in-emmen-ist-entschieden\\\/#primaryimage\",\"url\":\"https:\\\/\\\/www.immobilienbusiness.ch\\\/wp-content\\\/uploads\\\/2020\\\/07\\\/a_wb_20030611091941_METROPOOL_03_A3-1.png\",\"contentUrl\":\"https:\\\/\\\/www.immobilienbusiness.ch\\\/wp-content\\\/uploads\\\/2020\\\/07\\\/a_wb_20030611091941_METROPOOL_03_A3-1.png\",\"width\":4766,\"height\":3177,\"caption\":\"Die \u00dcberbauung Metropol am Seetalplatz in Emmen (Visualisierung: Losinger Marazzi\\\/LUKB)\"},{\"@type\":\"BreadcrumbList\",\"@id\":\"https:\\\/\\\/www.immobilienbusiness.ch\\\/it\\\/regionen\\\/2020-07-02\\\/projektwettbewerb-fuer-lukb-projekt-in-emmen-ist-entschieden\\\/#breadcrumb\",\"itemListElement\":[{\"@type\":\"ListItem\",\"position\":1,\"name\":\"Home\",\"item\":\"https:\\\/\\\/www.immobilienbusiness.ch\\\/\"},{\"@type\":\"ListItem\",\"position\":2,\"name\":\"Wettbewerb f\u00fcr LUKB-Projekt in Emmen ist entschieden\"}]},{\"@type\":\"WebSite\",\"@id\":\"https:\\\/\\\/www.immobilienbusiness.ch\\\/#website\",\"url\":\"https:\\\/\\\/www.immobilienbusiness.ch\\\/\",\"name\":\"IMMOBILIEN Business\",\"description\":\"Unabh\u00e4ngiges Schweizer Wirtschaftsmagazin mit Fokus auf Immobilien, Architektur- und Bau sowie Investment- und Finanzierung.\",\"publisher\":{\"@id\":\"https:\\\/\\\/www.immobilienbusiness.ch\\\/#organization\"},\"potentialAction\":[{\"@type\":\"SearchAction\",\"target\":{\"@type\":\"EntryPoint\",\"urlTemplate\":\"https:\\\/\\\/www.immobilienbusiness.ch\\\/?s={search_term_string}\"},\"query-input\":{\"@type\":\"PropertyValueSpecification\",\"valueRequired\":true,\"valueName\":\"search_term_string\"}}],\"inLanguage\":\"de\"},{\"@type\":\"Organization\",\"@id\":\"https:\\\/\\\/www.immobilienbusiness.ch\\\/#organization\",\"name\":\"IMMOBILIEN Business\",\"url\":\"https:\\\/\\\/www.immobilienbusiness.ch\\\/\",\"logo\":{\"@type\":\"ImageObject\",\"inLanguage\":\"de\",\"@id\":\"https:\\\/\\\/www.immobilienbusiness.ch\\\/#\\\/schema\\\/logo\\\/image\\\/\",\"url\":\"https:\\\/\\\/www.immobilienbusiness.ch\\\/wp-content\\\/uploads\\\/2021\\\/07\\\/logo_ib.png\",\"contentUrl\":\"https:\\\/\\\/www.immobilienbusiness.ch\\\/wp-content\\\/uploads\\\/2021\\\/07\\\/logo_ib.png\",\"width\":800,\"height\":181,\"caption\":\"IMMOBILIEN Business\"},\"image\":{\"@id\":\"https:\\\/\\\/www.immobilienbusiness.ch\\\/#\\\/schema\\\/logo\\\/image\\\/\"},\"sameAs\":[\"https:\\\/\\\/www.facebook.com\\\/immobilienbusiness\\\/\"]},{\"@type\":\"Person\",\"@id\":\"https:\\\/\\\/www.immobilienbusiness.ch\\\/#\\\/schema\\\/person\\\/3fc036297b10b9f42d6db5ee932af8c8\",\"name\":\"anja.hall\",\"image\":{\"@type\":\"ImageObject\",\"inLanguage\":\"de\",\"@id\":\"https:\\\/\\\/secure.gravatar.com\\\/avatar\\\/066b5a0d447013502c71a5782f4f3469f03cfe595cc2329fb94652fe47511bfb?s=96&d=mm&r=g\",\"url\":\"https:\\\/\\\/secure.gravatar.com\\\/avatar\\\/066b5a0d447013502c71a5782f4f3469f03cfe595cc2329fb94652fe47511bfb?s=96&d=mm&r=g\",\"contentUrl\":\"https:\\\/\\\/secure.gravatar.com\\\/avatar\\\/066b5a0d447013502c71a5782f4f3469f03cfe595cc2329fb94652fe47511bfb?s=96&d=mm&r=g\",\"caption\":\"anja.hall\"},\"url\":\"https:\\\/\\\/www.immobilienbusiness.ch\\\/de\\\/author\\\/anja-hall\\\/\"}]}<\/script>\n<!-- \/ Yoast SEO plugin. -->","yoast_head_json":{"title":"Wettbewerb f\u00fcr LUKB-Projekt in Emmen ist entschieden - IMMOBILIEN Business","description":"Auf dem Baufeld A2 des Seetalplatzes in Emmen (LU) wollen die Luzerner Kantonalbank LUKB und Losinger Marazzi eine \u00dcberbauung realisieren.","robots":{"index":"index","follow":"follow","max-snippet":"max-snippet:-1","max-image-preview":"max-image-preview:large","max-video-preview":"max-video-preview:-1"},"canonical":"https:\/\/www.immobilienbusiness.ch\/de\/regionen\/2020-07-02\/projektwettbewerb-fuer-lukb-projekt-in-emmen-ist-entschieden\/","og_locale":"de_DE","og_type":"article","og_title":"Wettbewerb f\u00fcr LUKB-Projekt in Emmen ist entschieden - IMMOBILIEN Business","og_description":"Auf dem Baufeld A2 des Seetalplatzes in Emmen (LU) wollen die Luzerner Kantonalbank LUKB und Losinger Marazzi eine \u00dcberbauung realisieren.","og_url":"https:\/\/www.immobilienbusiness.ch\/de\/regionen\/2020-07-02\/projektwettbewerb-fuer-lukb-projekt-in-emmen-ist-entschieden\/","og_site_name":"IMMOBILIEN Business","article_publisher":"https:\/\/www.facebook.com\/immobilienbusiness\/","article_published_time":"2020-07-02T07:25:44+00:00","og_image":[{"width":1024,"height":683,"url":"https:\/\/www.immobilienbusiness.ch\/wp-content\/uploads\/2020\/07\/a_wb_20030611091941_METROPOOL_03_A3-1-1024x683.png","type":"image\/png"}],"author":"anja.hall","twitter_card":"summary_large_image","twitter_image":"https:\/\/www.immobilienbusiness.ch\/wp-content\/uploads\/2020\/07\/a_wb_20030611091941_METROPOOL_03_A3-1.png","schema":{"@context":"https:\/\/schema.org","@graph":[{"@type":"Article","@id":"https:\/\/www.immobilienbusiness.ch\/it\/regionen\/2020-07-02\/projektwettbewerb-fuer-lukb-projekt-in-emmen-ist-entschieden\/#article","isPartOf":{"@id":"https:\/\/www.immobilienbusiness.ch\/it\/regionen\/2020-07-02\/projektwettbewerb-fuer-lukb-projekt-in-emmen-ist-entschieden\/"},"author":{"name":"anja.hall","@id":"https:\/\/www.immobilienbusiness.ch\/#\/schema\/person\/3fc036297b10b9f42d6db5ee932af8c8"},"headline":"Wettbewerb f\u00fcr LUKB-Projekt in Emmen ist entschieden","datePublished":"2020-07-02T07:25:44+00:00","mainEntityOfPage":{"@id":"https:\/\/www.immobilienbusiness.ch\/it\/regionen\/2020-07-02\/projektwettbewerb-fuer-lukb-projekt-in-emmen-ist-entschieden\/"},"wordCount":252,"publisher":{"@id":"https:\/\/www.immobilienbusiness.ch\/#organization"},"image":{"@id":"https:\/\/www.immobilienbusiness.ch\/it\/regionen\/2020-07-02\/projektwettbewerb-fuer-lukb-projekt-in-emmen-ist-entschieden\/#primaryimage"},"thumbnailUrl":"https:\/\/www.immobilienbusiness.ch\/wp-content\/uploads\/2020\/07\/a_wb_20030611091941_METROPOOL_03_A3-1.png","keywords":["B\u00fcroimmobilien","Luzern","Projekt in Planung"],"articleSection":["REGIONEN"],"inLanguage":"de"},{"@type":"WebPage","@id":"https:\/\/www.immobilienbusiness.ch\/it\/regionen\/2020-07-02\/projektwettbewerb-fuer-lukb-projekt-in-emmen-ist-entschieden\/","url":"https:\/\/www.immobilienbusiness.ch\/it\/regionen\/2020-07-02\/projektwettbewerb-fuer-lukb-projekt-in-emmen-ist-entschieden\/","name":"Wettbewerb f\u00fcr LUKB-Projekt in Emmen ist entschieden - IMMOBILIEN Business","isPartOf":{"@id":"https:\/\/www.immobilienbusiness.ch\/#website"},"primaryImageOfPage":{"@id":"https:\/\/www.immobilienbusiness.ch\/it\/regionen\/2020-07-02\/projektwettbewerb-fuer-lukb-projekt-in-emmen-ist-entschieden\/#primaryimage"},"image":{"@id":"https:\/\/www.immobilienbusiness.ch\/it\/regionen\/2020-07-02\/projektwettbewerb-fuer-lukb-projekt-in-emmen-ist-entschieden\/#primaryimage"},"thumbnailUrl":"https:\/\/www.immobilienbusiness.ch\/wp-content\/uploads\/2020\/07\/a_wb_20030611091941_METROPOOL_03_A3-1.png","datePublished":"2020-07-02T07:25:44+00:00","description":"Auf dem Baufeld A2 des Seetalplatzes in Emmen (LU) wollen die Luzerner Kantonalbank LUKB und Losinger Marazzi eine \u00dcberbauung realisieren.","breadcrumb":{"@id":"https:\/\/www.immobilienbusiness.ch\/it\/regionen\/2020-07-02\/projektwettbewerb-fuer-lukb-projekt-in-emmen-ist-entschieden\/#breadcrumb"},"inLanguage":"de","potentialAction":[{"@type":"ReadAction","target":["https:\/\/www.immobilienbusiness.ch\/it\/regionen\/2020-07-02\/projektwettbewerb-fuer-lukb-projekt-in-emmen-ist-entschieden\/"]}]},{"@type":"ImageObject","inLanguage":"de","@id":"https:\/\/www.immobilienbusiness.ch\/it\/regionen\/2020-07-02\/projektwettbewerb-fuer-lukb-projekt-in-emmen-ist-entschieden\/#primaryimage","url":"https:\/\/www.immobilienbusiness.ch\/wp-content\/uploads\/2020\/07\/a_wb_20030611091941_METROPOOL_03_A3-1.png","contentUrl":"https:\/\/www.immobilienbusiness.ch\/wp-content\/uploads\/2020\/07\/a_wb_20030611091941_METROPOOL_03_A3-1.png","width":4766,"height":3177,"caption":"Die \u00dcberbauung Metropol am Seetalplatz in Emmen (Visualisierung: Losinger Marazzi\/LUKB)"},{"@type":"BreadcrumbList","@id":"https:\/\/www.immobilienbusiness.ch\/it\/regionen\/2020-07-02\/projektwettbewerb-fuer-lukb-projekt-in-emmen-ist-entschieden\/#breadcrumb","itemListElement":[{"@type":"ListItem","position":1,"name":"Home","item":"https:\/\/www.immobilienbusiness.ch\/"},{"@type":"ListItem","position":2,"name":"Wettbewerb f\u00fcr LUKB-Projekt in Emmen ist entschieden"}]},{"@type":"WebSite","@id":"https:\/\/www.immobilienbusiness.ch\/#website","url":"https:\/\/www.immobilienbusiness.ch\/","name":"IMMOBILIEN Business","description":"Unabh\u00e4ngiges Schweizer Wirtschaftsmagazin mit Fokus auf Immobilien, Architektur- und Bau sowie Investment- und Finanzierung.","publisher":{"@id":"https:\/\/www.immobilienbusiness.ch\/#organization"},"potentialAction":[{"@type":"SearchAction","target":{"@type":"EntryPoint","urlTemplate":"https:\/\/www.immobilienbusiness.ch\/?s={search_term_string}"},"query-input":{"@type":"PropertyValueSpecification","valueRequired":true,"valueName":"search_term_string"}}],"inLanguage":"de"},{"@type":"Organization","@id":"https:\/\/www.immobilienbusiness.ch\/#organization","name":"IMMOBILIEN Business","url":"https:\/\/www.immobilienbusiness.ch\/","logo":{"@type":"ImageObject","inLanguage":"de","@id":"https:\/\/www.immobilienbusiness.ch\/#\/schema\/logo\/image\/","url":"https:\/\/www.immobilienbusiness.ch\/wp-content\/uploads\/2021\/07\/logo_ib.png","contentUrl":"https:\/\/www.immobilienbusiness.ch\/wp-content\/uploads\/2021\/07\/logo_ib.png","width":800,"height":181,"caption":"IMMOBILIEN Business"},"image":{"@id":"https:\/\/www.immobilienbusiness.ch\/#\/schema\/logo\/image\/"},"sameAs":["https:\/\/www.facebook.com\/immobilienbusiness\/"]},{"@type":"Person","@id":"https:\/\/www.immobilienbusiness.ch\/#\/schema\/person\/3fc036297b10b9f42d6db5ee932af8c8","name":"anja.hall","image":{"@type":"ImageObject","inLanguage":"de","@id":"https:\/\/secure.gravatar.com\/avatar\/066b5a0d447013502c71a5782f4f3469f03cfe595cc2329fb94652fe47511bfb?s=96&d=mm&r=g","url":"https:\/\/secure.gravatar.com\/avatar\/066b5a0d447013502c71a5782f4f3469f03cfe595cc2329fb94652fe47511bfb?s=96&d=mm&r=g","contentUrl":"https:\/\/secure.gravatar.com\/avatar\/066b5a0d447013502c71a5782f4f3469f03cfe595cc2329fb94652fe47511bfb?s=96&d=mm&r=g","caption":"anja.hall"},"url":"https:\/\/www.immobilienbusiness.ch\/de\/author\/anja-hall\/"}]}},"_links":{"self":[{"href":"https:\/\/www.immobilienbusiness.ch\/de\/wp-json\/wp\/v2\/posts\/21725","targetHints":{"allow":["GET"]}}],"collection":[{"href":"https:\/\/www.immobilienbusiness.ch\/de\/wp-json\/wp\/v2\/posts"}],"about":[{"href":"https:\/\/www.immobilienbusiness.ch\/de\/wp-json\/wp\/v2\/types\/post"}],"author":[{"embeddable":true,"href":"https:\/\/www.immobilienbusiness.ch\/de\/wp-json\/wp\/v2\/users\/3"}],"replies":[{"embeddable":true,"href":"https:\/\/www.immobilienbusiness.ch\/de\/wp-json\/wp\/v2\/comments?post=21725"}],"version-history":[{"count":0,"href":"https:\/\/www.immobilienbusiness.ch\/de\/wp-json\/wp\/v2\/posts\/21725\/revisions"}],"wp:featuredmedia":[{"embeddable":true,"href":"https:\/\/www.immobilienbusiness.ch\/de\/wp-json\/wp\/v2\/media\/21727"}],"wp:attachment":[{"href":"https:\/\/www.immobilienbusiness.ch\/de\/wp-json\/wp\/v2\/media?parent=21725"}],"wp:term":[{"taxonomy":"category","embeddable":true,"href":"https:\/\/www.immobilienbusiness.ch\/de\/wp-json\/wp\/v2\/categories?post=21725"},{"taxonomy":"post_tag","embeddable":true,"href":"https:\/\/www.immobilienbusiness.ch\/de\/wp-json\/wp\/v2\/tags?post=21725"}],"curies":[{"name":"wp","href":"https:\/\/api.w.org\/{rel}","templated":true}]}}